{"id":214728,"date":"2024-06-12T11:56:00","date_gmt":"2024-06-12T11:56:00","guid":{"rendered":"https:\/\/www.webdo.tn\/fr\/blog\/tunisie-abir-moussi-comparait-devant-la-cour-d-appel\/214728\/"},"modified":"2025-05-20T22:36:21","modified_gmt":"2025-05-20T22:36:21","slug":"tunisie-abir-moussi-comparait-devant-la-cour-d-appel","status":"publish","type":"post","link":"https:\/\/www.webdo.tn\/fr\/actualite\/national\/tunisie-abir-moussi-comparait-devant-la-cour-d-appel\/214728\/","title":{"rendered":"Tunisie : Abir Moussi, compara\u00eet devant la Cour d\u2019appel"},"content":{"rendered":"<p>Abir Moussi compara\u00eet ce mercredi 12 juin 2024 devant la Cour d\u2019appel qui doit prononcer son jugement en appel, suite \u00e0 sa condamnation \u00e0 une amende de 5000 dinars dans une affaire de violation de la p\u00e9riode de silence \u00e9lectoral lors des \u00e9lections pr\u00e9sidentielles de 2019.<\/p>\n<p>\t\t\t\t\t\t\t\t\tAbir Moussi, pr\u00e9sidente du Parti Destourien Libre, compara\u00eet aujourd\u2019hui, devant la Cour d\u2019appel qui doit prononcer son jugement en appel, suite \u00e0 sa condamnation \u00e0 une amende de 5000 dinars dans une affaire de violation de la p\u00e9riode de silence \u00e9lectoral lors des \u00e9lections pr\u00e9sidentielles de 2019.<\/p>\n<p>En d\u00e9tention depuis le 3 octobre 2023 et vis\u00e9e par plusieurs mandats de d\u00e9p\u00f4t, Abir Moussi, est poursuivie en justice sur fond de cinq affaires.<\/p>\n<p>Elle avait \u00e9t\u00e9 condamn\u00e9e, le 29 f\u00e9vrier 2024 par la Chambre p\u00e9nale du Tribunal de premi\u00e8re instance de Tunis \u00e0 une amende de 5000 dinars pour une affaire relative \u00e0 la violation de l&rsquo;interdiction de la publicit\u00e9 politique lors de l\u2019\u00e9lection pr\u00e9sidentielle de 2019. Une amende qui s\u2019inscrit dans le cadre du rapport \u00e9mis par la Cour des comptes concernant les d\u00e9lits et infractions \u00e9lectorales.<\/p>\n<p>Lundi dernier, les juges d\u2019instruction ont d\u00e9cid\u00e9 de maintenir Abir Moussi en libert\u00e9 dans deux affaires. La premi\u00e8re concerne une plainte d\u00e9pos\u00e9e par l\u2019Organisation de D\u00e9fense des Croyances et des Sacr\u00e9es et de Lutte contre l\u2019Extr\u00e9misme et le Terrorisme, tandis que la seconde concerne une infraction li\u00e9e au non-respect de l\u2019autorit\u00e9 comp\u00e9tente, conform\u00e9ment \u00e0 l\u2019article 315 du Code p\u00e9nal.<\/p>\n<p>Abir Moussi est \u00e9galement poursuivie dans l\u2019affaire li\u00e9e au Bureau d\u2019ordre relevant des services de la pr\u00e9sidence de la R\u00e9publique encore en instance en cassation, et celle en relation avec une plainte port\u00e9e par l\u2019instance \u00e9lectorale (ISIE).<\/p>\n","protected":false},"excerpt":{"rendered":"<p>Abir Moussi, pr\u00e9sidente du Parti Destourien Libre, compara\u00eet aujourd\u2019hui, devant la Cour d\u2019appel qui doit prononcer son jugement en appel, suite \u00e0 sa condamnati&#8230;<\/p>\n","protected":false},"author":3175,"featured_media":247192,"comment_status":"open","ping_status":"closed","sticky":false,"template":"","format":"standard","meta":{"footnotes":""},"categories":[44],"tags":[2926,3137,4263,2835,6326],"class_list":["post-214728","post","type-post","status-publish","format-standard","has-post-thumbnail","hentry","category-national","tag-abir-moussi","tag-amende","tag-appel","tag-condamnation","tag-elections-2029"],"yoast_head":"<!-- This site is optimized with the Yoast SEO Premium plugin v27.5 (Yoast SEO v27.5) - https:\/\/yoast.com\/product\/yoast-seo-premium-wordpress\/ -->\n<title>Tunisie : Abir Moussi, compara\u00eet devant la Cour d\u2019appel<\/title>\n<meta name=\"description\" content=\"Abir Moussi, pr\u00e9sidente du Parti Destourien Libre, compara\u00eet aujourd\u2019hui, devant la Cour d\u2019appel qui doit prononcer son jugement en appel, suite \u00e0 sa condamnati...\" \/>\n<link rel=\"canonical\" href=\"https:\/\/www.webdo.tn\/fr\/actualite\/national\/tunisie-abir-moussi-comparait-devant-la-cour-d-appel\/214728\/\" \/>\n<meta property=\"og:locale\" content=\"fr_FR\" \/>\n<meta property=\"og:type\" content=\"article\" \/>\n<meta property=\"og:title\" content=\"Tunisie : Abir Moussi, compara\u00eet devant la Cour d\u2019appel\" \/>\n<meta property=\"og:description\" content=\"Abir Moussi, pr\u00e9sidente du Parti Destourien Libre, compara\u00eet aujourd\u2019hui, devant la Cour d\u2019appel qui doit prononcer son jugement en appel, suite \u00e0 sa condamnati...\" \/>\n<meta property=\"og:url\" content=\"https:\/\/www.webdo.tn\/fr\/actualite\/national\/tunisie-abir-moussi-comparait-devant-la-cour-d-appel\/214728\/\" \/>\n<meta property=\"og:site_name\" content=\"webdo\" \/>\n<meta property=\"article:publisher\" content=\"https:\/\/www.facebook.com\/webdotn\" \/>\n<meta property=\"article:published_time\" content=\"2024-06-12T11:56:00+00:00\" \/>\n<meta property=\"article:modified_time\" content=\"2025-05-20T22:36:21+00:00\" \/>\n<meta property=\"og:image\" content=\"https:\/\/www.webdo.tn\/fr\/wp-content\/uploads\/2024\/06\/729dd3ebd00783e0c67a48b556c0521c.webp\" \/>\n\t<meta property=\"og:image:width\" content=\"750\" \/>\n\t<meta property=\"og:image:height\" content=\"400\" \/>\n\t<meta property=\"og:image:type\" content=\"image\/webp\" \/>\n<meta name=\"author\" content=\"CL\" \/>\n<meta name=\"twitter:card\" content=\"summary_large_image\" \/>\n<meta name=\"twitter:creator\" content=\"@webdo_tn\" \/>\n<meta name=\"twitter:site\" content=\"@webdo_tn\" \/>\n<meta name=\"twitter:label1\" content=\"\u00c9crit par\" \/>\n\t<meta name=\"twitter:data1\" content=\"CL\" \/>\n\t<meta name=\"twitter:label2\" content=\"Dur\u00e9e de lecture estim\u00e9e\" \/>\n\t<meta name=\"twitter:data2\" content=\"2 minutes\" \/>\n<script type=\"application\/ld+json\" class=\"yoast-schema-graph\">{\"@context\":\"https:\\\/\\\/schema.org\",\"@graph\":[{\"@type\":\"NewsArticle\",\"@id\":\"https:\\\/\\\/www.webdo.tn\\\/fr\\\/actualite\\\/national\\\/tunisie-abir-moussi-comparait-devant-la-cour-d-appel\\\/214728\\\/#article\",\"isPartOf\":{\"@id\":\"https:\\\/\\\/www.webdo.tn\\\/fr\\\/actualite\\\/national\\\/tunisie-abir-moussi-comparait-devant-la-cour-d-appel\\\/214728\\\/\"},\"author\":{\"name\":\"CL\",\"@id\":\"https:\\\/\\\/www.webdo.tn\\\/fr\\\/#\\\/schema\\\/person\\\/f35b42a42c5e2511bbd282959d6385cc\"},\"headline\":\"Tunisie : Abir Moussi, compara\u00eet devant la Cour d\u2019appel\",\"datePublished\":\"2024-06-12T11:56:00+00:00\",\"dateModified\":\"2025-05-20T22:36:21+00:00\",\"mainEntityOfPage\":{\"@id\":\"https:\\\/\\\/www.webdo.tn\\\/fr\\\/actualite\\\/national\\\/tunisie-abir-moussi-comparait-devant-la-cour-d-appel\\\/214728\\\/\"},\"wordCount\":315,\"commentCount\":0,\"publisher\":{\"@id\":\"https:\\\/\\\/www.webdo.tn\\\/fr\\\/#organization\"},\"image\":{\"@id\":\"https:\\\/\\\/www.webdo.tn\\\/fr\\\/actualite\\\/national\\\/tunisie-abir-moussi-comparait-devant-la-cour-d-appel\\\/214728\\\/#primaryimage\"},\"thumbnailUrl\":\"https:\\\/\\\/www.webdo.tn\\\/fr\\\/wp-content\\\/uploads\\\/2024\\\/06\\\/729dd3ebd00783e0c67a48b556c0521c.webp\",\"keywords\":[\"Abir Moussi\",\"amende\",\"appel\",\"condamnation\",\"\u00e9lections 2029\"],\"articleSection\":[\"National\"],\"inLanguage\":\"fr-FR\"},{\"@type\":\"WebPage\",\"@id\":\"https:\\\/\\\/www.webdo.tn\\\/fr\\\/actualite\\\/national\\\/tunisie-abir-moussi-comparait-devant-la-cour-d-appel\\\/214728\\\/\",\"url\":\"https:\\\/\\\/www.webdo.tn\\\/fr\\\/actualite\\\/national\\\/tunisie-abir-moussi-comparait-devant-la-cour-d-appel\\\/214728\\\/\",\"name\":\"Tunisie : Abir Moussi, compara\u00eet devant la Cour d\u2019appel\",\"isPartOf\":{\"@id\":\"https:\\\/\\\/www.webdo.tn\\\/fr\\\/#website\"},\"primaryImageOfPage\":{\"@id\":\"https:\\\/\\\/www.webdo.tn\\\/fr\\\/actualite\\\/national\\\/tunisie-abir-moussi-comparait-devant-la-cour-d-appel\\\/214728\\\/#primaryimage\"},\"image\":{\"@id\":\"https:\\\/\\\/www.webdo.tn\\\/fr\\\/actualite\\\/national\\\/tunisie-abir-moussi-comparait-devant-la-cour-d-appel\\\/214728\\\/#primaryimage\"},\"thumbnailUrl\":\"https:\\\/\\\/www.webdo.tn\\\/fr\\\/wp-content\\\/uploads\\\/2024\\\/06\\\/729dd3ebd00783e0c67a48b556c0521c.webp\",\"datePublished\":\"2024-06-12T11:56:00+00:00\",\"dateModified\":\"2025-05-20T22:36:21+00:00\",\"description\":\"Abir Moussi, pr\u00e9sidente du Parti Destourien Libre, compara\u00eet aujourd\u2019hui, devant la Cour d\u2019appel qui doit prononcer son jugement en appel, suite \u00e0 sa condamnati...\",\"breadcrumb\":{\"@id\":\"https:\\\/\\\/www.webdo.tn\\\/fr\\\/actualite\\\/national\\\/tunisie-abir-moussi-comparait-devant-la-cour-d-appel\\\/214728\\\/#breadcrumb\"},\"inLanguage\":\"fr-FR\",\"potentialAction\":[{\"@type\":\"ReadAction\",\"target\":[\"https:\\\/\\\/www.webdo.tn\\\/fr\\\/actualite\\\/national\\\/tunisie-abir-moussi-comparait-devant-la-cour-d-appel\\\/214728\\\/\"]}]},{\"@type\":\"ImageObject\",\"inLanguage\":\"fr-FR\",\"@id\":\"https:\\\/\\\/www.webdo.tn\\\/fr\\\/actualite\\\/national\\\/tunisie-abir-moussi-comparait-devant-la-cour-d-appel\\\/214728\\\/#primaryimage\",\"url\":\"https:\\\/\\\/www.webdo.tn\\\/fr\\\/wp-content\\\/uploads\\\/2024\\\/06\\\/729dd3ebd00783e0c67a48b556c0521c.webp\",\"contentUrl\":\"https:\\\/\\\/www.webdo.tn\\\/fr\\\/wp-content\\\/uploads\\\/2024\\\/06\\\/729dd3ebd00783e0c67a48b556c0521c.webp\",\"width\":750,\"height\":400,\"caption\":\"Tunisie : Abir Moussi, compara\u00eet devant la Cour d\u2019appel\"},{\"@type\":\"BreadcrumbList\",\"@id\":\"https:\\\/\\\/www.webdo.tn\\\/fr\\\/actualite\\\/national\\\/tunisie-abir-moussi-comparait-devant-la-cour-d-appel\\\/214728\\\/#breadcrumb\",\"itemListElement\":[{\"@type\":\"ListItem\",\"position\":1,\"name\":\"Accueil\",\"item\":\"https:\\\/\\\/www.webdo.tn\\\/fr\\\/\"},{\"@type\":\"ListItem\",\"position\":2,\"name\":\"Tunisie : Abir Moussi, compara\u00eet devant la Cour d\u2019appel\"}]},{\"@type\":\"WebSite\",\"@id\":\"https:\\\/\\\/www.webdo.tn\\\/fr\\\/#website\",\"url\":\"https:\\\/\\\/www.webdo.tn\\\/fr\\\/\",\"name\":\"webdo\",\"description\":\"Tunisie - News en Tunisie et \u00e0 l&#039;international sur Webdo.tn\",\"publisher\":{\"@id\":\"https:\\\/\\\/www.webdo.tn\\\/fr\\\/#organization\"},\"potentialAction\":[{\"@type\":\"SearchAction\",\"target\":{\"@type\":\"EntryPoint\",\"urlTemplate\":\"https:\\\/\\\/www.webdo.tn\\\/fr\\\/?s={search_term_string}\"},\"query-input\":{\"@type\":\"PropertyValueSpecification\",\"valueRequired\":true,\"valueName\":\"search_term_string\"}}],\"inLanguage\":\"fr-FR\"},{\"@type\":\"Organization\",\"@id\":\"https:\\\/\\\/www.webdo.tn\\\/fr\\\/#organization\",\"name\":\"Webdo\",\"alternateName\":\"Webdo.tn\",\"url\":\"https:\\\/\\\/www.webdo.tn\\\/fr\\\/\",\"logo\":{\"@type\":\"ImageObject\",\"inLanguage\":\"fr-FR\",\"@id\":\"https:\\\/\\\/www.webdo.tn\\\/fr\\\/#\\\/schema\\\/logo\\\/image\\\/\",\"url\":\"https:\\\/\\\/www.webdo.tn\\\/fr\\\/wp-content\\\/uploads\\\/2025\\\/06\\\/Webdo-Tunisie_168377.jpg\",\"contentUrl\":\"https:\\\/\\\/www.webdo.tn\\\/fr\\\/wp-content\\\/uploads\\\/2025\\\/06\\\/Webdo-Tunisie_168377.jpg\",\"width\":301,\"height\":301,\"caption\":\"Webdo\"},\"image\":{\"@id\":\"https:\\\/\\\/www.webdo.tn\\\/fr\\\/#\\\/schema\\\/logo\\\/image\\\/\"},\"sameAs\":[\"https:\\\/\\\/www.facebook.com\\\/webdotn\",\"https:\\\/\\\/x.com\\\/webdo_tn\"],\"description\":\"Webdo est un m\u00e9dia num\u00e9rique tunisien fond\u00e9 en 2010, sp\u00e9cialis\u00e9 dans l\u2019actualit\u00e9 nationale et internationale, l\u2019\u00e9conomie, la soci\u00e9t\u00e9 et les analyses politiques. Le site s\u2019adresse \u00e0 un large public francophone et couvre l\u2019information tunisienne en temps r\u00e9el.\",\"email\":\"redac@webdo.tn\",\"legalName\":\"YNJ SARL\",\"foundingDate\":\"2010-09-06\",\"numberOfEmployees\":{\"@type\":\"QuantitativeValue\",\"minValue\":\"11\",\"maxValue\":\"50\"}},{\"@type\":\"Person\",\"@id\":\"https:\\\/\\\/www.webdo.tn\\\/fr\\\/#\\\/schema\\\/person\\\/f35b42a42c5e2511bbd282959d6385cc\",\"name\":\"CL\",\"image\":{\"@type\":\"ImageObject\",\"inLanguage\":\"fr-FR\",\"@id\":\"https:\\\/\\\/secure.gravatar.com\\\/avatar\\\/1447a49909b67aa657c488aec6512e1dd6143a480c1ecfee9b5b5cd74eb3b59e?s=96&d=mm&r=g\",\"url\":\"https:\\\/\\\/secure.gravatar.com\\\/avatar\\\/1447a49909b67aa657c488aec6512e1dd6143a480c1ecfee9b5b5cd74eb3b59e?s=96&d=mm&r=g\",\"contentUrl\":\"https:\\\/\\\/secure.gravatar.com\\\/avatar\\\/1447a49909b67aa657c488aec6512e1dd6143a480c1ecfee9b5b5cd74eb3b59e?s=96&d=mm&r=g\",\"caption\":\"CL\"},\"url\":\"https:\\\/\\\/www.webdo.tn\\\/fr\\\/actualite\\\/author\\\/cl\\\/\"}]}<\/script>\n<!-- \/ Yoast SEO Premium plugin. -->","yoast_head_json":{"title":"Tunisie : Abir Moussi, compara\u00eet devant la Cour d\u2019appel","description":"Abir Moussi, pr\u00e9sidente du Parti Destourien Libre, compara\u00eet aujourd\u2019hui, devant la Cour d\u2019appel qui doit prononcer son jugement en appel, suite \u00e0 sa condamnati...","canonical":"https:\/\/www.webdo.tn\/fr\/actualite\/national\/tunisie-abir-moussi-comparait-devant-la-cour-d-appel\/214728\/","og_locale":"fr_FR","og_type":"article","og_title":"Tunisie : Abir Moussi, compara\u00eet devant la Cour d\u2019appel","og_description":"Abir Moussi, pr\u00e9sidente du Parti Destourien Libre, compara\u00eet aujourd\u2019hui, devant la Cour d\u2019appel qui doit prononcer son jugement en appel, suite \u00e0 sa condamnati...","og_url":"https:\/\/www.webdo.tn\/fr\/actualite\/national\/tunisie-abir-moussi-comparait-devant-la-cour-d-appel\/214728\/","og_site_name":"webdo","article_publisher":"https:\/\/www.facebook.com\/webdotn","article_published_time":"2024-06-12T11:56:00+00:00","article_modified_time":"2025-05-20T22:36:21+00:00","og_image":[{"width":750,"height":400,"url":"https:\/\/www.webdo.tn\/fr\/wp-content\/uploads\/2024\/06\/729dd3ebd00783e0c67a48b556c0521c.webp","type":"image\/webp"}],"author":"CL","twitter_card":"summary_large_image","twitter_creator":"@webdo_tn","twitter_site":"@webdo_tn","twitter_misc":{"\u00c9crit par":"CL","Dur\u00e9e de lecture estim\u00e9e":"2 minutes"},"schema":{"@context":"https:\/\/schema.org","@graph":[{"@type":"NewsArticle","@id":"https:\/\/www.webdo.tn\/fr\/actualite\/national\/tunisie-abir-moussi-comparait-devant-la-cour-d-appel\/214728\/#article","isPartOf":{"@id":"https:\/\/www.webdo.tn\/fr\/actualite\/national\/tunisie-abir-moussi-comparait-devant-la-cour-d-appel\/214728\/"},"author":{"name":"CL","@id":"https:\/\/www.webdo.tn\/fr\/#\/schema\/person\/f35b42a42c5e2511bbd282959d6385cc"},"headline":"Tunisie : Abir Moussi, compara\u00eet devant la Cour d\u2019appel","datePublished":"2024-06-12T11:56:00+00:00","dateModified":"2025-05-20T22:36:21+00:00","mainEntityOfPage":{"@id":"https:\/\/www.webdo.tn\/fr\/actualite\/national\/tunisie-abir-moussi-comparait-devant-la-cour-d-appel\/214728\/"},"wordCount":315,"commentCount":0,"publisher":{"@id":"https:\/\/www.webdo.tn\/fr\/#organization"},"image":{"@id":"https:\/\/www.webdo.tn\/fr\/actualite\/national\/tunisie-abir-moussi-comparait-devant-la-cour-d-appel\/214728\/#primaryimage"},"thumbnailUrl":"https:\/\/www.webdo.tn\/fr\/wp-content\/uploads\/2024\/06\/729dd3ebd00783e0c67a48b556c0521c.webp","keywords":["Abir Moussi","amende","appel","condamnation","\u00e9lections 2029"],"articleSection":["National"],"inLanguage":"fr-FR"},{"@type":"WebPage","@id":"https:\/\/www.webdo.tn\/fr\/actualite\/national\/tunisie-abir-moussi-comparait-devant-la-cour-d-appel\/214728\/","url":"https:\/\/www.webdo.tn\/fr\/actualite\/national\/tunisie-abir-moussi-comparait-devant-la-cour-d-appel\/214728\/","name":"Tunisie : Abir Moussi, compara\u00eet devant la Cour d\u2019appel","isPartOf":{"@id":"https:\/\/www.webdo.tn\/fr\/#website"},"primaryImageOfPage":{"@id":"https:\/\/www.webdo.tn\/fr\/actualite\/national\/tunisie-abir-moussi-comparait-devant-la-cour-d-appel\/214728\/#primaryimage"},"image":{"@id":"https:\/\/www.webdo.tn\/fr\/actualite\/national\/tunisie-abir-moussi-comparait-devant-la-cour-d-appel\/214728\/#primaryimage"},"thumbnailUrl":"https:\/\/www.webdo.tn\/fr\/wp-content\/uploads\/2024\/06\/729dd3ebd00783e0c67a48b556c0521c.webp","datePublished":"2024-06-12T11:56:00+00:00","dateModified":"2025-05-20T22:36:21+00:00","description":"Abir Moussi, pr\u00e9sidente du Parti Destourien Libre, compara\u00eet aujourd\u2019hui, devant la Cour d\u2019appel qui doit prononcer son jugement en appel, suite \u00e0 sa condamnati...","breadcrumb":{"@id":"https:\/\/www.webdo.tn\/fr\/actualite\/national\/tunisie-abir-moussi-comparait-devant-la-cour-d-appel\/214728\/#breadcrumb"},"inLanguage":"fr-FR","potentialAction":[{"@type":"ReadAction","target":["https:\/\/www.webdo.tn\/fr\/actualite\/national\/tunisie-abir-moussi-comparait-devant-la-cour-d-appel\/214728\/"]}]},{"@type":"ImageObject","inLanguage":"fr-FR","@id":"https:\/\/www.webdo.tn\/fr\/actualite\/national\/tunisie-abir-moussi-comparait-devant-la-cour-d-appel\/214728\/#primaryimage","url":"https:\/\/www.webdo.tn\/fr\/wp-content\/uploads\/2024\/06\/729dd3ebd00783e0c67a48b556c0521c.webp","contentUrl":"https:\/\/www.webdo.tn\/fr\/wp-content\/uploads\/2024\/06\/729dd3ebd00783e0c67a48b556c0521c.webp","width":750,"height":400,"caption":"Tunisie : Abir Moussi, compara\u00eet devant la Cour d\u2019appel"},{"@type":"BreadcrumbList","@id":"https:\/\/www.webdo.tn\/fr\/actualite\/national\/tunisie-abir-moussi-comparait-devant-la-cour-d-appel\/214728\/#breadcrumb","itemListElement":[{"@type":"ListItem","position":1,"name":"Accueil","item":"https:\/\/www.webdo.tn\/fr\/"},{"@type":"ListItem","position":2,"name":"Tunisie : Abir Moussi, compara\u00eet devant la Cour d\u2019appel"}]},{"@type":"WebSite","@id":"https:\/\/www.webdo.tn\/fr\/#website","url":"https:\/\/www.webdo.tn\/fr\/","name":"webdo","description":"Tunisie - News en Tunisie et \u00e0 l&#039;international sur Webdo.tn","publisher":{"@id":"https:\/\/www.webdo.tn\/fr\/#organization"},"potentialAction":[{"@type":"SearchAction","target":{"@type":"EntryPoint","urlTemplate":"https:\/\/www.webdo.tn\/fr\/?s={search_term_string}"},"query-input":{"@type":"PropertyValueSpecification","valueRequired":true,"valueName":"search_term_string"}}],"inLanguage":"fr-FR"},{"@type":"Organization","@id":"https:\/\/www.webdo.tn\/fr\/#organization","name":"Webdo","alternateName":"Webdo.tn","url":"https:\/\/www.webdo.tn\/fr\/","logo":{"@type":"ImageObject","inLanguage":"fr-FR","@id":"https:\/\/www.webdo.tn\/fr\/#\/schema\/logo\/image\/","url":"https:\/\/www.webdo.tn\/fr\/wp-content\/uploads\/2025\/06\/Webdo-Tunisie_168377.jpg","contentUrl":"https:\/\/www.webdo.tn\/fr\/wp-content\/uploads\/2025\/06\/Webdo-Tunisie_168377.jpg","width":301,"height":301,"caption":"Webdo"},"image":{"@id":"https:\/\/www.webdo.tn\/fr\/#\/schema\/logo\/image\/"},"sameAs":["https:\/\/www.facebook.com\/webdotn","https:\/\/x.com\/webdo_tn"],"description":"Webdo est un m\u00e9dia num\u00e9rique tunisien fond\u00e9 en 2010, sp\u00e9cialis\u00e9 dans l\u2019actualit\u00e9 nationale et internationale, l\u2019\u00e9conomie, la soci\u00e9t\u00e9 et les analyses politiques. Le site s\u2019adresse \u00e0 un large public francophone et couvre l\u2019information tunisienne en temps r\u00e9el.","email":"redac@webdo.tn","legalName":"YNJ SARL","foundingDate":"2010-09-06","numberOfEmployees":{"@type":"QuantitativeValue","minValue":"11","maxValue":"50"}},{"@type":"Person","@id":"https:\/\/www.webdo.tn\/fr\/#\/schema\/person\/f35b42a42c5e2511bbd282959d6385cc","name":"CL","image":{"@type":"ImageObject","inLanguage":"fr-FR","@id":"https:\/\/secure.gravatar.com\/avatar\/1447a49909b67aa657c488aec6512e1dd6143a480c1ecfee9b5b5cd74eb3b59e?s=96&d=mm&r=g","url":"https:\/\/secure.gravatar.com\/avatar\/1447a49909b67aa657c488aec6512e1dd6143a480c1ecfee9b5b5cd74eb3b59e?s=96&d=mm&r=g","contentUrl":"https:\/\/secure.gravatar.com\/avatar\/1447a49909b67aa657c488aec6512e1dd6143a480c1ecfee9b5b5cd74eb3b59e?s=96&d=mm&r=g","caption":"CL"},"url":"https:\/\/www.webdo.tn\/fr\/actualite\/author\/cl\/"}]}},"_links":{"self":[{"href":"https:\/\/www.webdo.tn\/fr\/wp-json\/wp\/v2\/posts\/214728","targetHints":{"allow":["GET"]}}],"collection":[{"href":"https:\/\/www.webdo.tn\/fr\/wp-json\/wp\/v2\/posts"}],"about":[{"href":"https:\/\/www.webdo.tn\/fr\/wp-json\/wp\/v2\/types\/post"}],"author":[{"embeddable":true,"href":"https:\/\/www.webdo.tn\/fr\/wp-json\/wp\/v2\/users\/3175"}],"replies":[{"embeddable":true,"href":"https:\/\/www.webdo.tn\/fr\/wp-json\/wp\/v2\/comments?post=214728"}],"version-history":[{"count":0,"href":"https:\/\/www.webdo.tn\/fr\/wp-json\/wp\/v2\/posts\/214728\/revisions"}],"wp:featuredmedia":[{"embeddable":true,"href":"https:\/\/www.webdo.tn\/fr\/wp-json\/wp\/v2\/media\/247192"}],"wp:attachment":[{"href":"https:\/\/www.webdo.tn\/fr\/wp-json\/wp\/v2\/media?parent=214728"}],"wp:term":[{"taxonomy":"category","embeddable":true,"href":"https:\/\/www.webdo.tn\/fr\/wp-json\/wp\/v2\/categories?post=214728"},{"taxonomy":"post_tag","embeddable":true,"href":"https:\/\/www.webdo.tn\/fr\/wp-json\/wp\/v2\/tags?post=214728"}],"curies":[{"name":"wp","href":"https:\/\/api.w.org\/{rel}","templated":true}]}}