{"id":214723,"date":"2024-06-12T09:24:00","date_gmt":"2024-06-12T09:24:00","guid":{"rendered":"https:\/\/www.webdo.tn\/fr\/blog\/la-tunisie-recevra-450-millions-d-euros-d-aide-europeenne\/214723\/"},"modified":"2025-05-21T09:10:38","modified_gmt":"2025-05-21T09:10:38","slug":"la-tunisie-recevra-450-millions-d-euros-d-aide-europeenne","status":"publish","type":"post","link":"https:\/\/www.webdo.tn\/fr\/actualite\/national\/la-tunisie-recevra-450-millions-d-euros-d-aide-europeenne\/214723\/","title":{"rendered":"La BEI d\u00e9bloque 450 millions d&rsquo;euros pour soutenir la Tunisie"},"content":{"rendered":"<p>La Banque europ\u00e9enne d&rsquo;investissement (BEI) a annonc\u00e9, mardi 11 juin, 450 millions d&rsquo;euros d&rsquo;aides sous forme de pr\u00eats et subventions pour la Tunisie, afin de soutenir les PME et des projets d&rsquo;infrastructures, rapporte l&rsquo;AFP.<\/p>\n<p>\t\t\t\t\t\t\t\t\tSur cette enveloppe, 170 millions d&rsquo;euros de cr\u00e9dits sont destin\u00e9s aux micro, petites et moyennes entreprises qui repr\u00e9sentent 90% du tissu \u00e9conomique tunisien et 60% de l&#8217;emploi, selon la BEI.<\/p>\n<p>Un pr\u00eat de 210 millions d&rsquo;euros doit permettre d&rsquo;am\u00e9nager la route strat\u00e9gique reliant les villes de Sfax (est) et Kasserine (ouest).<\/p>\n<p>La BEI accordera \u00e9galement 45 millions d&rsquo;euros pour le projet de liaison \u00e9lectrique sous-marine entre la Tunisie et l&rsquo;Italie (Elmed).<\/p>\n<p>Ce \u00ab\u00a0nouveau soutien financier\u00a0\u00bb cible des \u00ab\u00a0projets \u00e0 fort impact sur la population et le d\u00e9veloppement \u00e9conomique et social\u00a0\u00bb du pays, selon le communiqu\u00e9 de la banque.<\/p>\n<p>Les d\u00e9tails de ce financement seront pr\u00e9cis\u00e9s lors du Forum d&rsquo;investissement en Tunisie qui se tient mercredi et jeudi \u00e0 Tunis, en pr\u00e9sence du vice-pr\u00e9sident de la BEI Ioannis Tsakiris.<\/p>\n<p>La situation \u00e9conomique et sociale en Tunisie demeure pr\u00e9occupante, avec des d\u00e9fis importants \u00e0 relever. Le niveau d&rsquo;endettement du pays a atteint 80% du PIB tandis que les taux de ch\u00f4mage et de pauvret\u00e9 sont en hausse. Ce contexte tendu a \u00e9t\u00e9 exacerb\u00e9 par des diff\u00e9rends politiques ces derni\u00e8res ann\u00e9es.\u00a0<\/p>\n<p>En parall\u00e8le, les discussions avec le Fonds Mon\u00e9taire International pour l&rsquo;obtention d&rsquo;un pr\u00eat de 2 milliards de dollars n&rsquo;ont pas encore abouti. Les autorit\u00e9s tunisiennes et l&rsquo;institution financi\u00e8re internationale restent en d\u00e9saccord sur le programme de r\u00e9formes \u00e0 mettre en \u0153uvre pour d\u00e9bloquer cette aide cruciale.<\/p>\n","protected":false},"excerpt":{"rendered":"<p>La Banque europ\u00e9enne d&rsquo;investissement annonce 450M\u20ac d&rsquo;aides pour la Tunisie, avec 170M\u20ac pour les PME, 210M\u20ac pour une route strat\u00e9gique et 45M\u20ac pour un projet \u00e9l&#8230;<\/p>\n","protected":false},"author":3169,"featured_media":247190,"comment_status":"open","ping_status":"closed","sticky":false,"template":"","format":"standard","meta":{"footnotes":""},"categories":[44],"tags":[6324,2883,3011,6238,2608],"class_list":["post-214723","post","type-post","status-publish","format-standard","has-post-thumbnail","hentry","category-national","tag-aide-financiere","tag-bei","tag-pme","tag-prets","tag-tunisie"],"yoast_head":"<!-- This site is optimized with the Yoast SEO Premium plugin v27.4 (Yoast SEO v27.4) - https:\/\/yoast.com\/product\/yoast-seo-premium-wordpress\/ -->\n<title>La BEI d\u00e9bloque 450 millions d&#039;euros pour soutenir la Tunisie<\/title>\n<meta name=\"description\" content=\"La Banque europ\u00e9enne d&#039;investissement annonce 450M\u20ac d&#039;aides pour la Tunisie, avec 170M\u20ac pour les PME, 210M\u20ac pour une route strat\u00e9gique et 45M\u20ac pour un projet \u00e9l...\" \/>\n<link rel=\"canonical\" href=\"https:\/\/www.webdo.tn\/fr\/actualite\/national\/la-tunisie-recevra-450-millions-d-euros-d-aide-europeenne\/214723\/\" \/>\n<meta property=\"og:locale\" content=\"fr_FR\" \/>\n<meta property=\"og:type\" content=\"article\" \/>\n<meta property=\"og:title\" content=\"La BEI d\u00e9bloque 450 millions d&#039;euros pour soutenir la Tunisie\" \/>\n<meta property=\"og:description\" content=\"La Banque europ\u00e9enne d&#039;investissement annonce 450M\u20ac d&#039;aides pour la Tunisie, avec 170M\u20ac pour les PME, 210M\u20ac pour une route strat\u00e9gique et 45M\u20ac pour un projet \u00e9l...\" \/>\n<meta property=\"og:url\" content=\"https:\/\/www.webdo.tn\/fr\/actualite\/national\/la-tunisie-recevra-450-millions-d-euros-d-aide-europeenne\/214723\/\" \/>\n<meta property=\"og:site_name\" content=\"webdo\" \/>\n<meta property=\"article:publisher\" content=\"https:\/\/www.facebook.com\/webdotn\" \/>\n<meta property=\"article:published_time\" content=\"2024-06-12T09:24:00+00:00\" \/>\n<meta property=\"article:modified_time\" content=\"2025-05-21T09:10:38+00:00\" \/>\n<meta property=\"og:image\" content=\"https:\/\/www.webdo.tn\/fr\/wp-content\/uploads\/2024\/06\/8756b7726035d32fcafa6a2270f34cb3.webp\" \/>\n\t<meta property=\"og:image:width\" content=\"750\" \/>\n\t<meta property=\"og:image:height\" content=\"400\" \/>\n\t<meta property=\"og:image:type\" content=\"image\/webp\" \/>\n<meta name=\"author\" content=\"Webdo\" \/>\n<meta name=\"twitter:card\" content=\"summary_large_image\" \/>\n<meta name=\"twitter:creator\" content=\"@webdo_tn\" \/>\n<meta name=\"twitter:site\" content=\"@webdo_tn\" \/>\n<meta name=\"twitter:label1\" content=\"\u00c9crit par\" \/>\n\t<meta name=\"twitter:data1\" content=\"Webdo\" \/>\n\t<meta name=\"twitter:label2\" content=\"Dur\u00e9e de lecture estim\u00e9e\" \/>\n\t<meta name=\"twitter:data2\" content=\"1 minute\" \/>\n<script type=\"application\/ld+json\" class=\"yoast-schema-graph\">{\"@context\":\"https:\\\/\\\/schema.org\",\"@graph\":[{\"@type\":\"NewsArticle\",\"@id\":\"https:\\\/\\\/www.webdo.tn\\\/fr\\\/actualite\\\/national\\\/la-tunisie-recevra-450-millions-d-euros-d-aide-europeenne\\\/214723\\\/#article\",\"isPartOf\":{\"@id\":\"https:\\\/\\\/www.webdo.tn\\\/fr\\\/actualite\\\/national\\\/la-tunisie-recevra-450-millions-d-euros-d-aide-europeenne\\\/214723\\\/\"},\"author\":{\"name\":\"Webdo\",\"@id\":\"https:\\\/\\\/www.webdo.tn\\\/fr\\\/#\\\/schema\\\/person\\\/1f4e491e0907b413d61089e8eb573acc\"},\"headline\":\"La BEI d\u00e9bloque 450 millions d&rsquo;euros pour soutenir la Tunisie\",\"datePublished\":\"2024-06-12T09:24:00+00:00\",\"dateModified\":\"2025-05-21T09:10:38+00:00\",\"mainEntityOfPage\":{\"@id\":\"https:\\\/\\\/www.webdo.tn\\\/fr\\\/actualite\\\/national\\\/la-tunisie-recevra-450-millions-d-euros-d-aide-europeenne\\\/214723\\\/\"},\"wordCount\":301,\"commentCount\":0,\"publisher\":{\"@id\":\"https:\\\/\\\/www.webdo.tn\\\/fr\\\/#organization\"},\"image\":{\"@id\":\"https:\\\/\\\/www.webdo.tn\\\/fr\\\/actualite\\\/national\\\/la-tunisie-recevra-450-millions-d-euros-d-aide-europeenne\\\/214723\\\/#primaryimage\"},\"thumbnailUrl\":\"https:\\\/\\\/www.webdo.tn\\\/fr\\\/wp-content\\\/uploads\\\/2024\\\/06\\\/8756b7726035d32fcafa6a2270f34cb3.webp\",\"keywords\":[\"aide financi\u00e8re\",\"BEI\",\"PME\",\"Prets\",\"Tunisie\"],\"articleSection\":[\"National\"],\"inLanguage\":\"fr-FR\"},{\"@type\":\"WebPage\",\"@id\":\"https:\\\/\\\/www.webdo.tn\\\/fr\\\/actualite\\\/national\\\/la-tunisie-recevra-450-millions-d-euros-d-aide-europeenne\\\/214723\\\/\",\"url\":\"https:\\\/\\\/www.webdo.tn\\\/fr\\\/actualite\\\/national\\\/la-tunisie-recevra-450-millions-d-euros-d-aide-europeenne\\\/214723\\\/\",\"name\":\"La BEI d\u00e9bloque 450 millions d'euros pour soutenir la Tunisie\",\"isPartOf\":{\"@id\":\"https:\\\/\\\/www.webdo.tn\\\/fr\\\/#website\"},\"primaryImageOfPage\":{\"@id\":\"https:\\\/\\\/www.webdo.tn\\\/fr\\\/actualite\\\/national\\\/la-tunisie-recevra-450-millions-d-euros-d-aide-europeenne\\\/214723\\\/#primaryimage\"},\"image\":{\"@id\":\"https:\\\/\\\/www.webdo.tn\\\/fr\\\/actualite\\\/national\\\/la-tunisie-recevra-450-millions-d-euros-d-aide-europeenne\\\/214723\\\/#primaryimage\"},\"thumbnailUrl\":\"https:\\\/\\\/www.webdo.tn\\\/fr\\\/wp-content\\\/uploads\\\/2024\\\/06\\\/8756b7726035d32fcafa6a2270f34cb3.webp\",\"datePublished\":\"2024-06-12T09:24:00+00:00\",\"dateModified\":\"2025-05-21T09:10:38+00:00\",\"description\":\"La Banque europ\u00e9enne d'investissement annonce 450M\u20ac d'aides pour la Tunisie, avec 170M\u20ac pour les PME, 210M\u20ac pour une route strat\u00e9gique et 45M\u20ac pour un projet \u00e9l...\",\"breadcrumb\":{\"@id\":\"https:\\\/\\\/www.webdo.tn\\\/fr\\\/actualite\\\/national\\\/la-tunisie-recevra-450-millions-d-euros-d-aide-europeenne\\\/214723\\\/#breadcrumb\"},\"inLanguage\":\"fr-FR\",\"potentialAction\":[{\"@type\":\"ReadAction\",\"target\":[\"https:\\\/\\\/www.webdo.tn\\\/fr\\\/actualite\\\/national\\\/la-tunisie-recevra-450-millions-d-euros-d-aide-europeenne\\\/214723\\\/\"]}]},{\"@type\":\"ImageObject\",\"inLanguage\":\"fr-FR\",\"@id\":\"https:\\\/\\\/www.webdo.tn\\\/fr\\\/actualite\\\/national\\\/la-tunisie-recevra-450-millions-d-euros-d-aide-europeenne\\\/214723\\\/#primaryimage\",\"url\":\"https:\\\/\\\/www.webdo.tn\\\/fr\\\/wp-content\\\/uploads\\\/2024\\\/06\\\/8756b7726035d32fcafa6a2270f34cb3.webp\",\"contentUrl\":\"https:\\\/\\\/www.webdo.tn\\\/fr\\\/wp-content\\\/uploads\\\/2024\\\/06\\\/8756b7726035d32fcafa6a2270f34cb3.webp\",\"width\":750,\"height\":400,\"caption\":\"La BEI d\u00e9bloque 450 millions d'euros pour soutenir la Tunisie\"},{\"@type\":\"BreadcrumbList\",\"@id\":\"https:\\\/\\\/www.webdo.tn\\\/fr\\\/actualite\\\/national\\\/la-tunisie-recevra-450-millions-d-euros-d-aide-europeenne\\\/214723\\\/#breadcrumb\",\"itemListElement\":[{\"@type\":\"ListItem\",\"position\":1,\"name\":\"Accueil\",\"item\":\"https:\\\/\\\/www.webdo.tn\\\/fr\\\/\"},{\"@type\":\"ListItem\",\"position\":2,\"name\":\"La BEI d\u00e9bloque 450 millions d&#8217;euros pour soutenir la Tunisie\"}]},{\"@type\":\"WebSite\",\"@id\":\"https:\\\/\\\/www.webdo.tn\\\/fr\\\/#website\",\"url\":\"https:\\\/\\\/www.webdo.tn\\\/fr\\\/\",\"name\":\"webdo\",\"description\":\"Tunisie - News en Tunisie et \u00e0 l&#039;international sur Webdo.tn\",\"publisher\":{\"@id\":\"https:\\\/\\\/www.webdo.tn\\\/fr\\\/#organization\"},\"potentialAction\":[{\"@type\":\"SearchAction\",\"target\":{\"@type\":\"EntryPoint\",\"urlTemplate\":\"https:\\\/\\\/www.webdo.tn\\\/fr\\\/?s={search_term_string}\"},\"query-input\":{\"@type\":\"PropertyValueSpecification\",\"valueRequired\":true,\"valueName\":\"search_term_string\"}}],\"inLanguage\":\"fr-FR\"},{\"@type\":\"Organization\",\"@id\":\"https:\\\/\\\/www.webdo.tn\\\/fr\\\/#organization\",\"name\":\"Webdo\",\"alternateName\":\"Webdo.tn\",\"url\":\"https:\\\/\\\/www.webdo.tn\\\/fr\\\/\",\"logo\":{\"@type\":\"ImageObject\",\"inLanguage\":\"fr-FR\",\"@id\":\"https:\\\/\\\/www.webdo.tn\\\/fr\\\/#\\\/schema\\\/logo\\\/image\\\/\",\"url\":\"https:\\\/\\\/www.webdo.tn\\\/fr\\\/wp-content\\\/uploads\\\/2025\\\/06\\\/Webdo-Tunisie_168377.jpg\",\"contentUrl\":\"https:\\\/\\\/www.webdo.tn\\\/fr\\\/wp-content\\\/uploads\\\/2025\\\/06\\\/Webdo-Tunisie_168377.jpg\",\"width\":301,\"height\":301,\"caption\":\"Webdo\"},\"image\":{\"@id\":\"https:\\\/\\\/www.webdo.tn\\\/fr\\\/#\\\/schema\\\/logo\\\/image\\\/\"},\"sameAs\":[\"https:\\\/\\\/www.facebook.com\\\/webdotn\",\"https:\\\/\\\/x.com\\\/webdo_tn\"],\"description\":\"Webdo est un m\u00e9dia num\u00e9rique tunisien fond\u00e9 en 2010, sp\u00e9cialis\u00e9 dans l\u2019actualit\u00e9 nationale et internationale, l\u2019\u00e9conomie, la soci\u00e9t\u00e9 et les analyses politiques. Le site s\u2019adresse \u00e0 un large public francophone et couvre l\u2019information tunisienne en temps r\u00e9el.\",\"email\":\"redac@webdo.tn\",\"legalName\":\"YNJ SARL\",\"foundingDate\":\"2010-09-06\",\"numberOfEmployees\":{\"@type\":\"QuantitativeValue\",\"minValue\":\"11\",\"maxValue\":\"50\"}},{\"@type\":\"Person\",\"@id\":\"https:\\\/\\\/www.webdo.tn\\\/fr\\\/#\\\/schema\\\/person\\\/1f4e491e0907b413d61089e8eb573acc\",\"name\":\"Webdo\",\"image\":{\"@type\":\"ImageObject\",\"inLanguage\":\"fr-FR\",\"@id\":\"https:\\\/\\\/secure.gravatar.com\\\/avatar\\\/de97aeec1bb80978a9dbb127e47dfc88aaacb2f3c29aac907d8d3222e3495d49?s=96&d=mm&r=g\",\"url\":\"https:\\\/\\\/secure.gravatar.com\\\/avatar\\\/de97aeec1bb80978a9dbb127e47dfc88aaacb2f3c29aac907d8d3222e3495d49?s=96&d=mm&r=g\",\"contentUrl\":\"https:\\\/\\\/secure.gravatar.com\\\/avatar\\\/de97aeec1bb80978a9dbb127e47dfc88aaacb2f3c29aac907d8d3222e3495d49?s=96&d=mm&r=g\",\"caption\":\"Webdo\"},\"url\":\"https:\\\/\\\/www.webdo.tn\\\/fr\\\/actualite\\\/author\\\/webdo\\\/\"}]}<\/script>\n<!-- \/ Yoast SEO Premium plugin. -->","yoast_head_json":{"title":"La BEI d\u00e9bloque 450 millions d'euros pour soutenir la Tunisie","description":"La Banque europ\u00e9enne d'investissement annonce 450M\u20ac d'aides pour la Tunisie, avec 170M\u20ac pour les PME, 210M\u20ac pour une route strat\u00e9gique et 45M\u20ac pour un projet \u00e9l...","canonical":"https:\/\/www.webdo.tn\/fr\/actualite\/national\/la-tunisie-recevra-450-millions-d-euros-d-aide-europeenne\/214723\/","og_locale":"fr_FR","og_type":"article","og_title":"La BEI d\u00e9bloque 450 millions d'euros pour soutenir la Tunisie","og_description":"La Banque europ\u00e9enne d'investissement annonce 450M\u20ac d'aides pour la Tunisie, avec 170M\u20ac pour les PME, 210M\u20ac pour une route strat\u00e9gique et 45M\u20ac pour un projet \u00e9l...","og_url":"https:\/\/www.webdo.tn\/fr\/actualite\/national\/la-tunisie-recevra-450-millions-d-euros-d-aide-europeenne\/214723\/","og_site_name":"webdo","article_publisher":"https:\/\/www.facebook.com\/webdotn","article_published_time":"2024-06-12T09:24:00+00:00","article_modified_time":"2025-05-21T09:10:38+00:00","og_image":[{"width":750,"height":400,"url":"https:\/\/www.webdo.tn\/fr\/wp-content\/uploads\/2024\/06\/8756b7726035d32fcafa6a2270f34cb3.webp","type":"image\/webp"}],"author":"Webdo","twitter_card":"summary_large_image","twitter_creator":"@webdo_tn","twitter_site":"@webdo_tn","twitter_misc":{"\u00c9crit par":"Webdo","Dur\u00e9e de lecture estim\u00e9e":"1 minute"},"schema":{"@context":"https:\/\/schema.org","@graph":[{"@type":"NewsArticle","@id":"https:\/\/www.webdo.tn\/fr\/actualite\/national\/la-tunisie-recevra-450-millions-d-euros-d-aide-europeenne\/214723\/#article","isPartOf":{"@id":"https:\/\/www.webdo.tn\/fr\/actualite\/national\/la-tunisie-recevra-450-millions-d-euros-d-aide-europeenne\/214723\/"},"author":{"name":"Webdo","@id":"https:\/\/www.webdo.tn\/fr\/#\/schema\/person\/1f4e491e0907b413d61089e8eb573acc"},"headline":"La BEI d\u00e9bloque 450 millions d&rsquo;euros pour soutenir la Tunisie","datePublished":"2024-06-12T09:24:00+00:00","dateModified":"2025-05-21T09:10:38+00:00","mainEntityOfPage":{"@id":"https:\/\/www.webdo.tn\/fr\/actualite\/national\/la-tunisie-recevra-450-millions-d-euros-d-aide-europeenne\/214723\/"},"wordCount":301,"commentCount":0,"publisher":{"@id":"https:\/\/www.webdo.tn\/fr\/#organization"},"image":{"@id":"https:\/\/www.webdo.tn\/fr\/actualite\/national\/la-tunisie-recevra-450-millions-d-euros-d-aide-europeenne\/214723\/#primaryimage"},"thumbnailUrl":"https:\/\/www.webdo.tn\/fr\/wp-content\/uploads\/2024\/06\/8756b7726035d32fcafa6a2270f34cb3.webp","keywords":["aide financi\u00e8re","BEI","PME","Prets","Tunisie"],"articleSection":["National"],"inLanguage":"fr-FR"},{"@type":"WebPage","@id":"https:\/\/www.webdo.tn\/fr\/actualite\/national\/la-tunisie-recevra-450-millions-d-euros-d-aide-europeenne\/214723\/","url":"https:\/\/www.webdo.tn\/fr\/actualite\/national\/la-tunisie-recevra-450-millions-d-euros-d-aide-europeenne\/214723\/","name":"La BEI d\u00e9bloque 450 millions d'euros pour soutenir la Tunisie","isPartOf":{"@id":"https:\/\/www.webdo.tn\/fr\/#website"},"primaryImageOfPage":{"@id":"https:\/\/www.webdo.tn\/fr\/actualite\/national\/la-tunisie-recevra-450-millions-d-euros-d-aide-europeenne\/214723\/#primaryimage"},"image":{"@id":"https:\/\/www.webdo.tn\/fr\/actualite\/national\/la-tunisie-recevra-450-millions-d-euros-d-aide-europeenne\/214723\/#primaryimage"},"thumbnailUrl":"https:\/\/www.webdo.tn\/fr\/wp-content\/uploads\/2024\/06\/8756b7726035d32fcafa6a2270f34cb3.webp","datePublished":"2024-06-12T09:24:00+00:00","dateModified":"2025-05-21T09:10:38+00:00","description":"La Banque europ\u00e9enne d'investissement annonce 450M\u20ac d'aides pour la Tunisie, avec 170M\u20ac pour les PME, 210M\u20ac pour une route strat\u00e9gique et 45M\u20ac pour un projet \u00e9l...","breadcrumb":{"@id":"https:\/\/www.webdo.tn\/fr\/actualite\/national\/la-tunisie-recevra-450-millions-d-euros-d-aide-europeenne\/214723\/#breadcrumb"},"inLanguage":"fr-FR","potentialAction":[{"@type":"ReadAction","target":["https:\/\/www.webdo.tn\/fr\/actualite\/national\/la-tunisie-recevra-450-millions-d-euros-d-aide-europeenne\/214723\/"]}]},{"@type":"ImageObject","inLanguage":"fr-FR","@id":"https:\/\/www.webdo.tn\/fr\/actualite\/national\/la-tunisie-recevra-450-millions-d-euros-d-aide-europeenne\/214723\/#primaryimage","url":"https:\/\/www.webdo.tn\/fr\/wp-content\/uploads\/2024\/06\/8756b7726035d32fcafa6a2270f34cb3.webp","contentUrl":"https:\/\/www.webdo.tn\/fr\/wp-content\/uploads\/2024\/06\/8756b7726035d32fcafa6a2270f34cb3.webp","width":750,"height":400,"caption":"La BEI d\u00e9bloque 450 millions d'euros pour soutenir la Tunisie"},{"@type":"BreadcrumbList","@id":"https:\/\/www.webdo.tn\/fr\/actualite\/national\/la-tunisie-recevra-450-millions-d-euros-d-aide-europeenne\/214723\/#breadcrumb","itemListElement":[{"@type":"ListItem","position":1,"name":"Accueil","item":"https:\/\/www.webdo.tn\/fr\/"},{"@type":"ListItem","position":2,"name":"La BEI d\u00e9bloque 450 millions d&#8217;euros pour soutenir la Tunisie"}]},{"@type":"WebSite","@id":"https:\/\/www.webdo.tn\/fr\/#website","url":"https:\/\/www.webdo.tn\/fr\/","name":"webdo","description":"Tunisie - News en Tunisie et \u00e0 l&#039;international sur Webdo.tn","publisher":{"@id":"https:\/\/www.webdo.tn\/fr\/#organization"},"potentialAction":[{"@type":"SearchAction","target":{"@type":"EntryPoint","urlTemplate":"https:\/\/www.webdo.tn\/fr\/?s={search_term_string}"},"query-input":{"@type":"PropertyValueSpecification","valueRequired":true,"valueName":"search_term_string"}}],"inLanguage":"fr-FR"},{"@type":"Organization","@id":"https:\/\/www.webdo.tn\/fr\/#organization","name":"Webdo","alternateName":"Webdo.tn","url":"https:\/\/www.webdo.tn\/fr\/","logo":{"@type":"ImageObject","inLanguage":"fr-FR","@id":"https:\/\/www.webdo.tn\/fr\/#\/schema\/logo\/image\/","url":"https:\/\/www.webdo.tn\/fr\/wp-content\/uploads\/2025\/06\/Webdo-Tunisie_168377.jpg","contentUrl":"https:\/\/www.webdo.tn\/fr\/wp-content\/uploads\/2025\/06\/Webdo-Tunisie_168377.jpg","width":301,"height":301,"caption":"Webdo"},"image":{"@id":"https:\/\/www.webdo.tn\/fr\/#\/schema\/logo\/image\/"},"sameAs":["https:\/\/www.facebook.com\/webdotn","https:\/\/x.com\/webdo_tn"],"description":"Webdo est un m\u00e9dia num\u00e9rique tunisien fond\u00e9 en 2010, sp\u00e9cialis\u00e9 dans l\u2019actualit\u00e9 nationale et internationale, l\u2019\u00e9conomie, la soci\u00e9t\u00e9 et les analyses politiques. Le site s\u2019adresse \u00e0 un large public francophone et couvre l\u2019information tunisienne en temps r\u00e9el.","email":"redac@webdo.tn","legalName":"YNJ SARL","foundingDate":"2010-09-06","numberOfEmployees":{"@type":"QuantitativeValue","minValue":"11","maxValue":"50"}},{"@type":"Person","@id":"https:\/\/www.webdo.tn\/fr\/#\/schema\/person\/1f4e491e0907b413d61089e8eb573acc","name":"Webdo","image":{"@type":"ImageObject","inLanguage":"fr-FR","@id":"https:\/\/secure.gravatar.com\/avatar\/de97aeec1bb80978a9dbb127e47dfc88aaacb2f3c29aac907d8d3222e3495d49?s=96&d=mm&r=g","url":"https:\/\/secure.gravatar.com\/avatar\/de97aeec1bb80978a9dbb127e47dfc88aaacb2f3c29aac907d8d3222e3495d49?s=96&d=mm&r=g","contentUrl":"https:\/\/secure.gravatar.com\/avatar\/de97aeec1bb80978a9dbb127e47dfc88aaacb2f3c29aac907d8d3222e3495d49?s=96&d=mm&r=g","caption":"Webdo"},"url":"https:\/\/www.webdo.tn\/fr\/actualite\/author\/webdo\/"}]}},"_links":{"self":[{"href":"https:\/\/www.webdo.tn\/fr\/wp-json\/wp\/v2\/posts\/214723","targetHints":{"allow":["GET"]}}],"collection":[{"href":"https:\/\/www.webdo.tn\/fr\/wp-json\/wp\/v2\/posts"}],"about":[{"href":"https:\/\/www.webdo.tn\/fr\/wp-json\/wp\/v2\/types\/post"}],"author":[{"embeddable":true,"href":"https:\/\/www.webdo.tn\/fr\/wp-json\/wp\/v2\/users\/3169"}],"replies":[{"embeddable":true,"href":"https:\/\/www.webdo.tn\/fr\/wp-json\/wp\/v2\/comments?post=214723"}],"version-history":[{"count":0,"href":"https:\/\/www.webdo.tn\/fr\/wp-json\/wp\/v2\/posts\/214723\/revisions"}],"wp:featuredmedia":[{"embeddable":true,"href":"https:\/\/www.webdo.tn\/fr\/wp-json\/wp\/v2\/media\/247190"}],"wp:attachment":[{"href":"https:\/\/www.webdo.tn\/fr\/wp-json\/wp\/v2\/media?parent=214723"}],"wp:term":[{"taxonomy":"category","embeddable":true,"href":"https:\/\/www.webdo.tn\/fr\/wp-json\/wp\/v2\/categories?post=214723"},{"taxonomy":"post_tag","embeddable":true,"href":"https:\/\/www.webdo.tn\/fr\/wp-json\/wp\/v2\/tags?post=214723"}],"curies":[{"name":"wp","href":"https:\/\/api.w.org\/{rel}","templated":true}]}}