{"id":214721,"date":"2024-06-12T09:00:00","date_gmt":"2024-06-12T09:00:00","guid":{"rendered":"https:\/\/www.webdo.tn\/fr\/blog\/tunisie-mohamed-boughaleb-condamne-en-appel-a-deux-mois-de-prison-avec-sursis\/214721\/"},"modified":"2025-05-20T22:36:21","modified_gmt":"2025-05-20T22:36:21","slug":"tunisie-mohamed-boughaleb-condamne-en-appel-a-deux-mois-de-prison-avec-sursis","status":"publish","type":"post","link":"https:\/\/www.webdo.tn\/fr\/actualite\/national\/tunisie-mohamed-boughaleb-condamne-en-appel-a-deux-mois-de-prison-avec-sursis\/214721\/","title":{"rendered":"Tunisie : Mohamed Boughaleb condamn\u00e9 en appel \u00e0 deux mois de prison avec sursis"},"content":{"rendered":"<p>D\u00e9j\u00e0 condamn\u00e9 \u00e0 deux mois d&#8217;emprisonnement avec sursis pour une affaire li\u00e9e \u00e0 l&rsquo;exercice d\u00e9lib\u00e9r\u00e9 d&rsquo;une activit\u00e9 professionnelle par un fonctionnaire sans permission ou autorisation, Mohamed Boughaleb a vu sa peine confirm\u00e9e en appel.<\/p>\n<p>\t\t\t\t\t\t\t\t\tMohamed Boughaleb a vu sa peine de deux mois de prison avec sursis, confirm\u00e9e, hier, par la 15\u00e8me Chambre p\u00e9nale de la Cour d&rsquo;appel de Tunis dans le cadre d\u2019une affaire li\u00e9e \u00e0 l&rsquo;exercice d\u00e9lib\u00e9r\u00e9 d&rsquo;une activit\u00e9 professionnelle par un fonctionnaire sans permission ou autorisation.<\/p>\n<p>Dans le cadre d\u2019une autre affaire, Mohamed Boughaleb, arr\u00eat\u00e9 le 22 mars dernier, purge une peine de six mois de prison suite au verdict prononc\u00e9 le 17 avril. Il est accus\u00e9 d\u2019avoir port\u00e9 atteinte \u00e0 l\u2019honneur et \u00e0 la r\u00e9putation d\u2019une fonctionnaire \u00e0 travers des statuts publi\u00e9s sur sa page Facebook.<\/p>\n<p>Mohamed Boughalleb a \u00e9t\u00e9 jug\u00e9 sur la base du d\u00e9cret 54 \u00e0 la suite d&rsquo;une plainte d\u00e9pos\u00e9e par une fonctionnaire du minist\u00e8re des Affaires religieuses sur fond de ses commentaires \u00e0 la radio et \u00e0 la t\u00e9l\u00e9vision sur les visites \u00e0 l&rsquo;\u00e9tranger et les politiques du minist\u00e8re.<\/p>\n","protected":false},"excerpt":{"rendered":"<p>Mohamed Boughaleb a vu sa peine de deux mois de prison avec sursis, confirm\u00e9e, hier, par la 15\u00e8me Chambre p\u00e9nale de la Cour d&rsquo;appel de Tunis.<\/p>\n","protected":false},"author":3175,"featured_media":247187,"comment_status":"open","ping_status":"closed","sticky":false,"template":"","format":"standard","meta":{"footnotes":""},"categories":[44],"tags":[4263,2835,6321,4585,2608],"class_list":["post-214721","post","type-post","status-publish","format-standard","has-post-thumbnail","hentry","category-national","tag-appel","tag-condamnation","tag-mohamed-boughaleb","tag-sursis","tag-tunisie"],"yoast_head":"<!-- This site is optimized with the Yoast SEO Premium plugin v27.5 (Yoast SEO v27.5) - https:\/\/yoast.com\/product\/yoast-seo-premium-wordpress\/ -->\n<title>Tunisie : Mohamed Boughaleb condamn\u00e9 en appel \u00e0 deux mois de prison avec sursis<\/title>\n<meta name=\"description\" content=\"Mohamed Boughaleb a vu sa peine de deux mois de prison avec sursis, confirm\u00e9e, hier, par la 15\u00e8me Chambre p\u00e9nale de la Cour d&#039;appel de Tunis.\" \/>\n<link rel=\"canonical\" href=\"https:\/\/www.webdo.tn\/fr\/actualite\/national\/tunisie-mohamed-boughaleb-condamne-en-appel-a-deux-mois-de-prison-avec-sursis\/214721\/\" \/>\n<meta property=\"og:locale\" content=\"fr_FR\" \/>\n<meta property=\"og:type\" content=\"article\" \/>\n<meta property=\"og:title\" content=\"Tunisie : Mohamed Boughaleb condamn\u00e9 en appel \u00e0 deux mois de prison avec sursis\" \/>\n<meta property=\"og:description\" content=\"Mohamed Boughaleb a vu sa peine de deux mois de prison avec sursis, confirm\u00e9e, hier, par la 15\u00e8me Chambre p\u00e9nale de la Cour d&#039;appel de Tunis.\" \/>\n<meta property=\"og:url\" content=\"https:\/\/www.webdo.tn\/fr\/actualite\/national\/tunisie-mohamed-boughaleb-condamne-en-appel-a-deux-mois-de-prison-avec-sursis\/214721\/\" \/>\n<meta property=\"og:site_name\" content=\"webdo\" \/>\n<meta property=\"article:publisher\" content=\"https:\/\/www.facebook.com\/webdotn\" \/>\n<meta property=\"article:published_time\" content=\"2024-06-12T09:00:00+00:00\" \/>\n<meta property=\"article:modified_time\" content=\"2025-05-20T22:36:21+00:00\" \/>\n<meta property=\"og:image\" content=\"https:\/\/www.webdo.tn\/fr\/wp-content\/uploads\/2024\/06\/12d16767b479eb17a7d28054fc3e52f3.webp\" \/>\n\t<meta property=\"og:image:width\" content=\"750\" \/>\n\t<meta property=\"og:image:height\" content=\"400\" \/>\n\t<meta property=\"og:image:type\" content=\"image\/webp\" \/>\n<meta name=\"author\" content=\"CL\" \/>\n<meta name=\"twitter:card\" content=\"summary_large_image\" \/>\n<meta name=\"twitter:creator\" content=\"@webdo_tn\" \/>\n<meta name=\"twitter:site\" content=\"@webdo_tn\" \/>\n<meta name=\"twitter:label1\" content=\"\u00c9crit par\" \/>\n\t<meta name=\"twitter:data1\" content=\"CL\" \/>\n\t<meta name=\"twitter:label2\" content=\"Dur\u00e9e de lecture estim\u00e9e\" \/>\n\t<meta name=\"twitter:data2\" content=\"1 minute\" \/>\n<script type=\"application\/ld+json\" class=\"yoast-schema-graph\">{\"@context\":\"https:\\\/\\\/schema.org\",\"@graph\":[{\"@type\":\"NewsArticle\",\"@id\":\"https:\\\/\\\/www.webdo.tn\\\/fr\\\/actualite\\\/national\\\/tunisie-mohamed-boughaleb-condamne-en-appel-a-deux-mois-de-prison-avec-sursis\\\/214721\\\/#article\",\"isPartOf\":{\"@id\":\"https:\\\/\\\/www.webdo.tn\\\/fr\\\/actualite\\\/national\\\/tunisie-mohamed-boughaleb-condamne-en-appel-a-deux-mois-de-prison-avec-sursis\\\/214721\\\/\"},\"author\":{\"name\":\"CL\",\"@id\":\"https:\\\/\\\/www.webdo.tn\\\/fr\\\/#\\\/schema\\\/person\\\/f35b42a42c5e2511bbd282959d6385cc\"},\"headline\":\"Tunisie : Mohamed Boughaleb condamn\u00e9 en appel \u00e0 deux mois de prison avec sursis\",\"datePublished\":\"2024-06-12T09:00:00+00:00\",\"dateModified\":\"2025-05-20T22:36:21+00:00\",\"mainEntityOfPage\":{\"@id\":\"https:\\\/\\\/www.webdo.tn\\\/fr\\\/actualite\\\/national\\\/tunisie-mohamed-boughaleb-condamne-en-appel-a-deux-mois-de-prison-avec-sursis\\\/214721\\\/\"},\"wordCount\":209,\"commentCount\":0,\"publisher\":{\"@id\":\"https:\\\/\\\/www.webdo.tn\\\/fr\\\/#organization\"},\"image\":{\"@id\":\"https:\\\/\\\/www.webdo.tn\\\/fr\\\/actualite\\\/national\\\/tunisie-mohamed-boughaleb-condamne-en-appel-a-deux-mois-de-prison-avec-sursis\\\/214721\\\/#primaryimage\"},\"thumbnailUrl\":\"https:\\\/\\\/www.webdo.tn\\\/fr\\\/wp-content\\\/uploads\\\/2024\\\/06\\\/12d16767b479eb17a7d28054fc3e52f3.webp\",\"keywords\":[\"appel\",\"condamnation\",\"Mohamed Boughaleb\",\"sursis\",\"Tunisie\"],\"articleSection\":[\"National\"],\"inLanguage\":\"fr-FR\"},{\"@type\":\"WebPage\",\"@id\":\"https:\\\/\\\/www.webdo.tn\\\/fr\\\/actualite\\\/national\\\/tunisie-mohamed-boughaleb-condamne-en-appel-a-deux-mois-de-prison-avec-sursis\\\/214721\\\/\",\"url\":\"https:\\\/\\\/www.webdo.tn\\\/fr\\\/actualite\\\/national\\\/tunisie-mohamed-boughaleb-condamne-en-appel-a-deux-mois-de-prison-avec-sursis\\\/214721\\\/\",\"name\":\"Tunisie : Mohamed Boughaleb condamn\u00e9 en appel \u00e0 deux mois de prison avec sursis\",\"isPartOf\":{\"@id\":\"https:\\\/\\\/www.webdo.tn\\\/fr\\\/#website\"},\"primaryImageOfPage\":{\"@id\":\"https:\\\/\\\/www.webdo.tn\\\/fr\\\/actualite\\\/national\\\/tunisie-mohamed-boughaleb-condamne-en-appel-a-deux-mois-de-prison-avec-sursis\\\/214721\\\/#primaryimage\"},\"image\":{\"@id\":\"https:\\\/\\\/www.webdo.tn\\\/fr\\\/actualite\\\/national\\\/tunisie-mohamed-boughaleb-condamne-en-appel-a-deux-mois-de-prison-avec-sursis\\\/214721\\\/#primaryimage\"},\"thumbnailUrl\":\"https:\\\/\\\/www.webdo.tn\\\/fr\\\/wp-content\\\/uploads\\\/2024\\\/06\\\/12d16767b479eb17a7d28054fc3e52f3.webp\",\"datePublished\":\"2024-06-12T09:00:00+00:00\",\"dateModified\":\"2025-05-20T22:36:21+00:00\",\"description\":\"Mohamed Boughaleb a vu sa peine de deux mois de prison avec sursis, confirm\u00e9e, hier, par la 15\u00e8me Chambre p\u00e9nale de la Cour d'appel de Tunis.\",\"breadcrumb\":{\"@id\":\"https:\\\/\\\/www.webdo.tn\\\/fr\\\/actualite\\\/national\\\/tunisie-mohamed-boughaleb-condamne-en-appel-a-deux-mois-de-prison-avec-sursis\\\/214721\\\/#breadcrumb\"},\"inLanguage\":\"fr-FR\",\"potentialAction\":[{\"@type\":\"ReadAction\",\"target\":[\"https:\\\/\\\/www.webdo.tn\\\/fr\\\/actualite\\\/national\\\/tunisie-mohamed-boughaleb-condamne-en-appel-a-deux-mois-de-prison-avec-sursis\\\/214721\\\/\"]}]},{\"@type\":\"ImageObject\",\"inLanguage\":\"fr-FR\",\"@id\":\"https:\\\/\\\/www.webdo.tn\\\/fr\\\/actualite\\\/national\\\/tunisie-mohamed-boughaleb-condamne-en-appel-a-deux-mois-de-prison-avec-sursis\\\/214721\\\/#primaryimage\",\"url\":\"https:\\\/\\\/www.webdo.tn\\\/fr\\\/wp-content\\\/uploads\\\/2024\\\/06\\\/12d16767b479eb17a7d28054fc3e52f3.webp\",\"contentUrl\":\"https:\\\/\\\/www.webdo.tn\\\/fr\\\/wp-content\\\/uploads\\\/2024\\\/06\\\/12d16767b479eb17a7d28054fc3e52f3.webp\",\"width\":750,\"height\":400,\"caption\":\"Tunisie : Mohamed Boughaleb condamn\u00e9 en appel \u00e0 deux mois de prison avec sursis\"},{\"@type\":\"BreadcrumbList\",\"@id\":\"https:\\\/\\\/www.webdo.tn\\\/fr\\\/actualite\\\/national\\\/tunisie-mohamed-boughaleb-condamne-en-appel-a-deux-mois-de-prison-avec-sursis\\\/214721\\\/#breadcrumb\",\"itemListElement\":[{\"@type\":\"ListItem\",\"position\":1,\"name\":\"Accueil\",\"item\":\"https:\\\/\\\/www.webdo.tn\\\/fr\\\/\"},{\"@type\":\"ListItem\",\"position\":2,\"name\":\"Tunisie : Mohamed Boughaleb condamn\u00e9 en appel \u00e0 deux mois de prison avec sursis\"}]},{\"@type\":\"WebSite\",\"@id\":\"https:\\\/\\\/www.webdo.tn\\\/fr\\\/#website\",\"url\":\"https:\\\/\\\/www.webdo.tn\\\/fr\\\/\",\"name\":\"webdo\",\"description\":\"Tunisie - News en Tunisie et \u00e0 l&#039;international sur Webdo.tn\",\"publisher\":{\"@id\":\"https:\\\/\\\/www.webdo.tn\\\/fr\\\/#organization\"},\"potentialAction\":[{\"@type\":\"SearchAction\",\"target\":{\"@type\":\"EntryPoint\",\"urlTemplate\":\"https:\\\/\\\/www.webdo.tn\\\/fr\\\/?s={search_term_string}\"},\"query-input\":{\"@type\":\"PropertyValueSpecification\",\"valueRequired\":true,\"valueName\":\"search_term_string\"}}],\"inLanguage\":\"fr-FR\"},{\"@type\":\"Organization\",\"@id\":\"https:\\\/\\\/www.webdo.tn\\\/fr\\\/#organization\",\"name\":\"Webdo\",\"alternateName\":\"Webdo.tn\",\"url\":\"https:\\\/\\\/www.webdo.tn\\\/fr\\\/\",\"logo\":{\"@type\":\"ImageObject\",\"inLanguage\":\"fr-FR\",\"@id\":\"https:\\\/\\\/www.webdo.tn\\\/fr\\\/#\\\/schema\\\/logo\\\/image\\\/\",\"url\":\"https:\\\/\\\/www.webdo.tn\\\/fr\\\/wp-content\\\/uploads\\\/2025\\\/06\\\/Webdo-Tunisie_168377.jpg\",\"contentUrl\":\"https:\\\/\\\/www.webdo.tn\\\/fr\\\/wp-content\\\/uploads\\\/2025\\\/06\\\/Webdo-Tunisie_168377.jpg\",\"width\":301,\"height\":301,\"caption\":\"Webdo\"},\"image\":{\"@id\":\"https:\\\/\\\/www.webdo.tn\\\/fr\\\/#\\\/schema\\\/logo\\\/image\\\/\"},\"sameAs\":[\"https:\\\/\\\/www.facebook.com\\\/webdotn\",\"https:\\\/\\\/x.com\\\/webdo_tn\"],\"description\":\"Webdo est un m\u00e9dia num\u00e9rique tunisien fond\u00e9 en 2010, sp\u00e9cialis\u00e9 dans l\u2019actualit\u00e9 nationale et internationale, l\u2019\u00e9conomie, la soci\u00e9t\u00e9 et les analyses politiques. Le site s\u2019adresse \u00e0 un large public francophone et couvre l\u2019information tunisienne en temps r\u00e9el.\",\"email\":\"redac@webdo.tn\",\"legalName\":\"YNJ SARL\",\"foundingDate\":\"2010-09-06\",\"numberOfEmployees\":{\"@type\":\"QuantitativeValue\",\"minValue\":\"11\",\"maxValue\":\"50\"}},{\"@type\":\"Person\",\"@id\":\"https:\\\/\\\/www.webdo.tn\\\/fr\\\/#\\\/schema\\\/person\\\/f35b42a42c5e2511bbd282959d6385cc\",\"name\":\"CL\",\"image\":{\"@type\":\"ImageObject\",\"inLanguage\":\"fr-FR\",\"@id\":\"https:\\\/\\\/secure.gravatar.com\\\/avatar\\\/1447a49909b67aa657c488aec6512e1dd6143a480c1ecfee9b5b5cd74eb3b59e?s=96&d=mm&r=g\",\"url\":\"https:\\\/\\\/secure.gravatar.com\\\/avatar\\\/1447a49909b67aa657c488aec6512e1dd6143a480c1ecfee9b5b5cd74eb3b59e?s=96&d=mm&r=g\",\"contentUrl\":\"https:\\\/\\\/secure.gravatar.com\\\/avatar\\\/1447a49909b67aa657c488aec6512e1dd6143a480c1ecfee9b5b5cd74eb3b59e?s=96&d=mm&r=g\",\"caption\":\"CL\"},\"url\":\"https:\\\/\\\/www.webdo.tn\\\/fr\\\/actualite\\\/author\\\/cl\\\/\"}]}<\/script>\n<!-- \/ Yoast SEO Premium plugin. -->","yoast_head_json":{"title":"Tunisie : Mohamed Boughaleb condamn\u00e9 en appel \u00e0 deux mois de prison avec sursis","description":"Mohamed Boughaleb a vu sa peine de deux mois de prison avec sursis, confirm\u00e9e, hier, par la 15\u00e8me Chambre p\u00e9nale de la Cour d'appel de Tunis.","canonical":"https:\/\/www.webdo.tn\/fr\/actualite\/national\/tunisie-mohamed-boughaleb-condamne-en-appel-a-deux-mois-de-prison-avec-sursis\/214721\/","og_locale":"fr_FR","og_type":"article","og_title":"Tunisie : Mohamed Boughaleb condamn\u00e9 en appel \u00e0 deux mois de prison avec sursis","og_description":"Mohamed Boughaleb a vu sa peine de deux mois de prison avec sursis, confirm\u00e9e, hier, par la 15\u00e8me Chambre p\u00e9nale de la Cour d'appel de Tunis.","og_url":"https:\/\/www.webdo.tn\/fr\/actualite\/national\/tunisie-mohamed-boughaleb-condamne-en-appel-a-deux-mois-de-prison-avec-sursis\/214721\/","og_site_name":"webdo","article_publisher":"https:\/\/www.facebook.com\/webdotn","article_published_time":"2024-06-12T09:00:00+00:00","article_modified_time":"2025-05-20T22:36:21+00:00","og_image":[{"width":750,"height":400,"url":"https:\/\/www.webdo.tn\/fr\/wp-content\/uploads\/2024\/06\/12d16767b479eb17a7d28054fc3e52f3.webp","type":"image\/webp"}],"author":"CL","twitter_card":"summary_large_image","twitter_creator":"@webdo_tn","twitter_site":"@webdo_tn","twitter_misc":{"\u00c9crit par":"CL","Dur\u00e9e de lecture estim\u00e9e":"1 minute"},"schema":{"@context":"https:\/\/schema.org","@graph":[{"@type":"NewsArticle","@id":"https:\/\/www.webdo.tn\/fr\/actualite\/national\/tunisie-mohamed-boughaleb-condamne-en-appel-a-deux-mois-de-prison-avec-sursis\/214721\/#article","isPartOf":{"@id":"https:\/\/www.webdo.tn\/fr\/actualite\/national\/tunisie-mohamed-boughaleb-condamne-en-appel-a-deux-mois-de-prison-avec-sursis\/214721\/"},"author":{"name":"CL","@id":"https:\/\/www.webdo.tn\/fr\/#\/schema\/person\/f35b42a42c5e2511bbd282959d6385cc"},"headline":"Tunisie : Mohamed Boughaleb condamn\u00e9 en appel \u00e0 deux mois de prison avec sursis","datePublished":"2024-06-12T09:00:00+00:00","dateModified":"2025-05-20T22:36:21+00:00","mainEntityOfPage":{"@id":"https:\/\/www.webdo.tn\/fr\/actualite\/national\/tunisie-mohamed-boughaleb-condamne-en-appel-a-deux-mois-de-prison-avec-sursis\/214721\/"},"wordCount":209,"commentCount":0,"publisher":{"@id":"https:\/\/www.webdo.tn\/fr\/#organization"},"image":{"@id":"https:\/\/www.webdo.tn\/fr\/actualite\/national\/tunisie-mohamed-boughaleb-condamne-en-appel-a-deux-mois-de-prison-avec-sursis\/214721\/#primaryimage"},"thumbnailUrl":"https:\/\/www.webdo.tn\/fr\/wp-content\/uploads\/2024\/06\/12d16767b479eb17a7d28054fc3e52f3.webp","keywords":["appel","condamnation","Mohamed Boughaleb","sursis","Tunisie"],"articleSection":["National"],"inLanguage":"fr-FR"},{"@type":"WebPage","@id":"https:\/\/www.webdo.tn\/fr\/actualite\/national\/tunisie-mohamed-boughaleb-condamne-en-appel-a-deux-mois-de-prison-avec-sursis\/214721\/","url":"https:\/\/www.webdo.tn\/fr\/actualite\/national\/tunisie-mohamed-boughaleb-condamne-en-appel-a-deux-mois-de-prison-avec-sursis\/214721\/","name":"Tunisie : Mohamed Boughaleb condamn\u00e9 en appel \u00e0 deux mois de prison avec sursis","isPartOf":{"@id":"https:\/\/www.webdo.tn\/fr\/#website"},"primaryImageOfPage":{"@id":"https:\/\/www.webdo.tn\/fr\/actualite\/national\/tunisie-mohamed-boughaleb-condamne-en-appel-a-deux-mois-de-prison-avec-sursis\/214721\/#primaryimage"},"image":{"@id":"https:\/\/www.webdo.tn\/fr\/actualite\/national\/tunisie-mohamed-boughaleb-condamne-en-appel-a-deux-mois-de-prison-avec-sursis\/214721\/#primaryimage"},"thumbnailUrl":"https:\/\/www.webdo.tn\/fr\/wp-content\/uploads\/2024\/06\/12d16767b479eb17a7d28054fc3e52f3.webp","datePublished":"2024-06-12T09:00:00+00:00","dateModified":"2025-05-20T22:36:21+00:00","description":"Mohamed Boughaleb a vu sa peine de deux mois de prison avec sursis, confirm\u00e9e, hier, par la 15\u00e8me Chambre p\u00e9nale de la Cour d'appel de Tunis.","breadcrumb":{"@id":"https:\/\/www.webdo.tn\/fr\/actualite\/national\/tunisie-mohamed-boughaleb-condamne-en-appel-a-deux-mois-de-prison-avec-sursis\/214721\/#breadcrumb"},"inLanguage":"fr-FR","potentialAction":[{"@type":"ReadAction","target":["https:\/\/www.webdo.tn\/fr\/actualite\/national\/tunisie-mohamed-boughaleb-condamne-en-appel-a-deux-mois-de-prison-avec-sursis\/214721\/"]}]},{"@type":"ImageObject","inLanguage":"fr-FR","@id":"https:\/\/www.webdo.tn\/fr\/actualite\/national\/tunisie-mohamed-boughaleb-condamne-en-appel-a-deux-mois-de-prison-avec-sursis\/214721\/#primaryimage","url":"https:\/\/www.webdo.tn\/fr\/wp-content\/uploads\/2024\/06\/12d16767b479eb17a7d28054fc3e52f3.webp","contentUrl":"https:\/\/www.webdo.tn\/fr\/wp-content\/uploads\/2024\/06\/12d16767b479eb17a7d28054fc3e52f3.webp","width":750,"height":400,"caption":"Tunisie : Mohamed Boughaleb condamn\u00e9 en appel \u00e0 deux mois de prison avec sursis"},{"@type":"BreadcrumbList","@id":"https:\/\/www.webdo.tn\/fr\/actualite\/national\/tunisie-mohamed-boughaleb-condamne-en-appel-a-deux-mois-de-prison-avec-sursis\/214721\/#breadcrumb","itemListElement":[{"@type":"ListItem","position":1,"name":"Accueil","item":"https:\/\/www.webdo.tn\/fr\/"},{"@type":"ListItem","position":2,"name":"Tunisie : Mohamed Boughaleb condamn\u00e9 en appel \u00e0 deux mois de prison avec sursis"}]},{"@type":"WebSite","@id":"https:\/\/www.webdo.tn\/fr\/#website","url":"https:\/\/www.webdo.tn\/fr\/","name":"webdo","description":"Tunisie - News en Tunisie et \u00e0 l&#039;international sur Webdo.tn","publisher":{"@id":"https:\/\/www.webdo.tn\/fr\/#organization"},"potentialAction":[{"@type":"SearchAction","target":{"@type":"EntryPoint","urlTemplate":"https:\/\/www.webdo.tn\/fr\/?s={search_term_string}"},"query-input":{"@type":"PropertyValueSpecification","valueRequired":true,"valueName":"search_term_string"}}],"inLanguage":"fr-FR"},{"@type":"Organization","@id":"https:\/\/www.webdo.tn\/fr\/#organization","name":"Webdo","alternateName":"Webdo.tn","url":"https:\/\/www.webdo.tn\/fr\/","logo":{"@type":"ImageObject","inLanguage":"fr-FR","@id":"https:\/\/www.webdo.tn\/fr\/#\/schema\/logo\/image\/","url":"https:\/\/www.webdo.tn\/fr\/wp-content\/uploads\/2025\/06\/Webdo-Tunisie_168377.jpg","contentUrl":"https:\/\/www.webdo.tn\/fr\/wp-content\/uploads\/2025\/06\/Webdo-Tunisie_168377.jpg","width":301,"height":301,"caption":"Webdo"},"image":{"@id":"https:\/\/www.webdo.tn\/fr\/#\/schema\/logo\/image\/"},"sameAs":["https:\/\/www.facebook.com\/webdotn","https:\/\/x.com\/webdo_tn"],"description":"Webdo est un m\u00e9dia num\u00e9rique tunisien fond\u00e9 en 2010, sp\u00e9cialis\u00e9 dans l\u2019actualit\u00e9 nationale et internationale, l\u2019\u00e9conomie, la soci\u00e9t\u00e9 et les analyses politiques. Le site s\u2019adresse \u00e0 un large public francophone et couvre l\u2019information tunisienne en temps r\u00e9el.","email":"redac@webdo.tn","legalName":"YNJ SARL","foundingDate":"2010-09-06","numberOfEmployees":{"@type":"QuantitativeValue","minValue":"11","maxValue":"50"}},{"@type":"Person","@id":"https:\/\/www.webdo.tn\/fr\/#\/schema\/person\/f35b42a42c5e2511bbd282959d6385cc","name":"CL","image":{"@type":"ImageObject","inLanguage":"fr-FR","@id":"https:\/\/secure.gravatar.com\/avatar\/1447a49909b67aa657c488aec6512e1dd6143a480c1ecfee9b5b5cd74eb3b59e?s=96&d=mm&r=g","url":"https:\/\/secure.gravatar.com\/avatar\/1447a49909b67aa657c488aec6512e1dd6143a480c1ecfee9b5b5cd74eb3b59e?s=96&d=mm&r=g","contentUrl":"https:\/\/secure.gravatar.com\/avatar\/1447a49909b67aa657c488aec6512e1dd6143a480c1ecfee9b5b5cd74eb3b59e?s=96&d=mm&r=g","caption":"CL"},"url":"https:\/\/www.webdo.tn\/fr\/actualite\/author\/cl\/"}]}},"_links":{"self":[{"href":"https:\/\/www.webdo.tn\/fr\/wp-json\/wp\/v2\/posts\/214721","targetHints":{"allow":["GET"]}}],"collection":[{"href":"https:\/\/www.webdo.tn\/fr\/wp-json\/wp\/v2\/posts"}],"about":[{"href":"https:\/\/www.webdo.tn\/fr\/wp-json\/wp\/v2\/types\/post"}],"author":[{"embeddable":true,"href":"https:\/\/www.webdo.tn\/fr\/wp-json\/wp\/v2\/users\/3175"}],"replies":[{"embeddable":true,"href":"https:\/\/www.webdo.tn\/fr\/wp-json\/wp\/v2\/comments?post=214721"}],"version-history":[{"count":0,"href":"https:\/\/www.webdo.tn\/fr\/wp-json\/wp\/v2\/posts\/214721\/revisions"}],"wp:featuredmedia":[{"embeddable":true,"href":"https:\/\/www.webdo.tn\/fr\/wp-json\/wp\/v2\/media\/247187"}],"wp:attachment":[{"href":"https:\/\/www.webdo.tn\/fr\/wp-json\/wp\/v2\/media?parent=214721"}],"wp:term":[{"taxonomy":"category","embeddable":true,"href":"https:\/\/www.webdo.tn\/fr\/wp-json\/wp\/v2\/categories?post=214721"},{"taxonomy":"post_tag","embeddable":true,"href":"https:\/\/www.webdo.tn\/fr\/wp-json\/wp\/v2\/tags?post=214721"}],"curies":[{"name":"wp","href":"https:\/\/api.w.org\/{rel}","templated":true}]}}