{"id":214718,"date":"2024-06-11T20:41:00","date_gmt":"2024-06-11T20:41:00","guid":{"rendered":"https:\/\/www.webdo.tn\/fr\/blog\/tunisie-bechir-akremi-defere-devant-la-chambre-criminelle\/214718\/"},"modified":"2025-05-21T09:05:39","modified_gmt":"2025-05-21T09:05:39","slug":"tunisie-bechir-akremi-defere-devant-la-chambre-criminelle","status":"publish","type":"post","link":"https:\/\/www.webdo.tn\/fr\/actualite\/national\/tunisie-bechir-akremi-defere-devant-la-chambre-criminelle\/214718\/","title":{"rendered":"Tunisie : B\u00e9chir Akremi d\u00e9f\u00e9r\u00e9 devant la chambre criminelle"},"content":{"rendered":"<p>Le 11 juin 2024, Habib Torkhani, porte-parole de la Cour d&rsquo;appel de Tunis, a annonc\u00e9 que l&rsquo;affaire de B\u00e9chir Akremi pour faux et usage de faux a \u00e9t\u00e9 transf\u00e9r\u00e9e au tribunal de premi\u00e8re instance de Tunis.<\/p>\n<p>\t\t\t\t\t\t\t\t\tLa chambre d&rsquo;accusation n\u00b010 de la cour d&rsquo;appel a refus\u00e9 la lib\u00e9ration de B\u00e9chir Akremi, d\u00e9tenu depuis f\u00e9vrier 2023, suite \u00e0 des accusations de falsification li\u00e9es \u00e0 l&rsquo;abandon des charges contre Hamza et Saif Eddine Arfaoui dans l&rsquo;affaire de l&rsquo;assassinat de Chokri Bela\u00efd.<\/p>\n<p>B\u00e9chir Akremi, r\u00e9voqu\u00e9 de ses fonctions de magistrat, est renvoy\u00e9 devant la chambre criminelle pour escroquerie et falsification. Les accusations remontent \u00e0 son mandat comme premier juge d&rsquo;instruction et procureur au tribunal de premi\u00e8re instance de Tunis.<\/p>\n<p>Son avocat, Hamadi Zaafarani, a pr\u00e9cis\u00e9 qu&rsquo;un mandat de d\u00e9p\u00f4t avait \u00e9t\u00e9 \u00e9mis contre Akremi le 22 f\u00e9vrier, suite \u00e0 une plainte du Parti des Patriotes D\u00e9mocratiques Unis et des proches de Mohamed Brahmi. Torkhani a aussi soulign\u00e9 que Akremi avait class\u00e9 les plaintes contre Hamza et Saifeddine Arfaoui, malgr\u00e9 ses engagements ant\u00e9rieurs, conduisant aux accusations de falsification.<\/p>\n<p>Des mandats d&rsquo;arr\u00eat avaient \u00e9t\u00e9 \u00e9mis contre Akremi, le premier par le juge d&rsquo;instruction du P\u00f4le judiciaire antiterroriste le 10 mars 2023, et le second par le doyen des juges d&rsquo;instruction le 24 juillet 2023, pour des soup\u00e7ons d&rsquo;infractions dans les cas des martyrs Belaid et Brahmi.<\/p>\n","protected":false},"excerpt":{"rendered":"<p>Le 11 juin 2024, Habib Torkhani annonce le transfert de l&rsquo;affaire de B\u00e9chir Akremi pour faux et usage de faux au tribunal de premi\u00e8re instance de Tunis, avec de&#8230;<\/p>\n","protected":false},"author":3166,"featured_media":290717,"comment_status":"open","ping_status":"closed","sticky":false,"template":"","format":"standard","meta":{"footnotes":""},"categories":[44],"tags":[5457,3262,4050,2608],"class_list":["post-214718","post","type-post","status-publish","format-standard","has-post-thumbnail","hentry","category-national","tag-bechir-akremi","tag-chokri-belaid","tag-mohamed-brahmi","tag-tunisie"],"yoast_head":"<!-- This site is optimized with the Yoast SEO Premium plugin v27.4 (Yoast SEO v27.5) - https:\/\/yoast.com\/product\/yoast-seo-premium-wordpress\/ -->\n<title>Tunisie : B\u00e9chir Akremi d\u00e9f\u00e9r\u00e9 devant la chambre criminelle<\/title>\n<meta name=\"description\" content=\"Le 11 juin 2024, Habib Torkhani annonce le transfert de l&#039;affaire de B\u00e9chir Akremi pour faux et usage de faux au tribunal de premi\u00e8re instance de Tunis, avec de...\" \/>\n<link rel=\"canonical\" href=\"https:\/\/www.webdo.tn\/fr\/actualite\/national\/tunisie-bechir-akremi-defere-devant-la-chambre-criminelle\/214718\/\" \/>\n<meta property=\"og:locale\" content=\"fr_FR\" \/>\n<meta property=\"og:type\" content=\"article\" \/>\n<meta property=\"og:title\" content=\"Tunisie : B\u00e9chir Akremi d\u00e9f\u00e9r\u00e9 devant la chambre criminelle\" \/>\n<meta property=\"og:description\" content=\"Le 11 juin 2024, Habib Torkhani annonce le transfert de l&#039;affaire de B\u00e9chir Akremi pour faux et usage de faux au tribunal de premi\u00e8re instance de Tunis, avec de...\" \/>\n<meta property=\"og:url\" content=\"https:\/\/www.webdo.tn\/fr\/actualite\/national\/tunisie-bechir-akremi-defere-devant-la-chambre-criminelle\/214718\/\" \/>\n<meta property=\"og:site_name\" content=\"webdo\" \/>\n<meta property=\"article:publisher\" content=\"https:\/\/www.facebook.com\/webdotn\" \/>\n<meta property=\"article:published_time\" content=\"2024-06-11T20:41:00+00:00\" \/>\n<meta property=\"article:modified_time\" content=\"2025-05-21T09:05:39+00:00\" \/>\n<meta property=\"og:image\" content=\"https:\/\/www.webdo.tn\/fr\/wp-content\/uploads\/2024\/06\/31cb8cc5eca5449ed8b7277a01c66f78.webp\" \/>\n\t<meta property=\"og:image:width\" content=\"572\" \/>\n\t<meta property=\"og:image:height\" content=\"305\" \/>\n\t<meta property=\"og:image:type\" content=\"image\/webp\" \/>\n<meta name=\"author\" content=\"AZ\" \/>\n<meta name=\"twitter:card\" content=\"summary_large_image\" \/>\n<meta name=\"twitter:creator\" content=\"@webdo_tn\" \/>\n<meta name=\"twitter:site\" content=\"@webdo_tn\" \/>\n<meta name=\"twitter:label1\" content=\"\u00c9crit par\" \/>\n\t<meta name=\"twitter:data1\" content=\"AZ\" \/>\n\t<meta name=\"twitter:label2\" content=\"Dur\u00e9e de lecture estim\u00e9e\" \/>\n\t<meta name=\"twitter:data2\" content=\"1 minute\" \/>\n<script type=\"application\/ld+json\" class=\"yoast-schema-graph\">{\"@context\":\"https:\\\/\\\/schema.org\",\"@graph\":[{\"@type\":\"NewsArticle\",\"@id\":\"https:\\\/\\\/www.webdo.tn\\\/fr\\\/actualite\\\/national\\\/tunisie-bechir-akremi-defere-devant-la-chambre-criminelle\\\/214718\\\/#article\",\"isPartOf\":{\"@id\":\"https:\\\/\\\/www.webdo.tn\\\/fr\\\/actualite\\\/national\\\/tunisie-bechir-akremi-defere-devant-la-chambre-criminelle\\\/214718\\\/\"},\"author\":{\"name\":\"AZ\",\"@id\":\"https:\\\/\\\/www.webdo.tn\\\/fr\\\/#\\\/schema\\\/person\\\/b8a41c04d93287d375510db360906b34\"},\"headline\":\"Tunisie : B\u00e9chir Akremi d\u00e9f\u00e9r\u00e9 devant la chambre criminelle\",\"datePublished\":\"2024-06-11T20:41:00+00:00\",\"dateModified\":\"2025-05-21T09:05:39+00:00\",\"mainEntityOfPage\":{\"@id\":\"https:\\\/\\\/www.webdo.tn\\\/fr\\\/actualite\\\/national\\\/tunisie-bechir-akremi-defere-devant-la-chambre-criminelle\\\/214718\\\/\"},\"wordCount\":255,\"commentCount\":0,\"publisher\":{\"@id\":\"https:\\\/\\\/www.webdo.tn\\\/fr\\\/#organization\"},\"image\":{\"@id\":\"https:\\\/\\\/www.webdo.tn\\\/fr\\\/actualite\\\/national\\\/tunisie-bechir-akremi-defere-devant-la-chambre-criminelle\\\/214718\\\/#primaryimage\"},\"thumbnailUrl\":\"https:\\\/\\\/www.webdo.tn\\\/fr\\\/wp-content\\\/uploads\\\/2024\\\/06\\\/31cb8cc5eca5449ed8b7277a01c66f78.webp\",\"keywords\":[\"bechir akremi\",\"chokri belaid\",\"mohamed brahmi\",\"Tunisie\"],\"articleSection\":[\"National\"],\"inLanguage\":\"fr-FR\"},{\"@type\":\"WebPage\",\"@id\":\"https:\\\/\\\/www.webdo.tn\\\/fr\\\/actualite\\\/national\\\/tunisie-bechir-akremi-defere-devant-la-chambre-criminelle\\\/214718\\\/\",\"url\":\"https:\\\/\\\/www.webdo.tn\\\/fr\\\/actualite\\\/national\\\/tunisie-bechir-akremi-defere-devant-la-chambre-criminelle\\\/214718\\\/\",\"name\":\"Tunisie : B\u00e9chir Akremi d\u00e9f\u00e9r\u00e9 devant la chambre criminelle\",\"isPartOf\":{\"@id\":\"https:\\\/\\\/www.webdo.tn\\\/fr\\\/#website\"},\"primaryImageOfPage\":{\"@id\":\"https:\\\/\\\/www.webdo.tn\\\/fr\\\/actualite\\\/national\\\/tunisie-bechir-akremi-defere-devant-la-chambre-criminelle\\\/214718\\\/#primaryimage\"},\"image\":{\"@id\":\"https:\\\/\\\/www.webdo.tn\\\/fr\\\/actualite\\\/national\\\/tunisie-bechir-akremi-defere-devant-la-chambre-criminelle\\\/214718\\\/#primaryimage\"},\"thumbnailUrl\":\"https:\\\/\\\/www.webdo.tn\\\/fr\\\/wp-content\\\/uploads\\\/2024\\\/06\\\/31cb8cc5eca5449ed8b7277a01c66f78.webp\",\"datePublished\":\"2024-06-11T20:41:00+00:00\",\"dateModified\":\"2025-05-21T09:05:39+00:00\",\"description\":\"Le 11 juin 2024, Habib Torkhani annonce le transfert de l'affaire de B\u00e9chir Akremi pour faux et usage de faux au tribunal de premi\u00e8re instance de Tunis, avec de...\",\"breadcrumb\":{\"@id\":\"https:\\\/\\\/www.webdo.tn\\\/fr\\\/actualite\\\/national\\\/tunisie-bechir-akremi-defere-devant-la-chambre-criminelle\\\/214718\\\/#breadcrumb\"},\"inLanguage\":\"fr-FR\",\"potentialAction\":[{\"@type\":\"ReadAction\",\"target\":[\"https:\\\/\\\/www.webdo.tn\\\/fr\\\/actualite\\\/national\\\/tunisie-bechir-akremi-defere-devant-la-chambre-criminelle\\\/214718\\\/\"]}]},{\"@type\":\"ImageObject\",\"inLanguage\":\"fr-FR\",\"@id\":\"https:\\\/\\\/www.webdo.tn\\\/fr\\\/actualite\\\/national\\\/tunisie-bechir-akremi-defere-devant-la-chambre-criminelle\\\/214718\\\/#primaryimage\",\"url\":\"https:\\\/\\\/www.webdo.tn\\\/fr\\\/wp-content\\\/uploads\\\/2024\\\/06\\\/31cb8cc5eca5449ed8b7277a01c66f78.webp\",\"contentUrl\":\"https:\\\/\\\/www.webdo.tn\\\/fr\\\/wp-content\\\/uploads\\\/2024\\\/06\\\/31cb8cc5eca5449ed8b7277a01c66f78.webp\",\"width\":572,\"height\":305,\"caption\":\"Tunisie : B\u00e9chir Akremi d\u00e9f\u00e9r\u00e9 devant la chambre criminelle\"},{\"@type\":\"BreadcrumbList\",\"@id\":\"https:\\\/\\\/www.webdo.tn\\\/fr\\\/actualite\\\/national\\\/tunisie-bechir-akremi-defere-devant-la-chambre-criminelle\\\/214718\\\/#breadcrumb\",\"itemListElement\":[{\"@type\":\"ListItem\",\"position\":1,\"name\":\"Accueil\",\"item\":\"https:\\\/\\\/www.webdo.tn\\\/fr\\\/\"},{\"@type\":\"ListItem\",\"position\":2,\"name\":\"Tunisie : B\u00e9chir Akremi d\u00e9f\u00e9r\u00e9 devant la chambre criminelle\"}]},{\"@type\":\"WebSite\",\"@id\":\"https:\\\/\\\/www.webdo.tn\\\/fr\\\/#website\",\"url\":\"https:\\\/\\\/www.webdo.tn\\\/fr\\\/\",\"name\":\"webdo\",\"description\":\"Tunisie - News en Tunisie et \u00e0 l&#039;international sur Webdo.tn\",\"publisher\":{\"@id\":\"https:\\\/\\\/www.webdo.tn\\\/fr\\\/#organization\"},\"potentialAction\":[{\"@type\":\"SearchAction\",\"target\":{\"@type\":\"EntryPoint\",\"urlTemplate\":\"https:\\\/\\\/www.webdo.tn\\\/fr\\\/?s={search_term_string}\"},\"query-input\":{\"@type\":\"PropertyValueSpecification\",\"valueRequired\":true,\"valueName\":\"search_term_string\"}}],\"inLanguage\":\"fr-FR\"},{\"@type\":\"Organization\",\"@id\":\"https:\\\/\\\/www.webdo.tn\\\/fr\\\/#organization\",\"name\":\"Webdo\",\"alternateName\":\"Webdo.tn\",\"url\":\"https:\\\/\\\/www.webdo.tn\\\/fr\\\/\",\"logo\":{\"@type\":\"ImageObject\",\"inLanguage\":\"fr-FR\",\"@id\":\"https:\\\/\\\/www.webdo.tn\\\/fr\\\/#\\\/schema\\\/logo\\\/image\\\/\",\"url\":\"https:\\\/\\\/www.webdo.tn\\\/fr\\\/wp-content\\\/uploads\\\/2025\\\/06\\\/Webdo-Tunisie_168377.jpg\",\"contentUrl\":\"https:\\\/\\\/www.webdo.tn\\\/fr\\\/wp-content\\\/uploads\\\/2025\\\/06\\\/Webdo-Tunisie_168377.jpg\",\"width\":301,\"height\":301,\"caption\":\"Webdo\"},\"image\":{\"@id\":\"https:\\\/\\\/www.webdo.tn\\\/fr\\\/#\\\/schema\\\/logo\\\/image\\\/\"},\"sameAs\":[\"https:\\\/\\\/www.facebook.com\\\/webdotn\",\"https:\\\/\\\/x.com\\\/webdo_tn\"],\"description\":\"Webdo est un m\u00e9dia num\u00e9rique tunisien fond\u00e9 en 2010, sp\u00e9cialis\u00e9 dans l\u2019actualit\u00e9 nationale et internationale, l\u2019\u00e9conomie, la soci\u00e9t\u00e9 et les analyses politiques. Le site s\u2019adresse \u00e0 un large public francophone et couvre l\u2019information tunisienne en temps r\u00e9el.\",\"email\":\"redac@webdo.tn\",\"legalName\":\"YNJ SARL\",\"foundingDate\":\"2010-09-06\",\"numberOfEmployees\":{\"@type\":\"QuantitativeValue\",\"minValue\":\"11\",\"maxValue\":\"50\"}},{\"@type\":\"Person\",\"@id\":\"https:\\\/\\\/www.webdo.tn\\\/fr\\\/#\\\/schema\\\/person\\\/b8a41c04d93287d375510db360906b34\",\"name\":\"AZ\",\"image\":{\"@type\":\"ImageObject\",\"inLanguage\":\"fr-FR\",\"@id\":\"https:\\\/\\\/secure.gravatar.com\\\/avatar\\\/492b80bada79439de4201dce15cd41eece6c277cfdf1b53382073c79105c1f89?s=96&d=mm&r=g\",\"url\":\"https:\\\/\\\/secure.gravatar.com\\\/avatar\\\/492b80bada79439de4201dce15cd41eece6c277cfdf1b53382073c79105c1f89?s=96&d=mm&r=g\",\"contentUrl\":\"https:\\\/\\\/secure.gravatar.com\\\/avatar\\\/492b80bada79439de4201dce15cd41eece6c277cfdf1b53382073c79105c1f89?s=96&d=mm&r=g\",\"caption\":\"AZ\"},\"url\":\"https:\\\/\\\/www.webdo.tn\\\/fr\\\/actualite\\\/author\\\/az\\\/\"}]}<\/script>\n<!-- \/ Yoast SEO Premium plugin. -->","yoast_head_json":{"title":"Tunisie : B\u00e9chir Akremi d\u00e9f\u00e9r\u00e9 devant la chambre criminelle","description":"Le 11 juin 2024, Habib Torkhani annonce le transfert de l'affaire de B\u00e9chir Akremi pour faux et usage de faux au tribunal de premi\u00e8re instance de Tunis, avec de...","canonical":"https:\/\/www.webdo.tn\/fr\/actualite\/national\/tunisie-bechir-akremi-defere-devant-la-chambre-criminelle\/214718\/","og_locale":"fr_FR","og_type":"article","og_title":"Tunisie : B\u00e9chir Akremi d\u00e9f\u00e9r\u00e9 devant la chambre criminelle","og_description":"Le 11 juin 2024, Habib Torkhani annonce le transfert de l'affaire de B\u00e9chir Akremi pour faux et usage de faux au tribunal de premi\u00e8re instance de Tunis, avec de...","og_url":"https:\/\/www.webdo.tn\/fr\/actualite\/national\/tunisie-bechir-akremi-defere-devant-la-chambre-criminelle\/214718\/","og_site_name":"webdo","article_publisher":"https:\/\/www.facebook.com\/webdotn","article_published_time":"2024-06-11T20:41:00+00:00","article_modified_time":"2025-05-21T09:05:39+00:00","og_image":[{"width":572,"height":305,"url":"https:\/\/www.webdo.tn\/fr\/wp-content\/uploads\/2024\/06\/31cb8cc5eca5449ed8b7277a01c66f78.webp","type":"image\/webp"}],"author":"AZ","twitter_card":"summary_large_image","twitter_creator":"@webdo_tn","twitter_site":"@webdo_tn","twitter_misc":{"\u00c9crit par":"AZ","Dur\u00e9e de lecture estim\u00e9e":"1 minute"},"schema":{"@context":"https:\/\/schema.org","@graph":[{"@type":"NewsArticle","@id":"https:\/\/www.webdo.tn\/fr\/actualite\/national\/tunisie-bechir-akremi-defere-devant-la-chambre-criminelle\/214718\/#article","isPartOf":{"@id":"https:\/\/www.webdo.tn\/fr\/actualite\/national\/tunisie-bechir-akremi-defere-devant-la-chambre-criminelle\/214718\/"},"author":{"name":"AZ","@id":"https:\/\/www.webdo.tn\/fr\/#\/schema\/person\/b8a41c04d93287d375510db360906b34"},"headline":"Tunisie : B\u00e9chir Akremi d\u00e9f\u00e9r\u00e9 devant la chambre criminelle","datePublished":"2024-06-11T20:41:00+00:00","dateModified":"2025-05-21T09:05:39+00:00","mainEntityOfPage":{"@id":"https:\/\/www.webdo.tn\/fr\/actualite\/national\/tunisie-bechir-akremi-defere-devant-la-chambre-criminelle\/214718\/"},"wordCount":255,"commentCount":0,"publisher":{"@id":"https:\/\/www.webdo.tn\/fr\/#organization"},"image":{"@id":"https:\/\/www.webdo.tn\/fr\/actualite\/national\/tunisie-bechir-akremi-defere-devant-la-chambre-criminelle\/214718\/#primaryimage"},"thumbnailUrl":"https:\/\/www.webdo.tn\/fr\/wp-content\/uploads\/2024\/06\/31cb8cc5eca5449ed8b7277a01c66f78.webp","keywords":["bechir akremi","chokri belaid","mohamed brahmi","Tunisie"],"articleSection":["National"],"inLanguage":"fr-FR"},{"@type":"WebPage","@id":"https:\/\/www.webdo.tn\/fr\/actualite\/national\/tunisie-bechir-akremi-defere-devant-la-chambre-criminelle\/214718\/","url":"https:\/\/www.webdo.tn\/fr\/actualite\/national\/tunisie-bechir-akremi-defere-devant-la-chambre-criminelle\/214718\/","name":"Tunisie : B\u00e9chir Akremi d\u00e9f\u00e9r\u00e9 devant la chambre criminelle","isPartOf":{"@id":"https:\/\/www.webdo.tn\/fr\/#website"},"primaryImageOfPage":{"@id":"https:\/\/www.webdo.tn\/fr\/actualite\/national\/tunisie-bechir-akremi-defere-devant-la-chambre-criminelle\/214718\/#primaryimage"},"image":{"@id":"https:\/\/www.webdo.tn\/fr\/actualite\/national\/tunisie-bechir-akremi-defere-devant-la-chambre-criminelle\/214718\/#primaryimage"},"thumbnailUrl":"https:\/\/www.webdo.tn\/fr\/wp-content\/uploads\/2024\/06\/31cb8cc5eca5449ed8b7277a01c66f78.webp","datePublished":"2024-06-11T20:41:00+00:00","dateModified":"2025-05-21T09:05:39+00:00","description":"Le 11 juin 2024, Habib Torkhani annonce le transfert de l'affaire de B\u00e9chir Akremi pour faux et usage de faux au tribunal de premi\u00e8re instance de Tunis, avec de...","breadcrumb":{"@id":"https:\/\/www.webdo.tn\/fr\/actualite\/national\/tunisie-bechir-akremi-defere-devant-la-chambre-criminelle\/214718\/#breadcrumb"},"inLanguage":"fr-FR","potentialAction":[{"@type":"ReadAction","target":["https:\/\/www.webdo.tn\/fr\/actualite\/national\/tunisie-bechir-akremi-defere-devant-la-chambre-criminelle\/214718\/"]}]},{"@type":"ImageObject","inLanguage":"fr-FR","@id":"https:\/\/www.webdo.tn\/fr\/actualite\/national\/tunisie-bechir-akremi-defere-devant-la-chambre-criminelle\/214718\/#primaryimage","url":"https:\/\/www.webdo.tn\/fr\/wp-content\/uploads\/2024\/06\/31cb8cc5eca5449ed8b7277a01c66f78.webp","contentUrl":"https:\/\/www.webdo.tn\/fr\/wp-content\/uploads\/2024\/06\/31cb8cc5eca5449ed8b7277a01c66f78.webp","width":572,"height":305,"caption":"Tunisie : B\u00e9chir Akremi d\u00e9f\u00e9r\u00e9 devant la chambre criminelle"},{"@type":"BreadcrumbList","@id":"https:\/\/www.webdo.tn\/fr\/actualite\/national\/tunisie-bechir-akremi-defere-devant-la-chambre-criminelle\/214718\/#breadcrumb","itemListElement":[{"@type":"ListItem","position":1,"name":"Accueil","item":"https:\/\/www.webdo.tn\/fr\/"},{"@type":"ListItem","position":2,"name":"Tunisie : B\u00e9chir Akremi d\u00e9f\u00e9r\u00e9 devant la chambre criminelle"}]},{"@type":"WebSite","@id":"https:\/\/www.webdo.tn\/fr\/#website","url":"https:\/\/www.webdo.tn\/fr\/","name":"webdo","description":"Tunisie - News en Tunisie et \u00e0 l&#039;international sur Webdo.tn","publisher":{"@id":"https:\/\/www.webdo.tn\/fr\/#organization"},"potentialAction":[{"@type":"SearchAction","target":{"@type":"EntryPoint","urlTemplate":"https:\/\/www.webdo.tn\/fr\/?s={search_term_string}"},"query-input":{"@type":"PropertyValueSpecification","valueRequired":true,"valueName":"search_term_string"}}],"inLanguage":"fr-FR"},{"@type":"Organization","@id":"https:\/\/www.webdo.tn\/fr\/#organization","name":"Webdo","alternateName":"Webdo.tn","url":"https:\/\/www.webdo.tn\/fr\/","logo":{"@type":"ImageObject","inLanguage":"fr-FR","@id":"https:\/\/www.webdo.tn\/fr\/#\/schema\/logo\/image\/","url":"https:\/\/www.webdo.tn\/fr\/wp-content\/uploads\/2025\/06\/Webdo-Tunisie_168377.jpg","contentUrl":"https:\/\/www.webdo.tn\/fr\/wp-content\/uploads\/2025\/06\/Webdo-Tunisie_168377.jpg","width":301,"height":301,"caption":"Webdo"},"image":{"@id":"https:\/\/www.webdo.tn\/fr\/#\/schema\/logo\/image\/"},"sameAs":["https:\/\/www.facebook.com\/webdotn","https:\/\/x.com\/webdo_tn"],"description":"Webdo est un m\u00e9dia num\u00e9rique tunisien fond\u00e9 en 2010, sp\u00e9cialis\u00e9 dans l\u2019actualit\u00e9 nationale et internationale, l\u2019\u00e9conomie, la soci\u00e9t\u00e9 et les analyses politiques. Le site s\u2019adresse \u00e0 un large public francophone et couvre l\u2019information tunisienne en temps r\u00e9el.","email":"redac@webdo.tn","legalName":"YNJ SARL","foundingDate":"2010-09-06","numberOfEmployees":{"@type":"QuantitativeValue","minValue":"11","maxValue":"50"}},{"@type":"Person","@id":"https:\/\/www.webdo.tn\/fr\/#\/schema\/person\/b8a41c04d93287d375510db360906b34","name":"AZ","image":{"@type":"ImageObject","inLanguage":"fr-FR","@id":"https:\/\/secure.gravatar.com\/avatar\/492b80bada79439de4201dce15cd41eece6c277cfdf1b53382073c79105c1f89?s=96&d=mm&r=g","url":"https:\/\/secure.gravatar.com\/avatar\/492b80bada79439de4201dce15cd41eece6c277cfdf1b53382073c79105c1f89?s=96&d=mm&r=g","contentUrl":"https:\/\/secure.gravatar.com\/avatar\/492b80bada79439de4201dce15cd41eece6c277cfdf1b53382073c79105c1f89?s=96&d=mm&r=g","caption":"AZ"},"url":"https:\/\/www.webdo.tn\/fr\/actualite\/author\/az\/"}]}},"_links":{"self":[{"href":"https:\/\/www.webdo.tn\/fr\/wp-json\/wp\/v2\/posts\/214718","targetHints":{"allow":["GET"]}}],"collection":[{"href":"https:\/\/www.webdo.tn\/fr\/wp-json\/wp\/v2\/posts"}],"about":[{"href":"https:\/\/www.webdo.tn\/fr\/wp-json\/wp\/v2\/types\/post"}],"author":[{"embeddable":true,"href":"https:\/\/www.webdo.tn\/fr\/wp-json\/wp\/v2\/users\/3166"}],"replies":[{"embeddable":true,"href":"https:\/\/www.webdo.tn\/fr\/wp-json\/wp\/v2\/comments?post=214718"}],"version-history":[{"count":0,"href":"https:\/\/www.webdo.tn\/fr\/wp-json\/wp\/v2\/posts\/214718\/revisions"}],"wp:featuredmedia":[{"embeddable":true,"href":"https:\/\/www.webdo.tn\/fr\/wp-json\/wp\/v2\/media\/290717"}],"wp:attachment":[{"href":"https:\/\/www.webdo.tn\/fr\/wp-json\/wp\/v2\/media?parent=214718"}],"wp:term":[{"taxonomy":"category","embeddable":true,"href":"https:\/\/www.webdo.tn\/fr\/wp-json\/wp\/v2\/categories?post=214718"},{"taxonomy":"post_tag","embeddable":true,"href":"https:\/\/www.webdo.tn\/fr\/wp-json\/wp\/v2\/tags?post=214718"}],"curies":[{"name":"wp","href":"https:\/\/api.w.org\/{rel}","templated":true}]}}