{"id":214717,"date":"2024-06-11T19:51:00","date_gmt":"2024-06-11T19:51:00","guid":{"rendered":"https:\/\/www.webdo.tn\/fr\/blog\/tunisie-fin-de-mission-pour-le-chef-de-cabinet-du-ministre-de-l-interieur\/214717\/"},"modified":"2025-05-21T09:05:36","modified_gmt":"2025-05-21T09:05:36","slug":"tunisie-fin-de-mission-pour-le-chef-de-cabinet-du-ministre-de-l-interieur","status":"publish","type":"post","link":"https:\/\/www.webdo.tn\/fr\/actualite\/national\/tunisie-fin-de-mission-pour-le-chef-de-cabinet-du-ministre-de-l-interieur\/214717\/","title":{"rendered":"Tunisie : Fin de mission pour le chef de cabinet du ministre de l&rsquo;Int\u00e9rieur"},"content":{"rendered":"<p>Dans le dernier num\u00e9ro du Journal Officiel de la R\u00e9publique Tunisienne, publi\u00e9 ce mardi 11 juin 2024, plusieurs d\u00e9cisions importantes ont \u00e9t\u00e9 annonc\u00e9es concernant l&rsquo;administration du Minist\u00e8re de l&rsquo;Int\u00e9rieur.<\/p>\n<p>\t\t\t\t\t\t\t\t\tParmi elles, l&rsquo;arr\u00eat\u00e9 num\u00e9ro 354 de l&rsquo;ann\u00e9e 2024, dat\u00e9 du 10 juin, stipule la fin des fonctions de Abdelmajid Khalfallah en tant que Chef de Cabinet du Ministre de l&rsquo;Int\u00e9rieur, \u00e0 compter du 27 mai dernier.<\/p>\n<p>Abdelmajid Khalfallah, professeur principal \u00e9m\u00e9rite, a occup\u00e9 ce poste cl\u00e9 au sein du minist\u00e8re, o\u00f9 il a jou\u00e9 un r\u00f4le significatif dans la gestion des affaires int\u00e9rieures du pays. Sa mission s&rsquo;est termin\u00e9e officiellement \u00e0 la fin du mois de mai, comme pr\u00e9cis\u00e9 par l&rsquo;arr\u00eat\u00e9 officiel.<\/p>\n<p>Le m\u00eame num\u00e9ro du Journal Officiel comprend \u00e9galement un second arr\u00eat\u00e9, num\u00e9ro 355, qui met fin \u00e0 ses fonctions en tant que charg\u00e9 de mission au Cabinet du Ministre de l&rsquo;Int\u00e9rieur.<\/p>\n","protected":false},"excerpt":{"rendered":"<p>Le Journal Officiel de la R\u00e9publique Tunisienne annonce la fin des fonctions de Abdelmajid Khalfallah, ancien Chef de Cabinet du Ministre de l&rsquo;Int\u00e9rieur, dans l&#8230;<\/p>\n","protected":false},"author":3166,"featured_media":290715,"comment_status":"open","ping_status":"closed","sticky":false,"template":"","format":"standard","meta":{"footnotes":""},"categories":[44],"tags":[3076,2608],"class_list":["post-214717","post","type-post","status-publish","format-standard","has-post-thumbnail","hentry","category-national","tag-ministere-de-linterieur","tag-tunisie"],"yoast_head":"<!-- This site is optimized with the Yoast SEO Premium plugin v27.4 (Yoast SEO v27.4) - https:\/\/yoast.com\/product\/yoast-seo-premium-wordpress\/ -->\n<title>Tunisie : Fin de mission pour le chef de cabinet du ministre de l&#039;Int\u00e9rieur<\/title>\n<meta name=\"description\" content=\"Le Journal Officiel de la R\u00e9publique Tunisienne annonce la fin des fonctions de Abdelmajid Khalfallah, ancien Chef de Cabinet du Ministre de l&#039;Int\u00e9rieur, dans l...\" \/>\n<link rel=\"canonical\" href=\"https:\/\/www.webdo.tn\/fr\/actualite\/national\/tunisie-fin-de-mission-pour-le-chef-de-cabinet-du-ministre-de-l-interieur\/214717\/\" \/>\n<meta property=\"og:locale\" content=\"fr_FR\" \/>\n<meta property=\"og:type\" content=\"article\" \/>\n<meta property=\"og:title\" content=\"Tunisie : Fin de mission pour le chef de cabinet du ministre de l&#039;Int\u00e9rieur\" \/>\n<meta property=\"og:description\" content=\"Le Journal Officiel de la R\u00e9publique Tunisienne annonce la fin des fonctions de Abdelmajid Khalfallah, ancien Chef de Cabinet du Ministre de l&#039;Int\u00e9rieur, dans l...\" \/>\n<meta property=\"og:url\" content=\"https:\/\/www.webdo.tn\/fr\/actualite\/national\/tunisie-fin-de-mission-pour-le-chef-de-cabinet-du-ministre-de-l-interieur\/214717\/\" \/>\n<meta property=\"og:site_name\" content=\"webdo\" \/>\n<meta property=\"article:publisher\" content=\"https:\/\/www.facebook.com\/webdotn\" \/>\n<meta property=\"article:published_time\" content=\"2024-06-11T19:51:00+00:00\" \/>\n<meta property=\"article:modified_time\" content=\"2025-05-21T09:05:36+00:00\" \/>\n<meta property=\"og:image\" content=\"https:\/\/www.webdo.tn\/fr\/wp-content\/uploads\/2024\/06\/1d3f14857285dbb76ce71a476d5c0832.webp\" \/>\n\t<meta property=\"og:image:width\" content=\"750\" \/>\n\t<meta property=\"og:image:height\" content=\"400\" \/>\n\t<meta property=\"og:image:type\" content=\"image\/webp\" \/>\n<meta name=\"author\" content=\"AZ\" \/>\n<meta name=\"twitter:card\" content=\"summary_large_image\" \/>\n<meta name=\"twitter:creator\" content=\"@webdo_tn\" \/>\n<meta name=\"twitter:site\" content=\"@webdo_tn\" \/>\n<meta name=\"twitter:label1\" content=\"\u00c9crit par\" \/>\n\t<meta name=\"twitter:data1\" content=\"AZ\" \/>\n\t<meta name=\"twitter:label2\" content=\"Dur\u00e9e de lecture estim\u00e9e\" \/>\n\t<meta name=\"twitter:data2\" content=\"1 minute\" \/>\n<script type=\"application\/ld+json\" class=\"yoast-schema-graph\">{\"@context\":\"https:\\\/\\\/schema.org\",\"@graph\":[{\"@type\":\"NewsArticle\",\"@id\":\"https:\\\/\\\/www.webdo.tn\\\/fr\\\/actualite\\\/national\\\/tunisie-fin-de-mission-pour-le-chef-de-cabinet-du-ministre-de-l-interieur\\\/214717\\\/#article\",\"isPartOf\":{\"@id\":\"https:\\\/\\\/www.webdo.tn\\\/fr\\\/actualite\\\/national\\\/tunisie-fin-de-mission-pour-le-chef-de-cabinet-du-ministre-de-l-interieur\\\/214717\\\/\"},\"author\":{\"name\":\"AZ\",\"@id\":\"https:\\\/\\\/www.webdo.tn\\\/fr\\\/#\\\/schema\\\/person\\\/b8a41c04d93287d375510db360906b34\"},\"headline\":\"Tunisie : Fin de mission pour le chef de cabinet du ministre de l&rsquo;Int\u00e9rieur\",\"datePublished\":\"2024-06-11T19:51:00+00:00\",\"dateModified\":\"2025-05-21T09:05:36+00:00\",\"mainEntityOfPage\":{\"@id\":\"https:\\\/\\\/www.webdo.tn\\\/fr\\\/actualite\\\/national\\\/tunisie-fin-de-mission-pour-le-chef-de-cabinet-du-ministre-de-l-interieur\\\/214717\\\/\"},\"wordCount\":177,\"commentCount\":0,\"publisher\":{\"@id\":\"https:\\\/\\\/www.webdo.tn\\\/fr\\\/#organization\"},\"image\":{\"@id\":\"https:\\\/\\\/www.webdo.tn\\\/fr\\\/actualite\\\/national\\\/tunisie-fin-de-mission-pour-le-chef-de-cabinet-du-ministre-de-l-interieur\\\/214717\\\/#primaryimage\"},\"thumbnailUrl\":\"https:\\\/\\\/www.webdo.tn\\\/fr\\\/wp-content\\\/uploads\\\/2024\\\/06\\\/1d3f14857285dbb76ce71a476d5c0832.webp\",\"keywords\":[\"minist\u00e8re de l'int\u00e9rieur\",\"Tunisie\"],\"articleSection\":[\"National\"],\"inLanguage\":\"fr-FR\"},{\"@type\":\"WebPage\",\"@id\":\"https:\\\/\\\/www.webdo.tn\\\/fr\\\/actualite\\\/national\\\/tunisie-fin-de-mission-pour-le-chef-de-cabinet-du-ministre-de-l-interieur\\\/214717\\\/\",\"url\":\"https:\\\/\\\/www.webdo.tn\\\/fr\\\/actualite\\\/national\\\/tunisie-fin-de-mission-pour-le-chef-de-cabinet-du-ministre-de-l-interieur\\\/214717\\\/\",\"name\":\"Tunisie : Fin de mission pour le chef de cabinet du ministre de l'Int\u00e9rieur\",\"isPartOf\":{\"@id\":\"https:\\\/\\\/www.webdo.tn\\\/fr\\\/#website\"},\"primaryImageOfPage\":{\"@id\":\"https:\\\/\\\/www.webdo.tn\\\/fr\\\/actualite\\\/national\\\/tunisie-fin-de-mission-pour-le-chef-de-cabinet-du-ministre-de-l-interieur\\\/214717\\\/#primaryimage\"},\"image\":{\"@id\":\"https:\\\/\\\/www.webdo.tn\\\/fr\\\/actualite\\\/national\\\/tunisie-fin-de-mission-pour-le-chef-de-cabinet-du-ministre-de-l-interieur\\\/214717\\\/#primaryimage\"},\"thumbnailUrl\":\"https:\\\/\\\/www.webdo.tn\\\/fr\\\/wp-content\\\/uploads\\\/2024\\\/06\\\/1d3f14857285dbb76ce71a476d5c0832.webp\",\"datePublished\":\"2024-06-11T19:51:00+00:00\",\"dateModified\":\"2025-05-21T09:05:36+00:00\",\"description\":\"Le Journal Officiel de la R\u00e9publique Tunisienne annonce la fin des fonctions de Abdelmajid Khalfallah, ancien Chef de Cabinet du Ministre de l'Int\u00e9rieur, dans l...\",\"breadcrumb\":{\"@id\":\"https:\\\/\\\/www.webdo.tn\\\/fr\\\/actualite\\\/national\\\/tunisie-fin-de-mission-pour-le-chef-de-cabinet-du-ministre-de-l-interieur\\\/214717\\\/#breadcrumb\"},\"inLanguage\":\"fr-FR\",\"potentialAction\":[{\"@type\":\"ReadAction\",\"target\":[\"https:\\\/\\\/www.webdo.tn\\\/fr\\\/actualite\\\/national\\\/tunisie-fin-de-mission-pour-le-chef-de-cabinet-du-ministre-de-l-interieur\\\/214717\\\/\"]}]},{\"@type\":\"ImageObject\",\"inLanguage\":\"fr-FR\",\"@id\":\"https:\\\/\\\/www.webdo.tn\\\/fr\\\/actualite\\\/national\\\/tunisie-fin-de-mission-pour-le-chef-de-cabinet-du-ministre-de-l-interieur\\\/214717\\\/#primaryimage\",\"url\":\"https:\\\/\\\/www.webdo.tn\\\/fr\\\/wp-content\\\/uploads\\\/2024\\\/06\\\/1d3f14857285dbb76ce71a476d5c0832.webp\",\"contentUrl\":\"https:\\\/\\\/www.webdo.tn\\\/fr\\\/wp-content\\\/uploads\\\/2024\\\/06\\\/1d3f14857285dbb76ce71a476d5c0832.webp\",\"width\":750,\"height\":400,\"caption\":\"Tunisie : Fin de mission pour le chef de cabinet du ministre de l'Int\u00e9rieur\"},{\"@type\":\"BreadcrumbList\",\"@id\":\"https:\\\/\\\/www.webdo.tn\\\/fr\\\/actualite\\\/national\\\/tunisie-fin-de-mission-pour-le-chef-de-cabinet-du-ministre-de-l-interieur\\\/214717\\\/#breadcrumb\",\"itemListElement\":[{\"@type\":\"ListItem\",\"position\":1,\"name\":\"Accueil\",\"item\":\"https:\\\/\\\/www.webdo.tn\\\/fr\\\/\"},{\"@type\":\"ListItem\",\"position\":2,\"name\":\"Tunisie : Fin de mission pour le chef de cabinet du ministre de l&rsquo;Int\u00e9rieur\"}]},{\"@type\":\"WebSite\",\"@id\":\"https:\\\/\\\/www.webdo.tn\\\/fr\\\/#website\",\"url\":\"https:\\\/\\\/www.webdo.tn\\\/fr\\\/\",\"name\":\"webdo\",\"description\":\"Tunisie - News en Tunisie et \u00e0 l&#039;international sur Webdo.tn\",\"publisher\":{\"@id\":\"https:\\\/\\\/www.webdo.tn\\\/fr\\\/#organization\"},\"potentialAction\":[{\"@type\":\"SearchAction\",\"target\":{\"@type\":\"EntryPoint\",\"urlTemplate\":\"https:\\\/\\\/www.webdo.tn\\\/fr\\\/?s={search_term_string}\"},\"query-input\":{\"@type\":\"PropertyValueSpecification\",\"valueRequired\":true,\"valueName\":\"search_term_string\"}}],\"inLanguage\":\"fr-FR\"},{\"@type\":\"Organization\",\"@id\":\"https:\\\/\\\/www.webdo.tn\\\/fr\\\/#organization\",\"name\":\"Webdo\",\"alternateName\":\"Webdo.tn\",\"url\":\"https:\\\/\\\/www.webdo.tn\\\/fr\\\/\",\"logo\":{\"@type\":\"ImageObject\",\"inLanguage\":\"fr-FR\",\"@id\":\"https:\\\/\\\/www.webdo.tn\\\/fr\\\/#\\\/schema\\\/logo\\\/image\\\/\",\"url\":\"https:\\\/\\\/www.webdo.tn\\\/fr\\\/wp-content\\\/uploads\\\/2025\\\/06\\\/Webdo-Tunisie_168377.jpg\",\"contentUrl\":\"https:\\\/\\\/www.webdo.tn\\\/fr\\\/wp-content\\\/uploads\\\/2025\\\/06\\\/Webdo-Tunisie_168377.jpg\",\"width\":301,\"height\":301,\"caption\":\"Webdo\"},\"image\":{\"@id\":\"https:\\\/\\\/www.webdo.tn\\\/fr\\\/#\\\/schema\\\/logo\\\/image\\\/\"},\"sameAs\":[\"https:\\\/\\\/www.facebook.com\\\/webdotn\",\"https:\\\/\\\/x.com\\\/webdo_tn\"],\"description\":\"Webdo est un m\u00e9dia num\u00e9rique tunisien fond\u00e9 en 2010, sp\u00e9cialis\u00e9 dans l\u2019actualit\u00e9 nationale et internationale, l\u2019\u00e9conomie, la soci\u00e9t\u00e9 et les analyses politiques. Le site s\u2019adresse \u00e0 un large public francophone et couvre l\u2019information tunisienne en temps r\u00e9el.\",\"email\":\"redac@webdo.tn\",\"legalName\":\"YNJ SARL\",\"foundingDate\":\"2010-09-06\",\"numberOfEmployees\":{\"@type\":\"QuantitativeValue\",\"minValue\":\"11\",\"maxValue\":\"50\"}},{\"@type\":\"Person\",\"@id\":\"https:\\\/\\\/www.webdo.tn\\\/fr\\\/#\\\/schema\\\/person\\\/b8a41c04d93287d375510db360906b34\",\"name\":\"AZ\",\"image\":{\"@type\":\"ImageObject\",\"inLanguage\":\"fr-FR\",\"@id\":\"https:\\\/\\\/secure.gravatar.com\\\/avatar\\\/492b80bada79439de4201dce15cd41eece6c277cfdf1b53382073c79105c1f89?s=96&d=mm&r=g\",\"url\":\"https:\\\/\\\/secure.gravatar.com\\\/avatar\\\/492b80bada79439de4201dce15cd41eece6c277cfdf1b53382073c79105c1f89?s=96&d=mm&r=g\",\"contentUrl\":\"https:\\\/\\\/secure.gravatar.com\\\/avatar\\\/492b80bada79439de4201dce15cd41eece6c277cfdf1b53382073c79105c1f89?s=96&d=mm&r=g\",\"caption\":\"AZ\"},\"url\":\"https:\\\/\\\/www.webdo.tn\\\/fr\\\/actualite\\\/author\\\/az\\\/\"}]}<\/script>\n<!-- \/ Yoast SEO Premium plugin. -->","yoast_head_json":{"title":"Tunisie : Fin de mission pour le chef de cabinet du ministre de l'Int\u00e9rieur","description":"Le Journal Officiel de la R\u00e9publique Tunisienne annonce la fin des fonctions de Abdelmajid Khalfallah, ancien Chef de Cabinet du Ministre de l'Int\u00e9rieur, dans l...","canonical":"https:\/\/www.webdo.tn\/fr\/actualite\/national\/tunisie-fin-de-mission-pour-le-chef-de-cabinet-du-ministre-de-l-interieur\/214717\/","og_locale":"fr_FR","og_type":"article","og_title":"Tunisie : Fin de mission pour le chef de cabinet du ministre de l'Int\u00e9rieur","og_description":"Le Journal Officiel de la R\u00e9publique Tunisienne annonce la fin des fonctions de Abdelmajid Khalfallah, ancien Chef de Cabinet du Ministre de l'Int\u00e9rieur, dans l...","og_url":"https:\/\/www.webdo.tn\/fr\/actualite\/national\/tunisie-fin-de-mission-pour-le-chef-de-cabinet-du-ministre-de-l-interieur\/214717\/","og_site_name":"webdo","article_publisher":"https:\/\/www.facebook.com\/webdotn","article_published_time":"2024-06-11T19:51:00+00:00","article_modified_time":"2025-05-21T09:05:36+00:00","og_image":[{"width":750,"height":400,"url":"https:\/\/www.webdo.tn\/fr\/wp-content\/uploads\/2024\/06\/1d3f14857285dbb76ce71a476d5c0832.webp","type":"image\/webp"}],"author":"AZ","twitter_card":"summary_large_image","twitter_creator":"@webdo_tn","twitter_site":"@webdo_tn","twitter_misc":{"\u00c9crit par":"AZ","Dur\u00e9e de lecture estim\u00e9e":"1 minute"},"schema":{"@context":"https:\/\/schema.org","@graph":[{"@type":"NewsArticle","@id":"https:\/\/www.webdo.tn\/fr\/actualite\/national\/tunisie-fin-de-mission-pour-le-chef-de-cabinet-du-ministre-de-l-interieur\/214717\/#article","isPartOf":{"@id":"https:\/\/www.webdo.tn\/fr\/actualite\/national\/tunisie-fin-de-mission-pour-le-chef-de-cabinet-du-ministre-de-l-interieur\/214717\/"},"author":{"name":"AZ","@id":"https:\/\/www.webdo.tn\/fr\/#\/schema\/person\/b8a41c04d93287d375510db360906b34"},"headline":"Tunisie : Fin de mission pour le chef de cabinet du ministre de l&rsquo;Int\u00e9rieur","datePublished":"2024-06-11T19:51:00+00:00","dateModified":"2025-05-21T09:05:36+00:00","mainEntityOfPage":{"@id":"https:\/\/www.webdo.tn\/fr\/actualite\/national\/tunisie-fin-de-mission-pour-le-chef-de-cabinet-du-ministre-de-l-interieur\/214717\/"},"wordCount":177,"commentCount":0,"publisher":{"@id":"https:\/\/www.webdo.tn\/fr\/#organization"},"image":{"@id":"https:\/\/www.webdo.tn\/fr\/actualite\/national\/tunisie-fin-de-mission-pour-le-chef-de-cabinet-du-ministre-de-l-interieur\/214717\/#primaryimage"},"thumbnailUrl":"https:\/\/www.webdo.tn\/fr\/wp-content\/uploads\/2024\/06\/1d3f14857285dbb76ce71a476d5c0832.webp","keywords":["minist\u00e8re de l'int\u00e9rieur","Tunisie"],"articleSection":["National"],"inLanguage":"fr-FR"},{"@type":"WebPage","@id":"https:\/\/www.webdo.tn\/fr\/actualite\/national\/tunisie-fin-de-mission-pour-le-chef-de-cabinet-du-ministre-de-l-interieur\/214717\/","url":"https:\/\/www.webdo.tn\/fr\/actualite\/national\/tunisie-fin-de-mission-pour-le-chef-de-cabinet-du-ministre-de-l-interieur\/214717\/","name":"Tunisie : Fin de mission pour le chef de cabinet du ministre de l'Int\u00e9rieur","isPartOf":{"@id":"https:\/\/www.webdo.tn\/fr\/#website"},"primaryImageOfPage":{"@id":"https:\/\/www.webdo.tn\/fr\/actualite\/national\/tunisie-fin-de-mission-pour-le-chef-de-cabinet-du-ministre-de-l-interieur\/214717\/#primaryimage"},"image":{"@id":"https:\/\/www.webdo.tn\/fr\/actualite\/national\/tunisie-fin-de-mission-pour-le-chef-de-cabinet-du-ministre-de-l-interieur\/214717\/#primaryimage"},"thumbnailUrl":"https:\/\/www.webdo.tn\/fr\/wp-content\/uploads\/2024\/06\/1d3f14857285dbb76ce71a476d5c0832.webp","datePublished":"2024-06-11T19:51:00+00:00","dateModified":"2025-05-21T09:05:36+00:00","description":"Le Journal Officiel de la R\u00e9publique Tunisienne annonce la fin des fonctions de Abdelmajid Khalfallah, ancien Chef de Cabinet du Ministre de l'Int\u00e9rieur, dans l...","breadcrumb":{"@id":"https:\/\/www.webdo.tn\/fr\/actualite\/national\/tunisie-fin-de-mission-pour-le-chef-de-cabinet-du-ministre-de-l-interieur\/214717\/#breadcrumb"},"inLanguage":"fr-FR","potentialAction":[{"@type":"ReadAction","target":["https:\/\/www.webdo.tn\/fr\/actualite\/national\/tunisie-fin-de-mission-pour-le-chef-de-cabinet-du-ministre-de-l-interieur\/214717\/"]}]},{"@type":"ImageObject","inLanguage":"fr-FR","@id":"https:\/\/www.webdo.tn\/fr\/actualite\/national\/tunisie-fin-de-mission-pour-le-chef-de-cabinet-du-ministre-de-l-interieur\/214717\/#primaryimage","url":"https:\/\/www.webdo.tn\/fr\/wp-content\/uploads\/2024\/06\/1d3f14857285dbb76ce71a476d5c0832.webp","contentUrl":"https:\/\/www.webdo.tn\/fr\/wp-content\/uploads\/2024\/06\/1d3f14857285dbb76ce71a476d5c0832.webp","width":750,"height":400,"caption":"Tunisie : Fin de mission pour le chef de cabinet du ministre de l'Int\u00e9rieur"},{"@type":"BreadcrumbList","@id":"https:\/\/www.webdo.tn\/fr\/actualite\/national\/tunisie-fin-de-mission-pour-le-chef-de-cabinet-du-ministre-de-l-interieur\/214717\/#breadcrumb","itemListElement":[{"@type":"ListItem","position":1,"name":"Accueil","item":"https:\/\/www.webdo.tn\/fr\/"},{"@type":"ListItem","position":2,"name":"Tunisie : Fin de mission pour le chef de cabinet du ministre de l&rsquo;Int\u00e9rieur"}]},{"@type":"WebSite","@id":"https:\/\/www.webdo.tn\/fr\/#website","url":"https:\/\/www.webdo.tn\/fr\/","name":"webdo","description":"Tunisie - News en Tunisie et \u00e0 l&#039;international sur Webdo.tn","publisher":{"@id":"https:\/\/www.webdo.tn\/fr\/#organization"},"potentialAction":[{"@type":"SearchAction","target":{"@type":"EntryPoint","urlTemplate":"https:\/\/www.webdo.tn\/fr\/?s={search_term_string}"},"query-input":{"@type":"PropertyValueSpecification","valueRequired":true,"valueName":"search_term_string"}}],"inLanguage":"fr-FR"},{"@type":"Organization","@id":"https:\/\/www.webdo.tn\/fr\/#organization","name":"Webdo","alternateName":"Webdo.tn","url":"https:\/\/www.webdo.tn\/fr\/","logo":{"@type":"ImageObject","inLanguage":"fr-FR","@id":"https:\/\/www.webdo.tn\/fr\/#\/schema\/logo\/image\/","url":"https:\/\/www.webdo.tn\/fr\/wp-content\/uploads\/2025\/06\/Webdo-Tunisie_168377.jpg","contentUrl":"https:\/\/www.webdo.tn\/fr\/wp-content\/uploads\/2025\/06\/Webdo-Tunisie_168377.jpg","width":301,"height":301,"caption":"Webdo"},"image":{"@id":"https:\/\/www.webdo.tn\/fr\/#\/schema\/logo\/image\/"},"sameAs":["https:\/\/www.facebook.com\/webdotn","https:\/\/x.com\/webdo_tn"],"description":"Webdo est un m\u00e9dia num\u00e9rique tunisien fond\u00e9 en 2010, sp\u00e9cialis\u00e9 dans l\u2019actualit\u00e9 nationale et internationale, l\u2019\u00e9conomie, la soci\u00e9t\u00e9 et les analyses politiques. Le site s\u2019adresse \u00e0 un large public francophone et couvre l\u2019information tunisienne en temps r\u00e9el.","email":"redac@webdo.tn","legalName":"YNJ SARL","foundingDate":"2010-09-06","numberOfEmployees":{"@type":"QuantitativeValue","minValue":"11","maxValue":"50"}},{"@type":"Person","@id":"https:\/\/www.webdo.tn\/fr\/#\/schema\/person\/b8a41c04d93287d375510db360906b34","name":"AZ","image":{"@type":"ImageObject","inLanguage":"fr-FR","@id":"https:\/\/secure.gravatar.com\/avatar\/492b80bada79439de4201dce15cd41eece6c277cfdf1b53382073c79105c1f89?s=96&d=mm&r=g","url":"https:\/\/secure.gravatar.com\/avatar\/492b80bada79439de4201dce15cd41eece6c277cfdf1b53382073c79105c1f89?s=96&d=mm&r=g","contentUrl":"https:\/\/secure.gravatar.com\/avatar\/492b80bada79439de4201dce15cd41eece6c277cfdf1b53382073c79105c1f89?s=96&d=mm&r=g","caption":"AZ"},"url":"https:\/\/www.webdo.tn\/fr\/actualite\/author\/az\/"}]}},"_links":{"self":[{"href":"https:\/\/www.webdo.tn\/fr\/wp-json\/wp\/v2\/posts\/214717","targetHints":{"allow":["GET"]}}],"collection":[{"href":"https:\/\/www.webdo.tn\/fr\/wp-json\/wp\/v2\/posts"}],"about":[{"href":"https:\/\/www.webdo.tn\/fr\/wp-json\/wp\/v2\/types\/post"}],"author":[{"embeddable":true,"href":"https:\/\/www.webdo.tn\/fr\/wp-json\/wp\/v2\/users\/3166"}],"replies":[{"embeddable":true,"href":"https:\/\/www.webdo.tn\/fr\/wp-json\/wp\/v2\/comments?post=214717"}],"version-history":[{"count":0,"href":"https:\/\/www.webdo.tn\/fr\/wp-json\/wp\/v2\/posts\/214717\/revisions"}],"wp:featuredmedia":[{"embeddable":true,"href":"https:\/\/www.webdo.tn\/fr\/wp-json\/wp\/v2\/media\/290715"}],"wp:attachment":[{"href":"https:\/\/www.webdo.tn\/fr\/wp-json\/wp\/v2\/media?parent=214717"}],"wp:term":[{"taxonomy":"category","embeddable":true,"href":"https:\/\/www.webdo.tn\/fr\/wp-json\/wp\/v2\/categories?post=214717"},{"taxonomy":"post_tag","embeddable":true,"href":"https:\/\/www.webdo.tn\/fr\/wp-json\/wp\/v2\/tags?post=214717"}],"curies":[{"name":"wp","href":"https:\/\/api.w.org\/{rel}","templated":true}]}}