{"id":214708,"date":"2024-06-11T14:30:00","date_gmt":"2024-06-11T14:30:00","guid":{"rendered":"https:\/\/www.webdo.tn\/fr\/blog\/tunisie-nouveau-mandat-de-depot-a-l-encontre-sonia-dahmani\/214708\/"},"modified":"2025-05-20T22:53:55","modified_gmt":"2025-05-20T22:53:55","slug":"tunisie-nouveau-mandat-de-depot-a-l-encontre-sonia-dahmani","status":"publish","type":"post","link":"https:\/\/www.webdo.tn\/fr\/actualite\/national\/tunisie-nouveau-mandat-de-depot-a-l-encontre-sonia-dahmani\/214708\/","title":{"rendered":"Tunisie : Nouveau mandat de d\u00e9p\u00f4t \u00e0 l\u2019encontre Sonia Dahmani"},"content":{"rendered":"<p>L\u2019avocate Sonia Dahmani, en d\u00e9tention depuis le 11 mai dernier, a comparu, aujourd\u2019hui devant le bureau d\u2019enqu\u00eate n\u00b035 pour l\u2019examen de deux affaires pour lesquelles elle est poursuivie, selon les dispositions du d\u00e9cret 54.<\/p>\n<p>\t\t\t\t\t\t\t\t\tLe juge d&rsquo;instruction a d\u00e9livr\u00e9 un nouveau mandat de d\u00e9p\u00f4t \u00e0 l&rsquo;encontre de l&rsquo;avocate Samia Dahmani, ce mardi 11 juin 2024 apr\u00e8s sa comparution, devant le bureau d\u2019enqu\u00eate n\u00b035 pour l\u2019examen de deux affaires pour lesquelles elle est poursuivie, selon les dispositions du d\u00e9cret 54.<\/p>\n<p>A l&rsquo;issue de son interrogatoire, il a \u00e9t\u00e9 d\u00e9cid\u00e9 de la maintenir en \u00e9tat de libert\u00e9 dans une premi\u00e8re affaire, alors qu&rsquo;un mandat de d\u00e9p\u00f4t a \u00e9t\u00e9 d\u00e9livr\u00e9 \u00e0 son encontre dans une deuxi\u00e8me affaire.<\/p>\n<p>Les deux affaires portent sur d\u2019anciennes d\u00e9clarations de l\u2019avocate, sachant que Sonia Dahmani est confront\u00e9e \u00e0 trois autres affaires : une concernant ses r\u00e9centes d\u00e9clarations sur la cha\u00eene Carthage+, une deuxi\u00e8me concernant des d\u00e9clarations ant\u00e9rieures, et une troisi\u00e8me concernant la plainte d\u00e9pos\u00e9e par la ministre de la Justice \u00e0 propos de ses d\u00e9clarations sur les conditions de d\u00e9tention des prisonniers.<\/p>\n<p>Dans l\u2019affaire ayant trait \u00e0 ses d\u00e9clarations sur la cha\u00eene Carthage+, un mandat de d\u00e9p\u00f4t avait \u00e9t\u00e9 d\u00e9livr\u00e9 \u00e0 son encontre pour ses d\u00e9clarations sur le plateau de l&rsquo;\u00e9mission \u00ab\u00a0Donya Zina\u00a0\u00bb lorsqu&rsquo;elle a abord\u00e9 la question des migrants en Tunisie.<\/p>\n","protected":false},"excerpt":{"rendered":"<p>Le juge d&rsquo;instruction a d\u00e9livr\u00e9 un nouveau mandat de d\u00e9p\u00f4t \u00e0 l&rsquo;encontre de l&rsquo;avocate Samia Dahmani, ce mardi 11 juin 2024 apr\u00e8s sa comparution, devant le bureau&#8230;<\/p>\n","protected":false},"author":3175,"featured_media":290712,"comment_status":"open","ping_status":"closed","sticky":false,"template":"","format":"standard","meta":{"footnotes":""},"categories":[44],"tags":[3284,2619,2886,3313,2608],"class_list":["post-214708","post","type-post","status-publish","format-standard","has-post-thumbnail","hentry","category-national","tag-decret-54","tag-justice","tag-mandat-de-depot","tag-sonia-dahmani","tag-tunisie"],"yoast_head":"<!-- This site is optimized with the Yoast SEO Premium plugin v27.5 (Yoast SEO v27.5) - https:\/\/yoast.com\/product\/yoast-seo-premium-wordpress\/ -->\n<title>Tunisie : Nouveau mandat de d\u00e9p\u00f4t \u00e0 l\u2019encontre Sonia Dahmani<\/title>\n<meta name=\"description\" content=\"Le juge d&#039;instruction a d\u00e9livr\u00e9 un nouveau mandat de d\u00e9p\u00f4t \u00e0 l&#039;encontre de l&#039;avocate Samia Dahmani, ce mardi 11 juin 2024 apr\u00e8s sa comparution, devant le bureau...\" \/>\n<link rel=\"canonical\" href=\"https:\/\/www.webdo.tn\/fr\/actualite\/national\/tunisie-nouveau-mandat-de-depot-a-l-encontre-sonia-dahmani\/214708\/\" \/>\n<meta property=\"og:locale\" content=\"fr_FR\" \/>\n<meta property=\"og:type\" content=\"article\" \/>\n<meta property=\"og:title\" content=\"Tunisie : Nouveau mandat de d\u00e9p\u00f4t \u00e0 l\u2019encontre Sonia Dahmani\" \/>\n<meta property=\"og:description\" content=\"Le juge d&#039;instruction a d\u00e9livr\u00e9 un nouveau mandat de d\u00e9p\u00f4t \u00e0 l&#039;encontre de l&#039;avocate Samia Dahmani, ce mardi 11 juin 2024 apr\u00e8s sa comparution, devant le bureau...\" \/>\n<meta property=\"og:url\" content=\"https:\/\/www.webdo.tn\/fr\/actualite\/national\/tunisie-nouveau-mandat-de-depot-a-l-encontre-sonia-dahmani\/214708\/\" \/>\n<meta property=\"og:site_name\" content=\"webdo\" \/>\n<meta property=\"article:publisher\" content=\"https:\/\/www.facebook.com\/webdotn\" \/>\n<meta property=\"article:published_time\" content=\"2024-06-11T14:30:00+00:00\" \/>\n<meta property=\"article:modified_time\" content=\"2025-05-20T22:53:55+00:00\" \/>\n<meta property=\"og:image\" content=\"https:\/\/www.webdo.tn\/fr\/wp-content\/uploads\/2024\/06\/4266da152a45744e2d050a7b01d27989.webp\" \/>\n\t<meta property=\"og:image:width\" content=\"750\" \/>\n\t<meta property=\"og:image:height\" content=\"400\" \/>\n\t<meta property=\"og:image:type\" content=\"image\/webp\" \/>\n<meta name=\"author\" content=\"CL\" \/>\n<meta name=\"twitter:card\" content=\"summary_large_image\" \/>\n<meta name=\"twitter:creator\" content=\"@webdo_tn\" \/>\n<meta name=\"twitter:site\" content=\"@webdo_tn\" \/>\n<meta name=\"twitter:label1\" content=\"\u00c9crit par\" \/>\n\t<meta name=\"twitter:data1\" content=\"CL\" \/>\n\t<meta name=\"twitter:label2\" content=\"Dur\u00e9e de lecture estim\u00e9e\" \/>\n\t<meta name=\"twitter:data2\" content=\"1 minute\" \/>\n<script type=\"application\/ld+json\" class=\"yoast-schema-graph\">{\"@context\":\"https:\\\/\\\/schema.org\",\"@graph\":[{\"@type\":\"NewsArticle\",\"@id\":\"https:\\\/\\\/www.webdo.tn\\\/fr\\\/actualite\\\/national\\\/tunisie-nouveau-mandat-de-depot-a-l-encontre-sonia-dahmani\\\/214708\\\/#article\",\"isPartOf\":{\"@id\":\"https:\\\/\\\/www.webdo.tn\\\/fr\\\/actualite\\\/national\\\/tunisie-nouveau-mandat-de-depot-a-l-encontre-sonia-dahmani\\\/214708\\\/\"},\"author\":{\"name\":\"CL\",\"@id\":\"https:\\\/\\\/www.webdo.tn\\\/fr\\\/#\\\/schema\\\/person\\\/f35b42a42c5e2511bbd282959d6385cc\"},\"headline\":\"Tunisie : Nouveau mandat de d\u00e9p\u00f4t \u00e0 l\u2019encontre Sonia Dahmani\",\"datePublished\":\"2024-06-11T14:30:00+00:00\",\"dateModified\":\"2025-05-20T22:53:55+00:00\",\"mainEntityOfPage\":{\"@id\":\"https:\\\/\\\/www.webdo.tn\\\/fr\\\/actualite\\\/national\\\/tunisie-nouveau-mandat-de-depot-a-l-encontre-sonia-dahmani\\\/214708\\\/\"},\"wordCount\":263,\"commentCount\":0,\"publisher\":{\"@id\":\"https:\\\/\\\/www.webdo.tn\\\/fr\\\/#organization\"},\"image\":{\"@id\":\"https:\\\/\\\/www.webdo.tn\\\/fr\\\/actualite\\\/national\\\/tunisie-nouveau-mandat-de-depot-a-l-encontre-sonia-dahmani\\\/214708\\\/#primaryimage\"},\"thumbnailUrl\":\"https:\\\/\\\/www.webdo.tn\\\/fr\\\/wp-content\\\/uploads\\\/2024\\\/06\\\/4266da152a45744e2d050a7b01d27989.webp\",\"keywords\":[\"d\u00e9cret 54\",\"justice\",\"mandat de d\u00e9p\u00f4t\",\"sonia dahmani\",\"Tunisie\"],\"articleSection\":[\"National\"],\"inLanguage\":\"fr-FR\"},{\"@type\":\"WebPage\",\"@id\":\"https:\\\/\\\/www.webdo.tn\\\/fr\\\/actualite\\\/national\\\/tunisie-nouveau-mandat-de-depot-a-l-encontre-sonia-dahmani\\\/214708\\\/\",\"url\":\"https:\\\/\\\/www.webdo.tn\\\/fr\\\/actualite\\\/national\\\/tunisie-nouveau-mandat-de-depot-a-l-encontre-sonia-dahmani\\\/214708\\\/\",\"name\":\"Tunisie : Nouveau mandat de d\u00e9p\u00f4t \u00e0 l\u2019encontre Sonia Dahmani\",\"isPartOf\":{\"@id\":\"https:\\\/\\\/www.webdo.tn\\\/fr\\\/#website\"},\"primaryImageOfPage\":{\"@id\":\"https:\\\/\\\/www.webdo.tn\\\/fr\\\/actualite\\\/national\\\/tunisie-nouveau-mandat-de-depot-a-l-encontre-sonia-dahmani\\\/214708\\\/#primaryimage\"},\"image\":{\"@id\":\"https:\\\/\\\/www.webdo.tn\\\/fr\\\/actualite\\\/national\\\/tunisie-nouveau-mandat-de-depot-a-l-encontre-sonia-dahmani\\\/214708\\\/#primaryimage\"},\"thumbnailUrl\":\"https:\\\/\\\/www.webdo.tn\\\/fr\\\/wp-content\\\/uploads\\\/2024\\\/06\\\/4266da152a45744e2d050a7b01d27989.webp\",\"datePublished\":\"2024-06-11T14:30:00+00:00\",\"dateModified\":\"2025-05-20T22:53:55+00:00\",\"description\":\"Le juge d'instruction a d\u00e9livr\u00e9 un nouveau mandat de d\u00e9p\u00f4t \u00e0 l'encontre de l'avocate Samia Dahmani, ce mardi 11 juin 2024 apr\u00e8s sa comparution, devant le bureau...\",\"breadcrumb\":{\"@id\":\"https:\\\/\\\/www.webdo.tn\\\/fr\\\/actualite\\\/national\\\/tunisie-nouveau-mandat-de-depot-a-l-encontre-sonia-dahmani\\\/214708\\\/#breadcrumb\"},\"inLanguage\":\"fr-FR\",\"potentialAction\":[{\"@type\":\"ReadAction\",\"target\":[\"https:\\\/\\\/www.webdo.tn\\\/fr\\\/actualite\\\/national\\\/tunisie-nouveau-mandat-de-depot-a-l-encontre-sonia-dahmani\\\/214708\\\/\"]}]},{\"@type\":\"ImageObject\",\"inLanguage\":\"fr-FR\",\"@id\":\"https:\\\/\\\/www.webdo.tn\\\/fr\\\/actualite\\\/national\\\/tunisie-nouveau-mandat-de-depot-a-l-encontre-sonia-dahmani\\\/214708\\\/#primaryimage\",\"url\":\"https:\\\/\\\/www.webdo.tn\\\/fr\\\/wp-content\\\/uploads\\\/2024\\\/06\\\/4266da152a45744e2d050a7b01d27989.webp\",\"contentUrl\":\"https:\\\/\\\/www.webdo.tn\\\/fr\\\/wp-content\\\/uploads\\\/2024\\\/06\\\/4266da152a45744e2d050a7b01d27989.webp\",\"width\":750,\"height\":400,\"caption\":\"Tunisie : Nouveau mandat de d\u00e9p\u00f4t \u00e0 l\u2019encontre Sonia Dahmani\"},{\"@type\":\"BreadcrumbList\",\"@id\":\"https:\\\/\\\/www.webdo.tn\\\/fr\\\/actualite\\\/national\\\/tunisie-nouveau-mandat-de-depot-a-l-encontre-sonia-dahmani\\\/214708\\\/#breadcrumb\",\"itemListElement\":[{\"@type\":\"ListItem\",\"position\":1,\"name\":\"Accueil\",\"item\":\"https:\\\/\\\/www.webdo.tn\\\/fr\\\/\"},{\"@type\":\"ListItem\",\"position\":2,\"name\":\"Tunisie : Nouveau mandat de d\u00e9p\u00f4t \u00e0 l\u2019encontre Sonia Dahmani\"}]},{\"@type\":\"WebSite\",\"@id\":\"https:\\\/\\\/www.webdo.tn\\\/fr\\\/#website\",\"url\":\"https:\\\/\\\/www.webdo.tn\\\/fr\\\/\",\"name\":\"webdo\",\"description\":\"Tunisie - News en Tunisie et \u00e0 l&#039;international sur Webdo.tn\",\"publisher\":{\"@id\":\"https:\\\/\\\/www.webdo.tn\\\/fr\\\/#organization\"},\"potentialAction\":[{\"@type\":\"SearchAction\",\"target\":{\"@type\":\"EntryPoint\",\"urlTemplate\":\"https:\\\/\\\/www.webdo.tn\\\/fr\\\/?s={search_term_string}\"},\"query-input\":{\"@type\":\"PropertyValueSpecification\",\"valueRequired\":true,\"valueName\":\"search_term_string\"}}],\"inLanguage\":\"fr-FR\"},{\"@type\":\"Organization\",\"@id\":\"https:\\\/\\\/www.webdo.tn\\\/fr\\\/#organization\",\"name\":\"Webdo\",\"alternateName\":\"Webdo.tn\",\"url\":\"https:\\\/\\\/www.webdo.tn\\\/fr\\\/\",\"logo\":{\"@type\":\"ImageObject\",\"inLanguage\":\"fr-FR\",\"@id\":\"https:\\\/\\\/www.webdo.tn\\\/fr\\\/#\\\/schema\\\/logo\\\/image\\\/\",\"url\":\"https:\\\/\\\/www.webdo.tn\\\/fr\\\/wp-content\\\/uploads\\\/2025\\\/06\\\/Webdo-Tunisie_168377.jpg\",\"contentUrl\":\"https:\\\/\\\/www.webdo.tn\\\/fr\\\/wp-content\\\/uploads\\\/2025\\\/06\\\/Webdo-Tunisie_168377.jpg\",\"width\":301,\"height\":301,\"caption\":\"Webdo\"},\"image\":{\"@id\":\"https:\\\/\\\/www.webdo.tn\\\/fr\\\/#\\\/schema\\\/logo\\\/image\\\/\"},\"sameAs\":[\"https:\\\/\\\/www.facebook.com\\\/webdotn\",\"https:\\\/\\\/x.com\\\/webdo_tn\"],\"description\":\"Webdo est un m\u00e9dia num\u00e9rique tunisien fond\u00e9 en 2010, sp\u00e9cialis\u00e9 dans l\u2019actualit\u00e9 nationale et internationale, l\u2019\u00e9conomie, la soci\u00e9t\u00e9 et les analyses politiques. Le site s\u2019adresse \u00e0 un large public francophone et couvre l\u2019information tunisienne en temps r\u00e9el.\",\"email\":\"redac@webdo.tn\",\"legalName\":\"YNJ SARL\",\"foundingDate\":\"2010-09-06\",\"numberOfEmployees\":{\"@type\":\"QuantitativeValue\",\"minValue\":\"11\",\"maxValue\":\"50\"}},{\"@type\":\"Person\",\"@id\":\"https:\\\/\\\/www.webdo.tn\\\/fr\\\/#\\\/schema\\\/person\\\/f35b42a42c5e2511bbd282959d6385cc\",\"name\":\"CL\",\"image\":{\"@type\":\"ImageObject\",\"inLanguage\":\"fr-FR\",\"@id\":\"https:\\\/\\\/secure.gravatar.com\\\/avatar\\\/1447a49909b67aa657c488aec6512e1dd6143a480c1ecfee9b5b5cd74eb3b59e?s=96&d=mm&r=g\",\"url\":\"https:\\\/\\\/secure.gravatar.com\\\/avatar\\\/1447a49909b67aa657c488aec6512e1dd6143a480c1ecfee9b5b5cd74eb3b59e?s=96&d=mm&r=g\",\"contentUrl\":\"https:\\\/\\\/secure.gravatar.com\\\/avatar\\\/1447a49909b67aa657c488aec6512e1dd6143a480c1ecfee9b5b5cd74eb3b59e?s=96&d=mm&r=g\",\"caption\":\"CL\"},\"url\":\"https:\\\/\\\/www.webdo.tn\\\/fr\\\/actualite\\\/author\\\/cl\\\/\"}]}<\/script>\n<!-- \/ Yoast SEO Premium plugin. -->","yoast_head_json":{"title":"Tunisie : Nouveau mandat de d\u00e9p\u00f4t \u00e0 l\u2019encontre Sonia Dahmani","description":"Le juge d'instruction a d\u00e9livr\u00e9 un nouveau mandat de d\u00e9p\u00f4t \u00e0 l'encontre de l'avocate Samia Dahmani, ce mardi 11 juin 2024 apr\u00e8s sa comparution, devant le bureau...","canonical":"https:\/\/www.webdo.tn\/fr\/actualite\/national\/tunisie-nouveau-mandat-de-depot-a-l-encontre-sonia-dahmani\/214708\/","og_locale":"fr_FR","og_type":"article","og_title":"Tunisie : Nouveau mandat de d\u00e9p\u00f4t \u00e0 l\u2019encontre Sonia Dahmani","og_description":"Le juge d'instruction a d\u00e9livr\u00e9 un nouveau mandat de d\u00e9p\u00f4t \u00e0 l'encontre de l'avocate Samia Dahmani, ce mardi 11 juin 2024 apr\u00e8s sa comparution, devant le bureau...","og_url":"https:\/\/www.webdo.tn\/fr\/actualite\/national\/tunisie-nouveau-mandat-de-depot-a-l-encontre-sonia-dahmani\/214708\/","og_site_name":"webdo","article_publisher":"https:\/\/www.facebook.com\/webdotn","article_published_time":"2024-06-11T14:30:00+00:00","article_modified_time":"2025-05-20T22:53:55+00:00","og_image":[{"width":750,"height":400,"url":"https:\/\/www.webdo.tn\/fr\/wp-content\/uploads\/2024\/06\/4266da152a45744e2d050a7b01d27989.webp","type":"image\/webp"}],"author":"CL","twitter_card":"summary_large_image","twitter_creator":"@webdo_tn","twitter_site":"@webdo_tn","twitter_misc":{"\u00c9crit par":"CL","Dur\u00e9e de lecture estim\u00e9e":"1 minute"},"schema":{"@context":"https:\/\/schema.org","@graph":[{"@type":"NewsArticle","@id":"https:\/\/www.webdo.tn\/fr\/actualite\/national\/tunisie-nouveau-mandat-de-depot-a-l-encontre-sonia-dahmani\/214708\/#article","isPartOf":{"@id":"https:\/\/www.webdo.tn\/fr\/actualite\/national\/tunisie-nouveau-mandat-de-depot-a-l-encontre-sonia-dahmani\/214708\/"},"author":{"name":"CL","@id":"https:\/\/www.webdo.tn\/fr\/#\/schema\/person\/f35b42a42c5e2511bbd282959d6385cc"},"headline":"Tunisie : Nouveau mandat de d\u00e9p\u00f4t \u00e0 l\u2019encontre Sonia Dahmani","datePublished":"2024-06-11T14:30:00+00:00","dateModified":"2025-05-20T22:53:55+00:00","mainEntityOfPage":{"@id":"https:\/\/www.webdo.tn\/fr\/actualite\/national\/tunisie-nouveau-mandat-de-depot-a-l-encontre-sonia-dahmani\/214708\/"},"wordCount":263,"commentCount":0,"publisher":{"@id":"https:\/\/www.webdo.tn\/fr\/#organization"},"image":{"@id":"https:\/\/www.webdo.tn\/fr\/actualite\/national\/tunisie-nouveau-mandat-de-depot-a-l-encontre-sonia-dahmani\/214708\/#primaryimage"},"thumbnailUrl":"https:\/\/www.webdo.tn\/fr\/wp-content\/uploads\/2024\/06\/4266da152a45744e2d050a7b01d27989.webp","keywords":["d\u00e9cret 54","justice","mandat de d\u00e9p\u00f4t","sonia dahmani","Tunisie"],"articleSection":["National"],"inLanguage":"fr-FR"},{"@type":"WebPage","@id":"https:\/\/www.webdo.tn\/fr\/actualite\/national\/tunisie-nouveau-mandat-de-depot-a-l-encontre-sonia-dahmani\/214708\/","url":"https:\/\/www.webdo.tn\/fr\/actualite\/national\/tunisie-nouveau-mandat-de-depot-a-l-encontre-sonia-dahmani\/214708\/","name":"Tunisie : Nouveau mandat de d\u00e9p\u00f4t \u00e0 l\u2019encontre Sonia Dahmani","isPartOf":{"@id":"https:\/\/www.webdo.tn\/fr\/#website"},"primaryImageOfPage":{"@id":"https:\/\/www.webdo.tn\/fr\/actualite\/national\/tunisie-nouveau-mandat-de-depot-a-l-encontre-sonia-dahmani\/214708\/#primaryimage"},"image":{"@id":"https:\/\/www.webdo.tn\/fr\/actualite\/national\/tunisie-nouveau-mandat-de-depot-a-l-encontre-sonia-dahmani\/214708\/#primaryimage"},"thumbnailUrl":"https:\/\/www.webdo.tn\/fr\/wp-content\/uploads\/2024\/06\/4266da152a45744e2d050a7b01d27989.webp","datePublished":"2024-06-11T14:30:00+00:00","dateModified":"2025-05-20T22:53:55+00:00","description":"Le juge d'instruction a d\u00e9livr\u00e9 un nouveau mandat de d\u00e9p\u00f4t \u00e0 l'encontre de l'avocate Samia Dahmani, ce mardi 11 juin 2024 apr\u00e8s sa comparution, devant le bureau...","breadcrumb":{"@id":"https:\/\/www.webdo.tn\/fr\/actualite\/national\/tunisie-nouveau-mandat-de-depot-a-l-encontre-sonia-dahmani\/214708\/#breadcrumb"},"inLanguage":"fr-FR","potentialAction":[{"@type":"ReadAction","target":["https:\/\/www.webdo.tn\/fr\/actualite\/national\/tunisie-nouveau-mandat-de-depot-a-l-encontre-sonia-dahmani\/214708\/"]}]},{"@type":"ImageObject","inLanguage":"fr-FR","@id":"https:\/\/www.webdo.tn\/fr\/actualite\/national\/tunisie-nouveau-mandat-de-depot-a-l-encontre-sonia-dahmani\/214708\/#primaryimage","url":"https:\/\/www.webdo.tn\/fr\/wp-content\/uploads\/2024\/06\/4266da152a45744e2d050a7b01d27989.webp","contentUrl":"https:\/\/www.webdo.tn\/fr\/wp-content\/uploads\/2024\/06\/4266da152a45744e2d050a7b01d27989.webp","width":750,"height":400,"caption":"Tunisie : Nouveau mandat de d\u00e9p\u00f4t \u00e0 l\u2019encontre Sonia Dahmani"},{"@type":"BreadcrumbList","@id":"https:\/\/www.webdo.tn\/fr\/actualite\/national\/tunisie-nouveau-mandat-de-depot-a-l-encontre-sonia-dahmani\/214708\/#breadcrumb","itemListElement":[{"@type":"ListItem","position":1,"name":"Accueil","item":"https:\/\/www.webdo.tn\/fr\/"},{"@type":"ListItem","position":2,"name":"Tunisie : Nouveau mandat de d\u00e9p\u00f4t \u00e0 l\u2019encontre Sonia Dahmani"}]},{"@type":"WebSite","@id":"https:\/\/www.webdo.tn\/fr\/#website","url":"https:\/\/www.webdo.tn\/fr\/","name":"webdo","description":"Tunisie - News en Tunisie et \u00e0 l&#039;international sur Webdo.tn","publisher":{"@id":"https:\/\/www.webdo.tn\/fr\/#organization"},"potentialAction":[{"@type":"SearchAction","target":{"@type":"EntryPoint","urlTemplate":"https:\/\/www.webdo.tn\/fr\/?s={search_term_string}"},"query-input":{"@type":"PropertyValueSpecification","valueRequired":true,"valueName":"search_term_string"}}],"inLanguage":"fr-FR"},{"@type":"Organization","@id":"https:\/\/www.webdo.tn\/fr\/#organization","name":"Webdo","alternateName":"Webdo.tn","url":"https:\/\/www.webdo.tn\/fr\/","logo":{"@type":"ImageObject","inLanguage":"fr-FR","@id":"https:\/\/www.webdo.tn\/fr\/#\/schema\/logo\/image\/","url":"https:\/\/www.webdo.tn\/fr\/wp-content\/uploads\/2025\/06\/Webdo-Tunisie_168377.jpg","contentUrl":"https:\/\/www.webdo.tn\/fr\/wp-content\/uploads\/2025\/06\/Webdo-Tunisie_168377.jpg","width":301,"height":301,"caption":"Webdo"},"image":{"@id":"https:\/\/www.webdo.tn\/fr\/#\/schema\/logo\/image\/"},"sameAs":["https:\/\/www.facebook.com\/webdotn","https:\/\/x.com\/webdo_tn"],"description":"Webdo est un m\u00e9dia num\u00e9rique tunisien fond\u00e9 en 2010, sp\u00e9cialis\u00e9 dans l\u2019actualit\u00e9 nationale et internationale, l\u2019\u00e9conomie, la soci\u00e9t\u00e9 et les analyses politiques. Le site s\u2019adresse \u00e0 un large public francophone et couvre l\u2019information tunisienne en temps r\u00e9el.","email":"redac@webdo.tn","legalName":"YNJ SARL","foundingDate":"2010-09-06","numberOfEmployees":{"@type":"QuantitativeValue","minValue":"11","maxValue":"50"}},{"@type":"Person","@id":"https:\/\/www.webdo.tn\/fr\/#\/schema\/person\/f35b42a42c5e2511bbd282959d6385cc","name":"CL","image":{"@type":"ImageObject","inLanguage":"fr-FR","@id":"https:\/\/secure.gravatar.com\/avatar\/1447a49909b67aa657c488aec6512e1dd6143a480c1ecfee9b5b5cd74eb3b59e?s=96&d=mm&r=g","url":"https:\/\/secure.gravatar.com\/avatar\/1447a49909b67aa657c488aec6512e1dd6143a480c1ecfee9b5b5cd74eb3b59e?s=96&d=mm&r=g","contentUrl":"https:\/\/secure.gravatar.com\/avatar\/1447a49909b67aa657c488aec6512e1dd6143a480c1ecfee9b5b5cd74eb3b59e?s=96&d=mm&r=g","caption":"CL"},"url":"https:\/\/www.webdo.tn\/fr\/actualite\/author\/cl\/"}]}},"_links":{"self":[{"href":"https:\/\/www.webdo.tn\/fr\/wp-json\/wp\/v2\/posts\/214708","targetHints":{"allow":["GET"]}}],"collection":[{"href":"https:\/\/www.webdo.tn\/fr\/wp-json\/wp\/v2\/posts"}],"about":[{"href":"https:\/\/www.webdo.tn\/fr\/wp-json\/wp\/v2\/types\/post"}],"author":[{"embeddable":true,"href":"https:\/\/www.webdo.tn\/fr\/wp-json\/wp\/v2\/users\/3175"}],"replies":[{"embeddable":true,"href":"https:\/\/www.webdo.tn\/fr\/wp-json\/wp\/v2\/comments?post=214708"}],"version-history":[{"count":0,"href":"https:\/\/www.webdo.tn\/fr\/wp-json\/wp\/v2\/posts\/214708\/revisions"}],"wp:featuredmedia":[{"embeddable":true,"href":"https:\/\/www.webdo.tn\/fr\/wp-json\/wp\/v2\/media\/290712"}],"wp:attachment":[{"href":"https:\/\/www.webdo.tn\/fr\/wp-json\/wp\/v2\/media?parent=214708"}],"wp:term":[{"taxonomy":"category","embeddable":true,"href":"https:\/\/www.webdo.tn\/fr\/wp-json\/wp\/v2\/categories?post=214708"},{"taxonomy":"post_tag","embeddable":true,"href":"https:\/\/www.webdo.tn\/fr\/wp-json\/wp\/v2\/tags?post=214708"}],"curies":[{"name":"wp","href":"https:\/\/api.w.org\/{rel}","templated":true}]}}