{"id":214694,"date":"2024-06-10T20:04:00","date_gmt":"2024-06-10T20:04:00","guid":{"rendered":"https:\/\/www.webdo.tn\/fr\/blog\/renforcement-de-la-cooperation-entre-la-tunisie-et-la-bad\/214694\/"},"modified":"2024-06-10T20:04:00","modified_gmt":"2024-06-10T20:04:00","slug":"renforcement-de-la-cooperation-entre-la-tunisie-et-la-bad","status":"publish","type":"post","link":"https:\/\/www.webdo.tn\/fr\/actualite\/national\/renforcement-de-la-cooperation-entre-la-tunisie-et-la-bad\/214694\/","title":{"rendered":"La Tunisie et la BAD Renforcent leur coop\u00e9ration"},"content":{"rendered":"<p>La Ministre de l&rsquo;\u00c9quipement et de l&rsquo;Habitat, Sarra Zaafrani Zenzri, a rencontr\u00e9, lundi 10 juin, une d\u00e9l\u00e9gation de haut niveau de la Banque Africaine de D\u00e9veloppement (BAD) pour discuter du financement de nouveaux projets dans le budget 2025.<\/p>\n<p>\t\t\t\t\t\t\t\t\tLes projets incluent deux corridors \u00e9conomiques de pr\u00e8s de 500 km reliant Gab\u00e8s aux postes frontaliers de Bouchebka (centre-ouest) et Hazoua (sud-ouest). La BAD a financ\u00e9 les \u00e9tudes pr\u00e9liminaires de ces corridors pour stimuler le d\u00e9veloppement \u00e9conomique et les investissements.<\/p>\n<p>Ils ont \u00e9galement explor\u00e9 le financement d&rsquo;un programme de modernisation des infrastructures, couvrant 92,6 km de routes et la ceinture p\u00e9riph\u00e9rique ouest de M\u00e9denine sur 15 km. Les projets en cours avec la BAD, qui couvrent de nombreux gouvernorats, ont aussi \u00e9t\u00e9 abord\u00e9s. La BAD a d\u00e9j\u00e0 financ\u00e9 10 700 km de routes, soit 50 % du r\u00e9seau r\u00e9alis\u00e9.<\/p>\n<p>Zaafrani a soulign\u00e9 l&rsquo;importance de continuer la collaboration avec la BAD pour soutenir le d\u00e9veloppement \u00e9conomique et social. La ministre a pr\u00e9sent\u00e9 les r\u00e9formes et priorit\u00e9s de la Tunisie pour la prochaine d\u00e9cennie. La cheffe de la d\u00e9l\u00e9gation de la BAD a confirm\u00e9 l&rsquo;engagement de la banque \u00e0 renforcer ce partenariat et \u00e0 soutenir les efforts de la Tunisie.<\/p>\n","protected":false},"excerpt":{"rendered":"<p>la Tunisie et la Banque Africaine de D\u00e9veloppement renforcent leur coop\u00e9ration pour financer des projets d&rsquo;infrastructure majeurs, incluant de nouveaux corridor&#8230;<\/p>\n","protected":false},"author":3169,"featured_media":247207,"comment_status":"open","ping_status":"closed","sticky":false,"template":"","format":"standard","meta":{"footnotes":""},"categories":[44],"tags":[2686,2608],"class_list":["post-214694","post","type-post","status-publish","format-standard","has-post-thumbnail","hentry","category-national","tag-bad","tag-tunisie"],"yoast_head":"<!-- This site is optimized with the Yoast SEO Premium plugin v27.4 (Yoast SEO v27.5) - https:\/\/yoast.com\/product\/yoast-seo-premium-wordpress\/ -->\n<title>La Tunisie et la BAD Renforcent leur coop\u00e9ration<\/title>\n<meta name=\"description\" content=\"la Tunisie et la Banque Africaine de D\u00e9veloppement renforcent leur coop\u00e9ration pour financer des projets d&#039;infrastructure majeurs, incluant de nouveaux corridor...\" \/>\n<link rel=\"canonical\" href=\"https:\/\/www.webdo.tn\/fr\/actualite\/national\/renforcement-de-la-cooperation-entre-la-tunisie-et-la-bad\/214694\/\" \/>\n<meta property=\"og:locale\" content=\"fr_FR\" \/>\n<meta property=\"og:type\" content=\"article\" \/>\n<meta property=\"og:title\" content=\"La Tunisie et la BAD Renforcent leur coop\u00e9ration\" \/>\n<meta property=\"og:description\" content=\"la Tunisie et la Banque Africaine de D\u00e9veloppement renforcent leur coop\u00e9ration pour financer des projets d&#039;infrastructure majeurs, incluant de nouveaux corridor...\" \/>\n<meta property=\"og:url\" content=\"https:\/\/www.webdo.tn\/fr\/actualite\/national\/renforcement-de-la-cooperation-entre-la-tunisie-et-la-bad\/214694\/\" \/>\n<meta property=\"og:site_name\" content=\"webdo\" \/>\n<meta property=\"article:publisher\" content=\"https:\/\/www.facebook.com\/webdotn\" \/>\n<meta property=\"article:published_time\" content=\"2024-06-10T20:04:00+00:00\" \/>\n<meta property=\"og:image\" content=\"https:\/\/www.webdo.tn\/fr\/wp-content\/uploads\/2024\/06\/141012d766250a2db9f6e120b6603977.webp\" \/>\n\t<meta property=\"og:image:width\" content=\"750\" \/>\n\t<meta property=\"og:image:height\" content=\"400\" \/>\n\t<meta property=\"og:image:type\" content=\"image\/webp\" \/>\n<meta name=\"author\" content=\"Webdo\" \/>\n<meta name=\"twitter:card\" content=\"summary_large_image\" \/>\n<meta name=\"twitter:creator\" content=\"@webdo_tn\" \/>\n<meta name=\"twitter:site\" content=\"@webdo_tn\" \/>\n<meta name=\"twitter:label1\" content=\"\u00c9crit par\" \/>\n\t<meta name=\"twitter:data1\" content=\"Webdo\" \/>\n\t<meta name=\"twitter:label2\" content=\"Dur\u00e9e de lecture estim\u00e9e\" \/>\n\t<meta name=\"twitter:data2\" content=\"1 minute\" \/>\n<script type=\"application\/ld+json\" class=\"yoast-schema-graph\">{\"@context\":\"https:\\\/\\\/schema.org\",\"@graph\":[{\"@type\":\"NewsArticle\",\"@id\":\"https:\\\/\\\/www.webdo.tn\\\/fr\\\/actualite\\\/national\\\/renforcement-de-la-cooperation-entre-la-tunisie-et-la-bad\\\/214694\\\/#article\",\"isPartOf\":{\"@id\":\"https:\\\/\\\/www.webdo.tn\\\/fr\\\/actualite\\\/national\\\/renforcement-de-la-cooperation-entre-la-tunisie-et-la-bad\\\/214694\\\/\"},\"author\":{\"name\":\"Webdo\",\"@id\":\"https:\\\/\\\/www.webdo.tn\\\/fr\\\/#\\\/schema\\\/person\\\/1f4e491e0907b413d61089e8eb573acc\"},\"headline\":\"La Tunisie et la BAD Renforcent leur coop\u00e9ration\",\"datePublished\":\"2024-06-10T20:04:00+00:00\",\"mainEntityOfPage\":{\"@id\":\"https:\\\/\\\/www.webdo.tn\\\/fr\\\/actualite\\\/national\\\/renforcement-de-la-cooperation-entre-la-tunisie-et-la-bad\\\/214694\\\/\"},\"wordCount\":220,\"commentCount\":0,\"publisher\":{\"@id\":\"https:\\\/\\\/www.webdo.tn\\\/fr\\\/#organization\"},\"image\":{\"@id\":\"https:\\\/\\\/www.webdo.tn\\\/fr\\\/actualite\\\/national\\\/renforcement-de-la-cooperation-entre-la-tunisie-et-la-bad\\\/214694\\\/#primaryimage\"},\"thumbnailUrl\":\"https:\\\/\\\/www.webdo.tn\\\/fr\\\/wp-content\\\/uploads\\\/2024\\\/06\\\/141012d766250a2db9f6e120b6603977.webp\",\"keywords\":[\"BAD\",\"Tunisie\"],\"articleSection\":[\"National\"],\"inLanguage\":\"fr-FR\"},{\"@type\":\"WebPage\",\"@id\":\"https:\\\/\\\/www.webdo.tn\\\/fr\\\/actualite\\\/national\\\/renforcement-de-la-cooperation-entre-la-tunisie-et-la-bad\\\/214694\\\/\",\"url\":\"https:\\\/\\\/www.webdo.tn\\\/fr\\\/actualite\\\/national\\\/renforcement-de-la-cooperation-entre-la-tunisie-et-la-bad\\\/214694\\\/\",\"name\":\"La Tunisie et la BAD Renforcent leur coop\u00e9ration\",\"isPartOf\":{\"@id\":\"https:\\\/\\\/www.webdo.tn\\\/fr\\\/#website\"},\"primaryImageOfPage\":{\"@id\":\"https:\\\/\\\/www.webdo.tn\\\/fr\\\/actualite\\\/national\\\/renforcement-de-la-cooperation-entre-la-tunisie-et-la-bad\\\/214694\\\/#primaryimage\"},\"image\":{\"@id\":\"https:\\\/\\\/www.webdo.tn\\\/fr\\\/actualite\\\/national\\\/renforcement-de-la-cooperation-entre-la-tunisie-et-la-bad\\\/214694\\\/#primaryimage\"},\"thumbnailUrl\":\"https:\\\/\\\/www.webdo.tn\\\/fr\\\/wp-content\\\/uploads\\\/2024\\\/06\\\/141012d766250a2db9f6e120b6603977.webp\",\"datePublished\":\"2024-06-10T20:04:00+00:00\",\"description\":\"la Tunisie et la Banque Africaine de D\u00e9veloppement renforcent leur coop\u00e9ration pour financer des projets d'infrastructure majeurs, incluant de nouveaux corridor...\",\"breadcrumb\":{\"@id\":\"https:\\\/\\\/www.webdo.tn\\\/fr\\\/actualite\\\/national\\\/renforcement-de-la-cooperation-entre-la-tunisie-et-la-bad\\\/214694\\\/#breadcrumb\"},\"inLanguage\":\"fr-FR\",\"potentialAction\":[{\"@type\":\"ReadAction\",\"target\":[\"https:\\\/\\\/www.webdo.tn\\\/fr\\\/actualite\\\/national\\\/renforcement-de-la-cooperation-entre-la-tunisie-et-la-bad\\\/214694\\\/\"]}]},{\"@type\":\"ImageObject\",\"inLanguage\":\"fr-FR\",\"@id\":\"https:\\\/\\\/www.webdo.tn\\\/fr\\\/actualite\\\/national\\\/renforcement-de-la-cooperation-entre-la-tunisie-et-la-bad\\\/214694\\\/#primaryimage\",\"url\":\"https:\\\/\\\/www.webdo.tn\\\/fr\\\/wp-content\\\/uploads\\\/2024\\\/06\\\/141012d766250a2db9f6e120b6603977.webp\",\"contentUrl\":\"https:\\\/\\\/www.webdo.tn\\\/fr\\\/wp-content\\\/uploads\\\/2024\\\/06\\\/141012d766250a2db9f6e120b6603977.webp\",\"width\":750,\"height\":400,\"caption\":\"La Tunisie et la BAD Renforcent leur coop\u00e9ration\"},{\"@type\":\"BreadcrumbList\",\"@id\":\"https:\\\/\\\/www.webdo.tn\\\/fr\\\/actualite\\\/national\\\/renforcement-de-la-cooperation-entre-la-tunisie-et-la-bad\\\/214694\\\/#breadcrumb\",\"itemListElement\":[{\"@type\":\"ListItem\",\"position\":1,\"name\":\"Accueil\",\"item\":\"https:\\\/\\\/www.webdo.tn\\\/fr\\\/\"},{\"@type\":\"ListItem\",\"position\":2,\"name\":\"La Tunisie et la BAD Renforcent leur coop\u00e9ration\"}]},{\"@type\":\"WebSite\",\"@id\":\"https:\\\/\\\/www.webdo.tn\\\/fr\\\/#website\",\"url\":\"https:\\\/\\\/www.webdo.tn\\\/fr\\\/\",\"name\":\"webdo\",\"description\":\"Tunisie - News en Tunisie et \u00e0 l&#039;international sur Webdo.tn\",\"publisher\":{\"@id\":\"https:\\\/\\\/www.webdo.tn\\\/fr\\\/#organization\"},\"potentialAction\":[{\"@type\":\"SearchAction\",\"target\":{\"@type\":\"EntryPoint\",\"urlTemplate\":\"https:\\\/\\\/www.webdo.tn\\\/fr\\\/?s={search_term_string}\"},\"query-input\":{\"@type\":\"PropertyValueSpecification\",\"valueRequired\":true,\"valueName\":\"search_term_string\"}}],\"inLanguage\":\"fr-FR\"},{\"@type\":\"Organization\",\"@id\":\"https:\\\/\\\/www.webdo.tn\\\/fr\\\/#organization\",\"name\":\"Webdo\",\"alternateName\":\"Webdo.tn\",\"url\":\"https:\\\/\\\/www.webdo.tn\\\/fr\\\/\",\"logo\":{\"@type\":\"ImageObject\",\"inLanguage\":\"fr-FR\",\"@id\":\"https:\\\/\\\/www.webdo.tn\\\/fr\\\/#\\\/schema\\\/logo\\\/image\\\/\",\"url\":\"https:\\\/\\\/www.webdo.tn\\\/fr\\\/wp-content\\\/uploads\\\/2025\\\/06\\\/Webdo-Tunisie_168377.jpg\",\"contentUrl\":\"https:\\\/\\\/www.webdo.tn\\\/fr\\\/wp-content\\\/uploads\\\/2025\\\/06\\\/Webdo-Tunisie_168377.jpg\",\"width\":301,\"height\":301,\"caption\":\"Webdo\"},\"image\":{\"@id\":\"https:\\\/\\\/www.webdo.tn\\\/fr\\\/#\\\/schema\\\/logo\\\/image\\\/\"},\"sameAs\":[\"https:\\\/\\\/www.facebook.com\\\/webdotn\",\"https:\\\/\\\/x.com\\\/webdo_tn\"],\"description\":\"Webdo est un m\u00e9dia num\u00e9rique tunisien fond\u00e9 en 2010, sp\u00e9cialis\u00e9 dans l\u2019actualit\u00e9 nationale et internationale, l\u2019\u00e9conomie, la soci\u00e9t\u00e9 et les analyses politiques. Le site s\u2019adresse \u00e0 un large public francophone et couvre l\u2019information tunisienne en temps r\u00e9el.\",\"email\":\"redac@webdo.tn\",\"legalName\":\"YNJ SARL\",\"foundingDate\":\"2010-09-06\",\"numberOfEmployees\":{\"@type\":\"QuantitativeValue\",\"minValue\":\"11\",\"maxValue\":\"50\"}},{\"@type\":\"Person\",\"@id\":\"https:\\\/\\\/www.webdo.tn\\\/fr\\\/#\\\/schema\\\/person\\\/1f4e491e0907b413d61089e8eb573acc\",\"name\":\"Webdo\",\"image\":{\"@type\":\"ImageObject\",\"inLanguage\":\"fr-FR\",\"@id\":\"https:\\\/\\\/secure.gravatar.com\\\/avatar\\\/de97aeec1bb80978a9dbb127e47dfc88aaacb2f3c29aac907d8d3222e3495d49?s=96&d=mm&r=g\",\"url\":\"https:\\\/\\\/secure.gravatar.com\\\/avatar\\\/de97aeec1bb80978a9dbb127e47dfc88aaacb2f3c29aac907d8d3222e3495d49?s=96&d=mm&r=g\",\"contentUrl\":\"https:\\\/\\\/secure.gravatar.com\\\/avatar\\\/de97aeec1bb80978a9dbb127e47dfc88aaacb2f3c29aac907d8d3222e3495d49?s=96&d=mm&r=g\",\"caption\":\"Webdo\"},\"url\":\"https:\\\/\\\/www.webdo.tn\\\/fr\\\/actualite\\\/author\\\/webdo\\\/\"}]}<\/script>\n<!-- \/ Yoast SEO Premium plugin. -->","yoast_head_json":{"title":"La Tunisie et la BAD Renforcent leur coop\u00e9ration","description":"la Tunisie et la Banque Africaine de D\u00e9veloppement renforcent leur coop\u00e9ration pour financer des projets d'infrastructure majeurs, incluant de nouveaux corridor...","canonical":"https:\/\/www.webdo.tn\/fr\/actualite\/national\/renforcement-de-la-cooperation-entre-la-tunisie-et-la-bad\/214694\/","og_locale":"fr_FR","og_type":"article","og_title":"La Tunisie et la BAD Renforcent leur coop\u00e9ration","og_description":"la Tunisie et la Banque Africaine de D\u00e9veloppement renforcent leur coop\u00e9ration pour financer des projets d'infrastructure majeurs, incluant de nouveaux corridor...","og_url":"https:\/\/www.webdo.tn\/fr\/actualite\/national\/renforcement-de-la-cooperation-entre-la-tunisie-et-la-bad\/214694\/","og_site_name":"webdo","article_publisher":"https:\/\/www.facebook.com\/webdotn","article_published_time":"2024-06-10T20:04:00+00:00","og_image":[{"width":750,"height":400,"url":"https:\/\/www.webdo.tn\/fr\/wp-content\/uploads\/2024\/06\/141012d766250a2db9f6e120b6603977.webp","type":"image\/webp"}],"author":"Webdo","twitter_card":"summary_large_image","twitter_creator":"@webdo_tn","twitter_site":"@webdo_tn","twitter_misc":{"\u00c9crit par":"Webdo","Dur\u00e9e de lecture estim\u00e9e":"1 minute"},"schema":{"@context":"https:\/\/schema.org","@graph":[{"@type":"NewsArticle","@id":"https:\/\/www.webdo.tn\/fr\/actualite\/national\/renforcement-de-la-cooperation-entre-la-tunisie-et-la-bad\/214694\/#article","isPartOf":{"@id":"https:\/\/www.webdo.tn\/fr\/actualite\/national\/renforcement-de-la-cooperation-entre-la-tunisie-et-la-bad\/214694\/"},"author":{"name":"Webdo","@id":"https:\/\/www.webdo.tn\/fr\/#\/schema\/person\/1f4e491e0907b413d61089e8eb573acc"},"headline":"La Tunisie et la BAD Renforcent leur coop\u00e9ration","datePublished":"2024-06-10T20:04:00+00:00","mainEntityOfPage":{"@id":"https:\/\/www.webdo.tn\/fr\/actualite\/national\/renforcement-de-la-cooperation-entre-la-tunisie-et-la-bad\/214694\/"},"wordCount":220,"commentCount":0,"publisher":{"@id":"https:\/\/www.webdo.tn\/fr\/#organization"},"image":{"@id":"https:\/\/www.webdo.tn\/fr\/actualite\/national\/renforcement-de-la-cooperation-entre-la-tunisie-et-la-bad\/214694\/#primaryimage"},"thumbnailUrl":"https:\/\/www.webdo.tn\/fr\/wp-content\/uploads\/2024\/06\/141012d766250a2db9f6e120b6603977.webp","keywords":["BAD","Tunisie"],"articleSection":["National"],"inLanguage":"fr-FR"},{"@type":"WebPage","@id":"https:\/\/www.webdo.tn\/fr\/actualite\/national\/renforcement-de-la-cooperation-entre-la-tunisie-et-la-bad\/214694\/","url":"https:\/\/www.webdo.tn\/fr\/actualite\/national\/renforcement-de-la-cooperation-entre-la-tunisie-et-la-bad\/214694\/","name":"La Tunisie et la BAD Renforcent leur coop\u00e9ration","isPartOf":{"@id":"https:\/\/www.webdo.tn\/fr\/#website"},"primaryImageOfPage":{"@id":"https:\/\/www.webdo.tn\/fr\/actualite\/national\/renforcement-de-la-cooperation-entre-la-tunisie-et-la-bad\/214694\/#primaryimage"},"image":{"@id":"https:\/\/www.webdo.tn\/fr\/actualite\/national\/renforcement-de-la-cooperation-entre-la-tunisie-et-la-bad\/214694\/#primaryimage"},"thumbnailUrl":"https:\/\/www.webdo.tn\/fr\/wp-content\/uploads\/2024\/06\/141012d766250a2db9f6e120b6603977.webp","datePublished":"2024-06-10T20:04:00+00:00","description":"la Tunisie et la Banque Africaine de D\u00e9veloppement renforcent leur coop\u00e9ration pour financer des projets d'infrastructure majeurs, incluant de nouveaux corridor...","breadcrumb":{"@id":"https:\/\/www.webdo.tn\/fr\/actualite\/national\/renforcement-de-la-cooperation-entre-la-tunisie-et-la-bad\/214694\/#breadcrumb"},"inLanguage":"fr-FR","potentialAction":[{"@type":"ReadAction","target":["https:\/\/www.webdo.tn\/fr\/actualite\/national\/renforcement-de-la-cooperation-entre-la-tunisie-et-la-bad\/214694\/"]}]},{"@type":"ImageObject","inLanguage":"fr-FR","@id":"https:\/\/www.webdo.tn\/fr\/actualite\/national\/renforcement-de-la-cooperation-entre-la-tunisie-et-la-bad\/214694\/#primaryimage","url":"https:\/\/www.webdo.tn\/fr\/wp-content\/uploads\/2024\/06\/141012d766250a2db9f6e120b6603977.webp","contentUrl":"https:\/\/www.webdo.tn\/fr\/wp-content\/uploads\/2024\/06\/141012d766250a2db9f6e120b6603977.webp","width":750,"height":400,"caption":"La Tunisie et la BAD Renforcent leur coop\u00e9ration"},{"@type":"BreadcrumbList","@id":"https:\/\/www.webdo.tn\/fr\/actualite\/national\/renforcement-de-la-cooperation-entre-la-tunisie-et-la-bad\/214694\/#breadcrumb","itemListElement":[{"@type":"ListItem","position":1,"name":"Accueil","item":"https:\/\/www.webdo.tn\/fr\/"},{"@type":"ListItem","position":2,"name":"La Tunisie et la BAD Renforcent leur coop\u00e9ration"}]},{"@type":"WebSite","@id":"https:\/\/www.webdo.tn\/fr\/#website","url":"https:\/\/www.webdo.tn\/fr\/","name":"webdo","description":"Tunisie - News en Tunisie et \u00e0 l&#039;international sur Webdo.tn","publisher":{"@id":"https:\/\/www.webdo.tn\/fr\/#organization"},"potentialAction":[{"@type":"SearchAction","target":{"@type":"EntryPoint","urlTemplate":"https:\/\/www.webdo.tn\/fr\/?s={search_term_string}"},"query-input":{"@type":"PropertyValueSpecification","valueRequired":true,"valueName":"search_term_string"}}],"inLanguage":"fr-FR"},{"@type":"Organization","@id":"https:\/\/www.webdo.tn\/fr\/#organization","name":"Webdo","alternateName":"Webdo.tn","url":"https:\/\/www.webdo.tn\/fr\/","logo":{"@type":"ImageObject","inLanguage":"fr-FR","@id":"https:\/\/www.webdo.tn\/fr\/#\/schema\/logo\/image\/","url":"https:\/\/www.webdo.tn\/fr\/wp-content\/uploads\/2025\/06\/Webdo-Tunisie_168377.jpg","contentUrl":"https:\/\/www.webdo.tn\/fr\/wp-content\/uploads\/2025\/06\/Webdo-Tunisie_168377.jpg","width":301,"height":301,"caption":"Webdo"},"image":{"@id":"https:\/\/www.webdo.tn\/fr\/#\/schema\/logo\/image\/"},"sameAs":["https:\/\/www.facebook.com\/webdotn","https:\/\/x.com\/webdo_tn"],"description":"Webdo est un m\u00e9dia num\u00e9rique tunisien fond\u00e9 en 2010, sp\u00e9cialis\u00e9 dans l\u2019actualit\u00e9 nationale et internationale, l\u2019\u00e9conomie, la soci\u00e9t\u00e9 et les analyses politiques. Le site s\u2019adresse \u00e0 un large public francophone et couvre l\u2019information tunisienne en temps r\u00e9el.","email":"redac@webdo.tn","legalName":"YNJ SARL","foundingDate":"2010-09-06","numberOfEmployees":{"@type":"QuantitativeValue","minValue":"11","maxValue":"50"}},{"@type":"Person","@id":"https:\/\/www.webdo.tn\/fr\/#\/schema\/person\/1f4e491e0907b413d61089e8eb573acc","name":"Webdo","image":{"@type":"ImageObject","inLanguage":"fr-FR","@id":"https:\/\/secure.gravatar.com\/avatar\/de97aeec1bb80978a9dbb127e47dfc88aaacb2f3c29aac907d8d3222e3495d49?s=96&d=mm&r=g","url":"https:\/\/secure.gravatar.com\/avatar\/de97aeec1bb80978a9dbb127e47dfc88aaacb2f3c29aac907d8d3222e3495d49?s=96&d=mm&r=g","contentUrl":"https:\/\/secure.gravatar.com\/avatar\/de97aeec1bb80978a9dbb127e47dfc88aaacb2f3c29aac907d8d3222e3495d49?s=96&d=mm&r=g","caption":"Webdo"},"url":"https:\/\/www.webdo.tn\/fr\/actualite\/author\/webdo\/"}]}},"_links":{"self":[{"href":"https:\/\/www.webdo.tn\/fr\/wp-json\/wp\/v2\/posts\/214694","targetHints":{"allow":["GET"]}}],"collection":[{"href":"https:\/\/www.webdo.tn\/fr\/wp-json\/wp\/v2\/posts"}],"about":[{"href":"https:\/\/www.webdo.tn\/fr\/wp-json\/wp\/v2\/types\/post"}],"author":[{"embeddable":true,"href":"https:\/\/www.webdo.tn\/fr\/wp-json\/wp\/v2\/users\/3169"}],"replies":[{"embeddable":true,"href":"https:\/\/www.webdo.tn\/fr\/wp-json\/wp\/v2\/comments?post=214694"}],"version-history":[{"count":0,"href":"https:\/\/www.webdo.tn\/fr\/wp-json\/wp\/v2\/posts\/214694\/revisions"}],"wp:featuredmedia":[{"embeddable":true,"href":"https:\/\/www.webdo.tn\/fr\/wp-json\/wp\/v2\/media\/247207"}],"wp:attachment":[{"href":"https:\/\/www.webdo.tn\/fr\/wp-json\/wp\/v2\/media?parent=214694"}],"wp:term":[{"taxonomy":"category","embeddable":true,"href":"https:\/\/www.webdo.tn\/fr\/wp-json\/wp\/v2\/categories?post=214694"},{"taxonomy":"post_tag","embeddable":true,"href":"https:\/\/www.webdo.tn\/fr\/wp-json\/wp\/v2\/tags?post=214694"}],"curies":[{"name":"wp","href":"https:\/\/api.w.org\/{rel}","templated":true}]}}