{"id":214681,"date":"2024-06-10T09:01:00","date_gmt":"2024-06-10T09:01:00","guid":{"rendered":"https:\/\/www.webdo.tn\/fr\/blog\/elections-europeennes-l-extreme-droite-en-progression\/214681\/"},"modified":"2025-05-20T22:13:38","modified_gmt":"2025-05-20T22:13:38","slug":"elections-europeennes-l-extreme-droite-en-progression","status":"publish","type":"post","link":"https:\/\/www.webdo.tn\/fr\/actualite\/international\/elections-europeennes-l-extreme-droite-en-progression\/214681\/","title":{"rendered":"Elections europ\u00e9ennes : L\u2019extr\u00eame droite en progression"},"content":{"rendered":"<p>Les \u00e9lecteurs des 27 pays de l&rsquo;Union europ\u00e9enne \u00e9taient appel\u00e9s \u00e0 \u00e9lire leurs repr\u00e9sentants au Parlement europ\u00e9en de Strasbourg soit 720 eurod\u00e9put\u00e9s.<\/p>\n<p>\t\t\t\t\t\t\t\t\tEn marge des r\u00e9sultats pr\u00e9liminaires\u00a0 du scrutin qui s\u2019est d\u00e9roul\u00e9 entre le 6 et le 9 juin, les \u00e9lections europ\u00e9ennes de 2024 ont fait ressortir une progression de l&rsquo;extr\u00eame droite dans plusieurs pays de l&rsquo;Union europ\u00e9enne.<\/p>\n<p>L\u2019exemple marquant est celui de la France, o\u00f9 le Rassemblement national de Jordan Bardella (ancien Front national de Jena-Marie Le Pen) a largement remport\u00e9 le scrutin avec plus de 31,5% des voix, devan\u00e7ant largement le parti Renaissance d&rsquo;Emmanuel Macron.<\/p>\n<p>En Allemagne, l&rsquo;AfD arrive en deuxi\u00e8me position derri\u00e8re les conservateurs, tandis qu&rsquo;en Italie, Fratelli d&rsquo;Italia de Giorgia Meloni est arriv\u00e9 en t\u00eate.<\/p>\n<p>D&rsquo;autres partis d&rsquo;extr\u00eame droite ont \u00e9galement progress\u00e9, comme le FP\u00d6 en Autriche et le parti de Geert Wilders aux Pays-Bas. Cependant, l&rsquo;extr\u00eame droite, reste divis\u00e9e au Parlement europ\u00e9en, \u00e9tant r\u00e9partie en deux groupes distincts avec des divergences importantes, notamment sur la Russie.<\/p>\n<p>Ces r\u00e9sultats n&rsquo;ont toutefois pas boulevers\u00e9 les grands \u00e9quilibres \u00e0 l&rsquo;\u00e9chelle europ\u00e9enne. Le Parlement europ\u00e9en demeure divis\u00e9, avec des partis de tendances diverses. Il n\u2019en demeure pas moins qu\u2019ils ont provoqu\u00e9 un \u00ab\u00a0s\u00e9isme politique\u00a0\u00bb en France, o\u00f9 Emmanuel Macron a annonc\u00e9 la dissolution de l&rsquo;Assembl\u00e9e.<\/p>\n","protected":false},"excerpt":{"rendered":"<p>En marge des r\u00e9sultats pr\u00e9liminaires  du scrutin qui s\u2019est d\u00e9roul\u00e9 entre le 6 et le 9 juin, les \u00e9lections europ\u00e9ennes de 2024 ont fait ressortir une progression&#8230;<\/p>\n","protected":false},"author":3162,"featured_media":290706,"comment_status":"open","ping_status":"closed","sticky":false,"template":"","format":"standard","meta":{"footnotes":""},"categories":[2598],"tags":[10237,3924,2998],"class_list":["post-214681","post","type-post","status-publish","format-standard","has-post-thumbnail","hentry","category-international","tag-elections-europeennes","tag-extreme-droite","tag-france"],"yoast_head":"<!-- This site is optimized with the Yoast SEO Premium plugin v27.5 (Yoast SEO v27.5) - https:\/\/yoast.com\/product\/yoast-seo-premium-wordpress\/ -->\n<title>Elections europ\u00e9ennes : L\u2019extr\u00eame droite en progression<\/title>\n<meta name=\"description\" content=\"En marge des r\u00e9sultats pr\u00e9liminaires du scrutin qui s\u2019est d\u00e9roul\u00e9 entre le 6 et le 9 juin, les \u00e9lections europ\u00e9ennes de 2024 ont fait ressortir une progression...\" \/>\n<link rel=\"canonical\" href=\"https:\/\/www.webdo.tn\/fr\/actualite\/international\/elections-europeennes-l-extreme-droite-en-progression\/214681\/\" \/>\n<meta property=\"og:locale\" content=\"fr_FR\" \/>\n<meta property=\"og:type\" content=\"article\" \/>\n<meta property=\"og:title\" content=\"Elections europ\u00e9ennes : L\u2019extr\u00eame droite en progression\" \/>\n<meta property=\"og:description\" content=\"En marge des r\u00e9sultats pr\u00e9liminaires du scrutin qui s\u2019est d\u00e9roul\u00e9 entre le 6 et le 9 juin, les \u00e9lections europ\u00e9ennes de 2024 ont fait ressortir une progression...\" \/>\n<meta property=\"og:url\" content=\"https:\/\/www.webdo.tn\/fr\/actualite\/international\/elections-europeennes-l-extreme-droite-en-progression\/214681\/\" \/>\n<meta property=\"og:site_name\" content=\"webdo\" \/>\n<meta property=\"article:publisher\" content=\"https:\/\/www.facebook.com\/webdotn\" \/>\n<meta property=\"article:published_time\" content=\"2024-06-10T09:01:00+00:00\" \/>\n<meta property=\"article:modified_time\" content=\"2025-05-20T22:13:38+00:00\" \/>\n<meta property=\"og:image\" content=\"https:\/\/www.webdo.tn\/fr\/wp-content\/uploads\/2024\/06\/42bd2219d921d116cd051ff96ffa42a2.webp\" \/>\n\t<meta property=\"og:image:width\" content=\"750\" \/>\n\t<meta property=\"og:image:height\" content=\"400\" \/>\n\t<meta property=\"og:image:type\" content=\"image\/webp\" \/>\n<meta name=\"author\" content=\"MC\" \/>\n<meta name=\"twitter:card\" content=\"summary_large_image\" \/>\n<meta name=\"twitter:creator\" content=\"@webdo_tn\" \/>\n<meta name=\"twitter:site\" content=\"@webdo_tn\" \/>\n<meta name=\"twitter:label1\" content=\"\u00c9crit par\" \/>\n\t<meta name=\"twitter:data1\" content=\"MC\" \/>\n\t<meta name=\"twitter:label2\" content=\"Dur\u00e9e de lecture estim\u00e9e\" \/>\n\t<meta name=\"twitter:data2\" content=\"1 minute\" \/>\n<script type=\"application\/ld+json\" class=\"yoast-schema-graph\">{\"@context\":\"https:\\\/\\\/schema.org\",\"@graph\":[{\"@type\":\"NewsArticle\",\"@id\":\"https:\\\/\\\/www.webdo.tn\\\/fr\\\/actualite\\\/international\\\/elections-europeennes-l-extreme-droite-en-progression\\\/214681\\\/#article\",\"isPartOf\":{\"@id\":\"https:\\\/\\\/www.webdo.tn\\\/fr\\\/actualite\\\/international\\\/elections-europeennes-l-extreme-droite-en-progression\\\/214681\\\/\"},\"author\":{\"name\":\"MC\",\"@id\":\"https:\\\/\\\/www.webdo.tn\\\/fr\\\/#\\\/schema\\\/person\\\/2c4929cbf5a809e3bd38617c6ce150f6\"},\"headline\":\"Elections europ\u00e9ennes : L\u2019extr\u00eame droite en progression\",\"datePublished\":\"2024-06-10T09:01:00+00:00\",\"dateModified\":\"2025-05-20T22:13:38+00:00\",\"mainEntityOfPage\":{\"@id\":\"https:\\\/\\\/www.webdo.tn\\\/fr\\\/actualite\\\/international\\\/elections-europeennes-l-extreme-droite-en-progression\\\/214681\\\/\"},\"wordCount\":250,\"commentCount\":0,\"publisher\":{\"@id\":\"https:\\\/\\\/www.webdo.tn\\\/fr\\\/#organization\"},\"image\":{\"@id\":\"https:\\\/\\\/www.webdo.tn\\\/fr\\\/actualite\\\/international\\\/elections-europeennes-l-extreme-droite-en-progression\\\/214681\\\/#primaryimage\"},\"thumbnailUrl\":\"https:\\\/\\\/www.webdo.tn\\\/fr\\\/wp-content\\\/uploads\\\/2024\\\/06\\\/42bd2219d921d116cd051ff96ffa42a2.webp\",\"keywords\":[\"'\u00e9lections europ\u00e9ennes'\",\"extr\u00eame droite\",\"france\"],\"articleSection\":[\"International\"],\"inLanguage\":\"fr-FR\"},{\"@type\":\"WebPage\",\"@id\":\"https:\\\/\\\/www.webdo.tn\\\/fr\\\/actualite\\\/international\\\/elections-europeennes-l-extreme-droite-en-progression\\\/214681\\\/\",\"url\":\"https:\\\/\\\/www.webdo.tn\\\/fr\\\/actualite\\\/international\\\/elections-europeennes-l-extreme-droite-en-progression\\\/214681\\\/\",\"name\":\"Elections europ\u00e9ennes : L\u2019extr\u00eame droite en progression\",\"isPartOf\":{\"@id\":\"https:\\\/\\\/www.webdo.tn\\\/fr\\\/#website\"},\"primaryImageOfPage\":{\"@id\":\"https:\\\/\\\/www.webdo.tn\\\/fr\\\/actualite\\\/international\\\/elections-europeennes-l-extreme-droite-en-progression\\\/214681\\\/#primaryimage\"},\"image\":{\"@id\":\"https:\\\/\\\/www.webdo.tn\\\/fr\\\/actualite\\\/international\\\/elections-europeennes-l-extreme-droite-en-progression\\\/214681\\\/#primaryimage\"},\"thumbnailUrl\":\"https:\\\/\\\/www.webdo.tn\\\/fr\\\/wp-content\\\/uploads\\\/2024\\\/06\\\/42bd2219d921d116cd051ff96ffa42a2.webp\",\"datePublished\":\"2024-06-10T09:01:00+00:00\",\"dateModified\":\"2025-05-20T22:13:38+00:00\",\"description\":\"En marge des r\u00e9sultats pr\u00e9liminaires du scrutin qui s\u2019est d\u00e9roul\u00e9 entre le 6 et le 9 juin, les \u00e9lections europ\u00e9ennes de 2024 ont fait ressortir une progression...\",\"breadcrumb\":{\"@id\":\"https:\\\/\\\/www.webdo.tn\\\/fr\\\/actualite\\\/international\\\/elections-europeennes-l-extreme-droite-en-progression\\\/214681\\\/#breadcrumb\"},\"inLanguage\":\"fr-FR\",\"potentialAction\":[{\"@type\":\"ReadAction\",\"target\":[\"https:\\\/\\\/www.webdo.tn\\\/fr\\\/actualite\\\/international\\\/elections-europeennes-l-extreme-droite-en-progression\\\/214681\\\/\"]}]},{\"@type\":\"ImageObject\",\"inLanguage\":\"fr-FR\",\"@id\":\"https:\\\/\\\/www.webdo.tn\\\/fr\\\/actualite\\\/international\\\/elections-europeennes-l-extreme-droite-en-progression\\\/214681\\\/#primaryimage\",\"url\":\"https:\\\/\\\/www.webdo.tn\\\/fr\\\/wp-content\\\/uploads\\\/2024\\\/06\\\/42bd2219d921d116cd051ff96ffa42a2.webp\",\"contentUrl\":\"https:\\\/\\\/www.webdo.tn\\\/fr\\\/wp-content\\\/uploads\\\/2024\\\/06\\\/42bd2219d921d116cd051ff96ffa42a2.webp\",\"width\":750,\"height\":400,\"caption\":\"Elections europ\u00e9ennes : L\u2019extr\u00eame droite en progression\"},{\"@type\":\"BreadcrumbList\",\"@id\":\"https:\\\/\\\/www.webdo.tn\\\/fr\\\/actualite\\\/international\\\/elections-europeennes-l-extreme-droite-en-progression\\\/214681\\\/#breadcrumb\",\"itemListElement\":[{\"@type\":\"ListItem\",\"position\":1,\"name\":\"Accueil\",\"item\":\"https:\\\/\\\/www.webdo.tn\\\/fr\\\/\"},{\"@type\":\"ListItem\",\"position\":2,\"name\":\"Elections europ\u00e9ennes : L\u2019extr\u00eame droite en progression\"}]},{\"@type\":\"WebSite\",\"@id\":\"https:\\\/\\\/www.webdo.tn\\\/fr\\\/#website\",\"url\":\"https:\\\/\\\/www.webdo.tn\\\/fr\\\/\",\"name\":\"webdo\",\"description\":\"Tunisie - News en Tunisie et \u00e0 l&#039;international sur Webdo.tn\",\"publisher\":{\"@id\":\"https:\\\/\\\/www.webdo.tn\\\/fr\\\/#organization\"},\"potentialAction\":[{\"@type\":\"SearchAction\",\"target\":{\"@type\":\"EntryPoint\",\"urlTemplate\":\"https:\\\/\\\/www.webdo.tn\\\/fr\\\/?s={search_term_string}\"},\"query-input\":{\"@type\":\"PropertyValueSpecification\",\"valueRequired\":true,\"valueName\":\"search_term_string\"}}],\"inLanguage\":\"fr-FR\"},{\"@type\":\"Organization\",\"@id\":\"https:\\\/\\\/www.webdo.tn\\\/fr\\\/#organization\",\"name\":\"Webdo\",\"alternateName\":\"Webdo.tn\",\"url\":\"https:\\\/\\\/www.webdo.tn\\\/fr\\\/\",\"logo\":{\"@type\":\"ImageObject\",\"inLanguage\":\"fr-FR\",\"@id\":\"https:\\\/\\\/www.webdo.tn\\\/fr\\\/#\\\/schema\\\/logo\\\/image\\\/\",\"url\":\"https:\\\/\\\/www.webdo.tn\\\/fr\\\/wp-content\\\/uploads\\\/2025\\\/06\\\/Webdo-Tunisie_168377.jpg\",\"contentUrl\":\"https:\\\/\\\/www.webdo.tn\\\/fr\\\/wp-content\\\/uploads\\\/2025\\\/06\\\/Webdo-Tunisie_168377.jpg\",\"width\":301,\"height\":301,\"caption\":\"Webdo\"},\"image\":{\"@id\":\"https:\\\/\\\/www.webdo.tn\\\/fr\\\/#\\\/schema\\\/logo\\\/image\\\/\"},\"sameAs\":[\"https:\\\/\\\/www.facebook.com\\\/webdotn\",\"https:\\\/\\\/x.com\\\/webdo_tn\"],\"description\":\"Webdo est un m\u00e9dia num\u00e9rique tunisien fond\u00e9 en 2010, sp\u00e9cialis\u00e9 dans l\u2019actualit\u00e9 nationale et internationale, l\u2019\u00e9conomie, la soci\u00e9t\u00e9 et les analyses politiques. Le site s\u2019adresse \u00e0 un large public francophone et couvre l\u2019information tunisienne en temps r\u00e9el.\",\"email\":\"redac@webdo.tn\",\"legalName\":\"YNJ SARL\",\"foundingDate\":\"2010-09-06\",\"numberOfEmployees\":{\"@type\":\"QuantitativeValue\",\"minValue\":\"11\",\"maxValue\":\"50\"}},{\"@type\":\"Person\",\"@id\":\"https:\\\/\\\/www.webdo.tn\\\/fr\\\/#\\\/schema\\\/person\\\/2c4929cbf5a809e3bd38617c6ce150f6\",\"name\":\"MC\",\"image\":{\"@type\":\"ImageObject\",\"inLanguage\":\"fr-FR\",\"@id\":\"https:\\\/\\\/secure.gravatar.com\\\/avatar\\\/a545bbb6f84efdd5553dbbc2895e3ca8f1d12c5215e00a041c9670b54aa9b18a?s=96&d=mm&r=g\",\"url\":\"https:\\\/\\\/secure.gravatar.com\\\/avatar\\\/a545bbb6f84efdd5553dbbc2895e3ca8f1d12c5215e00a041c9670b54aa9b18a?s=96&d=mm&r=g\",\"contentUrl\":\"https:\\\/\\\/secure.gravatar.com\\\/avatar\\\/a545bbb6f84efdd5553dbbc2895e3ca8f1d12c5215e00a041c9670b54aa9b18a?s=96&d=mm&r=g\",\"caption\":\"MC\"},\"url\":\"https:\\\/\\\/www.webdo.tn\\\/fr\\\/actualite\\\/author\\\/mc\\\/\"}]}<\/script>\n<!-- \/ Yoast SEO Premium plugin. -->","yoast_head_json":{"title":"Elections europ\u00e9ennes : L\u2019extr\u00eame droite en progression","description":"En marge des r\u00e9sultats pr\u00e9liminaires du scrutin qui s\u2019est d\u00e9roul\u00e9 entre le 6 et le 9 juin, les \u00e9lections europ\u00e9ennes de 2024 ont fait ressortir une progression...","canonical":"https:\/\/www.webdo.tn\/fr\/actualite\/international\/elections-europeennes-l-extreme-droite-en-progression\/214681\/","og_locale":"fr_FR","og_type":"article","og_title":"Elections europ\u00e9ennes : L\u2019extr\u00eame droite en progression","og_description":"En marge des r\u00e9sultats pr\u00e9liminaires du scrutin qui s\u2019est d\u00e9roul\u00e9 entre le 6 et le 9 juin, les \u00e9lections europ\u00e9ennes de 2024 ont fait ressortir une progression...","og_url":"https:\/\/www.webdo.tn\/fr\/actualite\/international\/elections-europeennes-l-extreme-droite-en-progression\/214681\/","og_site_name":"webdo","article_publisher":"https:\/\/www.facebook.com\/webdotn","article_published_time":"2024-06-10T09:01:00+00:00","article_modified_time":"2025-05-20T22:13:38+00:00","og_image":[{"width":750,"height":400,"url":"https:\/\/www.webdo.tn\/fr\/wp-content\/uploads\/2024\/06\/42bd2219d921d116cd051ff96ffa42a2.webp","type":"image\/webp"}],"author":"MC","twitter_card":"summary_large_image","twitter_creator":"@webdo_tn","twitter_site":"@webdo_tn","twitter_misc":{"\u00c9crit par":"MC","Dur\u00e9e de lecture estim\u00e9e":"1 minute"},"schema":{"@context":"https:\/\/schema.org","@graph":[{"@type":"NewsArticle","@id":"https:\/\/www.webdo.tn\/fr\/actualite\/international\/elections-europeennes-l-extreme-droite-en-progression\/214681\/#article","isPartOf":{"@id":"https:\/\/www.webdo.tn\/fr\/actualite\/international\/elections-europeennes-l-extreme-droite-en-progression\/214681\/"},"author":{"name":"MC","@id":"https:\/\/www.webdo.tn\/fr\/#\/schema\/person\/2c4929cbf5a809e3bd38617c6ce150f6"},"headline":"Elections europ\u00e9ennes : L\u2019extr\u00eame droite en progression","datePublished":"2024-06-10T09:01:00+00:00","dateModified":"2025-05-20T22:13:38+00:00","mainEntityOfPage":{"@id":"https:\/\/www.webdo.tn\/fr\/actualite\/international\/elections-europeennes-l-extreme-droite-en-progression\/214681\/"},"wordCount":250,"commentCount":0,"publisher":{"@id":"https:\/\/www.webdo.tn\/fr\/#organization"},"image":{"@id":"https:\/\/www.webdo.tn\/fr\/actualite\/international\/elections-europeennes-l-extreme-droite-en-progression\/214681\/#primaryimage"},"thumbnailUrl":"https:\/\/www.webdo.tn\/fr\/wp-content\/uploads\/2024\/06\/42bd2219d921d116cd051ff96ffa42a2.webp","keywords":["'\u00e9lections europ\u00e9ennes'","extr\u00eame droite","france"],"articleSection":["International"],"inLanguage":"fr-FR"},{"@type":"WebPage","@id":"https:\/\/www.webdo.tn\/fr\/actualite\/international\/elections-europeennes-l-extreme-droite-en-progression\/214681\/","url":"https:\/\/www.webdo.tn\/fr\/actualite\/international\/elections-europeennes-l-extreme-droite-en-progression\/214681\/","name":"Elections europ\u00e9ennes : L\u2019extr\u00eame droite en progression","isPartOf":{"@id":"https:\/\/www.webdo.tn\/fr\/#website"},"primaryImageOfPage":{"@id":"https:\/\/www.webdo.tn\/fr\/actualite\/international\/elections-europeennes-l-extreme-droite-en-progression\/214681\/#primaryimage"},"image":{"@id":"https:\/\/www.webdo.tn\/fr\/actualite\/international\/elections-europeennes-l-extreme-droite-en-progression\/214681\/#primaryimage"},"thumbnailUrl":"https:\/\/www.webdo.tn\/fr\/wp-content\/uploads\/2024\/06\/42bd2219d921d116cd051ff96ffa42a2.webp","datePublished":"2024-06-10T09:01:00+00:00","dateModified":"2025-05-20T22:13:38+00:00","description":"En marge des r\u00e9sultats pr\u00e9liminaires du scrutin qui s\u2019est d\u00e9roul\u00e9 entre le 6 et le 9 juin, les \u00e9lections europ\u00e9ennes de 2024 ont fait ressortir une progression...","breadcrumb":{"@id":"https:\/\/www.webdo.tn\/fr\/actualite\/international\/elections-europeennes-l-extreme-droite-en-progression\/214681\/#breadcrumb"},"inLanguage":"fr-FR","potentialAction":[{"@type":"ReadAction","target":["https:\/\/www.webdo.tn\/fr\/actualite\/international\/elections-europeennes-l-extreme-droite-en-progression\/214681\/"]}]},{"@type":"ImageObject","inLanguage":"fr-FR","@id":"https:\/\/www.webdo.tn\/fr\/actualite\/international\/elections-europeennes-l-extreme-droite-en-progression\/214681\/#primaryimage","url":"https:\/\/www.webdo.tn\/fr\/wp-content\/uploads\/2024\/06\/42bd2219d921d116cd051ff96ffa42a2.webp","contentUrl":"https:\/\/www.webdo.tn\/fr\/wp-content\/uploads\/2024\/06\/42bd2219d921d116cd051ff96ffa42a2.webp","width":750,"height":400,"caption":"Elections europ\u00e9ennes : L\u2019extr\u00eame droite en progression"},{"@type":"BreadcrumbList","@id":"https:\/\/www.webdo.tn\/fr\/actualite\/international\/elections-europeennes-l-extreme-droite-en-progression\/214681\/#breadcrumb","itemListElement":[{"@type":"ListItem","position":1,"name":"Accueil","item":"https:\/\/www.webdo.tn\/fr\/"},{"@type":"ListItem","position":2,"name":"Elections europ\u00e9ennes : L\u2019extr\u00eame droite en progression"}]},{"@type":"WebSite","@id":"https:\/\/www.webdo.tn\/fr\/#website","url":"https:\/\/www.webdo.tn\/fr\/","name":"webdo","description":"Tunisie - News en Tunisie et \u00e0 l&#039;international sur Webdo.tn","publisher":{"@id":"https:\/\/www.webdo.tn\/fr\/#organization"},"potentialAction":[{"@type":"SearchAction","target":{"@type":"EntryPoint","urlTemplate":"https:\/\/www.webdo.tn\/fr\/?s={search_term_string}"},"query-input":{"@type":"PropertyValueSpecification","valueRequired":true,"valueName":"search_term_string"}}],"inLanguage":"fr-FR"},{"@type":"Organization","@id":"https:\/\/www.webdo.tn\/fr\/#organization","name":"Webdo","alternateName":"Webdo.tn","url":"https:\/\/www.webdo.tn\/fr\/","logo":{"@type":"ImageObject","inLanguage":"fr-FR","@id":"https:\/\/www.webdo.tn\/fr\/#\/schema\/logo\/image\/","url":"https:\/\/www.webdo.tn\/fr\/wp-content\/uploads\/2025\/06\/Webdo-Tunisie_168377.jpg","contentUrl":"https:\/\/www.webdo.tn\/fr\/wp-content\/uploads\/2025\/06\/Webdo-Tunisie_168377.jpg","width":301,"height":301,"caption":"Webdo"},"image":{"@id":"https:\/\/www.webdo.tn\/fr\/#\/schema\/logo\/image\/"},"sameAs":["https:\/\/www.facebook.com\/webdotn","https:\/\/x.com\/webdo_tn"],"description":"Webdo est un m\u00e9dia num\u00e9rique tunisien fond\u00e9 en 2010, sp\u00e9cialis\u00e9 dans l\u2019actualit\u00e9 nationale et internationale, l\u2019\u00e9conomie, la soci\u00e9t\u00e9 et les analyses politiques. Le site s\u2019adresse \u00e0 un large public francophone et couvre l\u2019information tunisienne en temps r\u00e9el.","email":"redac@webdo.tn","legalName":"YNJ SARL","foundingDate":"2010-09-06","numberOfEmployees":{"@type":"QuantitativeValue","minValue":"11","maxValue":"50"}},{"@type":"Person","@id":"https:\/\/www.webdo.tn\/fr\/#\/schema\/person\/2c4929cbf5a809e3bd38617c6ce150f6","name":"MC","image":{"@type":"ImageObject","inLanguage":"fr-FR","@id":"https:\/\/secure.gravatar.com\/avatar\/a545bbb6f84efdd5553dbbc2895e3ca8f1d12c5215e00a041c9670b54aa9b18a?s=96&d=mm&r=g","url":"https:\/\/secure.gravatar.com\/avatar\/a545bbb6f84efdd5553dbbc2895e3ca8f1d12c5215e00a041c9670b54aa9b18a?s=96&d=mm&r=g","contentUrl":"https:\/\/secure.gravatar.com\/avatar\/a545bbb6f84efdd5553dbbc2895e3ca8f1d12c5215e00a041c9670b54aa9b18a?s=96&d=mm&r=g","caption":"MC"},"url":"https:\/\/www.webdo.tn\/fr\/actualite\/author\/mc\/"}]}},"_links":{"self":[{"href":"https:\/\/www.webdo.tn\/fr\/wp-json\/wp\/v2\/posts\/214681","targetHints":{"allow":["GET"]}}],"collection":[{"href":"https:\/\/www.webdo.tn\/fr\/wp-json\/wp\/v2\/posts"}],"about":[{"href":"https:\/\/www.webdo.tn\/fr\/wp-json\/wp\/v2\/types\/post"}],"author":[{"embeddable":true,"href":"https:\/\/www.webdo.tn\/fr\/wp-json\/wp\/v2\/users\/3162"}],"replies":[{"embeddable":true,"href":"https:\/\/www.webdo.tn\/fr\/wp-json\/wp\/v2\/comments?post=214681"}],"version-history":[{"count":0,"href":"https:\/\/www.webdo.tn\/fr\/wp-json\/wp\/v2\/posts\/214681\/revisions"}],"wp:featuredmedia":[{"embeddable":true,"href":"https:\/\/www.webdo.tn\/fr\/wp-json\/wp\/v2\/media\/290706"}],"wp:attachment":[{"href":"https:\/\/www.webdo.tn\/fr\/wp-json\/wp\/v2\/media?parent=214681"}],"wp:term":[{"taxonomy":"category","embeddable":true,"href":"https:\/\/www.webdo.tn\/fr\/wp-json\/wp\/v2\/categories?post=214681"},{"taxonomy":"post_tag","embeddable":true,"href":"https:\/\/www.webdo.tn\/fr\/wp-json\/wp\/v2\/tags?post=214681"}],"curies":[{"name":"wp","href":"https:\/\/api.w.org\/{rel}","templated":true}]}}