{"id":214679,"date":"2024-06-10T08:45:00","date_gmt":"2024-06-10T08:45:00","guid":{"rendered":"https:\/\/www.webdo.tn\/fr\/blog\/france-emmanuel-macron-dissout-l-assemblee-nationale\/214679\/"},"modified":"2025-05-20T22:13:38","modified_gmt":"2025-05-20T22:13:38","slug":"france-emmanuel-macron-dissout-l-assemblee-nationale","status":"publish","type":"post","link":"https:\/\/www.webdo.tn\/fr\/actualite\/international\/france-emmanuel-macron-dissout-l-assemblee-nationale\/214679\/","title":{"rendered":"France : Emmanuel Macron dissout l\u2019Assembl\u00e9e nationale"},"content":{"rendered":"<p>Le pr\u00e9sident fran\u00e7ais, Emmanuel Macron a annonc\u00e9, dimanche 9 juin 2024, avoir pris la d\u00e9cision de dissoudre l\u2019Assembl\u00e9e nationale et de convoquer des \u00e9lections l\u00e9gislatives le 30 juin et le 7 juillet. Une d\u00e9cision dict\u00e9e par la victoire du Rassemblement National aux \u00e9lections europ\u00e9ennes.<\/p>\n<p>\t\t\t\t\t\t\t\t\tApr\u00e8s la victoire du Rassemblement National aux \u00e9lections europ\u00e9ennes, avec 31,5% des voix, le pr\u00e9sident Emmanuel Macron a annonc\u00e9 la dissolution de l&rsquo;Assembl\u00e9e nationale et la tenue d&rsquo;\u00e9lections l\u00e9gislatives anticip\u00e9es les 30 juin et 7 juillet.<\/p>\n<p>\u00ab\u00a0Je ne saurai donc, \u00e0 l\u2019issue de cette journ\u00e9e, faire comme si de rien n\u2019\u00e9tait \u00e0 cette situation&#8230; C\u2019est pourquoi, apr\u00e8s avoir proc\u00e9d\u00e9 aux consultations pr\u00e9vues \u00e0 l\u2019article douze de notre Constitution, j\u2019ai d\u00e9cid\u00e9 de vous redonner le choix de notre avenir parlementaire par le vote\u00a0\u00bb, a indiqu\u00e9 Macron lors d\u2019une allocution, d\u00e9plorant les bons r\u00e9sultats de l&rsquo;extr\u00eame droite en Europe et en France.<\/p>\n<p>Cette d\u00e9cision de dissoudre l\u2019Assembl\u00e9e nationale a \u00e9t\u00e9 annonc\u00e9e apr\u00e8s l\u2019annonce des r\u00e9sultats pr\u00e9liminaires des \u00e9lections europ\u00e9ennes o\u00f9 le Rassemblement national est arriv\u00e9 en t\u00eate. \u00a0<\/p>\n<p>Les \u00e9lections europ\u00e9ennes de 2024 ont, en effet \u00e9t\u00e9 marqu\u00e9es par une progression de l&rsquo;extr\u00eame droite dans plusieurs pays de l&rsquo;Union europ\u00e9enne. En France, le Rassemblement national de Jordan Bardella a largement remport\u00e9 le scrutin avec plus de 31,5% des voix, devan\u00e7ant largement le parti Renaissance d&rsquo;Emmanuel Macron.<\/p>\n<p>C\u2019est la sixi\u00e8me fois qu\u2019un pr\u00e9sident dissout l\u2019Assembl\u00e9e nationale dans l&rsquo;histoire de la Ve R\u00e9publique, deux fois sous Charles de Gaulle (1962 et 1968), deux fois sous Fran\u00e7ois Mitterrand (1981 et 1988) et une fois une sous Jacques Chirac (1997).<\/p>\n","protected":false},"excerpt":{"rendered":"<p>Apr\u00e8s la victoire du Rassemblement National aux \u00e9lections europ\u00e9ennes, avec 31,5% des voix, le pr\u00e9sident Emmanuel Macron a annonc\u00e9 la dissolution de l&rsquo;Assembl\u00e9e&#8230;<\/p>\n","protected":false},"author":3162,"featured_media":290705,"comment_status":"open","ping_status":"closed","sticky":false,"template":"","format":"standard","meta":{"footnotes":""},"categories":[2598],"tags":[10237,10238,6394,3267,2998],"class_list":["post-214679","post","type-post","status-publish","format-standard","has-post-thumbnail","hentry","category-international","tag-elections-europeennes","tag-nemmanuel-macron","tag-assemblee-nationale","tag-dissolution","tag-france"],"yoast_head":"<!-- This site is optimized with the Yoast SEO Premium plugin v27.5 (Yoast SEO v27.5) - https:\/\/yoast.com\/product\/yoast-seo-premium-wordpress\/ -->\n<title>France : Emmanuel Macron dissout l\u2019Assembl\u00e9e nationale<\/title>\n<meta name=\"description\" content=\"Apr\u00e8s la victoire du Rassemblement National aux \u00e9lections europ\u00e9ennes, avec 31,5% des voix, le pr\u00e9sident Emmanuel Macron a annonc\u00e9 la dissolution de l&#039;Assembl\u00e9e...\" \/>\n<link rel=\"canonical\" href=\"https:\/\/www.webdo.tn\/fr\/actualite\/international\/france-emmanuel-macron-dissout-l-assemblee-nationale\/214679\/\" \/>\n<meta property=\"og:locale\" content=\"fr_FR\" \/>\n<meta property=\"og:type\" content=\"article\" \/>\n<meta property=\"og:title\" content=\"France : Emmanuel Macron dissout l\u2019Assembl\u00e9e nationale\" \/>\n<meta property=\"og:description\" content=\"Apr\u00e8s la victoire du Rassemblement National aux \u00e9lections europ\u00e9ennes, avec 31,5% des voix, le pr\u00e9sident Emmanuel Macron a annonc\u00e9 la dissolution de l&#039;Assembl\u00e9e...\" \/>\n<meta property=\"og:url\" content=\"https:\/\/www.webdo.tn\/fr\/actualite\/international\/france-emmanuel-macron-dissout-l-assemblee-nationale\/214679\/\" \/>\n<meta property=\"og:site_name\" content=\"webdo\" \/>\n<meta property=\"article:publisher\" content=\"https:\/\/www.facebook.com\/webdotn\" \/>\n<meta property=\"article:published_time\" content=\"2024-06-10T08:45:00+00:00\" \/>\n<meta property=\"article:modified_time\" content=\"2025-05-20T22:13:38+00:00\" \/>\n<meta property=\"og:image\" content=\"https:\/\/www.webdo.tn\/fr\/wp-content\/uploads\/2024\/06\/8638230b6c1487742c4da95e830891bb.webp\" \/>\n\t<meta property=\"og:image:width\" content=\"750\" \/>\n\t<meta property=\"og:image:height\" content=\"400\" \/>\n\t<meta property=\"og:image:type\" content=\"image\/webp\" \/>\n<meta name=\"author\" content=\"MC\" \/>\n<meta name=\"twitter:card\" content=\"summary_large_image\" \/>\n<meta name=\"twitter:creator\" content=\"@webdo_tn\" \/>\n<meta name=\"twitter:site\" content=\"@webdo_tn\" \/>\n<meta name=\"twitter:label1\" content=\"\u00c9crit par\" \/>\n\t<meta name=\"twitter:data1\" content=\"MC\" \/>\n\t<meta name=\"twitter:label2\" content=\"Dur\u00e9e de lecture estim\u00e9e\" \/>\n\t<meta name=\"twitter:data2\" content=\"1 minute\" \/>\n<script type=\"application\/ld+json\" class=\"yoast-schema-graph\">{\"@context\":\"https:\\\/\\\/schema.org\",\"@graph\":[{\"@type\":\"NewsArticle\",\"@id\":\"https:\\\/\\\/www.webdo.tn\\\/fr\\\/actualite\\\/international\\\/france-emmanuel-macron-dissout-l-assemblee-nationale\\\/214679\\\/#article\",\"isPartOf\":{\"@id\":\"https:\\\/\\\/www.webdo.tn\\\/fr\\\/actualite\\\/international\\\/france-emmanuel-macron-dissout-l-assemblee-nationale\\\/214679\\\/\"},\"author\":{\"name\":\"MC\",\"@id\":\"https:\\\/\\\/www.webdo.tn\\\/fr\\\/#\\\/schema\\\/person\\\/2c4929cbf5a809e3bd38617c6ce150f6\"},\"headline\":\"France : Emmanuel Macron dissout l\u2019Assembl\u00e9e nationale\",\"datePublished\":\"2024-06-10T08:45:00+00:00\",\"dateModified\":\"2025-05-20T22:13:38+00:00\",\"mainEntityOfPage\":{\"@id\":\"https:\\\/\\\/www.webdo.tn\\\/fr\\\/actualite\\\/international\\\/france-emmanuel-macron-dissout-l-assemblee-nationale\\\/214679\\\/\"},\"wordCount\":307,\"commentCount\":0,\"publisher\":{\"@id\":\"https:\\\/\\\/www.webdo.tn\\\/fr\\\/#organization\"},\"image\":{\"@id\":\"https:\\\/\\\/www.webdo.tn\\\/fr\\\/actualite\\\/international\\\/france-emmanuel-macron-dissout-l-assemblee-nationale\\\/214679\\\/#primaryimage\"},\"thumbnailUrl\":\"https:\\\/\\\/www.webdo.tn\\\/fr\\\/wp-content\\\/uploads\\\/2024\\\/06\\\/8638230b6c1487742c4da95e830891bb.webp\",\"keywords\":[\"'\u00e9lections europ\u00e9ennes'\",\"'nemmanuel macron']\",\"Assembl\u00e9e Nationale\",\"dissolution\",\"france\"],\"articleSection\":[\"International\"],\"inLanguage\":\"fr-FR\"},{\"@type\":\"WebPage\",\"@id\":\"https:\\\/\\\/www.webdo.tn\\\/fr\\\/actualite\\\/international\\\/france-emmanuel-macron-dissout-l-assemblee-nationale\\\/214679\\\/\",\"url\":\"https:\\\/\\\/www.webdo.tn\\\/fr\\\/actualite\\\/international\\\/france-emmanuel-macron-dissout-l-assemblee-nationale\\\/214679\\\/\",\"name\":\"France : Emmanuel Macron dissout l\u2019Assembl\u00e9e nationale\",\"isPartOf\":{\"@id\":\"https:\\\/\\\/www.webdo.tn\\\/fr\\\/#website\"},\"primaryImageOfPage\":{\"@id\":\"https:\\\/\\\/www.webdo.tn\\\/fr\\\/actualite\\\/international\\\/france-emmanuel-macron-dissout-l-assemblee-nationale\\\/214679\\\/#primaryimage\"},\"image\":{\"@id\":\"https:\\\/\\\/www.webdo.tn\\\/fr\\\/actualite\\\/international\\\/france-emmanuel-macron-dissout-l-assemblee-nationale\\\/214679\\\/#primaryimage\"},\"thumbnailUrl\":\"https:\\\/\\\/www.webdo.tn\\\/fr\\\/wp-content\\\/uploads\\\/2024\\\/06\\\/8638230b6c1487742c4da95e830891bb.webp\",\"datePublished\":\"2024-06-10T08:45:00+00:00\",\"dateModified\":\"2025-05-20T22:13:38+00:00\",\"description\":\"Apr\u00e8s la victoire du Rassemblement National aux \u00e9lections europ\u00e9ennes, avec 31,5% des voix, le pr\u00e9sident Emmanuel Macron a annonc\u00e9 la dissolution de l'Assembl\u00e9e...\",\"breadcrumb\":{\"@id\":\"https:\\\/\\\/www.webdo.tn\\\/fr\\\/actualite\\\/international\\\/france-emmanuel-macron-dissout-l-assemblee-nationale\\\/214679\\\/#breadcrumb\"},\"inLanguage\":\"fr-FR\",\"potentialAction\":[{\"@type\":\"ReadAction\",\"target\":[\"https:\\\/\\\/www.webdo.tn\\\/fr\\\/actualite\\\/international\\\/france-emmanuel-macron-dissout-l-assemblee-nationale\\\/214679\\\/\"]}]},{\"@type\":\"ImageObject\",\"inLanguage\":\"fr-FR\",\"@id\":\"https:\\\/\\\/www.webdo.tn\\\/fr\\\/actualite\\\/international\\\/france-emmanuel-macron-dissout-l-assemblee-nationale\\\/214679\\\/#primaryimage\",\"url\":\"https:\\\/\\\/www.webdo.tn\\\/fr\\\/wp-content\\\/uploads\\\/2024\\\/06\\\/8638230b6c1487742c4da95e830891bb.webp\",\"contentUrl\":\"https:\\\/\\\/www.webdo.tn\\\/fr\\\/wp-content\\\/uploads\\\/2024\\\/06\\\/8638230b6c1487742c4da95e830891bb.webp\",\"width\":750,\"height\":400,\"caption\":\"France : Emmanuel Macron dissout l\u2019Assembl\u00e9e nationale\"},{\"@type\":\"BreadcrumbList\",\"@id\":\"https:\\\/\\\/www.webdo.tn\\\/fr\\\/actualite\\\/international\\\/france-emmanuel-macron-dissout-l-assemblee-nationale\\\/214679\\\/#breadcrumb\",\"itemListElement\":[{\"@type\":\"ListItem\",\"position\":1,\"name\":\"Accueil\",\"item\":\"https:\\\/\\\/www.webdo.tn\\\/fr\\\/\"},{\"@type\":\"ListItem\",\"position\":2,\"name\":\"France : Emmanuel Macron dissout l\u2019Assembl\u00e9e nationale\"}]},{\"@type\":\"WebSite\",\"@id\":\"https:\\\/\\\/www.webdo.tn\\\/fr\\\/#website\",\"url\":\"https:\\\/\\\/www.webdo.tn\\\/fr\\\/\",\"name\":\"webdo\",\"description\":\"Tunisie - News en Tunisie et \u00e0 l&#039;international sur Webdo.tn\",\"publisher\":{\"@id\":\"https:\\\/\\\/www.webdo.tn\\\/fr\\\/#organization\"},\"potentialAction\":[{\"@type\":\"SearchAction\",\"target\":{\"@type\":\"EntryPoint\",\"urlTemplate\":\"https:\\\/\\\/www.webdo.tn\\\/fr\\\/?s={search_term_string}\"},\"query-input\":{\"@type\":\"PropertyValueSpecification\",\"valueRequired\":true,\"valueName\":\"search_term_string\"}}],\"inLanguage\":\"fr-FR\"},{\"@type\":\"Organization\",\"@id\":\"https:\\\/\\\/www.webdo.tn\\\/fr\\\/#organization\",\"name\":\"Webdo\",\"alternateName\":\"Webdo.tn\",\"url\":\"https:\\\/\\\/www.webdo.tn\\\/fr\\\/\",\"logo\":{\"@type\":\"ImageObject\",\"inLanguage\":\"fr-FR\",\"@id\":\"https:\\\/\\\/www.webdo.tn\\\/fr\\\/#\\\/schema\\\/logo\\\/image\\\/\",\"url\":\"https:\\\/\\\/www.webdo.tn\\\/fr\\\/wp-content\\\/uploads\\\/2025\\\/06\\\/Webdo-Tunisie_168377.jpg\",\"contentUrl\":\"https:\\\/\\\/www.webdo.tn\\\/fr\\\/wp-content\\\/uploads\\\/2025\\\/06\\\/Webdo-Tunisie_168377.jpg\",\"width\":301,\"height\":301,\"caption\":\"Webdo\"},\"image\":{\"@id\":\"https:\\\/\\\/www.webdo.tn\\\/fr\\\/#\\\/schema\\\/logo\\\/image\\\/\"},\"sameAs\":[\"https:\\\/\\\/www.facebook.com\\\/webdotn\",\"https:\\\/\\\/x.com\\\/webdo_tn\"],\"description\":\"Webdo est un m\u00e9dia num\u00e9rique tunisien fond\u00e9 en 2010, sp\u00e9cialis\u00e9 dans l\u2019actualit\u00e9 nationale et internationale, l\u2019\u00e9conomie, la soci\u00e9t\u00e9 et les analyses politiques. Le site s\u2019adresse \u00e0 un large public francophone et couvre l\u2019information tunisienne en temps r\u00e9el.\",\"email\":\"redac@webdo.tn\",\"legalName\":\"YNJ SARL\",\"foundingDate\":\"2010-09-06\",\"numberOfEmployees\":{\"@type\":\"QuantitativeValue\",\"minValue\":\"11\",\"maxValue\":\"50\"}},{\"@type\":\"Person\",\"@id\":\"https:\\\/\\\/www.webdo.tn\\\/fr\\\/#\\\/schema\\\/person\\\/2c4929cbf5a809e3bd38617c6ce150f6\",\"name\":\"MC\",\"image\":{\"@type\":\"ImageObject\",\"inLanguage\":\"fr-FR\",\"@id\":\"https:\\\/\\\/secure.gravatar.com\\\/avatar\\\/a545bbb6f84efdd5553dbbc2895e3ca8f1d12c5215e00a041c9670b54aa9b18a?s=96&d=mm&r=g\",\"url\":\"https:\\\/\\\/secure.gravatar.com\\\/avatar\\\/a545bbb6f84efdd5553dbbc2895e3ca8f1d12c5215e00a041c9670b54aa9b18a?s=96&d=mm&r=g\",\"contentUrl\":\"https:\\\/\\\/secure.gravatar.com\\\/avatar\\\/a545bbb6f84efdd5553dbbc2895e3ca8f1d12c5215e00a041c9670b54aa9b18a?s=96&d=mm&r=g\",\"caption\":\"MC\"},\"url\":\"https:\\\/\\\/www.webdo.tn\\\/fr\\\/actualite\\\/author\\\/mc\\\/\"}]}<\/script>\n<!-- \/ Yoast SEO Premium plugin. -->","yoast_head_json":{"title":"France : Emmanuel Macron dissout l\u2019Assembl\u00e9e nationale","description":"Apr\u00e8s la victoire du Rassemblement National aux \u00e9lections europ\u00e9ennes, avec 31,5% des voix, le pr\u00e9sident Emmanuel Macron a annonc\u00e9 la dissolution de l'Assembl\u00e9e...","canonical":"https:\/\/www.webdo.tn\/fr\/actualite\/international\/france-emmanuel-macron-dissout-l-assemblee-nationale\/214679\/","og_locale":"fr_FR","og_type":"article","og_title":"France : Emmanuel Macron dissout l\u2019Assembl\u00e9e nationale","og_description":"Apr\u00e8s la victoire du Rassemblement National aux \u00e9lections europ\u00e9ennes, avec 31,5% des voix, le pr\u00e9sident Emmanuel Macron a annonc\u00e9 la dissolution de l'Assembl\u00e9e...","og_url":"https:\/\/www.webdo.tn\/fr\/actualite\/international\/france-emmanuel-macron-dissout-l-assemblee-nationale\/214679\/","og_site_name":"webdo","article_publisher":"https:\/\/www.facebook.com\/webdotn","article_published_time":"2024-06-10T08:45:00+00:00","article_modified_time":"2025-05-20T22:13:38+00:00","og_image":[{"width":750,"height":400,"url":"https:\/\/www.webdo.tn\/fr\/wp-content\/uploads\/2024\/06\/8638230b6c1487742c4da95e830891bb.webp","type":"image\/webp"}],"author":"MC","twitter_card":"summary_large_image","twitter_creator":"@webdo_tn","twitter_site":"@webdo_tn","twitter_misc":{"\u00c9crit par":"MC","Dur\u00e9e de lecture estim\u00e9e":"1 minute"},"schema":{"@context":"https:\/\/schema.org","@graph":[{"@type":"NewsArticle","@id":"https:\/\/www.webdo.tn\/fr\/actualite\/international\/france-emmanuel-macron-dissout-l-assemblee-nationale\/214679\/#article","isPartOf":{"@id":"https:\/\/www.webdo.tn\/fr\/actualite\/international\/france-emmanuel-macron-dissout-l-assemblee-nationale\/214679\/"},"author":{"name":"MC","@id":"https:\/\/www.webdo.tn\/fr\/#\/schema\/person\/2c4929cbf5a809e3bd38617c6ce150f6"},"headline":"France : Emmanuel Macron dissout l\u2019Assembl\u00e9e nationale","datePublished":"2024-06-10T08:45:00+00:00","dateModified":"2025-05-20T22:13:38+00:00","mainEntityOfPage":{"@id":"https:\/\/www.webdo.tn\/fr\/actualite\/international\/france-emmanuel-macron-dissout-l-assemblee-nationale\/214679\/"},"wordCount":307,"commentCount":0,"publisher":{"@id":"https:\/\/www.webdo.tn\/fr\/#organization"},"image":{"@id":"https:\/\/www.webdo.tn\/fr\/actualite\/international\/france-emmanuel-macron-dissout-l-assemblee-nationale\/214679\/#primaryimage"},"thumbnailUrl":"https:\/\/www.webdo.tn\/fr\/wp-content\/uploads\/2024\/06\/8638230b6c1487742c4da95e830891bb.webp","keywords":["'\u00e9lections europ\u00e9ennes'","'nemmanuel macron']","Assembl\u00e9e Nationale","dissolution","france"],"articleSection":["International"],"inLanguage":"fr-FR"},{"@type":"WebPage","@id":"https:\/\/www.webdo.tn\/fr\/actualite\/international\/france-emmanuel-macron-dissout-l-assemblee-nationale\/214679\/","url":"https:\/\/www.webdo.tn\/fr\/actualite\/international\/france-emmanuel-macron-dissout-l-assemblee-nationale\/214679\/","name":"France : Emmanuel Macron dissout l\u2019Assembl\u00e9e nationale","isPartOf":{"@id":"https:\/\/www.webdo.tn\/fr\/#website"},"primaryImageOfPage":{"@id":"https:\/\/www.webdo.tn\/fr\/actualite\/international\/france-emmanuel-macron-dissout-l-assemblee-nationale\/214679\/#primaryimage"},"image":{"@id":"https:\/\/www.webdo.tn\/fr\/actualite\/international\/france-emmanuel-macron-dissout-l-assemblee-nationale\/214679\/#primaryimage"},"thumbnailUrl":"https:\/\/www.webdo.tn\/fr\/wp-content\/uploads\/2024\/06\/8638230b6c1487742c4da95e830891bb.webp","datePublished":"2024-06-10T08:45:00+00:00","dateModified":"2025-05-20T22:13:38+00:00","description":"Apr\u00e8s la victoire du Rassemblement National aux \u00e9lections europ\u00e9ennes, avec 31,5% des voix, le pr\u00e9sident Emmanuel Macron a annonc\u00e9 la dissolution de l'Assembl\u00e9e...","breadcrumb":{"@id":"https:\/\/www.webdo.tn\/fr\/actualite\/international\/france-emmanuel-macron-dissout-l-assemblee-nationale\/214679\/#breadcrumb"},"inLanguage":"fr-FR","potentialAction":[{"@type":"ReadAction","target":["https:\/\/www.webdo.tn\/fr\/actualite\/international\/france-emmanuel-macron-dissout-l-assemblee-nationale\/214679\/"]}]},{"@type":"ImageObject","inLanguage":"fr-FR","@id":"https:\/\/www.webdo.tn\/fr\/actualite\/international\/france-emmanuel-macron-dissout-l-assemblee-nationale\/214679\/#primaryimage","url":"https:\/\/www.webdo.tn\/fr\/wp-content\/uploads\/2024\/06\/8638230b6c1487742c4da95e830891bb.webp","contentUrl":"https:\/\/www.webdo.tn\/fr\/wp-content\/uploads\/2024\/06\/8638230b6c1487742c4da95e830891bb.webp","width":750,"height":400,"caption":"France : Emmanuel Macron dissout l\u2019Assembl\u00e9e nationale"},{"@type":"BreadcrumbList","@id":"https:\/\/www.webdo.tn\/fr\/actualite\/international\/france-emmanuel-macron-dissout-l-assemblee-nationale\/214679\/#breadcrumb","itemListElement":[{"@type":"ListItem","position":1,"name":"Accueil","item":"https:\/\/www.webdo.tn\/fr\/"},{"@type":"ListItem","position":2,"name":"France : Emmanuel Macron dissout l\u2019Assembl\u00e9e nationale"}]},{"@type":"WebSite","@id":"https:\/\/www.webdo.tn\/fr\/#website","url":"https:\/\/www.webdo.tn\/fr\/","name":"webdo","description":"Tunisie - News en Tunisie et \u00e0 l&#039;international sur Webdo.tn","publisher":{"@id":"https:\/\/www.webdo.tn\/fr\/#organization"},"potentialAction":[{"@type":"SearchAction","target":{"@type":"EntryPoint","urlTemplate":"https:\/\/www.webdo.tn\/fr\/?s={search_term_string}"},"query-input":{"@type":"PropertyValueSpecification","valueRequired":true,"valueName":"search_term_string"}}],"inLanguage":"fr-FR"},{"@type":"Organization","@id":"https:\/\/www.webdo.tn\/fr\/#organization","name":"Webdo","alternateName":"Webdo.tn","url":"https:\/\/www.webdo.tn\/fr\/","logo":{"@type":"ImageObject","inLanguage":"fr-FR","@id":"https:\/\/www.webdo.tn\/fr\/#\/schema\/logo\/image\/","url":"https:\/\/www.webdo.tn\/fr\/wp-content\/uploads\/2025\/06\/Webdo-Tunisie_168377.jpg","contentUrl":"https:\/\/www.webdo.tn\/fr\/wp-content\/uploads\/2025\/06\/Webdo-Tunisie_168377.jpg","width":301,"height":301,"caption":"Webdo"},"image":{"@id":"https:\/\/www.webdo.tn\/fr\/#\/schema\/logo\/image\/"},"sameAs":["https:\/\/www.facebook.com\/webdotn","https:\/\/x.com\/webdo_tn"],"description":"Webdo est un m\u00e9dia num\u00e9rique tunisien fond\u00e9 en 2010, sp\u00e9cialis\u00e9 dans l\u2019actualit\u00e9 nationale et internationale, l\u2019\u00e9conomie, la soci\u00e9t\u00e9 et les analyses politiques. Le site s\u2019adresse \u00e0 un large public francophone et couvre l\u2019information tunisienne en temps r\u00e9el.","email":"redac@webdo.tn","legalName":"YNJ SARL","foundingDate":"2010-09-06","numberOfEmployees":{"@type":"QuantitativeValue","minValue":"11","maxValue":"50"}},{"@type":"Person","@id":"https:\/\/www.webdo.tn\/fr\/#\/schema\/person\/2c4929cbf5a809e3bd38617c6ce150f6","name":"MC","image":{"@type":"ImageObject","inLanguage":"fr-FR","@id":"https:\/\/secure.gravatar.com\/avatar\/a545bbb6f84efdd5553dbbc2895e3ca8f1d12c5215e00a041c9670b54aa9b18a?s=96&d=mm&r=g","url":"https:\/\/secure.gravatar.com\/avatar\/a545bbb6f84efdd5553dbbc2895e3ca8f1d12c5215e00a041c9670b54aa9b18a?s=96&d=mm&r=g","contentUrl":"https:\/\/secure.gravatar.com\/avatar\/a545bbb6f84efdd5553dbbc2895e3ca8f1d12c5215e00a041c9670b54aa9b18a?s=96&d=mm&r=g","caption":"MC"},"url":"https:\/\/www.webdo.tn\/fr\/actualite\/author\/mc\/"}]}},"_links":{"self":[{"href":"https:\/\/www.webdo.tn\/fr\/wp-json\/wp\/v2\/posts\/214679","targetHints":{"allow":["GET"]}}],"collection":[{"href":"https:\/\/www.webdo.tn\/fr\/wp-json\/wp\/v2\/posts"}],"about":[{"href":"https:\/\/www.webdo.tn\/fr\/wp-json\/wp\/v2\/types\/post"}],"author":[{"embeddable":true,"href":"https:\/\/www.webdo.tn\/fr\/wp-json\/wp\/v2\/users\/3162"}],"replies":[{"embeddable":true,"href":"https:\/\/www.webdo.tn\/fr\/wp-json\/wp\/v2\/comments?post=214679"}],"version-history":[{"count":0,"href":"https:\/\/www.webdo.tn\/fr\/wp-json\/wp\/v2\/posts\/214679\/revisions"}],"wp:featuredmedia":[{"embeddable":true,"href":"https:\/\/www.webdo.tn\/fr\/wp-json\/wp\/v2\/media\/290705"}],"wp:attachment":[{"href":"https:\/\/www.webdo.tn\/fr\/wp-json\/wp\/v2\/media?parent=214679"}],"wp:term":[{"taxonomy":"category","embeddable":true,"href":"https:\/\/www.webdo.tn\/fr\/wp-json\/wp\/v2\/categories?post=214679"},{"taxonomy":"post_tag","embeddable":true,"href":"https:\/\/www.webdo.tn\/fr\/wp-json\/wp\/v2\/tags?post=214679"}],"curies":[{"name":"wp","href":"https:\/\/api.w.org\/{rel}","templated":true}]}}