{"id":214677,"date":"2024-06-09T18:49:00","date_gmt":"2024-06-09T18:49:00","guid":{"rendered":"https:\/\/www.webdo.tn\/fr\/blog\/mondial-2026-les-tunisiens-hors-sujet-face-a-la-namibie\/214677\/"},"modified":"2025-05-20T22:13:38","modified_gmt":"2025-05-20T22:13:38","slug":"mondial-2026-les-tunisiens-hors-sujet-face-a-la-namibie","status":"publish","type":"post","link":"https:\/\/www.webdo.tn\/fr\/actualite\/sport\/mondial-2026-les-tunisiens-hors-sujet-face-a-la-namibie\/214677\/","title":{"rendered":"Mondial 2026 | La Tunisie hors sujet face \u00e0 la Namibie"},"content":{"rendered":"<p>Apr\u00e8s trois victoires en trois matches, les Aigles de Carthage ont marqu\u00e9 un coup d\u2019arr\u00eat lors des \u00e9liminatoires de la Coupe du Monde 2026. Face \u00e0 la Namibie, la Tunisie a \u00e9t\u00e9 hors du coup et n\u2019a jamais pu prendre l\u2019ascendant.<\/p>\n<p>\t\t\t\t\t\t\t\t\tLa s\u00e9lection tunisienne s\u2019est content\u00e9e d\u2019un match nul (0-0), ce dimanche 9 juin au stade d\u2019Orlando \u00e0 Johannesburg en Afrique du Sud, face \u00e0 la Namibie dans le cadre de la 4e journ\u00e9e des \u00e9liminatoires de la Coupe du Monde 2026.<\/p>\n<p>D\u00e8s les premi\u00e8res minutes, les Namibiens se montrent dangereux avec une premi\u00e8re occasion \u00e0 la 3\u2019 et une deuxi\u00e8me occasion \u00e0 la 5\u2019 lorsque la balle passe de peu au-dessus de la transversale de Bechir Ben Said.<\/p>\n<p>La Tunisie transparente<\/p>\n<p>A la 14\u2019, suite \u00e0 un coup-franc en faveur des Namibiens, l\u2019\u00e9quipe locale ouvre le score mais le but est refus\u00e9 \u00e0 la Namibie apr\u00e8s une faute sur Bechir Ben Said. Le but semblait valide mais en l\u2019absence de VAR et dans le doute, l\u2019arbitre mauritanien Dahane Beida d\u00e9cide de l\u2019annuler.<\/p>\n<p>Cela n\u2019a pas pour effet de porter un coup au moral des joueurs namibiens, qui poursuivent leurs assauts vers les cages de Ben Saied. Dans le m\u00eame temps, la Tunisie reste dans une l\u00e9thargie inexplicable et fait preuve de beaucoup de f\u00e9brilit\u00e9 notamment au milieu.<\/p>\n<p>La 1\u00e8re mi-temps s\u2019ach\u00e8ve sur un score vierge. Une mi-temps au cours de laquelle la Namibie s\u2019est montr\u00e9e plus entreprenante que la Tunisie au rendement tr\u00e8s timide voire catastrophique. Les Aigles de Carthage ont fait preuve de beaucoup de passivit\u00e9 et de lenteur dans le jeu avec un manque flagrant d\u2019agressivit\u00e9 et une m\u00e9sentente \u00e9vidente entre les lignes.<\/p>\n<p>Limites techniques et tactiques<\/p>\n<p>La deuxi\u00e8me mi-temps est dans la continuit\u00e9 de la premi\u00e8re avec une \u00e9quipe tunisienne, tr\u00e8s limit\u00e9e techniquement et trop lente dans les transitions, qui manque toujours autant de volont\u00e9 et d\u2019agressivit\u00e9.<\/p>\n<p>Si la premi\u00e8re mi-temps a \u00e9t\u00e9 pauvre en termes de jeu, la deuxi\u00e8me a \u00e9t\u00e9 sa copie conforme. Face \u00e0 la Namibie s\u2019en sort finalement bien en arrachant le point du match nul.<\/p>\n<p>Formation Tunisie : Bechir Ben Said, Yassine Meriah, Montassar Talbi, Ali Abdi, Hamza Mathlouthi, Ellyes Skhiri, Nader Ghandri (Ghaylene Chaalali 43\u2019), Elias Achouri, Elias Saad (Mortadha Ben Ouannes 56\u2019), Hamza Rafia (Wajdi Sehli 89&prime;), Haythem Jouini<\/p>\n<p>R\u00e9sultats et classement<\/p>\n<p>1\u00e8re Journ\u00e9e<\/p>\n<p>\tGuin\u00e9e \u00e9quatoriale 1-0 (0-2) Namibie<br \/>\n\tTunisie 4-0 Sao Tom\u00e9-et-Principe<br \/>\n\tLiberia 0-1 Malawi<\/p>\n<p>2e Journ\u00e9e<\/p>\n<p>\tSao Tom\u00e9-et-Principe 0-2 Namibie<br \/>\n\tMalawi 0-1 Tunisie<br \/>\n\tLiberia 0-1 (2-0) Guin\u00e9e \u00e9quatoriale<\/p>\n<p>3e Journ\u00e9e<\/p>\n<p>\tNamibie-Liberia 1-1<br \/>\n\tTunisie-Guin\u00e9e \u00c9quatoriale 1-0<br \/>\n\tMalawi-Sao Tom\u00e9-et-Principe 3-1<\/p>\n<p>4e Journ\u00e9e<\/p>\n<p>\tSao Tom\u00e9-et-Principe-Liberia 0-1<br \/>\n\tNamibie-Tunisie 0-0<br \/>\n\tLundi 10 juin \u00e0 14h00 : Guin\u00e9e \u00c9quatoriale-Malawi<\/p>\n<p>Classement<\/p>\n<p>\tTunisie 10 points<br \/>\n\tNamibie 8 points<br \/>\n\tLiberia 7 points<br \/>\n\tMalawi 6 points (-1)<br \/>\n\tGuin\u00e9e Equatoriale 0 point (-1)<br \/>\n\tSao Tom\u00e9-et-Principe 0 point<\/p>\n","protected":false},"excerpt":{"rendered":"<p>La s\u00e9lection tunisienne s\u2019est content\u00e9e d\u2019un match nul (0-0), ce dimanche 9 juin au stade d\u2019Orlando \u00e0 Johannesburg en Afrique du Sud, face \u00e0 la Namibie dans le&#8230;<\/p>\n","protected":false},"author":3162,"featured_media":290707,"comment_status":"open","ping_status":"closed","sticky":false,"template":"","format":"standard","meta":{"footnotes":""},"categories":[2593],"tags":[3582,4066,3520,2622,2608],"class_list":["post-214677","post","type-post","status-publish","format-standard","has-post-thumbnail","hentry","category-sport","tag-cm-2026","tag-coupe-du-monde","tag-eliminatoires","tag-football","tag-tunisie"],"yoast_head":"<!-- This site is optimized with the Yoast SEO Premium plugin v27.5 (Yoast SEO v27.5) - https:\/\/yoast.com\/product\/yoast-seo-premium-wordpress\/ -->\n<title>Mondial 2026 | La Tunisie hors sujet face \u00e0 la Namibie<\/title>\n<meta name=\"description\" content=\"La s\u00e9lection tunisienne s\u2019est content\u00e9e d\u2019un match nul (0-0), ce dimanche 9 juin au stade d\u2019Orlando \u00e0 Johannesburg en Afrique du Sud, face \u00e0 la Namibie dans le...\" \/>\n<link rel=\"canonical\" href=\"https:\/\/www.webdo.tn\/fr\/actualite\/sport\/mondial-2026-les-tunisiens-hors-sujet-face-a-la-namibie\/214677\/\" \/>\n<meta property=\"og:locale\" content=\"fr_FR\" \/>\n<meta property=\"og:type\" content=\"article\" \/>\n<meta property=\"og:title\" content=\"Mondial 2026 | La Tunisie hors sujet face \u00e0 la Namibie\" \/>\n<meta property=\"og:description\" content=\"La s\u00e9lection tunisienne s\u2019est content\u00e9e d\u2019un match nul (0-0), ce dimanche 9 juin au stade d\u2019Orlando \u00e0 Johannesburg en Afrique du Sud, face \u00e0 la Namibie dans le...\" \/>\n<meta property=\"og:url\" content=\"https:\/\/www.webdo.tn\/fr\/actualite\/sport\/mondial-2026-les-tunisiens-hors-sujet-face-a-la-namibie\/214677\/\" \/>\n<meta property=\"og:site_name\" content=\"webdo\" \/>\n<meta property=\"article:publisher\" content=\"https:\/\/www.facebook.com\/webdotn\" \/>\n<meta property=\"article:published_time\" content=\"2024-06-09T18:49:00+00:00\" \/>\n<meta property=\"article:modified_time\" content=\"2025-05-20T22:13:38+00:00\" \/>\n<meta property=\"og:image\" content=\"https:\/\/www.webdo.tn\/fr\/wp-content\/uploads\/2024\/06\/4fc8fe23e7bf0fc36ecc4f65657b4ac4.webp\" \/>\n\t<meta property=\"og:image:width\" content=\"750\" \/>\n\t<meta property=\"og:image:height\" content=\"400\" \/>\n\t<meta property=\"og:image:type\" content=\"image\/webp\" \/>\n<meta name=\"author\" content=\"MC\" \/>\n<meta name=\"twitter:card\" content=\"summary_large_image\" \/>\n<meta name=\"twitter:creator\" content=\"@webdo_tn\" \/>\n<meta name=\"twitter:site\" content=\"@webdo_tn\" \/>\n<meta name=\"twitter:label1\" content=\"\u00c9crit par\" \/>\n\t<meta name=\"twitter:data1\" content=\"MC\" \/>\n\t<meta name=\"twitter:label2\" content=\"Dur\u00e9e de lecture estim\u00e9e\" \/>\n\t<meta name=\"twitter:data2\" content=\"2 minutes\" \/>\n<script type=\"application\/ld+json\" class=\"yoast-schema-graph\">{\"@context\":\"https:\\\/\\\/schema.org\",\"@graph\":[{\"@type\":\"NewsArticle\",\"@id\":\"https:\\\/\\\/www.webdo.tn\\\/fr\\\/actualite\\\/sport\\\/mondial-2026-les-tunisiens-hors-sujet-face-a-la-namibie\\\/214677\\\/#article\",\"isPartOf\":{\"@id\":\"https:\\\/\\\/www.webdo.tn\\\/fr\\\/actualite\\\/sport\\\/mondial-2026-les-tunisiens-hors-sujet-face-a-la-namibie\\\/214677\\\/\"},\"author\":{\"name\":\"MC\",\"@id\":\"https:\\\/\\\/www.webdo.tn\\\/fr\\\/#\\\/schema\\\/person\\\/2c4929cbf5a809e3bd38617c6ce150f6\"},\"headline\":\"Mondial 2026 | La Tunisie hors sujet face \u00e0 la Namibie\",\"datePublished\":\"2024-06-09T18:49:00+00:00\",\"dateModified\":\"2025-05-20T22:13:38+00:00\",\"mainEntityOfPage\":{\"@id\":\"https:\\\/\\\/www.webdo.tn\\\/fr\\\/actualite\\\/sport\\\/mondial-2026-les-tunisiens-hors-sujet-face-a-la-namibie\\\/214677\\\/\"},\"wordCount\":495,\"commentCount\":0,\"publisher\":{\"@id\":\"https:\\\/\\\/www.webdo.tn\\\/fr\\\/#organization\"},\"image\":{\"@id\":\"https:\\\/\\\/www.webdo.tn\\\/fr\\\/actualite\\\/sport\\\/mondial-2026-les-tunisiens-hors-sujet-face-a-la-namibie\\\/214677\\\/#primaryimage\"},\"thumbnailUrl\":\"https:\\\/\\\/www.webdo.tn\\\/fr\\\/wp-content\\\/uploads\\\/2024\\\/06\\\/4fc8fe23e7bf0fc36ecc4f65657b4ac4.webp\",\"keywords\":[\"CM 2026\",\"Coupe du Monde\",\"\u00e9liminatoires\",\"football\",\"Tunisie\"],\"articleSection\":[\"Sport\"],\"inLanguage\":\"fr-FR\"},{\"@type\":\"WebPage\",\"@id\":\"https:\\\/\\\/www.webdo.tn\\\/fr\\\/actualite\\\/sport\\\/mondial-2026-les-tunisiens-hors-sujet-face-a-la-namibie\\\/214677\\\/\",\"url\":\"https:\\\/\\\/www.webdo.tn\\\/fr\\\/actualite\\\/sport\\\/mondial-2026-les-tunisiens-hors-sujet-face-a-la-namibie\\\/214677\\\/\",\"name\":\"Mondial 2026 | La Tunisie hors sujet face \u00e0 la Namibie\",\"isPartOf\":{\"@id\":\"https:\\\/\\\/www.webdo.tn\\\/fr\\\/#website\"},\"primaryImageOfPage\":{\"@id\":\"https:\\\/\\\/www.webdo.tn\\\/fr\\\/actualite\\\/sport\\\/mondial-2026-les-tunisiens-hors-sujet-face-a-la-namibie\\\/214677\\\/#primaryimage\"},\"image\":{\"@id\":\"https:\\\/\\\/www.webdo.tn\\\/fr\\\/actualite\\\/sport\\\/mondial-2026-les-tunisiens-hors-sujet-face-a-la-namibie\\\/214677\\\/#primaryimage\"},\"thumbnailUrl\":\"https:\\\/\\\/www.webdo.tn\\\/fr\\\/wp-content\\\/uploads\\\/2024\\\/06\\\/4fc8fe23e7bf0fc36ecc4f65657b4ac4.webp\",\"datePublished\":\"2024-06-09T18:49:00+00:00\",\"dateModified\":\"2025-05-20T22:13:38+00:00\",\"description\":\"La s\u00e9lection tunisienne s\u2019est content\u00e9e d\u2019un match nul (0-0), ce dimanche 9 juin au stade d\u2019Orlando \u00e0 Johannesburg en Afrique du Sud, face \u00e0 la Namibie dans le...\",\"breadcrumb\":{\"@id\":\"https:\\\/\\\/www.webdo.tn\\\/fr\\\/actualite\\\/sport\\\/mondial-2026-les-tunisiens-hors-sujet-face-a-la-namibie\\\/214677\\\/#breadcrumb\"},\"inLanguage\":\"fr-FR\",\"potentialAction\":[{\"@type\":\"ReadAction\",\"target\":[\"https:\\\/\\\/www.webdo.tn\\\/fr\\\/actualite\\\/sport\\\/mondial-2026-les-tunisiens-hors-sujet-face-a-la-namibie\\\/214677\\\/\"]}]},{\"@type\":\"ImageObject\",\"inLanguage\":\"fr-FR\",\"@id\":\"https:\\\/\\\/www.webdo.tn\\\/fr\\\/actualite\\\/sport\\\/mondial-2026-les-tunisiens-hors-sujet-face-a-la-namibie\\\/214677\\\/#primaryimage\",\"url\":\"https:\\\/\\\/www.webdo.tn\\\/fr\\\/wp-content\\\/uploads\\\/2024\\\/06\\\/4fc8fe23e7bf0fc36ecc4f65657b4ac4.webp\",\"contentUrl\":\"https:\\\/\\\/www.webdo.tn\\\/fr\\\/wp-content\\\/uploads\\\/2024\\\/06\\\/4fc8fe23e7bf0fc36ecc4f65657b4ac4.webp\",\"width\":750,\"height\":400,\"caption\":\"Mondial 2026 | La Tunisie hors sujet face \u00e0 la Namibie\"},{\"@type\":\"BreadcrumbList\",\"@id\":\"https:\\\/\\\/www.webdo.tn\\\/fr\\\/actualite\\\/sport\\\/mondial-2026-les-tunisiens-hors-sujet-face-a-la-namibie\\\/214677\\\/#breadcrumb\",\"itemListElement\":[{\"@type\":\"ListItem\",\"position\":1,\"name\":\"Accueil\",\"item\":\"https:\\\/\\\/www.webdo.tn\\\/fr\\\/\"},{\"@type\":\"ListItem\",\"position\":2,\"name\":\"Mondial 2026 | La Tunisie hors sujet face \u00e0 la Namibie\"}]},{\"@type\":\"WebSite\",\"@id\":\"https:\\\/\\\/www.webdo.tn\\\/fr\\\/#website\",\"url\":\"https:\\\/\\\/www.webdo.tn\\\/fr\\\/\",\"name\":\"webdo\",\"description\":\"Tunisie - News en Tunisie et \u00e0 l&#039;international sur Webdo.tn\",\"publisher\":{\"@id\":\"https:\\\/\\\/www.webdo.tn\\\/fr\\\/#organization\"},\"potentialAction\":[{\"@type\":\"SearchAction\",\"target\":{\"@type\":\"EntryPoint\",\"urlTemplate\":\"https:\\\/\\\/www.webdo.tn\\\/fr\\\/?s={search_term_string}\"},\"query-input\":{\"@type\":\"PropertyValueSpecification\",\"valueRequired\":true,\"valueName\":\"search_term_string\"}}],\"inLanguage\":\"fr-FR\"},{\"@type\":\"Organization\",\"@id\":\"https:\\\/\\\/www.webdo.tn\\\/fr\\\/#organization\",\"name\":\"Webdo\",\"alternateName\":\"Webdo.tn\",\"url\":\"https:\\\/\\\/www.webdo.tn\\\/fr\\\/\",\"logo\":{\"@type\":\"ImageObject\",\"inLanguage\":\"fr-FR\",\"@id\":\"https:\\\/\\\/www.webdo.tn\\\/fr\\\/#\\\/schema\\\/logo\\\/image\\\/\",\"url\":\"https:\\\/\\\/www.webdo.tn\\\/fr\\\/wp-content\\\/uploads\\\/2025\\\/06\\\/Webdo-Tunisie_168377.jpg\",\"contentUrl\":\"https:\\\/\\\/www.webdo.tn\\\/fr\\\/wp-content\\\/uploads\\\/2025\\\/06\\\/Webdo-Tunisie_168377.jpg\",\"width\":301,\"height\":301,\"caption\":\"Webdo\"},\"image\":{\"@id\":\"https:\\\/\\\/www.webdo.tn\\\/fr\\\/#\\\/schema\\\/logo\\\/image\\\/\"},\"sameAs\":[\"https:\\\/\\\/www.facebook.com\\\/webdotn\",\"https:\\\/\\\/x.com\\\/webdo_tn\"],\"description\":\"Webdo est un m\u00e9dia num\u00e9rique tunisien fond\u00e9 en 2010, sp\u00e9cialis\u00e9 dans l\u2019actualit\u00e9 nationale et internationale, l\u2019\u00e9conomie, la soci\u00e9t\u00e9 et les analyses politiques. Le site s\u2019adresse \u00e0 un large public francophone et couvre l\u2019information tunisienne en temps r\u00e9el.\",\"email\":\"redac@webdo.tn\",\"legalName\":\"YNJ SARL\",\"foundingDate\":\"2010-09-06\",\"numberOfEmployees\":{\"@type\":\"QuantitativeValue\",\"minValue\":\"11\",\"maxValue\":\"50\"}},{\"@type\":\"Person\",\"@id\":\"https:\\\/\\\/www.webdo.tn\\\/fr\\\/#\\\/schema\\\/person\\\/2c4929cbf5a809e3bd38617c6ce150f6\",\"name\":\"MC\",\"image\":{\"@type\":\"ImageObject\",\"inLanguage\":\"fr-FR\",\"@id\":\"https:\\\/\\\/secure.gravatar.com\\\/avatar\\\/a545bbb6f84efdd5553dbbc2895e3ca8f1d12c5215e00a041c9670b54aa9b18a?s=96&d=mm&r=g\",\"url\":\"https:\\\/\\\/secure.gravatar.com\\\/avatar\\\/a545bbb6f84efdd5553dbbc2895e3ca8f1d12c5215e00a041c9670b54aa9b18a?s=96&d=mm&r=g\",\"contentUrl\":\"https:\\\/\\\/secure.gravatar.com\\\/avatar\\\/a545bbb6f84efdd5553dbbc2895e3ca8f1d12c5215e00a041c9670b54aa9b18a?s=96&d=mm&r=g\",\"caption\":\"MC\"},\"url\":\"https:\\\/\\\/www.webdo.tn\\\/fr\\\/actualite\\\/author\\\/mc\\\/\"}]}<\/script>\n<!-- \/ Yoast SEO Premium plugin. -->","yoast_head_json":{"title":"Mondial 2026 | La Tunisie hors sujet face \u00e0 la Namibie","description":"La s\u00e9lection tunisienne s\u2019est content\u00e9e d\u2019un match nul (0-0), ce dimanche 9 juin au stade d\u2019Orlando \u00e0 Johannesburg en Afrique du Sud, face \u00e0 la Namibie dans le...","canonical":"https:\/\/www.webdo.tn\/fr\/actualite\/sport\/mondial-2026-les-tunisiens-hors-sujet-face-a-la-namibie\/214677\/","og_locale":"fr_FR","og_type":"article","og_title":"Mondial 2026 | La Tunisie hors sujet face \u00e0 la Namibie","og_description":"La s\u00e9lection tunisienne s\u2019est content\u00e9e d\u2019un match nul (0-0), ce dimanche 9 juin au stade d\u2019Orlando \u00e0 Johannesburg en Afrique du Sud, face \u00e0 la Namibie dans le...","og_url":"https:\/\/www.webdo.tn\/fr\/actualite\/sport\/mondial-2026-les-tunisiens-hors-sujet-face-a-la-namibie\/214677\/","og_site_name":"webdo","article_publisher":"https:\/\/www.facebook.com\/webdotn","article_published_time":"2024-06-09T18:49:00+00:00","article_modified_time":"2025-05-20T22:13:38+00:00","og_image":[{"width":750,"height":400,"url":"https:\/\/www.webdo.tn\/fr\/wp-content\/uploads\/2024\/06\/4fc8fe23e7bf0fc36ecc4f65657b4ac4.webp","type":"image\/webp"}],"author":"MC","twitter_card":"summary_large_image","twitter_creator":"@webdo_tn","twitter_site":"@webdo_tn","twitter_misc":{"\u00c9crit par":"MC","Dur\u00e9e de lecture estim\u00e9e":"2 minutes"},"schema":{"@context":"https:\/\/schema.org","@graph":[{"@type":"NewsArticle","@id":"https:\/\/www.webdo.tn\/fr\/actualite\/sport\/mondial-2026-les-tunisiens-hors-sujet-face-a-la-namibie\/214677\/#article","isPartOf":{"@id":"https:\/\/www.webdo.tn\/fr\/actualite\/sport\/mondial-2026-les-tunisiens-hors-sujet-face-a-la-namibie\/214677\/"},"author":{"name":"MC","@id":"https:\/\/www.webdo.tn\/fr\/#\/schema\/person\/2c4929cbf5a809e3bd38617c6ce150f6"},"headline":"Mondial 2026 | La Tunisie hors sujet face \u00e0 la Namibie","datePublished":"2024-06-09T18:49:00+00:00","dateModified":"2025-05-20T22:13:38+00:00","mainEntityOfPage":{"@id":"https:\/\/www.webdo.tn\/fr\/actualite\/sport\/mondial-2026-les-tunisiens-hors-sujet-face-a-la-namibie\/214677\/"},"wordCount":495,"commentCount":0,"publisher":{"@id":"https:\/\/www.webdo.tn\/fr\/#organization"},"image":{"@id":"https:\/\/www.webdo.tn\/fr\/actualite\/sport\/mondial-2026-les-tunisiens-hors-sujet-face-a-la-namibie\/214677\/#primaryimage"},"thumbnailUrl":"https:\/\/www.webdo.tn\/fr\/wp-content\/uploads\/2024\/06\/4fc8fe23e7bf0fc36ecc4f65657b4ac4.webp","keywords":["CM 2026","Coupe du Monde","\u00e9liminatoires","football","Tunisie"],"articleSection":["Sport"],"inLanguage":"fr-FR"},{"@type":"WebPage","@id":"https:\/\/www.webdo.tn\/fr\/actualite\/sport\/mondial-2026-les-tunisiens-hors-sujet-face-a-la-namibie\/214677\/","url":"https:\/\/www.webdo.tn\/fr\/actualite\/sport\/mondial-2026-les-tunisiens-hors-sujet-face-a-la-namibie\/214677\/","name":"Mondial 2026 | La Tunisie hors sujet face \u00e0 la Namibie","isPartOf":{"@id":"https:\/\/www.webdo.tn\/fr\/#website"},"primaryImageOfPage":{"@id":"https:\/\/www.webdo.tn\/fr\/actualite\/sport\/mondial-2026-les-tunisiens-hors-sujet-face-a-la-namibie\/214677\/#primaryimage"},"image":{"@id":"https:\/\/www.webdo.tn\/fr\/actualite\/sport\/mondial-2026-les-tunisiens-hors-sujet-face-a-la-namibie\/214677\/#primaryimage"},"thumbnailUrl":"https:\/\/www.webdo.tn\/fr\/wp-content\/uploads\/2024\/06\/4fc8fe23e7bf0fc36ecc4f65657b4ac4.webp","datePublished":"2024-06-09T18:49:00+00:00","dateModified":"2025-05-20T22:13:38+00:00","description":"La s\u00e9lection tunisienne s\u2019est content\u00e9e d\u2019un match nul (0-0), ce dimanche 9 juin au stade d\u2019Orlando \u00e0 Johannesburg en Afrique du Sud, face \u00e0 la Namibie dans le...","breadcrumb":{"@id":"https:\/\/www.webdo.tn\/fr\/actualite\/sport\/mondial-2026-les-tunisiens-hors-sujet-face-a-la-namibie\/214677\/#breadcrumb"},"inLanguage":"fr-FR","potentialAction":[{"@type":"ReadAction","target":["https:\/\/www.webdo.tn\/fr\/actualite\/sport\/mondial-2026-les-tunisiens-hors-sujet-face-a-la-namibie\/214677\/"]}]},{"@type":"ImageObject","inLanguage":"fr-FR","@id":"https:\/\/www.webdo.tn\/fr\/actualite\/sport\/mondial-2026-les-tunisiens-hors-sujet-face-a-la-namibie\/214677\/#primaryimage","url":"https:\/\/www.webdo.tn\/fr\/wp-content\/uploads\/2024\/06\/4fc8fe23e7bf0fc36ecc4f65657b4ac4.webp","contentUrl":"https:\/\/www.webdo.tn\/fr\/wp-content\/uploads\/2024\/06\/4fc8fe23e7bf0fc36ecc4f65657b4ac4.webp","width":750,"height":400,"caption":"Mondial 2026 | La Tunisie hors sujet face \u00e0 la Namibie"},{"@type":"BreadcrumbList","@id":"https:\/\/www.webdo.tn\/fr\/actualite\/sport\/mondial-2026-les-tunisiens-hors-sujet-face-a-la-namibie\/214677\/#breadcrumb","itemListElement":[{"@type":"ListItem","position":1,"name":"Accueil","item":"https:\/\/www.webdo.tn\/fr\/"},{"@type":"ListItem","position":2,"name":"Mondial 2026 | La Tunisie hors sujet face \u00e0 la Namibie"}]},{"@type":"WebSite","@id":"https:\/\/www.webdo.tn\/fr\/#website","url":"https:\/\/www.webdo.tn\/fr\/","name":"webdo","description":"Tunisie - News en Tunisie et \u00e0 l&#039;international sur Webdo.tn","publisher":{"@id":"https:\/\/www.webdo.tn\/fr\/#organization"},"potentialAction":[{"@type":"SearchAction","target":{"@type":"EntryPoint","urlTemplate":"https:\/\/www.webdo.tn\/fr\/?s={search_term_string}"},"query-input":{"@type":"PropertyValueSpecification","valueRequired":true,"valueName":"search_term_string"}}],"inLanguage":"fr-FR"},{"@type":"Organization","@id":"https:\/\/www.webdo.tn\/fr\/#organization","name":"Webdo","alternateName":"Webdo.tn","url":"https:\/\/www.webdo.tn\/fr\/","logo":{"@type":"ImageObject","inLanguage":"fr-FR","@id":"https:\/\/www.webdo.tn\/fr\/#\/schema\/logo\/image\/","url":"https:\/\/www.webdo.tn\/fr\/wp-content\/uploads\/2025\/06\/Webdo-Tunisie_168377.jpg","contentUrl":"https:\/\/www.webdo.tn\/fr\/wp-content\/uploads\/2025\/06\/Webdo-Tunisie_168377.jpg","width":301,"height":301,"caption":"Webdo"},"image":{"@id":"https:\/\/www.webdo.tn\/fr\/#\/schema\/logo\/image\/"},"sameAs":["https:\/\/www.facebook.com\/webdotn","https:\/\/x.com\/webdo_tn"],"description":"Webdo est un m\u00e9dia num\u00e9rique tunisien fond\u00e9 en 2010, sp\u00e9cialis\u00e9 dans l\u2019actualit\u00e9 nationale et internationale, l\u2019\u00e9conomie, la soci\u00e9t\u00e9 et les analyses politiques. Le site s\u2019adresse \u00e0 un large public francophone et couvre l\u2019information tunisienne en temps r\u00e9el.","email":"redac@webdo.tn","legalName":"YNJ SARL","foundingDate":"2010-09-06","numberOfEmployees":{"@type":"QuantitativeValue","minValue":"11","maxValue":"50"}},{"@type":"Person","@id":"https:\/\/www.webdo.tn\/fr\/#\/schema\/person\/2c4929cbf5a809e3bd38617c6ce150f6","name":"MC","image":{"@type":"ImageObject","inLanguage":"fr-FR","@id":"https:\/\/secure.gravatar.com\/avatar\/a545bbb6f84efdd5553dbbc2895e3ca8f1d12c5215e00a041c9670b54aa9b18a?s=96&d=mm&r=g","url":"https:\/\/secure.gravatar.com\/avatar\/a545bbb6f84efdd5553dbbc2895e3ca8f1d12c5215e00a041c9670b54aa9b18a?s=96&d=mm&r=g","contentUrl":"https:\/\/secure.gravatar.com\/avatar\/a545bbb6f84efdd5553dbbc2895e3ca8f1d12c5215e00a041c9670b54aa9b18a?s=96&d=mm&r=g","caption":"MC"},"url":"https:\/\/www.webdo.tn\/fr\/actualite\/author\/mc\/"}]}},"_links":{"self":[{"href":"https:\/\/www.webdo.tn\/fr\/wp-json\/wp\/v2\/posts\/214677","targetHints":{"allow":["GET"]}}],"collection":[{"href":"https:\/\/www.webdo.tn\/fr\/wp-json\/wp\/v2\/posts"}],"about":[{"href":"https:\/\/www.webdo.tn\/fr\/wp-json\/wp\/v2\/types\/post"}],"author":[{"embeddable":true,"href":"https:\/\/www.webdo.tn\/fr\/wp-json\/wp\/v2\/users\/3162"}],"replies":[{"embeddable":true,"href":"https:\/\/www.webdo.tn\/fr\/wp-json\/wp\/v2\/comments?post=214677"}],"version-history":[{"count":0,"href":"https:\/\/www.webdo.tn\/fr\/wp-json\/wp\/v2\/posts\/214677\/revisions"}],"wp:featuredmedia":[{"embeddable":true,"href":"https:\/\/www.webdo.tn\/fr\/wp-json\/wp\/v2\/media\/290707"}],"wp:attachment":[{"href":"https:\/\/www.webdo.tn\/fr\/wp-json\/wp\/v2\/media?parent=214677"}],"wp:term":[{"taxonomy":"category","embeddable":true,"href":"https:\/\/www.webdo.tn\/fr\/wp-json\/wp\/v2\/categories?post=214677"},{"taxonomy":"post_tag","embeddable":true,"href":"https:\/\/www.webdo.tn\/fr\/wp-json\/wp\/v2\/tags?post=214677"}],"curies":[{"name":"wp","href":"https:\/\/api.w.org\/{rel}","templated":true}]}}