{"id":214674,"date":"2024-06-09T15:53:00","date_gmt":"2024-06-09T15:53:00","guid":{"rendered":"https:\/\/www.webdo.tn\/fr\/blog\/mondial-2026-namibie-tunisie-composition-rentrante-des-aigles-de-carthage\/214674\/"},"modified":"2025-05-20T22:13:37","modified_gmt":"2025-05-20T22:13:37","slug":"mondial-2026-namibie-tunisie-composition-rentrante-des-aigles-de-carthage","status":"publish","type":"post","link":"https:\/\/www.webdo.tn\/fr\/actualite\/sport\/mondial-2026-namibie-tunisie-composition-rentrante-des-aigles-de-carthage\/214674\/","title":{"rendered":"Mondial 2026 | Namibie &#8211; Tunisie : Composition rentrante des Aigles de Carthage"},"content":{"rendered":"<p>La s\u00e9lection tunisienne affronte, ce dimanche 9 juin, la Namibie en Afrique du Sud dans le cadre de la 4e journ\u00e9e des \u00e9liminatoires de la Coupe du Monde 2026.<\/p>\n<p>\t\t\t\t\t\t\t\t\tLa s\u00e9lection tunisienne affronte, ce dimanche 9 juin, la Namibie en Afrique du Sud dans le cadre de la 4e journ\u00e9e des \u00e9liminatoires de la Coupe du Monde 2026.<\/p>\n<p>Le match entre la Namibie et la Tunisie aura lieu au stade d\u2019Orlando \u00e0 Johannesburg en Afrique du Sud et d\u00e9butera \u00e0 17h00 (heure tunisienne). Il sera dirig\u00e9 par l\u2019arbitre mauritanien Dahane Beida.<\/p>\n<p>Voici la composition rentrante de la Tunisie : Bechir Ben Said, Yassine Meriah, Montassar Talbi, Ali Abdi, Hamza Mathlouthi, Ellyes Skhiri, Nader Ghandri, Elias Achouri, Elias Saad, Hamza Rafia, Haythem Jouini<\/p>\n","protected":false},"excerpt":{"rendered":"<p>Le match entre la Namibie et la Tunisie aura lieu au stade d\u2019Orlando \u00e0 Johannesburg en Afrique du Sud et d\u00e9butera \u00e0 17h00 (heure tunisienne). Il sera dirig\u00e9 par&#8230;<\/p>\n","protected":false},"author":3162,"featured_media":290704,"comment_status":"open","ping_status":"closed","sticky":false,"template":"","format":"standard","meta":{"footnotes":""},"categories":[2593],"tags":[9941,3582,4066,3520,2622,2608],"class_list":["post-214674","post","type-post","status-publish","format-standard","has-post-thumbnail","hentry","category-sport","tag-namibie","tag-cm-2026","tag-coupe-du-monde","tag-eliminatoires","tag-football","tag-tunisie"],"yoast_head":"<!-- This site is optimized with the Yoast SEO Premium plugin v27.5 (Yoast SEO v27.5) - https:\/\/yoast.com\/product\/yoast-seo-premium-wordpress\/ -->\n<title>Mondial 2026 | Namibie - Tunisie : Composition rentrante des Aigles de Carthage<\/title>\n<meta name=\"description\" content=\"Le match entre la Namibie et la Tunisie aura lieu au stade d\u2019Orlando \u00e0 Johannesburg en Afrique du Sud et d\u00e9butera \u00e0 17h00 (heure tunisienne). Il sera dirig\u00e9 par...\" \/>\n<link rel=\"canonical\" href=\"https:\/\/www.webdo.tn\/fr\/actualite\/sport\/mondial-2026-namibie-tunisie-composition-rentrante-des-aigles-de-carthage\/214674\/\" \/>\n<meta property=\"og:locale\" content=\"fr_FR\" \/>\n<meta property=\"og:type\" content=\"article\" \/>\n<meta property=\"og:title\" content=\"Mondial 2026 | Namibie - Tunisie : Composition rentrante des Aigles de Carthage\" \/>\n<meta property=\"og:description\" content=\"Le match entre la Namibie et la Tunisie aura lieu au stade d\u2019Orlando \u00e0 Johannesburg en Afrique du Sud et d\u00e9butera \u00e0 17h00 (heure tunisienne). Il sera dirig\u00e9 par...\" \/>\n<meta property=\"og:url\" content=\"https:\/\/www.webdo.tn\/fr\/actualite\/sport\/mondial-2026-namibie-tunisie-composition-rentrante-des-aigles-de-carthage\/214674\/\" \/>\n<meta property=\"og:site_name\" content=\"webdo\" \/>\n<meta property=\"article:publisher\" content=\"https:\/\/www.facebook.com\/webdotn\" \/>\n<meta property=\"article:published_time\" content=\"2024-06-09T15:53:00+00:00\" \/>\n<meta property=\"article:modified_time\" content=\"2025-05-20T22:13:37+00:00\" \/>\n<meta property=\"og:image\" content=\"https:\/\/www.webdo.tn\/fr\/wp-content\/uploads\/2024\/06\/c4bc4b2c28c85049c550588be8334272.webp\" \/>\n\t<meta property=\"og:image:width\" content=\"750\" \/>\n\t<meta property=\"og:image:height\" content=\"400\" \/>\n\t<meta property=\"og:image:type\" content=\"image\/webp\" \/>\n<meta name=\"author\" content=\"MC\" \/>\n<meta name=\"twitter:card\" content=\"summary_large_image\" \/>\n<meta name=\"twitter:creator\" content=\"@webdo_tn\" \/>\n<meta name=\"twitter:site\" content=\"@webdo_tn\" \/>\n<meta name=\"twitter:label1\" content=\"\u00c9crit par\" \/>\n\t<meta name=\"twitter:data1\" content=\"MC\" \/>\n\t<meta name=\"twitter:label2\" content=\"Dur\u00e9e de lecture estim\u00e9e\" \/>\n\t<meta name=\"twitter:data2\" content=\"1 minute\" \/>\n<script type=\"application\/ld+json\" class=\"yoast-schema-graph\">{\"@context\":\"https:\\\/\\\/schema.org\",\"@graph\":[{\"@type\":\"NewsArticle\",\"@id\":\"https:\\\/\\\/www.webdo.tn\\\/fr\\\/actualite\\\/sport\\\/mondial-2026-namibie-tunisie-composition-rentrante-des-aigles-de-carthage\\\/214674\\\/#article\",\"isPartOf\":{\"@id\":\"https:\\\/\\\/www.webdo.tn\\\/fr\\\/actualite\\\/sport\\\/mondial-2026-namibie-tunisie-composition-rentrante-des-aigles-de-carthage\\\/214674\\\/\"},\"author\":{\"name\":\"MC\",\"@id\":\"https:\\\/\\\/www.webdo.tn\\\/fr\\\/#\\\/schema\\\/person\\\/2c4929cbf5a809e3bd38617c6ce150f6\"},\"headline\":\"Mondial 2026 | Namibie &#8211; Tunisie : Composition rentrante des Aigles de Carthage\",\"datePublished\":\"2024-06-09T15:53:00+00:00\",\"dateModified\":\"2025-05-20T22:13:37+00:00\",\"mainEntityOfPage\":{\"@id\":\"https:\\\/\\\/www.webdo.tn\\\/fr\\\/actualite\\\/sport\\\/mondial-2026-namibie-tunisie-composition-rentrante-des-aigles-de-carthage\\\/214674\\\/\"},\"wordCount\":132,\"commentCount\":0,\"publisher\":{\"@id\":\"https:\\\/\\\/www.webdo.tn\\\/fr\\\/#organization\"},\"image\":{\"@id\":\"https:\\\/\\\/www.webdo.tn\\\/fr\\\/actualite\\\/sport\\\/mondial-2026-namibie-tunisie-composition-rentrante-des-aigles-de-carthage\\\/214674\\\/#primaryimage\"},\"thumbnailUrl\":\"https:\\\/\\\/www.webdo.tn\\\/fr\\\/wp-content\\\/uploads\\\/2024\\\/06\\\/c4bc4b2c28c85049c550588be8334272.webp\",\"keywords\":[\"'Namibie']\",\"CM 2026\",\"Coupe du Monde\",\"\u00e9liminatoires\",\"football\",\"Tunisie\"],\"articleSection\":[\"Sport\"],\"inLanguage\":\"fr-FR\"},{\"@type\":\"WebPage\",\"@id\":\"https:\\\/\\\/www.webdo.tn\\\/fr\\\/actualite\\\/sport\\\/mondial-2026-namibie-tunisie-composition-rentrante-des-aigles-de-carthage\\\/214674\\\/\",\"url\":\"https:\\\/\\\/www.webdo.tn\\\/fr\\\/actualite\\\/sport\\\/mondial-2026-namibie-tunisie-composition-rentrante-des-aigles-de-carthage\\\/214674\\\/\",\"name\":\"Mondial 2026 | Namibie - Tunisie : Composition rentrante des Aigles de Carthage\",\"isPartOf\":{\"@id\":\"https:\\\/\\\/www.webdo.tn\\\/fr\\\/#website\"},\"primaryImageOfPage\":{\"@id\":\"https:\\\/\\\/www.webdo.tn\\\/fr\\\/actualite\\\/sport\\\/mondial-2026-namibie-tunisie-composition-rentrante-des-aigles-de-carthage\\\/214674\\\/#primaryimage\"},\"image\":{\"@id\":\"https:\\\/\\\/www.webdo.tn\\\/fr\\\/actualite\\\/sport\\\/mondial-2026-namibie-tunisie-composition-rentrante-des-aigles-de-carthage\\\/214674\\\/#primaryimage\"},\"thumbnailUrl\":\"https:\\\/\\\/www.webdo.tn\\\/fr\\\/wp-content\\\/uploads\\\/2024\\\/06\\\/c4bc4b2c28c85049c550588be8334272.webp\",\"datePublished\":\"2024-06-09T15:53:00+00:00\",\"dateModified\":\"2025-05-20T22:13:37+00:00\",\"description\":\"Le match entre la Namibie et la Tunisie aura lieu au stade d\u2019Orlando \u00e0 Johannesburg en Afrique du Sud et d\u00e9butera \u00e0 17h00 (heure tunisienne). Il sera dirig\u00e9 par...\",\"breadcrumb\":{\"@id\":\"https:\\\/\\\/www.webdo.tn\\\/fr\\\/actualite\\\/sport\\\/mondial-2026-namibie-tunisie-composition-rentrante-des-aigles-de-carthage\\\/214674\\\/#breadcrumb\"},\"inLanguage\":\"fr-FR\",\"potentialAction\":[{\"@type\":\"ReadAction\",\"target\":[\"https:\\\/\\\/www.webdo.tn\\\/fr\\\/actualite\\\/sport\\\/mondial-2026-namibie-tunisie-composition-rentrante-des-aigles-de-carthage\\\/214674\\\/\"]}]},{\"@type\":\"ImageObject\",\"inLanguage\":\"fr-FR\",\"@id\":\"https:\\\/\\\/www.webdo.tn\\\/fr\\\/actualite\\\/sport\\\/mondial-2026-namibie-tunisie-composition-rentrante-des-aigles-de-carthage\\\/214674\\\/#primaryimage\",\"url\":\"https:\\\/\\\/www.webdo.tn\\\/fr\\\/wp-content\\\/uploads\\\/2024\\\/06\\\/c4bc4b2c28c85049c550588be8334272.webp\",\"contentUrl\":\"https:\\\/\\\/www.webdo.tn\\\/fr\\\/wp-content\\\/uploads\\\/2024\\\/06\\\/c4bc4b2c28c85049c550588be8334272.webp\",\"width\":750,\"height\":400,\"caption\":\"Mondial 2026 | Namibie - Tunisie : Composition rentrante des Aigles de Carthage\"},{\"@type\":\"BreadcrumbList\",\"@id\":\"https:\\\/\\\/www.webdo.tn\\\/fr\\\/actualite\\\/sport\\\/mondial-2026-namibie-tunisie-composition-rentrante-des-aigles-de-carthage\\\/214674\\\/#breadcrumb\",\"itemListElement\":[{\"@type\":\"ListItem\",\"position\":1,\"name\":\"Accueil\",\"item\":\"https:\\\/\\\/www.webdo.tn\\\/fr\\\/\"},{\"@type\":\"ListItem\",\"position\":2,\"name\":\"Mondial 2026 | Namibie &#8211; Tunisie : Composition rentrante des Aigles de Carthage\"}]},{\"@type\":\"WebSite\",\"@id\":\"https:\\\/\\\/www.webdo.tn\\\/fr\\\/#website\",\"url\":\"https:\\\/\\\/www.webdo.tn\\\/fr\\\/\",\"name\":\"webdo\",\"description\":\"Tunisie - News en Tunisie et \u00e0 l&#039;international sur Webdo.tn\",\"publisher\":{\"@id\":\"https:\\\/\\\/www.webdo.tn\\\/fr\\\/#organization\"},\"potentialAction\":[{\"@type\":\"SearchAction\",\"target\":{\"@type\":\"EntryPoint\",\"urlTemplate\":\"https:\\\/\\\/www.webdo.tn\\\/fr\\\/?s={search_term_string}\"},\"query-input\":{\"@type\":\"PropertyValueSpecification\",\"valueRequired\":true,\"valueName\":\"search_term_string\"}}],\"inLanguage\":\"fr-FR\"},{\"@type\":\"Organization\",\"@id\":\"https:\\\/\\\/www.webdo.tn\\\/fr\\\/#organization\",\"name\":\"Webdo\",\"alternateName\":\"Webdo.tn\",\"url\":\"https:\\\/\\\/www.webdo.tn\\\/fr\\\/\",\"logo\":{\"@type\":\"ImageObject\",\"inLanguage\":\"fr-FR\",\"@id\":\"https:\\\/\\\/www.webdo.tn\\\/fr\\\/#\\\/schema\\\/logo\\\/image\\\/\",\"url\":\"https:\\\/\\\/www.webdo.tn\\\/fr\\\/wp-content\\\/uploads\\\/2025\\\/06\\\/Webdo-Tunisie_168377.jpg\",\"contentUrl\":\"https:\\\/\\\/www.webdo.tn\\\/fr\\\/wp-content\\\/uploads\\\/2025\\\/06\\\/Webdo-Tunisie_168377.jpg\",\"width\":301,\"height\":301,\"caption\":\"Webdo\"},\"image\":{\"@id\":\"https:\\\/\\\/www.webdo.tn\\\/fr\\\/#\\\/schema\\\/logo\\\/image\\\/\"},\"sameAs\":[\"https:\\\/\\\/www.facebook.com\\\/webdotn\",\"https:\\\/\\\/x.com\\\/webdo_tn\"],\"description\":\"Webdo est un m\u00e9dia num\u00e9rique tunisien fond\u00e9 en 2010, sp\u00e9cialis\u00e9 dans l\u2019actualit\u00e9 nationale et internationale, l\u2019\u00e9conomie, la soci\u00e9t\u00e9 et les analyses politiques. Le site s\u2019adresse \u00e0 un large public francophone et couvre l\u2019information tunisienne en temps r\u00e9el.\",\"email\":\"redac@webdo.tn\",\"legalName\":\"YNJ SARL\",\"foundingDate\":\"2010-09-06\",\"numberOfEmployees\":{\"@type\":\"QuantitativeValue\",\"minValue\":\"11\",\"maxValue\":\"50\"}},{\"@type\":\"Person\",\"@id\":\"https:\\\/\\\/www.webdo.tn\\\/fr\\\/#\\\/schema\\\/person\\\/2c4929cbf5a809e3bd38617c6ce150f6\",\"name\":\"MC\",\"image\":{\"@type\":\"ImageObject\",\"inLanguage\":\"fr-FR\",\"@id\":\"https:\\\/\\\/secure.gravatar.com\\\/avatar\\\/a545bbb6f84efdd5553dbbc2895e3ca8f1d12c5215e00a041c9670b54aa9b18a?s=96&d=mm&r=g\",\"url\":\"https:\\\/\\\/secure.gravatar.com\\\/avatar\\\/a545bbb6f84efdd5553dbbc2895e3ca8f1d12c5215e00a041c9670b54aa9b18a?s=96&d=mm&r=g\",\"contentUrl\":\"https:\\\/\\\/secure.gravatar.com\\\/avatar\\\/a545bbb6f84efdd5553dbbc2895e3ca8f1d12c5215e00a041c9670b54aa9b18a?s=96&d=mm&r=g\",\"caption\":\"MC\"},\"url\":\"https:\\\/\\\/www.webdo.tn\\\/fr\\\/actualite\\\/author\\\/mc\\\/\"}]}<\/script>\n<!-- \/ Yoast SEO Premium plugin. -->","yoast_head_json":{"title":"Mondial 2026 | Namibie - Tunisie : Composition rentrante des Aigles de Carthage","description":"Le match entre la Namibie et la Tunisie aura lieu au stade d\u2019Orlando \u00e0 Johannesburg en Afrique du Sud et d\u00e9butera \u00e0 17h00 (heure tunisienne). Il sera dirig\u00e9 par...","canonical":"https:\/\/www.webdo.tn\/fr\/actualite\/sport\/mondial-2026-namibie-tunisie-composition-rentrante-des-aigles-de-carthage\/214674\/","og_locale":"fr_FR","og_type":"article","og_title":"Mondial 2026 | Namibie - Tunisie : Composition rentrante des Aigles de Carthage","og_description":"Le match entre la Namibie et la Tunisie aura lieu au stade d\u2019Orlando \u00e0 Johannesburg en Afrique du Sud et d\u00e9butera \u00e0 17h00 (heure tunisienne). Il sera dirig\u00e9 par...","og_url":"https:\/\/www.webdo.tn\/fr\/actualite\/sport\/mondial-2026-namibie-tunisie-composition-rentrante-des-aigles-de-carthage\/214674\/","og_site_name":"webdo","article_publisher":"https:\/\/www.facebook.com\/webdotn","article_published_time":"2024-06-09T15:53:00+00:00","article_modified_time":"2025-05-20T22:13:37+00:00","og_image":[{"width":750,"height":400,"url":"https:\/\/www.webdo.tn\/fr\/wp-content\/uploads\/2024\/06\/c4bc4b2c28c85049c550588be8334272.webp","type":"image\/webp"}],"author":"MC","twitter_card":"summary_large_image","twitter_creator":"@webdo_tn","twitter_site":"@webdo_tn","twitter_misc":{"\u00c9crit par":"MC","Dur\u00e9e de lecture estim\u00e9e":"1 minute"},"schema":{"@context":"https:\/\/schema.org","@graph":[{"@type":"NewsArticle","@id":"https:\/\/www.webdo.tn\/fr\/actualite\/sport\/mondial-2026-namibie-tunisie-composition-rentrante-des-aigles-de-carthage\/214674\/#article","isPartOf":{"@id":"https:\/\/www.webdo.tn\/fr\/actualite\/sport\/mondial-2026-namibie-tunisie-composition-rentrante-des-aigles-de-carthage\/214674\/"},"author":{"name":"MC","@id":"https:\/\/www.webdo.tn\/fr\/#\/schema\/person\/2c4929cbf5a809e3bd38617c6ce150f6"},"headline":"Mondial 2026 | Namibie &#8211; Tunisie : Composition rentrante des Aigles de Carthage","datePublished":"2024-06-09T15:53:00+00:00","dateModified":"2025-05-20T22:13:37+00:00","mainEntityOfPage":{"@id":"https:\/\/www.webdo.tn\/fr\/actualite\/sport\/mondial-2026-namibie-tunisie-composition-rentrante-des-aigles-de-carthage\/214674\/"},"wordCount":132,"commentCount":0,"publisher":{"@id":"https:\/\/www.webdo.tn\/fr\/#organization"},"image":{"@id":"https:\/\/www.webdo.tn\/fr\/actualite\/sport\/mondial-2026-namibie-tunisie-composition-rentrante-des-aigles-de-carthage\/214674\/#primaryimage"},"thumbnailUrl":"https:\/\/www.webdo.tn\/fr\/wp-content\/uploads\/2024\/06\/c4bc4b2c28c85049c550588be8334272.webp","keywords":["'Namibie']","CM 2026","Coupe du Monde","\u00e9liminatoires","football","Tunisie"],"articleSection":["Sport"],"inLanguage":"fr-FR"},{"@type":"WebPage","@id":"https:\/\/www.webdo.tn\/fr\/actualite\/sport\/mondial-2026-namibie-tunisie-composition-rentrante-des-aigles-de-carthage\/214674\/","url":"https:\/\/www.webdo.tn\/fr\/actualite\/sport\/mondial-2026-namibie-tunisie-composition-rentrante-des-aigles-de-carthage\/214674\/","name":"Mondial 2026 | Namibie - Tunisie : Composition rentrante des Aigles de Carthage","isPartOf":{"@id":"https:\/\/www.webdo.tn\/fr\/#website"},"primaryImageOfPage":{"@id":"https:\/\/www.webdo.tn\/fr\/actualite\/sport\/mondial-2026-namibie-tunisie-composition-rentrante-des-aigles-de-carthage\/214674\/#primaryimage"},"image":{"@id":"https:\/\/www.webdo.tn\/fr\/actualite\/sport\/mondial-2026-namibie-tunisie-composition-rentrante-des-aigles-de-carthage\/214674\/#primaryimage"},"thumbnailUrl":"https:\/\/www.webdo.tn\/fr\/wp-content\/uploads\/2024\/06\/c4bc4b2c28c85049c550588be8334272.webp","datePublished":"2024-06-09T15:53:00+00:00","dateModified":"2025-05-20T22:13:37+00:00","description":"Le match entre la Namibie et la Tunisie aura lieu au stade d\u2019Orlando \u00e0 Johannesburg en Afrique du Sud et d\u00e9butera \u00e0 17h00 (heure tunisienne). Il sera dirig\u00e9 par...","breadcrumb":{"@id":"https:\/\/www.webdo.tn\/fr\/actualite\/sport\/mondial-2026-namibie-tunisie-composition-rentrante-des-aigles-de-carthage\/214674\/#breadcrumb"},"inLanguage":"fr-FR","potentialAction":[{"@type":"ReadAction","target":["https:\/\/www.webdo.tn\/fr\/actualite\/sport\/mondial-2026-namibie-tunisie-composition-rentrante-des-aigles-de-carthage\/214674\/"]}]},{"@type":"ImageObject","inLanguage":"fr-FR","@id":"https:\/\/www.webdo.tn\/fr\/actualite\/sport\/mondial-2026-namibie-tunisie-composition-rentrante-des-aigles-de-carthage\/214674\/#primaryimage","url":"https:\/\/www.webdo.tn\/fr\/wp-content\/uploads\/2024\/06\/c4bc4b2c28c85049c550588be8334272.webp","contentUrl":"https:\/\/www.webdo.tn\/fr\/wp-content\/uploads\/2024\/06\/c4bc4b2c28c85049c550588be8334272.webp","width":750,"height":400,"caption":"Mondial 2026 | Namibie - Tunisie : Composition rentrante des Aigles de Carthage"},{"@type":"BreadcrumbList","@id":"https:\/\/www.webdo.tn\/fr\/actualite\/sport\/mondial-2026-namibie-tunisie-composition-rentrante-des-aigles-de-carthage\/214674\/#breadcrumb","itemListElement":[{"@type":"ListItem","position":1,"name":"Accueil","item":"https:\/\/www.webdo.tn\/fr\/"},{"@type":"ListItem","position":2,"name":"Mondial 2026 | Namibie &#8211; Tunisie : Composition rentrante des Aigles de Carthage"}]},{"@type":"WebSite","@id":"https:\/\/www.webdo.tn\/fr\/#website","url":"https:\/\/www.webdo.tn\/fr\/","name":"webdo","description":"Tunisie - News en Tunisie et \u00e0 l&#039;international sur Webdo.tn","publisher":{"@id":"https:\/\/www.webdo.tn\/fr\/#organization"},"potentialAction":[{"@type":"SearchAction","target":{"@type":"EntryPoint","urlTemplate":"https:\/\/www.webdo.tn\/fr\/?s={search_term_string}"},"query-input":{"@type":"PropertyValueSpecification","valueRequired":true,"valueName":"search_term_string"}}],"inLanguage":"fr-FR"},{"@type":"Organization","@id":"https:\/\/www.webdo.tn\/fr\/#organization","name":"Webdo","alternateName":"Webdo.tn","url":"https:\/\/www.webdo.tn\/fr\/","logo":{"@type":"ImageObject","inLanguage":"fr-FR","@id":"https:\/\/www.webdo.tn\/fr\/#\/schema\/logo\/image\/","url":"https:\/\/www.webdo.tn\/fr\/wp-content\/uploads\/2025\/06\/Webdo-Tunisie_168377.jpg","contentUrl":"https:\/\/www.webdo.tn\/fr\/wp-content\/uploads\/2025\/06\/Webdo-Tunisie_168377.jpg","width":301,"height":301,"caption":"Webdo"},"image":{"@id":"https:\/\/www.webdo.tn\/fr\/#\/schema\/logo\/image\/"},"sameAs":["https:\/\/www.facebook.com\/webdotn","https:\/\/x.com\/webdo_tn"],"description":"Webdo est un m\u00e9dia num\u00e9rique tunisien fond\u00e9 en 2010, sp\u00e9cialis\u00e9 dans l\u2019actualit\u00e9 nationale et internationale, l\u2019\u00e9conomie, la soci\u00e9t\u00e9 et les analyses politiques. Le site s\u2019adresse \u00e0 un large public francophone et couvre l\u2019information tunisienne en temps r\u00e9el.","email":"redac@webdo.tn","legalName":"YNJ SARL","foundingDate":"2010-09-06","numberOfEmployees":{"@type":"QuantitativeValue","minValue":"11","maxValue":"50"}},{"@type":"Person","@id":"https:\/\/www.webdo.tn\/fr\/#\/schema\/person\/2c4929cbf5a809e3bd38617c6ce150f6","name":"MC","image":{"@type":"ImageObject","inLanguage":"fr-FR","@id":"https:\/\/secure.gravatar.com\/avatar\/a545bbb6f84efdd5553dbbc2895e3ca8f1d12c5215e00a041c9670b54aa9b18a?s=96&d=mm&r=g","url":"https:\/\/secure.gravatar.com\/avatar\/a545bbb6f84efdd5553dbbc2895e3ca8f1d12c5215e00a041c9670b54aa9b18a?s=96&d=mm&r=g","contentUrl":"https:\/\/secure.gravatar.com\/avatar\/a545bbb6f84efdd5553dbbc2895e3ca8f1d12c5215e00a041c9670b54aa9b18a?s=96&d=mm&r=g","caption":"MC"},"url":"https:\/\/www.webdo.tn\/fr\/actualite\/author\/mc\/"}]}},"_links":{"self":[{"href":"https:\/\/www.webdo.tn\/fr\/wp-json\/wp\/v2\/posts\/214674","targetHints":{"allow":["GET"]}}],"collection":[{"href":"https:\/\/www.webdo.tn\/fr\/wp-json\/wp\/v2\/posts"}],"about":[{"href":"https:\/\/www.webdo.tn\/fr\/wp-json\/wp\/v2\/types\/post"}],"author":[{"embeddable":true,"href":"https:\/\/www.webdo.tn\/fr\/wp-json\/wp\/v2\/users\/3162"}],"replies":[{"embeddable":true,"href":"https:\/\/www.webdo.tn\/fr\/wp-json\/wp\/v2\/comments?post=214674"}],"version-history":[{"count":0,"href":"https:\/\/www.webdo.tn\/fr\/wp-json\/wp\/v2\/posts\/214674\/revisions"}],"wp:featuredmedia":[{"embeddable":true,"href":"https:\/\/www.webdo.tn\/fr\/wp-json\/wp\/v2\/media\/290704"}],"wp:attachment":[{"href":"https:\/\/www.webdo.tn\/fr\/wp-json\/wp\/v2\/media?parent=214674"}],"wp:term":[{"taxonomy":"category","embeddable":true,"href":"https:\/\/www.webdo.tn\/fr\/wp-json\/wp\/v2\/categories?post=214674"},{"taxonomy":"post_tag","embeddable":true,"href":"https:\/\/www.webdo.tn\/fr\/wp-json\/wp\/v2\/tags?post=214674"}],"curies":[{"name":"wp","href":"https:\/\/api.w.org\/{rel}","templated":true}]}}