{"id":214656,"date":"2024-06-07T22:08:00","date_gmt":"2024-06-07T22:08:00","guid":{"rendered":"https:\/\/www.webdo.tn\/fr\/blog\/la-tunisie-au-18e-rang-mondial-en-termes-de-secheresse\/214656\/"},"modified":"2025-05-20T22:36:30","modified_gmt":"2025-05-20T22:36:30","slug":"la-tunisie-au-18e-rang-mondial-en-termes-de-secheresse","status":"publish","type":"post","link":"https:\/\/www.webdo.tn\/fr\/actualite\/national\/la-tunisie-au-18e-rang-mondial-en-termes-de-secheresse\/214656\/","title":{"rendered":"La Tunisie au 18e rang mondial en termes de s\u00e9cheresse"},"content":{"rendered":"<p>La Tunisie se trouve au 18e rang mondial en termes de s\u00e9cheresse, selon les donn\u00e9es publi\u00e9es par l&rsquo;Institut des ressources mondiales.<\/p>\n<p>\t\t\t\t\t\t\t\t\tLa Tunisie est class\u00e9e au 18e rang mondial en termes de s\u00e9cheresse et au 20e rang pour la s\u00e9cheresse hydrique, selon les donn\u00e9es publi\u00e9es par l&rsquo;Institut des ressources mondiales.<\/p>\n<p>Ces donn\u00e9es sont contenues dans un rapport sur \u00ab\u00a0l&rsquo;inflation climatique: d\u00e9fis et opportunit\u00e9s face au changement climatique\u00a0\u00bb, \u00e9labor\u00e9 par l&rsquo;Institut arabe des chefs d&rsquo;entreprise.<\/p>\n<p>Il met en lumi\u00e8re les d\u00e9fis majeurs auxquels la Tunisie est confront\u00e9e, notamment l&rsquo;augmentation des temp\u00e9ratures, la diminution des pr\u00e9cipitations, ainsi que la raret\u00e9 de l&rsquo;eau et la s\u00e9cheresse.<\/p>\n<p>Au cours des trois derni\u00e8res d\u00e9cennies, la Tunisie a enregistr\u00e9 une hausse de temp\u00e9rature d&rsquo;environ 0,4 degr\u00e9 Celsius. Par exemple, la temp\u00e9rature moyenne entre mai et septembre 2022 \u00e9tait d&rsquo;environ 27,9 degr\u00e9s Celsius, mais elle est descendue \u00e0 27,1 degr\u00e9s Celsius \u00e0 l&rsquo;\u00e9t\u00e9 2023.<\/p>\n<p>Le secteur agricole est particuli\u00e8rement touch\u00e9 par ces changements climatiques, car il utilise environ 80% des ressources en eau du pays. Cette situation repr\u00e9sente un d\u00e9fi majeur dans un contexte de raret\u00e9 des ressources en eau.<\/p>\n","protected":false},"excerpt":{"rendered":"<p>La Tunisie est class\u00e9e au 18e rang mondial en termes de s\u00e9cheresse et au 20e rang pour la s\u00e9cheresse hydrique, selon les donn\u00e9es publi\u00e9es par l&rsquo;Institut des res&#8230;<\/p>\n","protected":false},"author":3175,"featured_media":247219,"comment_status":"open","ping_status":"closed","sticky":false,"template":"","format":"standard","meta":{"footnotes":""},"categories":[44],"tags":[3634,2608],"class_list":["post-214656","post","type-post","status-publish","format-standard","has-post-thumbnail","hentry","category-national","tag-secheresse","tag-tunisie"],"yoast_head":"<!-- This site is optimized with the Yoast SEO Premium plugin v27.5 (Yoast SEO v27.5) - https:\/\/yoast.com\/product\/yoast-seo-premium-wordpress\/ -->\n<title>La Tunisie au 18e rang mondial en termes de s\u00e9cheresse<\/title>\n<meta name=\"description\" content=\"La Tunisie est class\u00e9e au 18e rang mondial en termes de s\u00e9cheresse et au 20e rang pour la s\u00e9cheresse hydrique, selon les donn\u00e9es publi\u00e9es par l&#039;Institut des res...\" \/>\n<link rel=\"canonical\" href=\"https:\/\/www.webdo.tn\/fr\/actualite\/national\/la-tunisie-au-18e-rang-mondial-en-termes-de-secheresse\/214656\/\" \/>\n<meta property=\"og:locale\" content=\"fr_FR\" \/>\n<meta property=\"og:type\" content=\"article\" \/>\n<meta property=\"og:title\" content=\"La Tunisie au 18e rang mondial en termes de s\u00e9cheresse\" \/>\n<meta property=\"og:description\" content=\"La Tunisie est class\u00e9e au 18e rang mondial en termes de s\u00e9cheresse et au 20e rang pour la s\u00e9cheresse hydrique, selon les donn\u00e9es publi\u00e9es par l&#039;Institut des res...\" \/>\n<meta property=\"og:url\" content=\"https:\/\/www.webdo.tn\/fr\/actualite\/national\/la-tunisie-au-18e-rang-mondial-en-termes-de-secheresse\/214656\/\" \/>\n<meta property=\"og:site_name\" content=\"webdo\" \/>\n<meta property=\"article:publisher\" content=\"https:\/\/www.facebook.com\/webdotn\" \/>\n<meta property=\"article:published_time\" content=\"2024-06-07T22:08:00+00:00\" \/>\n<meta property=\"article:modified_time\" content=\"2025-05-20T22:36:30+00:00\" \/>\n<meta property=\"og:image\" content=\"https:\/\/www.webdo.tn\/fr\/wp-content\/uploads\/2024\/06\/1dd1012856db3bccc6b09d2a2abd7144.webp\" \/>\n\t<meta property=\"og:image:width\" content=\"750\" \/>\n\t<meta property=\"og:image:height\" content=\"400\" \/>\n\t<meta property=\"og:image:type\" content=\"image\/webp\" \/>\n<meta name=\"author\" content=\"CL\" \/>\n<meta name=\"twitter:card\" content=\"summary_large_image\" \/>\n<meta name=\"twitter:creator\" content=\"@webdo_tn\" \/>\n<meta name=\"twitter:site\" content=\"@webdo_tn\" \/>\n<meta name=\"twitter:label1\" content=\"\u00c9crit par\" \/>\n\t<meta name=\"twitter:data1\" content=\"CL\" \/>\n\t<meta name=\"twitter:label2\" content=\"Dur\u00e9e de lecture estim\u00e9e\" \/>\n\t<meta name=\"twitter:data2\" content=\"1 minute\" \/>\n<script type=\"application\/ld+json\" class=\"yoast-schema-graph\">{\"@context\":\"https:\\\/\\\/schema.org\",\"@graph\":[{\"@type\":\"NewsArticle\",\"@id\":\"https:\\\/\\\/www.webdo.tn\\\/fr\\\/actualite\\\/national\\\/la-tunisie-au-18e-rang-mondial-en-termes-de-secheresse\\\/214656\\\/#article\",\"isPartOf\":{\"@id\":\"https:\\\/\\\/www.webdo.tn\\\/fr\\\/actualite\\\/national\\\/la-tunisie-au-18e-rang-mondial-en-termes-de-secheresse\\\/214656\\\/\"},\"author\":{\"name\":\"CL\",\"@id\":\"https:\\\/\\\/www.webdo.tn\\\/fr\\\/#\\\/schema\\\/person\\\/f35b42a42c5e2511bbd282959d6385cc\"},\"headline\":\"La Tunisie au 18e rang mondial en termes de s\u00e9cheresse\",\"datePublished\":\"2024-06-07T22:08:00+00:00\",\"dateModified\":\"2025-05-20T22:36:30+00:00\",\"mainEntityOfPage\":{\"@id\":\"https:\\\/\\\/www.webdo.tn\\\/fr\\\/actualite\\\/national\\\/la-tunisie-au-18e-rang-mondial-en-termes-de-secheresse\\\/214656\\\/\"},\"wordCount\":222,\"commentCount\":0,\"publisher\":{\"@id\":\"https:\\\/\\\/www.webdo.tn\\\/fr\\\/#organization\"},\"image\":{\"@id\":\"https:\\\/\\\/www.webdo.tn\\\/fr\\\/actualite\\\/national\\\/la-tunisie-au-18e-rang-mondial-en-termes-de-secheresse\\\/214656\\\/#primaryimage\"},\"thumbnailUrl\":\"https:\\\/\\\/www.webdo.tn\\\/fr\\\/wp-content\\\/uploads\\\/2024\\\/06\\\/1dd1012856db3bccc6b09d2a2abd7144.webp\",\"keywords\":[\"s\u00e9cheresse\",\"Tunisie\"],\"articleSection\":[\"National\"],\"inLanguage\":\"fr-FR\"},{\"@type\":\"WebPage\",\"@id\":\"https:\\\/\\\/www.webdo.tn\\\/fr\\\/actualite\\\/national\\\/la-tunisie-au-18e-rang-mondial-en-termes-de-secheresse\\\/214656\\\/\",\"url\":\"https:\\\/\\\/www.webdo.tn\\\/fr\\\/actualite\\\/national\\\/la-tunisie-au-18e-rang-mondial-en-termes-de-secheresse\\\/214656\\\/\",\"name\":\"La Tunisie au 18e rang mondial en termes de s\u00e9cheresse\",\"isPartOf\":{\"@id\":\"https:\\\/\\\/www.webdo.tn\\\/fr\\\/#website\"},\"primaryImageOfPage\":{\"@id\":\"https:\\\/\\\/www.webdo.tn\\\/fr\\\/actualite\\\/national\\\/la-tunisie-au-18e-rang-mondial-en-termes-de-secheresse\\\/214656\\\/#primaryimage\"},\"image\":{\"@id\":\"https:\\\/\\\/www.webdo.tn\\\/fr\\\/actualite\\\/national\\\/la-tunisie-au-18e-rang-mondial-en-termes-de-secheresse\\\/214656\\\/#primaryimage\"},\"thumbnailUrl\":\"https:\\\/\\\/www.webdo.tn\\\/fr\\\/wp-content\\\/uploads\\\/2024\\\/06\\\/1dd1012856db3bccc6b09d2a2abd7144.webp\",\"datePublished\":\"2024-06-07T22:08:00+00:00\",\"dateModified\":\"2025-05-20T22:36:30+00:00\",\"description\":\"La Tunisie est class\u00e9e au 18e rang mondial en termes de s\u00e9cheresse et au 20e rang pour la s\u00e9cheresse hydrique, selon les donn\u00e9es publi\u00e9es par l'Institut des res...\",\"breadcrumb\":{\"@id\":\"https:\\\/\\\/www.webdo.tn\\\/fr\\\/actualite\\\/national\\\/la-tunisie-au-18e-rang-mondial-en-termes-de-secheresse\\\/214656\\\/#breadcrumb\"},\"inLanguage\":\"fr-FR\",\"potentialAction\":[{\"@type\":\"ReadAction\",\"target\":[\"https:\\\/\\\/www.webdo.tn\\\/fr\\\/actualite\\\/national\\\/la-tunisie-au-18e-rang-mondial-en-termes-de-secheresse\\\/214656\\\/\"]}]},{\"@type\":\"ImageObject\",\"inLanguage\":\"fr-FR\",\"@id\":\"https:\\\/\\\/www.webdo.tn\\\/fr\\\/actualite\\\/national\\\/la-tunisie-au-18e-rang-mondial-en-termes-de-secheresse\\\/214656\\\/#primaryimage\",\"url\":\"https:\\\/\\\/www.webdo.tn\\\/fr\\\/wp-content\\\/uploads\\\/2024\\\/06\\\/1dd1012856db3bccc6b09d2a2abd7144.webp\",\"contentUrl\":\"https:\\\/\\\/www.webdo.tn\\\/fr\\\/wp-content\\\/uploads\\\/2024\\\/06\\\/1dd1012856db3bccc6b09d2a2abd7144.webp\",\"width\":750,\"height\":400,\"caption\":\"La Tunisie au 18e rang mondial en termes de s\u00e9cheresse\"},{\"@type\":\"BreadcrumbList\",\"@id\":\"https:\\\/\\\/www.webdo.tn\\\/fr\\\/actualite\\\/national\\\/la-tunisie-au-18e-rang-mondial-en-termes-de-secheresse\\\/214656\\\/#breadcrumb\",\"itemListElement\":[{\"@type\":\"ListItem\",\"position\":1,\"name\":\"Accueil\",\"item\":\"https:\\\/\\\/www.webdo.tn\\\/fr\\\/\"},{\"@type\":\"ListItem\",\"position\":2,\"name\":\"La Tunisie au 18e rang mondial en termes de s\u00e9cheresse\"}]},{\"@type\":\"WebSite\",\"@id\":\"https:\\\/\\\/www.webdo.tn\\\/fr\\\/#website\",\"url\":\"https:\\\/\\\/www.webdo.tn\\\/fr\\\/\",\"name\":\"webdo\",\"description\":\"Tunisie - News en Tunisie et \u00e0 l&#039;international sur Webdo.tn\",\"publisher\":{\"@id\":\"https:\\\/\\\/www.webdo.tn\\\/fr\\\/#organization\"},\"potentialAction\":[{\"@type\":\"SearchAction\",\"target\":{\"@type\":\"EntryPoint\",\"urlTemplate\":\"https:\\\/\\\/www.webdo.tn\\\/fr\\\/?s={search_term_string}\"},\"query-input\":{\"@type\":\"PropertyValueSpecification\",\"valueRequired\":true,\"valueName\":\"search_term_string\"}}],\"inLanguage\":\"fr-FR\"},{\"@type\":\"Organization\",\"@id\":\"https:\\\/\\\/www.webdo.tn\\\/fr\\\/#organization\",\"name\":\"Webdo\",\"alternateName\":\"Webdo.tn\",\"url\":\"https:\\\/\\\/www.webdo.tn\\\/fr\\\/\",\"logo\":{\"@type\":\"ImageObject\",\"inLanguage\":\"fr-FR\",\"@id\":\"https:\\\/\\\/www.webdo.tn\\\/fr\\\/#\\\/schema\\\/logo\\\/image\\\/\",\"url\":\"https:\\\/\\\/www.webdo.tn\\\/fr\\\/wp-content\\\/uploads\\\/2025\\\/06\\\/Webdo-Tunisie_168377.jpg\",\"contentUrl\":\"https:\\\/\\\/www.webdo.tn\\\/fr\\\/wp-content\\\/uploads\\\/2025\\\/06\\\/Webdo-Tunisie_168377.jpg\",\"width\":301,\"height\":301,\"caption\":\"Webdo\"},\"image\":{\"@id\":\"https:\\\/\\\/www.webdo.tn\\\/fr\\\/#\\\/schema\\\/logo\\\/image\\\/\"},\"sameAs\":[\"https:\\\/\\\/www.facebook.com\\\/webdotn\",\"https:\\\/\\\/x.com\\\/webdo_tn\"],\"description\":\"Webdo est un m\u00e9dia num\u00e9rique tunisien fond\u00e9 en 2010, sp\u00e9cialis\u00e9 dans l\u2019actualit\u00e9 nationale et internationale, l\u2019\u00e9conomie, la soci\u00e9t\u00e9 et les analyses politiques. Le site s\u2019adresse \u00e0 un large public francophone et couvre l\u2019information tunisienne en temps r\u00e9el.\",\"email\":\"redac@webdo.tn\",\"legalName\":\"YNJ SARL\",\"foundingDate\":\"2010-09-06\",\"numberOfEmployees\":{\"@type\":\"QuantitativeValue\",\"minValue\":\"11\",\"maxValue\":\"50\"}},{\"@type\":\"Person\",\"@id\":\"https:\\\/\\\/www.webdo.tn\\\/fr\\\/#\\\/schema\\\/person\\\/f35b42a42c5e2511bbd282959d6385cc\",\"name\":\"CL\",\"image\":{\"@type\":\"ImageObject\",\"inLanguage\":\"fr-FR\",\"@id\":\"https:\\\/\\\/secure.gravatar.com\\\/avatar\\\/1447a49909b67aa657c488aec6512e1dd6143a480c1ecfee9b5b5cd74eb3b59e?s=96&d=mm&r=g\",\"url\":\"https:\\\/\\\/secure.gravatar.com\\\/avatar\\\/1447a49909b67aa657c488aec6512e1dd6143a480c1ecfee9b5b5cd74eb3b59e?s=96&d=mm&r=g\",\"contentUrl\":\"https:\\\/\\\/secure.gravatar.com\\\/avatar\\\/1447a49909b67aa657c488aec6512e1dd6143a480c1ecfee9b5b5cd74eb3b59e?s=96&d=mm&r=g\",\"caption\":\"CL\"},\"url\":\"https:\\\/\\\/www.webdo.tn\\\/fr\\\/actualite\\\/author\\\/cl\\\/\"}]}<\/script>\n<!-- \/ Yoast SEO Premium plugin. -->","yoast_head_json":{"title":"La Tunisie au 18e rang mondial en termes de s\u00e9cheresse","description":"La Tunisie est class\u00e9e au 18e rang mondial en termes de s\u00e9cheresse et au 20e rang pour la s\u00e9cheresse hydrique, selon les donn\u00e9es publi\u00e9es par l'Institut des res...","canonical":"https:\/\/www.webdo.tn\/fr\/actualite\/national\/la-tunisie-au-18e-rang-mondial-en-termes-de-secheresse\/214656\/","og_locale":"fr_FR","og_type":"article","og_title":"La Tunisie au 18e rang mondial en termes de s\u00e9cheresse","og_description":"La Tunisie est class\u00e9e au 18e rang mondial en termes de s\u00e9cheresse et au 20e rang pour la s\u00e9cheresse hydrique, selon les donn\u00e9es publi\u00e9es par l'Institut des res...","og_url":"https:\/\/www.webdo.tn\/fr\/actualite\/national\/la-tunisie-au-18e-rang-mondial-en-termes-de-secheresse\/214656\/","og_site_name":"webdo","article_publisher":"https:\/\/www.facebook.com\/webdotn","article_published_time":"2024-06-07T22:08:00+00:00","article_modified_time":"2025-05-20T22:36:30+00:00","og_image":[{"width":750,"height":400,"url":"https:\/\/www.webdo.tn\/fr\/wp-content\/uploads\/2024\/06\/1dd1012856db3bccc6b09d2a2abd7144.webp","type":"image\/webp"}],"author":"CL","twitter_card":"summary_large_image","twitter_creator":"@webdo_tn","twitter_site":"@webdo_tn","twitter_misc":{"\u00c9crit par":"CL","Dur\u00e9e de lecture estim\u00e9e":"1 minute"},"schema":{"@context":"https:\/\/schema.org","@graph":[{"@type":"NewsArticle","@id":"https:\/\/www.webdo.tn\/fr\/actualite\/national\/la-tunisie-au-18e-rang-mondial-en-termes-de-secheresse\/214656\/#article","isPartOf":{"@id":"https:\/\/www.webdo.tn\/fr\/actualite\/national\/la-tunisie-au-18e-rang-mondial-en-termes-de-secheresse\/214656\/"},"author":{"name":"CL","@id":"https:\/\/www.webdo.tn\/fr\/#\/schema\/person\/f35b42a42c5e2511bbd282959d6385cc"},"headline":"La Tunisie au 18e rang mondial en termes de s\u00e9cheresse","datePublished":"2024-06-07T22:08:00+00:00","dateModified":"2025-05-20T22:36:30+00:00","mainEntityOfPage":{"@id":"https:\/\/www.webdo.tn\/fr\/actualite\/national\/la-tunisie-au-18e-rang-mondial-en-termes-de-secheresse\/214656\/"},"wordCount":222,"commentCount":0,"publisher":{"@id":"https:\/\/www.webdo.tn\/fr\/#organization"},"image":{"@id":"https:\/\/www.webdo.tn\/fr\/actualite\/national\/la-tunisie-au-18e-rang-mondial-en-termes-de-secheresse\/214656\/#primaryimage"},"thumbnailUrl":"https:\/\/www.webdo.tn\/fr\/wp-content\/uploads\/2024\/06\/1dd1012856db3bccc6b09d2a2abd7144.webp","keywords":["s\u00e9cheresse","Tunisie"],"articleSection":["National"],"inLanguage":"fr-FR"},{"@type":"WebPage","@id":"https:\/\/www.webdo.tn\/fr\/actualite\/national\/la-tunisie-au-18e-rang-mondial-en-termes-de-secheresse\/214656\/","url":"https:\/\/www.webdo.tn\/fr\/actualite\/national\/la-tunisie-au-18e-rang-mondial-en-termes-de-secheresse\/214656\/","name":"La Tunisie au 18e rang mondial en termes de s\u00e9cheresse","isPartOf":{"@id":"https:\/\/www.webdo.tn\/fr\/#website"},"primaryImageOfPage":{"@id":"https:\/\/www.webdo.tn\/fr\/actualite\/national\/la-tunisie-au-18e-rang-mondial-en-termes-de-secheresse\/214656\/#primaryimage"},"image":{"@id":"https:\/\/www.webdo.tn\/fr\/actualite\/national\/la-tunisie-au-18e-rang-mondial-en-termes-de-secheresse\/214656\/#primaryimage"},"thumbnailUrl":"https:\/\/www.webdo.tn\/fr\/wp-content\/uploads\/2024\/06\/1dd1012856db3bccc6b09d2a2abd7144.webp","datePublished":"2024-06-07T22:08:00+00:00","dateModified":"2025-05-20T22:36:30+00:00","description":"La Tunisie est class\u00e9e au 18e rang mondial en termes de s\u00e9cheresse et au 20e rang pour la s\u00e9cheresse hydrique, selon les donn\u00e9es publi\u00e9es par l'Institut des res...","breadcrumb":{"@id":"https:\/\/www.webdo.tn\/fr\/actualite\/national\/la-tunisie-au-18e-rang-mondial-en-termes-de-secheresse\/214656\/#breadcrumb"},"inLanguage":"fr-FR","potentialAction":[{"@type":"ReadAction","target":["https:\/\/www.webdo.tn\/fr\/actualite\/national\/la-tunisie-au-18e-rang-mondial-en-termes-de-secheresse\/214656\/"]}]},{"@type":"ImageObject","inLanguage":"fr-FR","@id":"https:\/\/www.webdo.tn\/fr\/actualite\/national\/la-tunisie-au-18e-rang-mondial-en-termes-de-secheresse\/214656\/#primaryimage","url":"https:\/\/www.webdo.tn\/fr\/wp-content\/uploads\/2024\/06\/1dd1012856db3bccc6b09d2a2abd7144.webp","contentUrl":"https:\/\/www.webdo.tn\/fr\/wp-content\/uploads\/2024\/06\/1dd1012856db3bccc6b09d2a2abd7144.webp","width":750,"height":400,"caption":"La Tunisie au 18e rang mondial en termes de s\u00e9cheresse"},{"@type":"BreadcrumbList","@id":"https:\/\/www.webdo.tn\/fr\/actualite\/national\/la-tunisie-au-18e-rang-mondial-en-termes-de-secheresse\/214656\/#breadcrumb","itemListElement":[{"@type":"ListItem","position":1,"name":"Accueil","item":"https:\/\/www.webdo.tn\/fr\/"},{"@type":"ListItem","position":2,"name":"La Tunisie au 18e rang mondial en termes de s\u00e9cheresse"}]},{"@type":"WebSite","@id":"https:\/\/www.webdo.tn\/fr\/#website","url":"https:\/\/www.webdo.tn\/fr\/","name":"webdo","description":"Tunisie - News en Tunisie et \u00e0 l&#039;international sur Webdo.tn","publisher":{"@id":"https:\/\/www.webdo.tn\/fr\/#organization"},"potentialAction":[{"@type":"SearchAction","target":{"@type":"EntryPoint","urlTemplate":"https:\/\/www.webdo.tn\/fr\/?s={search_term_string}"},"query-input":{"@type":"PropertyValueSpecification","valueRequired":true,"valueName":"search_term_string"}}],"inLanguage":"fr-FR"},{"@type":"Organization","@id":"https:\/\/www.webdo.tn\/fr\/#organization","name":"Webdo","alternateName":"Webdo.tn","url":"https:\/\/www.webdo.tn\/fr\/","logo":{"@type":"ImageObject","inLanguage":"fr-FR","@id":"https:\/\/www.webdo.tn\/fr\/#\/schema\/logo\/image\/","url":"https:\/\/www.webdo.tn\/fr\/wp-content\/uploads\/2025\/06\/Webdo-Tunisie_168377.jpg","contentUrl":"https:\/\/www.webdo.tn\/fr\/wp-content\/uploads\/2025\/06\/Webdo-Tunisie_168377.jpg","width":301,"height":301,"caption":"Webdo"},"image":{"@id":"https:\/\/www.webdo.tn\/fr\/#\/schema\/logo\/image\/"},"sameAs":["https:\/\/www.facebook.com\/webdotn","https:\/\/x.com\/webdo_tn"],"description":"Webdo est un m\u00e9dia num\u00e9rique tunisien fond\u00e9 en 2010, sp\u00e9cialis\u00e9 dans l\u2019actualit\u00e9 nationale et internationale, l\u2019\u00e9conomie, la soci\u00e9t\u00e9 et les analyses politiques. Le site s\u2019adresse \u00e0 un large public francophone et couvre l\u2019information tunisienne en temps r\u00e9el.","email":"redac@webdo.tn","legalName":"YNJ SARL","foundingDate":"2010-09-06","numberOfEmployees":{"@type":"QuantitativeValue","minValue":"11","maxValue":"50"}},{"@type":"Person","@id":"https:\/\/www.webdo.tn\/fr\/#\/schema\/person\/f35b42a42c5e2511bbd282959d6385cc","name":"CL","image":{"@type":"ImageObject","inLanguage":"fr-FR","@id":"https:\/\/secure.gravatar.com\/avatar\/1447a49909b67aa657c488aec6512e1dd6143a480c1ecfee9b5b5cd74eb3b59e?s=96&d=mm&r=g","url":"https:\/\/secure.gravatar.com\/avatar\/1447a49909b67aa657c488aec6512e1dd6143a480c1ecfee9b5b5cd74eb3b59e?s=96&d=mm&r=g","contentUrl":"https:\/\/secure.gravatar.com\/avatar\/1447a49909b67aa657c488aec6512e1dd6143a480c1ecfee9b5b5cd74eb3b59e?s=96&d=mm&r=g","caption":"CL"},"url":"https:\/\/www.webdo.tn\/fr\/actualite\/author\/cl\/"}]}},"_links":{"self":[{"href":"https:\/\/www.webdo.tn\/fr\/wp-json\/wp\/v2\/posts\/214656","targetHints":{"allow":["GET"]}}],"collection":[{"href":"https:\/\/www.webdo.tn\/fr\/wp-json\/wp\/v2\/posts"}],"about":[{"href":"https:\/\/www.webdo.tn\/fr\/wp-json\/wp\/v2\/types\/post"}],"author":[{"embeddable":true,"href":"https:\/\/www.webdo.tn\/fr\/wp-json\/wp\/v2\/users\/3175"}],"replies":[{"embeddable":true,"href":"https:\/\/www.webdo.tn\/fr\/wp-json\/wp\/v2\/comments?post=214656"}],"version-history":[{"count":0,"href":"https:\/\/www.webdo.tn\/fr\/wp-json\/wp\/v2\/posts\/214656\/revisions"}],"wp:featuredmedia":[{"embeddable":true,"href":"https:\/\/www.webdo.tn\/fr\/wp-json\/wp\/v2\/media\/247219"}],"wp:attachment":[{"href":"https:\/\/www.webdo.tn\/fr\/wp-json\/wp\/v2\/media?parent=214656"}],"wp:term":[{"taxonomy":"category","embeddable":true,"href":"https:\/\/www.webdo.tn\/fr\/wp-json\/wp\/v2\/categories?post=214656"},{"taxonomy":"post_tag","embeddable":true,"href":"https:\/\/www.webdo.tn\/fr\/wp-json\/wp\/v2\/tags?post=214656"}],"curies":[{"name":"wp","href":"https:\/\/api.w.org\/{rel}","templated":true}]}}