{"id":214643,"date":"2024-06-07T11:16:00","date_gmt":"2024-06-07T11:16:00","guid":{"rendered":"https:\/\/www.webdo.tn\/fr\/blog\/tunisie-temperatures-en-forte-hausse\/214643\/"},"modified":"2025-05-20T22:53:51","modified_gmt":"2025-05-20T22:53:51","slug":"tunisie-temperatures-en-forte-hausse","status":"publish","type":"post","link":"https:\/\/www.webdo.tn\/fr\/actualite\/national\/tunisie-temperatures-en-forte-hausse\/214643\/","title":{"rendered":"Tunisie : Temp\u00e9ratures en forte hausse"},"content":{"rendered":"<p>L\u2019Institut national de la m\u00e9t\u00e9orologie pr\u00e9voit une hausse relative des temp\u00e9ratures, qui atteindront jusqu\u2019\u00e0 41\u00b0C aujourd\u2019hui.<\/p>\n<p>\t\t\t\t\t\t\t\t\tL\u2019Institut national de la m\u00e9t\u00e9orologie pr\u00e9voit une hausse relative des temp\u00e9ratures, qui atteindront jusqu\u2019\u00e0 41\u00b0C aujourd\u2019hui.<\/p>\n<p>La canicule commence \u00e0 se manifester. L\u2019Institut national de la m\u00e9t\u00e9orologie pr\u00e9voit, pour ce vendredi 7 juin 2024, quelques nuages dans la plupart des r\u00e9gions, suivis par l&rsquo;apparition de cellules orageuses locales avec des pluies l&rsquo;apr\u00e8s-midi dans les r\u00e9gions occidentales du nord et du centre, et possibilit\u00e9 de gr\u00eale dans quelques endroits limit\u00e9s.<\/p>\n<p>Les temp\u00e9ratures seront en hausse, avec des temp\u00e9ratures maximales comprises entre 28 et 34\u00b0C dans les r\u00e9gions c\u00f4ti\u00e8res et les hauteurs, et entre 35 et 41\u00b0C ailleurs, avec des coups de sirocco.<\/p>\n<p>Les temp\u00e9ratures devraient encore augmenter de quelques degr\u00e9s demain, samedi 8 juin.<\/p>\n","protected":false},"excerpt":{"rendered":"<p>Les temp\u00e9ratures seront en hausse, avec des temp\u00e9ratures maximales comprises entre 28 et 34\u00b0C dans les r\u00e9gions c\u00f4ti\u00e8res et les hauteurs, et entre 35 et 41\u00b0C ail&#8230;<\/p>\n","protected":false},"author":3175,"featured_media":290695,"comment_status":"open","ping_status":"closed","sticky":false,"template":"","format":"standard","meta":{"footnotes":""},"categories":[44],"tags":[2670,2672,2608],"class_list":["post-214643","post","type-post","status-publish","format-standard","has-post-thumbnail","hentry","category-national","tag-meteo","tag-temperatures","tag-tunisie"],"yoast_head":"<!-- This site is optimized with the Yoast SEO Premium plugin v27.5 (Yoast SEO v27.5) - https:\/\/yoast.com\/product\/yoast-seo-premium-wordpress\/ -->\n<title>Tunisie : Temp\u00e9ratures en forte hausse<\/title>\n<meta name=\"description\" content=\"Les temp\u00e9ratures seront en hausse, avec des temp\u00e9ratures maximales comprises entre 28 et 34\u00b0C dans les r\u00e9gions c\u00f4ti\u00e8res et les hauteurs, et entre 35 et 41\u00b0C ail...\" \/>\n<link rel=\"canonical\" href=\"https:\/\/www.webdo.tn\/fr\/actualite\/national\/tunisie-temperatures-en-forte-hausse\/214643\/\" \/>\n<meta property=\"og:locale\" content=\"fr_FR\" \/>\n<meta property=\"og:type\" content=\"article\" \/>\n<meta property=\"og:title\" content=\"Tunisie : Temp\u00e9ratures en forte hausse\" \/>\n<meta property=\"og:description\" content=\"Les temp\u00e9ratures seront en hausse, avec des temp\u00e9ratures maximales comprises entre 28 et 34\u00b0C dans les r\u00e9gions c\u00f4ti\u00e8res et les hauteurs, et entre 35 et 41\u00b0C ail...\" \/>\n<meta property=\"og:url\" content=\"https:\/\/www.webdo.tn\/fr\/actualite\/national\/tunisie-temperatures-en-forte-hausse\/214643\/\" \/>\n<meta property=\"og:site_name\" content=\"webdo\" \/>\n<meta property=\"article:publisher\" content=\"https:\/\/www.facebook.com\/webdotn\" \/>\n<meta property=\"article:published_time\" content=\"2024-06-07T11:16:00+00:00\" \/>\n<meta property=\"article:modified_time\" content=\"2025-05-20T22:53:51+00:00\" \/>\n<meta property=\"og:image\" content=\"https:\/\/www.webdo.tn\/fr\/wp-content\/uploads\/2024\/06\/592f6a975ead28a2c808b83c09ce8f99.webp\" \/>\n\t<meta property=\"og:image:width\" content=\"750\" \/>\n\t<meta property=\"og:image:height\" content=\"400\" \/>\n\t<meta property=\"og:image:type\" content=\"image\/webp\" \/>\n<meta name=\"author\" content=\"CL\" \/>\n<meta name=\"twitter:card\" content=\"summary_large_image\" \/>\n<meta name=\"twitter:creator\" content=\"@webdo_tn\" \/>\n<meta name=\"twitter:site\" content=\"@webdo_tn\" \/>\n<meta name=\"twitter:label1\" content=\"\u00c9crit par\" \/>\n\t<meta name=\"twitter:data1\" content=\"CL\" \/>\n\t<meta name=\"twitter:label2\" content=\"Dur\u00e9e de lecture estim\u00e9e\" \/>\n\t<meta name=\"twitter:data2\" content=\"1 minute\" \/>\n<script type=\"application\/ld+json\" class=\"yoast-schema-graph\">{\"@context\":\"https:\\\/\\\/schema.org\",\"@graph\":[{\"@type\":\"NewsArticle\",\"@id\":\"https:\\\/\\\/www.webdo.tn\\\/fr\\\/actualite\\\/national\\\/tunisie-temperatures-en-forte-hausse\\\/214643\\\/#article\",\"isPartOf\":{\"@id\":\"https:\\\/\\\/www.webdo.tn\\\/fr\\\/actualite\\\/national\\\/tunisie-temperatures-en-forte-hausse\\\/214643\\\/\"},\"author\":{\"name\":\"CL\",\"@id\":\"https:\\\/\\\/www.webdo.tn\\\/fr\\\/#\\\/schema\\\/person\\\/f35b42a42c5e2511bbd282959d6385cc\"},\"headline\":\"Tunisie : Temp\u00e9ratures en forte hausse\",\"datePublished\":\"2024-06-07T11:16:00+00:00\",\"dateModified\":\"2025-05-20T22:53:51+00:00\",\"mainEntityOfPage\":{\"@id\":\"https:\\\/\\\/www.webdo.tn\\\/fr\\\/actualite\\\/national\\\/tunisie-temperatures-en-forte-hausse\\\/214643\\\/\"},\"wordCount\":159,\"commentCount\":0,\"publisher\":{\"@id\":\"https:\\\/\\\/www.webdo.tn\\\/fr\\\/#organization\"},\"image\":{\"@id\":\"https:\\\/\\\/www.webdo.tn\\\/fr\\\/actualite\\\/national\\\/tunisie-temperatures-en-forte-hausse\\\/214643\\\/#primaryimage\"},\"thumbnailUrl\":\"https:\\\/\\\/www.webdo.tn\\\/fr\\\/wp-content\\\/uploads\\\/2024\\\/06\\\/592f6a975ead28a2c808b83c09ce8f99.webp\",\"keywords\":[\"m\u00e9t\u00e9o\",\"temp\u00e9ratures\",\"Tunisie\"],\"articleSection\":[\"National\"],\"inLanguage\":\"fr-FR\"},{\"@type\":\"WebPage\",\"@id\":\"https:\\\/\\\/www.webdo.tn\\\/fr\\\/actualite\\\/national\\\/tunisie-temperatures-en-forte-hausse\\\/214643\\\/\",\"url\":\"https:\\\/\\\/www.webdo.tn\\\/fr\\\/actualite\\\/national\\\/tunisie-temperatures-en-forte-hausse\\\/214643\\\/\",\"name\":\"Tunisie : Temp\u00e9ratures en forte hausse\",\"isPartOf\":{\"@id\":\"https:\\\/\\\/www.webdo.tn\\\/fr\\\/#website\"},\"primaryImageOfPage\":{\"@id\":\"https:\\\/\\\/www.webdo.tn\\\/fr\\\/actualite\\\/national\\\/tunisie-temperatures-en-forte-hausse\\\/214643\\\/#primaryimage\"},\"image\":{\"@id\":\"https:\\\/\\\/www.webdo.tn\\\/fr\\\/actualite\\\/national\\\/tunisie-temperatures-en-forte-hausse\\\/214643\\\/#primaryimage\"},\"thumbnailUrl\":\"https:\\\/\\\/www.webdo.tn\\\/fr\\\/wp-content\\\/uploads\\\/2024\\\/06\\\/592f6a975ead28a2c808b83c09ce8f99.webp\",\"datePublished\":\"2024-06-07T11:16:00+00:00\",\"dateModified\":\"2025-05-20T22:53:51+00:00\",\"description\":\"Les temp\u00e9ratures seront en hausse, avec des temp\u00e9ratures maximales comprises entre 28 et 34\u00b0C dans les r\u00e9gions c\u00f4ti\u00e8res et les hauteurs, et entre 35 et 41\u00b0C ail...\",\"breadcrumb\":{\"@id\":\"https:\\\/\\\/www.webdo.tn\\\/fr\\\/actualite\\\/national\\\/tunisie-temperatures-en-forte-hausse\\\/214643\\\/#breadcrumb\"},\"inLanguage\":\"fr-FR\",\"potentialAction\":[{\"@type\":\"ReadAction\",\"target\":[\"https:\\\/\\\/www.webdo.tn\\\/fr\\\/actualite\\\/national\\\/tunisie-temperatures-en-forte-hausse\\\/214643\\\/\"]}]},{\"@type\":\"ImageObject\",\"inLanguage\":\"fr-FR\",\"@id\":\"https:\\\/\\\/www.webdo.tn\\\/fr\\\/actualite\\\/national\\\/tunisie-temperatures-en-forte-hausse\\\/214643\\\/#primaryimage\",\"url\":\"https:\\\/\\\/www.webdo.tn\\\/fr\\\/wp-content\\\/uploads\\\/2024\\\/06\\\/592f6a975ead28a2c808b83c09ce8f99.webp\",\"contentUrl\":\"https:\\\/\\\/www.webdo.tn\\\/fr\\\/wp-content\\\/uploads\\\/2024\\\/06\\\/592f6a975ead28a2c808b83c09ce8f99.webp\",\"width\":750,\"height\":400,\"caption\":\"Tunisie : Temp\u00e9ratures en forte hausse\"},{\"@type\":\"BreadcrumbList\",\"@id\":\"https:\\\/\\\/www.webdo.tn\\\/fr\\\/actualite\\\/national\\\/tunisie-temperatures-en-forte-hausse\\\/214643\\\/#breadcrumb\",\"itemListElement\":[{\"@type\":\"ListItem\",\"position\":1,\"name\":\"Accueil\",\"item\":\"https:\\\/\\\/www.webdo.tn\\\/fr\\\/\"},{\"@type\":\"ListItem\",\"position\":2,\"name\":\"Tunisie : Temp\u00e9ratures en forte hausse\"}]},{\"@type\":\"WebSite\",\"@id\":\"https:\\\/\\\/www.webdo.tn\\\/fr\\\/#website\",\"url\":\"https:\\\/\\\/www.webdo.tn\\\/fr\\\/\",\"name\":\"webdo\",\"description\":\"Tunisie - News en Tunisie et \u00e0 l&#039;international sur Webdo.tn\",\"publisher\":{\"@id\":\"https:\\\/\\\/www.webdo.tn\\\/fr\\\/#organization\"},\"potentialAction\":[{\"@type\":\"SearchAction\",\"target\":{\"@type\":\"EntryPoint\",\"urlTemplate\":\"https:\\\/\\\/www.webdo.tn\\\/fr\\\/?s={search_term_string}\"},\"query-input\":{\"@type\":\"PropertyValueSpecification\",\"valueRequired\":true,\"valueName\":\"search_term_string\"}}],\"inLanguage\":\"fr-FR\"},{\"@type\":\"Organization\",\"@id\":\"https:\\\/\\\/www.webdo.tn\\\/fr\\\/#organization\",\"name\":\"Webdo\",\"alternateName\":\"Webdo.tn\",\"url\":\"https:\\\/\\\/www.webdo.tn\\\/fr\\\/\",\"logo\":{\"@type\":\"ImageObject\",\"inLanguage\":\"fr-FR\",\"@id\":\"https:\\\/\\\/www.webdo.tn\\\/fr\\\/#\\\/schema\\\/logo\\\/image\\\/\",\"url\":\"https:\\\/\\\/www.webdo.tn\\\/fr\\\/wp-content\\\/uploads\\\/2025\\\/06\\\/Webdo-Tunisie_168377.jpg\",\"contentUrl\":\"https:\\\/\\\/www.webdo.tn\\\/fr\\\/wp-content\\\/uploads\\\/2025\\\/06\\\/Webdo-Tunisie_168377.jpg\",\"width\":301,\"height\":301,\"caption\":\"Webdo\"},\"image\":{\"@id\":\"https:\\\/\\\/www.webdo.tn\\\/fr\\\/#\\\/schema\\\/logo\\\/image\\\/\"},\"sameAs\":[\"https:\\\/\\\/www.facebook.com\\\/webdotn\",\"https:\\\/\\\/x.com\\\/webdo_tn\"],\"description\":\"Webdo est un m\u00e9dia num\u00e9rique tunisien fond\u00e9 en 2010, sp\u00e9cialis\u00e9 dans l\u2019actualit\u00e9 nationale et internationale, l\u2019\u00e9conomie, la soci\u00e9t\u00e9 et les analyses politiques. Le site s\u2019adresse \u00e0 un large public francophone et couvre l\u2019information tunisienne en temps r\u00e9el.\",\"email\":\"redac@webdo.tn\",\"legalName\":\"YNJ SARL\",\"foundingDate\":\"2010-09-06\",\"numberOfEmployees\":{\"@type\":\"QuantitativeValue\",\"minValue\":\"11\",\"maxValue\":\"50\"}},{\"@type\":\"Person\",\"@id\":\"https:\\\/\\\/www.webdo.tn\\\/fr\\\/#\\\/schema\\\/person\\\/f35b42a42c5e2511bbd282959d6385cc\",\"name\":\"CL\",\"image\":{\"@type\":\"ImageObject\",\"inLanguage\":\"fr-FR\",\"@id\":\"https:\\\/\\\/secure.gravatar.com\\\/avatar\\\/1447a49909b67aa657c488aec6512e1dd6143a480c1ecfee9b5b5cd74eb3b59e?s=96&d=mm&r=g\",\"url\":\"https:\\\/\\\/secure.gravatar.com\\\/avatar\\\/1447a49909b67aa657c488aec6512e1dd6143a480c1ecfee9b5b5cd74eb3b59e?s=96&d=mm&r=g\",\"contentUrl\":\"https:\\\/\\\/secure.gravatar.com\\\/avatar\\\/1447a49909b67aa657c488aec6512e1dd6143a480c1ecfee9b5b5cd74eb3b59e?s=96&d=mm&r=g\",\"caption\":\"CL\"},\"url\":\"https:\\\/\\\/www.webdo.tn\\\/fr\\\/actualite\\\/author\\\/cl\\\/\"}]}<\/script>\n<!-- \/ Yoast SEO Premium plugin. -->","yoast_head_json":{"title":"Tunisie : Temp\u00e9ratures en forte hausse","description":"Les temp\u00e9ratures seront en hausse, avec des temp\u00e9ratures maximales comprises entre 28 et 34\u00b0C dans les r\u00e9gions c\u00f4ti\u00e8res et les hauteurs, et entre 35 et 41\u00b0C ail...","canonical":"https:\/\/www.webdo.tn\/fr\/actualite\/national\/tunisie-temperatures-en-forte-hausse\/214643\/","og_locale":"fr_FR","og_type":"article","og_title":"Tunisie : Temp\u00e9ratures en forte hausse","og_description":"Les temp\u00e9ratures seront en hausse, avec des temp\u00e9ratures maximales comprises entre 28 et 34\u00b0C dans les r\u00e9gions c\u00f4ti\u00e8res et les hauteurs, et entre 35 et 41\u00b0C ail...","og_url":"https:\/\/www.webdo.tn\/fr\/actualite\/national\/tunisie-temperatures-en-forte-hausse\/214643\/","og_site_name":"webdo","article_publisher":"https:\/\/www.facebook.com\/webdotn","article_published_time":"2024-06-07T11:16:00+00:00","article_modified_time":"2025-05-20T22:53:51+00:00","og_image":[{"width":750,"height":400,"url":"https:\/\/www.webdo.tn\/fr\/wp-content\/uploads\/2024\/06\/592f6a975ead28a2c808b83c09ce8f99.webp","type":"image\/webp"}],"author":"CL","twitter_card":"summary_large_image","twitter_creator":"@webdo_tn","twitter_site":"@webdo_tn","twitter_misc":{"\u00c9crit par":"CL","Dur\u00e9e de lecture estim\u00e9e":"1 minute"},"schema":{"@context":"https:\/\/schema.org","@graph":[{"@type":"NewsArticle","@id":"https:\/\/www.webdo.tn\/fr\/actualite\/national\/tunisie-temperatures-en-forte-hausse\/214643\/#article","isPartOf":{"@id":"https:\/\/www.webdo.tn\/fr\/actualite\/national\/tunisie-temperatures-en-forte-hausse\/214643\/"},"author":{"name":"CL","@id":"https:\/\/www.webdo.tn\/fr\/#\/schema\/person\/f35b42a42c5e2511bbd282959d6385cc"},"headline":"Tunisie : Temp\u00e9ratures en forte hausse","datePublished":"2024-06-07T11:16:00+00:00","dateModified":"2025-05-20T22:53:51+00:00","mainEntityOfPage":{"@id":"https:\/\/www.webdo.tn\/fr\/actualite\/national\/tunisie-temperatures-en-forte-hausse\/214643\/"},"wordCount":159,"commentCount":0,"publisher":{"@id":"https:\/\/www.webdo.tn\/fr\/#organization"},"image":{"@id":"https:\/\/www.webdo.tn\/fr\/actualite\/national\/tunisie-temperatures-en-forte-hausse\/214643\/#primaryimage"},"thumbnailUrl":"https:\/\/www.webdo.tn\/fr\/wp-content\/uploads\/2024\/06\/592f6a975ead28a2c808b83c09ce8f99.webp","keywords":["m\u00e9t\u00e9o","temp\u00e9ratures","Tunisie"],"articleSection":["National"],"inLanguage":"fr-FR"},{"@type":"WebPage","@id":"https:\/\/www.webdo.tn\/fr\/actualite\/national\/tunisie-temperatures-en-forte-hausse\/214643\/","url":"https:\/\/www.webdo.tn\/fr\/actualite\/national\/tunisie-temperatures-en-forte-hausse\/214643\/","name":"Tunisie : Temp\u00e9ratures en forte hausse","isPartOf":{"@id":"https:\/\/www.webdo.tn\/fr\/#website"},"primaryImageOfPage":{"@id":"https:\/\/www.webdo.tn\/fr\/actualite\/national\/tunisie-temperatures-en-forte-hausse\/214643\/#primaryimage"},"image":{"@id":"https:\/\/www.webdo.tn\/fr\/actualite\/national\/tunisie-temperatures-en-forte-hausse\/214643\/#primaryimage"},"thumbnailUrl":"https:\/\/www.webdo.tn\/fr\/wp-content\/uploads\/2024\/06\/592f6a975ead28a2c808b83c09ce8f99.webp","datePublished":"2024-06-07T11:16:00+00:00","dateModified":"2025-05-20T22:53:51+00:00","description":"Les temp\u00e9ratures seront en hausse, avec des temp\u00e9ratures maximales comprises entre 28 et 34\u00b0C dans les r\u00e9gions c\u00f4ti\u00e8res et les hauteurs, et entre 35 et 41\u00b0C ail...","breadcrumb":{"@id":"https:\/\/www.webdo.tn\/fr\/actualite\/national\/tunisie-temperatures-en-forte-hausse\/214643\/#breadcrumb"},"inLanguage":"fr-FR","potentialAction":[{"@type":"ReadAction","target":["https:\/\/www.webdo.tn\/fr\/actualite\/national\/tunisie-temperatures-en-forte-hausse\/214643\/"]}]},{"@type":"ImageObject","inLanguage":"fr-FR","@id":"https:\/\/www.webdo.tn\/fr\/actualite\/national\/tunisie-temperatures-en-forte-hausse\/214643\/#primaryimage","url":"https:\/\/www.webdo.tn\/fr\/wp-content\/uploads\/2024\/06\/592f6a975ead28a2c808b83c09ce8f99.webp","contentUrl":"https:\/\/www.webdo.tn\/fr\/wp-content\/uploads\/2024\/06\/592f6a975ead28a2c808b83c09ce8f99.webp","width":750,"height":400,"caption":"Tunisie : Temp\u00e9ratures en forte hausse"},{"@type":"BreadcrumbList","@id":"https:\/\/www.webdo.tn\/fr\/actualite\/national\/tunisie-temperatures-en-forte-hausse\/214643\/#breadcrumb","itemListElement":[{"@type":"ListItem","position":1,"name":"Accueil","item":"https:\/\/www.webdo.tn\/fr\/"},{"@type":"ListItem","position":2,"name":"Tunisie : Temp\u00e9ratures en forte hausse"}]},{"@type":"WebSite","@id":"https:\/\/www.webdo.tn\/fr\/#website","url":"https:\/\/www.webdo.tn\/fr\/","name":"webdo","description":"Tunisie - News en Tunisie et \u00e0 l&#039;international sur Webdo.tn","publisher":{"@id":"https:\/\/www.webdo.tn\/fr\/#organization"},"potentialAction":[{"@type":"SearchAction","target":{"@type":"EntryPoint","urlTemplate":"https:\/\/www.webdo.tn\/fr\/?s={search_term_string}"},"query-input":{"@type":"PropertyValueSpecification","valueRequired":true,"valueName":"search_term_string"}}],"inLanguage":"fr-FR"},{"@type":"Organization","@id":"https:\/\/www.webdo.tn\/fr\/#organization","name":"Webdo","alternateName":"Webdo.tn","url":"https:\/\/www.webdo.tn\/fr\/","logo":{"@type":"ImageObject","inLanguage":"fr-FR","@id":"https:\/\/www.webdo.tn\/fr\/#\/schema\/logo\/image\/","url":"https:\/\/www.webdo.tn\/fr\/wp-content\/uploads\/2025\/06\/Webdo-Tunisie_168377.jpg","contentUrl":"https:\/\/www.webdo.tn\/fr\/wp-content\/uploads\/2025\/06\/Webdo-Tunisie_168377.jpg","width":301,"height":301,"caption":"Webdo"},"image":{"@id":"https:\/\/www.webdo.tn\/fr\/#\/schema\/logo\/image\/"},"sameAs":["https:\/\/www.facebook.com\/webdotn","https:\/\/x.com\/webdo_tn"],"description":"Webdo est un m\u00e9dia num\u00e9rique tunisien fond\u00e9 en 2010, sp\u00e9cialis\u00e9 dans l\u2019actualit\u00e9 nationale et internationale, l\u2019\u00e9conomie, la soci\u00e9t\u00e9 et les analyses politiques. Le site s\u2019adresse \u00e0 un large public francophone et couvre l\u2019information tunisienne en temps r\u00e9el.","email":"redac@webdo.tn","legalName":"YNJ SARL","foundingDate":"2010-09-06","numberOfEmployees":{"@type":"QuantitativeValue","minValue":"11","maxValue":"50"}},{"@type":"Person","@id":"https:\/\/www.webdo.tn\/fr\/#\/schema\/person\/f35b42a42c5e2511bbd282959d6385cc","name":"CL","image":{"@type":"ImageObject","inLanguage":"fr-FR","@id":"https:\/\/secure.gravatar.com\/avatar\/1447a49909b67aa657c488aec6512e1dd6143a480c1ecfee9b5b5cd74eb3b59e?s=96&d=mm&r=g","url":"https:\/\/secure.gravatar.com\/avatar\/1447a49909b67aa657c488aec6512e1dd6143a480c1ecfee9b5b5cd74eb3b59e?s=96&d=mm&r=g","contentUrl":"https:\/\/secure.gravatar.com\/avatar\/1447a49909b67aa657c488aec6512e1dd6143a480c1ecfee9b5b5cd74eb3b59e?s=96&d=mm&r=g","caption":"CL"},"url":"https:\/\/www.webdo.tn\/fr\/actualite\/author\/cl\/"}]}},"_links":{"self":[{"href":"https:\/\/www.webdo.tn\/fr\/wp-json\/wp\/v2\/posts\/214643","targetHints":{"allow":["GET"]}}],"collection":[{"href":"https:\/\/www.webdo.tn\/fr\/wp-json\/wp\/v2\/posts"}],"about":[{"href":"https:\/\/www.webdo.tn\/fr\/wp-json\/wp\/v2\/types\/post"}],"author":[{"embeddable":true,"href":"https:\/\/www.webdo.tn\/fr\/wp-json\/wp\/v2\/users\/3175"}],"replies":[{"embeddable":true,"href":"https:\/\/www.webdo.tn\/fr\/wp-json\/wp\/v2\/comments?post=214643"}],"version-history":[{"count":0,"href":"https:\/\/www.webdo.tn\/fr\/wp-json\/wp\/v2\/posts\/214643\/revisions"}],"wp:featuredmedia":[{"embeddable":true,"href":"https:\/\/www.webdo.tn\/fr\/wp-json\/wp\/v2\/media\/290695"}],"wp:attachment":[{"href":"https:\/\/www.webdo.tn\/fr\/wp-json\/wp\/v2\/media?parent=214643"}],"wp:term":[{"taxonomy":"category","embeddable":true,"href":"https:\/\/www.webdo.tn\/fr\/wp-json\/wp\/v2\/categories?post=214643"},{"taxonomy":"post_tag","embeddable":true,"href":"https:\/\/www.webdo.tn\/fr\/wp-json\/wp\/v2\/tags?post=214643"}],"curies":[{"name":"wp","href":"https:\/\/api.w.org\/{rel}","templated":true}]}}