{"id":214622,"date":"2024-06-06T12:21:00","date_gmt":"2024-06-06T12:21:00","guid":{"rendered":"https:\/\/www.webdo.tn\/fr\/blog\/l-ancien-ministre-riadh-mouakher-renvoye-devant-la-chambre-penale\/214622\/"},"modified":"2025-05-20T22:36:32","modified_gmt":"2025-05-20T22:36:32","slug":"l-ancien-ministre-riadh-mouakher-renvoye-devant-la-chambre-penale","status":"publish","type":"post","link":"https:\/\/www.webdo.tn\/fr\/actualite\/national\/l-ancien-ministre-riadh-mouakher-renvoye-devant-la-chambre-penale\/214622\/","title":{"rendered":"L\u2019ancien ministre Riadh Mouakher renvoy\u00e9 devant la Chambre p\u00e9nale"},"content":{"rendered":"<p>D\u00e9tenu pour suspicions de corruption financi\u00e8re et administrative \u00e0 son encontre, l\u2019ancien ministre de l\u2019Environnement Riadh Mouakher a \u00e9t\u00e9 renvoy\u00e9 devant la chambre p\u00e9nale.<\/p>\n<p>\t\t\t\t\t\t\t\t\tD\u00e9tenu depuis f\u00e9vrier 2023 pour suspicions de corruption financi\u00e8re et administrative \u00e0 son encontre, l\u2019ancien ministre de l\u2019Environnement Riadh Mouakher a \u00e9t\u00e9 renvoy\u00e9 devant la chambre p\u00e9nale.<\/p>\n<p>La Chambre d&rsquo;accusation sp\u00e9cialis\u00e9e dans les affaires de corruption financi\u00e8re de la Cour d&rsquo;appel de Tunis a d\u00e9cid\u00e9 de renvoyer Riadh Mouakher, ainsi qu&rsquo;un agent de la Protection civile rattach\u00e9 au minist\u00e8re de l&rsquo;Environnement, devant la Chambre p\u00e9nale sp\u00e9cialis\u00e9e dans les affaires de corruption financi\u00e8re du Tribunal de premi\u00e8re instance de Tunis, tout en refusant de les remettre en libert\u00e9, rapporte Mosaique fm.<\/p>\n<p>Riadh Mouakher avait \u00e9t\u00e9 plac\u00e9 en garde \u00e0 vue le 28 f\u00e9vrier 2023 dans le cadre d\u2019une affaire de \u00ab\u00a0suspicions de corruption financi\u00e8re et administrative\u00a0\u00bb concernant un march\u00e9s public conclu par le minist\u00e8re de l&rsquo;Environnement.<\/p>\n<p>Le premier juge d&rsquo;instruction du p\u00f4le judiciaire financier a \u00e9mis, le 9 mars 2023 un mandat de d\u00e9p\u00f4t en prison \u00e0 son encontre pour des faits li\u00e9s \u00e0 l&rsquo;exploitation d&rsquo;un agent public pour en tirer un avantage et nuire \u00e0 l&rsquo;administration au sens de l&rsquo;article 96 du Code p\u00e9nal.<\/p>\n","protected":false},"excerpt":{"rendered":"<p>D\u00e9tenu depuis f\u00e9vrier 2023 pour suspicions de corruption financi\u00e8re et administrative \u00e0 son encontre, l\u2019ancien ministre de l\u2019Environnement Riadh Mouakher a \u00e9t\u00e9&#8230;<\/p>\n","protected":false},"author":3175,"featured_media":247229,"comment_status":"open","ping_status":"closed","sticky":false,"template":"","format":"standard","meta":{"footnotes":""},"categories":[44],"tags":[2882,2619,4994,2608],"class_list":["post-214622","post","type-post","status-publish","format-standard","has-post-thumbnail","hentry","category-national","tag-environnement","tag-justice","tag-riadh-mouakher","tag-tunisie"],"yoast_head":"<!-- This site is optimized with the Yoast SEO Premium plugin v27.5 (Yoast SEO v27.5) - https:\/\/yoast.com\/product\/yoast-seo-premium-wordpress\/ -->\n<title>L\u2019ancien ministre Riadh Mouakher renvoy\u00e9 devant la Chambre p\u00e9nale<\/title>\n<meta name=\"description\" content=\"D\u00e9tenu depuis f\u00e9vrier 2023 pour suspicions de corruption financi\u00e8re et administrative \u00e0 son encontre, l\u2019ancien ministre de l\u2019Environnement Riadh Mouakher a \u00e9t\u00e9...\" \/>\n<link rel=\"canonical\" href=\"https:\/\/www.webdo.tn\/fr\/actualite\/national\/l-ancien-ministre-riadh-mouakher-renvoye-devant-la-chambre-penale\/214622\/\" \/>\n<meta property=\"og:locale\" content=\"fr_FR\" \/>\n<meta property=\"og:type\" content=\"article\" \/>\n<meta property=\"og:title\" content=\"L\u2019ancien ministre Riadh Mouakher renvoy\u00e9 devant la Chambre p\u00e9nale\" \/>\n<meta property=\"og:description\" content=\"D\u00e9tenu depuis f\u00e9vrier 2023 pour suspicions de corruption financi\u00e8re et administrative \u00e0 son encontre, l\u2019ancien ministre de l\u2019Environnement Riadh Mouakher a \u00e9t\u00e9...\" \/>\n<meta property=\"og:url\" content=\"https:\/\/www.webdo.tn\/fr\/actualite\/national\/l-ancien-ministre-riadh-mouakher-renvoye-devant-la-chambre-penale\/214622\/\" \/>\n<meta property=\"og:site_name\" content=\"webdo\" \/>\n<meta property=\"article:publisher\" content=\"https:\/\/www.facebook.com\/webdotn\" \/>\n<meta property=\"article:published_time\" content=\"2024-06-06T12:21:00+00:00\" \/>\n<meta property=\"article:modified_time\" content=\"2025-05-20T22:36:32+00:00\" \/>\n<meta property=\"og:image\" content=\"https:\/\/www.webdo.tn\/fr\/wp-content\/uploads\/2024\/06\/e84c334a54000a770a46df40af0fa8cc.webp\" \/>\n\t<meta property=\"og:image:width\" content=\"750\" \/>\n\t<meta property=\"og:image:height\" content=\"400\" \/>\n\t<meta property=\"og:image:type\" content=\"image\/webp\" \/>\n<meta name=\"author\" content=\"CL\" \/>\n<meta name=\"twitter:card\" content=\"summary_large_image\" \/>\n<meta name=\"twitter:creator\" content=\"@webdo_tn\" \/>\n<meta name=\"twitter:site\" content=\"@webdo_tn\" \/>\n<meta name=\"twitter:label1\" content=\"\u00c9crit par\" \/>\n\t<meta name=\"twitter:data1\" content=\"CL\" \/>\n\t<meta name=\"twitter:label2\" content=\"Dur\u00e9e de lecture estim\u00e9e\" \/>\n\t<meta name=\"twitter:data2\" content=\"1 minute\" \/>\n<script type=\"application\/ld+json\" class=\"yoast-schema-graph\">{\"@context\":\"https:\\\/\\\/schema.org\",\"@graph\":[{\"@type\":\"NewsArticle\",\"@id\":\"https:\\\/\\\/www.webdo.tn\\\/fr\\\/actualite\\\/national\\\/l-ancien-ministre-riadh-mouakher-renvoye-devant-la-chambre-penale\\\/214622\\\/#article\",\"isPartOf\":{\"@id\":\"https:\\\/\\\/www.webdo.tn\\\/fr\\\/actualite\\\/national\\\/l-ancien-ministre-riadh-mouakher-renvoye-devant-la-chambre-penale\\\/214622\\\/\"},\"author\":{\"name\":\"CL\",\"@id\":\"https:\\\/\\\/www.webdo.tn\\\/fr\\\/#\\\/schema\\\/person\\\/f35b42a42c5e2511bbd282959d6385cc\"},\"headline\":\"L\u2019ancien ministre Riadh Mouakher renvoy\u00e9 devant la Chambre p\u00e9nale\",\"datePublished\":\"2024-06-06T12:21:00+00:00\",\"dateModified\":\"2025-05-20T22:36:32+00:00\",\"mainEntityOfPage\":{\"@id\":\"https:\\\/\\\/www.webdo.tn\\\/fr\\\/actualite\\\/national\\\/l-ancien-ministre-riadh-mouakher-renvoye-devant-la-chambre-penale\\\/214622\\\/\"},\"wordCount\":238,\"commentCount\":0,\"publisher\":{\"@id\":\"https:\\\/\\\/www.webdo.tn\\\/fr\\\/#organization\"},\"image\":{\"@id\":\"https:\\\/\\\/www.webdo.tn\\\/fr\\\/actualite\\\/national\\\/l-ancien-ministre-riadh-mouakher-renvoye-devant-la-chambre-penale\\\/214622\\\/#primaryimage\"},\"thumbnailUrl\":\"https:\\\/\\\/www.webdo.tn\\\/fr\\\/wp-content\\\/uploads\\\/2024\\\/06\\\/e84c334a54000a770a46df40af0fa8cc.webp\",\"keywords\":[\"environnement\",\"justice\",\"Riadh Mouakher\",\"Tunisie\"],\"articleSection\":[\"National\"],\"inLanguage\":\"fr-FR\"},{\"@type\":\"WebPage\",\"@id\":\"https:\\\/\\\/www.webdo.tn\\\/fr\\\/actualite\\\/national\\\/l-ancien-ministre-riadh-mouakher-renvoye-devant-la-chambre-penale\\\/214622\\\/\",\"url\":\"https:\\\/\\\/www.webdo.tn\\\/fr\\\/actualite\\\/national\\\/l-ancien-ministre-riadh-mouakher-renvoye-devant-la-chambre-penale\\\/214622\\\/\",\"name\":\"L\u2019ancien ministre Riadh Mouakher renvoy\u00e9 devant la Chambre p\u00e9nale\",\"isPartOf\":{\"@id\":\"https:\\\/\\\/www.webdo.tn\\\/fr\\\/#website\"},\"primaryImageOfPage\":{\"@id\":\"https:\\\/\\\/www.webdo.tn\\\/fr\\\/actualite\\\/national\\\/l-ancien-ministre-riadh-mouakher-renvoye-devant-la-chambre-penale\\\/214622\\\/#primaryimage\"},\"image\":{\"@id\":\"https:\\\/\\\/www.webdo.tn\\\/fr\\\/actualite\\\/national\\\/l-ancien-ministre-riadh-mouakher-renvoye-devant-la-chambre-penale\\\/214622\\\/#primaryimage\"},\"thumbnailUrl\":\"https:\\\/\\\/www.webdo.tn\\\/fr\\\/wp-content\\\/uploads\\\/2024\\\/06\\\/e84c334a54000a770a46df40af0fa8cc.webp\",\"datePublished\":\"2024-06-06T12:21:00+00:00\",\"dateModified\":\"2025-05-20T22:36:32+00:00\",\"description\":\"D\u00e9tenu depuis f\u00e9vrier 2023 pour suspicions de corruption financi\u00e8re et administrative \u00e0 son encontre, l\u2019ancien ministre de l\u2019Environnement Riadh Mouakher a \u00e9t\u00e9...\",\"breadcrumb\":{\"@id\":\"https:\\\/\\\/www.webdo.tn\\\/fr\\\/actualite\\\/national\\\/l-ancien-ministre-riadh-mouakher-renvoye-devant-la-chambre-penale\\\/214622\\\/#breadcrumb\"},\"inLanguage\":\"fr-FR\",\"potentialAction\":[{\"@type\":\"ReadAction\",\"target\":[\"https:\\\/\\\/www.webdo.tn\\\/fr\\\/actualite\\\/national\\\/l-ancien-ministre-riadh-mouakher-renvoye-devant-la-chambre-penale\\\/214622\\\/\"]}]},{\"@type\":\"ImageObject\",\"inLanguage\":\"fr-FR\",\"@id\":\"https:\\\/\\\/www.webdo.tn\\\/fr\\\/actualite\\\/national\\\/l-ancien-ministre-riadh-mouakher-renvoye-devant-la-chambre-penale\\\/214622\\\/#primaryimage\",\"url\":\"https:\\\/\\\/www.webdo.tn\\\/fr\\\/wp-content\\\/uploads\\\/2024\\\/06\\\/e84c334a54000a770a46df40af0fa8cc.webp\",\"contentUrl\":\"https:\\\/\\\/www.webdo.tn\\\/fr\\\/wp-content\\\/uploads\\\/2024\\\/06\\\/e84c334a54000a770a46df40af0fa8cc.webp\",\"width\":750,\"height\":400,\"caption\":\"L\u2019ancien ministre Riadh Mouakher renvoy\u00e9 devant la Chambre p\u00e9nale\"},{\"@type\":\"BreadcrumbList\",\"@id\":\"https:\\\/\\\/www.webdo.tn\\\/fr\\\/actualite\\\/national\\\/l-ancien-ministre-riadh-mouakher-renvoye-devant-la-chambre-penale\\\/214622\\\/#breadcrumb\",\"itemListElement\":[{\"@type\":\"ListItem\",\"position\":1,\"name\":\"Accueil\",\"item\":\"https:\\\/\\\/www.webdo.tn\\\/fr\\\/\"},{\"@type\":\"ListItem\",\"position\":2,\"name\":\"L\u2019ancien ministre Riadh Mouakher renvoy\u00e9 devant la Chambre p\u00e9nale\"}]},{\"@type\":\"WebSite\",\"@id\":\"https:\\\/\\\/www.webdo.tn\\\/fr\\\/#website\",\"url\":\"https:\\\/\\\/www.webdo.tn\\\/fr\\\/\",\"name\":\"webdo\",\"description\":\"Tunisie - News en Tunisie et \u00e0 l&#039;international sur Webdo.tn\",\"publisher\":{\"@id\":\"https:\\\/\\\/www.webdo.tn\\\/fr\\\/#organization\"},\"potentialAction\":[{\"@type\":\"SearchAction\",\"target\":{\"@type\":\"EntryPoint\",\"urlTemplate\":\"https:\\\/\\\/www.webdo.tn\\\/fr\\\/?s={search_term_string}\"},\"query-input\":{\"@type\":\"PropertyValueSpecification\",\"valueRequired\":true,\"valueName\":\"search_term_string\"}}],\"inLanguage\":\"fr-FR\"},{\"@type\":\"Organization\",\"@id\":\"https:\\\/\\\/www.webdo.tn\\\/fr\\\/#organization\",\"name\":\"Webdo\",\"alternateName\":\"Webdo.tn\",\"url\":\"https:\\\/\\\/www.webdo.tn\\\/fr\\\/\",\"logo\":{\"@type\":\"ImageObject\",\"inLanguage\":\"fr-FR\",\"@id\":\"https:\\\/\\\/www.webdo.tn\\\/fr\\\/#\\\/schema\\\/logo\\\/image\\\/\",\"url\":\"https:\\\/\\\/www.webdo.tn\\\/fr\\\/wp-content\\\/uploads\\\/2025\\\/06\\\/Webdo-Tunisie_168377.jpg\",\"contentUrl\":\"https:\\\/\\\/www.webdo.tn\\\/fr\\\/wp-content\\\/uploads\\\/2025\\\/06\\\/Webdo-Tunisie_168377.jpg\",\"width\":301,\"height\":301,\"caption\":\"Webdo\"},\"image\":{\"@id\":\"https:\\\/\\\/www.webdo.tn\\\/fr\\\/#\\\/schema\\\/logo\\\/image\\\/\"},\"sameAs\":[\"https:\\\/\\\/www.facebook.com\\\/webdotn\",\"https:\\\/\\\/x.com\\\/webdo_tn\"],\"description\":\"Webdo est un m\u00e9dia num\u00e9rique tunisien fond\u00e9 en 2010, sp\u00e9cialis\u00e9 dans l\u2019actualit\u00e9 nationale et internationale, l\u2019\u00e9conomie, la soci\u00e9t\u00e9 et les analyses politiques. Le site s\u2019adresse \u00e0 un large public francophone et couvre l\u2019information tunisienne en temps r\u00e9el.\",\"email\":\"redac@webdo.tn\",\"legalName\":\"YNJ SARL\",\"foundingDate\":\"2010-09-06\",\"numberOfEmployees\":{\"@type\":\"QuantitativeValue\",\"minValue\":\"11\",\"maxValue\":\"50\"}},{\"@type\":\"Person\",\"@id\":\"https:\\\/\\\/www.webdo.tn\\\/fr\\\/#\\\/schema\\\/person\\\/f35b42a42c5e2511bbd282959d6385cc\",\"name\":\"CL\",\"image\":{\"@type\":\"ImageObject\",\"inLanguage\":\"fr-FR\",\"@id\":\"https:\\\/\\\/secure.gravatar.com\\\/avatar\\\/1447a49909b67aa657c488aec6512e1dd6143a480c1ecfee9b5b5cd74eb3b59e?s=96&d=mm&r=g\",\"url\":\"https:\\\/\\\/secure.gravatar.com\\\/avatar\\\/1447a49909b67aa657c488aec6512e1dd6143a480c1ecfee9b5b5cd74eb3b59e?s=96&d=mm&r=g\",\"contentUrl\":\"https:\\\/\\\/secure.gravatar.com\\\/avatar\\\/1447a49909b67aa657c488aec6512e1dd6143a480c1ecfee9b5b5cd74eb3b59e?s=96&d=mm&r=g\",\"caption\":\"CL\"},\"url\":\"https:\\\/\\\/www.webdo.tn\\\/fr\\\/actualite\\\/author\\\/cl\\\/\"}]}<\/script>\n<!-- \/ Yoast SEO Premium plugin. -->","yoast_head_json":{"title":"L\u2019ancien ministre Riadh Mouakher renvoy\u00e9 devant la Chambre p\u00e9nale","description":"D\u00e9tenu depuis f\u00e9vrier 2023 pour suspicions de corruption financi\u00e8re et administrative \u00e0 son encontre, l\u2019ancien ministre de l\u2019Environnement Riadh Mouakher a \u00e9t\u00e9...","canonical":"https:\/\/www.webdo.tn\/fr\/actualite\/national\/l-ancien-ministre-riadh-mouakher-renvoye-devant-la-chambre-penale\/214622\/","og_locale":"fr_FR","og_type":"article","og_title":"L\u2019ancien ministre Riadh Mouakher renvoy\u00e9 devant la Chambre p\u00e9nale","og_description":"D\u00e9tenu depuis f\u00e9vrier 2023 pour suspicions de corruption financi\u00e8re et administrative \u00e0 son encontre, l\u2019ancien ministre de l\u2019Environnement Riadh Mouakher a \u00e9t\u00e9...","og_url":"https:\/\/www.webdo.tn\/fr\/actualite\/national\/l-ancien-ministre-riadh-mouakher-renvoye-devant-la-chambre-penale\/214622\/","og_site_name":"webdo","article_publisher":"https:\/\/www.facebook.com\/webdotn","article_published_time":"2024-06-06T12:21:00+00:00","article_modified_time":"2025-05-20T22:36:32+00:00","og_image":[{"width":750,"height":400,"url":"https:\/\/www.webdo.tn\/fr\/wp-content\/uploads\/2024\/06\/e84c334a54000a770a46df40af0fa8cc.webp","type":"image\/webp"}],"author":"CL","twitter_card":"summary_large_image","twitter_creator":"@webdo_tn","twitter_site":"@webdo_tn","twitter_misc":{"\u00c9crit par":"CL","Dur\u00e9e de lecture estim\u00e9e":"1 minute"},"schema":{"@context":"https:\/\/schema.org","@graph":[{"@type":"NewsArticle","@id":"https:\/\/www.webdo.tn\/fr\/actualite\/national\/l-ancien-ministre-riadh-mouakher-renvoye-devant-la-chambre-penale\/214622\/#article","isPartOf":{"@id":"https:\/\/www.webdo.tn\/fr\/actualite\/national\/l-ancien-ministre-riadh-mouakher-renvoye-devant-la-chambre-penale\/214622\/"},"author":{"name":"CL","@id":"https:\/\/www.webdo.tn\/fr\/#\/schema\/person\/f35b42a42c5e2511bbd282959d6385cc"},"headline":"L\u2019ancien ministre Riadh Mouakher renvoy\u00e9 devant la Chambre p\u00e9nale","datePublished":"2024-06-06T12:21:00+00:00","dateModified":"2025-05-20T22:36:32+00:00","mainEntityOfPage":{"@id":"https:\/\/www.webdo.tn\/fr\/actualite\/national\/l-ancien-ministre-riadh-mouakher-renvoye-devant-la-chambre-penale\/214622\/"},"wordCount":238,"commentCount":0,"publisher":{"@id":"https:\/\/www.webdo.tn\/fr\/#organization"},"image":{"@id":"https:\/\/www.webdo.tn\/fr\/actualite\/national\/l-ancien-ministre-riadh-mouakher-renvoye-devant-la-chambre-penale\/214622\/#primaryimage"},"thumbnailUrl":"https:\/\/www.webdo.tn\/fr\/wp-content\/uploads\/2024\/06\/e84c334a54000a770a46df40af0fa8cc.webp","keywords":["environnement","justice","Riadh Mouakher","Tunisie"],"articleSection":["National"],"inLanguage":"fr-FR"},{"@type":"WebPage","@id":"https:\/\/www.webdo.tn\/fr\/actualite\/national\/l-ancien-ministre-riadh-mouakher-renvoye-devant-la-chambre-penale\/214622\/","url":"https:\/\/www.webdo.tn\/fr\/actualite\/national\/l-ancien-ministre-riadh-mouakher-renvoye-devant-la-chambre-penale\/214622\/","name":"L\u2019ancien ministre Riadh Mouakher renvoy\u00e9 devant la Chambre p\u00e9nale","isPartOf":{"@id":"https:\/\/www.webdo.tn\/fr\/#website"},"primaryImageOfPage":{"@id":"https:\/\/www.webdo.tn\/fr\/actualite\/national\/l-ancien-ministre-riadh-mouakher-renvoye-devant-la-chambre-penale\/214622\/#primaryimage"},"image":{"@id":"https:\/\/www.webdo.tn\/fr\/actualite\/national\/l-ancien-ministre-riadh-mouakher-renvoye-devant-la-chambre-penale\/214622\/#primaryimage"},"thumbnailUrl":"https:\/\/www.webdo.tn\/fr\/wp-content\/uploads\/2024\/06\/e84c334a54000a770a46df40af0fa8cc.webp","datePublished":"2024-06-06T12:21:00+00:00","dateModified":"2025-05-20T22:36:32+00:00","description":"D\u00e9tenu depuis f\u00e9vrier 2023 pour suspicions de corruption financi\u00e8re et administrative \u00e0 son encontre, l\u2019ancien ministre de l\u2019Environnement Riadh Mouakher a \u00e9t\u00e9...","breadcrumb":{"@id":"https:\/\/www.webdo.tn\/fr\/actualite\/national\/l-ancien-ministre-riadh-mouakher-renvoye-devant-la-chambre-penale\/214622\/#breadcrumb"},"inLanguage":"fr-FR","potentialAction":[{"@type":"ReadAction","target":["https:\/\/www.webdo.tn\/fr\/actualite\/national\/l-ancien-ministre-riadh-mouakher-renvoye-devant-la-chambre-penale\/214622\/"]}]},{"@type":"ImageObject","inLanguage":"fr-FR","@id":"https:\/\/www.webdo.tn\/fr\/actualite\/national\/l-ancien-ministre-riadh-mouakher-renvoye-devant-la-chambre-penale\/214622\/#primaryimage","url":"https:\/\/www.webdo.tn\/fr\/wp-content\/uploads\/2024\/06\/e84c334a54000a770a46df40af0fa8cc.webp","contentUrl":"https:\/\/www.webdo.tn\/fr\/wp-content\/uploads\/2024\/06\/e84c334a54000a770a46df40af0fa8cc.webp","width":750,"height":400,"caption":"L\u2019ancien ministre Riadh Mouakher renvoy\u00e9 devant la Chambre p\u00e9nale"},{"@type":"BreadcrumbList","@id":"https:\/\/www.webdo.tn\/fr\/actualite\/national\/l-ancien-ministre-riadh-mouakher-renvoye-devant-la-chambre-penale\/214622\/#breadcrumb","itemListElement":[{"@type":"ListItem","position":1,"name":"Accueil","item":"https:\/\/www.webdo.tn\/fr\/"},{"@type":"ListItem","position":2,"name":"L\u2019ancien ministre Riadh Mouakher renvoy\u00e9 devant la Chambre p\u00e9nale"}]},{"@type":"WebSite","@id":"https:\/\/www.webdo.tn\/fr\/#website","url":"https:\/\/www.webdo.tn\/fr\/","name":"webdo","description":"Tunisie - News en Tunisie et \u00e0 l&#039;international sur Webdo.tn","publisher":{"@id":"https:\/\/www.webdo.tn\/fr\/#organization"},"potentialAction":[{"@type":"SearchAction","target":{"@type":"EntryPoint","urlTemplate":"https:\/\/www.webdo.tn\/fr\/?s={search_term_string}"},"query-input":{"@type":"PropertyValueSpecification","valueRequired":true,"valueName":"search_term_string"}}],"inLanguage":"fr-FR"},{"@type":"Organization","@id":"https:\/\/www.webdo.tn\/fr\/#organization","name":"Webdo","alternateName":"Webdo.tn","url":"https:\/\/www.webdo.tn\/fr\/","logo":{"@type":"ImageObject","inLanguage":"fr-FR","@id":"https:\/\/www.webdo.tn\/fr\/#\/schema\/logo\/image\/","url":"https:\/\/www.webdo.tn\/fr\/wp-content\/uploads\/2025\/06\/Webdo-Tunisie_168377.jpg","contentUrl":"https:\/\/www.webdo.tn\/fr\/wp-content\/uploads\/2025\/06\/Webdo-Tunisie_168377.jpg","width":301,"height":301,"caption":"Webdo"},"image":{"@id":"https:\/\/www.webdo.tn\/fr\/#\/schema\/logo\/image\/"},"sameAs":["https:\/\/www.facebook.com\/webdotn","https:\/\/x.com\/webdo_tn"],"description":"Webdo est un m\u00e9dia num\u00e9rique tunisien fond\u00e9 en 2010, sp\u00e9cialis\u00e9 dans l\u2019actualit\u00e9 nationale et internationale, l\u2019\u00e9conomie, la soci\u00e9t\u00e9 et les analyses politiques. Le site s\u2019adresse \u00e0 un large public francophone et couvre l\u2019information tunisienne en temps r\u00e9el.","email":"redac@webdo.tn","legalName":"YNJ SARL","foundingDate":"2010-09-06","numberOfEmployees":{"@type":"QuantitativeValue","minValue":"11","maxValue":"50"}},{"@type":"Person","@id":"https:\/\/www.webdo.tn\/fr\/#\/schema\/person\/f35b42a42c5e2511bbd282959d6385cc","name":"CL","image":{"@type":"ImageObject","inLanguage":"fr-FR","@id":"https:\/\/secure.gravatar.com\/avatar\/1447a49909b67aa657c488aec6512e1dd6143a480c1ecfee9b5b5cd74eb3b59e?s=96&d=mm&r=g","url":"https:\/\/secure.gravatar.com\/avatar\/1447a49909b67aa657c488aec6512e1dd6143a480c1ecfee9b5b5cd74eb3b59e?s=96&d=mm&r=g","contentUrl":"https:\/\/secure.gravatar.com\/avatar\/1447a49909b67aa657c488aec6512e1dd6143a480c1ecfee9b5b5cd74eb3b59e?s=96&d=mm&r=g","caption":"CL"},"url":"https:\/\/www.webdo.tn\/fr\/actualite\/author\/cl\/"}]}},"_links":{"self":[{"href":"https:\/\/www.webdo.tn\/fr\/wp-json\/wp\/v2\/posts\/214622","targetHints":{"allow":["GET"]}}],"collection":[{"href":"https:\/\/www.webdo.tn\/fr\/wp-json\/wp\/v2\/posts"}],"about":[{"href":"https:\/\/www.webdo.tn\/fr\/wp-json\/wp\/v2\/types\/post"}],"author":[{"embeddable":true,"href":"https:\/\/www.webdo.tn\/fr\/wp-json\/wp\/v2\/users\/3175"}],"replies":[{"embeddable":true,"href":"https:\/\/www.webdo.tn\/fr\/wp-json\/wp\/v2\/comments?post=214622"}],"version-history":[{"count":0,"href":"https:\/\/www.webdo.tn\/fr\/wp-json\/wp\/v2\/posts\/214622\/revisions"}],"wp:featuredmedia":[{"embeddable":true,"href":"https:\/\/www.webdo.tn\/fr\/wp-json\/wp\/v2\/media\/247229"}],"wp:attachment":[{"href":"https:\/\/www.webdo.tn\/fr\/wp-json\/wp\/v2\/media?parent=214622"}],"wp:term":[{"taxonomy":"category","embeddable":true,"href":"https:\/\/www.webdo.tn\/fr\/wp-json\/wp\/v2\/categories?post=214622"},{"taxonomy":"post_tag","embeddable":true,"href":"https:\/\/www.webdo.tn\/fr\/wp-json\/wp\/v2\/tags?post=214622"}],"curies":[{"name":"wp","href":"https:\/\/api.w.org\/{rel}","templated":true}]}}