{"id":214611,"date":"2024-06-05T20:51:00","date_gmt":"2024-06-05T20:51:00","guid":{"rendered":"https:\/\/www.webdo.tn\/fr\/blog\/dossier-ghannouchi-accusations-graves-apres-la-fin-de-l-instruction\/214611\/"},"modified":"2024-06-05T20:51:00","modified_gmt":"2024-06-05T20:51:00","slug":"dossier-ghannouchi-accusations-graves-apres-la-fin-de-l-instruction","status":"publish","type":"post","link":"https:\/\/www.webdo.tn\/fr\/actualite\/national\/dossier-ghannouchi-accusations-graves-apres-la-fin-de-l-instruction\/214611\/","title":{"rendered":"Dossier Ghannouchi : Accusations graves apr\u00e8s la fin de l&rsquo;instruction"},"content":{"rendered":"<p>L&rsquo;instruction concernant Rached Ghannouchi, Rafik Abdessalem, Maher Zid, Youssef Nouri, Ahmed Mechergui, Mohamed Samti et Mokded Mejri a \u00e9t\u00e9 cl\u00f4tur\u00e9e par le juge d&rsquo;instruction du Tribunal de premi\u00e8re instance de Tunis. Mohamed Zitouna, porte-parole de ce tribunal, a annonc\u00e9 cette conclusion aux m\u00e9dias ce mercredi 5 juin.<\/p>\n<p>\t\t\t\t\t\t\t\t\tLes accus\u00e9s font face \u00e0 deux chefs d&rsquo;inculpation : complot visant \u00e0 porter atteinte \u00e0 la s\u00fbret\u00e9 int\u00e9rieure et \u00e0 changer la forme du gouvernement, ainsi qu&rsquo;incitation des citoyens \u00e0 s&rsquo;armer les uns contre les autres. Ces accusations sont fond\u00e9es sur les articles 68 et 72 du Code p\u00e9nal. Suite \u00e0 cette cl\u00f4ture d&rsquo;instruction, les accus\u00e9s ont \u00e9t\u00e9 renvoy\u00e9s devant la chambre des mises en accusation de la Cour d&rsquo;appel de Tunis.<\/p>\n<p>Les faits remontent au mois de ramadan 2023, p\u00e9riode durant laquelle un enregistrement d&rsquo;une r\u00e9union entre certains des accus\u00e9s a \u00e9t\u00e9 diffus\u00e9 sur les r\u00e9seaux sociaux. Cet enregistrement, selon Mohamed Zitouna, contenait un appel \u00e0 la d\u00e9sob\u00e9issance et avait \u00e9t\u00e9 largement partag\u00e9 sur des pages incitant contre les structures de l&rsquo;\u00c9tat.<\/p>\n<p>Mohamed Zitouna a \u00e9galement mentionn\u00e9 que les perquisitions men\u00e9es au domicile de Rached Ghannouchi et dans d&rsquo;autres lieux li\u00e9s \u00e0 lui ont r\u00e9v\u00e9l\u00e9 des preuves impliquant les autres accus\u00e9s. Ces preuves incluent des plans visant \u00e0 inciter contre les structures de l&rsquo;\u00c9tat, la formation de groupes destin\u00e9s \u00e0 mettre en \u0153uvre ces plans, et la pr\u00e9paration de quartiers g\u00e9n\u00e9raux secrets. Des ressources financi\u00e8res ont \u00e9t\u00e9 mobilis\u00e9es pour ces actions, et les r\u00e9seaux sociaux ont \u00e9t\u00e9 utilis\u00e9s pour propager des rumeurs et des fausses informations, dans le but de susciter la d\u00e9sob\u00e9issance et de cr\u00e9er une confusion entre le peuple et les structures de l&rsquo;\u00c9tat.<\/p>\n","protected":false},"excerpt":{"rendered":"<p>La cl\u00f4ture de l&rsquo;instruction dans l&rsquo;affaire impliquant Rached Ghannouchi et ses associ\u00e9s r\u00e9v\u00e8le des accusations graves, incluant un complot contre la s\u00fbret\u00e9 int\u00e9&#8230;<\/p>\n","protected":false},"author":4782,"featured_media":247224,"comment_status":"open","ping_status":"closed","sticky":false,"template":"","format":"standard","meta":{"footnotes":""},"categories":[44],"tags":[4127,2608],"class_list":["post-214611","post","type-post","status-publish","format-standard","has-post-thumbnail","hentry","category-national","tag-ghannouchi","tag-tunisie"],"yoast_head":"<!-- This site is optimized with the Yoast SEO Premium plugin v27.4 (Yoast SEO v27.5) - https:\/\/yoast.com\/product\/yoast-seo-premium-wordpress\/ -->\n<title>Dossier Ghannouchi : Accusations graves apr\u00e8s la fin de l&#039;instruction<\/title>\n<meta name=\"description\" content=\"La cl\u00f4ture de l&#039;instruction dans l&#039;affaire impliquant Rached Ghannouchi et ses associ\u00e9s r\u00e9v\u00e8le des accusations graves, incluant un complot contre la s\u00fbret\u00e9 int\u00e9...\" \/>\n<link rel=\"canonical\" href=\"https:\/\/www.webdo.tn\/fr\/actualite\/national\/dossier-ghannouchi-accusations-graves-apres-la-fin-de-l-instruction\/214611\/\" \/>\n<meta property=\"og:locale\" content=\"fr_FR\" \/>\n<meta property=\"og:type\" content=\"article\" \/>\n<meta property=\"og:title\" content=\"Dossier Ghannouchi : Accusations graves apr\u00e8s la fin de l&#039;instruction\" \/>\n<meta property=\"og:description\" content=\"La cl\u00f4ture de l&#039;instruction dans l&#039;affaire impliquant Rached Ghannouchi et ses associ\u00e9s r\u00e9v\u00e8le des accusations graves, incluant un complot contre la s\u00fbret\u00e9 int\u00e9...\" \/>\n<meta property=\"og:url\" content=\"https:\/\/www.webdo.tn\/fr\/actualite\/national\/dossier-ghannouchi-accusations-graves-apres-la-fin-de-l-instruction\/214611\/\" \/>\n<meta property=\"og:site_name\" content=\"webdo\" \/>\n<meta property=\"article:publisher\" content=\"https:\/\/www.facebook.com\/webdotn\" \/>\n<meta property=\"article:published_time\" content=\"2024-06-05T20:51:00+00:00\" \/>\n<meta property=\"og:image\" content=\"https:\/\/www.webdo.tn\/fr\/wp-content\/uploads\/2024\/06\/9b899f73dd6d7e0e7f8ae8e43c8f4d8e.webp\" \/>\n\t<meta property=\"og:image:width\" content=\"750\" \/>\n\t<meta property=\"og:image:height\" content=\"400\" \/>\n\t<meta property=\"og:image:type\" content=\"image\/webp\" \/>\n<meta name=\"author\" content=\"Mohamed Fethi\" \/>\n<meta name=\"twitter:card\" content=\"summary_large_image\" \/>\n<meta name=\"twitter:creator\" content=\"@webdo_tn\" \/>\n<meta name=\"twitter:site\" content=\"@webdo_tn\" \/>\n<meta name=\"twitter:label1\" content=\"\u00c9crit par\" \/>\n\t<meta name=\"twitter:data1\" content=\"Mohamed Fethi\" \/>\n\t<meta name=\"twitter:label2\" content=\"Dur\u00e9e de lecture estim\u00e9e\" \/>\n\t<meta name=\"twitter:data2\" content=\"1 minute\" \/>\n<script type=\"application\/ld+json\" class=\"yoast-schema-graph\">{\"@context\":\"https:\\\/\\\/schema.org\",\"@graph\":[{\"@type\":\"NewsArticle\",\"@id\":\"https:\\\/\\\/www.webdo.tn\\\/fr\\\/actualite\\\/national\\\/dossier-ghannouchi-accusations-graves-apres-la-fin-de-l-instruction\\\/214611\\\/#article\",\"isPartOf\":{\"@id\":\"https:\\\/\\\/www.webdo.tn\\\/fr\\\/actualite\\\/national\\\/dossier-ghannouchi-accusations-graves-apres-la-fin-de-l-instruction\\\/214611\\\/\"},\"author\":{\"name\":\"Mohamed Fethi\",\"@id\":\"https:\\\/\\\/www.webdo.tn\\\/fr\\\/#\\\/schema\\\/person\\\/16a4857e77dfc0b610c4c2cadffc9ac4\"},\"headline\":\"Dossier Ghannouchi : Accusations graves apr\u00e8s la fin de l&rsquo;instruction\",\"datePublished\":\"2024-06-05T20:51:00+00:00\",\"mainEntityOfPage\":{\"@id\":\"https:\\\/\\\/www.webdo.tn\\\/fr\\\/actualite\\\/national\\\/dossier-ghannouchi-accusations-graves-apres-la-fin-de-l-instruction\\\/214611\\\/\"},\"wordCount\":316,\"commentCount\":0,\"publisher\":{\"@id\":\"https:\\\/\\\/www.webdo.tn\\\/fr\\\/#organization\"},\"image\":{\"@id\":\"https:\\\/\\\/www.webdo.tn\\\/fr\\\/actualite\\\/national\\\/dossier-ghannouchi-accusations-graves-apres-la-fin-de-l-instruction\\\/214611\\\/#primaryimage\"},\"thumbnailUrl\":\"https:\\\/\\\/www.webdo.tn\\\/fr\\\/wp-content\\\/uploads\\\/2024\\\/06\\\/9b899f73dd6d7e0e7f8ae8e43c8f4d8e.webp\",\"keywords\":[\"Ghannouchi\",\"Tunisie\"],\"articleSection\":[\"National\"],\"inLanguage\":\"fr-FR\"},{\"@type\":\"WebPage\",\"@id\":\"https:\\\/\\\/www.webdo.tn\\\/fr\\\/actualite\\\/national\\\/dossier-ghannouchi-accusations-graves-apres-la-fin-de-l-instruction\\\/214611\\\/\",\"url\":\"https:\\\/\\\/www.webdo.tn\\\/fr\\\/actualite\\\/national\\\/dossier-ghannouchi-accusations-graves-apres-la-fin-de-l-instruction\\\/214611\\\/\",\"name\":\"Dossier Ghannouchi : Accusations graves apr\u00e8s la fin de l'instruction\",\"isPartOf\":{\"@id\":\"https:\\\/\\\/www.webdo.tn\\\/fr\\\/#website\"},\"primaryImageOfPage\":{\"@id\":\"https:\\\/\\\/www.webdo.tn\\\/fr\\\/actualite\\\/national\\\/dossier-ghannouchi-accusations-graves-apres-la-fin-de-l-instruction\\\/214611\\\/#primaryimage\"},\"image\":{\"@id\":\"https:\\\/\\\/www.webdo.tn\\\/fr\\\/actualite\\\/national\\\/dossier-ghannouchi-accusations-graves-apres-la-fin-de-l-instruction\\\/214611\\\/#primaryimage\"},\"thumbnailUrl\":\"https:\\\/\\\/www.webdo.tn\\\/fr\\\/wp-content\\\/uploads\\\/2024\\\/06\\\/9b899f73dd6d7e0e7f8ae8e43c8f4d8e.webp\",\"datePublished\":\"2024-06-05T20:51:00+00:00\",\"description\":\"La cl\u00f4ture de l'instruction dans l'affaire impliquant Rached Ghannouchi et ses associ\u00e9s r\u00e9v\u00e8le des accusations graves, incluant un complot contre la s\u00fbret\u00e9 int\u00e9...\",\"breadcrumb\":{\"@id\":\"https:\\\/\\\/www.webdo.tn\\\/fr\\\/actualite\\\/national\\\/dossier-ghannouchi-accusations-graves-apres-la-fin-de-l-instruction\\\/214611\\\/#breadcrumb\"},\"inLanguage\":\"fr-FR\",\"potentialAction\":[{\"@type\":\"ReadAction\",\"target\":[\"https:\\\/\\\/www.webdo.tn\\\/fr\\\/actualite\\\/national\\\/dossier-ghannouchi-accusations-graves-apres-la-fin-de-l-instruction\\\/214611\\\/\"]}]},{\"@type\":\"ImageObject\",\"inLanguage\":\"fr-FR\",\"@id\":\"https:\\\/\\\/www.webdo.tn\\\/fr\\\/actualite\\\/national\\\/dossier-ghannouchi-accusations-graves-apres-la-fin-de-l-instruction\\\/214611\\\/#primaryimage\",\"url\":\"https:\\\/\\\/www.webdo.tn\\\/fr\\\/wp-content\\\/uploads\\\/2024\\\/06\\\/9b899f73dd6d7e0e7f8ae8e43c8f4d8e.webp\",\"contentUrl\":\"https:\\\/\\\/www.webdo.tn\\\/fr\\\/wp-content\\\/uploads\\\/2024\\\/06\\\/9b899f73dd6d7e0e7f8ae8e43c8f4d8e.webp\",\"width\":750,\"height\":400,\"caption\":\"Dossier Ghannouchi : Accusations graves apr\u00e8s la fin de l'instruction\"},{\"@type\":\"BreadcrumbList\",\"@id\":\"https:\\\/\\\/www.webdo.tn\\\/fr\\\/actualite\\\/national\\\/dossier-ghannouchi-accusations-graves-apres-la-fin-de-l-instruction\\\/214611\\\/#breadcrumb\",\"itemListElement\":[{\"@type\":\"ListItem\",\"position\":1,\"name\":\"Accueil\",\"item\":\"https:\\\/\\\/www.webdo.tn\\\/fr\\\/\"},{\"@type\":\"ListItem\",\"position\":2,\"name\":\"Dossier Ghannouchi : Accusations graves apr\u00e8s la fin de l&#8217;instruction\"}]},{\"@type\":\"WebSite\",\"@id\":\"https:\\\/\\\/www.webdo.tn\\\/fr\\\/#website\",\"url\":\"https:\\\/\\\/www.webdo.tn\\\/fr\\\/\",\"name\":\"webdo\",\"description\":\"Tunisie - News en Tunisie et \u00e0 l&#039;international sur Webdo.tn\",\"publisher\":{\"@id\":\"https:\\\/\\\/www.webdo.tn\\\/fr\\\/#organization\"},\"potentialAction\":[{\"@type\":\"SearchAction\",\"target\":{\"@type\":\"EntryPoint\",\"urlTemplate\":\"https:\\\/\\\/www.webdo.tn\\\/fr\\\/?s={search_term_string}\"},\"query-input\":{\"@type\":\"PropertyValueSpecification\",\"valueRequired\":true,\"valueName\":\"search_term_string\"}}],\"inLanguage\":\"fr-FR\"},{\"@type\":\"Organization\",\"@id\":\"https:\\\/\\\/www.webdo.tn\\\/fr\\\/#organization\",\"name\":\"Webdo\",\"alternateName\":\"Webdo.tn\",\"url\":\"https:\\\/\\\/www.webdo.tn\\\/fr\\\/\",\"logo\":{\"@type\":\"ImageObject\",\"inLanguage\":\"fr-FR\",\"@id\":\"https:\\\/\\\/www.webdo.tn\\\/fr\\\/#\\\/schema\\\/logo\\\/image\\\/\",\"url\":\"https:\\\/\\\/www.webdo.tn\\\/fr\\\/wp-content\\\/uploads\\\/2025\\\/06\\\/Webdo-Tunisie_168377.jpg\",\"contentUrl\":\"https:\\\/\\\/www.webdo.tn\\\/fr\\\/wp-content\\\/uploads\\\/2025\\\/06\\\/Webdo-Tunisie_168377.jpg\",\"width\":301,\"height\":301,\"caption\":\"Webdo\"},\"image\":{\"@id\":\"https:\\\/\\\/www.webdo.tn\\\/fr\\\/#\\\/schema\\\/logo\\\/image\\\/\"},\"sameAs\":[\"https:\\\/\\\/www.facebook.com\\\/webdotn\",\"https:\\\/\\\/x.com\\\/webdo_tn\"],\"description\":\"Webdo est un m\u00e9dia num\u00e9rique tunisien fond\u00e9 en 2010, sp\u00e9cialis\u00e9 dans l\u2019actualit\u00e9 nationale et internationale, l\u2019\u00e9conomie, la soci\u00e9t\u00e9 et les analyses politiques. Le site s\u2019adresse \u00e0 un large public francophone et couvre l\u2019information tunisienne en temps r\u00e9el.\",\"email\":\"redac@webdo.tn\",\"legalName\":\"YNJ SARL\",\"foundingDate\":\"2010-09-06\",\"numberOfEmployees\":{\"@type\":\"QuantitativeValue\",\"minValue\":\"11\",\"maxValue\":\"50\"}},{\"@type\":\"Person\",\"@id\":\"https:\\\/\\\/www.webdo.tn\\\/fr\\\/#\\\/schema\\\/person\\\/16a4857e77dfc0b610c4c2cadffc9ac4\",\"name\":\"Mohamed Fethi\",\"image\":{\"@type\":\"ImageObject\",\"inLanguage\":\"fr-FR\",\"@id\":\"https:\\\/\\\/www.webdo.tn\\\/fr\\\/wp-content\\\/uploads\\\/2026\\\/04\\\/mohamed-fethi_avatar_1-96x96.jpg\",\"url\":\"https:\\\/\\\/www.webdo.tn\\\/fr\\\/wp-content\\\/uploads\\\/2026\\\/04\\\/mohamed-fethi_avatar_1-96x96.jpg\",\"contentUrl\":\"https:\\\/\\\/www.webdo.tn\\\/fr\\\/wp-content\\\/uploads\\\/2026\\\/04\\\/mohamed-fethi_avatar_1-96x96.jpg\",\"caption\":\"Mohamed Fethi\"},\"description\":\"Signature \u00e9ditoriale de Maher Chaabane Mohamed Fethi est le pseudonyme \u00e9ditorial de Maher Chaabane, r\u00e9dacteur en chef de Webdo.tn depuis 2012. Cette signature est d\u00e9di\u00e9e au traitement intensif de l'actualit\u00e9 nationale et internationale en temps r\u00e9el. S'appuyant sur les deux d\u00e9cennies d'expertise journalistique de Maher Chaabane \u2014 d\u00e9but\u00e9e au sein du groupe Tunis Hebdo en 2000 \u2014 Mohamed Fethi assure une veille rigoureuse sur les enjeux politiques, \u00e9conomiques et sportifs. Sa mission est de garantir une information structur\u00e9e, fluide et fid\u00e8le aux standards de la r\u00e9daction. Pour consulter le parcours complet du r\u00e9dacteur en chef, visitez le profil officiel de Maher Chaabane.\",\"knowsAbout\":[\"actualit\u00e9\",\"journalisme\",\"information\",\"politique\",\"sport\",\"m\u00e9dias\",\"actualit\u00e9 internationale\"],\"knowsLanguage\":[\"Fran\u00e7ais\",\"Arabe\"],\"jobTitle\":\"Journaliste \u2013 R\u00e9daction Webdo\",\"worksFor\":\"Webdo.tn\",\"url\":\"https:\\\/\\\/www.webdo.tn\\\/fr\\\/actualite\\\/author\\\/mohamed-fethi\\\/\"}]}<\/script>\n<!-- \/ Yoast SEO Premium plugin. -->","yoast_head_json":{"title":"Dossier Ghannouchi : Accusations graves apr\u00e8s la fin de l'instruction","description":"La cl\u00f4ture de l'instruction dans l'affaire impliquant Rached Ghannouchi et ses associ\u00e9s r\u00e9v\u00e8le des accusations graves, incluant un complot contre la s\u00fbret\u00e9 int\u00e9...","canonical":"https:\/\/www.webdo.tn\/fr\/actualite\/national\/dossier-ghannouchi-accusations-graves-apres-la-fin-de-l-instruction\/214611\/","og_locale":"fr_FR","og_type":"article","og_title":"Dossier Ghannouchi : Accusations graves apr\u00e8s la fin de l'instruction","og_description":"La cl\u00f4ture de l'instruction dans l'affaire impliquant Rached Ghannouchi et ses associ\u00e9s r\u00e9v\u00e8le des accusations graves, incluant un complot contre la s\u00fbret\u00e9 int\u00e9...","og_url":"https:\/\/www.webdo.tn\/fr\/actualite\/national\/dossier-ghannouchi-accusations-graves-apres-la-fin-de-l-instruction\/214611\/","og_site_name":"webdo","article_publisher":"https:\/\/www.facebook.com\/webdotn","article_published_time":"2024-06-05T20:51:00+00:00","og_image":[{"width":750,"height":400,"url":"https:\/\/www.webdo.tn\/fr\/wp-content\/uploads\/2024\/06\/9b899f73dd6d7e0e7f8ae8e43c8f4d8e.webp","type":"image\/webp"}],"author":"Mohamed Fethi","twitter_card":"summary_large_image","twitter_creator":"@webdo_tn","twitter_site":"@webdo_tn","twitter_misc":{"\u00c9crit par":"Mohamed Fethi","Dur\u00e9e de lecture estim\u00e9e":"1 minute"},"schema":{"@context":"https:\/\/schema.org","@graph":[{"@type":"NewsArticle","@id":"https:\/\/www.webdo.tn\/fr\/actualite\/national\/dossier-ghannouchi-accusations-graves-apres-la-fin-de-l-instruction\/214611\/#article","isPartOf":{"@id":"https:\/\/www.webdo.tn\/fr\/actualite\/national\/dossier-ghannouchi-accusations-graves-apres-la-fin-de-l-instruction\/214611\/"},"author":{"name":"Mohamed Fethi","@id":"https:\/\/www.webdo.tn\/fr\/#\/schema\/person\/16a4857e77dfc0b610c4c2cadffc9ac4"},"headline":"Dossier Ghannouchi : Accusations graves apr\u00e8s la fin de l&rsquo;instruction","datePublished":"2024-06-05T20:51:00+00:00","mainEntityOfPage":{"@id":"https:\/\/www.webdo.tn\/fr\/actualite\/national\/dossier-ghannouchi-accusations-graves-apres-la-fin-de-l-instruction\/214611\/"},"wordCount":316,"commentCount":0,"publisher":{"@id":"https:\/\/www.webdo.tn\/fr\/#organization"},"image":{"@id":"https:\/\/www.webdo.tn\/fr\/actualite\/national\/dossier-ghannouchi-accusations-graves-apres-la-fin-de-l-instruction\/214611\/#primaryimage"},"thumbnailUrl":"https:\/\/www.webdo.tn\/fr\/wp-content\/uploads\/2024\/06\/9b899f73dd6d7e0e7f8ae8e43c8f4d8e.webp","keywords":["Ghannouchi","Tunisie"],"articleSection":["National"],"inLanguage":"fr-FR"},{"@type":"WebPage","@id":"https:\/\/www.webdo.tn\/fr\/actualite\/national\/dossier-ghannouchi-accusations-graves-apres-la-fin-de-l-instruction\/214611\/","url":"https:\/\/www.webdo.tn\/fr\/actualite\/national\/dossier-ghannouchi-accusations-graves-apres-la-fin-de-l-instruction\/214611\/","name":"Dossier Ghannouchi : Accusations graves apr\u00e8s la fin de l'instruction","isPartOf":{"@id":"https:\/\/www.webdo.tn\/fr\/#website"},"primaryImageOfPage":{"@id":"https:\/\/www.webdo.tn\/fr\/actualite\/national\/dossier-ghannouchi-accusations-graves-apres-la-fin-de-l-instruction\/214611\/#primaryimage"},"image":{"@id":"https:\/\/www.webdo.tn\/fr\/actualite\/national\/dossier-ghannouchi-accusations-graves-apres-la-fin-de-l-instruction\/214611\/#primaryimage"},"thumbnailUrl":"https:\/\/www.webdo.tn\/fr\/wp-content\/uploads\/2024\/06\/9b899f73dd6d7e0e7f8ae8e43c8f4d8e.webp","datePublished":"2024-06-05T20:51:00+00:00","description":"La cl\u00f4ture de l'instruction dans l'affaire impliquant Rached Ghannouchi et ses associ\u00e9s r\u00e9v\u00e8le des accusations graves, incluant un complot contre la s\u00fbret\u00e9 int\u00e9...","breadcrumb":{"@id":"https:\/\/www.webdo.tn\/fr\/actualite\/national\/dossier-ghannouchi-accusations-graves-apres-la-fin-de-l-instruction\/214611\/#breadcrumb"},"inLanguage":"fr-FR","potentialAction":[{"@type":"ReadAction","target":["https:\/\/www.webdo.tn\/fr\/actualite\/national\/dossier-ghannouchi-accusations-graves-apres-la-fin-de-l-instruction\/214611\/"]}]},{"@type":"ImageObject","inLanguage":"fr-FR","@id":"https:\/\/www.webdo.tn\/fr\/actualite\/national\/dossier-ghannouchi-accusations-graves-apres-la-fin-de-l-instruction\/214611\/#primaryimage","url":"https:\/\/www.webdo.tn\/fr\/wp-content\/uploads\/2024\/06\/9b899f73dd6d7e0e7f8ae8e43c8f4d8e.webp","contentUrl":"https:\/\/www.webdo.tn\/fr\/wp-content\/uploads\/2024\/06\/9b899f73dd6d7e0e7f8ae8e43c8f4d8e.webp","width":750,"height":400,"caption":"Dossier Ghannouchi : Accusations graves apr\u00e8s la fin de l'instruction"},{"@type":"BreadcrumbList","@id":"https:\/\/www.webdo.tn\/fr\/actualite\/national\/dossier-ghannouchi-accusations-graves-apres-la-fin-de-l-instruction\/214611\/#breadcrumb","itemListElement":[{"@type":"ListItem","position":1,"name":"Accueil","item":"https:\/\/www.webdo.tn\/fr\/"},{"@type":"ListItem","position":2,"name":"Dossier Ghannouchi : Accusations graves apr\u00e8s la fin de l&#8217;instruction"}]},{"@type":"WebSite","@id":"https:\/\/www.webdo.tn\/fr\/#website","url":"https:\/\/www.webdo.tn\/fr\/","name":"webdo","description":"Tunisie - News en Tunisie et \u00e0 l&#039;international sur Webdo.tn","publisher":{"@id":"https:\/\/www.webdo.tn\/fr\/#organization"},"potentialAction":[{"@type":"SearchAction","target":{"@type":"EntryPoint","urlTemplate":"https:\/\/www.webdo.tn\/fr\/?s={search_term_string}"},"query-input":{"@type":"PropertyValueSpecification","valueRequired":true,"valueName":"search_term_string"}}],"inLanguage":"fr-FR"},{"@type":"Organization","@id":"https:\/\/www.webdo.tn\/fr\/#organization","name":"Webdo","alternateName":"Webdo.tn","url":"https:\/\/www.webdo.tn\/fr\/","logo":{"@type":"ImageObject","inLanguage":"fr-FR","@id":"https:\/\/www.webdo.tn\/fr\/#\/schema\/logo\/image\/","url":"https:\/\/www.webdo.tn\/fr\/wp-content\/uploads\/2025\/06\/Webdo-Tunisie_168377.jpg","contentUrl":"https:\/\/www.webdo.tn\/fr\/wp-content\/uploads\/2025\/06\/Webdo-Tunisie_168377.jpg","width":301,"height":301,"caption":"Webdo"},"image":{"@id":"https:\/\/www.webdo.tn\/fr\/#\/schema\/logo\/image\/"},"sameAs":["https:\/\/www.facebook.com\/webdotn","https:\/\/x.com\/webdo_tn"],"description":"Webdo est un m\u00e9dia num\u00e9rique tunisien fond\u00e9 en 2010, sp\u00e9cialis\u00e9 dans l\u2019actualit\u00e9 nationale et internationale, l\u2019\u00e9conomie, la soci\u00e9t\u00e9 et les analyses politiques. Le site s\u2019adresse \u00e0 un large public francophone et couvre l\u2019information tunisienne en temps r\u00e9el.","email":"redac@webdo.tn","legalName":"YNJ SARL","foundingDate":"2010-09-06","numberOfEmployees":{"@type":"QuantitativeValue","minValue":"11","maxValue":"50"}},{"@type":"Person","@id":"https:\/\/www.webdo.tn\/fr\/#\/schema\/person\/16a4857e77dfc0b610c4c2cadffc9ac4","name":"Mohamed Fethi","image":{"@type":"ImageObject","inLanguage":"fr-FR","@id":"https:\/\/www.webdo.tn\/fr\/wp-content\/uploads\/2026\/04\/mohamed-fethi_avatar_1-96x96.jpg","url":"https:\/\/www.webdo.tn\/fr\/wp-content\/uploads\/2026\/04\/mohamed-fethi_avatar_1-96x96.jpg","contentUrl":"https:\/\/www.webdo.tn\/fr\/wp-content\/uploads\/2026\/04\/mohamed-fethi_avatar_1-96x96.jpg","caption":"Mohamed Fethi"},"description":"Signature \u00e9ditoriale de Maher Chaabane Mohamed Fethi est le pseudonyme \u00e9ditorial de Maher Chaabane, r\u00e9dacteur en chef de Webdo.tn depuis 2012. Cette signature est d\u00e9di\u00e9e au traitement intensif de l'actualit\u00e9 nationale et internationale en temps r\u00e9el. S'appuyant sur les deux d\u00e9cennies d'expertise journalistique de Maher Chaabane \u2014 d\u00e9but\u00e9e au sein du groupe Tunis Hebdo en 2000 \u2014 Mohamed Fethi assure une veille rigoureuse sur les enjeux politiques, \u00e9conomiques et sportifs. Sa mission est de garantir une information structur\u00e9e, fluide et fid\u00e8le aux standards de la r\u00e9daction. Pour consulter le parcours complet du r\u00e9dacteur en chef, visitez le profil officiel de Maher Chaabane.","knowsAbout":["actualit\u00e9","journalisme","information","politique","sport","m\u00e9dias","actualit\u00e9 internationale"],"knowsLanguage":["Fran\u00e7ais","Arabe"],"jobTitle":"Journaliste \u2013 R\u00e9daction Webdo","worksFor":"Webdo.tn","url":"https:\/\/www.webdo.tn\/fr\/actualite\/author\/mohamed-fethi\/"}]}},"_links":{"self":[{"href":"https:\/\/www.webdo.tn\/fr\/wp-json\/wp\/v2\/posts\/214611","targetHints":{"allow":["GET"]}}],"collection":[{"href":"https:\/\/www.webdo.tn\/fr\/wp-json\/wp\/v2\/posts"}],"about":[{"href":"https:\/\/www.webdo.tn\/fr\/wp-json\/wp\/v2\/types\/post"}],"author":[{"embeddable":true,"href":"https:\/\/www.webdo.tn\/fr\/wp-json\/wp\/v2\/users\/4782"}],"replies":[{"embeddable":true,"href":"https:\/\/www.webdo.tn\/fr\/wp-json\/wp\/v2\/comments?post=214611"}],"version-history":[{"count":0,"href":"https:\/\/www.webdo.tn\/fr\/wp-json\/wp\/v2\/posts\/214611\/revisions"}],"wp:featuredmedia":[{"embeddable":true,"href":"https:\/\/www.webdo.tn\/fr\/wp-json\/wp\/v2\/media\/247224"}],"wp:attachment":[{"href":"https:\/\/www.webdo.tn\/fr\/wp-json\/wp\/v2\/media?parent=214611"}],"wp:term":[{"taxonomy":"category","embeddable":true,"href":"https:\/\/www.webdo.tn\/fr\/wp-json\/wp\/v2\/categories?post=214611"},{"taxonomy":"post_tag","embeddable":true,"href":"https:\/\/www.webdo.tn\/fr\/wp-json\/wp\/v2\/tags?post=214611"}],"curies":[{"name":"wp","href":"https:\/\/api.w.org\/{rel}","templated":true}]}}