{"id":214602,"date":"2024-06-05T11:37:00","date_gmt":"2024-06-05T11:37:00","guid":{"rendered":"https:\/\/www.webdo.tn\/fr\/blog\/tunisie-un-homme-d-affaires-et-trois-cadres-d-une-banque-publique-en-garde-a-vue-pour-corruption\/214602\/"},"modified":"2025-05-20T22:53:50","modified_gmt":"2025-05-20T22:53:50","slug":"tunisie-un-homme-d-affaires-et-trois-cadres-d-une-banque-publique-en-garde-a-vue-pour-corruption","status":"publish","type":"post","link":"https:\/\/www.webdo.tn\/fr\/actualite\/national\/tunisie-un-homme-d-affaires-et-trois-cadres-d-une-banque-publique-en-garde-a-vue-pour-corruption\/214602\/","title":{"rendered":"Tunisie : Un homme d\u2019affaires et trois cadres d&rsquo;une banque publique en garde \u00e0 vue pour corruption"},"content":{"rendered":"<p>Trois hauts responsables d\u2019une banque publique dont un ancien DG, ont \u00e9t\u00e9 plac\u00e9s en garde \u00e0 vue pour corruption.<\/p>\n<p>\t\t\t\t\t\t\t\t\tTrois cadres d\u2019une banque publique, dont un ancien directeur g\u00e9n\u00e9ral \u00e0 la retraite, ont \u00e9t\u00e9 plac\u00e9s en garde \u00e0 vue par le minist\u00e8re public du P\u00f4le judiciaire \u00e9conomique. Ils sont soup\u00e7onn\u00e9s de corruption financi\u00e8re et de blanchiment d&rsquo;argent.<\/p>\n<p>Cette d\u00e9cision fait suite \u00e0 l&rsquo;arrestation hier d&rsquo;un homme d&rsquo;affaires actif dans les secteurs du fourrage et de la volaille, a d\u00e9clar\u00e9 Mohamed Zitouna, porte-parole du Tribunal de premi\u00e8re instance de Tunis, aujourd\u2019hui sur les ondes de Mosaique fm.<\/p>\n<p>Hier, le minist\u00e8re public du P\u00f4le judiciaire \u00e9conomique et financier a autoris\u00e9 les agents de la premi\u00e8re brigade centrale d&rsquo;enqu\u00eate sur les crimes financiers de la Garde nationale de l\u2019Aouina \u00e0 placer en garde \u00e0 vue un homme d&rsquo;affaires.<\/p>\n<p>Selon Mohamed Zitouna, cette garde \u00e0 vue est li\u00e9e \u00e0 des soup\u00e7ons de corruption financi\u00e8re et administrative, \u00e0 la r\u00e9alisation d&rsquo;op\u00e9rations financi\u00e8res suspectes et \u00e0 des accusations de blanchiment d&rsquo;argent.<\/p>\n<p>Dans une d\u00e9claration rapport\u00e9e par la radio Mosa\u00efque FM, Zitouna a expliqu\u00e9, hier, que l&rsquo;affaire remonte \u00e0 une enqu\u00eate men\u00e9e par la premi\u00e8re brigade centrale d&rsquo;enqu\u00eate sur les crimes financiers de la Garde nationale de l\u2019Aouina concernant un homme d&rsquo;affaires qui aurait utilis\u00e9 ses entreprises pour effectuer des op\u00e9rations financi\u00e8res suspectes et blanchir de l&rsquo;argent, dans le but de l\u00e9gitimer des fonds d&rsquo;origine douteuse.<\/p>\n<p>Il aurait notamment augment\u00e9 le capital d&rsquo;une banque publique de 25 millions de dinars, pay\u00e9s \u00e0 partir d&rsquo;un compte d\u00e9biteur appartenant \u00e0 l&rsquo;une de ses entreprises, et, dans une seconde \u00e9tape, un pr\u00eat bancaire de 11 millions de dinars lui aurait \u00e9t\u00e9 accord\u00e9 le m\u00eame jour que sa contribution au capital, avec la complicit\u00e9 de certains responsables de cette banque, dans le but de l\u00e9gitimer l&rsquo;augmentation de capital.<\/p>\n","protected":false},"excerpt":{"rendered":"<p>Trois cadres d\u2019une banque publique, dont un ancien directeur g\u00e9n\u00e9ral \u00e0 la retraite, ont \u00e9t\u00e9 plac\u00e9s en garde \u00e0 vue par le minist\u00e8re public du P\u00f4le judiciaire \u00e9co&#8230;<\/p>\n","protected":false},"author":3175,"featured_media":290688,"comment_status":"open","ping_status":"closed","sticky":false,"template":"","format":"standard","meta":{"footnotes":""},"categories":[44],"tags":[5313,2706,3196,3045,2683,2608],"class_list":["post-214602","post","type-post","status-publish","format-standard","has-post-thumbnail","hentry","category-national","tag-banque-publique","tag-blanchiment-dargent","tag-corruption","tag-garde-a-vue","tag-homme-daffaires","tag-tunisie"],"yoast_head":"<!-- This site is optimized with the Yoast SEO Premium plugin v27.5 (Yoast SEO v27.5) - https:\/\/yoast.com\/product\/yoast-seo-premium-wordpress\/ -->\n<title>Tunisie : Un homme d\u2019affaires et trois cadres d&#039;une banque publique en garde \u00e0 vue pour corruption<\/title>\n<meta name=\"description\" content=\"Trois cadres d\u2019une banque publique, dont un ancien directeur g\u00e9n\u00e9ral \u00e0 la retraite, ont \u00e9t\u00e9 plac\u00e9s en garde \u00e0 vue par le minist\u00e8re public du P\u00f4le judiciaire \u00e9co...\" \/>\n<link rel=\"canonical\" href=\"https:\/\/www.webdo.tn\/fr\/actualite\/national\/tunisie-un-homme-d-affaires-et-trois-cadres-d-une-banque-publique-en-garde-a-vue-pour-corruption\/214602\/\" \/>\n<meta property=\"og:locale\" content=\"fr_FR\" \/>\n<meta property=\"og:type\" content=\"article\" \/>\n<meta property=\"og:title\" content=\"Tunisie : Un homme d\u2019affaires et trois cadres d&#039;une banque publique en garde \u00e0 vue pour corruption\" \/>\n<meta property=\"og:description\" content=\"Trois cadres d\u2019une banque publique, dont un ancien directeur g\u00e9n\u00e9ral \u00e0 la retraite, ont \u00e9t\u00e9 plac\u00e9s en garde \u00e0 vue par le minist\u00e8re public du P\u00f4le judiciaire \u00e9co...\" \/>\n<meta property=\"og:url\" content=\"https:\/\/www.webdo.tn\/fr\/actualite\/national\/tunisie-un-homme-d-affaires-et-trois-cadres-d-une-banque-publique-en-garde-a-vue-pour-corruption\/214602\/\" \/>\n<meta property=\"og:site_name\" content=\"webdo\" \/>\n<meta property=\"article:publisher\" content=\"https:\/\/www.facebook.com\/webdotn\" \/>\n<meta property=\"article:published_time\" content=\"2024-06-05T11:37:00+00:00\" \/>\n<meta property=\"article:modified_time\" content=\"2025-05-20T22:53:50+00:00\" \/>\n<meta property=\"og:image\" content=\"https:\/\/www.webdo.tn\/fr\/wp-content\/uploads\/2024\/06\/c8d1d2ccefbceaee3759e0b13ab705b9.webp\" \/>\n\t<meta property=\"og:image:width\" content=\"680\" \/>\n\t<meta property=\"og:image:height\" content=\"363\" \/>\n\t<meta property=\"og:image:type\" content=\"image\/webp\" \/>\n<meta name=\"author\" content=\"CL\" \/>\n<meta name=\"twitter:card\" content=\"summary_large_image\" \/>\n<meta name=\"twitter:creator\" content=\"@webdo_tn\" \/>\n<meta name=\"twitter:site\" content=\"@webdo_tn\" \/>\n<meta name=\"twitter:label1\" content=\"\u00c9crit par\" \/>\n\t<meta name=\"twitter:data1\" content=\"CL\" \/>\n\t<meta name=\"twitter:label2\" content=\"Dur\u00e9e de lecture estim\u00e9e\" \/>\n\t<meta name=\"twitter:data2\" content=\"2 minutes\" \/>\n<script type=\"application\/ld+json\" class=\"yoast-schema-graph\">{\"@context\":\"https:\\\/\\\/schema.org\",\"@graph\":[{\"@type\":\"NewsArticle\",\"@id\":\"https:\\\/\\\/www.webdo.tn\\\/fr\\\/actualite\\\/national\\\/tunisie-un-homme-d-affaires-et-trois-cadres-d-une-banque-publique-en-garde-a-vue-pour-corruption\\\/214602\\\/#article\",\"isPartOf\":{\"@id\":\"https:\\\/\\\/www.webdo.tn\\\/fr\\\/actualite\\\/national\\\/tunisie-un-homme-d-affaires-et-trois-cadres-d-une-banque-publique-en-garde-a-vue-pour-corruption\\\/214602\\\/\"},\"author\":{\"name\":\"CL\",\"@id\":\"https:\\\/\\\/www.webdo.tn\\\/fr\\\/#\\\/schema\\\/person\\\/f35b42a42c5e2511bbd282959d6385cc\"},\"headline\":\"Tunisie : Un homme d\u2019affaires et trois cadres d&rsquo;une banque publique en garde \u00e0 vue pour corruption\",\"datePublished\":\"2024-06-05T11:37:00+00:00\",\"dateModified\":\"2025-05-20T22:53:50+00:00\",\"mainEntityOfPage\":{\"@id\":\"https:\\\/\\\/www.webdo.tn\\\/fr\\\/actualite\\\/national\\\/tunisie-un-homme-d-affaires-et-trois-cadres-d-une-banque-publique-en-garde-a-vue-pour-corruption\\\/214602\\\/\"},\"wordCount\":358,\"commentCount\":0,\"publisher\":{\"@id\":\"https:\\\/\\\/www.webdo.tn\\\/fr\\\/#organization\"},\"image\":{\"@id\":\"https:\\\/\\\/www.webdo.tn\\\/fr\\\/actualite\\\/national\\\/tunisie-un-homme-d-affaires-et-trois-cadres-d-une-banque-publique-en-garde-a-vue-pour-corruption\\\/214602\\\/#primaryimage\"},\"thumbnailUrl\":\"https:\\\/\\\/www.webdo.tn\\\/fr\\\/wp-content\\\/uploads\\\/2024\\\/06\\\/c8d1d2ccefbceaee3759e0b13ab705b9.webp\",\"keywords\":[\"banque publique\",\"blanchiment d'argent\",\"corruption\",\"garde \u00e0 vue\",\"Homme d'affaires\",\"Tunisie\"],\"articleSection\":[\"National\"],\"inLanguage\":\"fr-FR\"},{\"@type\":\"WebPage\",\"@id\":\"https:\\\/\\\/www.webdo.tn\\\/fr\\\/actualite\\\/national\\\/tunisie-un-homme-d-affaires-et-trois-cadres-d-une-banque-publique-en-garde-a-vue-pour-corruption\\\/214602\\\/\",\"url\":\"https:\\\/\\\/www.webdo.tn\\\/fr\\\/actualite\\\/national\\\/tunisie-un-homme-d-affaires-et-trois-cadres-d-une-banque-publique-en-garde-a-vue-pour-corruption\\\/214602\\\/\",\"name\":\"Tunisie : Un homme d\u2019affaires et trois cadres d'une banque publique en garde \u00e0 vue pour corruption\",\"isPartOf\":{\"@id\":\"https:\\\/\\\/www.webdo.tn\\\/fr\\\/#website\"},\"primaryImageOfPage\":{\"@id\":\"https:\\\/\\\/www.webdo.tn\\\/fr\\\/actualite\\\/national\\\/tunisie-un-homme-d-affaires-et-trois-cadres-d-une-banque-publique-en-garde-a-vue-pour-corruption\\\/214602\\\/#primaryimage\"},\"image\":{\"@id\":\"https:\\\/\\\/www.webdo.tn\\\/fr\\\/actualite\\\/national\\\/tunisie-un-homme-d-affaires-et-trois-cadres-d-une-banque-publique-en-garde-a-vue-pour-corruption\\\/214602\\\/#primaryimage\"},\"thumbnailUrl\":\"https:\\\/\\\/www.webdo.tn\\\/fr\\\/wp-content\\\/uploads\\\/2024\\\/06\\\/c8d1d2ccefbceaee3759e0b13ab705b9.webp\",\"datePublished\":\"2024-06-05T11:37:00+00:00\",\"dateModified\":\"2025-05-20T22:53:50+00:00\",\"description\":\"Trois cadres d\u2019une banque publique, dont un ancien directeur g\u00e9n\u00e9ral \u00e0 la retraite, ont \u00e9t\u00e9 plac\u00e9s en garde \u00e0 vue par le minist\u00e8re public du P\u00f4le judiciaire \u00e9co...\",\"breadcrumb\":{\"@id\":\"https:\\\/\\\/www.webdo.tn\\\/fr\\\/actualite\\\/national\\\/tunisie-un-homme-d-affaires-et-trois-cadres-d-une-banque-publique-en-garde-a-vue-pour-corruption\\\/214602\\\/#breadcrumb\"},\"inLanguage\":\"fr-FR\",\"potentialAction\":[{\"@type\":\"ReadAction\",\"target\":[\"https:\\\/\\\/www.webdo.tn\\\/fr\\\/actualite\\\/national\\\/tunisie-un-homme-d-affaires-et-trois-cadres-d-une-banque-publique-en-garde-a-vue-pour-corruption\\\/214602\\\/\"]}]},{\"@type\":\"ImageObject\",\"inLanguage\":\"fr-FR\",\"@id\":\"https:\\\/\\\/www.webdo.tn\\\/fr\\\/actualite\\\/national\\\/tunisie-un-homme-d-affaires-et-trois-cadres-d-une-banque-publique-en-garde-a-vue-pour-corruption\\\/214602\\\/#primaryimage\",\"url\":\"https:\\\/\\\/www.webdo.tn\\\/fr\\\/wp-content\\\/uploads\\\/2024\\\/06\\\/c8d1d2ccefbceaee3759e0b13ab705b9.webp\",\"contentUrl\":\"https:\\\/\\\/www.webdo.tn\\\/fr\\\/wp-content\\\/uploads\\\/2024\\\/06\\\/c8d1d2ccefbceaee3759e0b13ab705b9.webp\",\"width\":680,\"height\":363},{\"@type\":\"BreadcrumbList\",\"@id\":\"https:\\\/\\\/www.webdo.tn\\\/fr\\\/actualite\\\/national\\\/tunisie-un-homme-d-affaires-et-trois-cadres-d-une-banque-publique-en-garde-a-vue-pour-corruption\\\/214602\\\/#breadcrumb\",\"itemListElement\":[{\"@type\":\"ListItem\",\"position\":1,\"name\":\"Accueil\",\"item\":\"https:\\\/\\\/www.webdo.tn\\\/fr\\\/\"},{\"@type\":\"ListItem\",\"position\":2,\"name\":\"Tunisie : Un homme d\u2019affaires et trois cadres d&rsquo;une banque publique en garde \u00e0 vue pour corruption\"}]},{\"@type\":\"WebSite\",\"@id\":\"https:\\\/\\\/www.webdo.tn\\\/fr\\\/#website\",\"url\":\"https:\\\/\\\/www.webdo.tn\\\/fr\\\/\",\"name\":\"webdo\",\"description\":\"Tunisie - News en Tunisie et \u00e0 l&#039;international sur Webdo.tn\",\"publisher\":{\"@id\":\"https:\\\/\\\/www.webdo.tn\\\/fr\\\/#organization\"},\"potentialAction\":[{\"@type\":\"SearchAction\",\"target\":{\"@type\":\"EntryPoint\",\"urlTemplate\":\"https:\\\/\\\/www.webdo.tn\\\/fr\\\/?s={search_term_string}\"},\"query-input\":{\"@type\":\"PropertyValueSpecification\",\"valueRequired\":true,\"valueName\":\"search_term_string\"}}],\"inLanguage\":\"fr-FR\"},{\"@type\":\"Organization\",\"@id\":\"https:\\\/\\\/www.webdo.tn\\\/fr\\\/#organization\",\"name\":\"Webdo\",\"alternateName\":\"Webdo.tn\",\"url\":\"https:\\\/\\\/www.webdo.tn\\\/fr\\\/\",\"logo\":{\"@type\":\"ImageObject\",\"inLanguage\":\"fr-FR\",\"@id\":\"https:\\\/\\\/www.webdo.tn\\\/fr\\\/#\\\/schema\\\/logo\\\/image\\\/\",\"url\":\"https:\\\/\\\/www.webdo.tn\\\/fr\\\/wp-content\\\/uploads\\\/2025\\\/06\\\/Webdo-Tunisie_168377.jpg\",\"contentUrl\":\"https:\\\/\\\/www.webdo.tn\\\/fr\\\/wp-content\\\/uploads\\\/2025\\\/06\\\/Webdo-Tunisie_168377.jpg\",\"width\":301,\"height\":301,\"caption\":\"Webdo\"},\"image\":{\"@id\":\"https:\\\/\\\/www.webdo.tn\\\/fr\\\/#\\\/schema\\\/logo\\\/image\\\/\"},\"sameAs\":[\"https:\\\/\\\/www.facebook.com\\\/webdotn\",\"https:\\\/\\\/x.com\\\/webdo_tn\"],\"description\":\"Webdo est un m\u00e9dia num\u00e9rique tunisien fond\u00e9 en 2010, sp\u00e9cialis\u00e9 dans l\u2019actualit\u00e9 nationale et internationale, l\u2019\u00e9conomie, la soci\u00e9t\u00e9 et les analyses politiques. Le site s\u2019adresse \u00e0 un large public francophone et couvre l\u2019information tunisienne en temps r\u00e9el.\",\"email\":\"redac@webdo.tn\",\"legalName\":\"YNJ SARL\",\"foundingDate\":\"2010-09-06\",\"numberOfEmployees\":{\"@type\":\"QuantitativeValue\",\"minValue\":\"11\",\"maxValue\":\"50\"}},{\"@type\":\"Person\",\"@id\":\"https:\\\/\\\/www.webdo.tn\\\/fr\\\/#\\\/schema\\\/person\\\/f35b42a42c5e2511bbd282959d6385cc\",\"name\":\"CL\",\"image\":{\"@type\":\"ImageObject\",\"inLanguage\":\"fr-FR\",\"@id\":\"https:\\\/\\\/secure.gravatar.com\\\/avatar\\\/1447a49909b67aa657c488aec6512e1dd6143a480c1ecfee9b5b5cd74eb3b59e?s=96&d=mm&r=g\",\"url\":\"https:\\\/\\\/secure.gravatar.com\\\/avatar\\\/1447a49909b67aa657c488aec6512e1dd6143a480c1ecfee9b5b5cd74eb3b59e?s=96&d=mm&r=g\",\"contentUrl\":\"https:\\\/\\\/secure.gravatar.com\\\/avatar\\\/1447a49909b67aa657c488aec6512e1dd6143a480c1ecfee9b5b5cd74eb3b59e?s=96&d=mm&r=g\",\"caption\":\"CL\"},\"url\":\"https:\\\/\\\/www.webdo.tn\\\/fr\\\/actualite\\\/author\\\/cl\\\/\"}]}<\/script>\n<!-- \/ Yoast SEO Premium plugin. -->","yoast_head_json":{"title":"Tunisie : Un homme d\u2019affaires et trois cadres d'une banque publique en garde \u00e0 vue pour corruption","description":"Trois cadres d\u2019une banque publique, dont un ancien directeur g\u00e9n\u00e9ral \u00e0 la retraite, ont \u00e9t\u00e9 plac\u00e9s en garde \u00e0 vue par le minist\u00e8re public du P\u00f4le judiciaire \u00e9co...","canonical":"https:\/\/www.webdo.tn\/fr\/actualite\/national\/tunisie-un-homme-d-affaires-et-trois-cadres-d-une-banque-publique-en-garde-a-vue-pour-corruption\/214602\/","og_locale":"fr_FR","og_type":"article","og_title":"Tunisie : Un homme d\u2019affaires et trois cadres d'une banque publique en garde \u00e0 vue pour corruption","og_description":"Trois cadres d\u2019une banque publique, dont un ancien directeur g\u00e9n\u00e9ral \u00e0 la retraite, ont \u00e9t\u00e9 plac\u00e9s en garde \u00e0 vue par le minist\u00e8re public du P\u00f4le judiciaire \u00e9co...","og_url":"https:\/\/www.webdo.tn\/fr\/actualite\/national\/tunisie-un-homme-d-affaires-et-trois-cadres-d-une-banque-publique-en-garde-a-vue-pour-corruption\/214602\/","og_site_name":"webdo","article_publisher":"https:\/\/www.facebook.com\/webdotn","article_published_time":"2024-06-05T11:37:00+00:00","article_modified_time":"2025-05-20T22:53:50+00:00","og_image":[{"width":680,"height":363,"url":"https:\/\/www.webdo.tn\/fr\/wp-content\/uploads\/2024\/06\/c8d1d2ccefbceaee3759e0b13ab705b9.webp","type":"image\/webp"}],"author":"CL","twitter_card":"summary_large_image","twitter_creator":"@webdo_tn","twitter_site":"@webdo_tn","twitter_misc":{"\u00c9crit par":"CL","Dur\u00e9e de lecture estim\u00e9e":"2 minutes"},"schema":{"@context":"https:\/\/schema.org","@graph":[{"@type":"NewsArticle","@id":"https:\/\/www.webdo.tn\/fr\/actualite\/national\/tunisie-un-homme-d-affaires-et-trois-cadres-d-une-banque-publique-en-garde-a-vue-pour-corruption\/214602\/#article","isPartOf":{"@id":"https:\/\/www.webdo.tn\/fr\/actualite\/national\/tunisie-un-homme-d-affaires-et-trois-cadres-d-une-banque-publique-en-garde-a-vue-pour-corruption\/214602\/"},"author":{"name":"CL","@id":"https:\/\/www.webdo.tn\/fr\/#\/schema\/person\/f35b42a42c5e2511bbd282959d6385cc"},"headline":"Tunisie : Un homme d\u2019affaires et trois cadres d&rsquo;une banque publique en garde \u00e0 vue pour corruption","datePublished":"2024-06-05T11:37:00+00:00","dateModified":"2025-05-20T22:53:50+00:00","mainEntityOfPage":{"@id":"https:\/\/www.webdo.tn\/fr\/actualite\/national\/tunisie-un-homme-d-affaires-et-trois-cadres-d-une-banque-publique-en-garde-a-vue-pour-corruption\/214602\/"},"wordCount":358,"commentCount":0,"publisher":{"@id":"https:\/\/www.webdo.tn\/fr\/#organization"},"image":{"@id":"https:\/\/www.webdo.tn\/fr\/actualite\/national\/tunisie-un-homme-d-affaires-et-trois-cadres-d-une-banque-publique-en-garde-a-vue-pour-corruption\/214602\/#primaryimage"},"thumbnailUrl":"https:\/\/www.webdo.tn\/fr\/wp-content\/uploads\/2024\/06\/c8d1d2ccefbceaee3759e0b13ab705b9.webp","keywords":["banque publique","blanchiment d'argent","corruption","garde \u00e0 vue","Homme d'affaires","Tunisie"],"articleSection":["National"],"inLanguage":"fr-FR"},{"@type":"WebPage","@id":"https:\/\/www.webdo.tn\/fr\/actualite\/national\/tunisie-un-homme-d-affaires-et-trois-cadres-d-une-banque-publique-en-garde-a-vue-pour-corruption\/214602\/","url":"https:\/\/www.webdo.tn\/fr\/actualite\/national\/tunisie-un-homme-d-affaires-et-trois-cadres-d-une-banque-publique-en-garde-a-vue-pour-corruption\/214602\/","name":"Tunisie : Un homme d\u2019affaires et trois cadres d'une banque publique en garde \u00e0 vue pour corruption","isPartOf":{"@id":"https:\/\/www.webdo.tn\/fr\/#website"},"primaryImageOfPage":{"@id":"https:\/\/www.webdo.tn\/fr\/actualite\/national\/tunisie-un-homme-d-affaires-et-trois-cadres-d-une-banque-publique-en-garde-a-vue-pour-corruption\/214602\/#primaryimage"},"image":{"@id":"https:\/\/www.webdo.tn\/fr\/actualite\/national\/tunisie-un-homme-d-affaires-et-trois-cadres-d-une-banque-publique-en-garde-a-vue-pour-corruption\/214602\/#primaryimage"},"thumbnailUrl":"https:\/\/www.webdo.tn\/fr\/wp-content\/uploads\/2024\/06\/c8d1d2ccefbceaee3759e0b13ab705b9.webp","datePublished":"2024-06-05T11:37:00+00:00","dateModified":"2025-05-20T22:53:50+00:00","description":"Trois cadres d\u2019une banque publique, dont un ancien directeur g\u00e9n\u00e9ral \u00e0 la retraite, ont \u00e9t\u00e9 plac\u00e9s en garde \u00e0 vue par le minist\u00e8re public du P\u00f4le judiciaire \u00e9co...","breadcrumb":{"@id":"https:\/\/www.webdo.tn\/fr\/actualite\/national\/tunisie-un-homme-d-affaires-et-trois-cadres-d-une-banque-publique-en-garde-a-vue-pour-corruption\/214602\/#breadcrumb"},"inLanguage":"fr-FR","potentialAction":[{"@type":"ReadAction","target":["https:\/\/www.webdo.tn\/fr\/actualite\/national\/tunisie-un-homme-d-affaires-et-trois-cadres-d-une-banque-publique-en-garde-a-vue-pour-corruption\/214602\/"]}]},{"@type":"ImageObject","inLanguage":"fr-FR","@id":"https:\/\/www.webdo.tn\/fr\/actualite\/national\/tunisie-un-homme-d-affaires-et-trois-cadres-d-une-banque-publique-en-garde-a-vue-pour-corruption\/214602\/#primaryimage","url":"https:\/\/www.webdo.tn\/fr\/wp-content\/uploads\/2024\/06\/c8d1d2ccefbceaee3759e0b13ab705b9.webp","contentUrl":"https:\/\/www.webdo.tn\/fr\/wp-content\/uploads\/2024\/06\/c8d1d2ccefbceaee3759e0b13ab705b9.webp","width":680,"height":363},{"@type":"BreadcrumbList","@id":"https:\/\/www.webdo.tn\/fr\/actualite\/national\/tunisie-un-homme-d-affaires-et-trois-cadres-d-une-banque-publique-en-garde-a-vue-pour-corruption\/214602\/#breadcrumb","itemListElement":[{"@type":"ListItem","position":1,"name":"Accueil","item":"https:\/\/www.webdo.tn\/fr\/"},{"@type":"ListItem","position":2,"name":"Tunisie : Un homme d\u2019affaires et trois cadres d&rsquo;une banque publique en garde \u00e0 vue pour corruption"}]},{"@type":"WebSite","@id":"https:\/\/www.webdo.tn\/fr\/#website","url":"https:\/\/www.webdo.tn\/fr\/","name":"webdo","description":"Tunisie - News en Tunisie et \u00e0 l&#039;international sur Webdo.tn","publisher":{"@id":"https:\/\/www.webdo.tn\/fr\/#organization"},"potentialAction":[{"@type":"SearchAction","target":{"@type":"EntryPoint","urlTemplate":"https:\/\/www.webdo.tn\/fr\/?s={search_term_string}"},"query-input":{"@type":"PropertyValueSpecification","valueRequired":true,"valueName":"search_term_string"}}],"inLanguage":"fr-FR"},{"@type":"Organization","@id":"https:\/\/www.webdo.tn\/fr\/#organization","name":"Webdo","alternateName":"Webdo.tn","url":"https:\/\/www.webdo.tn\/fr\/","logo":{"@type":"ImageObject","inLanguage":"fr-FR","@id":"https:\/\/www.webdo.tn\/fr\/#\/schema\/logo\/image\/","url":"https:\/\/www.webdo.tn\/fr\/wp-content\/uploads\/2025\/06\/Webdo-Tunisie_168377.jpg","contentUrl":"https:\/\/www.webdo.tn\/fr\/wp-content\/uploads\/2025\/06\/Webdo-Tunisie_168377.jpg","width":301,"height":301,"caption":"Webdo"},"image":{"@id":"https:\/\/www.webdo.tn\/fr\/#\/schema\/logo\/image\/"},"sameAs":["https:\/\/www.facebook.com\/webdotn","https:\/\/x.com\/webdo_tn"],"description":"Webdo est un m\u00e9dia num\u00e9rique tunisien fond\u00e9 en 2010, sp\u00e9cialis\u00e9 dans l\u2019actualit\u00e9 nationale et internationale, l\u2019\u00e9conomie, la soci\u00e9t\u00e9 et les analyses politiques. Le site s\u2019adresse \u00e0 un large public francophone et couvre l\u2019information tunisienne en temps r\u00e9el.","email":"redac@webdo.tn","legalName":"YNJ SARL","foundingDate":"2010-09-06","numberOfEmployees":{"@type":"QuantitativeValue","minValue":"11","maxValue":"50"}},{"@type":"Person","@id":"https:\/\/www.webdo.tn\/fr\/#\/schema\/person\/f35b42a42c5e2511bbd282959d6385cc","name":"CL","image":{"@type":"ImageObject","inLanguage":"fr-FR","@id":"https:\/\/secure.gravatar.com\/avatar\/1447a49909b67aa657c488aec6512e1dd6143a480c1ecfee9b5b5cd74eb3b59e?s=96&d=mm&r=g","url":"https:\/\/secure.gravatar.com\/avatar\/1447a49909b67aa657c488aec6512e1dd6143a480c1ecfee9b5b5cd74eb3b59e?s=96&d=mm&r=g","contentUrl":"https:\/\/secure.gravatar.com\/avatar\/1447a49909b67aa657c488aec6512e1dd6143a480c1ecfee9b5b5cd74eb3b59e?s=96&d=mm&r=g","caption":"CL"},"url":"https:\/\/www.webdo.tn\/fr\/actualite\/author\/cl\/"}]}},"_links":{"self":[{"href":"https:\/\/www.webdo.tn\/fr\/wp-json\/wp\/v2\/posts\/214602","targetHints":{"allow":["GET"]}}],"collection":[{"href":"https:\/\/www.webdo.tn\/fr\/wp-json\/wp\/v2\/posts"}],"about":[{"href":"https:\/\/www.webdo.tn\/fr\/wp-json\/wp\/v2\/types\/post"}],"author":[{"embeddable":true,"href":"https:\/\/www.webdo.tn\/fr\/wp-json\/wp\/v2\/users\/3175"}],"replies":[{"embeddable":true,"href":"https:\/\/www.webdo.tn\/fr\/wp-json\/wp\/v2\/comments?post=214602"}],"version-history":[{"count":0,"href":"https:\/\/www.webdo.tn\/fr\/wp-json\/wp\/v2\/posts\/214602\/revisions"}],"wp:featuredmedia":[{"embeddable":true,"href":"https:\/\/www.webdo.tn\/fr\/wp-json\/wp\/v2\/media\/290688"}],"wp:attachment":[{"href":"https:\/\/www.webdo.tn\/fr\/wp-json\/wp\/v2\/media?parent=214602"}],"wp:term":[{"taxonomy":"category","embeddable":true,"href":"https:\/\/www.webdo.tn\/fr\/wp-json\/wp\/v2\/categories?post=214602"},{"taxonomy":"post_tag","embeddable":true,"href":"https:\/\/www.webdo.tn\/fr\/wp-json\/wp\/v2\/tags?post=214602"}],"curies":[{"name":"wp","href":"https:\/\/api.w.org\/{rel}","templated":true}]}}