{"id":214586,"date":"2024-06-04T14:48:00","date_gmt":"2024-06-04T14:48:00","guid":{"rendered":"https:\/\/www.webdo.tn\/fr\/blog\/tunisie-formation-de-1-000-jeunes-descolarises\/214586\/"},"modified":"2025-05-21T09:10:44","modified_gmt":"2025-05-21T09:10:44","slug":"tunisie-formation-de-1-000-jeunes-descolarises","status":"publish","type":"post","link":"https:\/\/www.webdo.tn\/fr\/actualite\/national\/tunisie-formation-de-1-000-jeunes-descolarises\/214586\/","title":{"rendered":"Tunisie : Formation de 1000 jeunes descolaris\u00e9s"},"content":{"rendered":"<p>Le minist\u00e8re de l&rsquo;Emploi et de la Formation professionnelle, repr\u00e9sent\u00e9 par l&rsquo;Agence Nationale pour l&rsquo;Emploi et le Travail Ind\u00e9pendant (ANETI) et l&rsquo;Agence Tunisienne de la Formation Professionnelle (ATFP), a sign\u00e9, lundi 3 juin, deux conventions de coop\u00e9ration avec l&rsquo;Institut Europ\u00e9en de Coop\u00e9ration et de D\u00e9veloppement (IECD). Ces accords visent \u00e0 soutenir 1000 jeunes hommes et femmes \u00e2g\u00e9s de 18 \u00e0 30 ans ayant abandonn\u00e9 l&rsquo;\u00e9cole ou la formation, annonce l&rsquo;ANETI dans un communiqu\u00e9 publi\u00e9 sur sa page Facebook.<\/p>\n<p>\t\t\t\t\t\t\t\t\tLe programme baptis\u00e9 \u00ab\u00a0\u00c9cole de la Nouvelle Chance\u00a0\u00bb, initi\u00e9 par le minist\u00e8re, a \u00e9t\u00e9 lanc\u00e9 lors de la c\u00e9r\u00e9monie de signature pr\u00e9sid\u00e9e par le ministre de l&rsquo;Emploi et de la Formation professionnelle, Lotfi Dhiab. L&rsquo;objectif est d&rsquo;accompagner environ 1000 jeunes hommes et femmes \u00e2g\u00e9s de 18 \u00e0 30 ans, non scolaris\u00e9s, non inscrits dans une formation et sans emploi, afin d&rsquo;am\u00e9liorer leur employabilit\u00e9 et leur insertion en leur offrant un accompagnement et un encadrement \u00e0 tous les niveaux.<\/p>\n<p>Dans les deux prochaines semaines, les candidats seront invit\u00e9s \u00e0 des entretiens individuels et cat\u00e9goris\u00e9s selon leurs comp\u00e9tences et leur potentiel. L&rsquo;encadrement et la formation fourniront des sp\u00e9cialistes sociaux et psychologiques pour r\u00e9habiliter les comp\u00e9tences des jeunes et les aider \u00e0 r\u00e9ussir dans la vie.<\/p>\n<p>Le projet \u00ab\u00a0\u00c9cole de la Nouvelle Chance\u00a0\u00bb sera lanc\u00e9 dans les gouvernorats de Sousse et de Kairouan, avec la cr\u00e9ation de deux centres de formation. La formation durera trois ans, avec 300 jeunes par an, et les b\u00e9n\u00e9ficiaires pourront choisir entre une opportunit\u00e9 d&#8217;emploi, une formation professionnelle ou le d\u00e9marrage d&rsquo;un projet.<\/p>\n","protected":false},"excerpt":{"rendered":"<p>Le minist\u00e8re tunisien de l&rsquo;Emploi lance le programme  Nouvelle Chance  avec l&rsquo;IECD pour former et accompagner 1000 jeunes d\u00e9scolaris\u00e9s \u00e2g\u00e9s de 18 \u00e0 30 ans, afin&#8230;<\/p>\n","protected":false},"author":3169,"featured_media":247242,"comment_status":"open","ping_status":"closed","sticky":false,"template":"","format":"standard","meta":{"footnotes":""},"categories":[44],"tags":[6367,3049,4999,6368,5354,2608],"class_list":["post-214586","post","type-post","status-publish","format-standard","has-post-thumbnail","hentry","category-national","tag-descolarisation","tag-emploi","tag-formation-professionnelle","tag-insertion-professionnelle","tag-jeunes","tag-tunisie"],"yoast_head":"<!-- This site is optimized with the Yoast SEO Premium plugin v27.4 (Yoast SEO v27.5) - https:\/\/yoast.com\/product\/yoast-seo-premium-wordpress\/ -->\n<title>Tunisie : Formation de 1000 jeunes descolaris\u00e9s<\/title>\n<meta name=\"description\" content=\"Le minist\u00e8re tunisien de l&#039;Emploi lance le programme Nouvelle Chance avec l&#039;IECD pour former et accompagner 1000 jeunes d\u00e9scolaris\u00e9s \u00e2g\u00e9s de 18 \u00e0 30 ans, afin...\" \/>\n<link rel=\"canonical\" href=\"https:\/\/www.webdo.tn\/fr\/actualite\/national\/tunisie-formation-de-1-000-jeunes-descolarises\/214586\/\" \/>\n<meta property=\"og:locale\" content=\"fr_FR\" \/>\n<meta property=\"og:type\" content=\"article\" \/>\n<meta property=\"og:title\" content=\"Tunisie : Formation de 1000 jeunes descolaris\u00e9s\" \/>\n<meta property=\"og:description\" content=\"Le minist\u00e8re tunisien de l&#039;Emploi lance le programme Nouvelle Chance avec l&#039;IECD pour former et accompagner 1000 jeunes d\u00e9scolaris\u00e9s \u00e2g\u00e9s de 18 \u00e0 30 ans, afin...\" \/>\n<meta property=\"og:url\" content=\"https:\/\/www.webdo.tn\/fr\/actualite\/national\/tunisie-formation-de-1-000-jeunes-descolarises\/214586\/\" \/>\n<meta property=\"og:site_name\" content=\"webdo\" \/>\n<meta property=\"article:publisher\" content=\"https:\/\/www.facebook.com\/webdotn\" \/>\n<meta property=\"article:published_time\" content=\"2024-06-04T14:48:00+00:00\" \/>\n<meta property=\"article:modified_time\" content=\"2025-05-21T09:10:44+00:00\" \/>\n<meta property=\"og:image\" content=\"https:\/\/www.webdo.tn\/fr\/wp-content\/uploads\/2024\/06\/82b5821a96fa46f5a15a1e5ca3a05e96.webp\" \/>\n\t<meta property=\"og:image:width\" content=\"750\" \/>\n\t<meta property=\"og:image:height\" content=\"400\" \/>\n\t<meta property=\"og:image:type\" content=\"image\/webp\" \/>\n<meta name=\"author\" content=\"Webdo\" \/>\n<meta name=\"twitter:card\" content=\"summary_large_image\" \/>\n<meta name=\"twitter:creator\" content=\"@webdo_tn\" \/>\n<meta name=\"twitter:site\" content=\"@webdo_tn\" \/>\n<meta name=\"twitter:label1\" content=\"\u00c9crit par\" \/>\n\t<meta name=\"twitter:data1\" content=\"Webdo\" \/>\n\t<meta name=\"twitter:label2\" content=\"Dur\u00e9e de lecture estim\u00e9e\" \/>\n\t<meta name=\"twitter:data2\" content=\"1 minute\" \/>\n<script type=\"application\/ld+json\" class=\"yoast-schema-graph\">{\"@context\":\"https:\\\/\\\/schema.org\",\"@graph\":[{\"@type\":\"NewsArticle\",\"@id\":\"https:\\\/\\\/www.webdo.tn\\\/fr\\\/actualite\\\/national\\\/tunisie-formation-de-1-000-jeunes-descolarises\\\/214586\\\/#article\",\"isPartOf\":{\"@id\":\"https:\\\/\\\/www.webdo.tn\\\/fr\\\/actualite\\\/national\\\/tunisie-formation-de-1-000-jeunes-descolarises\\\/214586\\\/\"},\"author\":{\"name\":\"Webdo\",\"@id\":\"https:\\\/\\\/www.webdo.tn\\\/fr\\\/#\\\/schema\\\/person\\\/1f4e491e0907b413d61089e8eb573acc\"},\"headline\":\"Tunisie : Formation de 1000 jeunes descolaris\u00e9s\",\"datePublished\":\"2024-06-04T14:48:00+00:00\",\"dateModified\":\"2025-05-21T09:10:44+00:00\",\"mainEntityOfPage\":{\"@id\":\"https:\\\/\\\/www.webdo.tn\\\/fr\\\/actualite\\\/national\\\/tunisie-formation-de-1-000-jeunes-descolarises\\\/214586\\\/\"},\"wordCount\":287,\"commentCount\":0,\"publisher\":{\"@id\":\"https:\\\/\\\/www.webdo.tn\\\/fr\\\/#organization\"},\"image\":{\"@id\":\"https:\\\/\\\/www.webdo.tn\\\/fr\\\/actualite\\\/national\\\/tunisie-formation-de-1-000-jeunes-descolarises\\\/214586\\\/#primaryimage\"},\"thumbnailUrl\":\"https:\\\/\\\/www.webdo.tn\\\/fr\\\/wp-content\\\/uploads\\\/2024\\\/06\\\/82b5821a96fa46f5a15a1e5ca3a05e96.webp\",\"keywords\":[\"D\u00e9scolarisation\",\"emploi\",\"formation professionnelle\",\"Insertion professionnelle\",\"Jeunes\",\"Tunisie\"],\"articleSection\":[\"National\"],\"inLanguage\":\"fr-FR\"},{\"@type\":\"WebPage\",\"@id\":\"https:\\\/\\\/www.webdo.tn\\\/fr\\\/actualite\\\/national\\\/tunisie-formation-de-1-000-jeunes-descolarises\\\/214586\\\/\",\"url\":\"https:\\\/\\\/www.webdo.tn\\\/fr\\\/actualite\\\/national\\\/tunisie-formation-de-1-000-jeunes-descolarises\\\/214586\\\/\",\"name\":\"Tunisie : Formation de 1000 jeunes descolaris\u00e9s\",\"isPartOf\":{\"@id\":\"https:\\\/\\\/www.webdo.tn\\\/fr\\\/#website\"},\"primaryImageOfPage\":{\"@id\":\"https:\\\/\\\/www.webdo.tn\\\/fr\\\/actualite\\\/national\\\/tunisie-formation-de-1-000-jeunes-descolarises\\\/214586\\\/#primaryimage\"},\"image\":{\"@id\":\"https:\\\/\\\/www.webdo.tn\\\/fr\\\/actualite\\\/national\\\/tunisie-formation-de-1-000-jeunes-descolarises\\\/214586\\\/#primaryimage\"},\"thumbnailUrl\":\"https:\\\/\\\/www.webdo.tn\\\/fr\\\/wp-content\\\/uploads\\\/2024\\\/06\\\/82b5821a96fa46f5a15a1e5ca3a05e96.webp\",\"datePublished\":\"2024-06-04T14:48:00+00:00\",\"dateModified\":\"2025-05-21T09:10:44+00:00\",\"description\":\"Le minist\u00e8re tunisien de l'Emploi lance le programme Nouvelle Chance avec l'IECD pour former et accompagner 1000 jeunes d\u00e9scolaris\u00e9s \u00e2g\u00e9s de 18 \u00e0 30 ans, afin...\",\"breadcrumb\":{\"@id\":\"https:\\\/\\\/www.webdo.tn\\\/fr\\\/actualite\\\/national\\\/tunisie-formation-de-1-000-jeunes-descolarises\\\/214586\\\/#breadcrumb\"},\"inLanguage\":\"fr-FR\",\"potentialAction\":[{\"@type\":\"ReadAction\",\"target\":[\"https:\\\/\\\/www.webdo.tn\\\/fr\\\/actualite\\\/national\\\/tunisie-formation-de-1-000-jeunes-descolarises\\\/214586\\\/\"]}]},{\"@type\":\"ImageObject\",\"inLanguage\":\"fr-FR\",\"@id\":\"https:\\\/\\\/www.webdo.tn\\\/fr\\\/actualite\\\/national\\\/tunisie-formation-de-1-000-jeunes-descolarises\\\/214586\\\/#primaryimage\",\"url\":\"https:\\\/\\\/www.webdo.tn\\\/fr\\\/wp-content\\\/uploads\\\/2024\\\/06\\\/82b5821a96fa46f5a15a1e5ca3a05e96.webp\",\"contentUrl\":\"https:\\\/\\\/www.webdo.tn\\\/fr\\\/wp-content\\\/uploads\\\/2024\\\/06\\\/82b5821a96fa46f5a15a1e5ca3a05e96.webp\",\"width\":750,\"height\":400,\"caption\":\"Tunisie : Formation de 1000 jeunes descolaris\u00e9s\"},{\"@type\":\"BreadcrumbList\",\"@id\":\"https:\\\/\\\/www.webdo.tn\\\/fr\\\/actualite\\\/national\\\/tunisie-formation-de-1-000-jeunes-descolarises\\\/214586\\\/#breadcrumb\",\"itemListElement\":[{\"@type\":\"ListItem\",\"position\":1,\"name\":\"Accueil\",\"item\":\"https:\\\/\\\/www.webdo.tn\\\/fr\\\/\"},{\"@type\":\"ListItem\",\"position\":2,\"name\":\"Tunisie : Formation de 1000 jeunes descolaris\u00e9s\"}]},{\"@type\":\"WebSite\",\"@id\":\"https:\\\/\\\/www.webdo.tn\\\/fr\\\/#website\",\"url\":\"https:\\\/\\\/www.webdo.tn\\\/fr\\\/\",\"name\":\"webdo\",\"description\":\"Tunisie - News en Tunisie et \u00e0 l&#039;international sur Webdo.tn\",\"publisher\":{\"@id\":\"https:\\\/\\\/www.webdo.tn\\\/fr\\\/#organization\"},\"potentialAction\":[{\"@type\":\"SearchAction\",\"target\":{\"@type\":\"EntryPoint\",\"urlTemplate\":\"https:\\\/\\\/www.webdo.tn\\\/fr\\\/?s={search_term_string}\"},\"query-input\":{\"@type\":\"PropertyValueSpecification\",\"valueRequired\":true,\"valueName\":\"search_term_string\"}}],\"inLanguage\":\"fr-FR\"},{\"@type\":\"Organization\",\"@id\":\"https:\\\/\\\/www.webdo.tn\\\/fr\\\/#organization\",\"name\":\"Webdo\",\"alternateName\":\"Webdo.tn\",\"url\":\"https:\\\/\\\/www.webdo.tn\\\/fr\\\/\",\"logo\":{\"@type\":\"ImageObject\",\"inLanguage\":\"fr-FR\",\"@id\":\"https:\\\/\\\/www.webdo.tn\\\/fr\\\/#\\\/schema\\\/logo\\\/image\\\/\",\"url\":\"https:\\\/\\\/www.webdo.tn\\\/fr\\\/wp-content\\\/uploads\\\/2025\\\/06\\\/Webdo-Tunisie_168377.jpg\",\"contentUrl\":\"https:\\\/\\\/www.webdo.tn\\\/fr\\\/wp-content\\\/uploads\\\/2025\\\/06\\\/Webdo-Tunisie_168377.jpg\",\"width\":301,\"height\":301,\"caption\":\"Webdo\"},\"image\":{\"@id\":\"https:\\\/\\\/www.webdo.tn\\\/fr\\\/#\\\/schema\\\/logo\\\/image\\\/\"},\"sameAs\":[\"https:\\\/\\\/www.facebook.com\\\/webdotn\",\"https:\\\/\\\/x.com\\\/webdo_tn\"],\"description\":\"Webdo est un m\u00e9dia num\u00e9rique tunisien fond\u00e9 en 2010, sp\u00e9cialis\u00e9 dans l\u2019actualit\u00e9 nationale et internationale, l\u2019\u00e9conomie, la soci\u00e9t\u00e9 et les analyses politiques. Le site s\u2019adresse \u00e0 un large public francophone et couvre l\u2019information tunisienne en temps r\u00e9el.\",\"email\":\"redac@webdo.tn\",\"legalName\":\"YNJ SARL\",\"foundingDate\":\"2010-09-06\",\"numberOfEmployees\":{\"@type\":\"QuantitativeValue\",\"minValue\":\"11\",\"maxValue\":\"50\"}},{\"@type\":\"Person\",\"@id\":\"https:\\\/\\\/www.webdo.tn\\\/fr\\\/#\\\/schema\\\/person\\\/1f4e491e0907b413d61089e8eb573acc\",\"name\":\"Webdo\",\"image\":{\"@type\":\"ImageObject\",\"inLanguage\":\"fr-FR\",\"@id\":\"https:\\\/\\\/secure.gravatar.com\\\/avatar\\\/de97aeec1bb80978a9dbb127e47dfc88aaacb2f3c29aac907d8d3222e3495d49?s=96&d=mm&r=g\",\"url\":\"https:\\\/\\\/secure.gravatar.com\\\/avatar\\\/de97aeec1bb80978a9dbb127e47dfc88aaacb2f3c29aac907d8d3222e3495d49?s=96&d=mm&r=g\",\"contentUrl\":\"https:\\\/\\\/secure.gravatar.com\\\/avatar\\\/de97aeec1bb80978a9dbb127e47dfc88aaacb2f3c29aac907d8d3222e3495d49?s=96&d=mm&r=g\",\"caption\":\"Webdo\"},\"url\":\"https:\\\/\\\/www.webdo.tn\\\/fr\\\/actualite\\\/author\\\/webdo\\\/\"}]}<\/script>\n<!-- \/ Yoast SEO Premium plugin. -->","yoast_head_json":{"title":"Tunisie : Formation de 1000 jeunes descolaris\u00e9s","description":"Le minist\u00e8re tunisien de l'Emploi lance le programme Nouvelle Chance avec l'IECD pour former et accompagner 1000 jeunes d\u00e9scolaris\u00e9s \u00e2g\u00e9s de 18 \u00e0 30 ans, afin...","canonical":"https:\/\/www.webdo.tn\/fr\/actualite\/national\/tunisie-formation-de-1-000-jeunes-descolarises\/214586\/","og_locale":"fr_FR","og_type":"article","og_title":"Tunisie : Formation de 1000 jeunes descolaris\u00e9s","og_description":"Le minist\u00e8re tunisien de l'Emploi lance le programme Nouvelle Chance avec l'IECD pour former et accompagner 1000 jeunes d\u00e9scolaris\u00e9s \u00e2g\u00e9s de 18 \u00e0 30 ans, afin...","og_url":"https:\/\/www.webdo.tn\/fr\/actualite\/national\/tunisie-formation-de-1-000-jeunes-descolarises\/214586\/","og_site_name":"webdo","article_publisher":"https:\/\/www.facebook.com\/webdotn","article_published_time":"2024-06-04T14:48:00+00:00","article_modified_time":"2025-05-21T09:10:44+00:00","og_image":[{"width":750,"height":400,"url":"https:\/\/www.webdo.tn\/fr\/wp-content\/uploads\/2024\/06\/82b5821a96fa46f5a15a1e5ca3a05e96.webp","type":"image\/webp"}],"author":"Webdo","twitter_card":"summary_large_image","twitter_creator":"@webdo_tn","twitter_site":"@webdo_tn","twitter_misc":{"\u00c9crit par":"Webdo","Dur\u00e9e de lecture estim\u00e9e":"1 minute"},"schema":{"@context":"https:\/\/schema.org","@graph":[{"@type":"NewsArticle","@id":"https:\/\/www.webdo.tn\/fr\/actualite\/national\/tunisie-formation-de-1-000-jeunes-descolarises\/214586\/#article","isPartOf":{"@id":"https:\/\/www.webdo.tn\/fr\/actualite\/national\/tunisie-formation-de-1-000-jeunes-descolarises\/214586\/"},"author":{"name":"Webdo","@id":"https:\/\/www.webdo.tn\/fr\/#\/schema\/person\/1f4e491e0907b413d61089e8eb573acc"},"headline":"Tunisie : Formation de 1000 jeunes descolaris\u00e9s","datePublished":"2024-06-04T14:48:00+00:00","dateModified":"2025-05-21T09:10:44+00:00","mainEntityOfPage":{"@id":"https:\/\/www.webdo.tn\/fr\/actualite\/national\/tunisie-formation-de-1-000-jeunes-descolarises\/214586\/"},"wordCount":287,"commentCount":0,"publisher":{"@id":"https:\/\/www.webdo.tn\/fr\/#organization"},"image":{"@id":"https:\/\/www.webdo.tn\/fr\/actualite\/national\/tunisie-formation-de-1-000-jeunes-descolarises\/214586\/#primaryimage"},"thumbnailUrl":"https:\/\/www.webdo.tn\/fr\/wp-content\/uploads\/2024\/06\/82b5821a96fa46f5a15a1e5ca3a05e96.webp","keywords":["D\u00e9scolarisation","emploi","formation professionnelle","Insertion professionnelle","Jeunes","Tunisie"],"articleSection":["National"],"inLanguage":"fr-FR"},{"@type":"WebPage","@id":"https:\/\/www.webdo.tn\/fr\/actualite\/national\/tunisie-formation-de-1-000-jeunes-descolarises\/214586\/","url":"https:\/\/www.webdo.tn\/fr\/actualite\/national\/tunisie-formation-de-1-000-jeunes-descolarises\/214586\/","name":"Tunisie : Formation de 1000 jeunes descolaris\u00e9s","isPartOf":{"@id":"https:\/\/www.webdo.tn\/fr\/#website"},"primaryImageOfPage":{"@id":"https:\/\/www.webdo.tn\/fr\/actualite\/national\/tunisie-formation-de-1-000-jeunes-descolarises\/214586\/#primaryimage"},"image":{"@id":"https:\/\/www.webdo.tn\/fr\/actualite\/national\/tunisie-formation-de-1-000-jeunes-descolarises\/214586\/#primaryimage"},"thumbnailUrl":"https:\/\/www.webdo.tn\/fr\/wp-content\/uploads\/2024\/06\/82b5821a96fa46f5a15a1e5ca3a05e96.webp","datePublished":"2024-06-04T14:48:00+00:00","dateModified":"2025-05-21T09:10:44+00:00","description":"Le minist\u00e8re tunisien de l'Emploi lance le programme Nouvelle Chance avec l'IECD pour former et accompagner 1000 jeunes d\u00e9scolaris\u00e9s \u00e2g\u00e9s de 18 \u00e0 30 ans, afin...","breadcrumb":{"@id":"https:\/\/www.webdo.tn\/fr\/actualite\/national\/tunisie-formation-de-1-000-jeunes-descolarises\/214586\/#breadcrumb"},"inLanguage":"fr-FR","potentialAction":[{"@type":"ReadAction","target":["https:\/\/www.webdo.tn\/fr\/actualite\/national\/tunisie-formation-de-1-000-jeunes-descolarises\/214586\/"]}]},{"@type":"ImageObject","inLanguage":"fr-FR","@id":"https:\/\/www.webdo.tn\/fr\/actualite\/national\/tunisie-formation-de-1-000-jeunes-descolarises\/214586\/#primaryimage","url":"https:\/\/www.webdo.tn\/fr\/wp-content\/uploads\/2024\/06\/82b5821a96fa46f5a15a1e5ca3a05e96.webp","contentUrl":"https:\/\/www.webdo.tn\/fr\/wp-content\/uploads\/2024\/06\/82b5821a96fa46f5a15a1e5ca3a05e96.webp","width":750,"height":400,"caption":"Tunisie : Formation de 1000 jeunes descolaris\u00e9s"},{"@type":"BreadcrumbList","@id":"https:\/\/www.webdo.tn\/fr\/actualite\/national\/tunisie-formation-de-1-000-jeunes-descolarises\/214586\/#breadcrumb","itemListElement":[{"@type":"ListItem","position":1,"name":"Accueil","item":"https:\/\/www.webdo.tn\/fr\/"},{"@type":"ListItem","position":2,"name":"Tunisie : Formation de 1000 jeunes descolaris\u00e9s"}]},{"@type":"WebSite","@id":"https:\/\/www.webdo.tn\/fr\/#website","url":"https:\/\/www.webdo.tn\/fr\/","name":"webdo","description":"Tunisie - News en Tunisie et \u00e0 l&#039;international sur Webdo.tn","publisher":{"@id":"https:\/\/www.webdo.tn\/fr\/#organization"},"potentialAction":[{"@type":"SearchAction","target":{"@type":"EntryPoint","urlTemplate":"https:\/\/www.webdo.tn\/fr\/?s={search_term_string}"},"query-input":{"@type":"PropertyValueSpecification","valueRequired":true,"valueName":"search_term_string"}}],"inLanguage":"fr-FR"},{"@type":"Organization","@id":"https:\/\/www.webdo.tn\/fr\/#organization","name":"Webdo","alternateName":"Webdo.tn","url":"https:\/\/www.webdo.tn\/fr\/","logo":{"@type":"ImageObject","inLanguage":"fr-FR","@id":"https:\/\/www.webdo.tn\/fr\/#\/schema\/logo\/image\/","url":"https:\/\/www.webdo.tn\/fr\/wp-content\/uploads\/2025\/06\/Webdo-Tunisie_168377.jpg","contentUrl":"https:\/\/www.webdo.tn\/fr\/wp-content\/uploads\/2025\/06\/Webdo-Tunisie_168377.jpg","width":301,"height":301,"caption":"Webdo"},"image":{"@id":"https:\/\/www.webdo.tn\/fr\/#\/schema\/logo\/image\/"},"sameAs":["https:\/\/www.facebook.com\/webdotn","https:\/\/x.com\/webdo_tn"],"description":"Webdo est un m\u00e9dia num\u00e9rique tunisien fond\u00e9 en 2010, sp\u00e9cialis\u00e9 dans l\u2019actualit\u00e9 nationale et internationale, l\u2019\u00e9conomie, la soci\u00e9t\u00e9 et les analyses politiques. Le site s\u2019adresse \u00e0 un large public francophone et couvre l\u2019information tunisienne en temps r\u00e9el.","email":"redac@webdo.tn","legalName":"YNJ SARL","foundingDate":"2010-09-06","numberOfEmployees":{"@type":"QuantitativeValue","minValue":"11","maxValue":"50"}},{"@type":"Person","@id":"https:\/\/www.webdo.tn\/fr\/#\/schema\/person\/1f4e491e0907b413d61089e8eb573acc","name":"Webdo","image":{"@type":"ImageObject","inLanguage":"fr-FR","@id":"https:\/\/secure.gravatar.com\/avatar\/de97aeec1bb80978a9dbb127e47dfc88aaacb2f3c29aac907d8d3222e3495d49?s=96&d=mm&r=g","url":"https:\/\/secure.gravatar.com\/avatar\/de97aeec1bb80978a9dbb127e47dfc88aaacb2f3c29aac907d8d3222e3495d49?s=96&d=mm&r=g","contentUrl":"https:\/\/secure.gravatar.com\/avatar\/de97aeec1bb80978a9dbb127e47dfc88aaacb2f3c29aac907d8d3222e3495d49?s=96&d=mm&r=g","caption":"Webdo"},"url":"https:\/\/www.webdo.tn\/fr\/actualite\/author\/webdo\/"}]}},"_links":{"self":[{"href":"https:\/\/www.webdo.tn\/fr\/wp-json\/wp\/v2\/posts\/214586","targetHints":{"allow":["GET"]}}],"collection":[{"href":"https:\/\/www.webdo.tn\/fr\/wp-json\/wp\/v2\/posts"}],"about":[{"href":"https:\/\/www.webdo.tn\/fr\/wp-json\/wp\/v2\/types\/post"}],"author":[{"embeddable":true,"href":"https:\/\/www.webdo.tn\/fr\/wp-json\/wp\/v2\/users\/3169"}],"replies":[{"embeddable":true,"href":"https:\/\/www.webdo.tn\/fr\/wp-json\/wp\/v2\/comments?post=214586"}],"version-history":[{"count":0,"href":"https:\/\/www.webdo.tn\/fr\/wp-json\/wp\/v2\/posts\/214586\/revisions"}],"wp:featuredmedia":[{"embeddable":true,"href":"https:\/\/www.webdo.tn\/fr\/wp-json\/wp\/v2\/media\/247242"}],"wp:attachment":[{"href":"https:\/\/www.webdo.tn\/fr\/wp-json\/wp\/v2\/media?parent=214586"}],"wp:term":[{"taxonomy":"category","embeddable":true,"href":"https:\/\/www.webdo.tn\/fr\/wp-json\/wp\/v2\/categories?post=214586"},{"taxonomy":"post_tag","embeddable":true,"href":"https:\/\/www.webdo.tn\/fr\/wp-json\/wp\/v2\/tags?post=214586"}],"curies":[{"name":"wp","href":"https:\/\/api.w.org\/{rel}","templated":true}]}}