{"id":214575,"date":"2024-06-04T08:29:00","date_gmt":"2024-06-04T08:29:00","guid":{"rendered":"https:\/\/www.webdo.tn\/fr\/blog\/kais-saied-mise-sur-l-agriculture-desertique-et-la-gestion-durable-des-ressources-en-eau\/214575\/"},"modified":"2025-05-21T09:10:43","modified_gmt":"2025-05-21T09:10:43","slug":"kais-saied-mise-sur-l-agriculture-desertique-et-la-gestion-durable-des-ressources-en-eau","status":"publish","type":"post","link":"https:\/\/www.webdo.tn\/fr\/actualite\/national\/kais-saied-mise-sur-l-agriculture-desertique-et-la-gestion-durable-des-ressources-en-eau\/214575\/","title":{"rendered":"Kais Saied mise sur l&rsquo;agriculture d\u00e9sertique et l&rsquo;eau durable"},"content":{"rendered":"<p>Lors d&rsquo;une r\u00e9union tenue, hier 3 juin, au Palais de Carthage, le Pr\u00e9sident de la R\u00e9publique, Ka\u00efs Sa\u00efed, a abord\u00e9 plusieurs points cruciaux concernant l&rsquo;agriculture et les ressources en eau avec le ministre de l&rsquo;Agriculture, des Ressources hydrauliques et de la P\u00eache, M. Abdelmonem Belati, et le secr\u00e9taire d&rsquo;\u00c9tat charg\u00e9 de l&rsquo;eau, M. Ridha Gabouj.<\/p>\n<p>\t\t\t\t\t\t\t\t\tLe Pr\u00e9sident a soulign\u00e9 la n\u00e9cessit\u00e9 d&rsquo;entretenir les barrages du pays, dont certains sont envahis par les s\u00e9diments, r\u00e9duisant consid\u00e9rablement leur capacit\u00e9 de stockage d&rsquo;eau. Il a insist\u00e9 sur l&rsquo;importance de prendre des mesures imm\u00e9diates pour r\u00e9soudre ce probl\u00e8me et am\u00e9liorer la gestion des ressources en eau.<\/p>\n<p>Les projets de dessalement d&rsquo;eau de mer ont \u00e9galement \u00e9t\u00e9 au c\u0153ur des discussions. Plusieurs r\u00e9gions, telles que Zarate, Sfax, Mahdia et Zarzis, ont vu l&rsquo;avancement de ces projets, dont certains sont presque achev\u00e9s. Le d\u00e9veloppement de ces stations de dessalement vise \u00e0 att\u00e9nuer les probl\u00e8mes d&rsquo;approvisionnement en eau dans ces zones.<\/p>\n<p>En outre, Kais Saied a abord\u00e9 la question des associations hydrauliques et la n\u00e9cessit\u00e9 d&rsquo;\u00e9tablir un nouveau syst\u00e8me juridique. L&rsquo;objectif est de mettre fin aux probl\u00e8mes de coupures d&rsquo;eau constantes caus\u00e9es par le comportement irresponsable de certains individus. La r\u00e9forme du cadre juridique des associations hydrauliques est consid\u00e9r\u00e9e comme essentielle pour garantir une gestion \u00e9quitable et efficace des ressources en eau.<\/p>\n<p>Le d\u00e9marrage des activit\u00e9s de l&rsquo;Office national de l&rsquo;alimentation animale a \u00e9galement \u00e9t\u00e9 jug\u00e9 crucial par le Pr\u00e9sident. Cette mesure vise \u00e0 lutter contre les monopoles qui ont port\u00e9 pr\u00e9judice aux agriculteurs et aux \u00e9leveurs pendant des ann\u00e9es, entra\u00eenant une baisse de la production laiti\u00e8re, une diminution du cheptel et une hausse des prix. L&rsquo;Office national de l&rsquo;alimentation animale jouera un r\u00f4le cl\u00e9 dans la r\u00e9gulation du march\u00e9 et le soutien aux acteurs du secteur.<\/p>\n<p>Enfin, le potentiel de d\u00e9veloppement de l&rsquo;agriculture dans les zones d\u00e9sertiques tunisiennes a \u00e9t\u00e9 soulign\u00e9. Les exp\u00e9riences men\u00e9es \u00e0 Rejim Maatoug et El Mahdia ont d\u00e9montr\u00e9 que ces r\u00e9gions peuvent \u00eatre transform\u00e9es en terres fertiles, capables de produire non seulement des dattes et des olives, mais aussi une grande vari\u00e9t\u00e9 de l\u00e9gumes et de fruits. Le Pr\u00e9sident a appel\u00e9 \u00e0 une action rapide pour exploiter ce potentiel et cr\u00e9er de nouvelles zones agricoles prosp\u00e8res dans le d\u00e9sert tunisien.<\/p>\n","protected":false},"excerpt":{"rendered":"<p>Ka\u00efs Sa\u00efed annonce des mesures cl\u00e9s pour r\u00e9soudre les d\u00e9fis de l&rsquo;eau et de l&rsquo;agriculture, notamment la modernisation des barrages, le d\u00e9veloppement du dessaleme&#8230;<\/p>\n","protected":false},"author":3169,"featured_media":247241,"comment_status":"open","ping_status":"closed","sticky":false,"template":"","format":"standard","meta":{"footnotes":""},"categories":[44],"tags":[3271,2632,3878,2631,2614,2608],"class_list":["post-214575","post","type-post","status-publish","format-standard","has-post-thumbnail","hentry","category-national","tag-agriculture","tag-barrages","tag-dessalement","tag-eau","tag-kais-saied","tag-tunisie"],"yoast_head":"<!-- This site is optimized with the Yoast SEO Premium plugin v27.5 (Yoast SEO v27.5) - https:\/\/yoast.com\/product\/yoast-seo-premium-wordpress\/ -->\n<title>Kais Saied mise sur l&#039;agriculture d\u00e9sertique et l&#039;eau durable<\/title>\n<meta name=\"description\" content=\"Ka\u00efs Sa\u00efed annonce des mesures cl\u00e9s pour r\u00e9soudre les d\u00e9fis de l&#039;eau et de l&#039;agriculture, notamment la modernisation des barrages, le d\u00e9veloppement du dessaleme...\" \/>\n<link rel=\"canonical\" href=\"https:\/\/www.webdo.tn\/fr\/actualite\/national\/kais-saied-mise-sur-l-agriculture-desertique-et-la-gestion-durable-des-ressources-en-eau\/214575\/\" \/>\n<meta property=\"og:locale\" content=\"fr_FR\" \/>\n<meta property=\"og:type\" content=\"article\" \/>\n<meta property=\"og:title\" content=\"Kais Saied mise sur l&#039;agriculture d\u00e9sertique et l&#039;eau durable\" \/>\n<meta property=\"og:description\" content=\"Ka\u00efs Sa\u00efed annonce des mesures cl\u00e9s pour r\u00e9soudre les d\u00e9fis de l&#039;eau et de l&#039;agriculture, notamment la modernisation des barrages, le d\u00e9veloppement du dessaleme...\" \/>\n<meta property=\"og:url\" content=\"https:\/\/www.webdo.tn\/fr\/actualite\/national\/kais-saied-mise-sur-l-agriculture-desertique-et-la-gestion-durable-des-ressources-en-eau\/214575\/\" \/>\n<meta property=\"og:site_name\" content=\"webdo\" \/>\n<meta property=\"article:publisher\" content=\"https:\/\/www.facebook.com\/webdotn\" \/>\n<meta property=\"article:published_time\" content=\"2024-06-04T08:29:00+00:00\" \/>\n<meta property=\"article:modified_time\" content=\"2025-05-21T09:10:43+00:00\" \/>\n<meta property=\"og:image\" content=\"https:\/\/www.webdo.tn\/fr\/wp-content\/uploads\/2024\/06\/31b6a3bba7808ba6cec8c11d6be8c497.webp\" \/>\n\t<meta property=\"og:image:width\" content=\"750\" \/>\n\t<meta property=\"og:image:height\" content=\"400\" \/>\n\t<meta property=\"og:image:type\" content=\"image\/webp\" \/>\n<meta name=\"author\" content=\"Webdo\" \/>\n<meta name=\"twitter:card\" content=\"summary_large_image\" \/>\n<meta name=\"twitter:creator\" content=\"@webdo_tn\" \/>\n<meta name=\"twitter:site\" content=\"@webdo_tn\" \/>\n<meta name=\"twitter:label1\" content=\"\u00c9crit par\" \/>\n\t<meta name=\"twitter:data1\" content=\"Webdo\" \/>\n\t<meta name=\"twitter:label2\" content=\"Dur\u00e9e de lecture estim\u00e9e\" \/>\n\t<meta name=\"twitter:data2\" content=\"2 minutes\" \/>\n<script type=\"application\/ld+json\" class=\"yoast-schema-graph\">{\"@context\":\"https:\\\/\\\/schema.org\",\"@graph\":[{\"@type\":\"NewsArticle\",\"@id\":\"https:\\\/\\\/www.webdo.tn\\\/fr\\\/actualite\\\/national\\\/kais-saied-mise-sur-l-agriculture-desertique-et-la-gestion-durable-des-ressources-en-eau\\\/214575\\\/#article\",\"isPartOf\":{\"@id\":\"https:\\\/\\\/www.webdo.tn\\\/fr\\\/actualite\\\/national\\\/kais-saied-mise-sur-l-agriculture-desertique-et-la-gestion-durable-des-ressources-en-eau\\\/214575\\\/\"},\"author\":{\"name\":\"Webdo\",\"@id\":\"https:\\\/\\\/www.webdo.tn\\\/fr\\\/#\\\/schema\\\/person\\\/1f4e491e0907b413d61089e8eb573acc\"},\"headline\":\"Kais Saied mise sur l&rsquo;agriculture d\u00e9sertique et l&rsquo;eau durable\",\"datePublished\":\"2024-06-04T08:29:00+00:00\",\"dateModified\":\"2025-05-21T09:10:43+00:00\",\"mainEntityOfPage\":{\"@id\":\"https:\\\/\\\/www.webdo.tn\\\/fr\\\/actualite\\\/national\\\/kais-saied-mise-sur-l-agriculture-desertique-et-la-gestion-durable-des-ressources-en-eau\\\/214575\\\/\"},\"wordCount\":445,\"commentCount\":0,\"publisher\":{\"@id\":\"https:\\\/\\\/www.webdo.tn\\\/fr\\\/#organization\"},\"image\":{\"@id\":\"https:\\\/\\\/www.webdo.tn\\\/fr\\\/actualite\\\/national\\\/kais-saied-mise-sur-l-agriculture-desertique-et-la-gestion-durable-des-ressources-en-eau\\\/214575\\\/#primaryimage\"},\"thumbnailUrl\":\"https:\\\/\\\/www.webdo.tn\\\/fr\\\/wp-content\\\/uploads\\\/2024\\\/06\\\/31b6a3bba7808ba6cec8c11d6be8c497.webp\",\"keywords\":[\"agriculture\",\"barrages\",\"Dessalement\",\"eau\",\"Kais Saied\",\"Tunisie\"],\"articleSection\":[\"National\"],\"inLanguage\":\"fr-FR\"},{\"@type\":\"WebPage\",\"@id\":\"https:\\\/\\\/www.webdo.tn\\\/fr\\\/actualite\\\/national\\\/kais-saied-mise-sur-l-agriculture-desertique-et-la-gestion-durable-des-ressources-en-eau\\\/214575\\\/\",\"url\":\"https:\\\/\\\/www.webdo.tn\\\/fr\\\/actualite\\\/national\\\/kais-saied-mise-sur-l-agriculture-desertique-et-la-gestion-durable-des-ressources-en-eau\\\/214575\\\/\",\"name\":\"Kais Saied mise sur l'agriculture d\u00e9sertique et l'eau durable\",\"isPartOf\":{\"@id\":\"https:\\\/\\\/www.webdo.tn\\\/fr\\\/#website\"},\"primaryImageOfPage\":{\"@id\":\"https:\\\/\\\/www.webdo.tn\\\/fr\\\/actualite\\\/national\\\/kais-saied-mise-sur-l-agriculture-desertique-et-la-gestion-durable-des-ressources-en-eau\\\/214575\\\/#primaryimage\"},\"image\":{\"@id\":\"https:\\\/\\\/www.webdo.tn\\\/fr\\\/actualite\\\/national\\\/kais-saied-mise-sur-l-agriculture-desertique-et-la-gestion-durable-des-ressources-en-eau\\\/214575\\\/#primaryimage\"},\"thumbnailUrl\":\"https:\\\/\\\/www.webdo.tn\\\/fr\\\/wp-content\\\/uploads\\\/2024\\\/06\\\/31b6a3bba7808ba6cec8c11d6be8c497.webp\",\"datePublished\":\"2024-06-04T08:29:00+00:00\",\"dateModified\":\"2025-05-21T09:10:43+00:00\",\"description\":\"Ka\u00efs Sa\u00efed annonce des mesures cl\u00e9s pour r\u00e9soudre les d\u00e9fis de l'eau et de l'agriculture, notamment la modernisation des barrages, le d\u00e9veloppement du dessaleme...\",\"breadcrumb\":{\"@id\":\"https:\\\/\\\/www.webdo.tn\\\/fr\\\/actualite\\\/national\\\/kais-saied-mise-sur-l-agriculture-desertique-et-la-gestion-durable-des-ressources-en-eau\\\/214575\\\/#breadcrumb\"},\"inLanguage\":\"fr-FR\",\"potentialAction\":[{\"@type\":\"ReadAction\",\"target\":[\"https:\\\/\\\/www.webdo.tn\\\/fr\\\/actualite\\\/national\\\/kais-saied-mise-sur-l-agriculture-desertique-et-la-gestion-durable-des-ressources-en-eau\\\/214575\\\/\"]}]},{\"@type\":\"ImageObject\",\"inLanguage\":\"fr-FR\",\"@id\":\"https:\\\/\\\/www.webdo.tn\\\/fr\\\/actualite\\\/national\\\/kais-saied-mise-sur-l-agriculture-desertique-et-la-gestion-durable-des-ressources-en-eau\\\/214575\\\/#primaryimage\",\"url\":\"https:\\\/\\\/www.webdo.tn\\\/fr\\\/wp-content\\\/uploads\\\/2024\\\/06\\\/31b6a3bba7808ba6cec8c11d6be8c497.webp\",\"contentUrl\":\"https:\\\/\\\/www.webdo.tn\\\/fr\\\/wp-content\\\/uploads\\\/2024\\\/06\\\/31b6a3bba7808ba6cec8c11d6be8c497.webp\",\"width\":750,\"height\":400,\"caption\":\"Kais Saied mise sur l'agriculture d\u00e9sertique et l'eau durable\"},{\"@type\":\"BreadcrumbList\",\"@id\":\"https:\\\/\\\/www.webdo.tn\\\/fr\\\/actualite\\\/national\\\/kais-saied-mise-sur-l-agriculture-desertique-et-la-gestion-durable-des-ressources-en-eau\\\/214575\\\/#breadcrumb\",\"itemListElement\":[{\"@type\":\"ListItem\",\"position\":1,\"name\":\"Accueil\",\"item\":\"https:\\\/\\\/www.webdo.tn\\\/fr\\\/\"},{\"@type\":\"ListItem\",\"position\":2,\"name\":\"Kais Saied mise sur l&#8217;agriculture d\u00e9sertique et l&#8217;eau durable\"}]},{\"@type\":\"WebSite\",\"@id\":\"https:\\\/\\\/www.webdo.tn\\\/fr\\\/#website\",\"url\":\"https:\\\/\\\/www.webdo.tn\\\/fr\\\/\",\"name\":\"webdo\",\"description\":\"Tunisie - News en Tunisie et \u00e0 l&#039;international sur Webdo.tn\",\"publisher\":{\"@id\":\"https:\\\/\\\/www.webdo.tn\\\/fr\\\/#organization\"},\"potentialAction\":[{\"@type\":\"SearchAction\",\"target\":{\"@type\":\"EntryPoint\",\"urlTemplate\":\"https:\\\/\\\/www.webdo.tn\\\/fr\\\/?s={search_term_string}\"},\"query-input\":{\"@type\":\"PropertyValueSpecification\",\"valueRequired\":true,\"valueName\":\"search_term_string\"}}],\"inLanguage\":\"fr-FR\"},{\"@type\":\"Organization\",\"@id\":\"https:\\\/\\\/www.webdo.tn\\\/fr\\\/#organization\",\"name\":\"Webdo\",\"alternateName\":\"Webdo.tn\",\"url\":\"https:\\\/\\\/www.webdo.tn\\\/fr\\\/\",\"logo\":{\"@type\":\"ImageObject\",\"inLanguage\":\"fr-FR\",\"@id\":\"https:\\\/\\\/www.webdo.tn\\\/fr\\\/#\\\/schema\\\/logo\\\/image\\\/\",\"url\":\"https:\\\/\\\/www.webdo.tn\\\/fr\\\/wp-content\\\/uploads\\\/2025\\\/06\\\/Webdo-Tunisie_168377.jpg\",\"contentUrl\":\"https:\\\/\\\/www.webdo.tn\\\/fr\\\/wp-content\\\/uploads\\\/2025\\\/06\\\/Webdo-Tunisie_168377.jpg\",\"width\":301,\"height\":301,\"caption\":\"Webdo\"},\"image\":{\"@id\":\"https:\\\/\\\/www.webdo.tn\\\/fr\\\/#\\\/schema\\\/logo\\\/image\\\/\"},\"sameAs\":[\"https:\\\/\\\/www.facebook.com\\\/webdotn\",\"https:\\\/\\\/x.com\\\/webdo_tn\"],\"description\":\"Webdo est un m\u00e9dia num\u00e9rique tunisien fond\u00e9 en 2010, sp\u00e9cialis\u00e9 dans l\u2019actualit\u00e9 nationale et internationale, l\u2019\u00e9conomie, la soci\u00e9t\u00e9 et les analyses politiques. Le site s\u2019adresse \u00e0 un large public francophone et couvre l\u2019information tunisienne en temps r\u00e9el.\",\"email\":\"redac@webdo.tn\",\"legalName\":\"YNJ SARL\",\"foundingDate\":\"2010-09-06\",\"numberOfEmployees\":{\"@type\":\"QuantitativeValue\",\"minValue\":\"11\",\"maxValue\":\"50\"}},{\"@type\":\"Person\",\"@id\":\"https:\\\/\\\/www.webdo.tn\\\/fr\\\/#\\\/schema\\\/person\\\/1f4e491e0907b413d61089e8eb573acc\",\"name\":\"Webdo\",\"image\":{\"@type\":\"ImageObject\",\"inLanguage\":\"fr-FR\",\"@id\":\"https:\\\/\\\/secure.gravatar.com\\\/avatar\\\/de97aeec1bb80978a9dbb127e47dfc88aaacb2f3c29aac907d8d3222e3495d49?s=96&d=mm&r=g\",\"url\":\"https:\\\/\\\/secure.gravatar.com\\\/avatar\\\/de97aeec1bb80978a9dbb127e47dfc88aaacb2f3c29aac907d8d3222e3495d49?s=96&d=mm&r=g\",\"contentUrl\":\"https:\\\/\\\/secure.gravatar.com\\\/avatar\\\/de97aeec1bb80978a9dbb127e47dfc88aaacb2f3c29aac907d8d3222e3495d49?s=96&d=mm&r=g\",\"caption\":\"Webdo\"},\"url\":\"https:\\\/\\\/www.webdo.tn\\\/fr\\\/actualite\\\/author\\\/webdo\\\/\"}]}<\/script>\n<!-- \/ Yoast SEO Premium plugin. -->","yoast_head_json":{"title":"Kais Saied mise sur l'agriculture d\u00e9sertique et l'eau durable","description":"Ka\u00efs Sa\u00efed annonce des mesures cl\u00e9s pour r\u00e9soudre les d\u00e9fis de l'eau et de l'agriculture, notamment la modernisation des barrages, le d\u00e9veloppement du dessaleme...","canonical":"https:\/\/www.webdo.tn\/fr\/actualite\/national\/kais-saied-mise-sur-l-agriculture-desertique-et-la-gestion-durable-des-ressources-en-eau\/214575\/","og_locale":"fr_FR","og_type":"article","og_title":"Kais Saied mise sur l'agriculture d\u00e9sertique et l'eau durable","og_description":"Ka\u00efs Sa\u00efed annonce des mesures cl\u00e9s pour r\u00e9soudre les d\u00e9fis de l'eau et de l'agriculture, notamment la modernisation des barrages, le d\u00e9veloppement du dessaleme...","og_url":"https:\/\/www.webdo.tn\/fr\/actualite\/national\/kais-saied-mise-sur-l-agriculture-desertique-et-la-gestion-durable-des-ressources-en-eau\/214575\/","og_site_name":"webdo","article_publisher":"https:\/\/www.facebook.com\/webdotn","article_published_time":"2024-06-04T08:29:00+00:00","article_modified_time":"2025-05-21T09:10:43+00:00","og_image":[{"width":750,"height":400,"url":"https:\/\/www.webdo.tn\/fr\/wp-content\/uploads\/2024\/06\/31b6a3bba7808ba6cec8c11d6be8c497.webp","type":"image\/webp"}],"author":"Webdo","twitter_card":"summary_large_image","twitter_creator":"@webdo_tn","twitter_site":"@webdo_tn","twitter_misc":{"\u00c9crit par":"Webdo","Dur\u00e9e de lecture estim\u00e9e":"2 minutes"},"schema":{"@context":"https:\/\/schema.org","@graph":[{"@type":"NewsArticle","@id":"https:\/\/www.webdo.tn\/fr\/actualite\/national\/kais-saied-mise-sur-l-agriculture-desertique-et-la-gestion-durable-des-ressources-en-eau\/214575\/#article","isPartOf":{"@id":"https:\/\/www.webdo.tn\/fr\/actualite\/national\/kais-saied-mise-sur-l-agriculture-desertique-et-la-gestion-durable-des-ressources-en-eau\/214575\/"},"author":{"name":"Webdo","@id":"https:\/\/www.webdo.tn\/fr\/#\/schema\/person\/1f4e491e0907b413d61089e8eb573acc"},"headline":"Kais Saied mise sur l&rsquo;agriculture d\u00e9sertique et l&rsquo;eau durable","datePublished":"2024-06-04T08:29:00+00:00","dateModified":"2025-05-21T09:10:43+00:00","mainEntityOfPage":{"@id":"https:\/\/www.webdo.tn\/fr\/actualite\/national\/kais-saied-mise-sur-l-agriculture-desertique-et-la-gestion-durable-des-ressources-en-eau\/214575\/"},"wordCount":445,"commentCount":0,"publisher":{"@id":"https:\/\/www.webdo.tn\/fr\/#organization"},"image":{"@id":"https:\/\/www.webdo.tn\/fr\/actualite\/national\/kais-saied-mise-sur-l-agriculture-desertique-et-la-gestion-durable-des-ressources-en-eau\/214575\/#primaryimage"},"thumbnailUrl":"https:\/\/www.webdo.tn\/fr\/wp-content\/uploads\/2024\/06\/31b6a3bba7808ba6cec8c11d6be8c497.webp","keywords":["agriculture","barrages","Dessalement","eau","Kais Saied","Tunisie"],"articleSection":["National"],"inLanguage":"fr-FR"},{"@type":"WebPage","@id":"https:\/\/www.webdo.tn\/fr\/actualite\/national\/kais-saied-mise-sur-l-agriculture-desertique-et-la-gestion-durable-des-ressources-en-eau\/214575\/","url":"https:\/\/www.webdo.tn\/fr\/actualite\/national\/kais-saied-mise-sur-l-agriculture-desertique-et-la-gestion-durable-des-ressources-en-eau\/214575\/","name":"Kais Saied mise sur l'agriculture d\u00e9sertique et l'eau durable","isPartOf":{"@id":"https:\/\/www.webdo.tn\/fr\/#website"},"primaryImageOfPage":{"@id":"https:\/\/www.webdo.tn\/fr\/actualite\/national\/kais-saied-mise-sur-l-agriculture-desertique-et-la-gestion-durable-des-ressources-en-eau\/214575\/#primaryimage"},"image":{"@id":"https:\/\/www.webdo.tn\/fr\/actualite\/national\/kais-saied-mise-sur-l-agriculture-desertique-et-la-gestion-durable-des-ressources-en-eau\/214575\/#primaryimage"},"thumbnailUrl":"https:\/\/www.webdo.tn\/fr\/wp-content\/uploads\/2024\/06\/31b6a3bba7808ba6cec8c11d6be8c497.webp","datePublished":"2024-06-04T08:29:00+00:00","dateModified":"2025-05-21T09:10:43+00:00","description":"Ka\u00efs Sa\u00efed annonce des mesures cl\u00e9s pour r\u00e9soudre les d\u00e9fis de l'eau et de l'agriculture, notamment la modernisation des barrages, le d\u00e9veloppement du dessaleme...","breadcrumb":{"@id":"https:\/\/www.webdo.tn\/fr\/actualite\/national\/kais-saied-mise-sur-l-agriculture-desertique-et-la-gestion-durable-des-ressources-en-eau\/214575\/#breadcrumb"},"inLanguage":"fr-FR","potentialAction":[{"@type":"ReadAction","target":["https:\/\/www.webdo.tn\/fr\/actualite\/national\/kais-saied-mise-sur-l-agriculture-desertique-et-la-gestion-durable-des-ressources-en-eau\/214575\/"]}]},{"@type":"ImageObject","inLanguage":"fr-FR","@id":"https:\/\/www.webdo.tn\/fr\/actualite\/national\/kais-saied-mise-sur-l-agriculture-desertique-et-la-gestion-durable-des-ressources-en-eau\/214575\/#primaryimage","url":"https:\/\/www.webdo.tn\/fr\/wp-content\/uploads\/2024\/06\/31b6a3bba7808ba6cec8c11d6be8c497.webp","contentUrl":"https:\/\/www.webdo.tn\/fr\/wp-content\/uploads\/2024\/06\/31b6a3bba7808ba6cec8c11d6be8c497.webp","width":750,"height":400,"caption":"Kais Saied mise sur l'agriculture d\u00e9sertique et l'eau durable"},{"@type":"BreadcrumbList","@id":"https:\/\/www.webdo.tn\/fr\/actualite\/national\/kais-saied-mise-sur-l-agriculture-desertique-et-la-gestion-durable-des-ressources-en-eau\/214575\/#breadcrumb","itemListElement":[{"@type":"ListItem","position":1,"name":"Accueil","item":"https:\/\/www.webdo.tn\/fr\/"},{"@type":"ListItem","position":2,"name":"Kais Saied mise sur l&#8217;agriculture d\u00e9sertique et l&#8217;eau durable"}]},{"@type":"WebSite","@id":"https:\/\/www.webdo.tn\/fr\/#website","url":"https:\/\/www.webdo.tn\/fr\/","name":"webdo","description":"Tunisie - News en Tunisie et \u00e0 l&#039;international sur Webdo.tn","publisher":{"@id":"https:\/\/www.webdo.tn\/fr\/#organization"},"potentialAction":[{"@type":"SearchAction","target":{"@type":"EntryPoint","urlTemplate":"https:\/\/www.webdo.tn\/fr\/?s={search_term_string}"},"query-input":{"@type":"PropertyValueSpecification","valueRequired":true,"valueName":"search_term_string"}}],"inLanguage":"fr-FR"},{"@type":"Organization","@id":"https:\/\/www.webdo.tn\/fr\/#organization","name":"Webdo","alternateName":"Webdo.tn","url":"https:\/\/www.webdo.tn\/fr\/","logo":{"@type":"ImageObject","inLanguage":"fr-FR","@id":"https:\/\/www.webdo.tn\/fr\/#\/schema\/logo\/image\/","url":"https:\/\/www.webdo.tn\/fr\/wp-content\/uploads\/2025\/06\/Webdo-Tunisie_168377.jpg","contentUrl":"https:\/\/www.webdo.tn\/fr\/wp-content\/uploads\/2025\/06\/Webdo-Tunisie_168377.jpg","width":301,"height":301,"caption":"Webdo"},"image":{"@id":"https:\/\/www.webdo.tn\/fr\/#\/schema\/logo\/image\/"},"sameAs":["https:\/\/www.facebook.com\/webdotn","https:\/\/x.com\/webdo_tn"],"description":"Webdo est un m\u00e9dia num\u00e9rique tunisien fond\u00e9 en 2010, sp\u00e9cialis\u00e9 dans l\u2019actualit\u00e9 nationale et internationale, l\u2019\u00e9conomie, la soci\u00e9t\u00e9 et les analyses politiques. Le site s\u2019adresse \u00e0 un large public francophone et couvre l\u2019information tunisienne en temps r\u00e9el.","email":"redac@webdo.tn","legalName":"YNJ SARL","foundingDate":"2010-09-06","numberOfEmployees":{"@type":"QuantitativeValue","minValue":"11","maxValue":"50"}},{"@type":"Person","@id":"https:\/\/www.webdo.tn\/fr\/#\/schema\/person\/1f4e491e0907b413d61089e8eb573acc","name":"Webdo","image":{"@type":"ImageObject","inLanguage":"fr-FR","@id":"https:\/\/secure.gravatar.com\/avatar\/de97aeec1bb80978a9dbb127e47dfc88aaacb2f3c29aac907d8d3222e3495d49?s=96&d=mm&r=g","url":"https:\/\/secure.gravatar.com\/avatar\/de97aeec1bb80978a9dbb127e47dfc88aaacb2f3c29aac907d8d3222e3495d49?s=96&d=mm&r=g","contentUrl":"https:\/\/secure.gravatar.com\/avatar\/de97aeec1bb80978a9dbb127e47dfc88aaacb2f3c29aac907d8d3222e3495d49?s=96&d=mm&r=g","caption":"Webdo"},"url":"https:\/\/www.webdo.tn\/fr\/actualite\/author\/webdo\/"}]}},"_links":{"self":[{"href":"https:\/\/www.webdo.tn\/fr\/wp-json\/wp\/v2\/posts\/214575","targetHints":{"allow":["GET"]}}],"collection":[{"href":"https:\/\/www.webdo.tn\/fr\/wp-json\/wp\/v2\/posts"}],"about":[{"href":"https:\/\/www.webdo.tn\/fr\/wp-json\/wp\/v2\/types\/post"}],"author":[{"embeddable":true,"href":"https:\/\/www.webdo.tn\/fr\/wp-json\/wp\/v2\/users\/3169"}],"replies":[{"embeddable":true,"href":"https:\/\/www.webdo.tn\/fr\/wp-json\/wp\/v2\/comments?post=214575"}],"version-history":[{"count":0,"href":"https:\/\/www.webdo.tn\/fr\/wp-json\/wp\/v2\/posts\/214575\/revisions"}],"wp:featuredmedia":[{"embeddable":true,"href":"https:\/\/www.webdo.tn\/fr\/wp-json\/wp\/v2\/media\/247241"}],"wp:attachment":[{"href":"https:\/\/www.webdo.tn\/fr\/wp-json\/wp\/v2\/media?parent=214575"}],"wp:term":[{"taxonomy":"category","embeddable":true,"href":"https:\/\/www.webdo.tn\/fr\/wp-json\/wp\/v2\/categories?post=214575"},{"taxonomy":"post_tag","embeddable":true,"href":"https:\/\/www.webdo.tn\/fr\/wp-json\/wp\/v2\/tags?post=214575"}],"curies":[{"name":"wp","href":"https:\/\/api.w.org\/{rel}","templated":true}]}}