{"id":214555,"date":"2024-06-03T11:21:00","date_gmt":"2024-06-03T11:21:00","guid":{"rendered":"https:\/\/www.webdo.tn\/fr\/blog\/tunisie-le-tarif-du-visa-schengen-de-type-c-passe-a-90-a-partir-du-11-juin\/214555\/"},"modified":"2025-05-20T21:50:23","modified_gmt":"2025-05-20T21:50:23","slug":"tunisie-le-tarif-du-visa-schengen-de-type-c-passe-a-90-a-partir-du-11-juin","status":"publish","type":"post","link":"https:\/\/www.webdo.tn\/fr\/actualite\/national\/tunisie-le-tarif-du-visa-schengen-de-type-c-passe-a-90-a-partir-du-11-juin\/214555\/","title":{"rendered":"Tunisie : Le tarif du visa Schengen de type C passe \u00e0 90\u20ac \u00e0 partir du 11 juin"},"content":{"rendered":"<p>Cela concerne tous les ressortissants de pays tiers dont les Tunisiens ! Les frais de visa court s\u00e9jour pour les adultes passeront de 80\u20ac \u00e0 90\u20ac \u00e0 partir du 11 juin prochain.<\/p>\n<p>\t\t\t\t\t\t\t\t\tUne hausse des frais de demande de visas, \u00e9tait dans l\u2019air depuis des semaines. Cette hausse de 12% a \u00e9t\u00e9 approuv\u00e9e par la Commission europ\u00e9enne, et l&rsquo;augmentation des tarifs de visas sera appliqu\u00e9e le 11 juin prochain.<\/p>\n<p>A partir de cette date, les frais de demande de visa Schengen augmenteront donc pour les ressortissants de pays tiers. Les frais de visa pour les adultes demandant un visa de court s\u00e9jour (visa de type C) pour un pays de l\u2019Union europ\u00e9enne, passeront de 80\u20ac \u00e0 90\u20ac. Pour les enfants \u00e2g\u00e9s de six \u00e0 douze ans, les frais passeront de 40\u20ac \u00e0 45\u20ac, rapporte SchengenNews.<\/p>\n<p>Les frais de visa sont fix\u00e9s par r\u00e8glement de la Commission europ\u00e9enne, apr\u00e8s consultation de l\u2019ensemble des 27 Etats-membres de l\u2019espace Schengen. La Commission europ\u00e9enne a adopt\u00e9 cette hausse des tarifs, qui seront appliqu\u00e9s pour tous les pays tiers n\u00e9cessitant un visa d\u2019entr\u00e9e dans l\u2019espace Schengen et par tous les consulats des Etats-membres.<\/p>\n<p>Rappelons qu\u2019en 2023, 159.740 Tunisiens ont demand\u00e9 un visa Schengen, avec 122.584 demandes approuv\u00e9es, ce qui repr\u00e9sente un taux d&rsquo;approbation d&rsquo;environ 76,74 %. Le Consulat de France a r\u00e9ceptionn\u00e9 118.846 demandes de visas et environ 94.700 ont \u00e9t\u00e9 accord\u00e9s sachant que 70% des visas Schengen d\u00e9livr\u00e9s en Tunisie, l&rsquo;ont \u00e9t\u00e9 par le consulat de France.<\/p>\n<p>Par ailleurs, les Tunisiens ont d\u00e9pens\u00e9 12.779,200\u20ac en demandes de visa Schengen en 2023. Avec la nouvelle structure tarifaire, si le m\u00eame nombre de personnes fait une demande, la d\u00e9pense totale s&rsquo;\u00e9l\u00e8vera \u00e0 14.376,600\u20ac.<\/p>\n<p>Cette d\u00e9cision intervient alors que l&rsquo;UE signale une augmentation de 36,3% du nombre de visas d\u00e9livr\u00e9s en 2023 par rapport \u00e0 2022. Cependant, ce chiffre reste inf\u00e9rieur de 39% par rapport \u00e0 2019, lorsque les \u00c9tats Schengen ont re\u00e7u 16 millions de demandes.<\/p>\n","protected":false},"excerpt":{"rendered":"<p>Une hausse des frais de demande de visas, \u00e9tait dans l\u2019air depuis des semaines. Cette hausse de 12% a \u00e9t\u00e9 approuv\u00e9e par la Commission europ\u00e9enne, et l&rsquo;augmentat&#8230;<\/p>\n","protected":false},"author":3162,"featured_media":247257,"comment_status":"open","ping_status":"closed","sticky":false,"template":"","format":"standard","meta":{"footnotes":""},"categories":[44],"tags":[3410,2608,2897,2896,3109,6378],"class_list":["post-214555","post","type-post","status-publish","format-standard","has-post-thumbnail","hentry","category-national","tag-tarif","tag-tunisie","tag-ue","tag-union-europeenne","tag-visa","tag-visa-schengen"],"yoast_head":"<!-- This site is optimized with the Yoast SEO Premium plugin v27.4 (Yoast SEO v27.5) - https:\/\/yoast.com\/product\/yoast-seo-premium-wordpress\/ -->\n<title>Tunisie : Le tarif du visa Schengen de type C passe \u00e0 90\u20ac \u00e0 partir du 11 juin<\/title>\n<meta name=\"description\" content=\"Une hausse des frais de demande de visas, \u00e9tait dans l\u2019air depuis des semaines. Cette hausse de 12% a \u00e9t\u00e9 approuv\u00e9e par la Commission europ\u00e9enne, et l&#039;augmentat...\" \/>\n<link rel=\"canonical\" href=\"https:\/\/www.webdo.tn\/fr\/actualite\/national\/tunisie-le-tarif-du-visa-schengen-de-type-c-passe-a-90-a-partir-du-11-juin\/214555\/\" \/>\n<meta property=\"og:locale\" content=\"fr_FR\" \/>\n<meta property=\"og:type\" content=\"article\" \/>\n<meta property=\"og:title\" content=\"Tunisie : Le tarif du visa Schengen de type C passe \u00e0 90\u20ac \u00e0 partir du 11 juin\" \/>\n<meta property=\"og:description\" content=\"Une hausse des frais de demande de visas, \u00e9tait dans l\u2019air depuis des semaines. Cette hausse de 12% a \u00e9t\u00e9 approuv\u00e9e par la Commission europ\u00e9enne, et l&#039;augmentat...\" \/>\n<meta property=\"og:url\" content=\"https:\/\/www.webdo.tn\/fr\/actualite\/national\/tunisie-le-tarif-du-visa-schengen-de-type-c-passe-a-90-a-partir-du-11-juin\/214555\/\" \/>\n<meta property=\"og:site_name\" content=\"webdo\" \/>\n<meta property=\"article:publisher\" content=\"https:\/\/www.facebook.com\/webdotn\" \/>\n<meta property=\"article:published_time\" content=\"2024-06-03T11:21:00+00:00\" \/>\n<meta property=\"article:modified_time\" content=\"2025-05-20T21:50:23+00:00\" \/>\n<meta property=\"og:image\" content=\"https:\/\/www.webdo.tn\/fr\/wp-content\/uploads\/2024\/06\/a96038dc19deb15a86b781fed37b4eaf.webp\" \/>\n\t<meta property=\"og:image:width\" content=\"618\" \/>\n\t<meta property=\"og:image:height\" content=\"330\" \/>\n\t<meta property=\"og:image:type\" content=\"image\/webp\" \/>\n<meta name=\"author\" content=\"MC\" \/>\n<meta name=\"twitter:card\" content=\"summary_large_image\" \/>\n<meta name=\"twitter:creator\" content=\"@webdo_tn\" \/>\n<meta name=\"twitter:site\" content=\"@webdo_tn\" \/>\n<meta name=\"twitter:label1\" content=\"\u00c9crit par\" \/>\n\t<meta name=\"twitter:data1\" content=\"MC\" \/>\n\t<meta name=\"twitter:label2\" content=\"Dur\u00e9e de lecture estim\u00e9e\" \/>\n\t<meta name=\"twitter:data2\" content=\"2 minutes\" \/>\n<script type=\"application\/ld+json\" class=\"yoast-schema-graph\">{\"@context\":\"https:\\\/\\\/schema.org\",\"@graph\":[{\"@type\":\"NewsArticle\",\"@id\":\"https:\\\/\\\/www.webdo.tn\\\/fr\\\/actualite\\\/national\\\/tunisie-le-tarif-du-visa-schengen-de-type-c-passe-a-90-a-partir-du-11-juin\\\/214555\\\/#article\",\"isPartOf\":{\"@id\":\"https:\\\/\\\/www.webdo.tn\\\/fr\\\/actualite\\\/national\\\/tunisie-le-tarif-du-visa-schengen-de-type-c-passe-a-90-a-partir-du-11-juin\\\/214555\\\/\"},\"author\":{\"name\":\"MC\",\"@id\":\"https:\\\/\\\/www.webdo.tn\\\/fr\\\/#\\\/schema\\\/person\\\/2c4929cbf5a809e3bd38617c6ce150f6\"},\"headline\":\"Tunisie : Le tarif du visa Schengen de type C passe \u00e0 90\u20ac \u00e0 partir du 11 juin\",\"datePublished\":\"2024-06-03T11:21:00+00:00\",\"dateModified\":\"2025-05-20T21:50:23+00:00\",\"mainEntityOfPage\":{\"@id\":\"https:\\\/\\\/www.webdo.tn\\\/fr\\\/actualite\\\/national\\\/tunisie-le-tarif-du-visa-schengen-de-type-c-passe-a-90-a-partir-du-11-juin\\\/214555\\\/\"},\"wordCount\":340,\"commentCount\":0,\"publisher\":{\"@id\":\"https:\\\/\\\/www.webdo.tn\\\/fr\\\/#organization\"},\"image\":{\"@id\":\"https:\\\/\\\/www.webdo.tn\\\/fr\\\/actualite\\\/national\\\/tunisie-le-tarif-du-visa-schengen-de-type-c-passe-a-90-a-partir-du-11-juin\\\/214555\\\/#primaryimage\"},\"thumbnailUrl\":\"https:\\\/\\\/www.webdo.tn\\\/fr\\\/wp-content\\\/uploads\\\/2024\\\/06\\\/a96038dc19deb15a86b781fed37b4eaf.webp\",\"keywords\":[\"tarif\",\"Tunisie\",\"UE\",\"Union europ\u00e9enne\",\"visa\",\"visa Schengen\"],\"articleSection\":[\"National\"],\"inLanguage\":\"fr-FR\"},{\"@type\":\"WebPage\",\"@id\":\"https:\\\/\\\/www.webdo.tn\\\/fr\\\/actualite\\\/national\\\/tunisie-le-tarif-du-visa-schengen-de-type-c-passe-a-90-a-partir-du-11-juin\\\/214555\\\/\",\"url\":\"https:\\\/\\\/www.webdo.tn\\\/fr\\\/actualite\\\/national\\\/tunisie-le-tarif-du-visa-schengen-de-type-c-passe-a-90-a-partir-du-11-juin\\\/214555\\\/\",\"name\":\"Tunisie : Le tarif du visa Schengen de type C passe \u00e0 90\u20ac \u00e0 partir du 11 juin\",\"isPartOf\":{\"@id\":\"https:\\\/\\\/www.webdo.tn\\\/fr\\\/#website\"},\"primaryImageOfPage\":{\"@id\":\"https:\\\/\\\/www.webdo.tn\\\/fr\\\/actualite\\\/national\\\/tunisie-le-tarif-du-visa-schengen-de-type-c-passe-a-90-a-partir-du-11-juin\\\/214555\\\/#primaryimage\"},\"image\":{\"@id\":\"https:\\\/\\\/www.webdo.tn\\\/fr\\\/actualite\\\/national\\\/tunisie-le-tarif-du-visa-schengen-de-type-c-passe-a-90-a-partir-du-11-juin\\\/214555\\\/#primaryimage\"},\"thumbnailUrl\":\"https:\\\/\\\/www.webdo.tn\\\/fr\\\/wp-content\\\/uploads\\\/2024\\\/06\\\/a96038dc19deb15a86b781fed37b4eaf.webp\",\"datePublished\":\"2024-06-03T11:21:00+00:00\",\"dateModified\":\"2025-05-20T21:50:23+00:00\",\"description\":\"Une hausse des frais de demande de visas, \u00e9tait dans l\u2019air depuis des semaines. Cette hausse de 12% a \u00e9t\u00e9 approuv\u00e9e par la Commission europ\u00e9enne, et l'augmentat...\",\"breadcrumb\":{\"@id\":\"https:\\\/\\\/www.webdo.tn\\\/fr\\\/actualite\\\/national\\\/tunisie-le-tarif-du-visa-schengen-de-type-c-passe-a-90-a-partir-du-11-juin\\\/214555\\\/#breadcrumb\"},\"inLanguage\":\"fr-FR\",\"potentialAction\":[{\"@type\":\"ReadAction\",\"target\":[\"https:\\\/\\\/www.webdo.tn\\\/fr\\\/actualite\\\/national\\\/tunisie-le-tarif-du-visa-schengen-de-type-c-passe-a-90-a-partir-du-11-juin\\\/214555\\\/\"]}]},{\"@type\":\"ImageObject\",\"inLanguage\":\"fr-FR\",\"@id\":\"https:\\\/\\\/www.webdo.tn\\\/fr\\\/actualite\\\/national\\\/tunisie-le-tarif-du-visa-schengen-de-type-c-passe-a-90-a-partir-du-11-juin\\\/214555\\\/#primaryimage\",\"url\":\"https:\\\/\\\/www.webdo.tn\\\/fr\\\/wp-content\\\/uploads\\\/2024\\\/06\\\/a96038dc19deb15a86b781fed37b4eaf.webp\",\"contentUrl\":\"https:\\\/\\\/www.webdo.tn\\\/fr\\\/wp-content\\\/uploads\\\/2024\\\/06\\\/a96038dc19deb15a86b781fed37b4eaf.webp\",\"width\":618,\"height\":330,\"caption\":\"Tunisie : Le tarif du visa Schengen de type C passe \u00e0 90\u20ac \u00e0 partir du 11 juin\"},{\"@type\":\"BreadcrumbList\",\"@id\":\"https:\\\/\\\/www.webdo.tn\\\/fr\\\/actualite\\\/national\\\/tunisie-le-tarif-du-visa-schengen-de-type-c-passe-a-90-a-partir-du-11-juin\\\/214555\\\/#breadcrumb\",\"itemListElement\":[{\"@type\":\"ListItem\",\"position\":1,\"name\":\"Accueil\",\"item\":\"https:\\\/\\\/www.webdo.tn\\\/fr\\\/\"},{\"@type\":\"ListItem\",\"position\":2,\"name\":\"Tunisie : Le tarif du visa Schengen de type C passe \u00e0 90\u20ac \u00e0 partir du 11 juin\"}]},{\"@type\":\"WebSite\",\"@id\":\"https:\\\/\\\/www.webdo.tn\\\/fr\\\/#website\",\"url\":\"https:\\\/\\\/www.webdo.tn\\\/fr\\\/\",\"name\":\"webdo\",\"description\":\"Tunisie - News en Tunisie et \u00e0 l&#039;international sur Webdo.tn\",\"publisher\":{\"@id\":\"https:\\\/\\\/www.webdo.tn\\\/fr\\\/#organization\"},\"potentialAction\":[{\"@type\":\"SearchAction\",\"target\":{\"@type\":\"EntryPoint\",\"urlTemplate\":\"https:\\\/\\\/www.webdo.tn\\\/fr\\\/?s={search_term_string}\"},\"query-input\":{\"@type\":\"PropertyValueSpecification\",\"valueRequired\":true,\"valueName\":\"search_term_string\"}}],\"inLanguage\":\"fr-FR\"},{\"@type\":\"Organization\",\"@id\":\"https:\\\/\\\/www.webdo.tn\\\/fr\\\/#organization\",\"name\":\"Webdo\",\"alternateName\":\"Webdo.tn\",\"url\":\"https:\\\/\\\/www.webdo.tn\\\/fr\\\/\",\"logo\":{\"@type\":\"ImageObject\",\"inLanguage\":\"fr-FR\",\"@id\":\"https:\\\/\\\/www.webdo.tn\\\/fr\\\/#\\\/schema\\\/logo\\\/image\\\/\",\"url\":\"https:\\\/\\\/www.webdo.tn\\\/fr\\\/wp-content\\\/uploads\\\/2025\\\/06\\\/Webdo-Tunisie_168377.jpg\",\"contentUrl\":\"https:\\\/\\\/www.webdo.tn\\\/fr\\\/wp-content\\\/uploads\\\/2025\\\/06\\\/Webdo-Tunisie_168377.jpg\",\"width\":301,\"height\":301,\"caption\":\"Webdo\"},\"image\":{\"@id\":\"https:\\\/\\\/www.webdo.tn\\\/fr\\\/#\\\/schema\\\/logo\\\/image\\\/\"},\"sameAs\":[\"https:\\\/\\\/www.facebook.com\\\/webdotn\",\"https:\\\/\\\/x.com\\\/webdo_tn\"],\"description\":\"Webdo est un m\u00e9dia num\u00e9rique tunisien fond\u00e9 en 2010, sp\u00e9cialis\u00e9 dans l\u2019actualit\u00e9 nationale et internationale, l\u2019\u00e9conomie, la soci\u00e9t\u00e9 et les analyses politiques. Le site s\u2019adresse \u00e0 un large public francophone et couvre l\u2019information tunisienne en temps r\u00e9el.\",\"email\":\"redac@webdo.tn\",\"legalName\":\"YNJ SARL\",\"foundingDate\":\"2010-09-06\",\"numberOfEmployees\":{\"@type\":\"QuantitativeValue\",\"minValue\":\"11\",\"maxValue\":\"50\"}},{\"@type\":\"Person\",\"@id\":\"https:\\\/\\\/www.webdo.tn\\\/fr\\\/#\\\/schema\\\/person\\\/2c4929cbf5a809e3bd38617c6ce150f6\",\"name\":\"MC\",\"image\":{\"@type\":\"ImageObject\",\"inLanguage\":\"fr-FR\",\"@id\":\"https:\\\/\\\/secure.gravatar.com\\\/avatar\\\/a545bbb6f84efdd5553dbbc2895e3ca8f1d12c5215e00a041c9670b54aa9b18a?s=96&d=mm&r=g\",\"url\":\"https:\\\/\\\/secure.gravatar.com\\\/avatar\\\/a545bbb6f84efdd5553dbbc2895e3ca8f1d12c5215e00a041c9670b54aa9b18a?s=96&d=mm&r=g\",\"contentUrl\":\"https:\\\/\\\/secure.gravatar.com\\\/avatar\\\/a545bbb6f84efdd5553dbbc2895e3ca8f1d12c5215e00a041c9670b54aa9b18a?s=96&d=mm&r=g\",\"caption\":\"MC\"},\"url\":\"https:\\\/\\\/www.webdo.tn\\\/fr\\\/actualite\\\/author\\\/mc\\\/\"}]}<\/script>\n<!-- \/ Yoast SEO Premium plugin. -->","yoast_head_json":{"title":"Tunisie : Le tarif du visa Schengen de type C passe \u00e0 90\u20ac \u00e0 partir du 11 juin","description":"Une hausse des frais de demande de visas, \u00e9tait dans l\u2019air depuis des semaines. Cette hausse de 12% a \u00e9t\u00e9 approuv\u00e9e par la Commission europ\u00e9enne, et l'augmentat...","canonical":"https:\/\/www.webdo.tn\/fr\/actualite\/national\/tunisie-le-tarif-du-visa-schengen-de-type-c-passe-a-90-a-partir-du-11-juin\/214555\/","og_locale":"fr_FR","og_type":"article","og_title":"Tunisie : Le tarif du visa Schengen de type C passe \u00e0 90\u20ac \u00e0 partir du 11 juin","og_description":"Une hausse des frais de demande de visas, \u00e9tait dans l\u2019air depuis des semaines. Cette hausse de 12% a \u00e9t\u00e9 approuv\u00e9e par la Commission europ\u00e9enne, et l'augmentat...","og_url":"https:\/\/www.webdo.tn\/fr\/actualite\/national\/tunisie-le-tarif-du-visa-schengen-de-type-c-passe-a-90-a-partir-du-11-juin\/214555\/","og_site_name":"webdo","article_publisher":"https:\/\/www.facebook.com\/webdotn","article_published_time":"2024-06-03T11:21:00+00:00","article_modified_time":"2025-05-20T21:50:23+00:00","og_image":[{"width":618,"height":330,"url":"https:\/\/www.webdo.tn\/fr\/wp-content\/uploads\/2024\/06\/a96038dc19deb15a86b781fed37b4eaf.webp","type":"image\/webp"}],"author":"MC","twitter_card":"summary_large_image","twitter_creator":"@webdo_tn","twitter_site":"@webdo_tn","twitter_misc":{"\u00c9crit par":"MC","Dur\u00e9e de lecture estim\u00e9e":"2 minutes"},"schema":{"@context":"https:\/\/schema.org","@graph":[{"@type":"NewsArticle","@id":"https:\/\/www.webdo.tn\/fr\/actualite\/national\/tunisie-le-tarif-du-visa-schengen-de-type-c-passe-a-90-a-partir-du-11-juin\/214555\/#article","isPartOf":{"@id":"https:\/\/www.webdo.tn\/fr\/actualite\/national\/tunisie-le-tarif-du-visa-schengen-de-type-c-passe-a-90-a-partir-du-11-juin\/214555\/"},"author":{"name":"MC","@id":"https:\/\/www.webdo.tn\/fr\/#\/schema\/person\/2c4929cbf5a809e3bd38617c6ce150f6"},"headline":"Tunisie : Le tarif du visa Schengen de type C passe \u00e0 90\u20ac \u00e0 partir du 11 juin","datePublished":"2024-06-03T11:21:00+00:00","dateModified":"2025-05-20T21:50:23+00:00","mainEntityOfPage":{"@id":"https:\/\/www.webdo.tn\/fr\/actualite\/national\/tunisie-le-tarif-du-visa-schengen-de-type-c-passe-a-90-a-partir-du-11-juin\/214555\/"},"wordCount":340,"commentCount":0,"publisher":{"@id":"https:\/\/www.webdo.tn\/fr\/#organization"},"image":{"@id":"https:\/\/www.webdo.tn\/fr\/actualite\/national\/tunisie-le-tarif-du-visa-schengen-de-type-c-passe-a-90-a-partir-du-11-juin\/214555\/#primaryimage"},"thumbnailUrl":"https:\/\/www.webdo.tn\/fr\/wp-content\/uploads\/2024\/06\/a96038dc19deb15a86b781fed37b4eaf.webp","keywords":["tarif","Tunisie","UE","Union europ\u00e9enne","visa","visa Schengen"],"articleSection":["National"],"inLanguage":"fr-FR"},{"@type":"WebPage","@id":"https:\/\/www.webdo.tn\/fr\/actualite\/national\/tunisie-le-tarif-du-visa-schengen-de-type-c-passe-a-90-a-partir-du-11-juin\/214555\/","url":"https:\/\/www.webdo.tn\/fr\/actualite\/national\/tunisie-le-tarif-du-visa-schengen-de-type-c-passe-a-90-a-partir-du-11-juin\/214555\/","name":"Tunisie : Le tarif du visa Schengen de type C passe \u00e0 90\u20ac \u00e0 partir du 11 juin","isPartOf":{"@id":"https:\/\/www.webdo.tn\/fr\/#website"},"primaryImageOfPage":{"@id":"https:\/\/www.webdo.tn\/fr\/actualite\/national\/tunisie-le-tarif-du-visa-schengen-de-type-c-passe-a-90-a-partir-du-11-juin\/214555\/#primaryimage"},"image":{"@id":"https:\/\/www.webdo.tn\/fr\/actualite\/national\/tunisie-le-tarif-du-visa-schengen-de-type-c-passe-a-90-a-partir-du-11-juin\/214555\/#primaryimage"},"thumbnailUrl":"https:\/\/www.webdo.tn\/fr\/wp-content\/uploads\/2024\/06\/a96038dc19deb15a86b781fed37b4eaf.webp","datePublished":"2024-06-03T11:21:00+00:00","dateModified":"2025-05-20T21:50:23+00:00","description":"Une hausse des frais de demande de visas, \u00e9tait dans l\u2019air depuis des semaines. Cette hausse de 12% a \u00e9t\u00e9 approuv\u00e9e par la Commission europ\u00e9enne, et l'augmentat...","breadcrumb":{"@id":"https:\/\/www.webdo.tn\/fr\/actualite\/national\/tunisie-le-tarif-du-visa-schengen-de-type-c-passe-a-90-a-partir-du-11-juin\/214555\/#breadcrumb"},"inLanguage":"fr-FR","potentialAction":[{"@type":"ReadAction","target":["https:\/\/www.webdo.tn\/fr\/actualite\/national\/tunisie-le-tarif-du-visa-schengen-de-type-c-passe-a-90-a-partir-du-11-juin\/214555\/"]}]},{"@type":"ImageObject","inLanguage":"fr-FR","@id":"https:\/\/www.webdo.tn\/fr\/actualite\/national\/tunisie-le-tarif-du-visa-schengen-de-type-c-passe-a-90-a-partir-du-11-juin\/214555\/#primaryimage","url":"https:\/\/www.webdo.tn\/fr\/wp-content\/uploads\/2024\/06\/a96038dc19deb15a86b781fed37b4eaf.webp","contentUrl":"https:\/\/www.webdo.tn\/fr\/wp-content\/uploads\/2024\/06\/a96038dc19deb15a86b781fed37b4eaf.webp","width":618,"height":330,"caption":"Tunisie : Le tarif du visa Schengen de type C passe \u00e0 90\u20ac \u00e0 partir du 11 juin"},{"@type":"BreadcrumbList","@id":"https:\/\/www.webdo.tn\/fr\/actualite\/national\/tunisie-le-tarif-du-visa-schengen-de-type-c-passe-a-90-a-partir-du-11-juin\/214555\/#breadcrumb","itemListElement":[{"@type":"ListItem","position":1,"name":"Accueil","item":"https:\/\/www.webdo.tn\/fr\/"},{"@type":"ListItem","position":2,"name":"Tunisie : Le tarif du visa Schengen de type C passe \u00e0 90\u20ac \u00e0 partir du 11 juin"}]},{"@type":"WebSite","@id":"https:\/\/www.webdo.tn\/fr\/#website","url":"https:\/\/www.webdo.tn\/fr\/","name":"webdo","description":"Tunisie - News en Tunisie et \u00e0 l&#039;international sur Webdo.tn","publisher":{"@id":"https:\/\/www.webdo.tn\/fr\/#organization"},"potentialAction":[{"@type":"SearchAction","target":{"@type":"EntryPoint","urlTemplate":"https:\/\/www.webdo.tn\/fr\/?s={search_term_string}"},"query-input":{"@type":"PropertyValueSpecification","valueRequired":true,"valueName":"search_term_string"}}],"inLanguage":"fr-FR"},{"@type":"Organization","@id":"https:\/\/www.webdo.tn\/fr\/#organization","name":"Webdo","alternateName":"Webdo.tn","url":"https:\/\/www.webdo.tn\/fr\/","logo":{"@type":"ImageObject","inLanguage":"fr-FR","@id":"https:\/\/www.webdo.tn\/fr\/#\/schema\/logo\/image\/","url":"https:\/\/www.webdo.tn\/fr\/wp-content\/uploads\/2025\/06\/Webdo-Tunisie_168377.jpg","contentUrl":"https:\/\/www.webdo.tn\/fr\/wp-content\/uploads\/2025\/06\/Webdo-Tunisie_168377.jpg","width":301,"height":301,"caption":"Webdo"},"image":{"@id":"https:\/\/www.webdo.tn\/fr\/#\/schema\/logo\/image\/"},"sameAs":["https:\/\/www.facebook.com\/webdotn","https:\/\/x.com\/webdo_tn"],"description":"Webdo est un m\u00e9dia num\u00e9rique tunisien fond\u00e9 en 2010, sp\u00e9cialis\u00e9 dans l\u2019actualit\u00e9 nationale et internationale, l\u2019\u00e9conomie, la soci\u00e9t\u00e9 et les analyses politiques. Le site s\u2019adresse \u00e0 un large public francophone et couvre l\u2019information tunisienne en temps r\u00e9el.","email":"redac@webdo.tn","legalName":"YNJ SARL","foundingDate":"2010-09-06","numberOfEmployees":{"@type":"QuantitativeValue","minValue":"11","maxValue":"50"}},{"@type":"Person","@id":"https:\/\/www.webdo.tn\/fr\/#\/schema\/person\/2c4929cbf5a809e3bd38617c6ce150f6","name":"MC","image":{"@type":"ImageObject","inLanguage":"fr-FR","@id":"https:\/\/secure.gravatar.com\/avatar\/a545bbb6f84efdd5553dbbc2895e3ca8f1d12c5215e00a041c9670b54aa9b18a?s=96&d=mm&r=g","url":"https:\/\/secure.gravatar.com\/avatar\/a545bbb6f84efdd5553dbbc2895e3ca8f1d12c5215e00a041c9670b54aa9b18a?s=96&d=mm&r=g","contentUrl":"https:\/\/secure.gravatar.com\/avatar\/a545bbb6f84efdd5553dbbc2895e3ca8f1d12c5215e00a041c9670b54aa9b18a?s=96&d=mm&r=g","caption":"MC"},"url":"https:\/\/www.webdo.tn\/fr\/actualite\/author\/mc\/"}]}},"_links":{"self":[{"href":"https:\/\/www.webdo.tn\/fr\/wp-json\/wp\/v2\/posts\/214555","targetHints":{"allow":["GET"]}}],"collection":[{"href":"https:\/\/www.webdo.tn\/fr\/wp-json\/wp\/v2\/posts"}],"about":[{"href":"https:\/\/www.webdo.tn\/fr\/wp-json\/wp\/v2\/types\/post"}],"author":[{"embeddable":true,"href":"https:\/\/www.webdo.tn\/fr\/wp-json\/wp\/v2\/users\/3162"}],"replies":[{"embeddable":true,"href":"https:\/\/www.webdo.tn\/fr\/wp-json\/wp\/v2\/comments?post=214555"}],"version-history":[{"count":0,"href":"https:\/\/www.webdo.tn\/fr\/wp-json\/wp\/v2\/posts\/214555\/revisions"}],"wp:featuredmedia":[{"embeddable":true,"href":"https:\/\/www.webdo.tn\/fr\/wp-json\/wp\/v2\/media\/247257"}],"wp:attachment":[{"href":"https:\/\/www.webdo.tn\/fr\/wp-json\/wp\/v2\/media?parent=214555"}],"wp:term":[{"taxonomy":"category","embeddable":true,"href":"https:\/\/www.webdo.tn\/fr\/wp-json\/wp\/v2\/categories?post=214555"},{"taxonomy":"post_tag","embeddable":true,"href":"https:\/\/www.webdo.tn\/fr\/wp-json\/wp\/v2\/tags?post=214555"}],"curies":[{"name":"wp","href":"https:\/\/api.w.org\/{rel}","templated":true}]}}