{"id":214531,"date":"2024-05-31T20:29:00","date_gmt":"2024-05-31T20:29:00","guid":{"rendered":"https:\/\/www.webdo.tn\/fr\/blog\/tunisie-cinq-migrants-subsahariens-tues-dans-un-accident-de-la-route\/214531\/"},"modified":"2025-05-20T22:53:47","modified_gmt":"2025-05-20T22:53:47","slug":"tunisie-cinq-migrants-subsahariens-tues-dans-un-accident-de-la-route","status":"publish","type":"post","link":"https:\/\/www.webdo.tn\/fr\/actualite\/national\/tunisie-cinq-migrants-subsahariens-tues-dans-un-accident-de-la-route\/214531\/","title":{"rendered":"Tunisie : Cinq migrants subsahariens tu\u00e9s dans un accident de la route"},"content":{"rendered":"<p>Cinq migrants subsahariens ont \u00e9t\u00e9 tu\u00e9s, aujourd\u2019hui dans un accident de la route survenu \u00e0 Kasserine. Deux autres sont toujours en r\u00e9animation.<\/p>\n<p>\t\t\t\t\t\t\t\t\tUn grave accident de la route qui a vu un camion se renverser a caus\u00e9 la mort de cinq migrants subsahariens, ce vendredi 31 mai \u00e0 Kasserine. Deux autres, bless\u00e9s, ont \u00e9t\u00e9 plac\u00e9s en r\u00e9animation \u00e0 l&rsquo;h\u00f4pital r\u00e9gional Huussine Bouzaiane, rapporte Mosaique fm.<\/p>\n<p>Quatre autres personnes ont quitt\u00e9 l&rsquo;h\u00f4pital apr\u00e8s avoir re\u00e7u des soins et ont \u00e9t\u00e9 remises aux forces de l\u2019ordre alors que le parquet pr\u00e8s le tribunal de premi\u00e8re instance de Kasserine, a ordonn\u00e9, sur autorisation du procureur, d\u2019arr\u00eater l\u2019accompagnateur du chauffeur, toujours en fuite.<\/p>\n","protected":false},"excerpt":{"rendered":"<p>Un grave accident de la route qui a vu un camion se renverser a caus\u00e9 la mort de cinq migrants subsahariens, ce vendredi 31 mai \u00e0 Kasserine.<\/p>\n","protected":false},"author":3175,"featured_media":290672,"comment_status":"open","ping_status":"closed","sticky":false,"template":"","format":"standard","meta":{"footnotes":""},"categories":[44],"tags":[3915,2744,2894,3208,2608],"class_list":["post-214531","post","type-post","status-publish","format-standard","has-post-thumbnail","hentry","category-national","tag-accident","tag-kasserine","tag-migrants","tag-morts","tag-tunisie"],"yoast_head":"<!-- This site is optimized with the Yoast SEO Premium plugin v27.4 (Yoast SEO v27.5) - https:\/\/yoast.com\/product\/yoast-seo-premium-wordpress\/ -->\n<title>Tunisie : Cinq migrants subsahariens tu\u00e9s dans un accident de la route<\/title>\n<meta name=\"description\" content=\"Un grave accident de la route qui a vu un camion se renverser a caus\u00e9 la mort de cinq migrants subsahariens, ce vendredi 31 mai \u00e0 Kasserine.\" \/>\n<link rel=\"canonical\" href=\"https:\/\/www.webdo.tn\/fr\/actualite\/national\/tunisie-cinq-migrants-subsahariens-tues-dans-un-accident-de-la-route\/214531\/\" \/>\n<meta property=\"og:locale\" content=\"fr_FR\" \/>\n<meta property=\"og:type\" content=\"article\" \/>\n<meta property=\"og:title\" content=\"Tunisie : Cinq migrants subsahariens tu\u00e9s dans un accident de la route\" \/>\n<meta property=\"og:description\" content=\"Un grave accident de la route qui a vu un camion se renverser a caus\u00e9 la mort de cinq migrants subsahariens, ce vendredi 31 mai \u00e0 Kasserine.\" \/>\n<meta property=\"og:url\" content=\"https:\/\/www.webdo.tn\/fr\/actualite\/national\/tunisie-cinq-migrants-subsahariens-tues-dans-un-accident-de-la-route\/214531\/\" \/>\n<meta property=\"og:site_name\" content=\"webdo\" \/>\n<meta property=\"article:publisher\" content=\"https:\/\/www.facebook.com\/webdotn\" \/>\n<meta property=\"article:published_time\" content=\"2024-05-31T20:29:00+00:00\" \/>\n<meta property=\"article:modified_time\" content=\"2025-05-20T22:53:47+00:00\" \/>\n<meta property=\"og:image\" content=\"https:\/\/www.webdo.tn\/fr\/wp-content\/uploads\/2024\/05\/9c91536236d68e987ce13a7f94118263.webp\" \/>\n\t<meta property=\"og:image:width\" content=\"750\" \/>\n\t<meta property=\"og:image:height\" content=\"400\" \/>\n\t<meta property=\"og:image:type\" content=\"image\/webp\" \/>\n<meta name=\"author\" content=\"CL\" \/>\n<meta name=\"twitter:card\" content=\"summary_large_image\" \/>\n<meta name=\"twitter:creator\" content=\"@webdo_tn\" \/>\n<meta name=\"twitter:site\" content=\"@webdo_tn\" \/>\n<meta name=\"twitter:label1\" content=\"\u00c9crit par\" \/>\n\t<meta name=\"twitter:data1\" content=\"CL\" \/>\n\t<meta name=\"twitter:label2\" content=\"Dur\u00e9e de lecture estim\u00e9e\" \/>\n\t<meta name=\"twitter:data2\" content=\"1 minute\" \/>\n<script type=\"application\/ld+json\" class=\"yoast-schema-graph\">{\"@context\":\"https:\\\/\\\/schema.org\",\"@graph\":[{\"@type\":\"NewsArticle\",\"@id\":\"https:\\\/\\\/www.webdo.tn\\\/fr\\\/actualite\\\/national\\\/tunisie-cinq-migrants-subsahariens-tues-dans-un-accident-de-la-route\\\/214531\\\/#article\",\"isPartOf\":{\"@id\":\"https:\\\/\\\/www.webdo.tn\\\/fr\\\/actualite\\\/national\\\/tunisie-cinq-migrants-subsahariens-tues-dans-un-accident-de-la-route\\\/214531\\\/\"},\"author\":{\"name\":\"CL\",\"@id\":\"https:\\\/\\\/www.webdo.tn\\\/fr\\\/#\\\/schema\\\/person\\\/f35b42a42c5e2511bbd282959d6385cc\"},\"headline\":\"Tunisie : Cinq migrants subsahariens tu\u00e9s dans un accident de la route\",\"datePublished\":\"2024-05-31T20:29:00+00:00\",\"dateModified\":\"2025-05-20T22:53:47+00:00\",\"mainEntityOfPage\":{\"@id\":\"https:\\\/\\\/www.webdo.tn\\\/fr\\\/actualite\\\/national\\\/tunisie-cinq-migrants-subsahariens-tues-dans-un-accident-de-la-route\\\/214531\\\/\"},\"wordCount\":136,\"commentCount\":0,\"publisher\":{\"@id\":\"https:\\\/\\\/www.webdo.tn\\\/fr\\\/#organization\"},\"image\":{\"@id\":\"https:\\\/\\\/www.webdo.tn\\\/fr\\\/actualite\\\/national\\\/tunisie-cinq-migrants-subsahariens-tues-dans-un-accident-de-la-route\\\/214531\\\/#primaryimage\"},\"thumbnailUrl\":\"https:\\\/\\\/www.webdo.tn\\\/fr\\\/wp-content\\\/uploads\\\/2024\\\/05\\\/9c91536236d68e987ce13a7f94118263.webp\",\"keywords\":[\"accident\",\"Kasserine\",\"migrants\",\"morts\",\"Tunisie\"],\"articleSection\":[\"National\"],\"inLanguage\":\"fr-FR\"},{\"@type\":\"WebPage\",\"@id\":\"https:\\\/\\\/www.webdo.tn\\\/fr\\\/actualite\\\/national\\\/tunisie-cinq-migrants-subsahariens-tues-dans-un-accident-de-la-route\\\/214531\\\/\",\"url\":\"https:\\\/\\\/www.webdo.tn\\\/fr\\\/actualite\\\/national\\\/tunisie-cinq-migrants-subsahariens-tues-dans-un-accident-de-la-route\\\/214531\\\/\",\"name\":\"Tunisie : Cinq migrants subsahariens tu\u00e9s dans un accident de la route\",\"isPartOf\":{\"@id\":\"https:\\\/\\\/www.webdo.tn\\\/fr\\\/#website\"},\"primaryImageOfPage\":{\"@id\":\"https:\\\/\\\/www.webdo.tn\\\/fr\\\/actualite\\\/national\\\/tunisie-cinq-migrants-subsahariens-tues-dans-un-accident-de-la-route\\\/214531\\\/#primaryimage\"},\"image\":{\"@id\":\"https:\\\/\\\/www.webdo.tn\\\/fr\\\/actualite\\\/national\\\/tunisie-cinq-migrants-subsahariens-tues-dans-un-accident-de-la-route\\\/214531\\\/#primaryimage\"},\"thumbnailUrl\":\"https:\\\/\\\/www.webdo.tn\\\/fr\\\/wp-content\\\/uploads\\\/2024\\\/05\\\/9c91536236d68e987ce13a7f94118263.webp\",\"datePublished\":\"2024-05-31T20:29:00+00:00\",\"dateModified\":\"2025-05-20T22:53:47+00:00\",\"description\":\"Un grave accident de la route qui a vu un camion se renverser a caus\u00e9 la mort de cinq migrants subsahariens, ce vendredi 31 mai \u00e0 Kasserine.\",\"breadcrumb\":{\"@id\":\"https:\\\/\\\/www.webdo.tn\\\/fr\\\/actualite\\\/national\\\/tunisie-cinq-migrants-subsahariens-tues-dans-un-accident-de-la-route\\\/214531\\\/#breadcrumb\"},\"inLanguage\":\"fr-FR\",\"potentialAction\":[{\"@type\":\"ReadAction\",\"target\":[\"https:\\\/\\\/www.webdo.tn\\\/fr\\\/actualite\\\/national\\\/tunisie-cinq-migrants-subsahariens-tues-dans-un-accident-de-la-route\\\/214531\\\/\"]}]},{\"@type\":\"ImageObject\",\"inLanguage\":\"fr-FR\",\"@id\":\"https:\\\/\\\/www.webdo.tn\\\/fr\\\/actualite\\\/national\\\/tunisie-cinq-migrants-subsahariens-tues-dans-un-accident-de-la-route\\\/214531\\\/#primaryimage\",\"url\":\"https:\\\/\\\/www.webdo.tn\\\/fr\\\/wp-content\\\/uploads\\\/2024\\\/05\\\/9c91536236d68e987ce13a7f94118263.webp\",\"contentUrl\":\"https:\\\/\\\/www.webdo.tn\\\/fr\\\/wp-content\\\/uploads\\\/2024\\\/05\\\/9c91536236d68e987ce13a7f94118263.webp\",\"width\":750,\"height\":400,\"caption\":\"Tunisie : Cinq migrants subsahariens tu\u00e9s dans un accident de la route\"},{\"@type\":\"BreadcrumbList\",\"@id\":\"https:\\\/\\\/www.webdo.tn\\\/fr\\\/actualite\\\/national\\\/tunisie-cinq-migrants-subsahariens-tues-dans-un-accident-de-la-route\\\/214531\\\/#breadcrumb\",\"itemListElement\":[{\"@type\":\"ListItem\",\"position\":1,\"name\":\"Accueil\",\"item\":\"https:\\\/\\\/www.webdo.tn\\\/fr\\\/\"},{\"@type\":\"ListItem\",\"position\":2,\"name\":\"Tunisie : Cinq migrants subsahariens tu\u00e9s dans un accident de la route\"}]},{\"@type\":\"WebSite\",\"@id\":\"https:\\\/\\\/www.webdo.tn\\\/fr\\\/#website\",\"url\":\"https:\\\/\\\/www.webdo.tn\\\/fr\\\/\",\"name\":\"webdo\",\"description\":\"Tunisie - News en Tunisie et \u00e0 l&#039;international sur Webdo.tn\",\"publisher\":{\"@id\":\"https:\\\/\\\/www.webdo.tn\\\/fr\\\/#organization\"},\"potentialAction\":[{\"@type\":\"SearchAction\",\"target\":{\"@type\":\"EntryPoint\",\"urlTemplate\":\"https:\\\/\\\/www.webdo.tn\\\/fr\\\/?s={search_term_string}\"},\"query-input\":{\"@type\":\"PropertyValueSpecification\",\"valueRequired\":true,\"valueName\":\"search_term_string\"}}],\"inLanguage\":\"fr-FR\"},{\"@type\":\"Organization\",\"@id\":\"https:\\\/\\\/www.webdo.tn\\\/fr\\\/#organization\",\"name\":\"Webdo\",\"alternateName\":\"Webdo.tn\",\"url\":\"https:\\\/\\\/www.webdo.tn\\\/fr\\\/\",\"logo\":{\"@type\":\"ImageObject\",\"inLanguage\":\"fr-FR\",\"@id\":\"https:\\\/\\\/www.webdo.tn\\\/fr\\\/#\\\/schema\\\/logo\\\/image\\\/\",\"url\":\"https:\\\/\\\/www.webdo.tn\\\/fr\\\/wp-content\\\/uploads\\\/2025\\\/06\\\/Webdo-Tunisie_168377.jpg\",\"contentUrl\":\"https:\\\/\\\/www.webdo.tn\\\/fr\\\/wp-content\\\/uploads\\\/2025\\\/06\\\/Webdo-Tunisie_168377.jpg\",\"width\":301,\"height\":301,\"caption\":\"Webdo\"},\"image\":{\"@id\":\"https:\\\/\\\/www.webdo.tn\\\/fr\\\/#\\\/schema\\\/logo\\\/image\\\/\"},\"sameAs\":[\"https:\\\/\\\/www.facebook.com\\\/webdotn\",\"https:\\\/\\\/x.com\\\/webdo_tn\"],\"description\":\"Webdo est un m\u00e9dia num\u00e9rique tunisien fond\u00e9 en 2010, sp\u00e9cialis\u00e9 dans l\u2019actualit\u00e9 nationale et internationale, l\u2019\u00e9conomie, la soci\u00e9t\u00e9 et les analyses politiques. Le site s\u2019adresse \u00e0 un large public francophone et couvre l\u2019information tunisienne en temps r\u00e9el.\",\"email\":\"redac@webdo.tn\",\"legalName\":\"YNJ SARL\",\"foundingDate\":\"2010-09-06\",\"numberOfEmployees\":{\"@type\":\"QuantitativeValue\",\"minValue\":\"11\",\"maxValue\":\"50\"}},{\"@type\":\"Person\",\"@id\":\"https:\\\/\\\/www.webdo.tn\\\/fr\\\/#\\\/schema\\\/person\\\/f35b42a42c5e2511bbd282959d6385cc\",\"name\":\"CL\",\"image\":{\"@type\":\"ImageObject\",\"inLanguage\":\"fr-FR\",\"@id\":\"https:\\\/\\\/secure.gravatar.com\\\/avatar\\\/1447a49909b67aa657c488aec6512e1dd6143a480c1ecfee9b5b5cd74eb3b59e?s=96&d=mm&r=g\",\"url\":\"https:\\\/\\\/secure.gravatar.com\\\/avatar\\\/1447a49909b67aa657c488aec6512e1dd6143a480c1ecfee9b5b5cd74eb3b59e?s=96&d=mm&r=g\",\"contentUrl\":\"https:\\\/\\\/secure.gravatar.com\\\/avatar\\\/1447a49909b67aa657c488aec6512e1dd6143a480c1ecfee9b5b5cd74eb3b59e?s=96&d=mm&r=g\",\"caption\":\"CL\"},\"url\":\"https:\\\/\\\/www.webdo.tn\\\/fr\\\/actualite\\\/author\\\/cl\\\/\"}]}<\/script>\n<!-- \/ Yoast SEO Premium plugin. -->","yoast_head_json":{"title":"Tunisie : Cinq migrants subsahariens tu\u00e9s dans un accident de la route","description":"Un grave accident de la route qui a vu un camion se renverser a caus\u00e9 la mort de cinq migrants subsahariens, ce vendredi 31 mai \u00e0 Kasserine.","canonical":"https:\/\/www.webdo.tn\/fr\/actualite\/national\/tunisie-cinq-migrants-subsahariens-tues-dans-un-accident-de-la-route\/214531\/","og_locale":"fr_FR","og_type":"article","og_title":"Tunisie : Cinq migrants subsahariens tu\u00e9s dans un accident de la route","og_description":"Un grave accident de la route qui a vu un camion se renverser a caus\u00e9 la mort de cinq migrants subsahariens, ce vendredi 31 mai \u00e0 Kasserine.","og_url":"https:\/\/www.webdo.tn\/fr\/actualite\/national\/tunisie-cinq-migrants-subsahariens-tues-dans-un-accident-de-la-route\/214531\/","og_site_name":"webdo","article_publisher":"https:\/\/www.facebook.com\/webdotn","article_published_time":"2024-05-31T20:29:00+00:00","article_modified_time":"2025-05-20T22:53:47+00:00","og_image":[{"width":750,"height":400,"url":"https:\/\/www.webdo.tn\/fr\/wp-content\/uploads\/2024\/05\/9c91536236d68e987ce13a7f94118263.webp","type":"image\/webp"}],"author":"CL","twitter_card":"summary_large_image","twitter_creator":"@webdo_tn","twitter_site":"@webdo_tn","twitter_misc":{"\u00c9crit par":"CL","Dur\u00e9e de lecture estim\u00e9e":"1 minute"},"schema":{"@context":"https:\/\/schema.org","@graph":[{"@type":"NewsArticle","@id":"https:\/\/www.webdo.tn\/fr\/actualite\/national\/tunisie-cinq-migrants-subsahariens-tues-dans-un-accident-de-la-route\/214531\/#article","isPartOf":{"@id":"https:\/\/www.webdo.tn\/fr\/actualite\/national\/tunisie-cinq-migrants-subsahariens-tues-dans-un-accident-de-la-route\/214531\/"},"author":{"name":"CL","@id":"https:\/\/www.webdo.tn\/fr\/#\/schema\/person\/f35b42a42c5e2511bbd282959d6385cc"},"headline":"Tunisie : Cinq migrants subsahariens tu\u00e9s dans un accident de la route","datePublished":"2024-05-31T20:29:00+00:00","dateModified":"2025-05-20T22:53:47+00:00","mainEntityOfPage":{"@id":"https:\/\/www.webdo.tn\/fr\/actualite\/national\/tunisie-cinq-migrants-subsahariens-tues-dans-un-accident-de-la-route\/214531\/"},"wordCount":136,"commentCount":0,"publisher":{"@id":"https:\/\/www.webdo.tn\/fr\/#organization"},"image":{"@id":"https:\/\/www.webdo.tn\/fr\/actualite\/national\/tunisie-cinq-migrants-subsahariens-tues-dans-un-accident-de-la-route\/214531\/#primaryimage"},"thumbnailUrl":"https:\/\/www.webdo.tn\/fr\/wp-content\/uploads\/2024\/05\/9c91536236d68e987ce13a7f94118263.webp","keywords":["accident","Kasserine","migrants","morts","Tunisie"],"articleSection":["National"],"inLanguage":"fr-FR"},{"@type":"WebPage","@id":"https:\/\/www.webdo.tn\/fr\/actualite\/national\/tunisie-cinq-migrants-subsahariens-tues-dans-un-accident-de-la-route\/214531\/","url":"https:\/\/www.webdo.tn\/fr\/actualite\/national\/tunisie-cinq-migrants-subsahariens-tues-dans-un-accident-de-la-route\/214531\/","name":"Tunisie : Cinq migrants subsahariens tu\u00e9s dans un accident de la route","isPartOf":{"@id":"https:\/\/www.webdo.tn\/fr\/#website"},"primaryImageOfPage":{"@id":"https:\/\/www.webdo.tn\/fr\/actualite\/national\/tunisie-cinq-migrants-subsahariens-tues-dans-un-accident-de-la-route\/214531\/#primaryimage"},"image":{"@id":"https:\/\/www.webdo.tn\/fr\/actualite\/national\/tunisie-cinq-migrants-subsahariens-tues-dans-un-accident-de-la-route\/214531\/#primaryimage"},"thumbnailUrl":"https:\/\/www.webdo.tn\/fr\/wp-content\/uploads\/2024\/05\/9c91536236d68e987ce13a7f94118263.webp","datePublished":"2024-05-31T20:29:00+00:00","dateModified":"2025-05-20T22:53:47+00:00","description":"Un grave accident de la route qui a vu un camion se renverser a caus\u00e9 la mort de cinq migrants subsahariens, ce vendredi 31 mai \u00e0 Kasserine.","breadcrumb":{"@id":"https:\/\/www.webdo.tn\/fr\/actualite\/national\/tunisie-cinq-migrants-subsahariens-tues-dans-un-accident-de-la-route\/214531\/#breadcrumb"},"inLanguage":"fr-FR","potentialAction":[{"@type":"ReadAction","target":["https:\/\/www.webdo.tn\/fr\/actualite\/national\/tunisie-cinq-migrants-subsahariens-tues-dans-un-accident-de-la-route\/214531\/"]}]},{"@type":"ImageObject","inLanguage":"fr-FR","@id":"https:\/\/www.webdo.tn\/fr\/actualite\/national\/tunisie-cinq-migrants-subsahariens-tues-dans-un-accident-de-la-route\/214531\/#primaryimage","url":"https:\/\/www.webdo.tn\/fr\/wp-content\/uploads\/2024\/05\/9c91536236d68e987ce13a7f94118263.webp","contentUrl":"https:\/\/www.webdo.tn\/fr\/wp-content\/uploads\/2024\/05\/9c91536236d68e987ce13a7f94118263.webp","width":750,"height":400,"caption":"Tunisie : Cinq migrants subsahariens tu\u00e9s dans un accident de la route"},{"@type":"BreadcrumbList","@id":"https:\/\/www.webdo.tn\/fr\/actualite\/national\/tunisie-cinq-migrants-subsahariens-tues-dans-un-accident-de-la-route\/214531\/#breadcrumb","itemListElement":[{"@type":"ListItem","position":1,"name":"Accueil","item":"https:\/\/www.webdo.tn\/fr\/"},{"@type":"ListItem","position":2,"name":"Tunisie : Cinq migrants subsahariens tu\u00e9s dans un accident de la route"}]},{"@type":"WebSite","@id":"https:\/\/www.webdo.tn\/fr\/#website","url":"https:\/\/www.webdo.tn\/fr\/","name":"webdo","description":"Tunisie - News en Tunisie et \u00e0 l&#039;international sur Webdo.tn","publisher":{"@id":"https:\/\/www.webdo.tn\/fr\/#organization"},"potentialAction":[{"@type":"SearchAction","target":{"@type":"EntryPoint","urlTemplate":"https:\/\/www.webdo.tn\/fr\/?s={search_term_string}"},"query-input":{"@type":"PropertyValueSpecification","valueRequired":true,"valueName":"search_term_string"}}],"inLanguage":"fr-FR"},{"@type":"Organization","@id":"https:\/\/www.webdo.tn\/fr\/#organization","name":"Webdo","alternateName":"Webdo.tn","url":"https:\/\/www.webdo.tn\/fr\/","logo":{"@type":"ImageObject","inLanguage":"fr-FR","@id":"https:\/\/www.webdo.tn\/fr\/#\/schema\/logo\/image\/","url":"https:\/\/www.webdo.tn\/fr\/wp-content\/uploads\/2025\/06\/Webdo-Tunisie_168377.jpg","contentUrl":"https:\/\/www.webdo.tn\/fr\/wp-content\/uploads\/2025\/06\/Webdo-Tunisie_168377.jpg","width":301,"height":301,"caption":"Webdo"},"image":{"@id":"https:\/\/www.webdo.tn\/fr\/#\/schema\/logo\/image\/"},"sameAs":["https:\/\/www.facebook.com\/webdotn","https:\/\/x.com\/webdo_tn"],"description":"Webdo est un m\u00e9dia num\u00e9rique tunisien fond\u00e9 en 2010, sp\u00e9cialis\u00e9 dans l\u2019actualit\u00e9 nationale et internationale, l\u2019\u00e9conomie, la soci\u00e9t\u00e9 et les analyses politiques. Le site s\u2019adresse \u00e0 un large public francophone et couvre l\u2019information tunisienne en temps r\u00e9el.","email":"redac@webdo.tn","legalName":"YNJ SARL","foundingDate":"2010-09-06","numberOfEmployees":{"@type":"QuantitativeValue","minValue":"11","maxValue":"50"}},{"@type":"Person","@id":"https:\/\/www.webdo.tn\/fr\/#\/schema\/person\/f35b42a42c5e2511bbd282959d6385cc","name":"CL","image":{"@type":"ImageObject","inLanguage":"fr-FR","@id":"https:\/\/secure.gravatar.com\/avatar\/1447a49909b67aa657c488aec6512e1dd6143a480c1ecfee9b5b5cd74eb3b59e?s=96&d=mm&r=g","url":"https:\/\/secure.gravatar.com\/avatar\/1447a49909b67aa657c488aec6512e1dd6143a480c1ecfee9b5b5cd74eb3b59e?s=96&d=mm&r=g","contentUrl":"https:\/\/secure.gravatar.com\/avatar\/1447a49909b67aa657c488aec6512e1dd6143a480c1ecfee9b5b5cd74eb3b59e?s=96&d=mm&r=g","caption":"CL"},"url":"https:\/\/www.webdo.tn\/fr\/actualite\/author\/cl\/"}]}},"_links":{"self":[{"href":"https:\/\/www.webdo.tn\/fr\/wp-json\/wp\/v2\/posts\/214531","targetHints":{"allow":["GET"]}}],"collection":[{"href":"https:\/\/www.webdo.tn\/fr\/wp-json\/wp\/v2\/posts"}],"about":[{"href":"https:\/\/www.webdo.tn\/fr\/wp-json\/wp\/v2\/types\/post"}],"author":[{"embeddable":true,"href":"https:\/\/www.webdo.tn\/fr\/wp-json\/wp\/v2\/users\/3175"}],"replies":[{"embeddable":true,"href":"https:\/\/www.webdo.tn\/fr\/wp-json\/wp\/v2\/comments?post=214531"}],"version-history":[{"count":0,"href":"https:\/\/www.webdo.tn\/fr\/wp-json\/wp\/v2\/posts\/214531\/revisions"}],"wp:featuredmedia":[{"embeddable":true,"href":"https:\/\/www.webdo.tn\/fr\/wp-json\/wp\/v2\/media\/290672"}],"wp:attachment":[{"href":"https:\/\/www.webdo.tn\/fr\/wp-json\/wp\/v2\/media?parent=214531"}],"wp:term":[{"taxonomy":"category","embeddable":true,"href":"https:\/\/www.webdo.tn\/fr\/wp-json\/wp\/v2\/categories?post=214531"},{"taxonomy":"post_tag","embeddable":true,"href":"https:\/\/www.webdo.tn\/fr\/wp-json\/wp\/v2\/tags?post=214531"}],"curies":[{"name":"wp","href":"https:\/\/api.w.org\/{rel}","templated":true}]}}