{"id":214530,"date":"2024-05-31T20:15:00","date_gmt":"2024-05-31T20:15:00","guid":{"rendered":"https:\/\/www.webdo.tn\/fr\/blog\/affaire-jilani-daboussi-mandat-de-depot-contre-mondher-lounissi-pour-homicide\/214530\/"},"modified":"2025-05-20T22:53:46","modified_gmt":"2025-05-20T22:53:46","slug":"affaire-jilani-daboussi-mandat-de-depot-contre-mondher-lounissi-pour-homicide","status":"publish","type":"post","link":"https:\/\/www.webdo.tn\/fr\/actualite\/national\/affaire-jilani-daboussi-mandat-de-depot-contre-mondher-lounissi-pour-homicide\/214530\/","title":{"rendered":"Affaire Jilani Daboussi : Mandat de d\u00e9p\u00f4t contre Mondher Lounissi pour homicide"},"content":{"rendered":"<p>D\u00e9tenu depuis septembre 2023 pour \u00ab\u00a0complot contre la s\u00fbret\u00e9 de l\u2019Etat 2\u00a0\u00bb, le pr\u00e9sident int\u00e9rimaire d&rsquo;Ennahdha, Mondher Lounissi a fait l\u2019objet d\u2019un mandat de d\u00e9p\u00f4t. Il est accus\u00e9 d&rsquo;homicide volontaire, avec pr\u00e9m\u00e9ditation.<\/p>\n<p>\t\t\t\t\t\t\t\t\tLe doyen des juges d&rsquo;instruction du Tribunal de premi\u00e8re instance de Tunis a \u00e9mis un mandat de d\u00e9p\u00f4t contre le pr\u00e9sident int\u00e9rimaire d&rsquo;Ennahdha, Mondher Lounissi, dans le cadre d\u2019une autre affaire, celle de la mort de Jilani Dabbousi.<\/p>\n<p>Selon Mohamed Zitouna, porte-parole du Tribunal de premi\u00e8re instance de Tunis, Mondher Lounissi et deux autres personnes, un professionnel de la sant\u00e9 et un ancien cadre judiciaire qui ont \u00e9galement fait l\u2019objet d\u2019un mandat de d\u00e9p\u00f4t, sont accus\u00e9s d&rsquo;homicide volontaire, avec pr\u00e9m\u00e9ditation, rapporte ce vendredi 31 mai 2024, Mosaique fm.<\/p>\n<p>Jilani Daboussi est l\u2019ancien maire de Tabarka. Incarc\u00e9r\u00e9 en octobre 2011 pour une affaire d\u2019escroquerie et de spoliation de biens immobiliers sous l\u2019\u00e8re Ben Ali, il a \u00e9t\u00e9 lib\u00e9r\u00e9 apr\u00e8s 30 mois, en 2014.<\/p>\n<p>Mais Jilani Daboussi, est d\u00e9c\u00e9d\u00e9 quelques heures apr\u00e8s sa remise en libert\u00e9 d\u2019un arr\u00eat cardiaque. Son fils, avait \u00e9voqu\u00e9 un complot, mais l\u2019affaire avait \u00e9t\u00e9 enterr\u00e9e.<\/p>\n<p>Le 10 janvier 2022, la Cour d\u2019appel de Tunis a ouvert une enqu\u00eate sur les circonstances de d\u00e9c\u00e8s de cet homme d\u2019affaires qui \u00e9tait diab\u00e9tique et sous dialyse p\u00e9riton\u00e9ale.<\/p>\n<p>A l\u2019\u00e9poque, son fils, Sami, n\u2019h\u00e9sitait pas \u00e0 accuser quelques juges et le m\u00e9decin traitant de son p\u00e8re, ainsi que Noureddine Bhiri, ancien ministre de la Justice, et Abdelatif Mekki, ancien ministre de la Sant\u00e9.<\/p>\n<p>Par ailleurs, Mondher Lounissi, arr\u00eat\u00e9 le 5 septembre 2023, fait partie des douze accus\u00e9s dont la chambre d&rsquo;accusation pr\u00e8s la Cour d&rsquo;appel de Tunis a renvoy\u00e9 le dossier dans le cadre d\u2019une affaire pour complot contre la s\u00fbret\u00e9 de l\u2019\u00c9tat.<\/p>\n<p>Les accus\u00e9s concern\u00e9s sont Mondher Lounissi, le vice-pr\u00e9sident d\u2019Ennahdha, et d\u2019autres en \u00e9tat de fuite \u00e0 l\u2019instar de Rafik Abdessalem, Chahrazade Akacha, Ahmed Gaaloul, Tarak Boubahri, Ridha Driss, Mouadh Kheriji, Maher Zid, Mohamed Fethi Ayadi et Mohamed Samti, ainsi que deux autres personnes en \u00e9tat de libert\u00e9.<\/p>\n<p>Cette affaire \u00e0 caract\u00e8re terroriste et baptis\u00e9e \u00ab\u00a0Complot contre la s\u00fbret\u00e9 de l\u2019Etat 2\u00a0\u00bb est en relation avec les enregistrements fuit\u00e9s des \u00e9changes t\u00e9l\u00e9phoniques entre Mondher Lounissi et Chahrazed Akacha. L\u2019arrestation e Mondher Lounissi fait d\u2019ailleurs suite \u00e0 ces enregistrements vocaux fuit\u00e9s et qui lui sont attribu\u00e9s.<\/p>\n","protected":false},"excerpt":{"rendered":"<p>Le doyen des juges d&rsquo;instruction du Tribunal de premi\u00e8re instance de Tunis a \u00e9mis un mandat de d\u00e9p\u00f4t contre le pr\u00e9sident int\u00e9rimaire d&rsquo;Ennahdha, Mondher Louniss&#8230;<\/p>\n","protected":false},"author":3175,"featured_media":290671,"comment_status":"open","ping_status":"closed","sticky":false,"template":"","format":"standard","meta":{"footnotes":""},"categories":[44],"tags":[9121,4649,2886,6481,2608],"class_list":["post-214530","post","type-post","status-publish","format-standard","has-post-thumbnail","hentry","category-national","tag-homicide","tag-jilani-daboussi","tag-mandat-de-depot","tag-mondher-lounissi","tag-tunisie"],"yoast_head":"<!-- This site is optimized with the Yoast SEO Premium plugin v27.5 (Yoast SEO v27.5) - https:\/\/yoast.com\/product\/yoast-seo-premium-wordpress\/ -->\n<title>Affaire Jilani Daboussi : Mandat de d\u00e9p\u00f4t contre Mondher Lounissi pour homicide<\/title>\n<meta name=\"description\" content=\"Le doyen des juges d&#039;instruction du Tribunal de premi\u00e8re instance de Tunis a \u00e9mis un mandat de d\u00e9p\u00f4t contre le pr\u00e9sident int\u00e9rimaire d&#039;Ennahdha, Mondher Louniss...\" \/>\n<link rel=\"canonical\" href=\"https:\/\/www.webdo.tn\/fr\/actualite\/national\/affaire-jilani-daboussi-mandat-de-depot-contre-mondher-lounissi-pour-homicide\/214530\/\" \/>\n<meta property=\"og:locale\" content=\"fr_FR\" \/>\n<meta property=\"og:type\" content=\"article\" \/>\n<meta property=\"og:title\" content=\"Affaire Jilani Daboussi : Mandat de d\u00e9p\u00f4t contre Mondher Lounissi pour homicide\" \/>\n<meta property=\"og:description\" content=\"Le doyen des juges d&#039;instruction du Tribunal de premi\u00e8re instance de Tunis a \u00e9mis un mandat de d\u00e9p\u00f4t contre le pr\u00e9sident int\u00e9rimaire d&#039;Ennahdha, Mondher Louniss...\" \/>\n<meta property=\"og:url\" content=\"https:\/\/www.webdo.tn\/fr\/actualite\/national\/affaire-jilani-daboussi-mandat-de-depot-contre-mondher-lounissi-pour-homicide\/214530\/\" \/>\n<meta property=\"og:site_name\" content=\"webdo\" \/>\n<meta property=\"article:publisher\" content=\"https:\/\/www.facebook.com\/webdotn\" \/>\n<meta property=\"article:published_time\" content=\"2024-05-31T20:15:00+00:00\" \/>\n<meta property=\"article:modified_time\" content=\"2025-05-20T22:53:46+00:00\" \/>\n<meta property=\"og:image\" content=\"https:\/\/www.webdo.tn\/fr\/wp-content\/uploads\/2024\/05\/8af6ebc2db6e7f63ade12a5dfc1ec83f.webp\" \/>\n\t<meta property=\"og:image:width\" content=\"750\" \/>\n\t<meta property=\"og:image:height\" content=\"400\" \/>\n\t<meta property=\"og:image:type\" content=\"image\/webp\" \/>\n<meta name=\"author\" content=\"CL\" \/>\n<meta name=\"twitter:card\" content=\"summary_large_image\" \/>\n<meta name=\"twitter:creator\" content=\"@webdo_tn\" \/>\n<meta name=\"twitter:site\" content=\"@webdo_tn\" \/>\n<meta name=\"twitter:label1\" content=\"\u00c9crit par\" \/>\n\t<meta name=\"twitter:data1\" content=\"CL\" \/>\n\t<meta name=\"twitter:label2\" content=\"Dur\u00e9e de lecture estim\u00e9e\" \/>\n\t<meta name=\"twitter:data2\" content=\"2 minutes\" \/>\n<script type=\"application\/ld+json\" class=\"yoast-schema-graph\">{\"@context\":\"https:\\\/\\\/schema.org\",\"@graph\":[{\"@type\":\"NewsArticle\",\"@id\":\"https:\\\/\\\/www.webdo.tn\\\/fr\\\/actualite\\\/national\\\/affaire-jilani-daboussi-mandat-de-depot-contre-mondher-lounissi-pour-homicide\\\/214530\\\/#article\",\"isPartOf\":{\"@id\":\"https:\\\/\\\/www.webdo.tn\\\/fr\\\/actualite\\\/national\\\/affaire-jilani-daboussi-mandat-de-depot-contre-mondher-lounissi-pour-homicide\\\/214530\\\/\"},\"author\":{\"name\":\"CL\",\"@id\":\"https:\\\/\\\/www.webdo.tn\\\/fr\\\/#\\\/schema\\\/person\\\/f35b42a42c5e2511bbd282959d6385cc\"},\"headline\":\"Affaire Jilani Daboussi : Mandat de d\u00e9p\u00f4t contre Mondher Lounissi pour homicide\",\"datePublished\":\"2024-05-31T20:15:00+00:00\",\"dateModified\":\"2025-05-20T22:53:46+00:00\",\"mainEntityOfPage\":{\"@id\":\"https:\\\/\\\/www.webdo.tn\\\/fr\\\/actualite\\\/national\\\/affaire-jilani-daboussi-mandat-de-depot-contre-mondher-lounissi-pour-homicide\\\/214530\\\/\"},\"wordCount\":456,\"commentCount\":0,\"publisher\":{\"@id\":\"https:\\\/\\\/www.webdo.tn\\\/fr\\\/#organization\"},\"image\":{\"@id\":\"https:\\\/\\\/www.webdo.tn\\\/fr\\\/actualite\\\/national\\\/affaire-jilani-daboussi-mandat-de-depot-contre-mondher-lounissi-pour-homicide\\\/214530\\\/#primaryimage\"},\"thumbnailUrl\":\"https:\\\/\\\/www.webdo.tn\\\/fr\\\/wp-content\\\/uploads\\\/2024\\\/05\\\/8af6ebc2db6e7f63ade12a5dfc1ec83f.webp\",\"keywords\":[\"homicide\",\"jilani daboussi\",\"mandat de d\u00e9p\u00f4t\",\"mondher lounissi\",\"Tunisie\"],\"articleSection\":[\"National\"],\"inLanguage\":\"fr-FR\"},{\"@type\":\"WebPage\",\"@id\":\"https:\\\/\\\/www.webdo.tn\\\/fr\\\/actualite\\\/national\\\/affaire-jilani-daboussi-mandat-de-depot-contre-mondher-lounissi-pour-homicide\\\/214530\\\/\",\"url\":\"https:\\\/\\\/www.webdo.tn\\\/fr\\\/actualite\\\/national\\\/affaire-jilani-daboussi-mandat-de-depot-contre-mondher-lounissi-pour-homicide\\\/214530\\\/\",\"name\":\"Affaire Jilani Daboussi : Mandat de d\u00e9p\u00f4t contre Mondher Lounissi pour homicide\",\"isPartOf\":{\"@id\":\"https:\\\/\\\/www.webdo.tn\\\/fr\\\/#website\"},\"primaryImageOfPage\":{\"@id\":\"https:\\\/\\\/www.webdo.tn\\\/fr\\\/actualite\\\/national\\\/affaire-jilani-daboussi-mandat-de-depot-contre-mondher-lounissi-pour-homicide\\\/214530\\\/#primaryimage\"},\"image\":{\"@id\":\"https:\\\/\\\/www.webdo.tn\\\/fr\\\/actualite\\\/national\\\/affaire-jilani-daboussi-mandat-de-depot-contre-mondher-lounissi-pour-homicide\\\/214530\\\/#primaryimage\"},\"thumbnailUrl\":\"https:\\\/\\\/www.webdo.tn\\\/fr\\\/wp-content\\\/uploads\\\/2024\\\/05\\\/8af6ebc2db6e7f63ade12a5dfc1ec83f.webp\",\"datePublished\":\"2024-05-31T20:15:00+00:00\",\"dateModified\":\"2025-05-20T22:53:46+00:00\",\"description\":\"Le doyen des juges d'instruction du Tribunal de premi\u00e8re instance de Tunis a \u00e9mis un mandat de d\u00e9p\u00f4t contre le pr\u00e9sident int\u00e9rimaire d'Ennahdha, Mondher Louniss...\",\"breadcrumb\":{\"@id\":\"https:\\\/\\\/www.webdo.tn\\\/fr\\\/actualite\\\/national\\\/affaire-jilani-daboussi-mandat-de-depot-contre-mondher-lounissi-pour-homicide\\\/214530\\\/#breadcrumb\"},\"inLanguage\":\"fr-FR\",\"potentialAction\":[{\"@type\":\"ReadAction\",\"target\":[\"https:\\\/\\\/www.webdo.tn\\\/fr\\\/actualite\\\/national\\\/affaire-jilani-daboussi-mandat-de-depot-contre-mondher-lounissi-pour-homicide\\\/214530\\\/\"]}]},{\"@type\":\"ImageObject\",\"inLanguage\":\"fr-FR\",\"@id\":\"https:\\\/\\\/www.webdo.tn\\\/fr\\\/actualite\\\/national\\\/affaire-jilani-daboussi-mandat-de-depot-contre-mondher-lounissi-pour-homicide\\\/214530\\\/#primaryimage\",\"url\":\"https:\\\/\\\/www.webdo.tn\\\/fr\\\/wp-content\\\/uploads\\\/2024\\\/05\\\/8af6ebc2db6e7f63ade12a5dfc1ec83f.webp\",\"contentUrl\":\"https:\\\/\\\/www.webdo.tn\\\/fr\\\/wp-content\\\/uploads\\\/2024\\\/05\\\/8af6ebc2db6e7f63ade12a5dfc1ec83f.webp\",\"width\":750,\"height\":400,\"caption\":\"Affaire Jilani Daboussi : Mandat de d\u00e9p\u00f4t contre Mondher Lounissi pour homicide\"},{\"@type\":\"BreadcrumbList\",\"@id\":\"https:\\\/\\\/www.webdo.tn\\\/fr\\\/actualite\\\/national\\\/affaire-jilani-daboussi-mandat-de-depot-contre-mondher-lounissi-pour-homicide\\\/214530\\\/#breadcrumb\",\"itemListElement\":[{\"@type\":\"ListItem\",\"position\":1,\"name\":\"Accueil\",\"item\":\"https:\\\/\\\/www.webdo.tn\\\/fr\\\/\"},{\"@type\":\"ListItem\",\"position\":2,\"name\":\"Affaire Jilani Daboussi : Mandat de d\u00e9p\u00f4t contre Mondher Lounissi pour homicide\"}]},{\"@type\":\"WebSite\",\"@id\":\"https:\\\/\\\/www.webdo.tn\\\/fr\\\/#website\",\"url\":\"https:\\\/\\\/www.webdo.tn\\\/fr\\\/\",\"name\":\"webdo\",\"description\":\"Tunisie - News en Tunisie et \u00e0 l&#039;international sur Webdo.tn\",\"publisher\":{\"@id\":\"https:\\\/\\\/www.webdo.tn\\\/fr\\\/#organization\"},\"potentialAction\":[{\"@type\":\"SearchAction\",\"target\":{\"@type\":\"EntryPoint\",\"urlTemplate\":\"https:\\\/\\\/www.webdo.tn\\\/fr\\\/?s={search_term_string}\"},\"query-input\":{\"@type\":\"PropertyValueSpecification\",\"valueRequired\":true,\"valueName\":\"search_term_string\"}}],\"inLanguage\":\"fr-FR\"},{\"@type\":\"Organization\",\"@id\":\"https:\\\/\\\/www.webdo.tn\\\/fr\\\/#organization\",\"name\":\"Webdo\",\"alternateName\":\"Webdo.tn\",\"url\":\"https:\\\/\\\/www.webdo.tn\\\/fr\\\/\",\"logo\":{\"@type\":\"ImageObject\",\"inLanguage\":\"fr-FR\",\"@id\":\"https:\\\/\\\/www.webdo.tn\\\/fr\\\/#\\\/schema\\\/logo\\\/image\\\/\",\"url\":\"https:\\\/\\\/www.webdo.tn\\\/fr\\\/wp-content\\\/uploads\\\/2025\\\/06\\\/Webdo-Tunisie_168377.jpg\",\"contentUrl\":\"https:\\\/\\\/www.webdo.tn\\\/fr\\\/wp-content\\\/uploads\\\/2025\\\/06\\\/Webdo-Tunisie_168377.jpg\",\"width\":301,\"height\":301,\"caption\":\"Webdo\"},\"image\":{\"@id\":\"https:\\\/\\\/www.webdo.tn\\\/fr\\\/#\\\/schema\\\/logo\\\/image\\\/\"},\"sameAs\":[\"https:\\\/\\\/www.facebook.com\\\/webdotn\",\"https:\\\/\\\/x.com\\\/webdo_tn\"],\"description\":\"Webdo est un m\u00e9dia num\u00e9rique tunisien fond\u00e9 en 2010, sp\u00e9cialis\u00e9 dans l\u2019actualit\u00e9 nationale et internationale, l\u2019\u00e9conomie, la soci\u00e9t\u00e9 et les analyses politiques. Le site s\u2019adresse \u00e0 un large public francophone et couvre l\u2019information tunisienne en temps r\u00e9el.\",\"email\":\"redac@webdo.tn\",\"legalName\":\"YNJ SARL\",\"foundingDate\":\"2010-09-06\",\"numberOfEmployees\":{\"@type\":\"QuantitativeValue\",\"minValue\":\"11\",\"maxValue\":\"50\"}},{\"@type\":\"Person\",\"@id\":\"https:\\\/\\\/www.webdo.tn\\\/fr\\\/#\\\/schema\\\/person\\\/f35b42a42c5e2511bbd282959d6385cc\",\"name\":\"CL\",\"image\":{\"@type\":\"ImageObject\",\"inLanguage\":\"fr-FR\",\"@id\":\"https:\\\/\\\/secure.gravatar.com\\\/avatar\\\/1447a49909b67aa657c488aec6512e1dd6143a480c1ecfee9b5b5cd74eb3b59e?s=96&d=mm&r=g\",\"url\":\"https:\\\/\\\/secure.gravatar.com\\\/avatar\\\/1447a49909b67aa657c488aec6512e1dd6143a480c1ecfee9b5b5cd74eb3b59e?s=96&d=mm&r=g\",\"contentUrl\":\"https:\\\/\\\/secure.gravatar.com\\\/avatar\\\/1447a49909b67aa657c488aec6512e1dd6143a480c1ecfee9b5b5cd74eb3b59e?s=96&d=mm&r=g\",\"caption\":\"CL\"},\"url\":\"https:\\\/\\\/www.webdo.tn\\\/fr\\\/actualite\\\/author\\\/cl\\\/\"}]}<\/script>\n<!-- \/ Yoast SEO Premium plugin. -->","yoast_head_json":{"title":"Affaire Jilani Daboussi : Mandat de d\u00e9p\u00f4t contre Mondher Lounissi pour homicide","description":"Le doyen des juges d'instruction du Tribunal de premi\u00e8re instance de Tunis a \u00e9mis un mandat de d\u00e9p\u00f4t contre le pr\u00e9sident int\u00e9rimaire d'Ennahdha, Mondher Louniss...","canonical":"https:\/\/www.webdo.tn\/fr\/actualite\/national\/affaire-jilani-daboussi-mandat-de-depot-contre-mondher-lounissi-pour-homicide\/214530\/","og_locale":"fr_FR","og_type":"article","og_title":"Affaire Jilani Daboussi : Mandat de d\u00e9p\u00f4t contre Mondher Lounissi pour homicide","og_description":"Le doyen des juges d'instruction du Tribunal de premi\u00e8re instance de Tunis a \u00e9mis un mandat de d\u00e9p\u00f4t contre le pr\u00e9sident int\u00e9rimaire d'Ennahdha, Mondher Louniss...","og_url":"https:\/\/www.webdo.tn\/fr\/actualite\/national\/affaire-jilani-daboussi-mandat-de-depot-contre-mondher-lounissi-pour-homicide\/214530\/","og_site_name":"webdo","article_publisher":"https:\/\/www.facebook.com\/webdotn","article_published_time":"2024-05-31T20:15:00+00:00","article_modified_time":"2025-05-20T22:53:46+00:00","og_image":[{"width":750,"height":400,"url":"https:\/\/www.webdo.tn\/fr\/wp-content\/uploads\/2024\/05\/8af6ebc2db6e7f63ade12a5dfc1ec83f.webp","type":"image\/webp"}],"author":"CL","twitter_card":"summary_large_image","twitter_creator":"@webdo_tn","twitter_site":"@webdo_tn","twitter_misc":{"\u00c9crit par":"CL","Dur\u00e9e de lecture estim\u00e9e":"2 minutes"},"schema":{"@context":"https:\/\/schema.org","@graph":[{"@type":"NewsArticle","@id":"https:\/\/www.webdo.tn\/fr\/actualite\/national\/affaire-jilani-daboussi-mandat-de-depot-contre-mondher-lounissi-pour-homicide\/214530\/#article","isPartOf":{"@id":"https:\/\/www.webdo.tn\/fr\/actualite\/national\/affaire-jilani-daboussi-mandat-de-depot-contre-mondher-lounissi-pour-homicide\/214530\/"},"author":{"name":"CL","@id":"https:\/\/www.webdo.tn\/fr\/#\/schema\/person\/f35b42a42c5e2511bbd282959d6385cc"},"headline":"Affaire Jilani Daboussi : Mandat de d\u00e9p\u00f4t contre Mondher Lounissi pour homicide","datePublished":"2024-05-31T20:15:00+00:00","dateModified":"2025-05-20T22:53:46+00:00","mainEntityOfPage":{"@id":"https:\/\/www.webdo.tn\/fr\/actualite\/national\/affaire-jilani-daboussi-mandat-de-depot-contre-mondher-lounissi-pour-homicide\/214530\/"},"wordCount":456,"commentCount":0,"publisher":{"@id":"https:\/\/www.webdo.tn\/fr\/#organization"},"image":{"@id":"https:\/\/www.webdo.tn\/fr\/actualite\/national\/affaire-jilani-daboussi-mandat-de-depot-contre-mondher-lounissi-pour-homicide\/214530\/#primaryimage"},"thumbnailUrl":"https:\/\/www.webdo.tn\/fr\/wp-content\/uploads\/2024\/05\/8af6ebc2db6e7f63ade12a5dfc1ec83f.webp","keywords":["homicide","jilani daboussi","mandat de d\u00e9p\u00f4t","mondher lounissi","Tunisie"],"articleSection":["National"],"inLanguage":"fr-FR"},{"@type":"WebPage","@id":"https:\/\/www.webdo.tn\/fr\/actualite\/national\/affaire-jilani-daboussi-mandat-de-depot-contre-mondher-lounissi-pour-homicide\/214530\/","url":"https:\/\/www.webdo.tn\/fr\/actualite\/national\/affaire-jilani-daboussi-mandat-de-depot-contre-mondher-lounissi-pour-homicide\/214530\/","name":"Affaire Jilani Daboussi : Mandat de d\u00e9p\u00f4t contre Mondher Lounissi pour homicide","isPartOf":{"@id":"https:\/\/www.webdo.tn\/fr\/#website"},"primaryImageOfPage":{"@id":"https:\/\/www.webdo.tn\/fr\/actualite\/national\/affaire-jilani-daboussi-mandat-de-depot-contre-mondher-lounissi-pour-homicide\/214530\/#primaryimage"},"image":{"@id":"https:\/\/www.webdo.tn\/fr\/actualite\/national\/affaire-jilani-daboussi-mandat-de-depot-contre-mondher-lounissi-pour-homicide\/214530\/#primaryimage"},"thumbnailUrl":"https:\/\/www.webdo.tn\/fr\/wp-content\/uploads\/2024\/05\/8af6ebc2db6e7f63ade12a5dfc1ec83f.webp","datePublished":"2024-05-31T20:15:00+00:00","dateModified":"2025-05-20T22:53:46+00:00","description":"Le doyen des juges d'instruction du Tribunal de premi\u00e8re instance de Tunis a \u00e9mis un mandat de d\u00e9p\u00f4t contre le pr\u00e9sident int\u00e9rimaire d'Ennahdha, Mondher Louniss...","breadcrumb":{"@id":"https:\/\/www.webdo.tn\/fr\/actualite\/national\/affaire-jilani-daboussi-mandat-de-depot-contre-mondher-lounissi-pour-homicide\/214530\/#breadcrumb"},"inLanguage":"fr-FR","potentialAction":[{"@type":"ReadAction","target":["https:\/\/www.webdo.tn\/fr\/actualite\/national\/affaire-jilani-daboussi-mandat-de-depot-contre-mondher-lounissi-pour-homicide\/214530\/"]}]},{"@type":"ImageObject","inLanguage":"fr-FR","@id":"https:\/\/www.webdo.tn\/fr\/actualite\/national\/affaire-jilani-daboussi-mandat-de-depot-contre-mondher-lounissi-pour-homicide\/214530\/#primaryimage","url":"https:\/\/www.webdo.tn\/fr\/wp-content\/uploads\/2024\/05\/8af6ebc2db6e7f63ade12a5dfc1ec83f.webp","contentUrl":"https:\/\/www.webdo.tn\/fr\/wp-content\/uploads\/2024\/05\/8af6ebc2db6e7f63ade12a5dfc1ec83f.webp","width":750,"height":400,"caption":"Affaire Jilani Daboussi : Mandat de d\u00e9p\u00f4t contre Mondher Lounissi pour homicide"},{"@type":"BreadcrumbList","@id":"https:\/\/www.webdo.tn\/fr\/actualite\/national\/affaire-jilani-daboussi-mandat-de-depot-contre-mondher-lounissi-pour-homicide\/214530\/#breadcrumb","itemListElement":[{"@type":"ListItem","position":1,"name":"Accueil","item":"https:\/\/www.webdo.tn\/fr\/"},{"@type":"ListItem","position":2,"name":"Affaire Jilani Daboussi : Mandat de d\u00e9p\u00f4t contre Mondher Lounissi pour homicide"}]},{"@type":"WebSite","@id":"https:\/\/www.webdo.tn\/fr\/#website","url":"https:\/\/www.webdo.tn\/fr\/","name":"webdo","description":"Tunisie - News en Tunisie et \u00e0 l&#039;international sur Webdo.tn","publisher":{"@id":"https:\/\/www.webdo.tn\/fr\/#organization"},"potentialAction":[{"@type":"SearchAction","target":{"@type":"EntryPoint","urlTemplate":"https:\/\/www.webdo.tn\/fr\/?s={search_term_string}"},"query-input":{"@type":"PropertyValueSpecification","valueRequired":true,"valueName":"search_term_string"}}],"inLanguage":"fr-FR"},{"@type":"Organization","@id":"https:\/\/www.webdo.tn\/fr\/#organization","name":"Webdo","alternateName":"Webdo.tn","url":"https:\/\/www.webdo.tn\/fr\/","logo":{"@type":"ImageObject","inLanguage":"fr-FR","@id":"https:\/\/www.webdo.tn\/fr\/#\/schema\/logo\/image\/","url":"https:\/\/www.webdo.tn\/fr\/wp-content\/uploads\/2025\/06\/Webdo-Tunisie_168377.jpg","contentUrl":"https:\/\/www.webdo.tn\/fr\/wp-content\/uploads\/2025\/06\/Webdo-Tunisie_168377.jpg","width":301,"height":301,"caption":"Webdo"},"image":{"@id":"https:\/\/www.webdo.tn\/fr\/#\/schema\/logo\/image\/"},"sameAs":["https:\/\/www.facebook.com\/webdotn","https:\/\/x.com\/webdo_tn"],"description":"Webdo est un m\u00e9dia num\u00e9rique tunisien fond\u00e9 en 2010, sp\u00e9cialis\u00e9 dans l\u2019actualit\u00e9 nationale et internationale, l\u2019\u00e9conomie, la soci\u00e9t\u00e9 et les analyses politiques. Le site s\u2019adresse \u00e0 un large public francophone et couvre l\u2019information tunisienne en temps r\u00e9el.","email":"redac@webdo.tn","legalName":"YNJ SARL","foundingDate":"2010-09-06","numberOfEmployees":{"@type":"QuantitativeValue","minValue":"11","maxValue":"50"}},{"@type":"Person","@id":"https:\/\/www.webdo.tn\/fr\/#\/schema\/person\/f35b42a42c5e2511bbd282959d6385cc","name":"CL","image":{"@type":"ImageObject","inLanguage":"fr-FR","@id":"https:\/\/secure.gravatar.com\/avatar\/1447a49909b67aa657c488aec6512e1dd6143a480c1ecfee9b5b5cd74eb3b59e?s=96&d=mm&r=g","url":"https:\/\/secure.gravatar.com\/avatar\/1447a49909b67aa657c488aec6512e1dd6143a480c1ecfee9b5b5cd74eb3b59e?s=96&d=mm&r=g","contentUrl":"https:\/\/secure.gravatar.com\/avatar\/1447a49909b67aa657c488aec6512e1dd6143a480c1ecfee9b5b5cd74eb3b59e?s=96&d=mm&r=g","caption":"CL"},"url":"https:\/\/www.webdo.tn\/fr\/actualite\/author\/cl\/"}]}},"_links":{"self":[{"href":"https:\/\/www.webdo.tn\/fr\/wp-json\/wp\/v2\/posts\/214530","targetHints":{"allow":["GET"]}}],"collection":[{"href":"https:\/\/www.webdo.tn\/fr\/wp-json\/wp\/v2\/posts"}],"about":[{"href":"https:\/\/www.webdo.tn\/fr\/wp-json\/wp\/v2\/types\/post"}],"author":[{"embeddable":true,"href":"https:\/\/www.webdo.tn\/fr\/wp-json\/wp\/v2\/users\/3175"}],"replies":[{"embeddable":true,"href":"https:\/\/www.webdo.tn\/fr\/wp-json\/wp\/v2\/comments?post=214530"}],"version-history":[{"count":0,"href":"https:\/\/www.webdo.tn\/fr\/wp-json\/wp\/v2\/posts\/214530\/revisions"}],"wp:featuredmedia":[{"embeddable":true,"href":"https:\/\/www.webdo.tn\/fr\/wp-json\/wp\/v2\/media\/290671"}],"wp:attachment":[{"href":"https:\/\/www.webdo.tn\/fr\/wp-json\/wp\/v2\/media?parent=214530"}],"wp:term":[{"taxonomy":"category","embeddable":true,"href":"https:\/\/www.webdo.tn\/fr\/wp-json\/wp\/v2\/categories?post=214530"},{"taxonomy":"post_tag","embeddable":true,"href":"https:\/\/www.webdo.tn\/fr\/wp-json\/wp\/v2\/tags?post=214530"}],"curies":[{"name":"wp","href":"https:\/\/api.w.org\/{rel}","templated":true}]}}