{"id":214524,"date":"2024-05-31T16:08:00","date_gmt":"2024-05-31T16:08:00","guid":{"rendered":"https:\/\/www.webdo.tn\/fr\/blog\/reception-en-l-honneur-de-kais-saied-et-de-son-epouse-en-chine\/214524\/"},"modified":"2025-05-20T22:53:46","modified_gmt":"2025-05-20T22:53:46","slug":"reception-en-l-honneur-de-kais-saied-et-de-son-epouse-en-chine","status":"publish","type":"post","link":"https:\/\/www.webdo.tn\/fr\/actualite\/national\/reception-en-l-honneur-de-kais-saied-et-de-son-epouse-en-chine\/214524\/","title":{"rendered":"R\u00e9ception en l&rsquo;honneur de Kais Saied et de son \u00e9pouse en Chine"},"content":{"rendered":"<p>Une r\u00e9ception en l\u2019honneur du pr\u00e9sident Kais Saied et de son \u00e9pouse s\u2019est tenue en Chine.<\/p>\n<p>\t\t\t\t\t\t\t\t\tEn marge du Forum sino-arabe, le pr\u00e9sident chinois Xi Jinping a organis\u00e9, ce vendredi 31 mai 2024, une r\u00e9ception en l\u2019honneur du pr\u00e9sident de la R\u00e9publique Kais Sa\u00efed et de son \u00e9pouse au Palais pr\u00e9sidentiel chinois \u00e0 P\u00e9kin.<\/p>\n<p>Une r\u00e9ception organis\u00e9e pour marquer le soixanti\u00e8me anniversaire de l&rsquo;\u00e9tablissement des relations diplomatiques entre la Chine et la Tunisie.<\/p>\n<p>Dans le cadre de la visite du Chef de l\u2019Etat \u00e0 P\u00e9kin, Xi Jinping et Ka\u00efs Sa\u00efed se sont entretenus, aujourd\u2019hui dans le cadre du partenariat strat\u00e9gique \u00e9tabli entre les deux pays rapporte l\u2019agence de presse Xinhua.<\/p>\n<p>Hier, le chef de \u013eEtat s\u2019est \u00e9galement entretenu avec le Premier ministre chinoi Li Qiang. Un entretien, qui a notamment \u00e9t\u00e9 ax\u00e9 sur la coop\u00e9ration entre les deux pays et les moyens de la renforcer et de la diversifier.<\/p>\n<p>Kais Sa\u00efed a d\u2019ailleurs soulign\u00e9 que la Tunisie souhaite explorer de nouvelles opportunit\u00e9s de coop\u00e9ration avec la Chine et lancer, dans les meilleurs d\u00e9lais, des projets et partenariats strat\u00e9giques dans des secteurs prioritaires, tels que la sant\u00e9, les transports ferroviaires et a\u00e9riens, l&rsquo;infrastructure, le tourisme et les installations sportives.<\/p>\n","protected":false},"excerpt":{"rendered":"<p>En marge du Forum sino-arabe, le pr\u00e9sident chinois Xi Jinping a organis\u00e9, ce vendredi 31 mai 2024, une r\u00e9ception en l\u2019honneur du pr\u00e9sident de la R\u00e9publique Kais&#8230;<\/p>\n","protected":false},"author":3175,"featured_media":290669,"comment_status":"open","ping_status":"closed","sticky":false,"template":"","format":"standard","meta":{"footnotes":""},"categories":[44],"tags":[2694,6411,2614,2608,6410],"class_list":["post-214524","post","type-post","status-publish","format-standard","has-post-thumbnail","hentry","category-national","tag-chine","tag-forum-sino-arabe","tag-kais-saied","tag-tunisie","tag-xi-jinping"],"yoast_head":"<!-- This site is optimized with the Yoast SEO Premium plugin v27.5 (Yoast SEO v27.5) - https:\/\/yoast.com\/product\/yoast-seo-premium-wordpress\/ -->\n<title>R\u00e9ception en l&#039;honneur de Kais Saied et de son \u00e9pouse en Chine<\/title>\n<meta name=\"description\" content=\"En marge du Forum sino-arabe, le pr\u00e9sident chinois Xi Jinping a organis\u00e9, ce vendredi 31 mai 2024, une r\u00e9ception en l\u2019honneur du pr\u00e9sident de la R\u00e9publique Kais...\" \/>\n<link rel=\"canonical\" href=\"https:\/\/www.webdo.tn\/fr\/actualite\/national\/reception-en-l-honneur-de-kais-saied-et-de-son-epouse-en-chine\/214524\/\" \/>\n<meta property=\"og:locale\" content=\"fr_FR\" \/>\n<meta property=\"og:type\" content=\"article\" \/>\n<meta property=\"og:title\" content=\"R\u00e9ception en l&#039;honneur de Kais Saied et de son \u00e9pouse en Chine\" \/>\n<meta property=\"og:description\" content=\"En marge du Forum sino-arabe, le pr\u00e9sident chinois Xi Jinping a organis\u00e9, ce vendredi 31 mai 2024, une r\u00e9ception en l\u2019honneur du pr\u00e9sident de la R\u00e9publique Kais...\" \/>\n<meta property=\"og:url\" content=\"https:\/\/www.webdo.tn\/fr\/actualite\/national\/reception-en-l-honneur-de-kais-saied-et-de-son-epouse-en-chine\/214524\/\" \/>\n<meta property=\"og:site_name\" content=\"webdo\" \/>\n<meta property=\"article:publisher\" content=\"https:\/\/www.facebook.com\/webdotn\" \/>\n<meta property=\"article:published_time\" content=\"2024-05-31T16:08:00+00:00\" \/>\n<meta property=\"article:modified_time\" content=\"2025-05-20T22:53:46+00:00\" \/>\n<meta property=\"og:image\" content=\"https:\/\/www.webdo.tn\/fr\/wp-content\/uploads\/2024\/05\/8936943ed04869e61cc8731844ae061e.webp\" \/>\n\t<meta property=\"og:image:width\" content=\"750\" \/>\n\t<meta property=\"og:image:height\" content=\"400\" \/>\n\t<meta property=\"og:image:type\" content=\"image\/webp\" \/>\n<meta name=\"author\" content=\"CL\" \/>\n<meta name=\"twitter:card\" content=\"summary_large_image\" \/>\n<meta name=\"twitter:creator\" content=\"@webdo_tn\" \/>\n<meta name=\"twitter:site\" content=\"@webdo_tn\" \/>\n<meta name=\"twitter:label1\" content=\"\u00c9crit par\" \/>\n\t<meta name=\"twitter:data1\" content=\"CL\" \/>\n\t<meta name=\"twitter:label2\" content=\"Dur\u00e9e de lecture estim\u00e9e\" \/>\n\t<meta name=\"twitter:data2\" content=\"1 minute\" \/>\n<script type=\"application\/ld+json\" class=\"yoast-schema-graph\">{\"@context\":\"https:\\\/\\\/schema.org\",\"@graph\":[{\"@type\":\"NewsArticle\",\"@id\":\"https:\\\/\\\/www.webdo.tn\\\/fr\\\/actualite\\\/national\\\/reception-en-l-honneur-de-kais-saied-et-de-son-epouse-en-chine\\\/214524\\\/#article\",\"isPartOf\":{\"@id\":\"https:\\\/\\\/www.webdo.tn\\\/fr\\\/actualite\\\/national\\\/reception-en-l-honneur-de-kais-saied-et-de-son-epouse-en-chine\\\/214524\\\/\"},\"author\":{\"name\":\"CL\",\"@id\":\"https:\\\/\\\/www.webdo.tn\\\/fr\\\/#\\\/schema\\\/person\\\/f35b42a42c5e2511bbd282959d6385cc\"},\"headline\":\"R\u00e9ception en l&rsquo;honneur de Kais Saied et de son \u00e9pouse en Chine\",\"datePublished\":\"2024-05-31T16:08:00+00:00\",\"dateModified\":\"2025-05-20T22:53:46+00:00\",\"mainEntityOfPage\":{\"@id\":\"https:\\\/\\\/www.webdo.tn\\\/fr\\\/actualite\\\/national\\\/reception-en-l-honneur-de-kais-saied-et-de-son-epouse-en-chine\\\/214524\\\/\"},\"wordCount\":241,\"commentCount\":0,\"publisher\":{\"@id\":\"https:\\\/\\\/www.webdo.tn\\\/fr\\\/#organization\"},\"image\":{\"@id\":\"https:\\\/\\\/www.webdo.tn\\\/fr\\\/actualite\\\/national\\\/reception-en-l-honneur-de-kais-saied-et-de-son-epouse-en-chine\\\/214524\\\/#primaryimage\"},\"thumbnailUrl\":\"https:\\\/\\\/www.webdo.tn\\\/fr\\\/wp-content\\\/uploads\\\/2024\\\/05\\\/8936943ed04869e61cc8731844ae061e.webp\",\"keywords\":[\"chine\",\"forum sino-arabe\",\"Kais Saied\",\"Tunisie\",\"Xi Jinping\"],\"articleSection\":[\"National\"],\"inLanguage\":\"fr-FR\"},{\"@type\":\"WebPage\",\"@id\":\"https:\\\/\\\/www.webdo.tn\\\/fr\\\/actualite\\\/national\\\/reception-en-l-honneur-de-kais-saied-et-de-son-epouse-en-chine\\\/214524\\\/\",\"url\":\"https:\\\/\\\/www.webdo.tn\\\/fr\\\/actualite\\\/national\\\/reception-en-l-honneur-de-kais-saied-et-de-son-epouse-en-chine\\\/214524\\\/\",\"name\":\"R\u00e9ception en l'honneur de Kais Saied et de son \u00e9pouse en Chine\",\"isPartOf\":{\"@id\":\"https:\\\/\\\/www.webdo.tn\\\/fr\\\/#website\"},\"primaryImageOfPage\":{\"@id\":\"https:\\\/\\\/www.webdo.tn\\\/fr\\\/actualite\\\/national\\\/reception-en-l-honneur-de-kais-saied-et-de-son-epouse-en-chine\\\/214524\\\/#primaryimage\"},\"image\":{\"@id\":\"https:\\\/\\\/www.webdo.tn\\\/fr\\\/actualite\\\/national\\\/reception-en-l-honneur-de-kais-saied-et-de-son-epouse-en-chine\\\/214524\\\/#primaryimage\"},\"thumbnailUrl\":\"https:\\\/\\\/www.webdo.tn\\\/fr\\\/wp-content\\\/uploads\\\/2024\\\/05\\\/8936943ed04869e61cc8731844ae061e.webp\",\"datePublished\":\"2024-05-31T16:08:00+00:00\",\"dateModified\":\"2025-05-20T22:53:46+00:00\",\"description\":\"En marge du Forum sino-arabe, le pr\u00e9sident chinois Xi Jinping a organis\u00e9, ce vendredi 31 mai 2024, une r\u00e9ception en l\u2019honneur du pr\u00e9sident de la R\u00e9publique Kais...\",\"breadcrumb\":{\"@id\":\"https:\\\/\\\/www.webdo.tn\\\/fr\\\/actualite\\\/national\\\/reception-en-l-honneur-de-kais-saied-et-de-son-epouse-en-chine\\\/214524\\\/#breadcrumb\"},\"inLanguage\":\"fr-FR\",\"potentialAction\":[{\"@type\":\"ReadAction\",\"target\":[\"https:\\\/\\\/www.webdo.tn\\\/fr\\\/actualite\\\/national\\\/reception-en-l-honneur-de-kais-saied-et-de-son-epouse-en-chine\\\/214524\\\/\"]}]},{\"@type\":\"ImageObject\",\"inLanguage\":\"fr-FR\",\"@id\":\"https:\\\/\\\/www.webdo.tn\\\/fr\\\/actualite\\\/national\\\/reception-en-l-honneur-de-kais-saied-et-de-son-epouse-en-chine\\\/214524\\\/#primaryimage\",\"url\":\"https:\\\/\\\/www.webdo.tn\\\/fr\\\/wp-content\\\/uploads\\\/2024\\\/05\\\/8936943ed04869e61cc8731844ae061e.webp\",\"contentUrl\":\"https:\\\/\\\/www.webdo.tn\\\/fr\\\/wp-content\\\/uploads\\\/2024\\\/05\\\/8936943ed04869e61cc8731844ae061e.webp\",\"width\":750,\"height\":400,\"caption\":\"R\u00e9ception en l'honneur de Kais Saied et de son \u00e9pouse en Chine\"},{\"@type\":\"BreadcrumbList\",\"@id\":\"https:\\\/\\\/www.webdo.tn\\\/fr\\\/actualite\\\/national\\\/reception-en-l-honneur-de-kais-saied-et-de-son-epouse-en-chine\\\/214524\\\/#breadcrumb\",\"itemListElement\":[{\"@type\":\"ListItem\",\"position\":1,\"name\":\"Accueil\",\"item\":\"https:\\\/\\\/www.webdo.tn\\\/fr\\\/\"},{\"@type\":\"ListItem\",\"position\":2,\"name\":\"R\u00e9ception en l&rsquo;honneur de Kais Saied et de son \u00e9pouse en Chine\"}]},{\"@type\":\"WebSite\",\"@id\":\"https:\\\/\\\/www.webdo.tn\\\/fr\\\/#website\",\"url\":\"https:\\\/\\\/www.webdo.tn\\\/fr\\\/\",\"name\":\"webdo\",\"description\":\"Tunisie - News en Tunisie et \u00e0 l&#039;international sur Webdo.tn\",\"publisher\":{\"@id\":\"https:\\\/\\\/www.webdo.tn\\\/fr\\\/#organization\"},\"potentialAction\":[{\"@type\":\"SearchAction\",\"target\":{\"@type\":\"EntryPoint\",\"urlTemplate\":\"https:\\\/\\\/www.webdo.tn\\\/fr\\\/?s={search_term_string}\"},\"query-input\":{\"@type\":\"PropertyValueSpecification\",\"valueRequired\":true,\"valueName\":\"search_term_string\"}}],\"inLanguage\":\"fr-FR\"},{\"@type\":\"Organization\",\"@id\":\"https:\\\/\\\/www.webdo.tn\\\/fr\\\/#organization\",\"name\":\"Webdo\",\"alternateName\":\"Webdo.tn\",\"url\":\"https:\\\/\\\/www.webdo.tn\\\/fr\\\/\",\"logo\":{\"@type\":\"ImageObject\",\"inLanguage\":\"fr-FR\",\"@id\":\"https:\\\/\\\/www.webdo.tn\\\/fr\\\/#\\\/schema\\\/logo\\\/image\\\/\",\"url\":\"https:\\\/\\\/www.webdo.tn\\\/fr\\\/wp-content\\\/uploads\\\/2025\\\/06\\\/Webdo-Tunisie_168377.jpg\",\"contentUrl\":\"https:\\\/\\\/www.webdo.tn\\\/fr\\\/wp-content\\\/uploads\\\/2025\\\/06\\\/Webdo-Tunisie_168377.jpg\",\"width\":301,\"height\":301,\"caption\":\"Webdo\"},\"image\":{\"@id\":\"https:\\\/\\\/www.webdo.tn\\\/fr\\\/#\\\/schema\\\/logo\\\/image\\\/\"},\"sameAs\":[\"https:\\\/\\\/www.facebook.com\\\/webdotn\",\"https:\\\/\\\/x.com\\\/webdo_tn\"],\"description\":\"Webdo est un m\u00e9dia num\u00e9rique tunisien fond\u00e9 en 2010, sp\u00e9cialis\u00e9 dans l\u2019actualit\u00e9 nationale et internationale, l\u2019\u00e9conomie, la soci\u00e9t\u00e9 et les analyses politiques. Le site s\u2019adresse \u00e0 un large public francophone et couvre l\u2019information tunisienne en temps r\u00e9el.\",\"email\":\"redac@webdo.tn\",\"legalName\":\"YNJ SARL\",\"foundingDate\":\"2010-09-06\",\"numberOfEmployees\":{\"@type\":\"QuantitativeValue\",\"minValue\":\"11\",\"maxValue\":\"50\"}},{\"@type\":\"Person\",\"@id\":\"https:\\\/\\\/www.webdo.tn\\\/fr\\\/#\\\/schema\\\/person\\\/f35b42a42c5e2511bbd282959d6385cc\",\"name\":\"CL\",\"image\":{\"@type\":\"ImageObject\",\"inLanguage\":\"fr-FR\",\"@id\":\"https:\\\/\\\/secure.gravatar.com\\\/avatar\\\/1447a49909b67aa657c488aec6512e1dd6143a480c1ecfee9b5b5cd74eb3b59e?s=96&d=mm&r=g\",\"url\":\"https:\\\/\\\/secure.gravatar.com\\\/avatar\\\/1447a49909b67aa657c488aec6512e1dd6143a480c1ecfee9b5b5cd74eb3b59e?s=96&d=mm&r=g\",\"contentUrl\":\"https:\\\/\\\/secure.gravatar.com\\\/avatar\\\/1447a49909b67aa657c488aec6512e1dd6143a480c1ecfee9b5b5cd74eb3b59e?s=96&d=mm&r=g\",\"caption\":\"CL\"},\"url\":\"https:\\\/\\\/www.webdo.tn\\\/fr\\\/actualite\\\/author\\\/cl\\\/\"}]}<\/script>\n<!-- \/ Yoast SEO Premium plugin. -->","yoast_head_json":{"title":"R\u00e9ception en l'honneur de Kais Saied et de son \u00e9pouse en Chine","description":"En marge du Forum sino-arabe, le pr\u00e9sident chinois Xi Jinping a organis\u00e9, ce vendredi 31 mai 2024, une r\u00e9ception en l\u2019honneur du pr\u00e9sident de la R\u00e9publique Kais...","canonical":"https:\/\/www.webdo.tn\/fr\/actualite\/national\/reception-en-l-honneur-de-kais-saied-et-de-son-epouse-en-chine\/214524\/","og_locale":"fr_FR","og_type":"article","og_title":"R\u00e9ception en l'honneur de Kais Saied et de son \u00e9pouse en Chine","og_description":"En marge du Forum sino-arabe, le pr\u00e9sident chinois Xi Jinping a organis\u00e9, ce vendredi 31 mai 2024, une r\u00e9ception en l\u2019honneur du pr\u00e9sident de la R\u00e9publique Kais...","og_url":"https:\/\/www.webdo.tn\/fr\/actualite\/national\/reception-en-l-honneur-de-kais-saied-et-de-son-epouse-en-chine\/214524\/","og_site_name":"webdo","article_publisher":"https:\/\/www.facebook.com\/webdotn","article_published_time":"2024-05-31T16:08:00+00:00","article_modified_time":"2025-05-20T22:53:46+00:00","og_image":[{"width":750,"height":400,"url":"https:\/\/www.webdo.tn\/fr\/wp-content\/uploads\/2024\/05\/8936943ed04869e61cc8731844ae061e.webp","type":"image\/webp"}],"author":"CL","twitter_card":"summary_large_image","twitter_creator":"@webdo_tn","twitter_site":"@webdo_tn","twitter_misc":{"\u00c9crit par":"CL","Dur\u00e9e de lecture estim\u00e9e":"1 minute"},"schema":{"@context":"https:\/\/schema.org","@graph":[{"@type":"NewsArticle","@id":"https:\/\/www.webdo.tn\/fr\/actualite\/national\/reception-en-l-honneur-de-kais-saied-et-de-son-epouse-en-chine\/214524\/#article","isPartOf":{"@id":"https:\/\/www.webdo.tn\/fr\/actualite\/national\/reception-en-l-honneur-de-kais-saied-et-de-son-epouse-en-chine\/214524\/"},"author":{"name":"CL","@id":"https:\/\/www.webdo.tn\/fr\/#\/schema\/person\/f35b42a42c5e2511bbd282959d6385cc"},"headline":"R\u00e9ception en l&rsquo;honneur de Kais Saied et de son \u00e9pouse en Chine","datePublished":"2024-05-31T16:08:00+00:00","dateModified":"2025-05-20T22:53:46+00:00","mainEntityOfPage":{"@id":"https:\/\/www.webdo.tn\/fr\/actualite\/national\/reception-en-l-honneur-de-kais-saied-et-de-son-epouse-en-chine\/214524\/"},"wordCount":241,"commentCount":0,"publisher":{"@id":"https:\/\/www.webdo.tn\/fr\/#organization"},"image":{"@id":"https:\/\/www.webdo.tn\/fr\/actualite\/national\/reception-en-l-honneur-de-kais-saied-et-de-son-epouse-en-chine\/214524\/#primaryimage"},"thumbnailUrl":"https:\/\/www.webdo.tn\/fr\/wp-content\/uploads\/2024\/05\/8936943ed04869e61cc8731844ae061e.webp","keywords":["chine","forum sino-arabe","Kais Saied","Tunisie","Xi Jinping"],"articleSection":["National"],"inLanguage":"fr-FR"},{"@type":"WebPage","@id":"https:\/\/www.webdo.tn\/fr\/actualite\/national\/reception-en-l-honneur-de-kais-saied-et-de-son-epouse-en-chine\/214524\/","url":"https:\/\/www.webdo.tn\/fr\/actualite\/national\/reception-en-l-honneur-de-kais-saied-et-de-son-epouse-en-chine\/214524\/","name":"R\u00e9ception en l'honneur de Kais Saied et de son \u00e9pouse en Chine","isPartOf":{"@id":"https:\/\/www.webdo.tn\/fr\/#website"},"primaryImageOfPage":{"@id":"https:\/\/www.webdo.tn\/fr\/actualite\/national\/reception-en-l-honneur-de-kais-saied-et-de-son-epouse-en-chine\/214524\/#primaryimage"},"image":{"@id":"https:\/\/www.webdo.tn\/fr\/actualite\/national\/reception-en-l-honneur-de-kais-saied-et-de-son-epouse-en-chine\/214524\/#primaryimage"},"thumbnailUrl":"https:\/\/www.webdo.tn\/fr\/wp-content\/uploads\/2024\/05\/8936943ed04869e61cc8731844ae061e.webp","datePublished":"2024-05-31T16:08:00+00:00","dateModified":"2025-05-20T22:53:46+00:00","description":"En marge du Forum sino-arabe, le pr\u00e9sident chinois Xi Jinping a organis\u00e9, ce vendredi 31 mai 2024, une r\u00e9ception en l\u2019honneur du pr\u00e9sident de la R\u00e9publique Kais...","breadcrumb":{"@id":"https:\/\/www.webdo.tn\/fr\/actualite\/national\/reception-en-l-honneur-de-kais-saied-et-de-son-epouse-en-chine\/214524\/#breadcrumb"},"inLanguage":"fr-FR","potentialAction":[{"@type":"ReadAction","target":["https:\/\/www.webdo.tn\/fr\/actualite\/national\/reception-en-l-honneur-de-kais-saied-et-de-son-epouse-en-chine\/214524\/"]}]},{"@type":"ImageObject","inLanguage":"fr-FR","@id":"https:\/\/www.webdo.tn\/fr\/actualite\/national\/reception-en-l-honneur-de-kais-saied-et-de-son-epouse-en-chine\/214524\/#primaryimage","url":"https:\/\/www.webdo.tn\/fr\/wp-content\/uploads\/2024\/05\/8936943ed04869e61cc8731844ae061e.webp","contentUrl":"https:\/\/www.webdo.tn\/fr\/wp-content\/uploads\/2024\/05\/8936943ed04869e61cc8731844ae061e.webp","width":750,"height":400,"caption":"R\u00e9ception en l'honneur de Kais Saied et de son \u00e9pouse en Chine"},{"@type":"BreadcrumbList","@id":"https:\/\/www.webdo.tn\/fr\/actualite\/national\/reception-en-l-honneur-de-kais-saied-et-de-son-epouse-en-chine\/214524\/#breadcrumb","itemListElement":[{"@type":"ListItem","position":1,"name":"Accueil","item":"https:\/\/www.webdo.tn\/fr\/"},{"@type":"ListItem","position":2,"name":"R\u00e9ception en l&rsquo;honneur de Kais Saied et de son \u00e9pouse en Chine"}]},{"@type":"WebSite","@id":"https:\/\/www.webdo.tn\/fr\/#website","url":"https:\/\/www.webdo.tn\/fr\/","name":"webdo","description":"Tunisie - News en Tunisie et \u00e0 l&#039;international sur Webdo.tn","publisher":{"@id":"https:\/\/www.webdo.tn\/fr\/#organization"},"potentialAction":[{"@type":"SearchAction","target":{"@type":"EntryPoint","urlTemplate":"https:\/\/www.webdo.tn\/fr\/?s={search_term_string}"},"query-input":{"@type":"PropertyValueSpecification","valueRequired":true,"valueName":"search_term_string"}}],"inLanguage":"fr-FR"},{"@type":"Organization","@id":"https:\/\/www.webdo.tn\/fr\/#organization","name":"Webdo","alternateName":"Webdo.tn","url":"https:\/\/www.webdo.tn\/fr\/","logo":{"@type":"ImageObject","inLanguage":"fr-FR","@id":"https:\/\/www.webdo.tn\/fr\/#\/schema\/logo\/image\/","url":"https:\/\/www.webdo.tn\/fr\/wp-content\/uploads\/2025\/06\/Webdo-Tunisie_168377.jpg","contentUrl":"https:\/\/www.webdo.tn\/fr\/wp-content\/uploads\/2025\/06\/Webdo-Tunisie_168377.jpg","width":301,"height":301,"caption":"Webdo"},"image":{"@id":"https:\/\/www.webdo.tn\/fr\/#\/schema\/logo\/image\/"},"sameAs":["https:\/\/www.facebook.com\/webdotn","https:\/\/x.com\/webdo_tn"],"description":"Webdo est un m\u00e9dia num\u00e9rique tunisien fond\u00e9 en 2010, sp\u00e9cialis\u00e9 dans l\u2019actualit\u00e9 nationale et internationale, l\u2019\u00e9conomie, la soci\u00e9t\u00e9 et les analyses politiques. Le site s\u2019adresse \u00e0 un large public francophone et couvre l\u2019information tunisienne en temps r\u00e9el.","email":"redac@webdo.tn","legalName":"YNJ SARL","foundingDate":"2010-09-06","numberOfEmployees":{"@type":"QuantitativeValue","minValue":"11","maxValue":"50"}},{"@type":"Person","@id":"https:\/\/www.webdo.tn\/fr\/#\/schema\/person\/f35b42a42c5e2511bbd282959d6385cc","name":"CL","image":{"@type":"ImageObject","inLanguage":"fr-FR","@id":"https:\/\/secure.gravatar.com\/avatar\/1447a49909b67aa657c488aec6512e1dd6143a480c1ecfee9b5b5cd74eb3b59e?s=96&d=mm&r=g","url":"https:\/\/secure.gravatar.com\/avatar\/1447a49909b67aa657c488aec6512e1dd6143a480c1ecfee9b5b5cd74eb3b59e?s=96&d=mm&r=g","contentUrl":"https:\/\/secure.gravatar.com\/avatar\/1447a49909b67aa657c488aec6512e1dd6143a480c1ecfee9b5b5cd74eb3b59e?s=96&d=mm&r=g","caption":"CL"},"url":"https:\/\/www.webdo.tn\/fr\/actualite\/author\/cl\/"}]}},"_links":{"self":[{"href":"https:\/\/www.webdo.tn\/fr\/wp-json\/wp\/v2\/posts\/214524","targetHints":{"allow":["GET"]}}],"collection":[{"href":"https:\/\/www.webdo.tn\/fr\/wp-json\/wp\/v2\/posts"}],"about":[{"href":"https:\/\/www.webdo.tn\/fr\/wp-json\/wp\/v2\/types\/post"}],"author":[{"embeddable":true,"href":"https:\/\/www.webdo.tn\/fr\/wp-json\/wp\/v2\/users\/3175"}],"replies":[{"embeddable":true,"href":"https:\/\/www.webdo.tn\/fr\/wp-json\/wp\/v2\/comments?post=214524"}],"version-history":[{"count":0,"href":"https:\/\/www.webdo.tn\/fr\/wp-json\/wp\/v2\/posts\/214524\/revisions"}],"wp:featuredmedia":[{"embeddable":true,"href":"https:\/\/www.webdo.tn\/fr\/wp-json\/wp\/v2\/media\/290669"}],"wp:attachment":[{"href":"https:\/\/www.webdo.tn\/fr\/wp-json\/wp\/v2\/media?parent=214524"}],"wp:term":[{"taxonomy":"category","embeddable":true,"href":"https:\/\/www.webdo.tn\/fr\/wp-json\/wp\/v2\/categories?post=214524"},{"taxonomy":"post_tag","embeddable":true,"href":"https:\/\/www.webdo.tn\/fr\/wp-json\/wp\/v2\/tags?post=214524"}],"curies":[{"name":"wp","href":"https:\/\/api.w.org\/{rel}","templated":true}]}}