{"id":214517,"date":"2024-05-31T10:37:00","date_gmt":"2024-05-31T10:37:00","guid":{"rendered":"https:\/\/www.webdo.tn\/fr\/blog\/tunisie-avocats-et-ministere-de-l-interieur-un-nouveau-depart\/214517\/"},"modified":"2025-05-20T22:53:45","modified_gmt":"2025-05-20T22:53:45","slug":"tunisie-avocats-et-ministere-de-l-interieur-un-nouveau-depart","status":"publish","type":"post","link":"https:\/\/www.webdo.tn\/fr\/actualite\/national\/tunisie-avocats-et-ministere-de-l-interieur-un-nouveau-depart\/214517\/","title":{"rendered":"Tunisie : Avocats et minist\u00e8re de l&rsquo;Int\u00e9rieur, un nouveau d\u00e9part ?"},"content":{"rendered":"<p>Jeudi 30 mai 2024, une rencontre importante a eu lieu entre le B\u00e2tonnier des avocats, Hatem Mziou, et le ministre de l&rsquo;Int\u00e9rieur, Khaled Nouri, en pr\u00e9sence du secr\u00e9taire d&rsquo;\u00c9tat charg\u00e9 de la S\u00e9curit\u00e9 nationale. Cette r\u00e9union visait \u00e0 examiner les d\u00e9passements proc\u00e9duraux concernant l&rsquo;ex\u00e9cution des mandats de justice qui ont touch\u00e9 la Maison de l&rsquo;Avocat.<\/p>\n<p>\t\t\t\t\t\t\t\t\tLe b\u00e2tonnier a soulign\u00e9 la n\u00e9cessit\u00e9 de respecter les proc\u00e9dures et a exprim\u00e9 son rejet de ces violations juridiques et du m\u00e9pris des structures de la profession. Il a insist\u00e9 sur le respect des droits, des libert\u00e9s, de la primaut\u00e9 du droit, des garanties constitutionnelles, de l&rsquo;int\u00e9grit\u00e9 physique et de la dignit\u00e9 humaine.<\/p>\n<p>En r\u00e9ponse, le ministre de l&rsquo;Int\u00e9rieur a exprim\u00e9 son respect pour la profession d&rsquo;avocat en Tunisie et sa noble mission, rappelant le r\u00f4le de leader des avocats \u00e0 travers l&rsquo;histoire. Il a affirm\u00e9 la volont\u00e9 du minist\u00e8re de faire tout ce qui est n\u00e9cessaire pour imposer le respect de la primaut\u00e9 du droit et des proc\u00e9dures, soulignant que la relation sera toujours fond\u00e9e sur le respect de la loi et des garanties relatives aux droits et libert\u00e9s.<\/p>\n<p>La n\u00e9cessit\u00e9 de surmonter les difficult\u00e9s rencontr\u00e9es par les avocats dans l&rsquo;exercice de leurs fonctions et devoirs devant l&rsquo;enqu\u00eateur pr\u00e9liminaire et les administrations relevant du minist\u00e8re de l&rsquo;Int\u00e9rieur a \u00e9galement \u00e9t\u00e9 discut\u00e9e. Le ministre a insist\u00e9 sur le respect des garanties juridiques et du r\u00f4le des avocats lors de la repr\u00e9sentation devant la police judiciaire.<\/p>\n<p>Il est \u00e0 noter que cette rencontre intervient peu apr\u00e8s un remaniement minist\u00e9riel partiel effectu\u00e9 par le pr\u00e9sident Kais Saied le 25 mai 2024, lorsque le ministre de l&rsquo;Int\u00e9rieur Kamel Feki a \u00e9t\u00e9 remerci\u00e9 et remplac\u00e9 par Khaled Nouri, jusqu&rsquo;alors gouverneur de l&rsquo;Ariana.<\/p>\n<p>Ce dialogue de haut niveau avec le nouveau ministre de l&rsquo;Int\u00e9rieur se d\u00e9roule \u00e9galement dans un contexte tendu, marqu\u00e9 par des arrestations r\u00e9centes d&rsquo;avocats, dont Sonia Dahmani et Mehdi Zagrouba, suite \u00e0 un assaut policier visant la Maison de l&rsquo;Avocat. Les avocats avaient massivement r\u00e9pondu \u00e0 l&rsquo;appel \u00e0 la gr\u00e8ve lanc\u00e9 par l&rsquo;Ordre National des Avocats de Tunisie le 16 mai pour protester contre ces \u00e9v\u00e9nements.<\/p>\n<p>Cette rencontre semble donc marquer un tournant dans les relations entre les avocats et les autorit\u00e9s, ouvrant la voie \u00e0 une meilleure compr\u00e9hension mutuelle et au respect des droits et proc\u00e9dures.<\/p>\n<p>Reste \u00e0 voir si ces engagements se traduiront par des am\u00e9liorations concr\u00e8tes sur le terrain pour les avocats tunisiens dans l&rsquo;exercice de leur profession ?<\/p>\n","protected":false},"excerpt":{"rendered":"<p>Rencontre importante entre le B\u00e2tonnier des avocats, Hatem Mziou, et le ministre de l&rsquo;Int\u00e9rieur, Khaled Nouri.<\/p>\n","protected":false},"author":3175,"featured_media":290666,"comment_status":"open","ping_status":"closed","sticky":false,"template":"","format":"standard","meta":{"footnotes":""},"categories":[44],"tags":[4962,6508,4636,3572,3040,2608],"class_list":["post-214517","post","type-post","status-publish","format-standard","has-post-thumbnail","hentry","category-national","tag-avocats","tag-hatem-mziou","tag-interieur","tag-khaled-nouri","tag-ordre-des-avocats","tag-tunisie"],"yoast_head":"<!-- This site is optimized with the Yoast SEO Premium plugin v27.5 (Yoast SEO v27.5) - https:\/\/yoast.com\/product\/yoast-seo-premium-wordpress\/ -->\n<title>Tunisie : Avocats et minist\u00e8re de l&#039;Int\u00e9rieur, un nouveau d\u00e9part ?<\/title>\n<meta name=\"description\" content=\"Rencontre importante entre le B\u00e2tonnier des avocats, Hatem Mziou, et le ministre de l&#039;Int\u00e9rieur, Khaled Nouri.\" \/>\n<link rel=\"canonical\" href=\"https:\/\/www.webdo.tn\/fr\/actualite\/national\/tunisie-avocats-et-ministere-de-l-interieur-un-nouveau-depart\/214517\/\" \/>\n<meta property=\"og:locale\" content=\"fr_FR\" \/>\n<meta property=\"og:type\" content=\"article\" \/>\n<meta property=\"og:title\" content=\"Tunisie : Avocats et minist\u00e8re de l&#039;Int\u00e9rieur, un nouveau d\u00e9part ?\" \/>\n<meta property=\"og:description\" content=\"Rencontre importante entre le B\u00e2tonnier des avocats, Hatem Mziou, et le ministre de l&#039;Int\u00e9rieur, Khaled Nouri.\" \/>\n<meta property=\"og:url\" content=\"https:\/\/www.webdo.tn\/fr\/actualite\/national\/tunisie-avocats-et-ministere-de-l-interieur-un-nouveau-depart\/214517\/\" \/>\n<meta property=\"og:site_name\" content=\"webdo\" \/>\n<meta property=\"article:publisher\" content=\"https:\/\/www.facebook.com\/webdotn\" \/>\n<meta property=\"article:published_time\" content=\"2024-05-31T10:37:00+00:00\" \/>\n<meta property=\"article:modified_time\" content=\"2025-05-20T22:53:45+00:00\" \/>\n<meta property=\"og:image\" content=\"https:\/\/www.webdo.tn\/fr\/wp-content\/uploads\/2024\/05\/c1e9c78ffea75055373748522ef5e6e4.webp\" \/>\n\t<meta property=\"og:image:width\" content=\"750\" \/>\n\t<meta property=\"og:image:height\" content=\"400\" \/>\n\t<meta property=\"og:image:type\" content=\"image\/webp\" \/>\n<meta name=\"author\" content=\"CL\" \/>\n<meta name=\"twitter:card\" content=\"summary_large_image\" \/>\n<meta name=\"twitter:creator\" content=\"@webdo_tn\" \/>\n<meta name=\"twitter:site\" content=\"@webdo_tn\" \/>\n<meta name=\"twitter:label1\" content=\"\u00c9crit par\" \/>\n\t<meta name=\"twitter:data1\" content=\"CL\" \/>\n\t<meta name=\"twitter:label2\" content=\"Dur\u00e9e de lecture estim\u00e9e\" \/>\n\t<meta name=\"twitter:data2\" content=\"2 minutes\" \/>\n<script type=\"application\/ld+json\" class=\"yoast-schema-graph\">{\"@context\":\"https:\\\/\\\/schema.org\",\"@graph\":[{\"@type\":\"NewsArticle\",\"@id\":\"https:\\\/\\\/www.webdo.tn\\\/fr\\\/actualite\\\/national\\\/tunisie-avocats-et-ministere-de-l-interieur-un-nouveau-depart\\\/214517\\\/#article\",\"isPartOf\":{\"@id\":\"https:\\\/\\\/www.webdo.tn\\\/fr\\\/actualite\\\/national\\\/tunisie-avocats-et-ministere-de-l-interieur-un-nouveau-depart\\\/214517\\\/\"},\"author\":{\"name\":\"CL\",\"@id\":\"https:\\\/\\\/www.webdo.tn\\\/fr\\\/#\\\/schema\\\/person\\\/f35b42a42c5e2511bbd282959d6385cc\"},\"headline\":\"Tunisie : Avocats et minist\u00e8re de l&rsquo;Int\u00e9rieur, un nouveau d\u00e9part ?\",\"datePublished\":\"2024-05-31T10:37:00+00:00\",\"dateModified\":\"2025-05-20T22:53:45+00:00\",\"mainEntityOfPage\":{\"@id\":\"https:\\\/\\\/www.webdo.tn\\\/fr\\\/actualite\\\/national\\\/tunisie-avocats-et-ministere-de-l-interieur-un-nouveau-depart\\\/214517\\\/\"},\"wordCount\":472,\"commentCount\":0,\"publisher\":{\"@id\":\"https:\\\/\\\/www.webdo.tn\\\/fr\\\/#organization\"},\"image\":{\"@id\":\"https:\\\/\\\/www.webdo.tn\\\/fr\\\/actualite\\\/national\\\/tunisie-avocats-et-ministere-de-l-interieur-un-nouveau-depart\\\/214517\\\/#primaryimage\"},\"thumbnailUrl\":\"https:\\\/\\\/www.webdo.tn\\\/fr\\\/wp-content\\\/uploads\\\/2024\\\/05\\\/c1e9c78ffea75055373748522ef5e6e4.webp\",\"keywords\":[\"avocats\",\"hatem mziou\",\"int\u00e9rieur\",\"Khaled Nouri\",\"Ordre des avocats\",\"Tunisie\"],\"articleSection\":[\"National\"],\"inLanguage\":\"fr-FR\"},{\"@type\":\"WebPage\",\"@id\":\"https:\\\/\\\/www.webdo.tn\\\/fr\\\/actualite\\\/national\\\/tunisie-avocats-et-ministere-de-l-interieur-un-nouveau-depart\\\/214517\\\/\",\"url\":\"https:\\\/\\\/www.webdo.tn\\\/fr\\\/actualite\\\/national\\\/tunisie-avocats-et-ministere-de-l-interieur-un-nouveau-depart\\\/214517\\\/\",\"name\":\"Tunisie : Avocats et minist\u00e8re de l'Int\u00e9rieur, un nouveau d\u00e9part ?\",\"isPartOf\":{\"@id\":\"https:\\\/\\\/www.webdo.tn\\\/fr\\\/#website\"},\"primaryImageOfPage\":{\"@id\":\"https:\\\/\\\/www.webdo.tn\\\/fr\\\/actualite\\\/national\\\/tunisie-avocats-et-ministere-de-l-interieur-un-nouveau-depart\\\/214517\\\/#primaryimage\"},\"image\":{\"@id\":\"https:\\\/\\\/www.webdo.tn\\\/fr\\\/actualite\\\/national\\\/tunisie-avocats-et-ministere-de-l-interieur-un-nouveau-depart\\\/214517\\\/#primaryimage\"},\"thumbnailUrl\":\"https:\\\/\\\/www.webdo.tn\\\/fr\\\/wp-content\\\/uploads\\\/2024\\\/05\\\/c1e9c78ffea75055373748522ef5e6e4.webp\",\"datePublished\":\"2024-05-31T10:37:00+00:00\",\"dateModified\":\"2025-05-20T22:53:45+00:00\",\"description\":\"Rencontre importante entre le B\u00e2tonnier des avocats, Hatem Mziou, et le ministre de l'Int\u00e9rieur, Khaled Nouri.\",\"breadcrumb\":{\"@id\":\"https:\\\/\\\/www.webdo.tn\\\/fr\\\/actualite\\\/national\\\/tunisie-avocats-et-ministere-de-l-interieur-un-nouveau-depart\\\/214517\\\/#breadcrumb\"},\"inLanguage\":\"fr-FR\",\"potentialAction\":[{\"@type\":\"ReadAction\",\"target\":[\"https:\\\/\\\/www.webdo.tn\\\/fr\\\/actualite\\\/national\\\/tunisie-avocats-et-ministere-de-l-interieur-un-nouveau-depart\\\/214517\\\/\"]}]},{\"@type\":\"ImageObject\",\"inLanguage\":\"fr-FR\",\"@id\":\"https:\\\/\\\/www.webdo.tn\\\/fr\\\/actualite\\\/national\\\/tunisie-avocats-et-ministere-de-l-interieur-un-nouveau-depart\\\/214517\\\/#primaryimage\",\"url\":\"https:\\\/\\\/www.webdo.tn\\\/fr\\\/wp-content\\\/uploads\\\/2024\\\/05\\\/c1e9c78ffea75055373748522ef5e6e4.webp\",\"contentUrl\":\"https:\\\/\\\/www.webdo.tn\\\/fr\\\/wp-content\\\/uploads\\\/2024\\\/05\\\/c1e9c78ffea75055373748522ef5e6e4.webp\",\"width\":750,\"height\":400,\"caption\":\"Tunisie : Avocats et minist\u00e8re de l'Int\u00e9rieur, un nouveau d\u00e9part ?\"},{\"@type\":\"BreadcrumbList\",\"@id\":\"https:\\\/\\\/www.webdo.tn\\\/fr\\\/actualite\\\/national\\\/tunisie-avocats-et-ministere-de-l-interieur-un-nouveau-depart\\\/214517\\\/#breadcrumb\",\"itemListElement\":[{\"@type\":\"ListItem\",\"position\":1,\"name\":\"Accueil\",\"item\":\"https:\\\/\\\/www.webdo.tn\\\/fr\\\/\"},{\"@type\":\"ListItem\",\"position\":2,\"name\":\"Tunisie : Avocats et minist\u00e8re de l&rsquo;Int\u00e9rieur, un nouveau d\u00e9part ?\"}]},{\"@type\":\"WebSite\",\"@id\":\"https:\\\/\\\/www.webdo.tn\\\/fr\\\/#website\",\"url\":\"https:\\\/\\\/www.webdo.tn\\\/fr\\\/\",\"name\":\"webdo\",\"description\":\"Tunisie - News en Tunisie et \u00e0 l&#039;international sur Webdo.tn\",\"publisher\":{\"@id\":\"https:\\\/\\\/www.webdo.tn\\\/fr\\\/#organization\"},\"potentialAction\":[{\"@type\":\"SearchAction\",\"target\":{\"@type\":\"EntryPoint\",\"urlTemplate\":\"https:\\\/\\\/www.webdo.tn\\\/fr\\\/?s={search_term_string}\"},\"query-input\":{\"@type\":\"PropertyValueSpecification\",\"valueRequired\":true,\"valueName\":\"search_term_string\"}}],\"inLanguage\":\"fr-FR\"},{\"@type\":\"Organization\",\"@id\":\"https:\\\/\\\/www.webdo.tn\\\/fr\\\/#organization\",\"name\":\"Webdo\",\"alternateName\":\"Webdo.tn\",\"url\":\"https:\\\/\\\/www.webdo.tn\\\/fr\\\/\",\"logo\":{\"@type\":\"ImageObject\",\"inLanguage\":\"fr-FR\",\"@id\":\"https:\\\/\\\/www.webdo.tn\\\/fr\\\/#\\\/schema\\\/logo\\\/image\\\/\",\"url\":\"https:\\\/\\\/www.webdo.tn\\\/fr\\\/wp-content\\\/uploads\\\/2025\\\/06\\\/Webdo-Tunisie_168377.jpg\",\"contentUrl\":\"https:\\\/\\\/www.webdo.tn\\\/fr\\\/wp-content\\\/uploads\\\/2025\\\/06\\\/Webdo-Tunisie_168377.jpg\",\"width\":301,\"height\":301,\"caption\":\"Webdo\"},\"image\":{\"@id\":\"https:\\\/\\\/www.webdo.tn\\\/fr\\\/#\\\/schema\\\/logo\\\/image\\\/\"},\"sameAs\":[\"https:\\\/\\\/www.facebook.com\\\/webdotn\",\"https:\\\/\\\/x.com\\\/webdo_tn\"],\"description\":\"Webdo est un m\u00e9dia num\u00e9rique tunisien fond\u00e9 en 2010, sp\u00e9cialis\u00e9 dans l\u2019actualit\u00e9 nationale et internationale, l\u2019\u00e9conomie, la soci\u00e9t\u00e9 et les analyses politiques. Le site s\u2019adresse \u00e0 un large public francophone et couvre l\u2019information tunisienne en temps r\u00e9el.\",\"email\":\"redac@webdo.tn\",\"legalName\":\"YNJ SARL\",\"foundingDate\":\"2010-09-06\",\"numberOfEmployees\":{\"@type\":\"QuantitativeValue\",\"minValue\":\"11\",\"maxValue\":\"50\"}},{\"@type\":\"Person\",\"@id\":\"https:\\\/\\\/www.webdo.tn\\\/fr\\\/#\\\/schema\\\/person\\\/f35b42a42c5e2511bbd282959d6385cc\",\"name\":\"CL\",\"image\":{\"@type\":\"ImageObject\",\"inLanguage\":\"fr-FR\",\"@id\":\"https:\\\/\\\/secure.gravatar.com\\\/avatar\\\/1447a49909b67aa657c488aec6512e1dd6143a480c1ecfee9b5b5cd74eb3b59e?s=96&d=mm&r=g\",\"url\":\"https:\\\/\\\/secure.gravatar.com\\\/avatar\\\/1447a49909b67aa657c488aec6512e1dd6143a480c1ecfee9b5b5cd74eb3b59e?s=96&d=mm&r=g\",\"contentUrl\":\"https:\\\/\\\/secure.gravatar.com\\\/avatar\\\/1447a49909b67aa657c488aec6512e1dd6143a480c1ecfee9b5b5cd74eb3b59e?s=96&d=mm&r=g\",\"caption\":\"CL\"},\"url\":\"https:\\\/\\\/www.webdo.tn\\\/fr\\\/actualite\\\/author\\\/cl\\\/\"}]}<\/script>\n<!-- \/ Yoast SEO Premium plugin. -->","yoast_head_json":{"title":"Tunisie : Avocats et minist\u00e8re de l'Int\u00e9rieur, un nouveau d\u00e9part ?","description":"Rencontre importante entre le B\u00e2tonnier des avocats, Hatem Mziou, et le ministre de l'Int\u00e9rieur, Khaled Nouri.","canonical":"https:\/\/www.webdo.tn\/fr\/actualite\/national\/tunisie-avocats-et-ministere-de-l-interieur-un-nouveau-depart\/214517\/","og_locale":"fr_FR","og_type":"article","og_title":"Tunisie : Avocats et minist\u00e8re de l'Int\u00e9rieur, un nouveau d\u00e9part ?","og_description":"Rencontre importante entre le B\u00e2tonnier des avocats, Hatem Mziou, et le ministre de l'Int\u00e9rieur, Khaled Nouri.","og_url":"https:\/\/www.webdo.tn\/fr\/actualite\/national\/tunisie-avocats-et-ministere-de-l-interieur-un-nouveau-depart\/214517\/","og_site_name":"webdo","article_publisher":"https:\/\/www.facebook.com\/webdotn","article_published_time":"2024-05-31T10:37:00+00:00","article_modified_time":"2025-05-20T22:53:45+00:00","og_image":[{"width":750,"height":400,"url":"https:\/\/www.webdo.tn\/fr\/wp-content\/uploads\/2024\/05\/c1e9c78ffea75055373748522ef5e6e4.webp","type":"image\/webp"}],"author":"CL","twitter_card":"summary_large_image","twitter_creator":"@webdo_tn","twitter_site":"@webdo_tn","twitter_misc":{"\u00c9crit par":"CL","Dur\u00e9e de lecture estim\u00e9e":"2 minutes"},"schema":{"@context":"https:\/\/schema.org","@graph":[{"@type":"NewsArticle","@id":"https:\/\/www.webdo.tn\/fr\/actualite\/national\/tunisie-avocats-et-ministere-de-l-interieur-un-nouveau-depart\/214517\/#article","isPartOf":{"@id":"https:\/\/www.webdo.tn\/fr\/actualite\/national\/tunisie-avocats-et-ministere-de-l-interieur-un-nouveau-depart\/214517\/"},"author":{"name":"CL","@id":"https:\/\/www.webdo.tn\/fr\/#\/schema\/person\/f35b42a42c5e2511bbd282959d6385cc"},"headline":"Tunisie : Avocats et minist\u00e8re de l&rsquo;Int\u00e9rieur, un nouveau d\u00e9part ?","datePublished":"2024-05-31T10:37:00+00:00","dateModified":"2025-05-20T22:53:45+00:00","mainEntityOfPage":{"@id":"https:\/\/www.webdo.tn\/fr\/actualite\/national\/tunisie-avocats-et-ministere-de-l-interieur-un-nouveau-depart\/214517\/"},"wordCount":472,"commentCount":0,"publisher":{"@id":"https:\/\/www.webdo.tn\/fr\/#organization"},"image":{"@id":"https:\/\/www.webdo.tn\/fr\/actualite\/national\/tunisie-avocats-et-ministere-de-l-interieur-un-nouveau-depart\/214517\/#primaryimage"},"thumbnailUrl":"https:\/\/www.webdo.tn\/fr\/wp-content\/uploads\/2024\/05\/c1e9c78ffea75055373748522ef5e6e4.webp","keywords":["avocats","hatem mziou","int\u00e9rieur","Khaled Nouri","Ordre des avocats","Tunisie"],"articleSection":["National"],"inLanguage":"fr-FR"},{"@type":"WebPage","@id":"https:\/\/www.webdo.tn\/fr\/actualite\/national\/tunisie-avocats-et-ministere-de-l-interieur-un-nouveau-depart\/214517\/","url":"https:\/\/www.webdo.tn\/fr\/actualite\/national\/tunisie-avocats-et-ministere-de-l-interieur-un-nouveau-depart\/214517\/","name":"Tunisie : Avocats et minist\u00e8re de l'Int\u00e9rieur, un nouveau d\u00e9part ?","isPartOf":{"@id":"https:\/\/www.webdo.tn\/fr\/#website"},"primaryImageOfPage":{"@id":"https:\/\/www.webdo.tn\/fr\/actualite\/national\/tunisie-avocats-et-ministere-de-l-interieur-un-nouveau-depart\/214517\/#primaryimage"},"image":{"@id":"https:\/\/www.webdo.tn\/fr\/actualite\/national\/tunisie-avocats-et-ministere-de-l-interieur-un-nouveau-depart\/214517\/#primaryimage"},"thumbnailUrl":"https:\/\/www.webdo.tn\/fr\/wp-content\/uploads\/2024\/05\/c1e9c78ffea75055373748522ef5e6e4.webp","datePublished":"2024-05-31T10:37:00+00:00","dateModified":"2025-05-20T22:53:45+00:00","description":"Rencontre importante entre le B\u00e2tonnier des avocats, Hatem Mziou, et le ministre de l'Int\u00e9rieur, Khaled Nouri.","breadcrumb":{"@id":"https:\/\/www.webdo.tn\/fr\/actualite\/national\/tunisie-avocats-et-ministere-de-l-interieur-un-nouveau-depart\/214517\/#breadcrumb"},"inLanguage":"fr-FR","potentialAction":[{"@type":"ReadAction","target":["https:\/\/www.webdo.tn\/fr\/actualite\/national\/tunisie-avocats-et-ministere-de-l-interieur-un-nouveau-depart\/214517\/"]}]},{"@type":"ImageObject","inLanguage":"fr-FR","@id":"https:\/\/www.webdo.tn\/fr\/actualite\/national\/tunisie-avocats-et-ministere-de-l-interieur-un-nouveau-depart\/214517\/#primaryimage","url":"https:\/\/www.webdo.tn\/fr\/wp-content\/uploads\/2024\/05\/c1e9c78ffea75055373748522ef5e6e4.webp","contentUrl":"https:\/\/www.webdo.tn\/fr\/wp-content\/uploads\/2024\/05\/c1e9c78ffea75055373748522ef5e6e4.webp","width":750,"height":400,"caption":"Tunisie : Avocats et minist\u00e8re de l'Int\u00e9rieur, un nouveau d\u00e9part ?"},{"@type":"BreadcrumbList","@id":"https:\/\/www.webdo.tn\/fr\/actualite\/national\/tunisie-avocats-et-ministere-de-l-interieur-un-nouveau-depart\/214517\/#breadcrumb","itemListElement":[{"@type":"ListItem","position":1,"name":"Accueil","item":"https:\/\/www.webdo.tn\/fr\/"},{"@type":"ListItem","position":2,"name":"Tunisie : Avocats et minist\u00e8re de l&rsquo;Int\u00e9rieur, un nouveau d\u00e9part ?"}]},{"@type":"WebSite","@id":"https:\/\/www.webdo.tn\/fr\/#website","url":"https:\/\/www.webdo.tn\/fr\/","name":"webdo","description":"Tunisie - News en Tunisie et \u00e0 l&#039;international sur Webdo.tn","publisher":{"@id":"https:\/\/www.webdo.tn\/fr\/#organization"},"potentialAction":[{"@type":"SearchAction","target":{"@type":"EntryPoint","urlTemplate":"https:\/\/www.webdo.tn\/fr\/?s={search_term_string}"},"query-input":{"@type":"PropertyValueSpecification","valueRequired":true,"valueName":"search_term_string"}}],"inLanguage":"fr-FR"},{"@type":"Organization","@id":"https:\/\/www.webdo.tn\/fr\/#organization","name":"Webdo","alternateName":"Webdo.tn","url":"https:\/\/www.webdo.tn\/fr\/","logo":{"@type":"ImageObject","inLanguage":"fr-FR","@id":"https:\/\/www.webdo.tn\/fr\/#\/schema\/logo\/image\/","url":"https:\/\/www.webdo.tn\/fr\/wp-content\/uploads\/2025\/06\/Webdo-Tunisie_168377.jpg","contentUrl":"https:\/\/www.webdo.tn\/fr\/wp-content\/uploads\/2025\/06\/Webdo-Tunisie_168377.jpg","width":301,"height":301,"caption":"Webdo"},"image":{"@id":"https:\/\/www.webdo.tn\/fr\/#\/schema\/logo\/image\/"},"sameAs":["https:\/\/www.facebook.com\/webdotn","https:\/\/x.com\/webdo_tn"],"description":"Webdo est un m\u00e9dia num\u00e9rique tunisien fond\u00e9 en 2010, sp\u00e9cialis\u00e9 dans l\u2019actualit\u00e9 nationale et internationale, l\u2019\u00e9conomie, la soci\u00e9t\u00e9 et les analyses politiques. Le site s\u2019adresse \u00e0 un large public francophone et couvre l\u2019information tunisienne en temps r\u00e9el.","email":"redac@webdo.tn","legalName":"YNJ SARL","foundingDate":"2010-09-06","numberOfEmployees":{"@type":"QuantitativeValue","minValue":"11","maxValue":"50"}},{"@type":"Person","@id":"https:\/\/www.webdo.tn\/fr\/#\/schema\/person\/f35b42a42c5e2511bbd282959d6385cc","name":"CL","image":{"@type":"ImageObject","inLanguage":"fr-FR","@id":"https:\/\/secure.gravatar.com\/avatar\/1447a49909b67aa657c488aec6512e1dd6143a480c1ecfee9b5b5cd74eb3b59e?s=96&d=mm&r=g","url":"https:\/\/secure.gravatar.com\/avatar\/1447a49909b67aa657c488aec6512e1dd6143a480c1ecfee9b5b5cd74eb3b59e?s=96&d=mm&r=g","contentUrl":"https:\/\/secure.gravatar.com\/avatar\/1447a49909b67aa657c488aec6512e1dd6143a480c1ecfee9b5b5cd74eb3b59e?s=96&d=mm&r=g","caption":"CL"},"url":"https:\/\/www.webdo.tn\/fr\/actualite\/author\/cl\/"}]}},"_links":{"self":[{"href":"https:\/\/www.webdo.tn\/fr\/wp-json\/wp\/v2\/posts\/214517","targetHints":{"allow":["GET"]}}],"collection":[{"href":"https:\/\/www.webdo.tn\/fr\/wp-json\/wp\/v2\/posts"}],"about":[{"href":"https:\/\/www.webdo.tn\/fr\/wp-json\/wp\/v2\/types\/post"}],"author":[{"embeddable":true,"href":"https:\/\/www.webdo.tn\/fr\/wp-json\/wp\/v2\/users\/3175"}],"replies":[{"embeddable":true,"href":"https:\/\/www.webdo.tn\/fr\/wp-json\/wp\/v2\/comments?post=214517"}],"version-history":[{"count":0,"href":"https:\/\/www.webdo.tn\/fr\/wp-json\/wp\/v2\/posts\/214517\/revisions"}],"wp:featuredmedia":[{"embeddable":true,"href":"https:\/\/www.webdo.tn\/fr\/wp-json\/wp\/v2\/media\/290666"}],"wp:attachment":[{"href":"https:\/\/www.webdo.tn\/fr\/wp-json\/wp\/v2\/media?parent=214517"}],"wp:term":[{"taxonomy":"category","embeddable":true,"href":"https:\/\/www.webdo.tn\/fr\/wp-json\/wp\/v2\/categories?post=214517"},{"taxonomy":"post_tag","embeddable":true,"href":"https:\/\/www.webdo.tn\/fr\/wp-json\/wp\/v2\/tags?post=214517"}],"curies":[{"name":"wp","href":"https:\/\/api.w.org\/{rel}","templated":true}]}}