{"id":214507,"date":"2024-05-30T21:47:00","date_gmt":"2024-05-30T21:47:00","guid":{"rendered":"https:\/\/www.webdo.tn\/fr\/blog\/la-banque-africaine-de-developpement-annonce-une-croissance-de-2-1-pour-la-tunisie\/214507\/"},"modified":"2025-05-20T22:55:08","modified_gmt":"2025-05-20T22:55:08","slug":"la-banque-africaine-de-developpement-annonce-une-croissance-de-2-1-pour-la-tunisie","status":"publish","type":"post","link":"https:\/\/www.webdo.tn\/fr\/actualite\/national\/la-banque-africaine-de-developpement-annonce-une-croissance-de-2-1-pour-la-tunisie\/214507\/","title":{"rendered":"La BAD annonce une croissance de 2,1% pour la Tunisie"},"content":{"rendered":"<p>Lors des Assembl\u00e9es annuelles du Groupe de la Banque africaine de d\u00e9veloppement, le rapport sur les \u00ab\u00a0Perspectives \u00e9conomiques en Afrique 2024\u00a0\u00bb a \u00e9t\u00e9 d\u00e9voil\u00e9 ce jeudi 30 mai. Selon ce document, la Tunisie devrait enregistrer une croissance du PIB de 2,1% en 2024, puis de 2,9% en 2025.<\/p>\n<p>\t\t\t\t\t\t\t\t\tLes pr\u00e9visions de la BAD, pr\u00e9sent\u00e9es dans le rapport \u00ab\u00a0Impulser la transformation de l\u2019Afrique : la r\u00e9forme de l\u2019architecture financi\u00e8re mondiale\u00a0\u00bb, indiquent que le taux d&rsquo;inflation devrait s&rsquo;\u00e9lever \u00e0 7,1% pour l&rsquo;ann\u00e9e 2024. Ce chiffre devrait ensuite d\u00e9cro\u00eetre progressivement pour atteindre 6,7% en 2025, sous r\u00e9serve d&rsquo;une diminution des pressions inflationnistes mondiales.<\/p>\n<p>Outre ces projections, le rapport pr\u00e9voit \u00e9galement un d\u00e9ficit budg\u00e9taire d&rsquo;environ 6% pour l&rsquo;ann\u00e9e 2025. Destin\u00e9 \u00e0 fournir aux d\u00e9cideurs africains des donn\u00e9es actualis\u00e9es et des analyses pour les aider dans leurs prises de d\u00e9cisions, ce rapport annuel joue un r\u00f4le crucial dans l&rsquo;orientation des politiques \u00e9conomiques du continent.<\/p>\n","protected":false},"excerpt":{"rendered":"<p>D\u00e9couvrez les derni\u00e8res perspectives \u00e9conomiques en Afrique pour 2024-2025 selon le rapport pr\u00e9sent\u00e9 lors des Assembl\u00e9es annuelles de la Banque africaine de d\u00e9v&#8230;<\/p>\n","protected":false},"author":3181,"featured_media":247264,"comment_status":"open","ping_status":"closed","sticky":false,"template":"","format":"standard","meta":{"footnotes":""},"categories":[44],"tags":[2686,2608],"class_list":["post-214507","post","type-post","status-publish","format-standard","has-post-thumbnail","hentry","category-national","tag-bad","tag-tunisie"],"yoast_head":"<!-- This site is optimized with the Yoast SEO Premium plugin v27.4 (Yoast SEO v27.5) - https:\/\/yoast.com\/product\/yoast-seo-premium-wordpress\/ -->\n<title>La BAD annonce une croissance de 2,1% pour la Tunisie<\/title>\n<meta name=\"description\" content=\"D\u00e9couvrez les derni\u00e8res perspectives \u00e9conomiques en Afrique pour 2024-2025 selon le rapport pr\u00e9sent\u00e9 lors des Assembl\u00e9es annuelles de la Banque africaine de d\u00e9v...\" \/>\n<link rel=\"canonical\" href=\"https:\/\/www.webdo.tn\/fr\/actualite\/national\/la-banque-africaine-de-developpement-annonce-une-croissance-de-2-1-pour-la-tunisie\/214507\/\" \/>\n<meta property=\"og:locale\" content=\"fr_FR\" \/>\n<meta property=\"og:type\" content=\"article\" \/>\n<meta property=\"og:title\" content=\"La BAD annonce une croissance de 2,1% pour la Tunisie\" \/>\n<meta property=\"og:description\" content=\"D\u00e9couvrez les derni\u00e8res perspectives \u00e9conomiques en Afrique pour 2024-2025 selon le rapport pr\u00e9sent\u00e9 lors des Assembl\u00e9es annuelles de la Banque africaine de d\u00e9v...\" \/>\n<meta property=\"og:url\" content=\"https:\/\/www.webdo.tn\/fr\/actualite\/national\/la-banque-africaine-de-developpement-annonce-une-croissance-de-2-1-pour-la-tunisie\/214507\/\" \/>\n<meta property=\"og:site_name\" content=\"webdo\" \/>\n<meta property=\"article:publisher\" content=\"https:\/\/www.facebook.com\/webdotn\" \/>\n<meta property=\"article:published_time\" content=\"2024-05-30T21:47:00+00:00\" \/>\n<meta property=\"article:modified_time\" content=\"2025-05-20T22:55:08+00:00\" \/>\n<meta property=\"og:image\" content=\"https:\/\/www.webdo.tn\/fr\/wp-content\/uploads\/2024\/05\/9cfc05818c6aac9029ec07af9dec2907.webp\" \/>\n\t<meta property=\"og:image:width\" content=\"750\" \/>\n\t<meta property=\"og:image:height\" content=\"400\" \/>\n\t<meta property=\"og:image:type\" content=\"image\/webp\" \/>\n<meta name=\"author\" content=\"BAD\" \/>\n<meta name=\"twitter:card\" content=\"summary_large_image\" \/>\n<meta name=\"twitter:creator\" content=\"@webdo_tn\" \/>\n<meta name=\"twitter:site\" content=\"@webdo_tn\" \/>\n<meta name=\"twitter:label1\" content=\"\u00c9crit par\" \/>\n\t<meta name=\"twitter:data1\" content=\"BAD\" \/>\n\t<meta name=\"twitter:label2\" content=\"Dur\u00e9e de lecture estim\u00e9e\" \/>\n\t<meta name=\"twitter:data2\" content=\"1 minute\" \/>\n<script type=\"application\/ld+json\" class=\"yoast-schema-graph\">{\"@context\":\"https:\\\/\\\/schema.org\",\"@graph\":[{\"@type\":\"NewsArticle\",\"@id\":\"https:\\\/\\\/www.webdo.tn\\\/fr\\\/actualite\\\/national\\\/la-banque-africaine-de-developpement-annonce-une-croissance-de-2-1-pour-la-tunisie\\\/214507\\\/#article\",\"isPartOf\":{\"@id\":\"https:\\\/\\\/www.webdo.tn\\\/fr\\\/actualite\\\/national\\\/la-banque-africaine-de-developpement-annonce-une-croissance-de-2-1-pour-la-tunisie\\\/214507\\\/\"},\"author\":{\"name\":\"BAD\",\"@id\":\"https:\\\/\\\/www.webdo.tn\\\/fr\\\/#\\\/schema\\\/person\\\/0a495ff4de539880a0cd49554c58a90f\"},\"headline\":\"La BAD annonce une croissance de 2,1% pour la Tunisie\",\"datePublished\":\"2024-05-30T21:47:00+00:00\",\"dateModified\":\"2025-05-20T22:55:08+00:00\",\"mainEntityOfPage\":{\"@id\":\"https:\\\/\\\/www.webdo.tn\\\/fr\\\/actualite\\\/national\\\/la-banque-africaine-de-developpement-annonce-une-croissance-de-2-1-pour-la-tunisie\\\/214507\\\/\"},\"wordCount\":173,\"commentCount\":0,\"publisher\":{\"@id\":\"https:\\\/\\\/www.webdo.tn\\\/fr\\\/#organization\"},\"image\":{\"@id\":\"https:\\\/\\\/www.webdo.tn\\\/fr\\\/actualite\\\/national\\\/la-banque-africaine-de-developpement-annonce-une-croissance-de-2-1-pour-la-tunisie\\\/214507\\\/#primaryimage\"},\"thumbnailUrl\":\"https:\\\/\\\/www.webdo.tn\\\/fr\\\/wp-content\\\/uploads\\\/2024\\\/05\\\/9cfc05818c6aac9029ec07af9dec2907.webp\",\"keywords\":[\"BAD\",\"Tunisie\"],\"articleSection\":[\"National\"],\"inLanguage\":\"fr-FR\"},{\"@type\":\"WebPage\",\"@id\":\"https:\\\/\\\/www.webdo.tn\\\/fr\\\/actualite\\\/national\\\/la-banque-africaine-de-developpement-annonce-une-croissance-de-2-1-pour-la-tunisie\\\/214507\\\/\",\"url\":\"https:\\\/\\\/www.webdo.tn\\\/fr\\\/actualite\\\/national\\\/la-banque-africaine-de-developpement-annonce-une-croissance-de-2-1-pour-la-tunisie\\\/214507\\\/\",\"name\":\"La BAD annonce une croissance de 2,1% pour la Tunisie\",\"isPartOf\":{\"@id\":\"https:\\\/\\\/www.webdo.tn\\\/fr\\\/#website\"},\"primaryImageOfPage\":{\"@id\":\"https:\\\/\\\/www.webdo.tn\\\/fr\\\/actualite\\\/national\\\/la-banque-africaine-de-developpement-annonce-une-croissance-de-2-1-pour-la-tunisie\\\/214507\\\/#primaryimage\"},\"image\":{\"@id\":\"https:\\\/\\\/www.webdo.tn\\\/fr\\\/actualite\\\/national\\\/la-banque-africaine-de-developpement-annonce-une-croissance-de-2-1-pour-la-tunisie\\\/214507\\\/#primaryimage\"},\"thumbnailUrl\":\"https:\\\/\\\/www.webdo.tn\\\/fr\\\/wp-content\\\/uploads\\\/2024\\\/05\\\/9cfc05818c6aac9029ec07af9dec2907.webp\",\"datePublished\":\"2024-05-30T21:47:00+00:00\",\"dateModified\":\"2025-05-20T22:55:08+00:00\",\"description\":\"D\u00e9couvrez les derni\u00e8res perspectives \u00e9conomiques en Afrique pour 2024-2025 selon le rapport pr\u00e9sent\u00e9 lors des Assembl\u00e9es annuelles de la Banque africaine de d\u00e9v...\",\"breadcrumb\":{\"@id\":\"https:\\\/\\\/www.webdo.tn\\\/fr\\\/actualite\\\/national\\\/la-banque-africaine-de-developpement-annonce-une-croissance-de-2-1-pour-la-tunisie\\\/214507\\\/#breadcrumb\"},\"inLanguage\":\"fr-FR\",\"potentialAction\":[{\"@type\":\"ReadAction\",\"target\":[\"https:\\\/\\\/www.webdo.tn\\\/fr\\\/actualite\\\/national\\\/la-banque-africaine-de-developpement-annonce-une-croissance-de-2-1-pour-la-tunisie\\\/214507\\\/\"]}]},{\"@type\":\"ImageObject\",\"inLanguage\":\"fr-FR\",\"@id\":\"https:\\\/\\\/www.webdo.tn\\\/fr\\\/actualite\\\/national\\\/la-banque-africaine-de-developpement-annonce-une-croissance-de-2-1-pour-la-tunisie\\\/214507\\\/#primaryimage\",\"url\":\"https:\\\/\\\/www.webdo.tn\\\/fr\\\/wp-content\\\/uploads\\\/2024\\\/05\\\/9cfc05818c6aac9029ec07af9dec2907.webp\",\"contentUrl\":\"https:\\\/\\\/www.webdo.tn\\\/fr\\\/wp-content\\\/uploads\\\/2024\\\/05\\\/9cfc05818c6aac9029ec07af9dec2907.webp\",\"width\":750,\"height\":400,\"caption\":\"La BAD annonce une croissance de 2,1% pour la Tunisie\"},{\"@type\":\"BreadcrumbList\",\"@id\":\"https:\\\/\\\/www.webdo.tn\\\/fr\\\/actualite\\\/national\\\/la-banque-africaine-de-developpement-annonce-une-croissance-de-2-1-pour-la-tunisie\\\/214507\\\/#breadcrumb\",\"itemListElement\":[{\"@type\":\"ListItem\",\"position\":1,\"name\":\"Accueil\",\"item\":\"https:\\\/\\\/www.webdo.tn\\\/fr\\\/\"},{\"@type\":\"ListItem\",\"position\":2,\"name\":\"La BAD annonce une croissance de 2,1% pour la Tunisie\"}]},{\"@type\":\"WebSite\",\"@id\":\"https:\\\/\\\/www.webdo.tn\\\/fr\\\/#website\",\"url\":\"https:\\\/\\\/www.webdo.tn\\\/fr\\\/\",\"name\":\"webdo\",\"description\":\"Tunisie - News en Tunisie et \u00e0 l&#039;international sur Webdo.tn\",\"publisher\":{\"@id\":\"https:\\\/\\\/www.webdo.tn\\\/fr\\\/#organization\"},\"potentialAction\":[{\"@type\":\"SearchAction\",\"target\":{\"@type\":\"EntryPoint\",\"urlTemplate\":\"https:\\\/\\\/www.webdo.tn\\\/fr\\\/?s={search_term_string}\"},\"query-input\":{\"@type\":\"PropertyValueSpecification\",\"valueRequired\":true,\"valueName\":\"search_term_string\"}}],\"inLanguage\":\"fr-FR\"},{\"@type\":\"Organization\",\"@id\":\"https:\\\/\\\/www.webdo.tn\\\/fr\\\/#organization\",\"name\":\"Webdo\",\"alternateName\":\"Webdo.tn\",\"url\":\"https:\\\/\\\/www.webdo.tn\\\/fr\\\/\",\"logo\":{\"@type\":\"ImageObject\",\"inLanguage\":\"fr-FR\",\"@id\":\"https:\\\/\\\/www.webdo.tn\\\/fr\\\/#\\\/schema\\\/logo\\\/image\\\/\",\"url\":\"https:\\\/\\\/www.webdo.tn\\\/fr\\\/wp-content\\\/uploads\\\/2025\\\/06\\\/Webdo-Tunisie_168377.jpg\",\"contentUrl\":\"https:\\\/\\\/www.webdo.tn\\\/fr\\\/wp-content\\\/uploads\\\/2025\\\/06\\\/Webdo-Tunisie_168377.jpg\",\"width\":301,\"height\":301,\"caption\":\"Webdo\"},\"image\":{\"@id\":\"https:\\\/\\\/www.webdo.tn\\\/fr\\\/#\\\/schema\\\/logo\\\/image\\\/\"},\"sameAs\":[\"https:\\\/\\\/www.facebook.com\\\/webdotn\",\"https:\\\/\\\/x.com\\\/webdo_tn\"],\"description\":\"Webdo est un m\u00e9dia num\u00e9rique tunisien fond\u00e9 en 2010, sp\u00e9cialis\u00e9 dans l\u2019actualit\u00e9 nationale et internationale, l\u2019\u00e9conomie, la soci\u00e9t\u00e9 et les analyses politiques. Le site s\u2019adresse \u00e0 un large public francophone et couvre l\u2019information tunisienne en temps r\u00e9el.\",\"email\":\"redac@webdo.tn\",\"legalName\":\"YNJ SARL\",\"foundingDate\":\"2010-09-06\",\"numberOfEmployees\":{\"@type\":\"QuantitativeValue\",\"minValue\":\"11\",\"maxValue\":\"50\"}},{\"@type\":\"Person\",\"@id\":\"https:\\\/\\\/www.webdo.tn\\\/fr\\\/#\\\/schema\\\/person\\\/0a495ff4de539880a0cd49554c58a90f\",\"name\":\"BAD\",\"image\":{\"@type\":\"ImageObject\",\"inLanguage\":\"fr-FR\",\"@id\":\"https:\\\/\\\/secure.gravatar.com\\\/avatar\\\/9ac1d5ed1e9e52d5e261c1fc4c240e35de7fbcb8eaf162455d2877322a89304f?s=96&d=mm&r=g\",\"url\":\"https:\\\/\\\/secure.gravatar.com\\\/avatar\\\/9ac1d5ed1e9e52d5e261c1fc4c240e35de7fbcb8eaf162455d2877322a89304f?s=96&d=mm&r=g\",\"contentUrl\":\"https:\\\/\\\/secure.gravatar.com\\\/avatar\\\/9ac1d5ed1e9e52d5e261c1fc4c240e35de7fbcb8eaf162455d2877322a89304f?s=96&d=mm&r=g\",\"caption\":\"BAD\"},\"url\":\"https:\\\/\\\/www.webdo.tn\\\/fr\\\/actualite\\\/author\\\/bad\\\/\"}]}<\/script>\n<!-- \/ Yoast SEO Premium plugin. -->","yoast_head_json":{"title":"La BAD annonce une croissance de 2,1% pour la Tunisie","description":"D\u00e9couvrez les derni\u00e8res perspectives \u00e9conomiques en Afrique pour 2024-2025 selon le rapport pr\u00e9sent\u00e9 lors des Assembl\u00e9es annuelles de la Banque africaine de d\u00e9v...","canonical":"https:\/\/www.webdo.tn\/fr\/actualite\/national\/la-banque-africaine-de-developpement-annonce-une-croissance-de-2-1-pour-la-tunisie\/214507\/","og_locale":"fr_FR","og_type":"article","og_title":"La BAD annonce une croissance de 2,1% pour la Tunisie","og_description":"D\u00e9couvrez les derni\u00e8res perspectives \u00e9conomiques en Afrique pour 2024-2025 selon le rapport pr\u00e9sent\u00e9 lors des Assembl\u00e9es annuelles de la Banque africaine de d\u00e9v...","og_url":"https:\/\/www.webdo.tn\/fr\/actualite\/national\/la-banque-africaine-de-developpement-annonce-une-croissance-de-2-1-pour-la-tunisie\/214507\/","og_site_name":"webdo","article_publisher":"https:\/\/www.facebook.com\/webdotn","article_published_time":"2024-05-30T21:47:00+00:00","article_modified_time":"2025-05-20T22:55:08+00:00","og_image":[{"width":750,"height":400,"url":"https:\/\/www.webdo.tn\/fr\/wp-content\/uploads\/2024\/05\/9cfc05818c6aac9029ec07af9dec2907.webp","type":"image\/webp"}],"author":"BAD","twitter_card":"summary_large_image","twitter_creator":"@webdo_tn","twitter_site":"@webdo_tn","twitter_misc":{"\u00c9crit par":"BAD","Dur\u00e9e de lecture estim\u00e9e":"1 minute"},"schema":{"@context":"https:\/\/schema.org","@graph":[{"@type":"NewsArticle","@id":"https:\/\/www.webdo.tn\/fr\/actualite\/national\/la-banque-africaine-de-developpement-annonce-une-croissance-de-2-1-pour-la-tunisie\/214507\/#article","isPartOf":{"@id":"https:\/\/www.webdo.tn\/fr\/actualite\/national\/la-banque-africaine-de-developpement-annonce-une-croissance-de-2-1-pour-la-tunisie\/214507\/"},"author":{"name":"BAD","@id":"https:\/\/www.webdo.tn\/fr\/#\/schema\/person\/0a495ff4de539880a0cd49554c58a90f"},"headline":"La BAD annonce une croissance de 2,1% pour la Tunisie","datePublished":"2024-05-30T21:47:00+00:00","dateModified":"2025-05-20T22:55:08+00:00","mainEntityOfPage":{"@id":"https:\/\/www.webdo.tn\/fr\/actualite\/national\/la-banque-africaine-de-developpement-annonce-une-croissance-de-2-1-pour-la-tunisie\/214507\/"},"wordCount":173,"commentCount":0,"publisher":{"@id":"https:\/\/www.webdo.tn\/fr\/#organization"},"image":{"@id":"https:\/\/www.webdo.tn\/fr\/actualite\/national\/la-banque-africaine-de-developpement-annonce-une-croissance-de-2-1-pour-la-tunisie\/214507\/#primaryimage"},"thumbnailUrl":"https:\/\/www.webdo.tn\/fr\/wp-content\/uploads\/2024\/05\/9cfc05818c6aac9029ec07af9dec2907.webp","keywords":["BAD","Tunisie"],"articleSection":["National"],"inLanguage":"fr-FR"},{"@type":"WebPage","@id":"https:\/\/www.webdo.tn\/fr\/actualite\/national\/la-banque-africaine-de-developpement-annonce-une-croissance-de-2-1-pour-la-tunisie\/214507\/","url":"https:\/\/www.webdo.tn\/fr\/actualite\/national\/la-banque-africaine-de-developpement-annonce-une-croissance-de-2-1-pour-la-tunisie\/214507\/","name":"La BAD annonce une croissance de 2,1% pour la Tunisie","isPartOf":{"@id":"https:\/\/www.webdo.tn\/fr\/#website"},"primaryImageOfPage":{"@id":"https:\/\/www.webdo.tn\/fr\/actualite\/national\/la-banque-africaine-de-developpement-annonce-une-croissance-de-2-1-pour-la-tunisie\/214507\/#primaryimage"},"image":{"@id":"https:\/\/www.webdo.tn\/fr\/actualite\/national\/la-banque-africaine-de-developpement-annonce-une-croissance-de-2-1-pour-la-tunisie\/214507\/#primaryimage"},"thumbnailUrl":"https:\/\/www.webdo.tn\/fr\/wp-content\/uploads\/2024\/05\/9cfc05818c6aac9029ec07af9dec2907.webp","datePublished":"2024-05-30T21:47:00+00:00","dateModified":"2025-05-20T22:55:08+00:00","description":"D\u00e9couvrez les derni\u00e8res perspectives \u00e9conomiques en Afrique pour 2024-2025 selon le rapport pr\u00e9sent\u00e9 lors des Assembl\u00e9es annuelles de la Banque africaine de d\u00e9v...","breadcrumb":{"@id":"https:\/\/www.webdo.tn\/fr\/actualite\/national\/la-banque-africaine-de-developpement-annonce-une-croissance-de-2-1-pour-la-tunisie\/214507\/#breadcrumb"},"inLanguage":"fr-FR","potentialAction":[{"@type":"ReadAction","target":["https:\/\/www.webdo.tn\/fr\/actualite\/national\/la-banque-africaine-de-developpement-annonce-une-croissance-de-2-1-pour-la-tunisie\/214507\/"]}]},{"@type":"ImageObject","inLanguage":"fr-FR","@id":"https:\/\/www.webdo.tn\/fr\/actualite\/national\/la-banque-africaine-de-developpement-annonce-une-croissance-de-2-1-pour-la-tunisie\/214507\/#primaryimage","url":"https:\/\/www.webdo.tn\/fr\/wp-content\/uploads\/2024\/05\/9cfc05818c6aac9029ec07af9dec2907.webp","contentUrl":"https:\/\/www.webdo.tn\/fr\/wp-content\/uploads\/2024\/05\/9cfc05818c6aac9029ec07af9dec2907.webp","width":750,"height":400,"caption":"La BAD annonce une croissance de 2,1% pour la Tunisie"},{"@type":"BreadcrumbList","@id":"https:\/\/www.webdo.tn\/fr\/actualite\/national\/la-banque-africaine-de-developpement-annonce-une-croissance-de-2-1-pour-la-tunisie\/214507\/#breadcrumb","itemListElement":[{"@type":"ListItem","position":1,"name":"Accueil","item":"https:\/\/www.webdo.tn\/fr\/"},{"@type":"ListItem","position":2,"name":"La BAD annonce une croissance de 2,1% pour la Tunisie"}]},{"@type":"WebSite","@id":"https:\/\/www.webdo.tn\/fr\/#website","url":"https:\/\/www.webdo.tn\/fr\/","name":"webdo","description":"Tunisie - News en Tunisie et \u00e0 l&#039;international sur Webdo.tn","publisher":{"@id":"https:\/\/www.webdo.tn\/fr\/#organization"},"potentialAction":[{"@type":"SearchAction","target":{"@type":"EntryPoint","urlTemplate":"https:\/\/www.webdo.tn\/fr\/?s={search_term_string}"},"query-input":{"@type":"PropertyValueSpecification","valueRequired":true,"valueName":"search_term_string"}}],"inLanguage":"fr-FR"},{"@type":"Organization","@id":"https:\/\/www.webdo.tn\/fr\/#organization","name":"Webdo","alternateName":"Webdo.tn","url":"https:\/\/www.webdo.tn\/fr\/","logo":{"@type":"ImageObject","inLanguage":"fr-FR","@id":"https:\/\/www.webdo.tn\/fr\/#\/schema\/logo\/image\/","url":"https:\/\/www.webdo.tn\/fr\/wp-content\/uploads\/2025\/06\/Webdo-Tunisie_168377.jpg","contentUrl":"https:\/\/www.webdo.tn\/fr\/wp-content\/uploads\/2025\/06\/Webdo-Tunisie_168377.jpg","width":301,"height":301,"caption":"Webdo"},"image":{"@id":"https:\/\/www.webdo.tn\/fr\/#\/schema\/logo\/image\/"},"sameAs":["https:\/\/www.facebook.com\/webdotn","https:\/\/x.com\/webdo_tn"],"description":"Webdo est un m\u00e9dia num\u00e9rique tunisien fond\u00e9 en 2010, sp\u00e9cialis\u00e9 dans l\u2019actualit\u00e9 nationale et internationale, l\u2019\u00e9conomie, la soci\u00e9t\u00e9 et les analyses politiques. Le site s\u2019adresse \u00e0 un large public francophone et couvre l\u2019information tunisienne en temps r\u00e9el.","email":"redac@webdo.tn","legalName":"YNJ SARL","foundingDate":"2010-09-06","numberOfEmployees":{"@type":"QuantitativeValue","minValue":"11","maxValue":"50"}},{"@type":"Person","@id":"https:\/\/www.webdo.tn\/fr\/#\/schema\/person\/0a495ff4de539880a0cd49554c58a90f","name":"BAD","image":{"@type":"ImageObject","inLanguage":"fr-FR","@id":"https:\/\/secure.gravatar.com\/avatar\/9ac1d5ed1e9e52d5e261c1fc4c240e35de7fbcb8eaf162455d2877322a89304f?s=96&d=mm&r=g","url":"https:\/\/secure.gravatar.com\/avatar\/9ac1d5ed1e9e52d5e261c1fc4c240e35de7fbcb8eaf162455d2877322a89304f?s=96&d=mm&r=g","contentUrl":"https:\/\/secure.gravatar.com\/avatar\/9ac1d5ed1e9e52d5e261c1fc4c240e35de7fbcb8eaf162455d2877322a89304f?s=96&d=mm&r=g","caption":"BAD"},"url":"https:\/\/www.webdo.tn\/fr\/actualite\/author\/bad\/"}]}},"_links":{"self":[{"href":"https:\/\/www.webdo.tn\/fr\/wp-json\/wp\/v2\/posts\/214507","targetHints":{"allow":["GET"]}}],"collection":[{"href":"https:\/\/www.webdo.tn\/fr\/wp-json\/wp\/v2\/posts"}],"about":[{"href":"https:\/\/www.webdo.tn\/fr\/wp-json\/wp\/v2\/types\/post"}],"author":[{"embeddable":true,"href":"https:\/\/www.webdo.tn\/fr\/wp-json\/wp\/v2\/users\/3181"}],"replies":[{"embeddable":true,"href":"https:\/\/www.webdo.tn\/fr\/wp-json\/wp\/v2\/comments?post=214507"}],"version-history":[{"count":0,"href":"https:\/\/www.webdo.tn\/fr\/wp-json\/wp\/v2\/posts\/214507\/revisions"}],"wp:featuredmedia":[{"embeddable":true,"href":"https:\/\/www.webdo.tn\/fr\/wp-json\/wp\/v2\/media\/247264"}],"wp:attachment":[{"href":"https:\/\/www.webdo.tn\/fr\/wp-json\/wp\/v2\/media?parent=214507"}],"wp:term":[{"taxonomy":"category","embeddable":true,"href":"https:\/\/www.webdo.tn\/fr\/wp-json\/wp\/v2\/categories?post=214507"},{"taxonomy":"post_tag","embeddable":true,"href":"https:\/\/www.webdo.tn\/fr\/wp-json\/wp\/v2\/tags?post=214507"}],"curies":[{"name":"wp","href":"https:\/\/api.w.org\/{rel}","templated":true}]}}