{"id":214499,"date":"2024-05-30T14:44:00","date_gmt":"2024-05-30T14:44:00","guid":{"rendered":"https:\/\/www.webdo.tn\/fr\/blog\/vente-de-cartes-bancaires-sur-les-reseaux-sociaux-mise-en-garde-de-la-bct\/214499\/"},"modified":"2025-05-21T09:10:46","modified_gmt":"2025-05-21T09:10:46","slug":"vente-de-cartes-bancaires-sur-les-reseaux-sociaux-mise-en-garde-de-la-bct","status":"publish","type":"post","link":"https:\/\/www.webdo.tn\/fr\/actualite\/national\/vente-de-cartes-bancaires-sur-les-reseaux-sociaux-mise-en-garde-de-la-bct\/214499\/","title":{"rendered":"Vente de cartes bancaires sur les r\u00e9seaux sociaux : Mise en garde de la BCT"},"content":{"rendered":"<p>La Banque Centrale de Tunisie (BCT) a lanc\u00e9 une mise en garde, ce jeudi 30 mai 2024, appelant dans un communiqu\u00e9 les Tunisiens \u00e0 ne pas r\u00e9pondre aux offres d\u2019achat des cartes bancaires internationales commercialis\u00e9es sur les r\u00e9seaux sociaux, ajoutant que le ph\u00e9nom\u00e8ne a \u00e9t\u00e9 notifi\u00e9 aux autorit\u00e9s comp\u00e9tentes.<\/p>\n<p>\t\t\t\t\t\t\t\t\tLa pr\u00e9sence de plusieurs comptes sur les r\u00e9seaux sociaux commercialisant des cartes bancaires internationales permettant \u00e0 leurs utilisateurs d\u2019effectuer des achats sur des sites marchands \u00e9trangers et d\u2019ouvrir des comptes en devises \u00e0 l\u2019\u00e9tranger, a \u00e9t\u00e9 constat\u00e9e par les services de la Banque centrale, ajoute le communiqu\u00e9.<\/p>\n<p>La BCT appelle \u00e0 \u00e9viter toute relation avec ces comptes pour \u00e9viter toute escroquerie comme elle rappelle que ces pratiques enfreignent la loi et la r\u00e9glementation des changes et sont passibles de poursuites judiciaires.<\/p>\n","protected":false},"excerpt":{"rendered":"<p>La Banque Centrale de Tunisie (BCT) a lanc\u00e9 une mise en garde, ce jeudi 30 mai 2024, appelant dans un communiqu\u00e9 les Tunisiens \u00e0 ne pas r\u00e9pondre aux offres d\u2019ac&#8230;<\/p>\n","protected":false},"author":3169,"featured_media":247260,"comment_status":"open","ping_status":"closed","sticky":false,"template":"","format":"standard","meta":{"footnotes":""},"categories":[44],"tags":[2807,2888,2836,4824],"class_list":["post-214499","post","type-post","status-publish","format-standard","has-post-thumbnail","hentry","category-national","tag-bct","tag-cartes-bancaires","tag-reseaux-sociaux","tag-vente"],"yoast_head":"<!-- This site is optimized with the Yoast SEO Premium plugin v27.5 (Yoast SEO v27.5) - https:\/\/yoast.com\/product\/yoast-seo-premium-wordpress\/ -->\n<title>Vente de cartes bancaires sur les r\u00e9seaux sociaux : Mise en garde de la BCT<\/title>\n<meta name=\"description\" content=\"La Banque Centrale de Tunisie (BCT) a lanc\u00e9 une mise en garde, ce jeudi 30 mai 2024, appelant dans un communiqu\u00e9 les Tunisiens \u00e0 ne pas r\u00e9pondre aux offres d\u2019ac...\" \/>\n<link rel=\"canonical\" href=\"https:\/\/www.webdo.tn\/fr\/actualite\/national\/vente-de-cartes-bancaires-sur-les-reseaux-sociaux-mise-en-garde-de-la-bct\/214499\/\" \/>\n<meta property=\"og:locale\" content=\"fr_FR\" \/>\n<meta property=\"og:type\" content=\"article\" \/>\n<meta property=\"og:title\" content=\"Vente de cartes bancaires sur les r\u00e9seaux sociaux : Mise en garde de la BCT\" \/>\n<meta property=\"og:description\" content=\"La Banque Centrale de Tunisie (BCT) a lanc\u00e9 une mise en garde, ce jeudi 30 mai 2024, appelant dans un communiqu\u00e9 les Tunisiens \u00e0 ne pas r\u00e9pondre aux offres d\u2019ac...\" \/>\n<meta property=\"og:url\" content=\"https:\/\/www.webdo.tn\/fr\/actualite\/national\/vente-de-cartes-bancaires-sur-les-reseaux-sociaux-mise-en-garde-de-la-bct\/214499\/\" \/>\n<meta property=\"og:site_name\" content=\"webdo\" \/>\n<meta property=\"article:publisher\" content=\"https:\/\/www.facebook.com\/webdotn\" \/>\n<meta property=\"article:published_time\" content=\"2024-05-30T14:44:00+00:00\" \/>\n<meta property=\"article:modified_time\" content=\"2025-05-21T09:10:46+00:00\" \/>\n<meta property=\"og:image\" content=\"https:\/\/www.webdo.tn\/fr\/wp-content\/uploads\/2024\/05\/cb30901a8d82db0c810b8ada9db3d25a.webp\" \/>\n\t<meta property=\"og:image:width\" content=\"648\" \/>\n\t<meta property=\"og:image:height\" content=\"346\" \/>\n\t<meta property=\"og:image:type\" content=\"image\/webp\" \/>\n<meta name=\"author\" content=\"Webdo\" \/>\n<meta name=\"twitter:card\" content=\"summary_large_image\" \/>\n<meta name=\"twitter:creator\" content=\"@webdo_tn\" \/>\n<meta name=\"twitter:site\" content=\"@webdo_tn\" \/>\n<meta name=\"twitter:label1\" content=\"\u00c9crit par\" \/>\n\t<meta name=\"twitter:data1\" content=\"Webdo\" \/>\n\t<meta name=\"twitter:label2\" content=\"Dur\u00e9e de lecture estim\u00e9e\" \/>\n\t<meta name=\"twitter:data2\" content=\"1 minute\" \/>\n<script type=\"application\/ld+json\" class=\"yoast-schema-graph\">{\"@context\":\"https:\\\/\\\/schema.org\",\"@graph\":[{\"@type\":\"NewsArticle\",\"@id\":\"https:\\\/\\\/www.webdo.tn\\\/fr\\\/actualite\\\/national\\\/vente-de-cartes-bancaires-sur-les-reseaux-sociaux-mise-en-garde-de-la-bct\\\/214499\\\/#article\",\"isPartOf\":{\"@id\":\"https:\\\/\\\/www.webdo.tn\\\/fr\\\/actualite\\\/national\\\/vente-de-cartes-bancaires-sur-les-reseaux-sociaux-mise-en-garde-de-la-bct\\\/214499\\\/\"},\"author\":{\"name\":\"Webdo\",\"@id\":\"https:\\\/\\\/www.webdo.tn\\\/fr\\\/#\\\/schema\\\/person\\\/1f4e491e0907b413d61089e8eb573acc\"},\"headline\":\"Vente de cartes bancaires sur les r\u00e9seaux sociaux : Mise en garde de la BCT\",\"datePublished\":\"2024-05-30T14:44:00+00:00\",\"dateModified\":\"2025-05-21T09:10:46+00:00\",\"mainEntityOfPage\":{\"@id\":\"https:\\\/\\\/www.webdo.tn\\\/fr\\\/actualite\\\/national\\\/vente-de-cartes-bancaires-sur-les-reseaux-sociaux-mise-en-garde-de-la-bct\\\/214499\\\/\"},\"wordCount\":154,\"commentCount\":0,\"publisher\":{\"@id\":\"https:\\\/\\\/www.webdo.tn\\\/fr\\\/#organization\"},\"image\":{\"@id\":\"https:\\\/\\\/www.webdo.tn\\\/fr\\\/actualite\\\/national\\\/vente-de-cartes-bancaires-sur-les-reseaux-sociaux-mise-en-garde-de-la-bct\\\/214499\\\/#primaryimage\"},\"thumbnailUrl\":\"https:\\\/\\\/www.webdo.tn\\\/fr\\\/wp-content\\\/uploads\\\/2024\\\/05\\\/cb30901a8d82db0c810b8ada9db3d25a.webp\",\"keywords\":[\"BCT\",\"cartes bancaires\",\"r\u00e9seaux sociaux\",\"vente\"],\"articleSection\":[\"National\"],\"inLanguage\":\"fr-FR\"},{\"@type\":\"WebPage\",\"@id\":\"https:\\\/\\\/www.webdo.tn\\\/fr\\\/actualite\\\/national\\\/vente-de-cartes-bancaires-sur-les-reseaux-sociaux-mise-en-garde-de-la-bct\\\/214499\\\/\",\"url\":\"https:\\\/\\\/www.webdo.tn\\\/fr\\\/actualite\\\/national\\\/vente-de-cartes-bancaires-sur-les-reseaux-sociaux-mise-en-garde-de-la-bct\\\/214499\\\/\",\"name\":\"Vente de cartes bancaires sur les r\u00e9seaux sociaux : Mise en garde de la BCT\",\"isPartOf\":{\"@id\":\"https:\\\/\\\/www.webdo.tn\\\/fr\\\/#website\"},\"primaryImageOfPage\":{\"@id\":\"https:\\\/\\\/www.webdo.tn\\\/fr\\\/actualite\\\/national\\\/vente-de-cartes-bancaires-sur-les-reseaux-sociaux-mise-en-garde-de-la-bct\\\/214499\\\/#primaryimage\"},\"image\":{\"@id\":\"https:\\\/\\\/www.webdo.tn\\\/fr\\\/actualite\\\/national\\\/vente-de-cartes-bancaires-sur-les-reseaux-sociaux-mise-en-garde-de-la-bct\\\/214499\\\/#primaryimage\"},\"thumbnailUrl\":\"https:\\\/\\\/www.webdo.tn\\\/fr\\\/wp-content\\\/uploads\\\/2024\\\/05\\\/cb30901a8d82db0c810b8ada9db3d25a.webp\",\"datePublished\":\"2024-05-30T14:44:00+00:00\",\"dateModified\":\"2025-05-21T09:10:46+00:00\",\"description\":\"La Banque Centrale de Tunisie (BCT) a lanc\u00e9 une mise en garde, ce jeudi 30 mai 2024, appelant dans un communiqu\u00e9 les Tunisiens \u00e0 ne pas r\u00e9pondre aux offres d\u2019ac...\",\"breadcrumb\":{\"@id\":\"https:\\\/\\\/www.webdo.tn\\\/fr\\\/actualite\\\/national\\\/vente-de-cartes-bancaires-sur-les-reseaux-sociaux-mise-en-garde-de-la-bct\\\/214499\\\/#breadcrumb\"},\"inLanguage\":\"fr-FR\",\"potentialAction\":[{\"@type\":\"ReadAction\",\"target\":[\"https:\\\/\\\/www.webdo.tn\\\/fr\\\/actualite\\\/national\\\/vente-de-cartes-bancaires-sur-les-reseaux-sociaux-mise-en-garde-de-la-bct\\\/214499\\\/\"]}]},{\"@type\":\"ImageObject\",\"inLanguage\":\"fr-FR\",\"@id\":\"https:\\\/\\\/www.webdo.tn\\\/fr\\\/actualite\\\/national\\\/vente-de-cartes-bancaires-sur-les-reseaux-sociaux-mise-en-garde-de-la-bct\\\/214499\\\/#primaryimage\",\"url\":\"https:\\\/\\\/www.webdo.tn\\\/fr\\\/wp-content\\\/uploads\\\/2024\\\/05\\\/cb30901a8d82db0c810b8ada9db3d25a.webp\",\"contentUrl\":\"https:\\\/\\\/www.webdo.tn\\\/fr\\\/wp-content\\\/uploads\\\/2024\\\/05\\\/cb30901a8d82db0c810b8ada9db3d25a.webp\",\"width\":648,\"height\":346,\"caption\":\"Vente de cartes bancaires sur les r\u00e9seaux sociaux : Mise en garde de la BCT\"},{\"@type\":\"BreadcrumbList\",\"@id\":\"https:\\\/\\\/www.webdo.tn\\\/fr\\\/actualite\\\/national\\\/vente-de-cartes-bancaires-sur-les-reseaux-sociaux-mise-en-garde-de-la-bct\\\/214499\\\/#breadcrumb\",\"itemListElement\":[{\"@type\":\"ListItem\",\"position\":1,\"name\":\"Accueil\",\"item\":\"https:\\\/\\\/www.webdo.tn\\\/fr\\\/\"},{\"@type\":\"ListItem\",\"position\":2,\"name\":\"Vente de cartes bancaires sur les r\u00e9seaux sociaux : Mise en garde de la BCT\"}]},{\"@type\":\"WebSite\",\"@id\":\"https:\\\/\\\/www.webdo.tn\\\/fr\\\/#website\",\"url\":\"https:\\\/\\\/www.webdo.tn\\\/fr\\\/\",\"name\":\"webdo\",\"description\":\"Tunisie - News en Tunisie et \u00e0 l&#039;international sur Webdo.tn\",\"publisher\":{\"@id\":\"https:\\\/\\\/www.webdo.tn\\\/fr\\\/#organization\"},\"potentialAction\":[{\"@type\":\"SearchAction\",\"target\":{\"@type\":\"EntryPoint\",\"urlTemplate\":\"https:\\\/\\\/www.webdo.tn\\\/fr\\\/?s={search_term_string}\"},\"query-input\":{\"@type\":\"PropertyValueSpecification\",\"valueRequired\":true,\"valueName\":\"search_term_string\"}}],\"inLanguage\":\"fr-FR\"},{\"@type\":\"Organization\",\"@id\":\"https:\\\/\\\/www.webdo.tn\\\/fr\\\/#organization\",\"name\":\"Webdo\",\"alternateName\":\"Webdo.tn\",\"url\":\"https:\\\/\\\/www.webdo.tn\\\/fr\\\/\",\"logo\":{\"@type\":\"ImageObject\",\"inLanguage\":\"fr-FR\",\"@id\":\"https:\\\/\\\/www.webdo.tn\\\/fr\\\/#\\\/schema\\\/logo\\\/image\\\/\",\"url\":\"https:\\\/\\\/www.webdo.tn\\\/fr\\\/wp-content\\\/uploads\\\/2025\\\/06\\\/Webdo-Tunisie_168377.jpg\",\"contentUrl\":\"https:\\\/\\\/www.webdo.tn\\\/fr\\\/wp-content\\\/uploads\\\/2025\\\/06\\\/Webdo-Tunisie_168377.jpg\",\"width\":301,\"height\":301,\"caption\":\"Webdo\"},\"image\":{\"@id\":\"https:\\\/\\\/www.webdo.tn\\\/fr\\\/#\\\/schema\\\/logo\\\/image\\\/\"},\"sameAs\":[\"https:\\\/\\\/www.facebook.com\\\/webdotn\",\"https:\\\/\\\/x.com\\\/webdo_tn\"],\"description\":\"Webdo est un m\u00e9dia num\u00e9rique tunisien fond\u00e9 en 2010, sp\u00e9cialis\u00e9 dans l\u2019actualit\u00e9 nationale et internationale, l\u2019\u00e9conomie, la soci\u00e9t\u00e9 et les analyses politiques. Le site s\u2019adresse \u00e0 un large public francophone et couvre l\u2019information tunisienne en temps r\u00e9el.\",\"email\":\"redac@webdo.tn\",\"legalName\":\"YNJ SARL\",\"foundingDate\":\"2010-09-06\",\"numberOfEmployees\":{\"@type\":\"QuantitativeValue\",\"minValue\":\"11\",\"maxValue\":\"50\"}},{\"@type\":\"Person\",\"@id\":\"https:\\\/\\\/www.webdo.tn\\\/fr\\\/#\\\/schema\\\/person\\\/1f4e491e0907b413d61089e8eb573acc\",\"name\":\"Webdo\",\"image\":{\"@type\":\"ImageObject\",\"inLanguage\":\"fr-FR\",\"@id\":\"https:\\\/\\\/secure.gravatar.com\\\/avatar\\\/de97aeec1bb80978a9dbb127e47dfc88aaacb2f3c29aac907d8d3222e3495d49?s=96&d=mm&r=g\",\"url\":\"https:\\\/\\\/secure.gravatar.com\\\/avatar\\\/de97aeec1bb80978a9dbb127e47dfc88aaacb2f3c29aac907d8d3222e3495d49?s=96&d=mm&r=g\",\"contentUrl\":\"https:\\\/\\\/secure.gravatar.com\\\/avatar\\\/de97aeec1bb80978a9dbb127e47dfc88aaacb2f3c29aac907d8d3222e3495d49?s=96&d=mm&r=g\",\"caption\":\"Webdo\"},\"url\":\"https:\\\/\\\/www.webdo.tn\\\/fr\\\/actualite\\\/author\\\/webdo\\\/\"}]}<\/script>\n<!-- \/ Yoast SEO Premium plugin. -->","yoast_head_json":{"title":"Vente de cartes bancaires sur les r\u00e9seaux sociaux : Mise en garde de la BCT","description":"La Banque Centrale de Tunisie (BCT) a lanc\u00e9 une mise en garde, ce jeudi 30 mai 2024, appelant dans un communiqu\u00e9 les Tunisiens \u00e0 ne pas r\u00e9pondre aux offres d\u2019ac...","canonical":"https:\/\/www.webdo.tn\/fr\/actualite\/national\/vente-de-cartes-bancaires-sur-les-reseaux-sociaux-mise-en-garde-de-la-bct\/214499\/","og_locale":"fr_FR","og_type":"article","og_title":"Vente de cartes bancaires sur les r\u00e9seaux sociaux : Mise en garde de la BCT","og_description":"La Banque Centrale de Tunisie (BCT) a lanc\u00e9 une mise en garde, ce jeudi 30 mai 2024, appelant dans un communiqu\u00e9 les Tunisiens \u00e0 ne pas r\u00e9pondre aux offres d\u2019ac...","og_url":"https:\/\/www.webdo.tn\/fr\/actualite\/national\/vente-de-cartes-bancaires-sur-les-reseaux-sociaux-mise-en-garde-de-la-bct\/214499\/","og_site_name":"webdo","article_publisher":"https:\/\/www.facebook.com\/webdotn","article_published_time":"2024-05-30T14:44:00+00:00","article_modified_time":"2025-05-21T09:10:46+00:00","og_image":[{"width":648,"height":346,"url":"https:\/\/www.webdo.tn\/fr\/wp-content\/uploads\/2024\/05\/cb30901a8d82db0c810b8ada9db3d25a.webp","type":"image\/webp"}],"author":"Webdo","twitter_card":"summary_large_image","twitter_creator":"@webdo_tn","twitter_site":"@webdo_tn","twitter_misc":{"\u00c9crit par":"Webdo","Dur\u00e9e de lecture estim\u00e9e":"1 minute"},"schema":{"@context":"https:\/\/schema.org","@graph":[{"@type":"NewsArticle","@id":"https:\/\/www.webdo.tn\/fr\/actualite\/national\/vente-de-cartes-bancaires-sur-les-reseaux-sociaux-mise-en-garde-de-la-bct\/214499\/#article","isPartOf":{"@id":"https:\/\/www.webdo.tn\/fr\/actualite\/national\/vente-de-cartes-bancaires-sur-les-reseaux-sociaux-mise-en-garde-de-la-bct\/214499\/"},"author":{"name":"Webdo","@id":"https:\/\/www.webdo.tn\/fr\/#\/schema\/person\/1f4e491e0907b413d61089e8eb573acc"},"headline":"Vente de cartes bancaires sur les r\u00e9seaux sociaux : Mise en garde de la BCT","datePublished":"2024-05-30T14:44:00+00:00","dateModified":"2025-05-21T09:10:46+00:00","mainEntityOfPage":{"@id":"https:\/\/www.webdo.tn\/fr\/actualite\/national\/vente-de-cartes-bancaires-sur-les-reseaux-sociaux-mise-en-garde-de-la-bct\/214499\/"},"wordCount":154,"commentCount":0,"publisher":{"@id":"https:\/\/www.webdo.tn\/fr\/#organization"},"image":{"@id":"https:\/\/www.webdo.tn\/fr\/actualite\/national\/vente-de-cartes-bancaires-sur-les-reseaux-sociaux-mise-en-garde-de-la-bct\/214499\/#primaryimage"},"thumbnailUrl":"https:\/\/www.webdo.tn\/fr\/wp-content\/uploads\/2024\/05\/cb30901a8d82db0c810b8ada9db3d25a.webp","keywords":["BCT","cartes bancaires","r\u00e9seaux sociaux","vente"],"articleSection":["National"],"inLanguage":"fr-FR"},{"@type":"WebPage","@id":"https:\/\/www.webdo.tn\/fr\/actualite\/national\/vente-de-cartes-bancaires-sur-les-reseaux-sociaux-mise-en-garde-de-la-bct\/214499\/","url":"https:\/\/www.webdo.tn\/fr\/actualite\/national\/vente-de-cartes-bancaires-sur-les-reseaux-sociaux-mise-en-garde-de-la-bct\/214499\/","name":"Vente de cartes bancaires sur les r\u00e9seaux sociaux : Mise en garde de la BCT","isPartOf":{"@id":"https:\/\/www.webdo.tn\/fr\/#website"},"primaryImageOfPage":{"@id":"https:\/\/www.webdo.tn\/fr\/actualite\/national\/vente-de-cartes-bancaires-sur-les-reseaux-sociaux-mise-en-garde-de-la-bct\/214499\/#primaryimage"},"image":{"@id":"https:\/\/www.webdo.tn\/fr\/actualite\/national\/vente-de-cartes-bancaires-sur-les-reseaux-sociaux-mise-en-garde-de-la-bct\/214499\/#primaryimage"},"thumbnailUrl":"https:\/\/www.webdo.tn\/fr\/wp-content\/uploads\/2024\/05\/cb30901a8d82db0c810b8ada9db3d25a.webp","datePublished":"2024-05-30T14:44:00+00:00","dateModified":"2025-05-21T09:10:46+00:00","description":"La Banque Centrale de Tunisie (BCT) a lanc\u00e9 une mise en garde, ce jeudi 30 mai 2024, appelant dans un communiqu\u00e9 les Tunisiens \u00e0 ne pas r\u00e9pondre aux offres d\u2019ac...","breadcrumb":{"@id":"https:\/\/www.webdo.tn\/fr\/actualite\/national\/vente-de-cartes-bancaires-sur-les-reseaux-sociaux-mise-en-garde-de-la-bct\/214499\/#breadcrumb"},"inLanguage":"fr-FR","potentialAction":[{"@type":"ReadAction","target":["https:\/\/www.webdo.tn\/fr\/actualite\/national\/vente-de-cartes-bancaires-sur-les-reseaux-sociaux-mise-en-garde-de-la-bct\/214499\/"]}]},{"@type":"ImageObject","inLanguage":"fr-FR","@id":"https:\/\/www.webdo.tn\/fr\/actualite\/national\/vente-de-cartes-bancaires-sur-les-reseaux-sociaux-mise-en-garde-de-la-bct\/214499\/#primaryimage","url":"https:\/\/www.webdo.tn\/fr\/wp-content\/uploads\/2024\/05\/cb30901a8d82db0c810b8ada9db3d25a.webp","contentUrl":"https:\/\/www.webdo.tn\/fr\/wp-content\/uploads\/2024\/05\/cb30901a8d82db0c810b8ada9db3d25a.webp","width":648,"height":346,"caption":"Vente de cartes bancaires sur les r\u00e9seaux sociaux : Mise en garde de la BCT"},{"@type":"BreadcrumbList","@id":"https:\/\/www.webdo.tn\/fr\/actualite\/national\/vente-de-cartes-bancaires-sur-les-reseaux-sociaux-mise-en-garde-de-la-bct\/214499\/#breadcrumb","itemListElement":[{"@type":"ListItem","position":1,"name":"Accueil","item":"https:\/\/www.webdo.tn\/fr\/"},{"@type":"ListItem","position":2,"name":"Vente de cartes bancaires sur les r\u00e9seaux sociaux : Mise en garde de la BCT"}]},{"@type":"WebSite","@id":"https:\/\/www.webdo.tn\/fr\/#website","url":"https:\/\/www.webdo.tn\/fr\/","name":"webdo","description":"Tunisie - News en Tunisie et \u00e0 l&#039;international sur Webdo.tn","publisher":{"@id":"https:\/\/www.webdo.tn\/fr\/#organization"},"potentialAction":[{"@type":"SearchAction","target":{"@type":"EntryPoint","urlTemplate":"https:\/\/www.webdo.tn\/fr\/?s={search_term_string}"},"query-input":{"@type":"PropertyValueSpecification","valueRequired":true,"valueName":"search_term_string"}}],"inLanguage":"fr-FR"},{"@type":"Organization","@id":"https:\/\/www.webdo.tn\/fr\/#organization","name":"Webdo","alternateName":"Webdo.tn","url":"https:\/\/www.webdo.tn\/fr\/","logo":{"@type":"ImageObject","inLanguage":"fr-FR","@id":"https:\/\/www.webdo.tn\/fr\/#\/schema\/logo\/image\/","url":"https:\/\/www.webdo.tn\/fr\/wp-content\/uploads\/2025\/06\/Webdo-Tunisie_168377.jpg","contentUrl":"https:\/\/www.webdo.tn\/fr\/wp-content\/uploads\/2025\/06\/Webdo-Tunisie_168377.jpg","width":301,"height":301,"caption":"Webdo"},"image":{"@id":"https:\/\/www.webdo.tn\/fr\/#\/schema\/logo\/image\/"},"sameAs":["https:\/\/www.facebook.com\/webdotn","https:\/\/x.com\/webdo_tn"],"description":"Webdo est un m\u00e9dia num\u00e9rique tunisien fond\u00e9 en 2010, sp\u00e9cialis\u00e9 dans l\u2019actualit\u00e9 nationale et internationale, l\u2019\u00e9conomie, la soci\u00e9t\u00e9 et les analyses politiques. Le site s\u2019adresse \u00e0 un large public francophone et couvre l\u2019information tunisienne en temps r\u00e9el.","email":"redac@webdo.tn","legalName":"YNJ SARL","foundingDate":"2010-09-06","numberOfEmployees":{"@type":"QuantitativeValue","minValue":"11","maxValue":"50"}},{"@type":"Person","@id":"https:\/\/www.webdo.tn\/fr\/#\/schema\/person\/1f4e491e0907b413d61089e8eb573acc","name":"Webdo","image":{"@type":"ImageObject","inLanguage":"fr-FR","@id":"https:\/\/secure.gravatar.com\/avatar\/de97aeec1bb80978a9dbb127e47dfc88aaacb2f3c29aac907d8d3222e3495d49?s=96&d=mm&r=g","url":"https:\/\/secure.gravatar.com\/avatar\/de97aeec1bb80978a9dbb127e47dfc88aaacb2f3c29aac907d8d3222e3495d49?s=96&d=mm&r=g","contentUrl":"https:\/\/secure.gravatar.com\/avatar\/de97aeec1bb80978a9dbb127e47dfc88aaacb2f3c29aac907d8d3222e3495d49?s=96&d=mm&r=g","caption":"Webdo"},"url":"https:\/\/www.webdo.tn\/fr\/actualite\/author\/webdo\/"}]}},"_links":{"self":[{"href":"https:\/\/www.webdo.tn\/fr\/wp-json\/wp\/v2\/posts\/214499","targetHints":{"allow":["GET"]}}],"collection":[{"href":"https:\/\/www.webdo.tn\/fr\/wp-json\/wp\/v2\/posts"}],"about":[{"href":"https:\/\/www.webdo.tn\/fr\/wp-json\/wp\/v2\/types\/post"}],"author":[{"embeddable":true,"href":"https:\/\/www.webdo.tn\/fr\/wp-json\/wp\/v2\/users\/3169"}],"replies":[{"embeddable":true,"href":"https:\/\/www.webdo.tn\/fr\/wp-json\/wp\/v2\/comments?post=214499"}],"version-history":[{"count":0,"href":"https:\/\/www.webdo.tn\/fr\/wp-json\/wp\/v2\/posts\/214499\/revisions"}],"wp:featuredmedia":[{"embeddable":true,"href":"https:\/\/www.webdo.tn\/fr\/wp-json\/wp\/v2\/media\/247260"}],"wp:attachment":[{"href":"https:\/\/www.webdo.tn\/fr\/wp-json\/wp\/v2\/media?parent=214499"}],"wp:term":[{"taxonomy":"category","embeddable":true,"href":"https:\/\/www.webdo.tn\/fr\/wp-json\/wp\/v2\/categories?post=214499"},{"taxonomy":"post_tag","embeddable":true,"href":"https:\/\/www.webdo.tn\/fr\/wp-json\/wp\/v2\/tags?post=214499"}],"curies":[{"name":"wp","href":"https:\/\/api.w.org\/{rel}","templated":true}]}}