{"id":214478,"date":"2024-05-29T20:12:00","date_gmt":"2024-05-29T20:12:00","guid":{"rendered":"https:\/\/www.webdo.tn\/fr\/blog\/les-tunisiens-expriment-leur-solidarite-avec-les-palestiniens-devant-l-ambassade-des-etats-unis\/214478\/"},"modified":"2024-05-29T20:12:00","modified_gmt":"2024-05-29T20:12:00","slug":"les-tunisiens-expriment-leur-solidarite-avec-les-palestiniens-devant-l-ambassade-des-etats-unis","status":"publish","type":"post","link":"https:\/\/www.webdo.tn\/fr\/actualite\/national\/les-tunisiens-expriment-leur-solidarite-avec-les-palestiniens-devant-l-ambassade-des-etats-unis\/214478\/","title":{"rendered":"Les Tunisiens expriment leur solidarit\u00e9 avec les Palestiniens devant l&rsquo;ambassade des \u00c9tats-Unis"},"content":{"rendered":"<p>Une manifestation pacifique qui devait se tenir ce mercredi 29 mai, devant l&rsquo;ambassade d&rsquo;\u00c9gypte au Lac 2 pour r\u00e9clamer l&rsquo;ouverture du passage de Rafah aux Palestiniens a \u00e9t\u00e9 emp\u00each\u00e9e par les forces de s\u00e9curit\u00e9. Les manifestants, ont \u00e9t\u00e9 contraints de se diriger vers l&rsquo;ambassade des \u00c9tats-Unis pour exprimer leur m\u00e9contentement.<\/p>\n<p>\t\t\t\t\t\t\t\t\tBrandissant des pancartes condamnant les attaques contre les civils innocents \u00e0 Gaza et les op\u00e9rations militaires isra\u00e9liennes \u00e0 Rafah, les manifestants ont \u00e9galement exprim\u00e9 leur solidarit\u00e9 avec la r\u00e9sistance palestinienne.<\/p>\n<p>Organis\u00e9e par le R\u00e9seau tunisien de lutte contre la normalisation et le R\u00e9seau tunisien de tol\u00e9rance, cette manifestation a attir\u00e9 l&rsquo;attention de certaines figures politiques et civiles, qui ont \u00e9galement pris part \u00e0 l&rsquo;\u00e9v\u00e9nement.<\/p>\n<p>La situation \u00e0 Gaza continue de susciter des r\u00e9actions internationales, avec des appels croissants en faveur de la fin des violences et de l&rsquo;acc\u00e8s des Palestiniens aux soins m\u00e9dicaux et \u00e0 l&rsquo;aide humanitaire.<\/p>\n","protected":false},"excerpt":{"rendered":"<p>Manifestation pacifique \u00e0 Tunis le 29 mai : Les manifestants, emp\u00each\u00e9s devant l&rsquo;ambassade d&rsquo;\u00c9gypte, se tournent vers l&rsquo;ambassade des \u00c9tats-Unis pour d\u00e9noncer le&#8230;<\/p>\n","protected":false},"author":3169,"featured_media":247277,"comment_status":"open","ping_status":"closed","sticky":false,"template":"","format":"standard","meta":{"footnotes":""},"categories":[44],"tags":[2689,3422,2608],"class_list":["post-214478","post","type-post","status-publish","format-standard","has-post-thumbnail","hentry","category-national","tag-gaza","tag-rafah","tag-tunisie"],"yoast_head":"<!-- This site is optimized with the Yoast SEO Premium plugin v27.5 (Yoast SEO v27.5) - https:\/\/yoast.com\/product\/yoast-seo-premium-wordpress\/ -->\n<title>Les Tunisiens expriment leur solidarit\u00e9 avec les Palestiniens devant l&#039;ambassade des \u00c9tats-Unis<\/title>\n<meta name=\"description\" content=\"Manifestation pacifique \u00e0 Tunis le 29 mai : Les manifestants, emp\u00each\u00e9s devant l&#039;ambassade d&#039;\u00c9gypte, se tournent vers l&#039;ambassade des \u00c9tats-Unis pour d\u00e9noncer le...\" \/>\n<link rel=\"canonical\" href=\"https:\/\/www.webdo.tn\/fr\/actualite\/national\/les-tunisiens-expriment-leur-solidarite-avec-les-palestiniens-devant-l-ambassade-des-etats-unis\/214478\/\" \/>\n<meta property=\"og:locale\" content=\"fr_FR\" \/>\n<meta property=\"og:type\" content=\"article\" \/>\n<meta property=\"og:title\" content=\"Les Tunisiens expriment leur solidarit\u00e9 avec les Palestiniens devant l&#039;ambassade des \u00c9tats-Unis\" \/>\n<meta property=\"og:description\" content=\"Manifestation pacifique \u00e0 Tunis le 29 mai : Les manifestants, emp\u00each\u00e9s devant l&#039;ambassade d&#039;\u00c9gypte, se tournent vers l&#039;ambassade des \u00c9tats-Unis pour d\u00e9noncer le...\" \/>\n<meta property=\"og:url\" content=\"https:\/\/www.webdo.tn\/fr\/actualite\/national\/les-tunisiens-expriment-leur-solidarite-avec-les-palestiniens-devant-l-ambassade-des-etats-unis\/214478\/\" \/>\n<meta property=\"og:site_name\" content=\"webdo\" \/>\n<meta property=\"article:publisher\" content=\"https:\/\/www.facebook.com\/webdotn\" \/>\n<meta property=\"article:published_time\" content=\"2024-05-29T20:12:00+00:00\" \/>\n<meta property=\"og:image\" content=\"https:\/\/www.webdo.tn\/fr\/wp-content\/uploads\/2024\/05\/eb0c5f53c688231c51657d2d06cbbcd4.webp\" \/>\n\t<meta property=\"og:image:width\" content=\"750\" \/>\n\t<meta property=\"og:image:height\" content=\"400\" \/>\n\t<meta property=\"og:image:type\" content=\"image\/webp\" \/>\n<meta name=\"author\" content=\"Webdo\" \/>\n<meta name=\"twitter:card\" content=\"summary_large_image\" \/>\n<meta name=\"twitter:creator\" content=\"@webdo_tn\" \/>\n<meta name=\"twitter:site\" content=\"@webdo_tn\" \/>\n<meta name=\"twitter:label1\" content=\"\u00c9crit par\" \/>\n\t<meta name=\"twitter:data1\" content=\"Webdo\" \/>\n\t<meta name=\"twitter:label2\" content=\"Dur\u00e9e de lecture estim\u00e9e\" \/>\n\t<meta name=\"twitter:data2\" content=\"1 minute\" \/>\n<script type=\"application\/ld+json\" class=\"yoast-schema-graph\">{\"@context\":\"https:\\\/\\\/schema.org\",\"@graph\":[{\"@type\":\"NewsArticle\",\"@id\":\"https:\\\/\\\/www.webdo.tn\\\/fr\\\/actualite\\\/national\\\/les-tunisiens-expriment-leur-solidarite-avec-les-palestiniens-devant-l-ambassade-des-etats-unis\\\/214478\\\/#article\",\"isPartOf\":{\"@id\":\"https:\\\/\\\/www.webdo.tn\\\/fr\\\/actualite\\\/national\\\/les-tunisiens-expriment-leur-solidarite-avec-les-palestiniens-devant-l-ambassade-des-etats-unis\\\/214478\\\/\"},\"author\":{\"name\":\"Webdo\",\"@id\":\"https:\\\/\\\/www.webdo.tn\\\/fr\\\/#\\\/schema\\\/person\\\/1f4e491e0907b413d61089e8eb573acc\"},\"headline\":\"Les Tunisiens expriment leur solidarit\u00e9 avec les Palestiniens devant l&rsquo;ambassade des \u00c9tats-Unis\",\"datePublished\":\"2024-05-29T20:12:00+00:00\",\"mainEntityOfPage\":{\"@id\":\"https:\\\/\\\/www.webdo.tn\\\/fr\\\/actualite\\\/national\\\/les-tunisiens-expriment-leur-solidarite-avec-les-palestiniens-devant-l-ambassade-des-etats-unis\\\/214478\\\/\"},\"wordCount\":177,\"commentCount\":0,\"publisher\":{\"@id\":\"https:\\\/\\\/www.webdo.tn\\\/fr\\\/#organization\"},\"image\":{\"@id\":\"https:\\\/\\\/www.webdo.tn\\\/fr\\\/actualite\\\/national\\\/les-tunisiens-expriment-leur-solidarite-avec-les-palestiniens-devant-l-ambassade-des-etats-unis\\\/214478\\\/#primaryimage\"},\"thumbnailUrl\":\"https:\\\/\\\/www.webdo.tn\\\/fr\\\/wp-content\\\/uploads\\\/2024\\\/05\\\/eb0c5f53c688231c51657d2d06cbbcd4.webp\",\"keywords\":[\"Gaza\",\"rafah\",\"Tunisie\"],\"articleSection\":[\"National\"],\"inLanguage\":\"fr-FR\"},{\"@type\":\"WebPage\",\"@id\":\"https:\\\/\\\/www.webdo.tn\\\/fr\\\/actualite\\\/national\\\/les-tunisiens-expriment-leur-solidarite-avec-les-palestiniens-devant-l-ambassade-des-etats-unis\\\/214478\\\/\",\"url\":\"https:\\\/\\\/www.webdo.tn\\\/fr\\\/actualite\\\/national\\\/les-tunisiens-expriment-leur-solidarite-avec-les-palestiniens-devant-l-ambassade-des-etats-unis\\\/214478\\\/\",\"name\":\"Les Tunisiens expriment leur solidarit\u00e9 avec les Palestiniens devant l'ambassade des \u00c9tats-Unis\",\"isPartOf\":{\"@id\":\"https:\\\/\\\/www.webdo.tn\\\/fr\\\/#website\"},\"primaryImageOfPage\":{\"@id\":\"https:\\\/\\\/www.webdo.tn\\\/fr\\\/actualite\\\/national\\\/les-tunisiens-expriment-leur-solidarite-avec-les-palestiniens-devant-l-ambassade-des-etats-unis\\\/214478\\\/#primaryimage\"},\"image\":{\"@id\":\"https:\\\/\\\/www.webdo.tn\\\/fr\\\/actualite\\\/national\\\/les-tunisiens-expriment-leur-solidarite-avec-les-palestiniens-devant-l-ambassade-des-etats-unis\\\/214478\\\/#primaryimage\"},\"thumbnailUrl\":\"https:\\\/\\\/www.webdo.tn\\\/fr\\\/wp-content\\\/uploads\\\/2024\\\/05\\\/eb0c5f53c688231c51657d2d06cbbcd4.webp\",\"datePublished\":\"2024-05-29T20:12:00+00:00\",\"description\":\"Manifestation pacifique \u00e0 Tunis le 29 mai : Les manifestants, emp\u00each\u00e9s devant l'ambassade d'\u00c9gypte, se tournent vers l'ambassade des \u00c9tats-Unis pour d\u00e9noncer le...\",\"breadcrumb\":{\"@id\":\"https:\\\/\\\/www.webdo.tn\\\/fr\\\/actualite\\\/national\\\/les-tunisiens-expriment-leur-solidarite-avec-les-palestiniens-devant-l-ambassade-des-etats-unis\\\/214478\\\/#breadcrumb\"},\"inLanguage\":\"fr-FR\",\"potentialAction\":[{\"@type\":\"ReadAction\",\"target\":[\"https:\\\/\\\/www.webdo.tn\\\/fr\\\/actualite\\\/national\\\/les-tunisiens-expriment-leur-solidarite-avec-les-palestiniens-devant-l-ambassade-des-etats-unis\\\/214478\\\/\"]}]},{\"@type\":\"ImageObject\",\"inLanguage\":\"fr-FR\",\"@id\":\"https:\\\/\\\/www.webdo.tn\\\/fr\\\/actualite\\\/national\\\/les-tunisiens-expriment-leur-solidarite-avec-les-palestiniens-devant-l-ambassade-des-etats-unis\\\/214478\\\/#primaryimage\",\"url\":\"https:\\\/\\\/www.webdo.tn\\\/fr\\\/wp-content\\\/uploads\\\/2024\\\/05\\\/eb0c5f53c688231c51657d2d06cbbcd4.webp\",\"contentUrl\":\"https:\\\/\\\/www.webdo.tn\\\/fr\\\/wp-content\\\/uploads\\\/2024\\\/05\\\/eb0c5f53c688231c51657d2d06cbbcd4.webp\",\"width\":750,\"height\":400,\"caption\":\"Les Tunisiens expriment leur solidarit\u00e9 avec les Palestiniens devant l'ambassade des \u00c9tats-Unis\"},{\"@type\":\"BreadcrumbList\",\"@id\":\"https:\\\/\\\/www.webdo.tn\\\/fr\\\/actualite\\\/national\\\/les-tunisiens-expriment-leur-solidarite-avec-les-palestiniens-devant-l-ambassade-des-etats-unis\\\/214478\\\/#breadcrumb\",\"itemListElement\":[{\"@type\":\"ListItem\",\"position\":1,\"name\":\"Accueil\",\"item\":\"https:\\\/\\\/www.webdo.tn\\\/fr\\\/\"},{\"@type\":\"ListItem\",\"position\":2,\"name\":\"Les Tunisiens expriment leur solidarit\u00e9 avec les Palestiniens devant l&#8217;ambassade des \u00c9tats-Unis\"}]},{\"@type\":\"WebSite\",\"@id\":\"https:\\\/\\\/www.webdo.tn\\\/fr\\\/#website\",\"url\":\"https:\\\/\\\/www.webdo.tn\\\/fr\\\/\",\"name\":\"webdo\",\"description\":\"Tunisie - News en Tunisie et \u00e0 l&#039;international sur Webdo.tn\",\"publisher\":{\"@id\":\"https:\\\/\\\/www.webdo.tn\\\/fr\\\/#organization\"},\"potentialAction\":[{\"@type\":\"SearchAction\",\"target\":{\"@type\":\"EntryPoint\",\"urlTemplate\":\"https:\\\/\\\/www.webdo.tn\\\/fr\\\/?s={search_term_string}\"},\"query-input\":{\"@type\":\"PropertyValueSpecification\",\"valueRequired\":true,\"valueName\":\"search_term_string\"}}],\"inLanguage\":\"fr-FR\"},{\"@type\":\"Organization\",\"@id\":\"https:\\\/\\\/www.webdo.tn\\\/fr\\\/#organization\",\"name\":\"Webdo\",\"alternateName\":\"Webdo.tn\",\"url\":\"https:\\\/\\\/www.webdo.tn\\\/fr\\\/\",\"logo\":{\"@type\":\"ImageObject\",\"inLanguage\":\"fr-FR\",\"@id\":\"https:\\\/\\\/www.webdo.tn\\\/fr\\\/#\\\/schema\\\/logo\\\/image\\\/\",\"url\":\"https:\\\/\\\/www.webdo.tn\\\/fr\\\/wp-content\\\/uploads\\\/2025\\\/06\\\/Webdo-Tunisie_168377.jpg\",\"contentUrl\":\"https:\\\/\\\/www.webdo.tn\\\/fr\\\/wp-content\\\/uploads\\\/2025\\\/06\\\/Webdo-Tunisie_168377.jpg\",\"width\":301,\"height\":301,\"caption\":\"Webdo\"},\"image\":{\"@id\":\"https:\\\/\\\/www.webdo.tn\\\/fr\\\/#\\\/schema\\\/logo\\\/image\\\/\"},\"sameAs\":[\"https:\\\/\\\/www.facebook.com\\\/webdotn\",\"https:\\\/\\\/x.com\\\/webdo_tn\"],\"description\":\"Webdo est un m\u00e9dia num\u00e9rique tunisien fond\u00e9 en 2010, sp\u00e9cialis\u00e9 dans l\u2019actualit\u00e9 nationale et internationale, l\u2019\u00e9conomie, la soci\u00e9t\u00e9 et les analyses politiques. Le site s\u2019adresse \u00e0 un large public francophone et couvre l\u2019information tunisienne en temps r\u00e9el.\",\"email\":\"redac@webdo.tn\",\"legalName\":\"YNJ SARL\",\"foundingDate\":\"2010-09-06\",\"numberOfEmployees\":{\"@type\":\"QuantitativeValue\",\"minValue\":\"11\",\"maxValue\":\"50\"}},{\"@type\":\"Person\",\"@id\":\"https:\\\/\\\/www.webdo.tn\\\/fr\\\/#\\\/schema\\\/person\\\/1f4e491e0907b413d61089e8eb573acc\",\"name\":\"Webdo\",\"image\":{\"@type\":\"ImageObject\",\"inLanguage\":\"fr-FR\",\"@id\":\"https:\\\/\\\/secure.gravatar.com\\\/avatar\\\/de97aeec1bb80978a9dbb127e47dfc88aaacb2f3c29aac907d8d3222e3495d49?s=96&d=mm&r=g\",\"url\":\"https:\\\/\\\/secure.gravatar.com\\\/avatar\\\/de97aeec1bb80978a9dbb127e47dfc88aaacb2f3c29aac907d8d3222e3495d49?s=96&d=mm&r=g\",\"contentUrl\":\"https:\\\/\\\/secure.gravatar.com\\\/avatar\\\/de97aeec1bb80978a9dbb127e47dfc88aaacb2f3c29aac907d8d3222e3495d49?s=96&d=mm&r=g\",\"caption\":\"Webdo\"},\"url\":\"https:\\\/\\\/www.webdo.tn\\\/fr\\\/actualite\\\/author\\\/webdo\\\/\"}]}<\/script>\n<!-- \/ Yoast SEO Premium plugin. -->","yoast_head_json":{"title":"Les Tunisiens expriment leur solidarit\u00e9 avec les Palestiniens devant l'ambassade des \u00c9tats-Unis","description":"Manifestation pacifique \u00e0 Tunis le 29 mai : Les manifestants, emp\u00each\u00e9s devant l'ambassade d'\u00c9gypte, se tournent vers l'ambassade des \u00c9tats-Unis pour d\u00e9noncer le...","canonical":"https:\/\/www.webdo.tn\/fr\/actualite\/national\/les-tunisiens-expriment-leur-solidarite-avec-les-palestiniens-devant-l-ambassade-des-etats-unis\/214478\/","og_locale":"fr_FR","og_type":"article","og_title":"Les Tunisiens expriment leur solidarit\u00e9 avec les Palestiniens devant l'ambassade des \u00c9tats-Unis","og_description":"Manifestation pacifique \u00e0 Tunis le 29 mai : Les manifestants, emp\u00each\u00e9s devant l'ambassade d'\u00c9gypte, se tournent vers l'ambassade des \u00c9tats-Unis pour d\u00e9noncer le...","og_url":"https:\/\/www.webdo.tn\/fr\/actualite\/national\/les-tunisiens-expriment-leur-solidarite-avec-les-palestiniens-devant-l-ambassade-des-etats-unis\/214478\/","og_site_name":"webdo","article_publisher":"https:\/\/www.facebook.com\/webdotn","article_published_time":"2024-05-29T20:12:00+00:00","og_image":[{"width":750,"height":400,"url":"https:\/\/www.webdo.tn\/fr\/wp-content\/uploads\/2024\/05\/eb0c5f53c688231c51657d2d06cbbcd4.webp","type":"image\/webp"}],"author":"Webdo","twitter_card":"summary_large_image","twitter_creator":"@webdo_tn","twitter_site":"@webdo_tn","twitter_misc":{"\u00c9crit par":"Webdo","Dur\u00e9e de lecture estim\u00e9e":"1 minute"},"schema":{"@context":"https:\/\/schema.org","@graph":[{"@type":"NewsArticle","@id":"https:\/\/www.webdo.tn\/fr\/actualite\/national\/les-tunisiens-expriment-leur-solidarite-avec-les-palestiniens-devant-l-ambassade-des-etats-unis\/214478\/#article","isPartOf":{"@id":"https:\/\/www.webdo.tn\/fr\/actualite\/national\/les-tunisiens-expriment-leur-solidarite-avec-les-palestiniens-devant-l-ambassade-des-etats-unis\/214478\/"},"author":{"name":"Webdo","@id":"https:\/\/www.webdo.tn\/fr\/#\/schema\/person\/1f4e491e0907b413d61089e8eb573acc"},"headline":"Les Tunisiens expriment leur solidarit\u00e9 avec les Palestiniens devant l&rsquo;ambassade des \u00c9tats-Unis","datePublished":"2024-05-29T20:12:00+00:00","mainEntityOfPage":{"@id":"https:\/\/www.webdo.tn\/fr\/actualite\/national\/les-tunisiens-expriment-leur-solidarite-avec-les-palestiniens-devant-l-ambassade-des-etats-unis\/214478\/"},"wordCount":177,"commentCount":0,"publisher":{"@id":"https:\/\/www.webdo.tn\/fr\/#organization"},"image":{"@id":"https:\/\/www.webdo.tn\/fr\/actualite\/national\/les-tunisiens-expriment-leur-solidarite-avec-les-palestiniens-devant-l-ambassade-des-etats-unis\/214478\/#primaryimage"},"thumbnailUrl":"https:\/\/www.webdo.tn\/fr\/wp-content\/uploads\/2024\/05\/eb0c5f53c688231c51657d2d06cbbcd4.webp","keywords":["Gaza","rafah","Tunisie"],"articleSection":["National"],"inLanguage":"fr-FR"},{"@type":"WebPage","@id":"https:\/\/www.webdo.tn\/fr\/actualite\/national\/les-tunisiens-expriment-leur-solidarite-avec-les-palestiniens-devant-l-ambassade-des-etats-unis\/214478\/","url":"https:\/\/www.webdo.tn\/fr\/actualite\/national\/les-tunisiens-expriment-leur-solidarite-avec-les-palestiniens-devant-l-ambassade-des-etats-unis\/214478\/","name":"Les Tunisiens expriment leur solidarit\u00e9 avec les Palestiniens devant l'ambassade des \u00c9tats-Unis","isPartOf":{"@id":"https:\/\/www.webdo.tn\/fr\/#website"},"primaryImageOfPage":{"@id":"https:\/\/www.webdo.tn\/fr\/actualite\/national\/les-tunisiens-expriment-leur-solidarite-avec-les-palestiniens-devant-l-ambassade-des-etats-unis\/214478\/#primaryimage"},"image":{"@id":"https:\/\/www.webdo.tn\/fr\/actualite\/national\/les-tunisiens-expriment-leur-solidarite-avec-les-palestiniens-devant-l-ambassade-des-etats-unis\/214478\/#primaryimage"},"thumbnailUrl":"https:\/\/www.webdo.tn\/fr\/wp-content\/uploads\/2024\/05\/eb0c5f53c688231c51657d2d06cbbcd4.webp","datePublished":"2024-05-29T20:12:00+00:00","description":"Manifestation pacifique \u00e0 Tunis le 29 mai : Les manifestants, emp\u00each\u00e9s devant l'ambassade d'\u00c9gypte, se tournent vers l'ambassade des \u00c9tats-Unis pour d\u00e9noncer le...","breadcrumb":{"@id":"https:\/\/www.webdo.tn\/fr\/actualite\/national\/les-tunisiens-expriment-leur-solidarite-avec-les-palestiniens-devant-l-ambassade-des-etats-unis\/214478\/#breadcrumb"},"inLanguage":"fr-FR","potentialAction":[{"@type":"ReadAction","target":["https:\/\/www.webdo.tn\/fr\/actualite\/national\/les-tunisiens-expriment-leur-solidarite-avec-les-palestiniens-devant-l-ambassade-des-etats-unis\/214478\/"]}]},{"@type":"ImageObject","inLanguage":"fr-FR","@id":"https:\/\/www.webdo.tn\/fr\/actualite\/national\/les-tunisiens-expriment-leur-solidarite-avec-les-palestiniens-devant-l-ambassade-des-etats-unis\/214478\/#primaryimage","url":"https:\/\/www.webdo.tn\/fr\/wp-content\/uploads\/2024\/05\/eb0c5f53c688231c51657d2d06cbbcd4.webp","contentUrl":"https:\/\/www.webdo.tn\/fr\/wp-content\/uploads\/2024\/05\/eb0c5f53c688231c51657d2d06cbbcd4.webp","width":750,"height":400,"caption":"Les Tunisiens expriment leur solidarit\u00e9 avec les Palestiniens devant l'ambassade des \u00c9tats-Unis"},{"@type":"BreadcrumbList","@id":"https:\/\/www.webdo.tn\/fr\/actualite\/national\/les-tunisiens-expriment-leur-solidarite-avec-les-palestiniens-devant-l-ambassade-des-etats-unis\/214478\/#breadcrumb","itemListElement":[{"@type":"ListItem","position":1,"name":"Accueil","item":"https:\/\/www.webdo.tn\/fr\/"},{"@type":"ListItem","position":2,"name":"Les Tunisiens expriment leur solidarit\u00e9 avec les Palestiniens devant l&#8217;ambassade des \u00c9tats-Unis"}]},{"@type":"WebSite","@id":"https:\/\/www.webdo.tn\/fr\/#website","url":"https:\/\/www.webdo.tn\/fr\/","name":"webdo","description":"Tunisie - News en Tunisie et \u00e0 l&#039;international sur Webdo.tn","publisher":{"@id":"https:\/\/www.webdo.tn\/fr\/#organization"},"potentialAction":[{"@type":"SearchAction","target":{"@type":"EntryPoint","urlTemplate":"https:\/\/www.webdo.tn\/fr\/?s={search_term_string}"},"query-input":{"@type":"PropertyValueSpecification","valueRequired":true,"valueName":"search_term_string"}}],"inLanguage":"fr-FR"},{"@type":"Organization","@id":"https:\/\/www.webdo.tn\/fr\/#organization","name":"Webdo","alternateName":"Webdo.tn","url":"https:\/\/www.webdo.tn\/fr\/","logo":{"@type":"ImageObject","inLanguage":"fr-FR","@id":"https:\/\/www.webdo.tn\/fr\/#\/schema\/logo\/image\/","url":"https:\/\/www.webdo.tn\/fr\/wp-content\/uploads\/2025\/06\/Webdo-Tunisie_168377.jpg","contentUrl":"https:\/\/www.webdo.tn\/fr\/wp-content\/uploads\/2025\/06\/Webdo-Tunisie_168377.jpg","width":301,"height":301,"caption":"Webdo"},"image":{"@id":"https:\/\/www.webdo.tn\/fr\/#\/schema\/logo\/image\/"},"sameAs":["https:\/\/www.facebook.com\/webdotn","https:\/\/x.com\/webdo_tn"],"description":"Webdo est un m\u00e9dia num\u00e9rique tunisien fond\u00e9 en 2010, sp\u00e9cialis\u00e9 dans l\u2019actualit\u00e9 nationale et internationale, l\u2019\u00e9conomie, la soci\u00e9t\u00e9 et les analyses politiques. Le site s\u2019adresse \u00e0 un large public francophone et couvre l\u2019information tunisienne en temps r\u00e9el.","email":"redac@webdo.tn","legalName":"YNJ SARL","foundingDate":"2010-09-06","numberOfEmployees":{"@type":"QuantitativeValue","minValue":"11","maxValue":"50"}},{"@type":"Person","@id":"https:\/\/www.webdo.tn\/fr\/#\/schema\/person\/1f4e491e0907b413d61089e8eb573acc","name":"Webdo","image":{"@type":"ImageObject","inLanguage":"fr-FR","@id":"https:\/\/secure.gravatar.com\/avatar\/de97aeec1bb80978a9dbb127e47dfc88aaacb2f3c29aac907d8d3222e3495d49?s=96&d=mm&r=g","url":"https:\/\/secure.gravatar.com\/avatar\/de97aeec1bb80978a9dbb127e47dfc88aaacb2f3c29aac907d8d3222e3495d49?s=96&d=mm&r=g","contentUrl":"https:\/\/secure.gravatar.com\/avatar\/de97aeec1bb80978a9dbb127e47dfc88aaacb2f3c29aac907d8d3222e3495d49?s=96&d=mm&r=g","caption":"Webdo"},"url":"https:\/\/www.webdo.tn\/fr\/actualite\/author\/webdo\/"}]}},"_links":{"self":[{"href":"https:\/\/www.webdo.tn\/fr\/wp-json\/wp\/v2\/posts\/214478","targetHints":{"allow":["GET"]}}],"collection":[{"href":"https:\/\/www.webdo.tn\/fr\/wp-json\/wp\/v2\/posts"}],"about":[{"href":"https:\/\/www.webdo.tn\/fr\/wp-json\/wp\/v2\/types\/post"}],"author":[{"embeddable":true,"href":"https:\/\/www.webdo.tn\/fr\/wp-json\/wp\/v2\/users\/3169"}],"replies":[{"embeddable":true,"href":"https:\/\/www.webdo.tn\/fr\/wp-json\/wp\/v2\/comments?post=214478"}],"version-history":[{"count":0,"href":"https:\/\/www.webdo.tn\/fr\/wp-json\/wp\/v2\/posts\/214478\/revisions"}],"wp:featuredmedia":[{"embeddable":true,"href":"https:\/\/www.webdo.tn\/fr\/wp-json\/wp\/v2\/media\/247277"}],"wp:attachment":[{"href":"https:\/\/www.webdo.tn\/fr\/wp-json\/wp\/v2\/media?parent=214478"}],"wp:term":[{"taxonomy":"category","embeddable":true,"href":"https:\/\/www.webdo.tn\/fr\/wp-json\/wp\/v2\/categories?post=214478"},{"taxonomy":"post_tag","embeddable":true,"href":"https:\/\/www.webdo.tn\/fr\/wp-json\/wp\/v2\/tags?post=214478"}],"curies":[{"name":"wp","href":"https:\/\/api.w.org\/{rel}","templated":true}]}}