{"id":214475,"date":"2024-05-29T19:29:00","date_gmt":"2024-05-29T19:29:00","guid":{"rendered":"https:\/\/www.webdo.tn\/fr\/blog\/france-deux-poids-deux-mesures-a-l-assemblee-nationale\/214475\/"},"modified":"2025-05-20T22:55:03","modified_gmt":"2025-05-20T22:55:03","slug":"france-deux-poids-deux-mesures-a-l-assemblee-nationale","status":"publish","type":"post","link":"https:\/\/www.webdo.tn\/fr\/actualite\/international\/france-deux-poids-deux-mesures-a-l-assemblee-nationale\/214475\/","title":{"rendered":"France : Deux poids deux mesures \u00e0 l&rsquo;Assembl\u00e9e nationale"},"content":{"rendered":"<p>Le d\u00e9put\u00e9 des Bouches-du-Rh\u00f4ne, S\u00e9bastien Delogu, membre de La France Insoumise (LFI), a \u00e9t\u00e9 s\u00e9v\u00e8rement sanctionn\u00e9 pour avoir brandi un drapeau palestinien \u00e0 l&rsquo;Assembl\u00e9e nationale. Le 28 mai, le bureau de l&rsquo;Assembl\u00e9e a prononc\u00e9 une sanction maximale \u00e0 son encontre : une r\u00e9duction de moiti\u00e9 de son indemnit\u00e9 parlementaire pendant deux mois et une interdiction de participer aux travaux parlementaires pendant quinze jours.<\/p>\n<p>\t\t\t\t\t\t\t\t\tCette d\u00e9cision, prise sans d\u00e9bat et vot\u00e9e par \u00ab\u00a0assis-debout\u00a0\u00bb, a \u00e9t\u00e9 rapidement mise en \u0153uvre sous l&rsquo;impulsion de Yael Braun-Pivet, pr\u00e9sidente de l&rsquo;Assembl\u00e9e nationale et membre du parti\u00a0 Renaissance. La s\u00e9v\u00e9rit\u00e9 de cette sanction contraste fortement avec le simple rappel \u00e0 l&rsquo;ordre re\u00e7u en 2022 par un d\u00e9put\u00e9 de Renaissance qui avait fait un salut nazi.<\/p>\n<p>S\u00e9bastien Delogu a justifi\u00e9 son action en d\u00e9clarant vouloir attirer l&rsquo;attention du pr\u00e9sident de la R\u00e9publique sur la situation en Palestine. Il exhorte le pr\u00e9sident \u00e0 cesser les ventes d&rsquo;armes \u00e0 Isra\u00ebl, \u00e0 reconna\u00eetre l&rsquo;\u00c9tat palestinien et \u00e0 abroger les accords europ\u00e9ens avec Isra\u00ebl.<br \/>\n\u00a0<br \/>\nD&rsquo;apr\u00e8s le r\u00e8glement de l&rsquo;assembl\u00e9e nationale, le d\u00e9put\u00e9 n&rsquo;a pas \u00e9t\u00e9 sanctionn\u00e9 pour avoir brandi un drapeau, mais pour \u00ab\u00a0manifestations troublant l&rsquo;ordre ou provoquant une sc\u00e8ne tumultueuse\u00a0\u00bb et \u00ab\u00a0outrages ou provocations envers l&rsquo;Assembl\u00e9e ou son Pr\u00e9sident\u00a0\u00bb. Brandir un drapeau fran\u00e7ais pourrait \u00eatre sanctionn\u00e9 de la m\u00eame mani\u00e8re. L&rsquo;article 9 de l&rsquo;instruction g\u00e9n\u00e9rale de l&rsquo;Assembl\u00e9e nationale pr\u00e9cise que l&rsquo;expression dans l&rsquo;h\u00e9micycle est exclusivement orale et interdit l&rsquo;utilisation de graphiques, pancartes, documents, objets divers, ainsi que les signes religieux, uniformes, logos ou slogans de nature politique.<\/p>\n<p>Pourtant le pr\u00e9sident du S\u00e9nat fran\u00e7ais, G\u00e9rard Larcher, avait exprim\u00e9 son soutien ind\u00e9fectible \u00e0 l&rsquo;Ukraine face \u00e0 l&rsquo;agression russe, via un tweet publi\u00e9 le 24 f\u00e9vrier 2022. Soulignant l&rsquo;importance de la souverainet\u00e9 nationale et de la d\u00e9mocratie, Larcher a appel\u00e9 \u00e0 une solidarit\u00e9 unanime de la communaut\u00e9 internationale envers le peuple ukrainien. Il avait \u00e9galement insist\u00e9 sur la n\u00e9cessit\u00e9 de sanctions robustes contre la Russie pour son agression, tout en rappelant les valeurs fondamentales de paix et de respect des droits internationaux.<\/p>\n<p>\u00ab\u00a0Nous avons tenu \u00e0 ce que le drapeau ukrainien soit pr\u00e9sent dans l&rsquo;h\u00e9micycle du @Senat au c\u00f4t\u00e9 des drapeaux europ\u00e9en et fran\u00e7ais, en signe de solidarit\u00e9.\u00a0\u00bb \ud83c\uddfa\ud83c\udde6\ud83c\uddeb\ud83c\uddf7\ud83c\uddea\ud83c\uddfa#ParlUE2022 pic.twitter.com\/7AZfhssOjM<br \/>\n\u2014 G\u00e9rard Larcher (@gerard_larcher) February 25, 2022<\/p>\n","protected":false},"excerpt":{"rendered":"<p>Le d\u00e9put\u00e9 S\u00e9bastien Delogu a \u00e9t\u00e9 s\u00e9v\u00e8rement sanctionn\u00e9 pour avoir brandi un drapeau palestinien \u00e0 l&rsquo;Assembl\u00e9e nationale, avec une r\u00e9duction de moiti\u00e9 de son ind&#8230;<\/p>\n","protected":false},"author":3180,"featured_media":247274,"comment_status":"open","ping_status":"closed","sticky":false,"template":"","format":"standard","meta":{"footnotes":""},"categories":[2598],"tags":[6394,2998,6395,2688,6393],"class_list":["post-214475","post","type-post","status-publish","format-standard","has-post-thumbnail","hentry","category-international","tag-assemblee-nationale","tag-france","tag-lfi","tag-palestine","tag-sebastien-delogu"],"yoast_head":"<!-- This site is optimized with the Yoast SEO Premium plugin v27.4 (Yoast SEO v27.5) - https:\/\/yoast.com\/product\/yoast-seo-premium-wordpress\/ -->\n<title>France : Deux poids deux mesures \u00e0 l&#039;Assembl\u00e9e nationale<\/title>\n<meta name=\"description\" content=\"Le d\u00e9put\u00e9 S\u00e9bastien Delogu a \u00e9t\u00e9 s\u00e9v\u00e8rement sanctionn\u00e9 pour avoir brandi un drapeau palestinien \u00e0 l&#039;Assembl\u00e9e nationale, avec une r\u00e9duction de moiti\u00e9 de son ind...\" \/>\n<link rel=\"canonical\" href=\"https:\/\/www.webdo.tn\/fr\/actualite\/international\/france-deux-poids-deux-mesures-a-l-assemblee-nationale\/214475\/\" \/>\n<meta property=\"og:locale\" content=\"fr_FR\" \/>\n<meta property=\"og:type\" content=\"article\" \/>\n<meta property=\"og:title\" content=\"France : Deux poids deux mesures \u00e0 l&#039;Assembl\u00e9e nationale\" \/>\n<meta property=\"og:description\" content=\"Le d\u00e9put\u00e9 S\u00e9bastien Delogu a \u00e9t\u00e9 s\u00e9v\u00e8rement sanctionn\u00e9 pour avoir brandi un drapeau palestinien \u00e0 l&#039;Assembl\u00e9e nationale, avec une r\u00e9duction de moiti\u00e9 de son ind...\" \/>\n<meta property=\"og:url\" content=\"https:\/\/www.webdo.tn\/fr\/actualite\/international\/france-deux-poids-deux-mesures-a-l-assemblee-nationale\/214475\/\" \/>\n<meta property=\"og:site_name\" content=\"webdo\" \/>\n<meta property=\"article:publisher\" content=\"https:\/\/www.facebook.com\/webdotn\" \/>\n<meta property=\"article:published_time\" content=\"2024-05-29T19:29:00+00:00\" \/>\n<meta property=\"article:modified_time\" content=\"2025-05-20T22:55:03+00:00\" \/>\n<meta property=\"og:image\" content=\"https:\/\/www.webdo.tn\/fr\/wp-content\/uploads\/2024\/05\/e656a527ba1f22088f971eb230a74d80.webp\" \/>\n\t<meta property=\"og:image:width\" content=\"750\" \/>\n\t<meta property=\"og:image:height\" content=\"400\" \/>\n\t<meta property=\"og:image:type\" content=\"image\/webp\" \/>\n<meta name=\"author\" content=\"A.Z\" \/>\n<meta name=\"twitter:card\" content=\"summary_large_image\" \/>\n<meta name=\"twitter:creator\" content=\"@webdo_tn\" \/>\n<meta name=\"twitter:site\" content=\"@webdo_tn\" \/>\n<meta name=\"twitter:label1\" content=\"\u00c9crit par\" \/>\n\t<meta name=\"twitter:data1\" content=\"A.Z\" \/>\n\t<meta name=\"twitter:label2\" content=\"Dur\u00e9e de lecture estim\u00e9e\" \/>\n\t<meta name=\"twitter:data2\" content=\"2 minutes\" \/>\n<script type=\"application\/ld+json\" class=\"yoast-schema-graph\">{\"@context\":\"https:\\\/\\\/schema.org\",\"@graph\":[{\"@type\":\"NewsArticle\",\"@id\":\"https:\\\/\\\/www.webdo.tn\\\/fr\\\/actualite\\\/international\\\/france-deux-poids-deux-mesures-a-l-assemblee-nationale\\\/214475\\\/#article\",\"isPartOf\":{\"@id\":\"https:\\\/\\\/www.webdo.tn\\\/fr\\\/actualite\\\/international\\\/france-deux-poids-deux-mesures-a-l-assemblee-nationale\\\/214475\\\/\"},\"author\":{\"name\":\"A.Z\",\"@id\":\"https:\\\/\\\/www.webdo.tn\\\/fr\\\/#\\\/schema\\\/person\\\/5e31e16733206869f020f456fc5fb2a2\"},\"headline\":\"France : Deux poids deux mesures \u00e0 l&rsquo;Assembl\u00e9e nationale\",\"datePublished\":\"2024-05-29T19:29:00+00:00\",\"dateModified\":\"2025-05-20T22:55:03+00:00\",\"mainEntityOfPage\":{\"@id\":\"https:\\\/\\\/www.webdo.tn\\\/fr\\\/actualite\\\/international\\\/france-deux-poids-deux-mesures-a-l-assemblee-nationale\\\/214475\\\/\"},\"wordCount\":435,\"commentCount\":0,\"publisher\":{\"@id\":\"https:\\\/\\\/www.webdo.tn\\\/fr\\\/#organization\"},\"image\":{\"@id\":\"https:\\\/\\\/www.webdo.tn\\\/fr\\\/actualite\\\/international\\\/france-deux-poids-deux-mesures-a-l-assemblee-nationale\\\/214475\\\/#primaryimage\"},\"thumbnailUrl\":\"https:\\\/\\\/www.webdo.tn\\\/fr\\\/wp-content\\\/uploads\\\/2024\\\/05\\\/e656a527ba1f22088f971eb230a74d80.webp\",\"keywords\":[\"Assembl\u00e9e Nationale\",\"france\",\"LFI\",\"Palestine\",\"S\u00e9bastien Delogu\"],\"articleSection\":[\"International\"],\"inLanguage\":\"fr-FR\"},{\"@type\":\"WebPage\",\"@id\":\"https:\\\/\\\/www.webdo.tn\\\/fr\\\/actualite\\\/international\\\/france-deux-poids-deux-mesures-a-l-assemblee-nationale\\\/214475\\\/\",\"url\":\"https:\\\/\\\/www.webdo.tn\\\/fr\\\/actualite\\\/international\\\/france-deux-poids-deux-mesures-a-l-assemblee-nationale\\\/214475\\\/\",\"name\":\"France : Deux poids deux mesures \u00e0 l'Assembl\u00e9e nationale\",\"isPartOf\":{\"@id\":\"https:\\\/\\\/www.webdo.tn\\\/fr\\\/#website\"},\"primaryImageOfPage\":{\"@id\":\"https:\\\/\\\/www.webdo.tn\\\/fr\\\/actualite\\\/international\\\/france-deux-poids-deux-mesures-a-l-assemblee-nationale\\\/214475\\\/#primaryimage\"},\"image\":{\"@id\":\"https:\\\/\\\/www.webdo.tn\\\/fr\\\/actualite\\\/international\\\/france-deux-poids-deux-mesures-a-l-assemblee-nationale\\\/214475\\\/#primaryimage\"},\"thumbnailUrl\":\"https:\\\/\\\/www.webdo.tn\\\/fr\\\/wp-content\\\/uploads\\\/2024\\\/05\\\/e656a527ba1f22088f971eb230a74d80.webp\",\"datePublished\":\"2024-05-29T19:29:00+00:00\",\"dateModified\":\"2025-05-20T22:55:03+00:00\",\"description\":\"Le d\u00e9put\u00e9 S\u00e9bastien Delogu a \u00e9t\u00e9 s\u00e9v\u00e8rement sanctionn\u00e9 pour avoir brandi un drapeau palestinien \u00e0 l'Assembl\u00e9e nationale, avec une r\u00e9duction de moiti\u00e9 de son ind...\",\"breadcrumb\":{\"@id\":\"https:\\\/\\\/www.webdo.tn\\\/fr\\\/actualite\\\/international\\\/france-deux-poids-deux-mesures-a-l-assemblee-nationale\\\/214475\\\/#breadcrumb\"},\"inLanguage\":\"fr-FR\",\"potentialAction\":[{\"@type\":\"ReadAction\",\"target\":[\"https:\\\/\\\/www.webdo.tn\\\/fr\\\/actualite\\\/international\\\/france-deux-poids-deux-mesures-a-l-assemblee-nationale\\\/214475\\\/\"]}]},{\"@type\":\"ImageObject\",\"inLanguage\":\"fr-FR\",\"@id\":\"https:\\\/\\\/www.webdo.tn\\\/fr\\\/actualite\\\/international\\\/france-deux-poids-deux-mesures-a-l-assemblee-nationale\\\/214475\\\/#primaryimage\",\"url\":\"https:\\\/\\\/www.webdo.tn\\\/fr\\\/wp-content\\\/uploads\\\/2024\\\/05\\\/e656a527ba1f22088f971eb230a74d80.webp\",\"contentUrl\":\"https:\\\/\\\/www.webdo.tn\\\/fr\\\/wp-content\\\/uploads\\\/2024\\\/05\\\/e656a527ba1f22088f971eb230a74d80.webp\",\"width\":750,\"height\":400,\"caption\":\"France : Deux poids deux mesures \u00e0 l'Assembl\u00e9e nationale\"},{\"@type\":\"BreadcrumbList\",\"@id\":\"https:\\\/\\\/www.webdo.tn\\\/fr\\\/actualite\\\/international\\\/france-deux-poids-deux-mesures-a-l-assemblee-nationale\\\/214475\\\/#breadcrumb\",\"itemListElement\":[{\"@type\":\"ListItem\",\"position\":1,\"name\":\"Accueil\",\"item\":\"https:\\\/\\\/www.webdo.tn\\\/fr\\\/\"},{\"@type\":\"ListItem\",\"position\":2,\"name\":\"France : Deux poids deux mesures \u00e0 l&rsquo;Assembl\u00e9e nationale\"}]},{\"@type\":\"WebSite\",\"@id\":\"https:\\\/\\\/www.webdo.tn\\\/fr\\\/#website\",\"url\":\"https:\\\/\\\/www.webdo.tn\\\/fr\\\/\",\"name\":\"webdo\",\"description\":\"Tunisie - News en Tunisie et \u00e0 l&#039;international sur Webdo.tn\",\"publisher\":{\"@id\":\"https:\\\/\\\/www.webdo.tn\\\/fr\\\/#organization\"},\"potentialAction\":[{\"@type\":\"SearchAction\",\"target\":{\"@type\":\"EntryPoint\",\"urlTemplate\":\"https:\\\/\\\/www.webdo.tn\\\/fr\\\/?s={search_term_string}\"},\"query-input\":{\"@type\":\"PropertyValueSpecification\",\"valueRequired\":true,\"valueName\":\"search_term_string\"}}],\"inLanguage\":\"fr-FR\"},{\"@type\":\"Organization\",\"@id\":\"https:\\\/\\\/www.webdo.tn\\\/fr\\\/#organization\",\"name\":\"Webdo\",\"alternateName\":\"Webdo.tn\",\"url\":\"https:\\\/\\\/www.webdo.tn\\\/fr\\\/\",\"logo\":{\"@type\":\"ImageObject\",\"inLanguage\":\"fr-FR\",\"@id\":\"https:\\\/\\\/www.webdo.tn\\\/fr\\\/#\\\/schema\\\/logo\\\/image\\\/\",\"url\":\"https:\\\/\\\/www.webdo.tn\\\/fr\\\/wp-content\\\/uploads\\\/2025\\\/06\\\/Webdo-Tunisie_168377.jpg\",\"contentUrl\":\"https:\\\/\\\/www.webdo.tn\\\/fr\\\/wp-content\\\/uploads\\\/2025\\\/06\\\/Webdo-Tunisie_168377.jpg\",\"width\":301,\"height\":301,\"caption\":\"Webdo\"},\"image\":{\"@id\":\"https:\\\/\\\/www.webdo.tn\\\/fr\\\/#\\\/schema\\\/logo\\\/image\\\/\"},\"sameAs\":[\"https:\\\/\\\/www.facebook.com\\\/webdotn\",\"https:\\\/\\\/x.com\\\/webdo_tn\"],\"description\":\"Webdo est un m\u00e9dia num\u00e9rique tunisien fond\u00e9 en 2010, sp\u00e9cialis\u00e9 dans l\u2019actualit\u00e9 nationale et internationale, l\u2019\u00e9conomie, la soci\u00e9t\u00e9 et les analyses politiques. Le site s\u2019adresse \u00e0 un large public francophone et couvre l\u2019information tunisienne en temps r\u00e9el.\",\"email\":\"redac@webdo.tn\",\"legalName\":\"YNJ SARL\",\"foundingDate\":\"2010-09-06\",\"numberOfEmployees\":{\"@type\":\"QuantitativeValue\",\"minValue\":\"11\",\"maxValue\":\"50\"}},{\"@type\":\"Person\",\"@id\":\"https:\\\/\\\/www.webdo.tn\\\/fr\\\/#\\\/schema\\\/person\\\/5e31e16733206869f020f456fc5fb2a2\",\"name\":\"A.Z\",\"image\":{\"@type\":\"ImageObject\",\"inLanguage\":\"fr-FR\",\"@id\":\"https:\\\/\\\/secure.gravatar.com\\\/avatar\\\/8cdcd492e610a81704472ae2ee8ccb9765700efa034e451c72584311d4c13cb1?s=96&d=mm&r=g\",\"url\":\"https:\\\/\\\/secure.gravatar.com\\\/avatar\\\/8cdcd492e610a81704472ae2ee8ccb9765700efa034e451c72584311d4c13cb1?s=96&d=mm&r=g\",\"contentUrl\":\"https:\\\/\\\/secure.gravatar.com\\\/avatar\\\/8cdcd492e610a81704472ae2ee8ccb9765700efa034e451c72584311d4c13cb1?s=96&d=mm&r=g\",\"caption\":\"A.Z\"},\"url\":\"https:\\\/\\\/www.webdo.tn\\\/fr\\\/actualite\\\/author\\\/a-z\\\/\"}]}<\/script>\n<!-- \/ Yoast SEO Premium plugin. -->","yoast_head_json":{"title":"France : Deux poids deux mesures \u00e0 l'Assembl\u00e9e nationale","description":"Le d\u00e9put\u00e9 S\u00e9bastien Delogu a \u00e9t\u00e9 s\u00e9v\u00e8rement sanctionn\u00e9 pour avoir brandi un drapeau palestinien \u00e0 l'Assembl\u00e9e nationale, avec une r\u00e9duction de moiti\u00e9 de son ind...","canonical":"https:\/\/www.webdo.tn\/fr\/actualite\/international\/france-deux-poids-deux-mesures-a-l-assemblee-nationale\/214475\/","og_locale":"fr_FR","og_type":"article","og_title":"France : Deux poids deux mesures \u00e0 l'Assembl\u00e9e nationale","og_description":"Le d\u00e9put\u00e9 S\u00e9bastien Delogu a \u00e9t\u00e9 s\u00e9v\u00e8rement sanctionn\u00e9 pour avoir brandi un drapeau palestinien \u00e0 l'Assembl\u00e9e nationale, avec une r\u00e9duction de moiti\u00e9 de son ind...","og_url":"https:\/\/www.webdo.tn\/fr\/actualite\/international\/france-deux-poids-deux-mesures-a-l-assemblee-nationale\/214475\/","og_site_name":"webdo","article_publisher":"https:\/\/www.facebook.com\/webdotn","article_published_time":"2024-05-29T19:29:00+00:00","article_modified_time":"2025-05-20T22:55:03+00:00","og_image":[{"width":750,"height":400,"url":"https:\/\/www.webdo.tn\/fr\/wp-content\/uploads\/2024\/05\/e656a527ba1f22088f971eb230a74d80.webp","type":"image\/webp"}],"author":"A.Z","twitter_card":"summary_large_image","twitter_creator":"@webdo_tn","twitter_site":"@webdo_tn","twitter_misc":{"\u00c9crit par":"A.Z","Dur\u00e9e de lecture estim\u00e9e":"2 minutes"},"schema":{"@context":"https:\/\/schema.org","@graph":[{"@type":"NewsArticle","@id":"https:\/\/www.webdo.tn\/fr\/actualite\/international\/france-deux-poids-deux-mesures-a-l-assemblee-nationale\/214475\/#article","isPartOf":{"@id":"https:\/\/www.webdo.tn\/fr\/actualite\/international\/france-deux-poids-deux-mesures-a-l-assemblee-nationale\/214475\/"},"author":{"name":"A.Z","@id":"https:\/\/www.webdo.tn\/fr\/#\/schema\/person\/5e31e16733206869f020f456fc5fb2a2"},"headline":"France : Deux poids deux mesures \u00e0 l&rsquo;Assembl\u00e9e nationale","datePublished":"2024-05-29T19:29:00+00:00","dateModified":"2025-05-20T22:55:03+00:00","mainEntityOfPage":{"@id":"https:\/\/www.webdo.tn\/fr\/actualite\/international\/france-deux-poids-deux-mesures-a-l-assemblee-nationale\/214475\/"},"wordCount":435,"commentCount":0,"publisher":{"@id":"https:\/\/www.webdo.tn\/fr\/#organization"},"image":{"@id":"https:\/\/www.webdo.tn\/fr\/actualite\/international\/france-deux-poids-deux-mesures-a-l-assemblee-nationale\/214475\/#primaryimage"},"thumbnailUrl":"https:\/\/www.webdo.tn\/fr\/wp-content\/uploads\/2024\/05\/e656a527ba1f22088f971eb230a74d80.webp","keywords":["Assembl\u00e9e Nationale","france","LFI","Palestine","S\u00e9bastien Delogu"],"articleSection":["International"],"inLanguage":"fr-FR"},{"@type":"WebPage","@id":"https:\/\/www.webdo.tn\/fr\/actualite\/international\/france-deux-poids-deux-mesures-a-l-assemblee-nationale\/214475\/","url":"https:\/\/www.webdo.tn\/fr\/actualite\/international\/france-deux-poids-deux-mesures-a-l-assemblee-nationale\/214475\/","name":"France : Deux poids deux mesures \u00e0 l'Assembl\u00e9e nationale","isPartOf":{"@id":"https:\/\/www.webdo.tn\/fr\/#website"},"primaryImageOfPage":{"@id":"https:\/\/www.webdo.tn\/fr\/actualite\/international\/france-deux-poids-deux-mesures-a-l-assemblee-nationale\/214475\/#primaryimage"},"image":{"@id":"https:\/\/www.webdo.tn\/fr\/actualite\/international\/france-deux-poids-deux-mesures-a-l-assemblee-nationale\/214475\/#primaryimage"},"thumbnailUrl":"https:\/\/www.webdo.tn\/fr\/wp-content\/uploads\/2024\/05\/e656a527ba1f22088f971eb230a74d80.webp","datePublished":"2024-05-29T19:29:00+00:00","dateModified":"2025-05-20T22:55:03+00:00","description":"Le d\u00e9put\u00e9 S\u00e9bastien Delogu a \u00e9t\u00e9 s\u00e9v\u00e8rement sanctionn\u00e9 pour avoir brandi un drapeau palestinien \u00e0 l'Assembl\u00e9e nationale, avec une r\u00e9duction de moiti\u00e9 de son ind...","breadcrumb":{"@id":"https:\/\/www.webdo.tn\/fr\/actualite\/international\/france-deux-poids-deux-mesures-a-l-assemblee-nationale\/214475\/#breadcrumb"},"inLanguage":"fr-FR","potentialAction":[{"@type":"ReadAction","target":["https:\/\/www.webdo.tn\/fr\/actualite\/international\/france-deux-poids-deux-mesures-a-l-assemblee-nationale\/214475\/"]}]},{"@type":"ImageObject","inLanguage":"fr-FR","@id":"https:\/\/www.webdo.tn\/fr\/actualite\/international\/france-deux-poids-deux-mesures-a-l-assemblee-nationale\/214475\/#primaryimage","url":"https:\/\/www.webdo.tn\/fr\/wp-content\/uploads\/2024\/05\/e656a527ba1f22088f971eb230a74d80.webp","contentUrl":"https:\/\/www.webdo.tn\/fr\/wp-content\/uploads\/2024\/05\/e656a527ba1f22088f971eb230a74d80.webp","width":750,"height":400,"caption":"France : Deux poids deux mesures \u00e0 l'Assembl\u00e9e nationale"},{"@type":"BreadcrumbList","@id":"https:\/\/www.webdo.tn\/fr\/actualite\/international\/france-deux-poids-deux-mesures-a-l-assemblee-nationale\/214475\/#breadcrumb","itemListElement":[{"@type":"ListItem","position":1,"name":"Accueil","item":"https:\/\/www.webdo.tn\/fr\/"},{"@type":"ListItem","position":2,"name":"France : Deux poids deux mesures \u00e0 l&rsquo;Assembl\u00e9e nationale"}]},{"@type":"WebSite","@id":"https:\/\/www.webdo.tn\/fr\/#website","url":"https:\/\/www.webdo.tn\/fr\/","name":"webdo","description":"Tunisie - News en Tunisie et \u00e0 l&#039;international sur Webdo.tn","publisher":{"@id":"https:\/\/www.webdo.tn\/fr\/#organization"},"potentialAction":[{"@type":"SearchAction","target":{"@type":"EntryPoint","urlTemplate":"https:\/\/www.webdo.tn\/fr\/?s={search_term_string}"},"query-input":{"@type":"PropertyValueSpecification","valueRequired":true,"valueName":"search_term_string"}}],"inLanguage":"fr-FR"},{"@type":"Organization","@id":"https:\/\/www.webdo.tn\/fr\/#organization","name":"Webdo","alternateName":"Webdo.tn","url":"https:\/\/www.webdo.tn\/fr\/","logo":{"@type":"ImageObject","inLanguage":"fr-FR","@id":"https:\/\/www.webdo.tn\/fr\/#\/schema\/logo\/image\/","url":"https:\/\/www.webdo.tn\/fr\/wp-content\/uploads\/2025\/06\/Webdo-Tunisie_168377.jpg","contentUrl":"https:\/\/www.webdo.tn\/fr\/wp-content\/uploads\/2025\/06\/Webdo-Tunisie_168377.jpg","width":301,"height":301,"caption":"Webdo"},"image":{"@id":"https:\/\/www.webdo.tn\/fr\/#\/schema\/logo\/image\/"},"sameAs":["https:\/\/www.facebook.com\/webdotn","https:\/\/x.com\/webdo_tn"],"description":"Webdo est un m\u00e9dia num\u00e9rique tunisien fond\u00e9 en 2010, sp\u00e9cialis\u00e9 dans l\u2019actualit\u00e9 nationale et internationale, l\u2019\u00e9conomie, la soci\u00e9t\u00e9 et les analyses politiques. Le site s\u2019adresse \u00e0 un large public francophone et couvre l\u2019information tunisienne en temps r\u00e9el.","email":"redac@webdo.tn","legalName":"YNJ SARL","foundingDate":"2010-09-06","numberOfEmployees":{"@type":"QuantitativeValue","minValue":"11","maxValue":"50"}},{"@type":"Person","@id":"https:\/\/www.webdo.tn\/fr\/#\/schema\/person\/5e31e16733206869f020f456fc5fb2a2","name":"A.Z","image":{"@type":"ImageObject","inLanguage":"fr-FR","@id":"https:\/\/secure.gravatar.com\/avatar\/8cdcd492e610a81704472ae2ee8ccb9765700efa034e451c72584311d4c13cb1?s=96&d=mm&r=g","url":"https:\/\/secure.gravatar.com\/avatar\/8cdcd492e610a81704472ae2ee8ccb9765700efa034e451c72584311d4c13cb1?s=96&d=mm&r=g","contentUrl":"https:\/\/secure.gravatar.com\/avatar\/8cdcd492e610a81704472ae2ee8ccb9765700efa034e451c72584311d4c13cb1?s=96&d=mm&r=g","caption":"A.Z"},"url":"https:\/\/www.webdo.tn\/fr\/actualite\/author\/a-z\/"}]}},"_links":{"self":[{"href":"https:\/\/www.webdo.tn\/fr\/wp-json\/wp\/v2\/posts\/214475","targetHints":{"allow":["GET"]}}],"collection":[{"href":"https:\/\/www.webdo.tn\/fr\/wp-json\/wp\/v2\/posts"}],"about":[{"href":"https:\/\/www.webdo.tn\/fr\/wp-json\/wp\/v2\/types\/post"}],"author":[{"embeddable":true,"href":"https:\/\/www.webdo.tn\/fr\/wp-json\/wp\/v2\/users\/3180"}],"replies":[{"embeddable":true,"href":"https:\/\/www.webdo.tn\/fr\/wp-json\/wp\/v2\/comments?post=214475"}],"version-history":[{"count":0,"href":"https:\/\/www.webdo.tn\/fr\/wp-json\/wp\/v2\/posts\/214475\/revisions"}],"wp:featuredmedia":[{"embeddable":true,"href":"https:\/\/www.webdo.tn\/fr\/wp-json\/wp\/v2\/media\/247274"}],"wp:attachment":[{"href":"https:\/\/www.webdo.tn\/fr\/wp-json\/wp\/v2\/media?parent=214475"}],"wp:term":[{"taxonomy":"category","embeddable":true,"href":"https:\/\/www.webdo.tn\/fr\/wp-json\/wp\/v2\/categories?post=214475"},{"taxonomy":"post_tag","embeddable":true,"href":"https:\/\/www.webdo.tn\/fr\/wp-json\/wp\/v2\/tags?post=214475"}],"curies":[{"name":"wp","href":"https:\/\/api.w.org\/{rel}","templated":true}]}}