{"id":214468,"date":"2024-05-29T15:08:00","date_gmt":"2024-05-29T15:08:00","guid":{"rendered":"https:\/\/www.webdo.tn\/fr\/blog\/roland-garros-ons-jabeur-qualifiee-au-3e-tour\/214468\/"},"modified":"2025-06-04T18:08:36","modified_gmt":"2025-06-04T18:08:36","slug":"roland-garros-ons-jabeur-qualifiee-au-3e-tour-2","status":"publish","type":"post","link":"https:\/\/www.webdo.tn\/fr\/actualite\/sport\/roland-garros-ons-jabeur-qualifiee-au-3e-tour-2\/214468\/","title":{"rendered":"Roland Garros : Ons Jabeur qualifi\u00e9e au 3e tour"},"content":{"rendered":"<p>La tenniswoman tunisienne Ons Jabeur s\u2019est qualifi\u00e9e au 3e tour du tournoi de Roland Garros apr\u00e8s sa victoire face \u00e0 la Colombienne Maria Camila Osorio.<\/p>\n<p> La tenniswoman tunisienne Ons Jabeur, 9e WTA est sorti indemne du match pi\u00e8ge qui l\u2019a oppos\u00e9 \u00e0 la Colombienne Maria Camila Osorio Serrano, 77e WTA.<\/p>\n<p>Dans un match serr\u00e9, Ons Jabeur a \u00e9limin\u00e9 son adversaire en trois sets (6-3, 1-6, 6-3) et se qualifie au 3e tour (seizi\u00e8mes de finale).<\/p>\n<p>Au 1er tour, Ons Jabeur avait \u00e9limin\u00e9, lundi, l\u2019Am\u00e9ricaine Sachia Vickery, 124e au classement WTA, en deux sets (6-3, 6-2).<\/p>\n<p>Au prochain tour, la Tunisienne affrontera la vainqueure du duel qui oppose la Canadienne Leylah Annie Fernandez (34e WTA) \u00e0 la Chinoise Xiyu Wang (61e WTA).<\/p>\n","protected":false},"excerpt":{"rendered":"<p>La tenniswoman tunisienne Ons Jabeur, 9e WTA est sorti indemne du match pi\u00e8ge qui l\u2019a oppos\u00e9 \u00e0 la Colombienne Maria Camila Osorio Serrano, 77e WTA.<\/p>\n","protected":false},"author":3162,"featured_media":247273,"comment_status":"open","ping_status":"closed","sticky":false,"template":"","format":"standard","meta":{"footnotes":""},"categories":[2593],"tags":[2604,6366,2605],"class_list":["post-214468","post","type-post","status-publish","format-standard","has-post-thumbnail","hentry","category-sport","tag-ons-jabeur","tag-roland-garros","tag-tennis"],"yoast_head":"<!-- This site is optimized with the Yoast SEO Premium plugin v27.4 (Yoast SEO v27.5) - https:\/\/yoast.com\/product\/yoast-seo-premium-wordpress\/ -->\n<title>Roland Garros : Ons Jabeur qualifi\u00e9e au 3e tour<\/title>\n<meta name=\"description\" content=\"La tenniswoman tunisienne Ons Jabeur, 9e WTA est sorti indemne du match pi\u00e8ge qui l\u2019a oppos\u00e9 \u00e0 la Colombienne Maria Camila Osorio Serrano, 77e WTA.\" \/>\n<link rel=\"canonical\" href=\"https:\/\/www.webdo.tn\/fr\/actualite\/sport\/roland-garros-ons-jabeur-qualifiee-au-3e-tour-2\/214468\/\" \/>\n<meta property=\"og:locale\" content=\"fr_FR\" \/>\n<meta property=\"og:type\" content=\"article\" \/>\n<meta property=\"og:title\" content=\"Roland Garros : Ons Jabeur qualifi\u00e9e au 3e tour\" \/>\n<meta property=\"og:description\" content=\"La tenniswoman tunisienne Ons Jabeur, 9e WTA est sorti indemne du match pi\u00e8ge qui l\u2019a oppos\u00e9 \u00e0 la Colombienne Maria Camila Osorio Serrano, 77e WTA.\" \/>\n<meta property=\"og:url\" content=\"https:\/\/www.webdo.tn\/fr\/actualite\/sport\/roland-garros-ons-jabeur-qualifiee-au-3e-tour-2\/214468\/\" \/>\n<meta property=\"og:site_name\" content=\"webdo\" \/>\n<meta property=\"article:publisher\" content=\"https:\/\/www.facebook.com\/webdotn\" \/>\n<meta property=\"article:published_time\" content=\"2024-05-29T15:08:00+00:00\" \/>\n<meta property=\"article:modified_time\" content=\"2025-06-04T18:08:36+00:00\" \/>\n<meta property=\"og:image\" content=\"https:\/\/www.webdo.tn\/fr\/wp-content\/uploads\/2024\/05\/520a3e80282fa4f49af632a663bce8c8.webp\" \/>\n\t<meta property=\"og:image:width\" content=\"750\" \/>\n\t<meta property=\"og:image:height\" content=\"400\" \/>\n\t<meta property=\"og:image:type\" content=\"image\/webp\" \/>\n<meta name=\"author\" content=\"MC\" \/>\n<meta name=\"twitter:card\" content=\"summary_large_image\" \/>\n<meta name=\"twitter:creator\" content=\"@webdo_tn\" \/>\n<meta name=\"twitter:site\" content=\"@webdo_tn\" \/>\n<meta name=\"twitter:label1\" content=\"\u00c9crit par\" \/>\n\t<meta name=\"twitter:data1\" content=\"MC\" \/>\n\t<meta name=\"twitter:label2\" content=\"Dur\u00e9e de lecture estim\u00e9e\" \/>\n\t<meta name=\"twitter:data2\" content=\"1 minute\" \/>\n<script type=\"application\/ld+json\" class=\"yoast-schema-graph\">{\"@context\":\"https:\\\/\\\/schema.org\",\"@graph\":[{\"@type\":\"NewsArticle\",\"@id\":\"https:\\\/\\\/www.webdo.tn\\\/fr\\\/actualite\\\/sport\\\/roland-garros-ons-jabeur-qualifiee-au-3e-tour-2\\\/214468\\\/#article\",\"isPartOf\":{\"@id\":\"https:\\\/\\\/www.webdo.tn\\\/fr\\\/actualite\\\/sport\\\/roland-garros-ons-jabeur-qualifiee-au-3e-tour-2\\\/214468\\\/\"},\"author\":{\"name\":\"MC\",\"@id\":\"https:\\\/\\\/www.webdo.tn\\\/fr\\\/#\\\/schema\\\/person\\\/2c4929cbf5a809e3bd38617c6ce150f6\"},\"headline\":\"Roland Garros : Ons Jabeur qualifi\u00e9e au 3e tour\",\"datePublished\":\"2024-05-29T15:08:00+00:00\",\"dateModified\":\"2025-06-04T18:08:36+00:00\",\"mainEntityOfPage\":{\"@id\":\"https:\\\/\\\/www.webdo.tn\\\/fr\\\/actualite\\\/sport\\\/roland-garros-ons-jabeur-qualifiee-au-3e-tour-2\\\/214468\\\/\"},\"wordCount\":135,\"commentCount\":0,\"publisher\":{\"@id\":\"https:\\\/\\\/www.webdo.tn\\\/fr\\\/#organization\"},\"image\":{\"@id\":\"https:\\\/\\\/www.webdo.tn\\\/fr\\\/actualite\\\/sport\\\/roland-garros-ons-jabeur-qualifiee-au-3e-tour-2\\\/214468\\\/#primaryimage\"},\"thumbnailUrl\":\"https:\\\/\\\/www.webdo.tn\\\/fr\\\/wp-content\\\/uploads\\\/2024\\\/05\\\/520a3e80282fa4f49af632a663bce8c8.webp\",\"keywords\":[\"Ons Jabeur\",\"roland garros\",\"tennis\"],\"articleSection\":[\"Sport\"],\"inLanguage\":\"fr-FR\"},{\"@type\":\"WebPage\",\"@id\":\"https:\\\/\\\/www.webdo.tn\\\/fr\\\/actualite\\\/sport\\\/roland-garros-ons-jabeur-qualifiee-au-3e-tour-2\\\/214468\\\/\",\"url\":\"https:\\\/\\\/www.webdo.tn\\\/fr\\\/actualite\\\/sport\\\/roland-garros-ons-jabeur-qualifiee-au-3e-tour-2\\\/214468\\\/\",\"name\":\"Roland Garros : Ons Jabeur qualifi\u00e9e au 3e tour\",\"isPartOf\":{\"@id\":\"https:\\\/\\\/www.webdo.tn\\\/fr\\\/#website\"},\"primaryImageOfPage\":{\"@id\":\"https:\\\/\\\/www.webdo.tn\\\/fr\\\/actualite\\\/sport\\\/roland-garros-ons-jabeur-qualifiee-au-3e-tour-2\\\/214468\\\/#primaryimage\"},\"image\":{\"@id\":\"https:\\\/\\\/www.webdo.tn\\\/fr\\\/actualite\\\/sport\\\/roland-garros-ons-jabeur-qualifiee-au-3e-tour-2\\\/214468\\\/#primaryimage\"},\"thumbnailUrl\":\"https:\\\/\\\/www.webdo.tn\\\/fr\\\/wp-content\\\/uploads\\\/2024\\\/05\\\/520a3e80282fa4f49af632a663bce8c8.webp\",\"datePublished\":\"2024-05-29T15:08:00+00:00\",\"dateModified\":\"2025-06-04T18:08:36+00:00\",\"description\":\"La tenniswoman tunisienne Ons Jabeur, 9e WTA est sorti indemne du match pi\u00e8ge qui l\u2019a oppos\u00e9 \u00e0 la Colombienne Maria Camila Osorio Serrano, 77e WTA.\",\"breadcrumb\":{\"@id\":\"https:\\\/\\\/www.webdo.tn\\\/fr\\\/actualite\\\/sport\\\/roland-garros-ons-jabeur-qualifiee-au-3e-tour-2\\\/214468\\\/#breadcrumb\"},\"inLanguage\":\"fr-FR\",\"potentialAction\":[{\"@type\":\"ReadAction\",\"target\":[\"https:\\\/\\\/www.webdo.tn\\\/fr\\\/actualite\\\/sport\\\/roland-garros-ons-jabeur-qualifiee-au-3e-tour-2\\\/214468\\\/\"]}]},{\"@type\":\"ImageObject\",\"inLanguage\":\"fr-FR\",\"@id\":\"https:\\\/\\\/www.webdo.tn\\\/fr\\\/actualite\\\/sport\\\/roland-garros-ons-jabeur-qualifiee-au-3e-tour-2\\\/214468\\\/#primaryimage\",\"url\":\"https:\\\/\\\/www.webdo.tn\\\/fr\\\/wp-content\\\/uploads\\\/2024\\\/05\\\/520a3e80282fa4f49af632a663bce8c8.webp\",\"contentUrl\":\"https:\\\/\\\/www.webdo.tn\\\/fr\\\/wp-content\\\/uploads\\\/2024\\\/05\\\/520a3e80282fa4f49af632a663bce8c8.webp\",\"width\":750,\"height\":400,\"caption\":\"Roland Garros : Ons Jabeur qualifi\u00e9e au 3e tour\"},{\"@type\":\"BreadcrumbList\",\"@id\":\"https:\\\/\\\/www.webdo.tn\\\/fr\\\/actualite\\\/sport\\\/roland-garros-ons-jabeur-qualifiee-au-3e-tour-2\\\/214468\\\/#breadcrumb\",\"itemListElement\":[{\"@type\":\"ListItem\",\"position\":1,\"name\":\"Accueil\",\"item\":\"https:\\\/\\\/www.webdo.tn\\\/fr\\\/\"},{\"@type\":\"ListItem\",\"position\":2,\"name\":\"Roland Garros : Ons Jabeur qualifi\u00e9e au 3e tour\"}]},{\"@type\":\"WebSite\",\"@id\":\"https:\\\/\\\/www.webdo.tn\\\/fr\\\/#website\",\"url\":\"https:\\\/\\\/www.webdo.tn\\\/fr\\\/\",\"name\":\"webdo\",\"description\":\"Tunisie - News en Tunisie et \u00e0 l&#039;international sur Webdo.tn\",\"publisher\":{\"@id\":\"https:\\\/\\\/www.webdo.tn\\\/fr\\\/#organization\"},\"potentialAction\":[{\"@type\":\"SearchAction\",\"target\":{\"@type\":\"EntryPoint\",\"urlTemplate\":\"https:\\\/\\\/www.webdo.tn\\\/fr\\\/?s={search_term_string}\"},\"query-input\":{\"@type\":\"PropertyValueSpecification\",\"valueRequired\":true,\"valueName\":\"search_term_string\"}}],\"inLanguage\":\"fr-FR\"},{\"@type\":\"Organization\",\"@id\":\"https:\\\/\\\/www.webdo.tn\\\/fr\\\/#organization\",\"name\":\"Webdo\",\"alternateName\":\"Webdo.tn\",\"url\":\"https:\\\/\\\/www.webdo.tn\\\/fr\\\/\",\"logo\":{\"@type\":\"ImageObject\",\"inLanguage\":\"fr-FR\",\"@id\":\"https:\\\/\\\/www.webdo.tn\\\/fr\\\/#\\\/schema\\\/logo\\\/image\\\/\",\"url\":\"https:\\\/\\\/www.webdo.tn\\\/fr\\\/wp-content\\\/uploads\\\/2025\\\/06\\\/Webdo-Tunisie_168377.jpg\",\"contentUrl\":\"https:\\\/\\\/www.webdo.tn\\\/fr\\\/wp-content\\\/uploads\\\/2025\\\/06\\\/Webdo-Tunisie_168377.jpg\",\"width\":301,\"height\":301,\"caption\":\"Webdo\"},\"image\":{\"@id\":\"https:\\\/\\\/www.webdo.tn\\\/fr\\\/#\\\/schema\\\/logo\\\/image\\\/\"},\"sameAs\":[\"https:\\\/\\\/www.facebook.com\\\/webdotn\",\"https:\\\/\\\/x.com\\\/webdo_tn\"],\"description\":\"Webdo est un m\u00e9dia num\u00e9rique tunisien fond\u00e9 en 2010, sp\u00e9cialis\u00e9 dans l\u2019actualit\u00e9 nationale et internationale, l\u2019\u00e9conomie, la soci\u00e9t\u00e9 et les analyses politiques. Le site s\u2019adresse \u00e0 un large public francophone et couvre l\u2019information tunisienne en temps r\u00e9el.\",\"email\":\"redac@webdo.tn\",\"legalName\":\"YNJ SARL\",\"foundingDate\":\"2010-09-06\",\"numberOfEmployees\":{\"@type\":\"QuantitativeValue\",\"minValue\":\"11\",\"maxValue\":\"50\"}},{\"@type\":\"Person\",\"@id\":\"https:\\\/\\\/www.webdo.tn\\\/fr\\\/#\\\/schema\\\/person\\\/2c4929cbf5a809e3bd38617c6ce150f6\",\"name\":\"MC\",\"image\":{\"@type\":\"ImageObject\",\"inLanguage\":\"fr-FR\",\"@id\":\"https:\\\/\\\/secure.gravatar.com\\\/avatar\\\/a545bbb6f84efdd5553dbbc2895e3ca8f1d12c5215e00a041c9670b54aa9b18a?s=96&d=mm&r=g\",\"url\":\"https:\\\/\\\/secure.gravatar.com\\\/avatar\\\/a545bbb6f84efdd5553dbbc2895e3ca8f1d12c5215e00a041c9670b54aa9b18a?s=96&d=mm&r=g\",\"contentUrl\":\"https:\\\/\\\/secure.gravatar.com\\\/avatar\\\/a545bbb6f84efdd5553dbbc2895e3ca8f1d12c5215e00a041c9670b54aa9b18a?s=96&d=mm&r=g\",\"caption\":\"MC\"},\"url\":\"https:\\\/\\\/www.webdo.tn\\\/fr\\\/actualite\\\/author\\\/mc\\\/\"}]}<\/script>\n<!-- \/ Yoast SEO Premium plugin. -->","yoast_head_json":{"title":"Roland Garros : Ons Jabeur qualifi\u00e9e au 3e tour","description":"La tenniswoman tunisienne Ons Jabeur, 9e WTA est sorti indemne du match pi\u00e8ge qui l\u2019a oppos\u00e9 \u00e0 la Colombienne Maria Camila Osorio Serrano, 77e WTA.","canonical":"https:\/\/www.webdo.tn\/fr\/actualite\/sport\/roland-garros-ons-jabeur-qualifiee-au-3e-tour-2\/214468\/","og_locale":"fr_FR","og_type":"article","og_title":"Roland Garros : Ons Jabeur qualifi\u00e9e au 3e tour","og_description":"La tenniswoman tunisienne Ons Jabeur, 9e WTA est sorti indemne du match pi\u00e8ge qui l\u2019a oppos\u00e9 \u00e0 la Colombienne Maria Camila Osorio Serrano, 77e WTA.","og_url":"https:\/\/www.webdo.tn\/fr\/actualite\/sport\/roland-garros-ons-jabeur-qualifiee-au-3e-tour-2\/214468\/","og_site_name":"webdo","article_publisher":"https:\/\/www.facebook.com\/webdotn","article_published_time":"2024-05-29T15:08:00+00:00","article_modified_time":"2025-06-04T18:08:36+00:00","og_image":[{"width":750,"height":400,"url":"https:\/\/www.webdo.tn\/fr\/wp-content\/uploads\/2024\/05\/520a3e80282fa4f49af632a663bce8c8.webp","type":"image\/webp"}],"author":"MC","twitter_card":"summary_large_image","twitter_creator":"@webdo_tn","twitter_site":"@webdo_tn","twitter_misc":{"\u00c9crit par":"MC","Dur\u00e9e de lecture estim\u00e9e":"1 minute"},"schema":{"@context":"https:\/\/schema.org","@graph":[{"@type":"NewsArticle","@id":"https:\/\/www.webdo.tn\/fr\/actualite\/sport\/roland-garros-ons-jabeur-qualifiee-au-3e-tour-2\/214468\/#article","isPartOf":{"@id":"https:\/\/www.webdo.tn\/fr\/actualite\/sport\/roland-garros-ons-jabeur-qualifiee-au-3e-tour-2\/214468\/"},"author":{"name":"MC","@id":"https:\/\/www.webdo.tn\/fr\/#\/schema\/person\/2c4929cbf5a809e3bd38617c6ce150f6"},"headline":"Roland Garros : Ons Jabeur qualifi\u00e9e au 3e tour","datePublished":"2024-05-29T15:08:00+00:00","dateModified":"2025-06-04T18:08:36+00:00","mainEntityOfPage":{"@id":"https:\/\/www.webdo.tn\/fr\/actualite\/sport\/roland-garros-ons-jabeur-qualifiee-au-3e-tour-2\/214468\/"},"wordCount":135,"commentCount":0,"publisher":{"@id":"https:\/\/www.webdo.tn\/fr\/#organization"},"image":{"@id":"https:\/\/www.webdo.tn\/fr\/actualite\/sport\/roland-garros-ons-jabeur-qualifiee-au-3e-tour-2\/214468\/#primaryimage"},"thumbnailUrl":"https:\/\/www.webdo.tn\/fr\/wp-content\/uploads\/2024\/05\/520a3e80282fa4f49af632a663bce8c8.webp","keywords":["Ons Jabeur","roland garros","tennis"],"articleSection":["Sport"],"inLanguage":"fr-FR"},{"@type":"WebPage","@id":"https:\/\/www.webdo.tn\/fr\/actualite\/sport\/roland-garros-ons-jabeur-qualifiee-au-3e-tour-2\/214468\/","url":"https:\/\/www.webdo.tn\/fr\/actualite\/sport\/roland-garros-ons-jabeur-qualifiee-au-3e-tour-2\/214468\/","name":"Roland Garros : Ons Jabeur qualifi\u00e9e au 3e tour","isPartOf":{"@id":"https:\/\/www.webdo.tn\/fr\/#website"},"primaryImageOfPage":{"@id":"https:\/\/www.webdo.tn\/fr\/actualite\/sport\/roland-garros-ons-jabeur-qualifiee-au-3e-tour-2\/214468\/#primaryimage"},"image":{"@id":"https:\/\/www.webdo.tn\/fr\/actualite\/sport\/roland-garros-ons-jabeur-qualifiee-au-3e-tour-2\/214468\/#primaryimage"},"thumbnailUrl":"https:\/\/www.webdo.tn\/fr\/wp-content\/uploads\/2024\/05\/520a3e80282fa4f49af632a663bce8c8.webp","datePublished":"2024-05-29T15:08:00+00:00","dateModified":"2025-06-04T18:08:36+00:00","description":"La tenniswoman tunisienne Ons Jabeur, 9e WTA est sorti indemne du match pi\u00e8ge qui l\u2019a oppos\u00e9 \u00e0 la Colombienne Maria Camila Osorio Serrano, 77e WTA.","breadcrumb":{"@id":"https:\/\/www.webdo.tn\/fr\/actualite\/sport\/roland-garros-ons-jabeur-qualifiee-au-3e-tour-2\/214468\/#breadcrumb"},"inLanguage":"fr-FR","potentialAction":[{"@type":"ReadAction","target":["https:\/\/www.webdo.tn\/fr\/actualite\/sport\/roland-garros-ons-jabeur-qualifiee-au-3e-tour-2\/214468\/"]}]},{"@type":"ImageObject","inLanguage":"fr-FR","@id":"https:\/\/www.webdo.tn\/fr\/actualite\/sport\/roland-garros-ons-jabeur-qualifiee-au-3e-tour-2\/214468\/#primaryimage","url":"https:\/\/www.webdo.tn\/fr\/wp-content\/uploads\/2024\/05\/520a3e80282fa4f49af632a663bce8c8.webp","contentUrl":"https:\/\/www.webdo.tn\/fr\/wp-content\/uploads\/2024\/05\/520a3e80282fa4f49af632a663bce8c8.webp","width":750,"height":400,"caption":"Roland Garros : Ons Jabeur qualifi\u00e9e au 3e tour"},{"@type":"BreadcrumbList","@id":"https:\/\/www.webdo.tn\/fr\/actualite\/sport\/roland-garros-ons-jabeur-qualifiee-au-3e-tour-2\/214468\/#breadcrumb","itemListElement":[{"@type":"ListItem","position":1,"name":"Accueil","item":"https:\/\/www.webdo.tn\/fr\/"},{"@type":"ListItem","position":2,"name":"Roland Garros : Ons Jabeur qualifi\u00e9e au 3e tour"}]},{"@type":"WebSite","@id":"https:\/\/www.webdo.tn\/fr\/#website","url":"https:\/\/www.webdo.tn\/fr\/","name":"webdo","description":"Tunisie - News en Tunisie et \u00e0 l&#039;international sur Webdo.tn","publisher":{"@id":"https:\/\/www.webdo.tn\/fr\/#organization"},"potentialAction":[{"@type":"SearchAction","target":{"@type":"EntryPoint","urlTemplate":"https:\/\/www.webdo.tn\/fr\/?s={search_term_string}"},"query-input":{"@type":"PropertyValueSpecification","valueRequired":true,"valueName":"search_term_string"}}],"inLanguage":"fr-FR"},{"@type":"Organization","@id":"https:\/\/www.webdo.tn\/fr\/#organization","name":"Webdo","alternateName":"Webdo.tn","url":"https:\/\/www.webdo.tn\/fr\/","logo":{"@type":"ImageObject","inLanguage":"fr-FR","@id":"https:\/\/www.webdo.tn\/fr\/#\/schema\/logo\/image\/","url":"https:\/\/www.webdo.tn\/fr\/wp-content\/uploads\/2025\/06\/Webdo-Tunisie_168377.jpg","contentUrl":"https:\/\/www.webdo.tn\/fr\/wp-content\/uploads\/2025\/06\/Webdo-Tunisie_168377.jpg","width":301,"height":301,"caption":"Webdo"},"image":{"@id":"https:\/\/www.webdo.tn\/fr\/#\/schema\/logo\/image\/"},"sameAs":["https:\/\/www.facebook.com\/webdotn","https:\/\/x.com\/webdo_tn"],"description":"Webdo est un m\u00e9dia num\u00e9rique tunisien fond\u00e9 en 2010, sp\u00e9cialis\u00e9 dans l\u2019actualit\u00e9 nationale et internationale, l\u2019\u00e9conomie, la soci\u00e9t\u00e9 et les analyses politiques. Le site s\u2019adresse \u00e0 un large public francophone et couvre l\u2019information tunisienne en temps r\u00e9el.","email":"redac@webdo.tn","legalName":"YNJ SARL","foundingDate":"2010-09-06","numberOfEmployees":{"@type":"QuantitativeValue","minValue":"11","maxValue":"50"}},{"@type":"Person","@id":"https:\/\/www.webdo.tn\/fr\/#\/schema\/person\/2c4929cbf5a809e3bd38617c6ce150f6","name":"MC","image":{"@type":"ImageObject","inLanguage":"fr-FR","@id":"https:\/\/secure.gravatar.com\/avatar\/a545bbb6f84efdd5553dbbc2895e3ca8f1d12c5215e00a041c9670b54aa9b18a?s=96&d=mm&r=g","url":"https:\/\/secure.gravatar.com\/avatar\/a545bbb6f84efdd5553dbbc2895e3ca8f1d12c5215e00a041c9670b54aa9b18a?s=96&d=mm&r=g","contentUrl":"https:\/\/secure.gravatar.com\/avatar\/a545bbb6f84efdd5553dbbc2895e3ca8f1d12c5215e00a041c9670b54aa9b18a?s=96&d=mm&r=g","caption":"MC"},"url":"https:\/\/www.webdo.tn\/fr\/actualite\/author\/mc\/"}]}},"_links":{"self":[{"href":"https:\/\/www.webdo.tn\/fr\/wp-json\/wp\/v2\/posts\/214468","targetHints":{"allow":["GET"]}}],"collection":[{"href":"https:\/\/www.webdo.tn\/fr\/wp-json\/wp\/v2\/posts"}],"about":[{"href":"https:\/\/www.webdo.tn\/fr\/wp-json\/wp\/v2\/types\/post"}],"author":[{"embeddable":true,"href":"https:\/\/www.webdo.tn\/fr\/wp-json\/wp\/v2\/users\/3162"}],"replies":[{"embeddable":true,"href":"https:\/\/www.webdo.tn\/fr\/wp-json\/wp\/v2\/comments?post=214468"}],"version-history":[{"count":0,"href":"https:\/\/www.webdo.tn\/fr\/wp-json\/wp\/v2\/posts\/214468\/revisions"}],"wp:featuredmedia":[{"embeddable":true,"href":"https:\/\/www.webdo.tn\/fr\/wp-json\/wp\/v2\/media\/247273"}],"wp:attachment":[{"href":"https:\/\/www.webdo.tn\/fr\/wp-json\/wp\/v2\/media?parent=214468"}],"wp:term":[{"taxonomy":"category","embeddable":true,"href":"https:\/\/www.webdo.tn\/fr\/wp-json\/wp\/v2\/categories?post=214468"},{"taxonomy":"post_tag","embeddable":true,"href":"https:\/\/www.webdo.tn\/fr\/wp-json\/wp\/v2\/tags?post=214468"}],"curies":[{"name":"wp","href":"https:\/\/api.w.org\/{rel}","templated":true}]}}