{"id":214457,"date":"2024-05-29T09:21:00","date_gmt":"2024-05-29T09:21:00","guid":{"rendered":"https:\/\/www.webdo.tn\/fr\/blog\/une-militante-de-la-societe-civile-condamnee-a-deux-mois-de-prison\/214457\/"},"modified":"2025-05-20T22:33:56","modified_gmt":"2025-05-20T22:33:56","slug":"une-militante-de-la-societe-civile-condamnee-a-deux-mois-de-prison","status":"publish","type":"post","link":"https:\/\/www.webdo.tn\/fr\/actualite\/national\/une-militante-de-la-societe-civile-condamnee-a-deux-mois-de-prison\/214457\/","title":{"rendered":"Tunisie : Une militante de la soci\u00e9t\u00e9 civile condamn\u00e9e \u00e0 deux mois de prison"},"content":{"rendered":"<p>La militante de la soci\u00e9t\u00e9 civile, Thouraya Ferchichi, arr\u00eat\u00e9e le 20 mai dernier suite \u00e0 une plainte de l&rsquo;h\u00f4pital r\u00e9gional de Kasserine, a \u00e9t\u00e9 condamn\u00e9e \u00e0 une peine de deux mois de prison et \u00e0 une amende.<\/p>\n<p>\t\t\t\t\t\t\t\t\tLa Cour de premi\u00e8re instance de Kasserine a condamn\u00e9, ce mardi 28 mai 2024, la militante de la soci\u00e9t\u00e9 civile, Thouraya Ferchichi \u00e0 une peine de deux mois de prison et \u00e0 une amende de 2000 dinars, assortie d\u2019une interdiction de t\u00e9moigner pendant cinq ans, dans le cadre d\u2019une affaire relevant du d\u00e9cret 54.<\/p>\n<p>Le porte-parole des tribunaux de Kasserine, Riadh Nouioua, a \u00e9galement annonc\u00e9 le report d\u2019une autre affaire relevant du d\u00e9cret 54, pour laquelle la m\u00eame militante comparaissait en \u00e9tat de libert\u00e9.<\/p>\n<p>Arr\u00eat\u00e9e le 20 mai dernier suite \u00e0 une plainte de l&rsquo;h\u00f4pital r\u00e9gional de Kasserine, Thouraya Ferchichi a fait l\u2019objet d\u2019un mandat de d\u00e9p\u00f4t d\u00e9livr\u00e9, jeudi 23 mai par le minist\u00e8re public pr\u00e8s le Tribunal de premi\u00e8re instance de Kasserine.<\/p>\n<p>Le mandat de d\u00e9p\u00f4t a \u00e9t\u00e9 d\u00e9livr\u00e9 en vertu de l&rsquo;article 24 du d\u00e9cret 54 relatif \u00e0 la \u00ab\u00a0propagation de rumeurs et de fausses informations, visant \u00e0 nuire \u00e0 la s\u00e9curit\u00e9 publique\u00a0\u00bb. Rumeur selon laquelle \u00ab\u00a0une charrette avec un cadavre \u00e0 bord a \u00e9t\u00e9 vol\u00e9e dans le hall de l&rsquo;h\u00f4pital r\u00e9gional de Kasserine\u00a0\u00bb.<\/p>\n","protected":false},"excerpt":{"rendered":"<p>La Cour de premi\u00e8re instance de Kasserine a condamn\u00e9, ce mardi 28 mai 2024, la militante de la soci\u00e9t\u00e9 civile, Thouraya Ferchichi \u00e0 une peine de deux mois de pr&#8230;<\/p>\n","protected":false},"author":3169,"featured_media":290652,"comment_status":"open","ping_status":"closed","sticky":false,"template":"","format":"standard","meta":{"footnotes":""},"categories":[44],"tags":[10215,2835,3284,2619,2744],"class_list":["post-214457","post","type-post","status-publish","format-standard","has-post-thumbnail","hentry","category-national","tag-militante","tag-condamnation","tag-decret-54","tag-justice","tag-kasserine"],"yoast_head":"<!-- This site is optimized with the Yoast SEO Premium plugin v27.5 (Yoast SEO v27.5) - https:\/\/yoast.com\/product\/yoast-seo-premium-wordpress\/ -->\n<title>Tunisie : Une militante de la soci\u00e9t\u00e9 civile condamn\u00e9e \u00e0 deux mois de prison<\/title>\n<meta name=\"description\" content=\"La Cour de premi\u00e8re instance de Kasserine a condamn\u00e9, ce mardi 28 mai 2024, la militante de la soci\u00e9t\u00e9 civile, Thouraya Ferchichi \u00e0 une peine de deux mois de pr...\" \/>\n<link rel=\"canonical\" href=\"https:\/\/www.webdo.tn\/fr\/actualite\/national\/une-militante-de-la-societe-civile-condamnee-a-deux-mois-de-prison\/214457\/\" \/>\n<meta property=\"og:locale\" content=\"fr_FR\" \/>\n<meta property=\"og:type\" content=\"article\" \/>\n<meta property=\"og:title\" content=\"Tunisie : Une militante de la soci\u00e9t\u00e9 civile condamn\u00e9e \u00e0 deux mois de prison\" \/>\n<meta property=\"og:description\" content=\"La Cour de premi\u00e8re instance de Kasserine a condamn\u00e9, ce mardi 28 mai 2024, la militante de la soci\u00e9t\u00e9 civile, Thouraya Ferchichi \u00e0 une peine de deux mois de pr...\" \/>\n<meta property=\"og:url\" content=\"https:\/\/www.webdo.tn\/fr\/actualite\/national\/une-militante-de-la-societe-civile-condamnee-a-deux-mois-de-prison\/214457\/\" \/>\n<meta property=\"og:site_name\" content=\"webdo\" \/>\n<meta property=\"article:publisher\" content=\"https:\/\/www.facebook.com\/webdotn\" \/>\n<meta property=\"article:published_time\" content=\"2024-05-29T09:21:00+00:00\" \/>\n<meta property=\"article:modified_time\" content=\"2025-05-20T22:33:56+00:00\" \/>\n<meta property=\"og:image\" content=\"https:\/\/www.webdo.tn\/fr\/wp-content\/uploads\/2024\/05\/d0ad2b5d6b6234e105ab6fbd98059f6e.webp\" \/>\n\t<meta property=\"og:image:width\" content=\"750\" \/>\n\t<meta property=\"og:image:height\" content=\"400\" \/>\n\t<meta property=\"og:image:type\" content=\"image\/webp\" \/>\n<meta name=\"author\" content=\"Webdo\" \/>\n<meta name=\"twitter:card\" content=\"summary_large_image\" \/>\n<meta name=\"twitter:creator\" content=\"@webdo_tn\" \/>\n<meta name=\"twitter:site\" content=\"@webdo_tn\" \/>\n<meta name=\"twitter:label1\" content=\"\u00c9crit par\" \/>\n\t<meta name=\"twitter:data1\" content=\"Webdo\" \/>\n\t<meta name=\"twitter:label2\" content=\"Dur\u00e9e de lecture estim\u00e9e\" \/>\n\t<meta name=\"twitter:data2\" content=\"1 minute\" \/>\n<script type=\"application\/ld+json\" class=\"yoast-schema-graph\">{\"@context\":\"https:\\\/\\\/schema.org\",\"@graph\":[{\"@type\":\"NewsArticle\",\"@id\":\"https:\\\/\\\/www.webdo.tn\\\/fr\\\/actualite\\\/national\\\/une-militante-de-la-societe-civile-condamnee-a-deux-mois-de-prison\\\/214457\\\/#article\",\"isPartOf\":{\"@id\":\"https:\\\/\\\/www.webdo.tn\\\/fr\\\/actualite\\\/national\\\/une-militante-de-la-societe-civile-condamnee-a-deux-mois-de-prison\\\/214457\\\/\"},\"author\":{\"name\":\"Webdo\",\"@id\":\"https:\\\/\\\/www.webdo.tn\\\/fr\\\/#\\\/schema\\\/person\\\/1f4e491e0907b413d61089e8eb573acc\"},\"headline\":\"Tunisie : Une militante de la soci\u00e9t\u00e9 civile condamn\u00e9e \u00e0 deux mois de prison\",\"datePublished\":\"2024-05-29T09:21:00+00:00\",\"dateModified\":\"2025-05-20T22:33:56+00:00\",\"mainEntityOfPage\":{\"@id\":\"https:\\\/\\\/www.webdo.tn\\\/fr\\\/actualite\\\/national\\\/une-militante-de-la-societe-civile-condamnee-a-deux-mois-de-prison\\\/214457\\\/\"},\"wordCount\":246,\"commentCount\":0,\"publisher\":{\"@id\":\"https:\\\/\\\/www.webdo.tn\\\/fr\\\/#organization\"},\"image\":{\"@id\":\"https:\\\/\\\/www.webdo.tn\\\/fr\\\/actualite\\\/national\\\/une-militante-de-la-societe-civile-condamnee-a-deux-mois-de-prison\\\/214457\\\/#primaryimage\"},\"thumbnailUrl\":\"https:\\\/\\\/www.webdo.tn\\\/fr\\\/wp-content\\\/uploads\\\/2024\\\/05\\\/d0ad2b5d6b6234e105ab6fbd98059f6e.webp\",\"keywords\":[\"'militante']\",\"condamnation\",\"d\u00e9cret 54\",\"justice\",\"Kasserine\"],\"articleSection\":[\"National\"],\"inLanguage\":\"fr-FR\"},{\"@type\":\"WebPage\",\"@id\":\"https:\\\/\\\/www.webdo.tn\\\/fr\\\/actualite\\\/national\\\/une-militante-de-la-societe-civile-condamnee-a-deux-mois-de-prison\\\/214457\\\/\",\"url\":\"https:\\\/\\\/www.webdo.tn\\\/fr\\\/actualite\\\/national\\\/une-militante-de-la-societe-civile-condamnee-a-deux-mois-de-prison\\\/214457\\\/\",\"name\":\"Tunisie : Une militante de la soci\u00e9t\u00e9 civile condamn\u00e9e \u00e0 deux mois de prison\",\"isPartOf\":{\"@id\":\"https:\\\/\\\/www.webdo.tn\\\/fr\\\/#website\"},\"primaryImageOfPage\":{\"@id\":\"https:\\\/\\\/www.webdo.tn\\\/fr\\\/actualite\\\/national\\\/une-militante-de-la-societe-civile-condamnee-a-deux-mois-de-prison\\\/214457\\\/#primaryimage\"},\"image\":{\"@id\":\"https:\\\/\\\/www.webdo.tn\\\/fr\\\/actualite\\\/national\\\/une-militante-de-la-societe-civile-condamnee-a-deux-mois-de-prison\\\/214457\\\/#primaryimage\"},\"thumbnailUrl\":\"https:\\\/\\\/www.webdo.tn\\\/fr\\\/wp-content\\\/uploads\\\/2024\\\/05\\\/d0ad2b5d6b6234e105ab6fbd98059f6e.webp\",\"datePublished\":\"2024-05-29T09:21:00+00:00\",\"dateModified\":\"2025-05-20T22:33:56+00:00\",\"description\":\"La Cour de premi\u00e8re instance de Kasserine a condamn\u00e9, ce mardi 28 mai 2024, la militante de la soci\u00e9t\u00e9 civile, Thouraya Ferchichi \u00e0 une peine de deux mois de pr...\",\"breadcrumb\":{\"@id\":\"https:\\\/\\\/www.webdo.tn\\\/fr\\\/actualite\\\/national\\\/une-militante-de-la-societe-civile-condamnee-a-deux-mois-de-prison\\\/214457\\\/#breadcrumb\"},\"inLanguage\":\"fr-FR\",\"potentialAction\":[{\"@type\":\"ReadAction\",\"target\":[\"https:\\\/\\\/www.webdo.tn\\\/fr\\\/actualite\\\/national\\\/une-militante-de-la-societe-civile-condamnee-a-deux-mois-de-prison\\\/214457\\\/\"]}]},{\"@type\":\"ImageObject\",\"inLanguage\":\"fr-FR\",\"@id\":\"https:\\\/\\\/www.webdo.tn\\\/fr\\\/actualite\\\/national\\\/une-militante-de-la-societe-civile-condamnee-a-deux-mois-de-prison\\\/214457\\\/#primaryimage\",\"url\":\"https:\\\/\\\/www.webdo.tn\\\/fr\\\/wp-content\\\/uploads\\\/2024\\\/05\\\/d0ad2b5d6b6234e105ab6fbd98059f6e.webp\",\"contentUrl\":\"https:\\\/\\\/www.webdo.tn\\\/fr\\\/wp-content\\\/uploads\\\/2024\\\/05\\\/d0ad2b5d6b6234e105ab6fbd98059f6e.webp\",\"width\":750,\"height\":400,\"caption\":\"Tunisie : Une militante de la soci\u00e9t\u00e9 civile condamn\u00e9e \u00e0 deux mois de prison\"},{\"@type\":\"BreadcrumbList\",\"@id\":\"https:\\\/\\\/www.webdo.tn\\\/fr\\\/actualite\\\/national\\\/une-militante-de-la-societe-civile-condamnee-a-deux-mois-de-prison\\\/214457\\\/#breadcrumb\",\"itemListElement\":[{\"@type\":\"ListItem\",\"position\":1,\"name\":\"Accueil\",\"item\":\"https:\\\/\\\/www.webdo.tn\\\/fr\\\/\"},{\"@type\":\"ListItem\",\"position\":2,\"name\":\"Tunisie : Une militante de la soci\u00e9t\u00e9 civile condamn\u00e9e \u00e0 deux mois de prison\"}]},{\"@type\":\"WebSite\",\"@id\":\"https:\\\/\\\/www.webdo.tn\\\/fr\\\/#website\",\"url\":\"https:\\\/\\\/www.webdo.tn\\\/fr\\\/\",\"name\":\"webdo\",\"description\":\"Tunisie - News en Tunisie et \u00e0 l&#039;international sur Webdo.tn\",\"publisher\":{\"@id\":\"https:\\\/\\\/www.webdo.tn\\\/fr\\\/#organization\"},\"potentialAction\":[{\"@type\":\"SearchAction\",\"target\":{\"@type\":\"EntryPoint\",\"urlTemplate\":\"https:\\\/\\\/www.webdo.tn\\\/fr\\\/?s={search_term_string}\"},\"query-input\":{\"@type\":\"PropertyValueSpecification\",\"valueRequired\":true,\"valueName\":\"search_term_string\"}}],\"inLanguage\":\"fr-FR\"},{\"@type\":\"Organization\",\"@id\":\"https:\\\/\\\/www.webdo.tn\\\/fr\\\/#organization\",\"name\":\"Webdo\",\"alternateName\":\"Webdo.tn\",\"url\":\"https:\\\/\\\/www.webdo.tn\\\/fr\\\/\",\"logo\":{\"@type\":\"ImageObject\",\"inLanguage\":\"fr-FR\",\"@id\":\"https:\\\/\\\/www.webdo.tn\\\/fr\\\/#\\\/schema\\\/logo\\\/image\\\/\",\"url\":\"https:\\\/\\\/www.webdo.tn\\\/fr\\\/wp-content\\\/uploads\\\/2025\\\/06\\\/Webdo-Tunisie_168377.jpg\",\"contentUrl\":\"https:\\\/\\\/www.webdo.tn\\\/fr\\\/wp-content\\\/uploads\\\/2025\\\/06\\\/Webdo-Tunisie_168377.jpg\",\"width\":301,\"height\":301,\"caption\":\"Webdo\"},\"image\":{\"@id\":\"https:\\\/\\\/www.webdo.tn\\\/fr\\\/#\\\/schema\\\/logo\\\/image\\\/\"},\"sameAs\":[\"https:\\\/\\\/www.facebook.com\\\/webdotn\",\"https:\\\/\\\/x.com\\\/webdo_tn\"],\"description\":\"Webdo est un m\u00e9dia num\u00e9rique tunisien fond\u00e9 en 2010, sp\u00e9cialis\u00e9 dans l\u2019actualit\u00e9 nationale et internationale, l\u2019\u00e9conomie, la soci\u00e9t\u00e9 et les analyses politiques. Le site s\u2019adresse \u00e0 un large public francophone et couvre l\u2019information tunisienne en temps r\u00e9el.\",\"email\":\"redac@webdo.tn\",\"legalName\":\"YNJ SARL\",\"foundingDate\":\"2010-09-06\",\"numberOfEmployees\":{\"@type\":\"QuantitativeValue\",\"minValue\":\"11\",\"maxValue\":\"50\"}},{\"@type\":\"Person\",\"@id\":\"https:\\\/\\\/www.webdo.tn\\\/fr\\\/#\\\/schema\\\/person\\\/1f4e491e0907b413d61089e8eb573acc\",\"name\":\"Webdo\",\"image\":{\"@type\":\"ImageObject\",\"inLanguage\":\"fr-FR\",\"@id\":\"https:\\\/\\\/secure.gravatar.com\\\/avatar\\\/de97aeec1bb80978a9dbb127e47dfc88aaacb2f3c29aac907d8d3222e3495d49?s=96&d=mm&r=g\",\"url\":\"https:\\\/\\\/secure.gravatar.com\\\/avatar\\\/de97aeec1bb80978a9dbb127e47dfc88aaacb2f3c29aac907d8d3222e3495d49?s=96&d=mm&r=g\",\"contentUrl\":\"https:\\\/\\\/secure.gravatar.com\\\/avatar\\\/de97aeec1bb80978a9dbb127e47dfc88aaacb2f3c29aac907d8d3222e3495d49?s=96&d=mm&r=g\",\"caption\":\"Webdo\"},\"url\":\"https:\\\/\\\/www.webdo.tn\\\/fr\\\/actualite\\\/author\\\/webdo\\\/\"}]}<\/script>\n<!-- \/ Yoast SEO Premium plugin. -->","yoast_head_json":{"title":"Tunisie : Une militante de la soci\u00e9t\u00e9 civile condamn\u00e9e \u00e0 deux mois de prison","description":"La Cour de premi\u00e8re instance de Kasserine a condamn\u00e9, ce mardi 28 mai 2024, la militante de la soci\u00e9t\u00e9 civile, Thouraya Ferchichi \u00e0 une peine de deux mois de pr...","canonical":"https:\/\/www.webdo.tn\/fr\/actualite\/national\/une-militante-de-la-societe-civile-condamnee-a-deux-mois-de-prison\/214457\/","og_locale":"fr_FR","og_type":"article","og_title":"Tunisie : Une militante de la soci\u00e9t\u00e9 civile condamn\u00e9e \u00e0 deux mois de prison","og_description":"La Cour de premi\u00e8re instance de Kasserine a condamn\u00e9, ce mardi 28 mai 2024, la militante de la soci\u00e9t\u00e9 civile, Thouraya Ferchichi \u00e0 une peine de deux mois de pr...","og_url":"https:\/\/www.webdo.tn\/fr\/actualite\/national\/une-militante-de-la-societe-civile-condamnee-a-deux-mois-de-prison\/214457\/","og_site_name":"webdo","article_publisher":"https:\/\/www.facebook.com\/webdotn","article_published_time":"2024-05-29T09:21:00+00:00","article_modified_time":"2025-05-20T22:33:56+00:00","og_image":[{"width":750,"height":400,"url":"https:\/\/www.webdo.tn\/fr\/wp-content\/uploads\/2024\/05\/d0ad2b5d6b6234e105ab6fbd98059f6e.webp","type":"image\/webp"}],"author":"Webdo","twitter_card":"summary_large_image","twitter_creator":"@webdo_tn","twitter_site":"@webdo_tn","twitter_misc":{"\u00c9crit par":"Webdo","Dur\u00e9e de lecture estim\u00e9e":"1 minute"},"schema":{"@context":"https:\/\/schema.org","@graph":[{"@type":"NewsArticle","@id":"https:\/\/www.webdo.tn\/fr\/actualite\/national\/une-militante-de-la-societe-civile-condamnee-a-deux-mois-de-prison\/214457\/#article","isPartOf":{"@id":"https:\/\/www.webdo.tn\/fr\/actualite\/national\/une-militante-de-la-societe-civile-condamnee-a-deux-mois-de-prison\/214457\/"},"author":{"name":"Webdo","@id":"https:\/\/www.webdo.tn\/fr\/#\/schema\/person\/1f4e491e0907b413d61089e8eb573acc"},"headline":"Tunisie : Une militante de la soci\u00e9t\u00e9 civile condamn\u00e9e \u00e0 deux mois de prison","datePublished":"2024-05-29T09:21:00+00:00","dateModified":"2025-05-20T22:33:56+00:00","mainEntityOfPage":{"@id":"https:\/\/www.webdo.tn\/fr\/actualite\/national\/une-militante-de-la-societe-civile-condamnee-a-deux-mois-de-prison\/214457\/"},"wordCount":246,"commentCount":0,"publisher":{"@id":"https:\/\/www.webdo.tn\/fr\/#organization"},"image":{"@id":"https:\/\/www.webdo.tn\/fr\/actualite\/national\/une-militante-de-la-societe-civile-condamnee-a-deux-mois-de-prison\/214457\/#primaryimage"},"thumbnailUrl":"https:\/\/www.webdo.tn\/fr\/wp-content\/uploads\/2024\/05\/d0ad2b5d6b6234e105ab6fbd98059f6e.webp","keywords":["'militante']","condamnation","d\u00e9cret 54","justice","Kasserine"],"articleSection":["National"],"inLanguage":"fr-FR"},{"@type":"WebPage","@id":"https:\/\/www.webdo.tn\/fr\/actualite\/national\/une-militante-de-la-societe-civile-condamnee-a-deux-mois-de-prison\/214457\/","url":"https:\/\/www.webdo.tn\/fr\/actualite\/national\/une-militante-de-la-societe-civile-condamnee-a-deux-mois-de-prison\/214457\/","name":"Tunisie : Une militante de la soci\u00e9t\u00e9 civile condamn\u00e9e \u00e0 deux mois de prison","isPartOf":{"@id":"https:\/\/www.webdo.tn\/fr\/#website"},"primaryImageOfPage":{"@id":"https:\/\/www.webdo.tn\/fr\/actualite\/national\/une-militante-de-la-societe-civile-condamnee-a-deux-mois-de-prison\/214457\/#primaryimage"},"image":{"@id":"https:\/\/www.webdo.tn\/fr\/actualite\/national\/une-militante-de-la-societe-civile-condamnee-a-deux-mois-de-prison\/214457\/#primaryimage"},"thumbnailUrl":"https:\/\/www.webdo.tn\/fr\/wp-content\/uploads\/2024\/05\/d0ad2b5d6b6234e105ab6fbd98059f6e.webp","datePublished":"2024-05-29T09:21:00+00:00","dateModified":"2025-05-20T22:33:56+00:00","description":"La Cour de premi\u00e8re instance de Kasserine a condamn\u00e9, ce mardi 28 mai 2024, la militante de la soci\u00e9t\u00e9 civile, Thouraya Ferchichi \u00e0 une peine de deux mois de pr...","breadcrumb":{"@id":"https:\/\/www.webdo.tn\/fr\/actualite\/national\/une-militante-de-la-societe-civile-condamnee-a-deux-mois-de-prison\/214457\/#breadcrumb"},"inLanguage":"fr-FR","potentialAction":[{"@type":"ReadAction","target":["https:\/\/www.webdo.tn\/fr\/actualite\/national\/une-militante-de-la-societe-civile-condamnee-a-deux-mois-de-prison\/214457\/"]}]},{"@type":"ImageObject","inLanguage":"fr-FR","@id":"https:\/\/www.webdo.tn\/fr\/actualite\/national\/une-militante-de-la-societe-civile-condamnee-a-deux-mois-de-prison\/214457\/#primaryimage","url":"https:\/\/www.webdo.tn\/fr\/wp-content\/uploads\/2024\/05\/d0ad2b5d6b6234e105ab6fbd98059f6e.webp","contentUrl":"https:\/\/www.webdo.tn\/fr\/wp-content\/uploads\/2024\/05\/d0ad2b5d6b6234e105ab6fbd98059f6e.webp","width":750,"height":400,"caption":"Tunisie : Une militante de la soci\u00e9t\u00e9 civile condamn\u00e9e \u00e0 deux mois de prison"},{"@type":"BreadcrumbList","@id":"https:\/\/www.webdo.tn\/fr\/actualite\/national\/une-militante-de-la-societe-civile-condamnee-a-deux-mois-de-prison\/214457\/#breadcrumb","itemListElement":[{"@type":"ListItem","position":1,"name":"Accueil","item":"https:\/\/www.webdo.tn\/fr\/"},{"@type":"ListItem","position":2,"name":"Tunisie : Une militante de la soci\u00e9t\u00e9 civile condamn\u00e9e \u00e0 deux mois de prison"}]},{"@type":"WebSite","@id":"https:\/\/www.webdo.tn\/fr\/#website","url":"https:\/\/www.webdo.tn\/fr\/","name":"webdo","description":"Tunisie - News en Tunisie et \u00e0 l&#039;international sur Webdo.tn","publisher":{"@id":"https:\/\/www.webdo.tn\/fr\/#organization"},"potentialAction":[{"@type":"SearchAction","target":{"@type":"EntryPoint","urlTemplate":"https:\/\/www.webdo.tn\/fr\/?s={search_term_string}"},"query-input":{"@type":"PropertyValueSpecification","valueRequired":true,"valueName":"search_term_string"}}],"inLanguage":"fr-FR"},{"@type":"Organization","@id":"https:\/\/www.webdo.tn\/fr\/#organization","name":"Webdo","alternateName":"Webdo.tn","url":"https:\/\/www.webdo.tn\/fr\/","logo":{"@type":"ImageObject","inLanguage":"fr-FR","@id":"https:\/\/www.webdo.tn\/fr\/#\/schema\/logo\/image\/","url":"https:\/\/www.webdo.tn\/fr\/wp-content\/uploads\/2025\/06\/Webdo-Tunisie_168377.jpg","contentUrl":"https:\/\/www.webdo.tn\/fr\/wp-content\/uploads\/2025\/06\/Webdo-Tunisie_168377.jpg","width":301,"height":301,"caption":"Webdo"},"image":{"@id":"https:\/\/www.webdo.tn\/fr\/#\/schema\/logo\/image\/"},"sameAs":["https:\/\/www.facebook.com\/webdotn","https:\/\/x.com\/webdo_tn"],"description":"Webdo est un m\u00e9dia num\u00e9rique tunisien fond\u00e9 en 2010, sp\u00e9cialis\u00e9 dans l\u2019actualit\u00e9 nationale et internationale, l\u2019\u00e9conomie, la soci\u00e9t\u00e9 et les analyses politiques. Le site s\u2019adresse \u00e0 un large public francophone et couvre l\u2019information tunisienne en temps r\u00e9el.","email":"redac@webdo.tn","legalName":"YNJ SARL","foundingDate":"2010-09-06","numberOfEmployees":{"@type":"QuantitativeValue","minValue":"11","maxValue":"50"}},{"@type":"Person","@id":"https:\/\/www.webdo.tn\/fr\/#\/schema\/person\/1f4e491e0907b413d61089e8eb573acc","name":"Webdo","image":{"@type":"ImageObject","inLanguage":"fr-FR","@id":"https:\/\/secure.gravatar.com\/avatar\/de97aeec1bb80978a9dbb127e47dfc88aaacb2f3c29aac907d8d3222e3495d49?s=96&d=mm&r=g","url":"https:\/\/secure.gravatar.com\/avatar\/de97aeec1bb80978a9dbb127e47dfc88aaacb2f3c29aac907d8d3222e3495d49?s=96&d=mm&r=g","contentUrl":"https:\/\/secure.gravatar.com\/avatar\/de97aeec1bb80978a9dbb127e47dfc88aaacb2f3c29aac907d8d3222e3495d49?s=96&d=mm&r=g","caption":"Webdo"},"url":"https:\/\/www.webdo.tn\/fr\/actualite\/author\/webdo\/"}]}},"_links":{"self":[{"href":"https:\/\/www.webdo.tn\/fr\/wp-json\/wp\/v2\/posts\/214457","targetHints":{"allow":["GET"]}}],"collection":[{"href":"https:\/\/www.webdo.tn\/fr\/wp-json\/wp\/v2\/posts"}],"about":[{"href":"https:\/\/www.webdo.tn\/fr\/wp-json\/wp\/v2\/types\/post"}],"author":[{"embeddable":true,"href":"https:\/\/www.webdo.tn\/fr\/wp-json\/wp\/v2\/users\/3169"}],"replies":[{"embeddable":true,"href":"https:\/\/www.webdo.tn\/fr\/wp-json\/wp\/v2\/comments?post=214457"}],"version-history":[{"count":0,"href":"https:\/\/www.webdo.tn\/fr\/wp-json\/wp\/v2\/posts\/214457\/revisions"}],"wp:featuredmedia":[{"embeddable":true,"href":"https:\/\/www.webdo.tn\/fr\/wp-json\/wp\/v2\/media\/290652"}],"wp:attachment":[{"href":"https:\/\/www.webdo.tn\/fr\/wp-json\/wp\/v2\/media?parent=214457"}],"wp:term":[{"taxonomy":"category","embeddable":true,"href":"https:\/\/www.webdo.tn\/fr\/wp-json\/wp\/v2\/categories?post=214457"},{"taxonomy":"post_tag","embeddable":true,"href":"https:\/\/www.webdo.tn\/fr\/wp-json\/wp\/v2\/tags?post=214457"}],"curies":[{"name":"wp","href":"https:\/\/api.w.org\/{rel}","templated":true}]}}