{"id":214441,"date":"2024-05-28T15:01:00","date_gmt":"2024-05-28T15:01:00","guid":{"rendered":"https:\/\/www.webdo.tn\/fr\/blog\/tunisie-l-affaire-sonia-dahmani-renvoyee-devant-la-cour-d-appel\/214441\/"},"modified":"2025-05-21T09:10:54","modified_gmt":"2025-05-21T09:10:54","slug":"tunisie-l-affaire-sonia-dahmani-renvoyee-devant-la-cour-d-appel","status":"publish","type":"post","link":"https:\/\/www.webdo.tn\/fr\/actualite\/national\/tunisie-l-affaire-sonia-dahmani-renvoyee-devant-la-cour-d-appel\/214441\/","title":{"rendered":"Tunisie : L&rsquo;affaire Sonia Dahmani renvoy\u00e9e devant la Cour d&rsquo;appel"},"content":{"rendered":"<p>Dans l\u2019affaire qui l\u2019oppose Sonia Dahmani au minist\u00e8re de la Justice et plus pr\u00e9cis\u00e9ment au Comit\u00e9 g\u00e9n\u00e9ral des prisons et de la r\u00e9\u00e9ducation, le juge d&rsquo;instruction du tribunal de premi\u00e8re instance de Tunis a d\u00e9cid\u00e9 de la renvoyer devant la Cour d\u2019appel.<\/p>\n<p>\t\t\t\t\t\t\t\t\tLe juge d&rsquo;instruction du tribunal de premi\u00e8re instance de Tunis a inform\u00e9 ce mardi 28 mai 2024, l&rsquo;avocate Sonia Dahmani de la d\u00e9cision de clore l&rsquo;enqu\u00eate concernant une plainte d\u00e9pos\u00e9e contre elle par l&rsquo;Administration g\u00e9n\u00e9rale des prisons et de la r\u00e9insertion au sujet d&rsquo;une d\u00e9claration m\u00e9diatique qu&rsquo;elle a faite sur la situation des d\u00e9tenus.<\/p>\n<p>Sur la base de la cl\u00f4ture de l\u2019enqu\u00eate, le juge d&rsquo;instruction du tribunal de premi\u00e8re instance de Tunis a d\u00e9cid\u00e9 de renvoyer l&rsquo;affaire devant la chambre d&rsquo;accusation de la cour d&rsquo;appel de Tunis pour qu&rsquo;elle prenne les mesures appropri\u00e9es, rapporte Mosaique fm.<\/p>\n<p>Dans cette affaire, Sonia Dahmani est poursuivie par le Comit\u00e9 g\u00e9n\u00e9ral des prisons et de la r\u00e9\u00e9ducation conform\u00e9ment aux dispositions du d\u00e9cret 54 pour des propos tenus \u00e0 l&rsquo;antenne et pour \u00ab\u00a0diffusion de fausses nouvelles et de fausses informations dans le but de nuire \u00e0 la s\u00e9curit\u00e9 publique et de diffamer et d&rsquo;inciter autrui\u00a0\u00bb.<\/p>\n","protected":false},"excerpt":{"rendered":"<p>Le juge d&rsquo;instruction du tribunal de premi\u00e8re instance de Tunis a inform\u00e9 ce mardi 28 mai 2024, l&rsquo;avocate Sonia Dahmani de la d\u00e9cision de clore l&rsquo;enqu\u00eate concer&#8230;<\/p>\n","protected":false},"author":3169,"featured_media":247291,"comment_status":"open","ping_status":"closed","sticky":false,"template":"","format":"standard","meta":{"footnotes":""},"categories":[44],"tags":[5478,2619,3313,2608],"class_list":["post-214441","post","type-post","status-publish","format-standard","has-post-thumbnail","hentry","category-national","tag-cour-dappel","tag-justice","tag-sonia-dahmani","tag-tunisie"],"yoast_head":"<!-- This site is optimized with the Yoast SEO Premium plugin v27.5 (Yoast SEO v27.5) - https:\/\/yoast.com\/product\/yoast-seo-premium-wordpress\/ -->\n<title>Tunisie : L&#039;affaire Sonia Dahmani renvoy\u00e9e devant la Cour d&#039;appel<\/title>\n<meta name=\"description\" content=\"Le juge d&#039;instruction du tribunal de premi\u00e8re instance de Tunis a inform\u00e9 ce mardi 28 mai 2024, l&#039;avocate Sonia Dahmani de la d\u00e9cision de clore l&#039;enqu\u00eate concer...\" \/>\n<link rel=\"canonical\" href=\"https:\/\/www.webdo.tn\/fr\/actualite\/national\/tunisie-l-affaire-sonia-dahmani-renvoyee-devant-la-cour-d-appel\/214441\/\" \/>\n<meta property=\"og:locale\" content=\"fr_FR\" \/>\n<meta property=\"og:type\" content=\"article\" \/>\n<meta property=\"og:title\" content=\"Tunisie : L&#039;affaire Sonia Dahmani renvoy\u00e9e devant la Cour d&#039;appel\" \/>\n<meta property=\"og:description\" content=\"Le juge d&#039;instruction du tribunal de premi\u00e8re instance de Tunis a inform\u00e9 ce mardi 28 mai 2024, l&#039;avocate Sonia Dahmani de la d\u00e9cision de clore l&#039;enqu\u00eate concer...\" \/>\n<meta property=\"og:url\" content=\"https:\/\/www.webdo.tn\/fr\/actualite\/national\/tunisie-l-affaire-sonia-dahmani-renvoyee-devant-la-cour-d-appel\/214441\/\" \/>\n<meta property=\"og:site_name\" content=\"webdo\" \/>\n<meta property=\"article:publisher\" content=\"https:\/\/www.facebook.com\/webdotn\" \/>\n<meta property=\"article:published_time\" content=\"2024-05-28T15:01:00+00:00\" \/>\n<meta property=\"article:modified_time\" content=\"2025-05-21T09:10:54+00:00\" \/>\n<meta property=\"og:image\" content=\"https:\/\/www.webdo.tn\/fr\/wp-content\/uploads\/2024\/05\/57a0d5080bef2f3ef0481507bb1d16ff.webp\" \/>\n\t<meta property=\"og:image:width\" content=\"750\" \/>\n\t<meta property=\"og:image:height\" content=\"400\" \/>\n\t<meta property=\"og:image:type\" content=\"image\/webp\" \/>\n<meta name=\"author\" content=\"Webdo\" \/>\n<meta name=\"twitter:card\" content=\"summary_large_image\" \/>\n<meta name=\"twitter:creator\" content=\"@webdo_tn\" \/>\n<meta name=\"twitter:site\" content=\"@webdo_tn\" \/>\n<meta name=\"twitter:label1\" content=\"\u00c9crit par\" \/>\n\t<meta name=\"twitter:data1\" content=\"Webdo\" \/>\n\t<meta name=\"twitter:label2\" content=\"Dur\u00e9e de lecture estim\u00e9e\" \/>\n\t<meta name=\"twitter:data2\" content=\"1 minute\" \/>\n<script type=\"application\/ld+json\" class=\"yoast-schema-graph\">{\"@context\":\"https:\\\/\\\/schema.org\",\"@graph\":[{\"@type\":\"NewsArticle\",\"@id\":\"https:\\\/\\\/www.webdo.tn\\\/fr\\\/actualite\\\/national\\\/tunisie-l-affaire-sonia-dahmani-renvoyee-devant-la-cour-d-appel\\\/214441\\\/#article\",\"isPartOf\":{\"@id\":\"https:\\\/\\\/www.webdo.tn\\\/fr\\\/actualite\\\/national\\\/tunisie-l-affaire-sonia-dahmani-renvoyee-devant-la-cour-d-appel\\\/214441\\\/\"},\"author\":{\"name\":\"Webdo\",\"@id\":\"https:\\\/\\\/www.webdo.tn\\\/fr\\\/#\\\/schema\\\/person\\\/1f4e491e0907b413d61089e8eb573acc\"},\"headline\":\"Tunisie : L&rsquo;affaire Sonia Dahmani renvoy\u00e9e devant la Cour d&rsquo;appel\",\"datePublished\":\"2024-05-28T15:01:00+00:00\",\"dateModified\":\"2025-05-21T09:10:54+00:00\",\"mainEntityOfPage\":{\"@id\":\"https:\\\/\\\/www.webdo.tn\\\/fr\\\/actualite\\\/national\\\/tunisie-l-affaire-sonia-dahmani-renvoyee-devant-la-cour-d-appel\\\/214441\\\/\"},\"wordCount\":247,\"commentCount\":0,\"publisher\":{\"@id\":\"https:\\\/\\\/www.webdo.tn\\\/fr\\\/#organization\"},\"image\":{\"@id\":\"https:\\\/\\\/www.webdo.tn\\\/fr\\\/actualite\\\/national\\\/tunisie-l-affaire-sonia-dahmani-renvoyee-devant-la-cour-d-appel\\\/214441\\\/#primaryimage\"},\"thumbnailUrl\":\"https:\\\/\\\/www.webdo.tn\\\/fr\\\/wp-content\\\/uploads\\\/2024\\\/05\\\/57a0d5080bef2f3ef0481507bb1d16ff.webp\",\"keywords\":[\"cour d'appel\",\"justice\",\"sonia dahmani\",\"Tunisie\"],\"articleSection\":[\"National\"],\"inLanguage\":\"fr-FR\"},{\"@type\":\"WebPage\",\"@id\":\"https:\\\/\\\/www.webdo.tn\\\/fr\\\/actualite\\\/national\\\/tunisie-l-affaire-sonia-dahmani-renvoyee-devant-la-cour-d-appel\\\/214441\\\/\",\"url\":\"https:\\\/\\\/www.webdo.tn\\\/fr\\\/actualite\\\/national\\\/tunisie-l-affaire-sonia-dahmani-renvoyee-devant-la-cour-d-appel\\\/214441\\\/\",\"name\":\"Tunisie : L'affaire Sonia Dahmani renvoy\u00e9e devant la Cour d'appel\",\"isPartOf\":{\"@id\":\"https:\\\/\\\/www.webdo.tn\\\/fr\\\/#website\"},\"primaryImageOfPage\":{\"@id\":\"https:\\\/\\\/www.webdo.tn\\\/fr\\\/actualite\\\/national\\\/tunisie-l-affaire-sonia-dahmani-renvoyee-devant-la-cour-d-appel\\\/214441\\\/#primaryimage\"},\"image\":{\"@id\":\"https:\\\/\\\/www.webdo.tn\\\/fr\\\/actualite\\\/national\\\/tunisie-l-affaire-sonia-dahmani-renvoyee-devant-la-cour-d-appel\\\/214441\\\/#primaryimage\"},\"thumbnailUrl\":\"https:\\\/\\\/www.webdo.tn\\\/fr\\\/wp-content\\\/uploads\\\/2024\\\/05\\\/57a0d5080bef2f3ef0481507bb1d16ff.webp\",\"datePublished\":\"2024-05-28T15:01:00+00:00\",\"dateModified\":\"2025-05-21T09:10:54+00:00\",\"description\":\"Le juge d'instruction du tribunal de premi\u00e8re instance de Tunis a inform\u00e9 ce mardi 28 mai 2024, l'avocate Sonia Dahmani de la d\u00e9cision de clore l'enqu\u00eate concer...\",\"breadcrumb\":{\"@id\":\"https:\\\/\\\/www.webdo.tn\\\/fr\\\/actualite\\\/national\\\/tunisie-l-affaire-sonia-dahmani-renvoyee-devant-la-cour-d-appel\\\/214441\\\/#breadcrumb\"},\"inLanguage\":\"fr-FR\",\"potentialAction\":[{\"@type\":\"ReadAction\",\"target\":[\"https:\\\/\\\/www.webdo.tn\\\/fr\\\/actualite\\\/national\\\/tunisie-l-affaire-sonia-dahmani-renvoyee-devant-la-cour-d-appel\\\/214441\\\/\"]}]},{\"@type\":\"ImageObject\",\"inLanguage\":\"fr-FR\",\"@id\":\"https:\\\/\\\/www.webdo.tn\\\/fr\\\/actualite\\\/national\\\/tunisie-l-affaire-sonia-dahmani-renvoyee-devant-la-cour-d-appel\\\/214441\\\/#primaryimage\",\"url\":\"https:\\\/\\\/www.webdo.tn\\\/fr\\\/wp-content\\\/uploads\\\/2024\\\/05\\\/57a0d5080bef2f3ef0481507bb1d16ff.webp\",\"contentUrl\":\"https:\\\/\\\/www.webdo.tn\\\/fr\\\/wp-content\\\/uploads\\\/2024\\\/05\\\/57a0d5080bef2f3ef0481507bb1d16ff.webp\",\"width\":750,\"height\":400,\"caption\":\"Tunisie : L'affaire Sonia Dahmani renvoy\u00e9e devant la Cour d'appel\"},{\"@type\":\"BreadcrumbList\",\"@id\":\"https:\\\/\\\/www.webdo.tn\\\/fr\\\/actualite\\\/national\\\/tunisie-l-affaire-sonia-dahmani-renvoyee-devant-la-cour-d-appel\\\/214441\\\/#breadcrumb\",\"itemListElement\":[{\"@type\":\"ListItem\",\"position\":1,\"name\":\"Accueil\",\"item\":\"https:\\\/\\\/www.webdo.tn\\\/fr\\\/\"},{\"@type\":\"ListItem\",\"position\":2,\"name\":\"Tunisie : L&#8217;affaire Sonia Dahmani renvoy\u00e9e devant la Cour d&#8217;appel\"}]},{\"@type\":\"WebSite\",\"@id\":\"https:\\\/\\\/www.webdo.tn\\\/fr\\\/#website\",\"url\":\"https:\\\/\\\/www.webdo.tn\\\/fr\\\/\",\"name\":\"webdo\",\"description\":\"Tunisie - News en Tunisie et \u00e0 l&#039;international sur Webdo.tn\",\"publisher\":{\"@id\":\"https:\\\/\\\/www.webdo.tn\\\/fr\\\/#organization\"},\"potentialAction\":[{\"@type\":\"SearchAction\",\"target\":{\"@type\":\"EntryPoint\",\"urlTemplate\":\"https:\\\/\\\/www.webdo.tn\\\/fr\\\/?s={search_term_string}\"},\"query-input\":{\"@type\":\"PropertyValueSpecification\",\"valueRequired\":true,\"valueName\":\"search_term_string\"}}],\"inLanguage\":\"fr-FR\"},{\"@type\":\"Organization\",\"@id\":\"https:\\\/\\\/www.webdo.tn\\\/fr\\\/#organization\",\"name\":\"Webdo\",\"alternateName\":\"Webdo.tn\",\"url\":\"https:\\\/\\\/www.webdo.tn\\\/fr\\\/\",\"logo\":{\"@type\":\"ImageObject\",\"inLanguage\":\"fr-FR\",\"@id\":\"https:\\\/\\\/www.webdo.tn\\\/fr\\\/#\\\/schema\\\/logo\\\/image\\\/\",\"url\":\"https:\\\/\\\/www.webdo.tn\\\/fr\\\/wp-content\\\/uploads\\\/2025\\\/06\\\/Webdo-Tunisie_168377.jpg\",\"contentUrl\":\"https:\\\/\\\/www.webdo.tn\\\/fr\\\/wp-content\\\/uploads\\\/2025\\\/06\\\/Webdo-Tunisie_168377.jpg\",\"width\":301,\"height\":301,\"caption\":\"Webdo\"},\"image\":{\"@id\":\"https:\\\/\\\/www.webdo.tn\\\/fr\\\/#\\\/schema\\\/logo\\\/image\\\/\"},\"sameAs\":[\"https:\\\/\\\/www.facebook.com\\\/webdotn\",\"https:\\\/\\\/x.com\\\/webdo_tn\"],\"description\":\"Webdo est un m\u00e9dia num\u00e9rique tunisien fond\u00e9 en 2010, sp\u00e9cialis\u00e9 dans l\u2019actualit\u00e9 nationale et internationale, l\u2019\u00e9conomie, la soci\u00e9t\u00e9 et les analyses politiques. Le site s\u2019adresse \u00e0 un large public francophone et couvre l\u2019information tunisienne en temps r\u00e9el.\",\"email\":\"redac@webdo.tn\",\"legalName\":\"YNJ SARL\",\"foundingDate\":\"2010-09-06\",\"numberOfEmployees\":{\"@type\":\"QuantitativeValue\",\"minValue\":\"11\",\"maxValue\":\"50\"}},{\"@type\":\"Person\",\"@id\":\"https:\\\/\\\/www.webdo.tn\\\/fr\\\/#\\\/schema\\\/person\\\/1f4e491e0907b413d61089e8eb573acc\",\"name\":\"Webdo\",\"image\":{\"@type\":\"ImageObject\",\"inLanguage\":\"fr-FR\",\"@id\":\"https:\\\/\\\/secure.gravatar.com\\\/avatar\\\/de97aeec1bb80978a9dbb127e47dfc88aaacb2f3c29aac907d8d3222e3495d49?s=96&d=mm&r=g\",\"url\":\"https:\\\/\\\/secure.gravatar.com\\\/avatar\\\/de97aeec1bb80978a9dbb127e47dfc88aaacb2f3c29aac907d8d3222e3495d49?s=96&d=mm&r=g\",\"contentUrl\":\"https:\\\/\\\/secure.gravatar.com\\\/avatar\\\/de97aeec1bb80978a9dbb127e47dfc88aaacb2f3c29aac907d8d3222e3495d49?s=96&d=mm&r=g\",\"caption\":\"Webdo\"},\"url\":\"https:\\\/\\\/www.webdo.tn\\\/fr\\\/actualite\\\/author\\\/webdo\\\/\"}]}<\/script>\n<!-- \/ Yoast SEO Premium plugin. -->","yoast_head_json":{"title":"Tunisie : L'affaire Sonia Dahmani renvoy\u00e9e devant la Cour d'appel","description":"Le juge d'instruction du tribunal de premi\u00e8re instance de Tunis a inform\u00e9 ce mardi 28 mai 2024, l'avocate Sonia Dahmani de la d\u00e9cision de clore l'enqu\u00eate concer...","canonical":"https:\/\/www.webdo.tn\/fr\/actualite\/national\/tunisie-l-affaire-sonia-dahmani-renvoyee-devant-la-cour-d-appel\/214441\/","og_locale":"fr_FR","og_type":"article","og_title":"Tunisie : L'affaire Sonia Dahmani renvoy\u00e9e devant la Cour d'appel","og_description":"Le juge d'instruction du tribunal de premi\u00e8re instance de Tunis a inform\u00e9 ce mardi 28 mai 2024, l'avocate Sonia Dahmani de la d\u00e9cision de clore l'enqu\u00eate concer...","og_url":"https:\/\/www.webdo.tn\/fr\/actualite\/national\/tunisie-l-affaire-sonia-dahmani-renvoyee-devant-la-cour-d-appel\/214441\/","og_site_name":"webdo","article_publisher":"https:\/\/www.facebook.com\/webdotn","article_published_time":"2024-05-28T15:01:00+00:00","article_modified_time":"2025-05-21T09:10:54+00:00","og_image":[{"width":750,"height":400,"url":"https:\/\/www.webdo.tn\/fr\/wp-content\/uploads\/2024\/05\/57a0d5080bef2f3ef0481507bb1d16ff.webp","type":"image\/webp"}],"author":"Webdo","twitter_card":"summary_large_image","twitter_creator":"@webdo_tn","twitter_site":"@webdo_tn","twitter_misc":{"\u00c9crit par":"Webdo","Dur\u00e9e de lecture estim\u00e9e":"1 minute"},"schema":{"@context":"https:\/\/schema.org","@graph":[{"@type":"NewsArticle","@id":"https:\/\/www.webdo.tn\/fr\/actualite\/national\/tunisie-l-affaire-sonia-dahmani-renvoyee-devant-la-cour-d-appel\/214441\/#article","isPartOf":{"@id":"https:\/\/www.webdo.tn\/fr\/actualite\/national\/tunisie-l-affaire-sonia-dahmani-renvoyee-devant-la-cour-d-appel\/214441\/"},"author":{"name":"Webdo","@id":"https:\/\/www.webdo.tn\/fr\/#\/schema\/person\/1f4e491e0907b413d61089e8eb573acc"},"headline":"Tunisie : L&rsquo;affaire Sonia Dahmani renvoy\u00e9e devant la Cour d&rsquo;appel","datePublished":"2024-05-28T15:01:00+00:00","dateModified":"2025-05-21T09:10:54+00:00","mainEntityOfPage":{"@id":"https:\/\/www.webdo.tn\/fr\/actualite\/national\/tunisie-l-affaire-sonia-dahmani-renvoyee-devant-la-cour-d-appel\/214441\/"},"wordCount":247,"commentCount":0,"publisher":{"@id":"https:\/\/www.webdo.tn\/fr\/#organization"},"image":{"@id":"https:\/\/www.webdo.tn\/fr\/actualite\/national\/tunisie-l-affaire-sonia-dahmani-renvoyee-devant-la-cour-d-appel\/214441\/#primaryimage"},"thumbnailUrl":"https:\/\/www.webdo.tn\/fr\/wp-content\/uploads\/2024\/05\/57a0d5080bef2f3ef0481507bb1d16ff.webp","keywords":["cour d'appel","justice","sonia dahmani","Tunisie"],"articleSection":["National"],"inLanguage":"fr-FR"},{"@type":"WebPage","@id":"https:\/\/www.webdo.tn\/fr\/actualite\/national\/tunisie-l-affaire-sonia-dahmani-renvoyee-devant-la-cour-d-appel\/214441\/","url":"https:\/\/www.webdo.tn\/fr\/actualite\/national\/tunisie-l-affaire-sonia-dahmani-renvoyee-devant-la-cour-d-appel\/214441\/","name":"Tunisie : L'affaire Sonia Dahmani renvoy\u00e9e devant la Cour d'appel","isPartOf":{"@id":"https:\/\/www.webdo.tn\/fr\/#website"},"primaryImageOfPage":{"@id":"https:\/\/www.webdo.tn\/fr\/actualite\/national\/tunisie-l-affaire-sonia-dahmani-renvoyee-devant-la-cour-d-appel\/214441\/#primaryimage"},"image":{"@id":"https:\/\/www.webdo.tn\/fr\/actualite\/national\/tunisie-l-affaire-sonia-dahmani-renvoyee-devant-la-cour-d-appel\/214441\/#primaryimage"},"thumbnailUrl":"https:\/\/www.webdo.tn\/fr\/wp-content\/uploads\/2024\/05\/57a0d5080bef2f3ef0481507bb1d16ff.webp","datePublished":"2024-05-28T15:01:00+00:00","dateModified":"2025-05-21T09:10:54+00:00","description":"Le juge d'instruction du tribunal de premi\u00e8re instance de Tunis a inform\u00e9 ce mardi 28 mai 2024, l'avocate Sonia Dahmani de la d\u00e9cision de clore l'enqu\u00eate concer...","breadcrumb":{"@id":"https:\/\/www.webdo.tn\/fr\/actualite\/national\/tunisie-l-affaire-sonia-dahmani-renvoyee-devant-la-cour-d-appel\/214441\/#breadcrumb"},"inLanguage":"fr-FR","potentialAction":[{"@type":"ReadAction","target":["https:\/\/www.webdo.tn\/fr\/actualite\/national\/tunisie-l-affaire-sonia-dahmani-renvoyee-devant-la-cour-d-appel\/214441\/"]}]},{"@type":"ImageObject","inLanguage":"fr-FR","@id":"https:\/\/www.webdo.tn\/fr\/actualite\/national\/tunisie-l-affaire-sonia-dahmani-renvoyee-devant-la-cour-d-appel\/214441\/#primaryimage","url":"https:\/\/www.webdo.tn\/fr\/wp-content\/uploads\/2024\/05\/57a0d5080bef2f3ef0481507bb1d16ff.webp","contentUrl":"https:\/\/www.webdo.tn\/fr\/wp-content\/uploads\/2024\/05\/57a0d5080bef2f3ef0481507bb1d16ff.webp","width":750,"height":400,"caption":"Tunisie : L'affaire Sonia Dahmani renvoy\u00e9e devant la Cour d'appel"},{"@type":"BreadcrumbList","@id":"https:\/\/www.webdo.tn\/fr\/actualite\/national\/tunisie-l-affaire-sonia-dahmani-renvoyee-devant-la-cour-d-appel\/214441\/#breadcrumb","itemListElement":[{"@type":"ListItem","position":1,"name":"Accueil","item":"https:\/\/www.webdo.tn\/fr\/"},{"@type":"ListItem","position":2,"name":"Tunisie : L&#8217;affaire Sonia Dahmani renvoy\u00e9e devant la Cour d&#8217;appel"}]},{"@type":"WebSite","@id":"https:\/\/www.webdo.tn\/fr\/#website","url":"https:\/\/www.webdo.tn\/fr\/","name":"webdo","description":"Tunisie - News en Tunisie et \u00e0 l&#039;international sur Webdo.tn","publisher":{"@id":"https:\/\/www.webdo.tn\/fr\/#organization"},"potentialAction":[{"@type":"SearchAction","target":{"@type":"EntryPoint","urlTemplate":"https:\/\/www.webdo.tn\/fr\/?s={search_term_string}"},"query-input":{"@type":"PropertyValueSpecification","valueRequired":true,"valueName":"search_term_string"}}],"inLanguage":"fr-FR"},{"@type":"Organization","@id":"https:\/\/www.webdo.tn\/fr\/#organization","name":"Webdo","alternateName":"Webdo.tn","url":"https:\/\/www.webdo.tn\/fr\/","logo":{"@type":"ImageObject","inLanguage":"fr-FR","@id":"https:\/\/www.webdo.tn\/fr\/#\/schema\/logo\/image\/","url":"https:\/\/www.webdo.tn\/fr\/wp-content\/uploads\/2025\/06\/Webdo-Tunisie_168377.jpg","contentUrl":"https:\/\/www.webdo.tn\/fr\/wp-content\/uploads\/2025\/06\/Webdo-Tunisie_168377.jpg","width":301,"height":301,"caption":"Webdo"},"image":{"@id":"https:\/\/www.webdo.tn\/fr\/#\/schema\/logo\/image\/"},"sameAs":["https:\/\/www.facebook.com\/webdotn","https:\/\/x.com\/webdo_tn"],"description":"Webdo est un m\u00e9dia num\u00e9rique tunisien fond\u00e9 en 2010, sp\u00e9cialis\u00e9 dans l\u2019actualit\u00e9 nationale et internationale, l\u2019\u00e9conomie, la soci\u00e9t\u00e9 et les analyses politiques. Le site s\u2019adresse \u00e0 un large public francophone et couvre l\u2019information tunisienne en temps r\u00e9el.","email":"redac@webdo.tn","legalName":"YNJ SARL","foundingDate":"2010-09-06","numberOfEmployees":{"@type":"QuantitativeValue","minValue":"11","maxValue":"50"}},{"@type":"Person","@id":"https:\/\/www.webdo.tn\/fr\/#\/schema\/person\/1f4e491e0907b413d61089e8eb573acc","name":"Webdo","image":{"@type":"ImageObject","inLanguage":"fr-FR","@id":"https:\/\/secure.gravatar.com\/avatar\/de97aeec1bb80978a9dbb127e47dfc88aaacb2f3c29aac907d8d3222e3495d49?s=96&d=mm&r=g","url":"https:\/\/secure.gravatar.com\/avatar\/de97aeec1bb80978a9dbb127e47dfc88aaacb2f3c29aac907d8d3222e3495d49?s=96&d=mm&r=g","contentUrl":"https:\/\/secure.gravatar.com\/avatar\/de97aeec1bb80978a9dbb127e47dfc88aaacb2f3c29aac907d8d3222e3495d49?s=96&d=mm&r=g","caption":"Webdo"},"url":"https:\/\/www.webdo.tn\/fr\/actualite\/author\/webdo\/"}]}},"_links":{"self":[{"href":"https:\/\/www.webdo.tn\/fr\/wp-json\/wp\/v2\/posts\/214441","targetHints":{"allow":["GET"]}}],"collection":[{"href":"https:\/\/www.webdo.tn\/fr\/wp-json\/wp\/v2\/posts"}],"about":[{"href":"https:\/\/www.webdo.tn\/fr\/wp-json\/wp\/v2\/types\/post"}],"author":[{"embeddable":true,"href":"https:\/\/www.webdo.tn\/fr\/wp-json\/wp\/v2\/users\/3169"}],"replies":[{"embeddable":true,"href":"https:\/\/www.webdo.tn\/fr\/wp-json\/wp\/v2\/comments?post=214441"}],"version-history":[{"count":0,"href":"https:\/\/www.webdo.tn\/fr\/wp-json\/wp\/v2\/posts\/214441\/revisions"}],"wp:featuredmedia":[{"embeddable":true,"href":"https:\/\/www.webdo.tn\/fr\/wp-json\/wp\/v2\/media\/247291"}],"wp:attachment":[{"href":"https:\/\/www.webdo.tn\/fr\/wp-json\/wp\/v2\/media?parent=214441"}],"wp:term":[{"taxonomy":"category","embeddable":true,"href":"https:\/\/www.webdo.tn\/fr\/wp-json\/wp\/v2\/categories?post=214441"},{"taxonomy":"post_tag","embeddable":true,"href":"https:\/\/www.webdo.tn\/fr\/wp-json\/wp\/v2\/tags?post=214441"}],"curies":[{"name":"wp","href":"https:\/\/api.w.org\/{rel}","templated":true}]}}