{"id":214440,"date":"2024-05-28T14:35:00","date_gmt":"2024-05-28T14:35:00","guid":{"rendered":"https:\/\/www.webdo.tn\/fr\/blog\/el-kef-le-ministre-mohamed-rekik-remet-des-contrats-pour-des-projets-publics\/214440\/"},"modified":"2025-05-20T22:55:04","modified_gmt":"2025-05-20T22:55:04","slug":"el-kef-le-ministre-mohamed-rekik-remet-des-contrats-pour-des-projets-publics","status":"publish","type":"post","link":"https:\/\/www.webdo.tn\/fr\/actualite\/national\/el-kef-le-ministre-mohamed-rekik-remet-des-contrats-pour-des-projets-publics\/214440\/","title":{"rendered":"Tunisie : Les Domaines de l&rsquo;Etat se penchent sur les biens appartenant \u00e0 des \u00e9trangers"},"content":{"rendered":"<p>Le Ministre des Domaines de l&rsquo;\u00c9tat et des Affaires Fonci\u00e8res, Mohamed Rekik, a annonc\u00e9, mardi 28 mai, des avanc\u00e9es significatives dans la gestion des biens appartenant \u00e0 des \u00e9trangers en Tunisie.<\/p>\n<p>\t\t\t\t\t\t\t\t\tLors d&rsquo;une c\u00e9r\u00e9monie officielle au Kef, o\u00f9 il a \u00e9galement remis plusieurs contrats pour des projets publics, le ministre a d\u00e9taill\u00e9 les efforts en cours pour r\u00e9gulariser la situation de milliers de biens fonciers.<\/p>\n<p>Mohamed Rekik a affirm\u00e9 que \u00ab\u00a0l&rsquo;administration g\u00e9n\u00e9rale des biens des \u00e9trangers s&rsquo;efforce de r\u00e9gulariser la situation.\u00a0\u00bb Il a pr\u00e9cis\u00e9 que \u00ab\u00a0la plupart des dossiers ont \u00e9t\u00e9 r\u00e9gl\u00e9s et que les efforts se poursuivent pour liquider 3000 biens appartenant \u00e0 des \u00e9trangers, principalement situ\u00e9s dans les gouvernorats de Tunis, Bizerte et Sousse,\u00a0\u00bb tout en soulignant les difficult\u00e9s rencontr\u00e9es dans la gestion de ces dossiers. Ces biens repr\u00e9sentent un enjeu majeur pour le d\u00e9veloppement urbain et la mise en \u0153uvre de projets publics.<\/p>\n<p>En marge de cette annonce, le ministre a remis plusieurs contrats relatifs \u00e0 la r\u00e9alisation de divers projets publics dans la r\u00e9gion du Kef. Ces projets comprennent la r\u00e9alisation de la ligne ferroviaire num\u00e9ro 6, la r\u00e9gularisation de la situation fonci\u00e8re de la route nationale 78, et le comblement des lacunes pour la route nationale 79. En outre, la construction des barrages de Oued El Kahla et Essrar figure \u00e9galement parmi les projets prioritaires.<\/p>\n<p>Le Ministre des Domaines de l&rsquo;\u00c9tat, Mohamed Rekik, a soulign\u00e9 lors d&rsquo;une d\u00e9claration \u00e0 la radio Jawhara FM que des contrats ont \u00e9t\u00e9 remis aux citoyens du Kef dans le cadre de la phase de conciliation avec les entreprises, orchestr\u00e9e par la Commission d&rsquo;enqu\u00eate et de conciliation. Cette phase est cruciale pour trouver des solutions avec les propri\u00e9taires fonciers et, si n\u00e9cessaire, proc\u00e9der \u00e0 l&rsquo;expropriation pour cause d&rsquo;utilit\u00e9 publique par d\u00e9cret.<\/p>\n<p>Le ministre a rappel\u00e9 que les litiges fonciers ralentissent de nombreux projets publics, conduisant \u00e0 une r\u00e9vision du cadre l\u00e9gislatif avec le d\u00e9cret 65 de 2022, qui modifie la loi de 2016 sur l&rsquo;expropriation pour cause d&rsquo;utilit\u00e9 publique. Ce d\u00e9cret vise \u00e0 acc\u00e9l\u00e9rer les proc\u00e9dures gr\u00e2ce \u00e0 des m\u00e9canismes de conciliation et au r\u00e9tablissement des commissions d&rsquo;enqu\u00eate et de conciliation. Ces commissions, compos\u00e9es de divers membres dont un juge sp\u00e9cialis\u00e9, examinent les proc\u00e9dures de conciliation pour r\u00e9duire les d\u00e9lais et faciliter la r\u00e9alisation des projets publics.<\/p>\n","protected":false},"excerpt":{"rendered":"<p>Le Ministre des Domaines de l&rsquo;\u00c9tat, Mohamed Rekik, a annonc\u00e9 des avanc\u00e9es dans la gestion des biens \u00e9trangers en Tunisie et a remis des contrats pour des projet&#8230;<\/p>\n","protected":false},"author":3180,"featured_media":247288,"comment_status":"open","ping_status":"closed","sticky":false,"template":"","format":"standard","meta":{"footnotes":""},"categories":[44],"tags":[2608],"class_list":["post-214440","post","type-post","status-publish","format-standard","has-post-thumbnail","hentry","category-national","tag-tunisie"],"yoast_head":"<!-- This site is optimized with the Yoast SEO Premium plugin v27.4 (Yoast SEO v27.5) - https:\/\/yoast.com\/product\/yoast-seo-premium-wordpress\/ -->\n<title>Tunisie : Les Domaines de l&#039;Etat se penchent sur les biens appartenant \u00e0 des \u00e9trangers<\/title>\n<meta name=\"description\" content=\"Le Ministre des Domaines de l&#039;\u00c9tat, Mohamed Rekik, a annonc\u00e9 des avanc\u00e9es dans la gestion des biens \u00e9trangers en Tunisie et a remis des contrats pour des projet...\" \/>\n<link rel=\"canonical\" href=\"https:\/\/www.webdo.tn\/fr\/actualite\/national\/el-kef-le-ministre-mohamed-rekik-remet-des-contrats-pour-des-projets-publics\/214440\/\" \/>\n<meta property=\"og:locale\" content=\"fr_FR\" \/>\n<meta property=\"og:type\" content=\"article\" \/>\n<meta property=\"og:title\" content=\"Tunisie : Les Domaines de l&#039;Etat se penchent sur les biens appartenant \u00e0 des \u00e9trangers\" \/>\n<meta property=\"og:description\" content=\"Le Ministre des Domaines de l&#039;\u00c9tat, Mohamed Rekik, a annonc\u00e9 des avanc\u00e9es dans la gestion des biens \u00e9trangers en Tunisie et a remis des contrats pour des projet...\" \/>\n<meta property=\"og:url\" content=\"https:\/\/www.webdo.tn\/fr\/actualite\/national\/el-kef-le-ministre-mohamed-rekik-remet-des-contrats-pour-des-projets-publics\/214440\/\" \/>\n<meta property=\"og:site_name\" content=\"webdo\" \/>\n<meta property=\"article:publisher\" content=\"https:\/\/www.facebook.com\/webdotn\" \/>\n<meta property=\"article:published_time\" content=\"2024-05-28T14:35:00+00:00\" \/>\n<meta property=\"article:modified_time\" content=\"2025-05-20T22:55:04+00:00\" \/>\n<meta property=\"og:image\" content=\"https:\/\/www.webdo.tn\/fr\/wp-content\/uploads\/2024\/05\/b0b5f19e5dd03a3d9bcaaf56367d9178.webp\" \/>\n\t<meta property=\"og:image:width\" content=\"750\" \/>\n\t<meta property=\"og:image:height\" content=\"400\" \/>\n\t<meta property=\"og:image:type\" content=\"image\/webp\" \/>\n<meta name=\"author\" content=\"A.Z\" \/>\n<meta name=\"twitter:card\" content=\"summary_large_image\" \/>\n<meta name=\"twitter:creator\" content=\"@webdo_tn\" \/>\n<meta name=\"twitter:site\" content=\"@webdo_tn\" \/>\n<meta name=\"twitter:label1\" content=\"\u00c9crit par\" \/>\n\t<meta name=\"twitter:data1\" content=\"A.Z\" \/>\n\t<meta name=\"twitter:label2\" content=\"Dur\u00e9e de lecture estim\u00e9e\" \/>\n\t<meta name=\"twitter:data2\" content=\"2 minutes\" \/>\n<script type=\"application\/ld+json\" class=\"yoast-schema-graph\">{\"@context\":\"https:\\\/\\\/schema.org\",\"@graph\":[{\"@type\":\"NewsArticle\",\"@id\":\"https:\\\/\\\/www.webdo.tn\\\/fr\\\/actualite\\\/national\\\/el-kef-le-ministre-mohamed-rekik-remet-des-contrats-pour-des-projets-publics\\\/214440\\\/#article\",\"isPartOf\":{\"@id\":\"https:\\\/\\\/www.webdo.tn\\\/fr\\\/actualite\\\/national\\\/el-kef-le-ministre-mohamed-rekik-remet-des-contrats-pour-des-projets-publics\\\/214440\\\/\"},\"author\":{\"name\":\"A.Z\",\"@id\":\"https:\\\/\\\/www.webdo.tn\\\/fr\\\/#\\\/schema\\\/person\\\/5e31e16733206869f020f456fc5fb2a2\"},\"headline\":\"Tunisie : Les Domaines de l&rsquo;Etat se penchent sur les biens appartenant \u00e0 des \u00e9trangers\",\"datePublished\":\"2024-05-28T14:35:00+00:00\",\"dateModified\":\"2025-05-20T22:55:04+00:00\",\"mainEntityOfPage\":{\"@id\":\"https:\\\/\\\/www.webdo.tn\\\/fr\\\/actualite\\\/national\\\/el-kef-le-ministre-mohamed-rekik-remet-des-contrats-pour-des-projets-publics\\\/214440\\\/\"},\"wordCount\":434,\"commentCount\":0,\"publisher\":{\"@id\":\"https:\\\/\\\/www.webdo.tn\\\/fr\\\/#organization\"},\"image\":{\"@id\":\"https:\\\/\\\/www.webdo.tn\\\/fr\\\/actualite\\\/national\\\/el-kef-le-ministre-mohamed-rekik-remet-des-contrats-pour-des-projets-publics\\\/214440\\\/#primaryimage\"},\"thumbnailUrl\":\"https:\\\/\\\/www.webdo.tn\\\/fr\\\/wp-content\\\/uploads\\\/2024\\\/05\\\/b0b5f19e5dd03a3d9bcaaf56367d9178.webp\",\"keywords\":[\"Tunisie\"],\"articleSection\":[\"National\"],\"inLanguage\":\"fr-FR\"},{\"@type\":\"WebPage\",\"@id\":\"https:\\\/\\\/www.webdo.tn\\\/fr\\\/actualite\\\/national\\\/el-kef-le-ministre-mohamed-rekik-remet-des-contrats-pour-des-projets-publics\\\/214440\\\/\",\"url\":\"https:\\\/\\\/www.webdo.tn\\\/fr\\\/actualite\\\/national\\\/el-kef-le-ministre-mohamed-rekik-remet-des-contrats-pour-des-projets-publics\\\/214440\\\/\",\"name\":\"Tunisie : Les Domaines de l'Etat se penchent sur les biens appartenant \u00e0 des \u00e9trangers\",\"isPartOf\":{\"@id\":\"https:\\\/\\\/www.webdo.tn\\\/fr\\\/#website\"},\"primaryImageOfPage\":{\"@id\":\"https:\\\/\\\/www.webdo.tn\\\/fr\\\/actualite\\\/national\\\/el-kef-le-ministre-mohamed-rekik-remet-des-contrats-pour-des-projets-publics\\\/214440\\\/#primaryimage\"},\"image\":{\"@id\":\"https:\\\/\\\/www.webdo.tn\\\/fr\\\/actualite\\\/national\\\/el-kef-le-ministre-mohamed-rekik-remet-des-contrats-pour-des-projets-publics\\\/214440\\\/#primaryimage\"},\"thumbnailUrl\":\"https:\\\/\\\/www.webdo.tn\\\/fr\\\/wp-content\\\/uploads\\\/2024\\\/05\\\/b0b5f19e5dd03a3d9bcaaf56367d9178.webp\",\"datePublished\":\"2024-05-28T14:35:00+00:00\",\"dateModified\":\"2025-05-20T22:55:04+00:00\",\"description\":\"Le Ministre des Domaines de l'\u00c9tat, Mohamed Rekik, a annonc\u00e9 des avanc\u00e9es dans la gestion des biens \u00e9trangers en Tunisie et a remis des contrats pour des projet...\",\"breadcrumb\":{\"@id\":\"https:\\\/\\\/www.webdo.tn\\\/fr\\\/actualite\\\/national\\\/el-kef-le-ministre-mohamed-rekik-remet-des-contrats-pour-des-projets-publics\\\/214440\\\/#breadcrumb\"},\"inLanguage\":\"fr-FR\",\"potentialAction\":[{\"@type\":\"ReadAction\",\"target\":[\"https:\\\/\\\/www.webdo.tn\\\/fr\\\/actualite\\\/national\\\/el-kef-le-ministre-mohamed-rekik-remet-des-contrats-pour-des-projets-publics\\\/214440\\\/\"]}]},{\"@type\":\"ImageObject\",\"inLanguage\":\"fr-FR\",\"@id\":\"https:\\\/\\\/www.webdo.tn\\\/fr\\\/actualite\\\/national\\\/el-kef-le-ministre-mohamed-rekik-remet-des-contrats-pour-des-projets-publics\\\/214440\\\/#primaryimage\",\"url\":\"https:\\\/\\\/www.webdo.tn\\\/fr\\\/wp-content\\\/uploads\\\/2024\\\/05\\\/b0b5f19e5dd03a3d9bcaaf56367d9178.webp\",\"contentUrl\":\"https:\\\/\\\/www.webdo.tn\\\/fr\\\/wp-content\\\/uploads\\\/2024\\\/05\\\/b0b5f19e5dd03a3d9bcaaf56367d9178.webp\",\"width\":750,\"height\":400,\"caption\":\"Tunisie : Les Domaines de l'Etat se penchent sur les biens appartenant \u00e0 des \u00e9trangers\"},{\"@type\":\"BreadcrumbList\",\"@id\":\"https:\\\/\\\/www.webdo.tn\\\/fr\\\/actualite\\\/national\\\/el-kef-le-ministre-mohamed-rekik-remet-des-contrats-pour-des-projets-publics\\\/214440\\\/#breadcrumb\",\"itemListElement\":[{\"@type\":\"ListItem\",\"position\":1,\"name\":\"Accueil\",\"item\":\"https:\\\/\\\/www.webdo.tn\\\/fr\\\/\"},{\"@type\":\"ListItem\",\"position\":2,\"name\":\"Tunisie : Les Domaines de l&#8217;Etat se penchent sur les biens appartenant \u00e0 des \u00e9trangers\"}]},{\"@type\":\"WebSite\",\"@id\":\"https:\\\/\\\/www.webdo.tn\\\/fr\\\/#website\",\"url\":\"https:\\\/\\\/www.webdo.tn\\\/fr\\\/\",\"name\":\"webdo\",\"description\":\"Tunisie - News en Tunisie et \u00e0 l&#039;international sur Webdo.tn\",\"publisher\":{\"@id\":\"https:\\\/\\\/www.webdo.tn\\\/fr\\\/#organization\"},\"potentialAction\":[{\"@type\":\"SearchAction\",\"target\":{\"@type\":\"EntryPoint\",\"urlTemplate\":\"https:\\\/\\\/www.webdo.tn\\\/fr\\\/?s={search_term_string}\"},\"query-input\":{\"@type\":\"PropertyValueSpecification\",\"valueRequired\":true,\"valueName\":\"search_term_string\"}}],\"inLanguage\":\"fr-FR\"},{\"@type\":\"Organization\",\"@id\":\"https:\\\/\\\/www.webdo.tn\\\/fr\\\/#organization\",\"name\":\"Webdo\",\"alternateName\":\"Webdo.tn\",\"url\":\"https:\\\/\\\/www.webdo.tn\\\/fr\\\/\",\"logo\":{\"@type\":\"ImageObject\",\"inLanguage\":\"fr-FR\",\"@id\":\"https:\\\/\\\/www.webdo.tn\\\/fr\\\/#\\\/schema\\\/logo\\\/image\\\/\",\"url\":\"https:\\\/\\\/www.webdo.tn\\\/fr\\\/wp-content\\\/uploads\\\/2025\\\/06\\\/Webdo-Tunisie_168377.jpg\",\"contentUrl\":\"https:\\\/\\\/www.webdo.tn\\\/fr\\\/wp-content\\\/uploads\\\/2025\\\/06\\\/Webdo-Tunisie_168377.jpg\",\"width\":301,\"height\":301,\"caption\":\"Webdo\"},\"image\":{\"@id\":\"https:\\\/\\\/www.webdo.tn\\\/fr\\\/#\\\/schema\\\/logo\\\/image\\\/\"},\"sameAs\":[\"https:\\\/\\\/www.facebook.com\\\/webdotn\",\"https:\\\/\\\/x.com\\\/webdo_tn\"],\"description\":\"Webdo est un m\u00e9dia num\u00e9rique tunisien fond\u00e9 en 2010, sp\u00e9cialis\u00e9 dans l\u2019actualit\u00e9 nationale et internationale, l\u2019\u00e9conomie, la soci\u00e9t\u00e9 et les analyses politiques. Le site s\u2019adresse \u00e0 un large public francophone et couvre l\u2019information tunisienne en temps r\u00e9el.\",\"email\":\"redac@webdo.tn\",\"legalName\":\"YNJ SARL\",\"foundingDate\":\"2010-09-06\",\"numberOfEmployees\":{\"@type\":\"QuantitativeValue\",\"minValue\":\"11\",\"maxValue\":\"50\"}},{\"@type\":\"Person\",\"@id\":\"https:\\\/\\\/www.webdo.tn\\\/fr\\\/#\\\/schema\\\/person\\\/5e31e16733206869f020f456fc5fb2a2\",\"name\":\"A.Z\",\"image\":{\"@type\":\"ImageObject\",\"inLanguage\":\"fr-FR\",\"@id\":\"https:\\\/\\\/secure.gravatar.com\\\/avatar\\\/8cdcd492e610a81704472ae2ee8ccb9765700efa034e451c72584311d4c13cb1?s=96&d=mm&r=g\",\"url\":\"https:\\\/\\\/secure.gravatar.com\\\/avatar\\\/8cdcd492e610a81704472ae2ee8ccb9765700efa034e451c72584311d4c13cb1?s=96&d=mm&r=g\",\"contentUrl\":\"https:\\\/\\\/secure.gravatar.com\\\/avatar\\\/8cdcd492e610a81704472ae2ee8ccb9765700efa034e451c72584311d4c13cb1?s=96&d=mm&r=g\",\"caption\":\"A.Z\"},\"url\":\"https:\\\/\\\/www.webdo.tn\\\/fr\\\/actualite\\\/author\\\/a-z\\\/\"}]}<\/script>\n<!-- \/ Yoast SEO Premium plugin. -->","yoast_head_json":{"title":"Tunisie : Les Domaines de l'Etat se penchent sur les biens appartenant \u00e0 des \u00e9trangers","description":"Le Ministre des Domaines de l'\u00c9tat, Mohamed Rekik, a annonc\u00e9 des avanc\u00e9es dans la gestion des biens \u00e9trangers en Tunisie et a remis des contrats pour des projet...","canonical":"https:\/\/www.webdo.tn\/fr\/actualite\/national\/el-kef-le-ministre-mohamed-rekik-remet-des-contrats-pour-des-projets-publics\/214440\/","og_locale":"fr_FR","og_type":"article","og_title":"Tunisie : Les Domaines de l'Etat se penchent sur les biens appartenant \u00e0 des \u00e9trangers","og_description":"Le Ministre des Domaines de l'\u00c9tat, Mohamed Rekik, a annonc\u00e9 des avanc\u00e9es dans la gestion des biens \u00e9trangers en Tunisie et a remis des contrats pour des projet...","og_url":"https:\/\/www.webdo.tn\/fr\/actualite\/national\/el-kef-le-ministre-mohamed-rekik-remet-des-contrats-pour-des-projets-publics\/214440\/","og_site_name":"webdo","article_publisher":"https:\/\/www.facebook.com\/webdotn","article_published_time":"2024-05-28T14:35:00+00:00","article_modified_time":"2025-05-20T22:55:04+00:00","og_image":[{"width":750,"height":400,"url":"https:\/\/www.webdo.tn\/fr\/wp-content\/uploads\/2024\/05\/b0b5f19e5dd03a3d9bcaaf56367d9178.webp","type":"image\/webp"}],"author":"A.Z","twitter_card":"summary_large_image","twitter_creator":"@webdo_tn","twitter_site":"@webdo_tn","twitter_misc":{"\u00c9crit par":"A.Z","Dur\u00e9e de lecture estim\u00e9e":"2 minutes"},"schema":{"@context":"https:\/\/schema.org","@graph":[{"@type":"NewsArticle","@id":"https:\/\/www.webdo.tn\/fr\/actualite\/national\/el-kef-le-ministre-mohamed-rekik-remet-des-contrats-pour-des-projets-publics\/214440\/#article","isPartOf":{"@id":"https:\/\/www.webdo.tn\/fr\/actualite\/national\/el-kef-le-ministre-mohamed-rekik-remet-des-contrats-pour-des-projets-publics\/214440\/"},"author":{"name":"A.Z","@id":"https:\/\/www.webdo.tn\/fr\/#\/schema\/person\/5e31e16733206869f020f456fc5fb2a2"},"headline":"Tunisie : Les Domaines de l&rsquo;Etat se penchent sur les biens appartenant \u00e0 des \u00e9trangers","datePublished":"2024-05-28T14:35:00+00:00","dateModified":"2025-05-20T22:55:04+00:00","mainEntityOfPage":{"@id":"https:\/\/www.webdo.tn\/fr\/actualite\/national\/el-kef-le-ministre-mohamed-rekik-remet-des-contrats-pour-des-projets-publics\/214440\/"},"wordCount":434,"commentCount":0,"publisher":{"@id":"https:\/\/www.webdo.tn\/fr\/#organization"},"image":{"@id":"https:\/\/www.webdo.tn\/fr\/actualite\/national\/el-kef-le-ministre-mohamed-rekik-remet-des-contrats-pour-des-projets-publics\/214440\/#primaryimage"},"thumbnailUrl":"https:\/\/www.webdo.tn\/fr\/wp-content\/uploads\/2024\/05\/b0b5f19e5dd03a3d9bcaaf56367d9178.webp","keywords":["Tunisie"],"articleSection":["National"],"inLanguage":"fr-FR"},{"@type":"WebPage","@id":"https:\/\/www.webdo.tn\/fr\/actualite\/national\/el-kef-le-ministre-mohamed-rekik-remet-des-contrats-pour-des-projets-publics\/214440\/","url":"https:\/\/www.webdo.tn\/fr\/actualite\/national\/el-kef-le-ministre-mohamed-rekik-remet-des-contrats-pour-des-projets-publics\/214440\/","name":"Tunisie : Les Domaines de l'Etat se penchent sur les biens appartenant \u00e0 des \u00e9trangers","isPartOf":{"@id":"https:\/\/www.webdo.tn\/fr\/#website"},"primaryImageOfPage":{"@id":"https:\/\/www.webdo.tn\/fr\/actualite\/national\/el-kef-le-ministre-mohamed-rekik-remet-des-contrats-pour-des-projets-publics\/214440\/#primaryimage"},"image":{"@id":"https:\/\/www.webdo.tn\/fr\/actualite\/national\/el-kef-le-ministre-mohamed-rekik-remet-des-contrats-pour-des-projets-publics\/214440\/#primaryimage"},"thumbnailUrl":"https:\/\/www.webdo.tn\/fr\/wp-content\/uploads\/2024\/05\/b0b5f19e5dd03a3d9bcaaf56367d9178.webp","datePublished":"2024-05-28T14:35:00+00:00","dateModified":"2025-05-20T22:55:04+00:00","description":"Le Ministre des Domaines de l'\u00c9tat, Mohamed Rekik, a annonc\u00e9 des avanc\u00e9es dans la gestion des biens \u00e9trangers en Tunisie et a remis des contrats pour des projet...","breadcrumb":{"@id":"https:\/\/www.webdo.tn\/fr\/actualite\/national\/el-kef-le-ministre-mohamed-rekik-remet-des-contrats-pour-des-projets-publics\/214440\/#breadcrumb"},"inLanguage":"fr-FR","potentialAction":[{"@type":"ReadAction","target":["https:\/\/www.webdo.tn\/fr\/actualite\/national\/el-kef-le-ministre-mohamed-rekik-remet-des-contrats-pour-des-projets-publics\/214440\/"]}]},{"@type":"ImageObject","inLanguage":"fr-FR","@id":"https:\/\/www.webdo.tn\/fr\/actualite\/national\/el-kef-le-ministre-mohamed-rekik-remet-des-contrats-pour-des-projets-publics\/214440\/#primaryimage","url":"https:\/\/www.webdo.tn\/fr\/wp-content\/uploads\/2024\/05\/b0b5f19e5dd03a3d9bcaaf56367d9178.webp","contentUrl":"https:\/\/www.webdo.tn\/fr\/wp-content\/uploads\/2024\/05\/b0b5f19e5dd03a3d9bcaaf56367d9178.webp","width":750,"height":400,"caption":"Tunisie : Les Domaines de l'Etat se penchent sur les biens appartenant \u00e0 des \u00e9trangers"},{"@type":"BreadcrumbList","@id":"https:\/\/www.webdo.tn\/fr\/actualite\/national\/el-kef-le-ministre-mohamed-rekik-remet-des-contrats-pour-des-projets-publics\/214440\/#breadcrumb","itemListElement":[{"@type":"ListItem","position":1,"name":"Accueil","item":"https:\/\/www.webdo.tn\/fr\/"},{"@type":"ListItem","position":2,"name":"Tunisie : Les Domaines de l&#8217;Etat se penchent sur les biens appartenant \u00e0 des \u00e9trangers"}]},{"@type":"WebSite","@id":"https:\/\/www.webdo.tn\/fr\/#website","url":"https:\/\/www.webdo.tn\/fr\/","name":"webdo","description":"Tunisie - News en Tunisie et \u00e0 l&#039;international sur Webdo.tn","publisher":{"@id":"https:\/\/www.webdo.tn\/fr\/#organization"},"potentialAction":[{"@type":"SearchAction","target":{"@type":"EntryPoint","urlTemplate":"https:\/\/www.webdo.tn\/fr\/?s={search_term_string}"},"query-input":{"@type":"PropertyValueSpecification","valueRequired":true,"valueName":"search_term_string"}}],"inLanguage":"fr-FR"},{"@type":"Organization","@id":"https:\/\/www.webdo.tn\/fr\/#organization","name":"Webdo","alternateName":"Webdo.tn","url":"https:\/\/www.webdo.tn\/fr\/","logo":{"@type":"ImageObject","inLanguage":"fr-FR","@id":"https:\/\/www.webdo.tn\/fr\/#\/schema\/logo\/image\/","url":"https:\/\/www.webdo.tn\/fr\/wp-content\/uploads\/2025\/06\/Webdo-Tunisie_168377.jpg","contentUrl":"https:\/\/www.webdo.tn\/fr\/wp-content\/uploads\/2025\/06\/Webdo-Tunisie_168377.jpg","width":301,"height":301,"caption":"Webdo"},"image":{"@id":"https:\/\/www.webdo.tn\/fr\/#\/schema\/logo\/image\/"},"sameAs":["https:\/\/www.facebook.com\/webdotn","https:\/\/x.com\/webdo_tn"],"description":"Webdo est un m\u00e9dia num\u00e9rique tunisien fond\u00e9 en 2010, sp\u00e9cialis\u00e9 dans l\u2019actualit\u00e9 nationale et internationale, l\u2019\u00e9conomie, la soci\u00e9t\u00e9 et les analyses politiques. Le site s\u2019adresse \u00e0 un large public francophone et couvre l\u2019information tunisienne en temps r\u00e9el.","email":"redac@webdo.tn","legalName":"YNJ SARL","foundingDate":"2010-09-06","numberOfEmployees":{"@type":"QuantitativeValue","minValue":"11","maxValue":"50"}},{"@type":"Person","@id":"https:\/\/www.webdo.tn\/fr\/#\/schema\/person\/5e31e16733206869f020f456fc5fb2a2","name":"A.Z","image":{"@type":"ImageObject","inLanguage":"fr-FR","@id":"https:\/\/secure.gravatar.com\/avatar\/8cdcd492e610a81704472ae2ee8ccb9765700efa034e451c72584311d4c13cb1?s=96&d=mm&r=g","url":"https:\/\/secure.gravatar.com\/avatar\/8cdcd492e610a81704472ae2ee8ccb9765700efa034e451c72584311d4c13cb1?s=96&d=mm&r=g","contentUrl":"https:\/\/secure.gravatar.com\/avatar\/8cdcd492e610a81704472ae2ee8ccb9765700efa034e451c72584311d4c13cb1?s=96&d=mm&r=g","caption":"A.Z"},"url":"https:\/\/www.webdo.tn\/fr\/actualite\/author\/a-z\/"}]}},"_links":{"self":[{"href":"https:\/\/www.webdo.tn\/fr\/wp-json\/wp\/v2\/posts\/214440","targetHints":{"allow":["GET"]}}],"collection":[{"href":"https:\/\/www.webdo.tn\/fr\/wp-json\/wp\/v2\/posts"}],"about":[{"href":"https:\/\/www.webdo.tn\/fr\/wp-json\/wp\/v2\/types\/post"}],"author":[{"embeddable":true,"href":"https:\/\/www.webdo.tn\/fr\/wp-json\/wp\/v2\/users\/3180"}],"replies":[{"embeddable":true,"href":"https:\/\/www.webdo.tn\/fr\/wp-json\/wp\/v2\/comments?post=214440"}],"version-history":[{"count":0,"href":"https:\/\/www.webdo.tn\/fr\/wp-json\/wp\/v2\/posts\/214440\/revisions"}],"wp:featuredmedia":[{"embeddable":true,"href":"https:\/\/www.webdo.tn\/fr\/wp-json\/wp\/v2\/media\/247288"}],"wp:attachment":[{"href":"https:\/\/www.webdo.tn\/fr\/wp-json\/wp\/v2\/media?parent=214440"}],"wp:term":[{"taxonomy":"category","embeddable":true,"href":"https:\/\/www.webdo.tn\/fr\/wp-json\/wp\/v2\/categories?post=214440"},{"taxonomy":"post_tag","embeddable":true,"href":"https:\/\/www.webdo.tn\/fr\/wp-json\/wp\/v2\/tags?post=214440"}],"curies":[{"name":"wp","href":"https:\/\/api.w.org\/{rel}","templated":true}]}}