{"id":214429,"date":"2024-05-28T09:29:00","date_gmt":"2024-05-28T09:29:00","guid":{"rendered":"https:\/\/www.webdo.tn\/fr\/blog\/trump-menace-d-expulser-les-etudiants-etrangers-pro-palestiniens\/214429\/"},"modified":"2025-05-21T09:10:51","modified_gmt":"2025-05-21T09:10:51","slug":"trump-menace-d-expulser-les-etudiants-etrangers-pro-palestiniens","status":"publish","type":"post","link":"https:\/\/www.webdo.tn\/fr\/actualite\/international\/trump-menace-d-expulser-les-etudiants-etrangers-pro-palestiniens\/214429\/","title":{"rendered":"Trump menace d&rsquo;expulser les \u00e9tudiants \u00e9trangers pro-palestiniens"},"content":{"rendered":"<p>Lors d&rsquo;une r\u00e9union avec des donateurs fortun\u00e9s \u00e0 New York le 14 mai, Donald Trump a indiqu\u00e9 que s&rsquo;il \u00e9tait r\u00e9\u00e9lu, son administration n&rsquo;h\u00e9siterait pas \u00e0 expulser tout \u00e9tudiant \u00e9tranger ayant particp\u00e9 aux r\u00e9centes manifestations pro-palestiniennes sur les campus universitaires am\u00e9ricains, rapporte le Washington Post.<\/p>\n<p>\t\t\t\t\t\t\t\t\tL&rsquo;ancien pr\u00e9sident et pr\u00e9sum\u00e9 candidat r\u00e9publicain a qualifi\u00e9 ces manifestations contre la guerre d&rsquo;Isra\u00ebl dans la bande de Gaza de \u00ab\u00a0r\u00e9volution radicale\u00a0\u00bb et a promis aux donateurs majoritairement juifs qu&rsquo;il ferait reculer ce mouvement de 25 ou 30 ans s&rsquo;ils l&rsquo;aidaient \u00e0 battre Joe Biden \u00e0 l&rsquo;\u00e9lection pr\u00e9sidentielle de 2024.\u00a0<\/p>\n<p>Ces manifestations, prenant souvent la forme de campements de tentes, d\u00e9noncent la guerre men\u00e9e par Isra\u00ebl dans la bande de Gaza. Trump les a qualifi\u00e9es de \u00ab\u00a0r\u00e9volution radicale\u00a0\u00bb qu&rsquo;il faudrait faire reculer de 25 \u00e0 30 ans.<\/p>\n<p>L&rsquo;ancien pr\u00e9sident a d\u00e9clar\u00e9 que \u00ab\u00a0les \u00e9tudiants \u00e9trangers seraient imm\u00e9diatement renvoy\u00e9s dans leurs pays d&rsquo;origine s&rsquo;ils prenaient part \u00e0 ces rassemblements. Cette mesure radicale viserait \u00e0 \u00e9touffer dans l&rsquo;\u0153uf tout mouvement de soutien \u00e0 la cause palestinienne sur le sol am\u00e9ricain\u00a0\u00bb, ajoute la m\u00eame source.<\/p>\n<p>Trump a salu\u00e9 l&rsquo;intervention muscl\u00e9e de la police new-yorkaise pour d\u00e9manteler les campements \u00e0 l&rsquo;Universit\u00e9 Columbia, pr\u00e9conisant d&rsquo;\u00e9tendre cette approche r\u00e9pressive aux autres villes. \u00ab\u00a0Cela doit \u00eatre stopp\u00e9 maintenant\u00a0\u00bb, a-t-il martel\u00e9, pr\u00e9cise le quotidien am\u00e9ricain.<\/p>\n<p>Les manifestations \u00e9tudiantes pro-palestiniennes sont devenues un enjeu \u00e9lectoral pour les r\u00e9publicains, qui les d\u00e9peignent comme un signe de \u00ab\u00a0chaos\u00a0\u00bb se propageant sous l&rsquo;administration Biden. \u00a0<\/p>\n<p>Les \u00c9tats-Unis restent la premi\u00e8re destination des \u00e9tudiants internationaux avec plus d&rsquo;un million inscrits en 2022\/2023, soit 6% des effectifs. Une hausse de 14% des nouvelles inscriptions a \u00e9t\u00e9 constat\u00e9e, venant de pr\u00e8s de 200 pays diff\u00e9rents.<\/p>\n","protected":false},"excerpt":{"rendered":"<p>Donald Trump menace d&rsquo;expulser les \u00e9tudiants \u00e9trangers impliqu\u00e9s dans les manifestations pro-palestiniennes aux \u00c9tats-Unis s&rsquo;il est r\u00e9\u00e9lu pr\u00e9sident en 2024. D\u00e9c&#8230;<\/p>\n","protected":false},"author":3169,"featured_media":247282,"comment_status":"open","ping_status":"closed","sticky":false,"template":"","format":"standard","meta":{"footnotes":""},"categories":[2598],"tags":[3035,6397,3219,6398,3309],"class_list":["post-214429","post","type-post","status-publish","format-standard","has-post-thumbnail","hentry","category-international","tag-etats-unis","tag-etudiants-etrangers","tag-expulsion","tag-pro-palestiniennes","tag-trump"],"yoast_head":"<!-- This site is optimized with the Yoast SEO Premium plugin v27.5 (Yoast SEO v27.5) - https:\/\/yoast.com\/product\/yoast-seo-premium-wordpress\/ -->\n<title>Trump menace d&#039;expulser les \u00e9tudiants \u00e9trangers pro-palestiniens<\/title>\n<meta name=\"description\" content=\"Donald Trump menace d&#039;expulser les \u00e9tudiants \u00e9trangers impliqu\u00e9s dans les manifestations pro-palestiniennes aux \u00c9tats-Unis s&#039;il est r\u00e9\u00e9lu pr\u00e9sident en 2024. D\u00e9c...\" \/>\n<link rel=\"canonical\" href=\"https:\/\/www.webdo.tn\/fr\/actualite\/international\/trump-menace-d-expulser-les-etudiants-etrangers-pro-palestiniens\/214429\/\" \/>\n<meta property=\"og:locale\" content=\"fr_FR\" \/>\n<meta property=\"og:type\" content=\"article\" \/>\n<meta property=\"og:title\" content=\"Trump menace d&#039;expulser les \u00e9tudiants \u00e9trangers pro-palestiniens\" \/>\n<meta property=\"og:description\" content=\"Donald Trump menace d&#039;expulser les \u00e9tudiants \u00e9trangers impliqu\u00e9s dans les manifestations pro-palestiniennes aux \u00c9tats-Unis s&#039;il est r\u00e9\u00e9lu pr\u00e9sident en 2024. D\u00e9c...\" \/>\n<meta property=\"og:url\" content=\"https:\/\/www.webdo.tn\/fr\/actualite\/international\/trump-menace-d-expulser-les-etudiants-etrangers-pro-palestiniens\/214429\/\" \/>\n<meta property=\"og:site_name\" content=\"webdo\" \/>\n<meta property=\"article:publisher\" content=\"https:\/\/www.facebook.com\/webdotn\" \/>\n<meta property=\"article:published_time\" content=\"2024-05-28T09:29:00+00:00\" \/>\n<meta property=\"article:modified_time\" content=\"2025-05-21T09:10:51+00:00\" \/>\n<meta property=\"og:image\" content=\"https:\/\/www.webdo.tn\/fr\/wp-content\/uploads\/2024\/05\/3e990e66d68cff45c7d54d0559c1e983.webp\" \/>\n\t<meta property=\"og:image:width\" content=\"750\" \/>\n\t<meta property=\"og:image:height\" content=\"400\" \/>\n\t<meta property=\"og:image:type\" content=\"image\/webp\" \/>\n<meta name=\"author\" content=\"Webdo\" \/>\n<meta name=\"twitter:card\" content=\"summary_large_image\" \/>\n<meta name=\"twitter:creator\" content=\"@webdo_tn\" \/>\n<meta name=\"twitter:site\" content=\"@webdo_tn\" \/>\n<meta name=\"twitter:label1\" content=\"\u00c9crit par\" \/>\n\t<meta name=\"twitter:data1\" content=\"Webdo\" \/>\n\t<meta name=\"twitter:label2\" content=\"Dur\u00e9e de lecture estim\u00e9e\" \/>\n\t<meta name=\"twitter:data2\" content=\"1 minute\" \/>\n<script type=\"application\/ld+json\" class=\"yoast-schema-graph\">{\"@context\":\"https:\\\/\\\/schema.org\",\"@graph\":[{\"@type\":\"NewsArticle\",\"@id\":\"https:\\\/\\\/www.webdo.tn\\\/fr\\\/actualite\\\/international\\\/trump-menace-d-expulser-les-etudiants-etrangers-pro-palestiniens\\\/214429\\\/#article\",\"isPartOf\":{\"@id\":\"https:\\\/\\\/www.webdo.tn\\\/fr\\\/actualite\\\/international\\\/trump-menace-d-expulser-les-etudiants-etrangers-pro-palestiniens\\\/214429\\\/\"},\"author\":{\"name\":\"Webdo\",\"@id\":\"https:\\\/\\\/www.webdo.tn\\\/fr\\\/#\\\/schema\\\/person\\\/1f4e491e0907b413d61089e8eb573acc\"},\"headline\":\"Trump menace d&rsquo;expulser les \u00e9tudiants \u00e9trangers pro-palestiniens\",\"datePublished\":\"2024-05-28T09:29:00+00:00\",\"dateModified\":\"2025-05-21T09:10:51+00:00\",\"mainEntityOfPage\":{\"@id\":\"https:\\\/\\\/www.webdo.tn\\\/fr\\\/actualite\\\/international\\\/trump-menace-d-expulser-les-etudiants-etrangers-pro-palestiniens\\\/214429\\\/\"},\"wordCount\":317,\"commentCount\":0,\"publisher\":{\"@id\":\"https:\\\/\\\/www.webdo.tn\\\/fr\\\/#organization\"},\"image\":{\"@id\":\"https:\\\/\\\/www.webdo.tn\\\/fr\\\/actualite\\\/international\\\/trump-menace-d-expulser-les-etudiants-etrangers-pro-palestiniens\\\/214429\\\/#primaryimage\"},\"thumbnailUrl\":\"https:\\\/\\\/www.webdo.tn\\\/fr\\\/wp-content\\\/uploads\\\/2024\\\/05\\\/3e990e66d68cff45c7d54d0559c1e983.webp\",\"keywords\":[\"Etats-Unis\",\"\u00e9tudiants \u00e9trangers\",\"expulsion\",\"pro-palestiniennes\",\"trump\"],\"articleSection\":[\"International\"],\"inLanguage\":\"fr-FR\"},{\"@type\":\"WebPage\",\"@id\":\"https:\\\/\\\/www.webdo.tn\\\/fr\\\/actualite\\\/international\\\/trump-menace-d-expulser-les-etudiants-etrangers-pro-palestiniens\\\/214429\\\/\",\"url\":\"https:\\\/\\\/www.webdo.tn\\\/fr\\\/actualite\\\/international\\\/trump-menace-d-expulser-les-etudiants-etrangers-pro-palestiniens\\\/214429\\\/\",\"name\":\"Trump menace d'expulser les \u00e9tudiants \u00e9trangers pro-palestiniens\",\"isPartOf\":{\"@id\":\"https:\\\/\\\/www.webdo.tn\\\/fr\\\/#website\"},\"primaryImageOfPage\":{\"@id\":\"https:\\\/\\\/www.webdo.tn\\\/fr\\\/actualite\\\/international\\\/trump-menace-d-expulser-les-etudiants-etrangers-pro-palestiniens\\\/214429\\\/#primaryimage\"},\"image\":{\"@id\":\"https:\\\/\\\/www.webdo.tn\\\/fr\\\/actualite\\\/international\\\/trump-menace-d-expulser-les-etudiants-etrangers-pro-palestiniens\\\/214429\\\/#primaryimage\"},\"thumbnailUrl\":\"https:\\\/\\\/www.webdo.tn\\\/fr\\\/wp-content\\\/uploads\\\/2024\\\/05\\\/3e990e66d68cff45c7d54d0559c1e983.webp\",\"datePublished\":\"2024-05-28T09:29:00+00:00\",\"dateModified\":\"2025-05-21T09:10:51+00:00\",\"description\":\"Donald Trump menace d'expulser les \u00e9tudiants \u00e9trangers impliqu\u00e9s dans les manifestations pro-palestiniennes aux \u00c9tats-Unis s'il est r\u00e9\u00e9lu pr\u00e9sident en 2024. D\u00e9c...\",\"breadcrumb\":{\"@id\":\"https:\\\/\\\/www.webdo.tn\\\/fr\\\/actualite\\\/international\\\/trump-menace-d-expulser-les-etudiants-etrangers-pro-palestiniens\\\/214429\\\/#breadcrumb\"},\"inLanguage\":\"fr-FR\",\"potentialAction\":[{\"@type\":\"ReadAction\",\"target\":[\"https:\\\/\\\/www.webdo.tn\\\/fr\\\/actualite\\\/international\\\/trump-menace-d-expulser-les-etudiants-etrangers-pro-palestiniens\\\/214429\\\/\"]}]},{\"@type\":\"ImageObject\",\"inLanguage\":\"fr-FR\",\"@id\":\"https:\\\/\\\/www.webdo.tn\\\/fr\\\/actualite\\\/international\\\/trump-menace-d-expulser-les-etudiants-etrangers-pro-palestiniens\\\/214429\\\/#primaryimage\",\"url\":\"https:\\\/\\\/www.webdo.tn\\\/fr\\\/wp-content\\\/uploads\\\/2024\\\/05\\\/3e990e66d68cff45c7d54d0559c1e983.webp\",\"contentUrl\":\"https:\\\/\\\/www.webdo.tn\\\/fr\\\/wp-content\\\/uploads\\\/2024\\\/05\\\/3e990e66d68cff45c7d54d0559c1e983.webp\",\"width\":750,\"height\":400,\"caption\":\"Trump menace d'expulser les \u00e9tudiants \u00e9trangers pro-palestiniens\"},{\"@type\":\"BreadcrumbList\",\"@id\":\"https:\\\/\\\/www.webdo.tn\\\/fr\\\/actualite\\\/international\\\/trump-menace-d-expulser-les-etudiants-etrangers-pro-palestiniens\\\/214429\\\/#breadcrumb\",\"itemListElement\":[{\"@type\":\"ListItem\",\"position\":1,\"name\":\"Accueil\",\"item\":\"https:\\\/\\\/www.webdo.tn\\\/fr\\\/\"},{\"@type\":\"ListItem\",\"position\":2,\"name\":\"Trump menace d&rsquo;expulser les \u00e9tudiants \u00e9trangers pro-palestiniens\"}]},{\"@type\":\"WebSite\",\"@id\":\"https:\\\/\\\/www.webdo.tn\\\/fr\\\/#website\",\"url\":\"https:\\\/\\\/www.webdo.tn\\\/fr\\\/\",\"name\":\"webdo\",\"description\":\"Tunisie - News en Tunisie et \u00e0 l&#039;international sur Webdo.tn\",\"publisher\":{\"@id\":\"https:\\\/\\\/www.webdo.tn\\\/fr\\\/#organization\"},\"potentialAction\":[{\"@type\":\"SearchAction\",\"target\":{\"@type\":\"EntryPoint\",\"urlTemplate\":\"https:\\\/\\\/www.webdo.tn\\\/fr\\\/?s={search_term_string}\"},\"query-input\":{\"@type\":\"PropertyValueSpecification\",\"valueRequired\":true,\"valueName\":\"search_term_string\"}}],\"inLanguage\":\"fr-FR\"},{\"@type\":\"Organization\",\"@id\":\"https:\\\/\\\/www.webdo.tn\\\/fr\\\/#organization\",\"name\":\"Webdo\",\"alternateName\":\"Webdo.tn\",\"url\":\"https:\\\/\\\/www.webdo.tn\\\/fr\\\/\",\"logo\":{\"@type\":\"ImageObject\",\"inLanguage\":\"fr-FR\",\"@id\":\"https:\\\/\\\/www.webdo.tn\\\/fr\\\/#\\\/schema\\\/logo\\\/image\\\/\",\"url\":\"https:\\\/\\\/www.webdo.tn\\\/fr\\\/wp-content\\\/uploads\\\/2025\\\/06\\\/Webdo-Tunisie_168377.jpg\",\"contentUrl\":\"https:\\\/\\\/www.webdo.tn\\\/fr\\\/wp-content\\\/uploads\\\/2025\\\/06\\\/Webdo-Tunisie_168377.jpg\",\"width\":301,\"height\":301,\"caption\":\"Webdo\"},\"image\":{\"@id\":\"https:\\\/\\\/www.webdo.tn\\\/fr\\\/#\\\/schema\\\/logo\\\/image\\\/\"},\"sameAs\":[\"https:\\\/\\\/www.facebook.com\\\/webdotn\",\"https:\\\/\\\/x.com\\\/webdo_tn\"],\"description\":\"Webdo est un m\u00e9dia num\u00e9rique tunisien fond\u00e9 en 2010, sp\u00e9cialis\u00e9 dans l\u2019actualit\u00e9 nationale et internationale, l\u2019\u00e9conomie, la soci\u00e9t\u00e9 et les analyses politiques. Le site s\u2019adresse \u00e0 un large public francophone et couvre l\u2019information tunisienne en temps r\u00e9el.\",\"email\":\"redac@webdo.tn\",\"legalName\":\"YNJ SARL\",\"foundingDate\":\"2010-09-06\",\"numberOfEmployees\":{\"@type\":\"QuantitativeValue\",\"minValue\":\"11\",\"maxValue\":\"50\"}},{\"@type\":\"Person\",\"@id\":\"https:\\\/\\\/www.webdo.tn\\\/fr\\\/#\\\/schema\\\/person\\\/1f4e491e0907b413d61089e8eb573acc\",\"name\":\"Webdo\",\"image\":{\"@type\":\"ImageObject\",\"inLanguage\":\"fr-FR\",\"@id\":\"https:\\\/\\\/secure.gravatar.com\\\/avatar\\\/de97aeec1bb80978a9dbb127e47dfc88aaacb2f3c29aac907d8d3222e3495d49?s=96&d=mm&r=g\",\"url\":\"https:\\\/\\\/secure.gravatar.com\\\/avatar\\\/de97aeec1bb80978a9dbb127e47dfc88aaacb2f3c29aac907d8d3222e3495d49?s=96&d=mm&r=g\",\"contentUrl\":\"https:\\\/\\\/secure.gravatar.com\\\/avatar\\\/de97aeec1bb80978a9dbb127e47dfc88aaacb2f3c29aac907d8d3222e3495d49?s=96&d=mm&r=g\",\"caption\":\"Webdo\"},\"url\":\"https:\\\/\\\/www.webdo.tn\\\/fr\\\/actualite\\\/author\\\/webdo\\\/\"}]}<\/script>\n<!-- \/ Yoast SEO Premium plugin. -->","yoast_head_json":{"title":"Trump menace d'expulser les \u00e9tudiants \u00e9trangers pro-palestiniens","description":"Donald Trump menace d'expulser les \u00e9tudiants \u00e9trangers impliqu\u00e9s dans les manifestations pro-palestiniennes aux \u00c9tats-Unis s'il est r\u00e9\u00e9lu pr\u00e9sident en 2024. D\u00e9c...","canonical":"https:\/\/www.webdo.tn\/fr\/actualite\/international\/trump-menace-d-expulser-les-etudiants-etrangers-pro-palestiniens\/214429\/","og_locale":"fr_FR","og_type":"article","og_title":"Trump menace d'expulser les \u00e9tudiants \u00e9trangers pro-palestiniens","og_description":"Donald Trump menace d'expulser les \u00e9tudiants \u00e9trangers impliqu\u00e9s dans les manifestations pro-palestiniennes aux \u00c9tats-Unis s'il est r\u00e9\u00e9lu pr\u00e9sident en 2024. D\u00e9c...","og_url":"https:\/\/www.webdo.tn\/fr\/actualite\/international\/trump-menace-d-expulser-les-etudiants-etrangers-pro-palestiniens\/214429\/","og_site_name":"webdo","article_publisher":"https:\/\/www.facebook.com\/webdotn","article_published_time":"2024-05-28T09:29:00+00:00","article_modified_time":"2025-05-21T09:10:51+00:00","og_image":[{"width":750,"height":400,"url":"https:\/\/www.webdo.tn\/fr\/wp-content\/uploads\/2024\/05\/3e990e66d68cff45c7d54d0559c1e983.webp","type":"image\/webp"}],"author":"Webdo","twitter_card":"summary_large_image","twitter_creator":"@webdo_tn","twitter_site":"@webdo_tn","twitter_misc":{"\u00c9crit par":"Webdo","Dur\u00e9e de lecture estim\u00e9e":"1 minute"},"schema":{"@context":"https:\/\/schema.org","@graph":[{"@type":"NewsArticle","@id":"https:\/\/www.webdo.tn\/fr\/actualite\/international\/trump-menace-d-expulser-les-etudiants-etrangers-pro-palestiniens\/214429\/#article","isPartOf":{"@id":"https:\/\/www.webdo.tn\/fr\/actualite\/international\/trump-menace-d-expulser-les-etudiants-etrangers-pro-palestiniens\/214429\/"},"author":{"name":"Webdo","@id":"https:\/\/www.webdo.tn\/fr\/#\/schema\/person\/1f4e491e0907b413d61089e8eb573acc"},"headline":"Trump menace d&rsquo;expulser les \u00e9tudiants \u00e9trangers pro-palestiniens","datePublished":"2024-05-28T09:29:00+00:00","dateModified":"2025-05-21T09:10:51+00:00","mainEntityOfPage":{"@id":"https:\/\/www.webdo.tn\/fr\/actualite\/international\/trump-menace-d-expulser-les-etudiants-etrangers-pro-palestiniens\/214429\/"},"wordCount":317,"commentCount":0,"publisher":{"@id":"https:\/\/www.webdo.tn\/fr\/#organization"},"image":{"@id":"https:\/\/www.webdo.tn\/fr\/actualite\/international\/trump-menace-d-expulser-les-etudiants-etrangers-pro-palestiniens\/214429\/#primaryimage"},"thumbnailUrl":"https:\/\/www.webdo.tn\/fr\/wp-content\/uploads\/2024\/05\/3e990e66d68cff45c7d54d0559c1e983.webp","keywords":["Etats-Unis","\u00e9tudiants \u00e9trangers","expulsion","pro-palestiniennes","trump"],"articleSection":["International"],"inLanguage":"fr-FR"},{"@type":"WebPage","@id":"https:\/\/www.webdo.tn\/fr\/actualite\/international\/trump-menace-d-expulser-les-etudiants-etrangers-pro-palestiniens\/214429\/","url":"https:\/\/www.webdo.tn\/fr\/actualite\/international\/trump-menace-d-expulser-les-etudiants-etrangers-pro-palestiniens\/214429\/","name":"Trump menace d'expulser les \u00e9tudiants \u00e9trangers pro-palestiniens","isPartOf":{"@id":"https:\/\/www.webdo.tn\/fr\/#website"},"primaryImageOfPage":{"@id":"https:\/\/www.webdo.tn\/fr\/actualite\/international\/trump-menace-d-expulser-les-etudiants-etrangers-pro-palestiniens\/214429\/#primaryimage"},"image":{"@id":"https:\/\/www.webdo.tn\/fr\/actualite\/international\/trump-menace-d-expulser-les-etudiants-etrangers-pro-palestiniens\/214429\/#primaryimage"},"thumbnailUrl":"https:\/\/www.webdo.tn\/fr\/wp-content\/uploads\/2024\/05\/3e990e66d68cff45c7d54d0559c1e983.webp","datePublished":"2024-05-28T09:29:00+00:00","dateModified":"2025-05-21T09:10:51+00:00","description":"Donald Trump menace d'expulser les \u00e9tudiants \u00e9trangers impliqu\u00e9s dans les manifestations pro-palestiniennes aux \u00c9tats-Unis s'il est r\u00e9\u00e9lu pr\u00e9sident en 2024. D\u00e9c...","breadcrumb":{"@id":"https:\/\/www.webdo.tn\/fr\/actualite\/international\/trump-menace-d-expulser-les-etudiants-etrangers-pro-palestiniens\/214429\/#breadcrumb"},"inLanguage":"fr-FR","potentialAction":[{"@type":"ReadAction","target":["https:\/\/www.webdo.tn\/fr\/actualite\/international\/trump-menace-d-expulser-les-etudiants-etrangers-pro-palestiniens\/214429\/"]}]},{"@type":"ImageObject","inLanguage":"fr-FR","@id":"https:\/\/www.webdo.tn\/fr\/actualite\/international\/trump-menace-d-expulser-les-etudiants-etrangers-pro-palestiniens\/214429\/#primaryimage","url":"https:\/\/www.webdo.tn\/fr\/wp-content\/uploads\/2024\/05\/3e990e66d68cff45c7d54d0559c1e983.webp","contentUrl":"https:\/\/www.webdo.tn\/fr\/wp-content\/uploads\/2024\/05\/3e990e66d68cff45c7d54d0559c1e983.webp","width":750,"height":400,"caption":"Trump menace d'expulser les \u00e9tudiants \u00e9trangers pro-palestiniens"},{"@type":"BreadcrumbList","@id":"https:\/\/www.webdo.tn\/fr\/actualite\/international\/trump-menace-d-expulser-les-etudiants-etrangers-pro-palestiniens\/214429\/#breadcrumb","itemListElement":[{"@type":"ListItem","position":1,"name":"Accueil","item":"https:\/\/www.webdo.tn\/fr\/"},{"@type":"ListItem","position":2,"name":"Trump menace d&rsquo;expulser les \u00e9tudiants \u00e9trangers pro-palestiniens"}]},{"@type":"WebSite","@id":"https:\/\/www.webdo.tn\/fr\/#website","url":"https:\/\/www.webdo.tn\/fr\/","name":"webdo","description":"Tunisie - News en Tunisie et \u00e0 l&#039;international sur Webdo.tn","publisher":{"@id":"https:\/\/www.webdo.tn\/fr\/#organization"},"potentialAction":[{"@type":"SearchAction","target":{"@type":"EntryPoint","urlTemplate":"https:\/\/www.webdo.tn\/fr\/?s={search_term_string}"},"query-input":{"@type":"PropertyValueSpecification","valueRequired":true,"valueName":"search_term_string"}}],"inLanguage":"fr-FR"},{"@type":"Organization","@id":"https:\/\/www.webdo.tn\/fr\/#organization","name":"Webdo","alternateName":"Webdo.tn","url":"https:\/\/www.webdo.tn\/fr\/","logo":{"@type":"ImageObject","inLanguage":"fr-FR","@id":"https:\/\/www.webdo.tn\/fr\/#\/schema\/logo\/image\/","url":"https:\/\/www.webdo.tn\/fr\/wp-content\/uploads\/2025\/06\/Webdo-Tunisie_168377.jpg","contentUrl":"https:\/\/www.webdo.tn\/fr\/wp-content\/uploads\/2025\/06\/Webdo-Tunisie_168377.jpg","width":301,"height":301,"caption":"Webdo"},"image":{"@id":"https:\/\/www.webdo.tn\/fr\/#\/schema\/logo\/image\/"},"sameAs":["https:\/\/www.facebook.com\/webdotn","https:\/\/x.com\/webdo_tn"],"description":"Webdo est un m\u00e9dia num\u00e9rique tunisien fond\u00e9 en 2010, sp\u00e9cialis\u00e9 dans l\u2019actualit\u00e9 nationale et internationale, l\u2019\u00e9conomie, la soci\u00e9t\u00e9 et les analyses politiques. Le site s\u2019adresse \u00e0 un large public francophone et couvre l\u2019information tunisienne en temps r\u00e9el.","email":"redac@webdo.tn","legalName":"YNJ SARL","foundingDate":"2010-09-06","numberOfEmployees":{"@type":"QuantitativeValue","minValue":"11","maxValue":"50"}},{"@type":"Person","@id":"https:\/\/www.webdo.tn\/fr\/#\/schema\/person\/1f4e491e0907b413d61089e8eb573acc","name":"Webdo","image":{"@type":"ImageObject","inLanguage":"fr-FR","@id":"https:\/\/secure.gravatar.com\/avatar\/de97aeec1bb80978a9dbb127e47dfc88aaacb2f3c29aac907d8d3222e3495d49?s=96&d=mm&r=g","url":"https:\/\/secure.gravatar.com\/avatar\/de97aeec1bb80978a9dbb127e47dfc88aaacb2f3c29aac907d8d3222e3495d49?s=96&d=mm&r=g","contentUrl":"https:\/\/secure.gravatar.com\/avatar\/de97aeec1bb80978a9dbb127e47dfc88aaacb2f3c29aac907d8d3222e3495d49?s=96&d=mm&r=g","caption":"Webdo"},"url":"https:\/\/www.webdo.tn\/fr\/actualite\/author\/webdo\/"}]}},"_links":{"self":[{"href":"https:\/\/www.webdo.tn\/fr\/wp-json\/wp\/v2\/posts\/214429","targetHints":{"allow":["GET"]}}],"collection":[{"href":"https:\/\/www.webdo.tn\/fr\/wp-json\/wp\/v2\/posts"}],"about":[{"href":"https:\/\/www.webdo.tn\/fr\/wp-json\/wp\/v2\/types\/post"}],"author":[{"embeddable":true,"href":"https:\/\/www.webdo.tn\/fr\/wp-json\/wp\/v2\/users\/3169"}],"replies":[{"embeddable":true,"href":"https:\/\/www.webdo.tn\/fr\/wp-json\/wp\/v2\/comments?post=214429"}],"version-history":[{"count":0,"href":"https:\/\/www.webdo.tn\/fr\/wp-json\/wp\/v2\/posts\/214429\/revisions"}],"wp:featuredmedia":[{"embeddable":true,"href":"https:\/\/www.webdo.tn\/fr\/wp-json\/wp\/v2\/media\/247282"}],"wp:attachment":[{"href":"https:\/\/www.webdo.tn\/fr\/wp-json\/wp\/v2\/media?parent=214429"}],"wp:term":[{"taxonomy":"category","embeddable":true,"href":"https:\/\/www.webdo.tn\/fr\/wp-json\/wp\/v2\/categories?post=214429"},{"taxonomy":"post_tag","embeddable":true,"href":"https:\/\/www.webdo.tn\/fr\/wp-json\/wp\/v2\/tags?post=214429"}],"curies":[{"name":"wp","href":"https:\/\/api.w.org\/{rel}","templated":true}]}}