{"id":214423,"date":"2024-05-27T21:21:00","date_gmt":"2024-05-27T21:21:00","guid":{"rendered":"https:\/\/www.webdo.tn\/fr\/blog\/tunisie-reunion-ministerielle-sur-les-avantages-fiscaux-des-tre\/214423\/"},"modified":"2025-05-20T22:55:07","modified_gmt":"2025-05-20T22:55:07","slug":"tunisie-reunion-ministerielle-sur-les-avantages-fiscaux-des-tre","status":"publish","type":"post","link":"https:\/\/www.webdo.tn\/fr\/actualite\/national\/tunisie-reunion-ministerielle-sur-les-avantages-fiscaux-des-tre\/214423\/","title":{"rendered":"Tunisie : R\u00e9union minist\u00e9rielle sur les avantages fiscaux des TRE"},"content":{"rendered":"<p>Le chef du gouvernement Ahmed Hachani a pr\u00e9sid\u00e9 ce lundi 27 mai, une r\u00e9union du Conseil des Ministres ax\u00e9e sur un d\u00e9cret visant \u00e0 r\u00e9guler les avantages fiscaux pour les Tunisiens r\u00e9sidant \u00e0 l&rsquo;\u00e9tranger.<\/p>\n<p>\t\t\t\t\t\t\t\t\tParmi les points \u00e0 l&rsquo;ordre du jour figurait un projet de loi visant \u00e0 approuver un accord de financement crucial entre l&rsquo;\u00c9tat tunisien et des banques locales. Cet accord, conclu le 16 mai 2024, vise \u00e0 soutenir le budget de l&rsquo;\u00c9tat en mobilisant des fonds \u00e0 travers un pr\u00eat en devises, comblant ainsi les besoins financiers pr\u00e9vus pour l&rsquo;exercice budg\u00e9taire 2024.<\/p>\n<p>Un autre point de discussion majeur portait sur un projet de d\u00e9cret visant \u00e0 r\u00e9guler les avantages fiscaux pour les Tunisiens r\u00e9sidant \u00e0 l&rsquo;\u00e9tranger. Ce d\u00e9cret, en conformit\u00e9 avec les dispositions de la loi de finances pour l&rsquo;ann\u00e9e 2024, pr\u00e9voit des mesures pour accorder des exemptions totales ou partielles des droits et taxes tous les dix ans lors de l&rsquo;importation ou de l&rsquo;acquisition de certains v\u00e9hicules sur le march\u00e9 local.<br \/>\nCe projet de d\u00e9cret inclut \u00e9galement des dispositions pour tenir compte des modifications apport\u00e9es aux lois douani\u00e8res et fiscales.<\/p>\n<p>En r\u00e9ponse \u00e0 une demande croissante pour des v\u00e9hicules respectueux de l&rsquo;environnement, le projet de d\u00e9cret propose \u00e9galement d&rsquo;inclure les voitures hybrides et \u00e9lectriques parmi les v\u00e9hicules \u00e9ligibles \u00e0 ces exemptions fiscales.<\/p>\n","protected":false},"excerpt":{"rendered":"<p>Parmi les points \u00e0 l&rsquo;ordre du jour figurait un projet de loi visant \u00e0 approuver un accord de financement crucial entre l&rsquo;\u00c9tat tunisien et des banques locales. C&#8230;<\/p>\n","protected":false},"author":3180,"featured_media":290646,"comment_status":"open","ping_status":"closed","sticky":false,"template":"","format":"standard","meta":{"footnotes":""},"categories":[44],"tags":[2645,2608],"class_list":["post-214423","post","type-post","status-publish","format-standard","has-post-thumbnail","hentry","category-national","tag-tre","tag-tunisie"],"yoast_head":"<!-- This site is optimized with the Yoast SEO Premium plugin v27.4 (Yoast SEO v27.5) - https:\/\/yoast.com\/product\/yoast-seo-premium-wordpress\/ -->\n<title>Tunisie : R\u00e9union minist\u00e9rielle sur les avantages fiscaux des TRE<\/title>\n<meta name=\"description\" content=\"Parmi les points \u00e0 l&#039;ordre du jour figurait un projet de loi visant \u00e0 approuver un accord de financement crucial entre l&#039;\u00c9tat tunisien et des banques locales. C...\" \/>\n<link rel=\"canonical\" href=\"https:\/\/www.webdo.tn\/fr\/actualite\/national\/tunisie-reunion-ministerielle-sur-les-avantages-fiscaux-des-tre\/214423\/\" \/>\n<meta property=\"og:locale\" content=\"fr_FR\" \/>\n<meta property=\"og:type\" content=\"article\" \/>\n<meta property=\"og:title\" content=\"Tunisie : R\u00e9union minist\u00e9rielle sur les avantages fiscaux des TRE\" \/>\n<meta property=\"og:description\" content=\"Parmi les points \u00e0 l&#039;ordre du jour figurait un projet de loi visant \u00e0 approuver un accord de financement crucial entre l&#039;\u00c9tat tunisien et des banques locales. C...\" \/>\n<meta property=\"og:url\" content=\"https:\/\/www.webdo.tn\/fr\/actualite\/national\/tunisie-reunion-ministerielle-sur-les-avantages-fiscaux-des-tre\/214423\/\" \/>\n<meta property=\"og:site_name\" content=\"webdo\" \/>\n<meta property=\"article:publisher\" content=\"https:\/\/www.facebook.com\/webdotn\" \/>\n<meta property=\"article:published_time\" content=\"2024-05-27T21:21:00+00:00\" \/>\n<meta property=\"article:modified_time\" content=\"2025-05-20T22:55:07+00:00\" \/>\n<meta property=\"og:image\" content=\"https:\/\/www.webdo.tn\/fr\/wp-content\/uploads\/2024\/05\/ceecddeeb1c60580d380025e03419371.webp\" \/>\n\t<meta property=\"og:image:width\" content=\"750\" \/>\n\t<meta property=\"og:image:height\" content=\"400\" \/>\n\t<meta property=\"og:image:type\" content=\"image\/webp\" \/>\n<meta name=\"author\" content=\"A.Z\" \/>\n<meta name=\"twitter:card\" content=\"summary_large_image\" \/>\n<meta name=\"twitter:creator\" content=\"@webdo_tn\" \/>\n<meta name=\"twitter:site\" content=\"@webdo_tn\" \/>\n<meta name=\"twitter:label1\" content=\"\u00c9crit par\" \/>\n\t<meta name=\"twitter:data1\" content=\"A.Z\" \/>\n\t<meta name=\"twitter:label2\" content=\"Dur\u00e9e de lecture estim\u00e9e\" \/>\n\t<meta name=\"twitter:data2\" content=\"1 minute\" \/>\n<script type=\"application\/ld+json\" class=\"yoast-schema-graph\">{\"@context\":\"https:\\\/\\\/schema.org\",\"@graph\":[{\"@type\":\"NewsArticle\",\"@id\":\"https:\\\/\\\/www.webdo.tn\\\/fr\\\/actualite\\\/national\\\/tunisie-reunion-ministerielle-sur-les-avantages-fiscaux-des-tre\\\/214423\\\/#article\",\"isPartOf\":{\"@id\":\"https:\\\/\\\/www.webdo.tn\\\/fr\\\/actualite\\\/national\\\/tunisie-reunion-ministerielle-sur-les-avantages-fiscaux-des-tre\\\/214423\\\/\"},\"author\":{\"name\":\"A.Z\",\"@id\":\"https:\\\/\\\/www.webdo.tn\\\/fr\\\/#\\\/schema\\\/person\\\/5e31e16733206869f020f456fc5fb2a2\"},\"headline\":\"Tunisie : R\u00e9union minist\u00e9rielle sur les avantages fiscaux des TRE\",\"datePublished\":\"2024-05-27T21:21:00+00:00\",\"dateModified\":\"2025-05-20T22:55:07+00:00\",\"mainEntityOfPage\":{\"@id\":\"https:\\\/\\\/www.webdo.tn\\\/fr\\\/actualite\\\/national\\\/tunisie-reunion-ministerielle-sur-les-avantages-fiscaux-des-tre\\\/214423\\\/\"},\"wordCount\":246,\"commentCount\":0,\"publisher\":{\"@id\":\"https:\\\/\\\/www.webdo.tn\\\/fr\\\/#organization\"},\"image\":{\"@id\":\"https:\\\/\\\/www.webdo.tn\\\/fr\\\/actualite\\\/national\\\/tunisie-reunion-ministerielle-sur-les-avantages-fiscaux-des-tre\\\/214423\\\/#primaryimage\"},\"thumbnailUrl\":\"https:\\\/\\\/www.webdo.tn\\\/fr\\\/wp-content\\\/uploads\\\/2024\\\/05\\\/ceecddeeb1c60580d380025e03419371.webp\",\"keywords\":[\"TRE\",\"Tunisie\"],\"articleSection\":[\"National\"],\"inLanguage\":\"fr-FR\"},{\"@type\":\"WebPage\",\"@id\":\"https:\\\/\\\/www.webdo.tn\\\/fr\\\/actualite\\\/national\\\/tunisie-reunion-ministerielle-sur-les-avantages-fiscaux-des-tre\\\/214423\\\/\",\"url\":\"https:\\\/\\\/www.webdo.tn\\\/fr\\\/actualite\\\/national\\\/tunisie-reunion-ministerielle-sur-les-avantages-fiscaux-des-tre\\\/214423\\\/\",\"name\":\"Tunisie : R\u00e9union minist\u00e9rielle sur les avantages fiscaux des TRE\",\"isPartOf\":{\"@id\":\"https:\\\/\\\/www.webdo.tn\\\/fr\\\/#website\"},\"primaryImageOfPage\":{\"@id\":\"https:\\\/\\\/www.webdo.tn\\\/fr\\\/actualite\\\/national\\\/tunisie-reunion-ministerielle-sur-les-avantages-fiscaux-des-tre\\\/214423\\\/#primaryimage\"},\"image\":{\"@id\":\"https:\\\/\\\/www.webdo.tn\\\/fr\\\/actualite\\\/national\\\/tunisie-reunion-ministerielle-sur-les-avantages-fiscaux-des-tre\\\/214423\\\/#primaryimage\"},\"thumbnailUrl\":\"https:\\\/\\\/www.webdo.tn\\\/fr\\\/wp-content\\\/uploads\\\/2024\\\/05\\\/ceecddeeb1c60580d380025e03419371.webp\",\"datePublished\":\"2024-05-27T21:21:00+00:00\",\"dateModified\":\"2025-05-20T22:55:07+00:00\",\"description\":\"Parmi les points \u00e0 l'ordre du jour figurait un projet de loi visant \u00e0 approuver un accord de financement crucial entre l'\u00c9tat tunisien et des banques locales. C...\",\"breadcrumb\":{\"@id\":\"https:\\\/\\\/www.webdo.tn\\\/fr\\\/actualite\\\/national\\\/tunisie-reunion-ministerielle-sur-les-avantages-fiscaux-des-tre\\\/214423\\\/#breadcrumb\"},\"inLanguage\":\"fr-FR\",\"potentialAction\":[{\"@type\":\"ReadAction\",\"target\":[\"https:\\\/\\\/www.webdo.tn\\\/fr\\\/actualite\\\/national\\\/tunisie-reunion-ministerielle-sur-les-avantages-fiscaux-des-tre\\\/214423\\\/\"]}]},{\"@type\":\"ImageObject\",\"inLanguage\":\"fr-FR\",\"@id\":\"https:\\\/\\\/www.webdo.tn\\\/fr\\\/actualite\\\/national\\\/tunisie-reunion-ministerielle-sur-les-avantages-fiscaux-des-tre\\\/214423\\\/#primaryimage\",\"url\":\"https:\\\/\\\/www.webdo.tn\\\/fr\\\/wp-content\\\/uploads\\\/2024\\\/05\\\/ceecddeeb1c60580d380025e03419371.webp\",\"contentUrl\":\"https:\\\/\\\/www.webdo.tn\\\/fr\\\/wp-content\\\/uploads\\\/2024\\\/05\\\/ceecddeeb1c60580d380025e03419371.webp\",\"width\":750,\"height\":400,\"caption\":\"Tunisie : R\u00e9union minist\u00e9rielle sur les avantages fiscaux des TRE\"},{\"@type\":\"BreadcrumbList\",\"@id\":\"https:\\\/\\\/www.webdo.tn\\\/fr\\\/actualite\\\/national\\\/tunisie-reunion-ministerielle-sur-les-avantages-fiscaux-des-tre\\\/214423\\\/#breadcrumb\",\"itemListElement\":[{\"@type\":\"ListItem\",\"position\":1,\"name\":\"Accueil\",\"item\":\"https:\\\/\\\/www.webdo.tn\\\/fr\\\/\"},{\"@type\":\"ListItem\",\"position\":2,\"name\":\"Tunisie : R\u00e9union minist\u00e9rielle sur les avantages fiscaux des TRE\"}]},{\"@type\":\"WebSite\",\"@id\":\"https:\\\/\\\/www.webdo.tn\\\/fr\\\/#website\",\"url\":\"https:\\\/\\\/www.webdo.tn\\\/fr\\\/\",\"name\":\"webdo\",\"description\":\"Tunisie - News en Tunisie et \u00e0 l&#039;international sur Webdo.tn\",\"publisher\":{\"@id\":\"https:\\\/\\\/www.webdo.tn\\\/fr\\\/#organization\"},\"potentialAction\":[{\"@type\":\"SearchAction\",\"target\":{\"@type\":\"EntryPoint\",\"urlTemplate\":\"https:\\\/\\\/www.webdo.tn\\\/fr\\\/?s={search_term_string}\"},\"query-input\":{\"@type\":\"PropertyValueSpecification\",\"valueRequired\":true,\"valueName\":\"search_term_string\"}}],\"inLanguage\":\"fr-FR\"},{\"@type\":\"Organization\",\"@id\":\"https:\\\/\\\/www.webdo.tn\\\/fr\\\/#organization\",\"name\":\"Webdo\",\"alternateName\":\"Webdo.tn\",\"url\":\"https:\\\/\\\/www.webdo.tn\\\/fr\\\/\",\"logo\":{\"@type\":\"ImageObject\",\"inLanguage\":\"fr-FR\",\"@id\":\"https:\\\/\\\/www.webdo.tn\\\/fr\\\/#\\\/schema\\\/logo\\\/image\\\/\",\"url\":\"https:\\\/\\\/www.webdo.tn\\\/fr\\\/wp-content\\\/uploads\\\/2025\\\/06\\\/Webdo-Tunisie_168377.jpg\",\"contentUrl\":\"https:\\\/\\\/www.webdo.tn\\\/fr\\\/wp-content\\\/uploads\\\/2025\\\/06\\\/Webdo-Tunisie_168377.jpg\",\"width\":301,\"height\":301,\"caption\":\"Webdo\"},\"image\":{\"@id\":\"https:\\\/\\\/www.webdo.tn\\\/fr\\\/#\\\/schema\\\/logo\\\/image\\\/\"},\"sameAs\":[\"https:\\\/\\\/www.facebook.com\\\/webdotn\",\"https:\\\/\\\/x.com\\\/webdo_tn\"],\"description\":\"Webdo est un m\u00e9dia num\u00e9rique tunisien fond\u00e9 en 2010, sp\u00e9cialis\u00e9 dans l\u2019actualit\u00e9 nationale et internationale, l\u2019\u00e9conomie, la soci\u00e9t\u00e9 et les analyses politiques. Le site s\u2019adresse \u00e0 un large public francophone et couvre l\u2019information tunisienne en temps r\u00e9el.\",\"email\":\"redac@webdo.tn\",\"legalName\":\"YNJ SARL\",\"foundingDate\":\"2010-09-06\",\"numberOfEmployees\":{\"@type\":\"QuantitativeValue\",\"minValue\":\"11\",\"maxValue\":\"50\"}},{\"@type\":\"Person\",\"@id\":\"https:\\\/\\\/www.webdo.tn\\\/fr\\\/#\\\/schema\\\/person\\\/5e31e16733206869f020f456fc5fb2a2\",\"name\":\"A.Z\",\"image\":{\"@type\":\"ImageObject\",\"inLanguage\":\"fr-FR\",\"@id\":\"https:\\\/\\\/secure.gravatar.com\\\/avatar\\\/8cdcd492e610a81704472ae2ee8ccb9765700efa034e451c72584311d4c13cb1?s=96&d=mm&r=g\",\"url\":\"https:\\\/\\\/secure.gravatar.com\\\/avatar\\\/8cdcd492e610a81704472ae2ee8ccb9765700efa034e451c72584311d4c13cb1?s=96&d=mm&r=g\",\"contentUrl\":\"https:\\\/\\\/secure.gravatar.com\\\/avatar\\\/8cdcd492e610a81704472ae2ee8ccb9765700efa034e451c72584311d4c13cb1?s=96&d=mm&r=g\",\"caption\":\"A.Z\"},\"url\":\"https:\\\/\\\/www.webdo.tn\\\/fr\\\/actualite\\\/author\\\/a-z\\\/\"}]}<\/script>\n<!-- \/ Yoast SEO Premium plugin. -->","yoast_head_json":{"title":"Tunisie : R\u00e9union minist\u00e9rielle sur les avantages fiscaux des TRE","description":"Parmi les points \u00e0 l'ordre du jour figurait un projet de loi visant \u00e0 approuver un accord de financement crucial entre l'\u00c9tat tunisien et des banques locales. C...","canonical":"https:\/\/www.webdo.tn\/fr\/actualite\/national\/tunisie-reunion-ministerielle-sur-les-avantages-fiscaux-des-tre\/214423\/","og_locale":"fr_FR","og_type":"article","og_title":"Tunisie : R\u00e9union minist\u00e9rielle sur les avantages fiscaux des TRE","og_description":"Parmi les points \u00e0 l'ordre du jour figurait un projet de loi visant \u00e0 approuver un accord de financement crucial entre l'\u00c9tat tunisien et des banques locales. C...","og_url":"https:\/\/www.webdo.tn\/fr\/actualite\/national\/tunisie-reunion-ministerielle-sur-les-avantages-fiscaux-des-tre\/214423\/","og_site_name":"webdo","article_publisher":"https:\/\/www.facebook.com\/webdotn","article_published_time":"2024-05-27T21:21:00+00:00","article_modified_time":"2025-05-20T22:55:07+00:00","og_image":[{"width":750,"height":400,"url":"https:\/\/www.webdo.tn\/fr\/wp-content\/uploads\/2024\/05\/ceecddeeb1c60580d380025e03419371.webp","type":"image\/webp"}],"author":"A.Z","twitter_card":"summary_large_image","twitter_creator":"@webdo_tn","twitter_site":"@webdo_tn","twitter_misc":{"\u00c9crit par":"A.Z","Dur\u00e9e de lecture estim\u00e9e":"1 minute"},"schema":{"@context":"https:\/\/schema.org","@graph":[{"@type":"NewsArticle","@id":"https:\/\/www.webdo.tn\/fr\/actualite\/national\/tunisie-reunion-ministerielle-sur-les-avantages-fiscaux-des-tre\/214423\/#article","isPartOf":{"@id":"https:\/\/www.webdo.tn\/fr\/actualite\/national\/tunisie-reunion-ministerielle-sur-les-avantages-fiscaux-des-tre\/214423\/"},"author":{"name":"A.Z","@id":"https:\/\/www.webdo.tn\/fr\/#\/schema\/person\/5e31e16733206869f020f456fc5fb2a2"},"headline":"Tunisie : R\u00e9union minist\u00e9rielle sur les avantages fiscaux des TRE","datePublished":"2024-05-27T21:21:00+00:00","dateModified":"2025-05-20T22:55:07+00:00","mainEntityOfPage":{"@id":"https:\/\/www.webdo.tn\/fr\/actualite\/national\/tunisie-reunion-ministerielle-sur-les-avantages-fiscaux-des-tre\/214423\/"},"wordCount":246,"commentCount":0,"publisher":{"@id":"https:\/\/www.webdo.tn\/fr\/#organization"},"image":{"@id":"https:\/\/www.webdo.tn\/fr\/actualite\/national\/tunisie-reunion-ministerielle-sur-les-avantages-fiscaux-des-tre\/214423\/#primaryimage"},"thumbnailUrl":"https:\/\/www.webdo.tn\/fr\/wp-content\/uploads\/2024\/05\/ceecddeeb1c60580d380025e03419371.webp","keywords":["TRE","Tunisie"],"articleSection":["National"],"inLanguage":"fr-FR"},{"@type":"WebPage","@id":"https:\/\/www.webdo.tn\/fr\/actualite\/national\/tunisie-reunion-ministerielle-sur-les-avantages-fiscaux-des-tre\/214423\/","url":"https:\/\/www.webdo.tn\/fr\/actualite\/national\/tunisie-reunion-ministerielle-sur-les-avantages-fiscaux-des-tre\/214423\/","name":"Tunisie : R\u00e9union minist\u00e9rielle sur les avantages fiscaux des TRE","isPartOf":{"@id":"https:\/\/www.webdo.tn\/fr\/#website"},"primaryImageOfPage":{"@id":"https:\/\/www.webdo.tn\/fr\/actualite\/national\/tunisie-reunion-ministerielle-sur-les-avantages-fiscaux-des-tre\/214423\/#primaryimage"},"image":{"@id":"https:\/\/www.webdo.tn\/fr\/actualite\/national\/tunisie-reunion-ministerielle-sur-les-avantages-fiscaux-des-tre\/214423\/#primaryimage"},"thumbnailUrl":"https:\/\/www.webdo.tn\/fr\/wp-content\/uploads\/2024\/05\/ceecddeeb1c60580d380025e03419371.webp","datePublished":"2024-05-27T21:21:00+00:00","dateModified":"2025-05-20T22:55:07+00:00","description":"Parmi les points \u00e0 l'ordre du jour figurait un projet de loi visant \u00e0 approuver un accord de financement crucial entre l'\u00c9tat tunisien et des banques locales. C...","breadcrumb":{"@id":"https:\/\/www.webdo.tn\/fr\/actualite\/national\/tunisie-reunion-ministerielle-sur-les-avantages-fiscaux-des-tre\/214423\/#breadcrumb"},"inLanguage":"fr-FR","potentialAction":[{"@type":"ReadAction","target":["https:\/\/www.webdo.tn\/fr\/actualite\/national\/tunisie-reunion-ministerielle-sur-les-avantages-fiscaux-des-tre\/214423\/"]}]},{"@type":"ImageObject","inLanguage":"fr-FR","@id":"https:\/\/www.webdo.tn\/fr\/actualite\/national\/tunisie-reunion-ministerielle-sur-les-avantages-fiscaux-des-tre\/214423\/#primaryimage","url":"https:\/\/www.webdo.tn\/fr\/wp-content\/uploads\/2024\/05\/ceecddeeb1c60580d380025e03419371.webp","contentUrl":"https:\/\/www.webdo.tn\/fr\/wp-content\/uploads\/2024\/05\/ceecddeeb1c60580d380025e03419371.webp","width":750,"height":400,"caption":"Tunisie : R\u00e9union minist\u00e9rielle sur les avantages fiscaux des TRE"},{"@type":"BreadcrumbList","@id":"https:\/\/www.webdo.tn\/fr\/actualite\/national\/tunisie-reunion-ministerielle-sur-les-avantages-fiscaux-des-tre\/214423\/#breadcrumb","itemListElement":[{"@type":"ListItem","position":1,"name":"Accueil","item":"https:\/\/www.webdo.tn\/fr\/"},{"@type":"ListItem","position":2,"name":"Tunisie : R\u00e9union minist\u00e9rielle sur les avantages fiscaux des TRE"}]},{"@type":"WebSite","@id":"https:\/\/www.webdo.tn\/fr\/#website","url":"https:\/\/www.webdo.tn\/fr\/","name":"webdo","description":"Tunisie - News en Tunisie et \u00e0 l&#039;international sur Webdo.tn","publisher":{"@id":"https:\/\/www.webdo.tn\/fr\/#organization"},"potentialAction":[{"@type":"SearchAction","target":{"@type":"EntryPoint","urlTemplate":"https:\/\/www.webdo.tn\/fr\/?s={search_term_string}"},"query-input":{"@type":"PropertyValueSpecification","valueRequired":true,"valueName":"search_term_string"}}],"inLanguage":"fr-FR"},{"@type":"Organization","@id":"https:\/\/www.webdo.tn\/fr\/#organization","name":"Webdo","alternateName":"Webdo.tn","url":"https:\/\/www.webdo.tn\/fr\/","logo":{"@type":"ImageObject","inLanguage":"fr-FR","@id":"https:\/\/www.webdo.tn\/fr\/#\/schema\/logo\/image\/","url":"https:\/\/www.webdo.tn\/fr\/wp-content\/uploads\/2025\/06\/Webdo-Tunisie_168377.jpg","contentUrl":"https:\/\/www.webdo.tn\/fr\/wp-content\/uploads\/2025\/06\/Webdo-Tunisie_168377.jpg","width":301,"height":301,"caption":"Webdo"},"image":{"@id":"https:\/\/www.webdo.tn\/fr\/#\/schema\/logo\/image\/"},"sameAs":["https:\/\/www.facebook.com\/webdotn","https:\/\/x.com\/webdo_tn"],"description":"Webdo est un m\u00e9dia num\u00e9rique tunisien fond\u00e9 en 2010, sp\u00e9cialis\u00e9 dans l\u2019actualit\u00e9 nationale et internationale, l\u2019\u00e9conomie, la soci\u00e9t\u00e9 et les analyses politiques. Le site s\u2019adresse \u00e0 un large public francophone et couvre l\u2019information tunisienne en temps r\u00e9el.","email":"redac@webdo.tn","legalName":"YNJ SARL","foundingDate":"2010-09-06","numberOfEmployees":{"@type":"QuantitativeValue","minValue":"11","maxValue":"50"}},{"@type":"Person","@id":"https:\/\/www.webdo.tn\/fr\/#\/schema\/person\/5e31e16733206869f020f456fc5fb2a2","name":"A.Z","image":{"@type":"ImageObject","inLanguage":"fr-FR","@id":"https:\/\/secure.gravatar.com\/avatar\/8cdcd492e610a81704472ae2ee8ccb9765700efa034e451c72584311d4c13cb1?s=96&d=mm&r=g","url":"https:\/\/secure.gravatar.com\/avatar\/8cdcd492e610a81704472ae2ee8ccb9765700efa034e451c72584311d4c13cb1?s=96&d=mm&r=g","contentUrl":"https:\/\/secure.gravatar.com\/avatar\/8cdcd492e610a81704472ae2ee8ccb9765700efa034e451c72584311d4c13cb1?s=96&d=mm&r=g","caption":"A.Z"},"url":"https:\/\/www.webdo.tn\/fr\/actualite\/author\/a-z\/"}]}},"_links":{"self":[{"href":"https:\/\/www.webdo.tn\/fr\/wp-json\/wp\/v2\/posts\/214423","targetHints":{"allow":["GET"]}}],"collection":[{"href":"https:\/\/www.webdo.tn\/fr\/wp-json\/wp\/v2\/posts"}],"about":[{"href":"https:\/\/www.webdo.tn\/fr\/wp-json\/wp\/v2\/types\/post"}],"author":[{"embeddable":true,"href":"https:\/\/www.webdo.tn\/fr\/wp-json\/wp\/v2\/users\/3180"}],"replies":[{"embeddable":true,"href":"https:\/\/www.webdo.tn\/fr\/wp-json\/wp\/v2\/comments?post=214423"}],"version-history":[{"count":0,"href":"https:\/\/www.webdo.tn\/fr\/wp-json\/wp\/v2\/posts\/214423\/revisions"}],"wp:featuredmedia":[{"embeddable":true,"href":"https:\/\/www.webdo.tn\/fr\/wp-json\/wp\/v2\/media\/290646"}],"wp:attachment":[{"href":"https:\/\/www.webdo.tn\/fr\/wp-json\/wp\/v2\/media?parent=214423"}],"wp:term":[{"taxonomy":"category","embeddable":true,"href":"https:\/\/www.webdo.tn\/fr\/wp-json\/wp\/v2\/categories?post=214423"},{"taxonomy":"post_tag","embeddable":true,"href":"https:\/\/www.webdo.tn\/fr\/wp-json\/wp\/v2\/tags?post=214423"}],"curies":[{"name":"wp","href":"https:\/\/api.w.org\/{rel}","templated":true}]}}