{"id":214421,"date":"2024-05-27T20:00:00","date_gmt":"2024-05-27T20:00:00","guid":{"rendered":"https:\/\/www.webdo.tn\/fr\/blog\/tarek-ben-salem-nomme-secretaire-general-de-l-union-du-maghreb-arabe\/214421\/"},"modified":"2024-05-27T20:00:00","modified_gmt":"2024-05-27T20:00:00","slug":"tarek-ben-salem-nomme-secretaire-general-de-l-union-du-maghreb-arabe","status":"publish","type":"post","link":"https:\/\/www.webdo.tn\/fr\/actualite\/national\/tarek-ben-salem-nomme-secretaire-general-de-l-union-du-maghreb-arabe\/214421\/","title":{"rendered":"Tarek Ben Salem nomm\u00e9 secr\u00e9taire g\u00e9n\u00e9ral de l\u2019Union du Maghreb Arabe"},"content":{"rendered":"<p>Le minist\u00e8re des Affaires \u00e9trang\u00e8res, de l&rsquo;Immigration et des Tunisiens \u00e0 l&rsquo;\u00e9tranger a annonc\u00e9 ce lundi 27 mai 2024 la nomination de Tarek Ben Salem au poste de secr\u00e9taire g\u00e9n\u00e9ral de l\u2019Union du Maghreb Arabe (UMA).<\/p>\n<p>\t\t\t\t\t\t\t\t\tCette d\u00e9signation, effective \u00e0 partir du 1er juin pour une dur\u00e9e de trois ans, a \u00e9t\u00e9 propos\u00e9e par le pr\u00e9sident de la R\u00e9publique, Ka\u00efs Sa\u00efed, et approuv\u00e9e par l\u2019ensemble des dirigeants des \u00c9tats membres de l\u2019Union, conform\u00e9ment aux dispositions du trait\u00e9 de 1989 instituant l\u2019UMA.<\/p>\n<p>Tarek Ben Salem, \u00e2g\u00e9 de 64 ans, succ\u00e9dera \u00e0 Taieb Baccouche, qui occupait ce poste depuis mai 2016. Ben Salem a rejoint le minist\u00e8re des Affaires \u00e9trang\u00e8res en 1990 et a exerc\u00e9 diverses fonctions diplomatiques importantes, dont celle d\u2019ambassadeur extraordinaire et pl\u00e9nipotentiaire de la R\u00e9publique tunisienne aupr\u00e8s de la F\u00e9d\u00e9ration de Russie en 2019.<\/p>\n<p>Fond\u00e9e le 17 f\u00e9vrier 1989 \u00e0 Marrakech, au Maroc, l\u2019Union du Maghreb Arabe regroupe cinq pays : la Tunisie, la Libye, l\u2019Alg\u00e9rie, le Maroc et la Mauritanie. L&rsquo;objectif de cette union r\u00e9gionale est de renforcer la coop\u00e9ration et l\u2019int\u00e9gration entre ses membres dans divers domaines, notamment \u00e9conomiques et politiques.<\/p>\n","protected":false},"excerpt":{"rendered":"<p>Le minist\u00e8re des Affaires \u00e9trang\u00e8res, de l&rsquo;Immigration et des Tunisiens \u00e0 l&rsquo;\u00e9tranger a annonc\u00e9 ce lundi 27 mai 2024 la nomination de Tarek Ben Salem au poste de&#8230;<\/p>\n","protected":false},"author":3169,"featured_media":290645,"comment_status":"open","ping_status":"closed","sticky":false,"template":"","format":"standard","meta":{"footnotes":""},"categories":[44],"tags":[10213,9792,2608],"class_list":["post-214421","post","type-post","status-publish","format-standard","has-post-thumbnail","hentry","category-national","tag-tarek-ben-salem","tag-uma","tag-tunisie"],"yoast_head":"<!-- This site is optimized with the Yoast SEO Premium plugin v27.5 (Yoast SEO v27.5) - https:\/\/yoast.com\/product\/yoast-seo-premium-wordpress\/ -->\n<title>Tarek Ben Salem nomm\u00e9 secr\u00e9taire g\u00e9n\u00e9ral de l\u2019Union du Maghreb Arabe<\/title>\n<meta name=\"description\" content=\"Le minist\u00e8re des Affaires \u00e9trang\u00e8res, de l&#039;Immigration et des Tunisiens \u00e0 l&#039;\u00e9tranger a annonc\u00e9 ce lundi 27 mai 2024 la nomination de Tarek Ben Salem au poste de...\" \/>\n<link rel=\"canonical\" href=\"https:\/\/www.webdo.tn\/fr\/actualite\/national\/tarek-ben-salem-nomme-secretaire-general-de-l-union-du-maghreb-arabe\/214421\/\" \/>\n<meta property=\"og:locale\" content=\"fr_FR\" \/>\n<meta property=\"og:type\" content=\"article\" \/>\n<meta property=\"og:title\" content=\"Tarek Ben Salem nomm\u00e9 secr\u00e9taire g\u00e9n\u00e9ral de l\u2019Union du Maghreb Arabe\" \/>\n<meta property=\"og:description\" content=\"Le minist\u00e8re des Affaires \u00e9trang\u00e8res, de l&#039;Immigration et des Tunisiens \u00e0 l&#039;\u00e9tranger a annonc\u00e9 ce lundi 27 mai 2024 la nomination de Tarek Ben Salem au poste de...\" \/>\n<meta property=\"og:url\" content=\"https:\/\/www.webdo.tn\/fr\/actualite\/national\/tarek-ben-salem-nomme-secretaire-general-de-l-union-du-maghreb-arabe\/214421\/\" \/>\n<meta property=\"og:site_name\" content=\"webdo\" \/>\n<meta property=\"article:publisher\" content=\"https:\/\/www.facebook.com\/webdotn\" \/>\n<meta property=\"article:published_time\" content=\"2024-05-27T20:00:00+00:00\" \/>\n<meta property=\"og:image\" content=\"https:\/\/www.webdo.tn\/fr\/wp-content\/uploads\/2024\/05\/23c32e39fc8ff55c41f190046ff253e2.webp\" \/>\n\t<meta property=\"og:image:width\" content=\"750\" \/>\n\t<meta property=\"og:image:height\" content=\"400\" \/>\n\t<meta property=\"og:image:type\" content=\"image\/webp\" \/>\n<meta name=\"author\" content=\"Webdo\" \/>\n<meta name=\"twitter:card\" content=\"summary_large_image\" \/>\n<meta name=\"twitter:creator\" content=\"@webdo_tn\" \/>\n<meta name=\"twitter:site\" content=\"@webdo_tn\" \/>\n<meta name=\"twitter:label1\" content=\"\u00c9crit par\" \/>\n\t<meta name=\"twitter:data1\" content=\"Webdo\" \/>\n\t<meta name=\"twitter:label2\" content=\"Dur\u00e9e de lecture estim\u00e9e\" \/>\n\t<meta name=\"twitter:data2\" content=\"1 minute\" \/>\n<script type=\"application\/ld+json\" class=\"yoast-schema-graph\">{\"@context\":\"https:\\\/\\\/schema.org\",\"@graph\":[{\"@type\":\"NewsArticle\",\"@id\":\"https:\\\/\\\/www.webdo.tn\\\/fr\\\/actualite\\\/national\\\/tarek-ben-salem-nomme-secretaire-general-de-l-union-du-maghreb-arabe\\\/214421\\\/#article\",\"isPartOf\":{\"@id\":\"https:\\\/\\\/www.webdo.tn\\\/fr\\\/actualite\\\/national\\\/tarek-ben-salem-nomme-secretaire-general-de-l-union-du-maghreb-arabe\\\/214421\\\/\"},\"author\":{\"name\":\"Webdo\",\"@id\":\"https:\\\/\\\/www.webdo.tn\\\/fr\\\/#\\\/schema\\\/person\\\/1f4e491e0907b413d61089e8eb573acc\"},\"headline\":\"Tarek Ben Salem nomm\u00e9 secr\u00e9taire g\u00e9n\u00e9ral de l\u2019Union du Maghreb Arabe\",\"datePublished\":\"2024-05-27T20:00:00+00:00\",\"mainEntityOfPage\":{\"@id\":\"https:\\\/\\\/www.webdo.tn\\\/fr\\\/actualite\\\/national\\\/tarek-ben-salem-nomme-secretaire-general-de-l-union-du-maghreb-arabe\\\/214421\\\/\"},\"wordCount\":224,\"commentCount\":0,\"publisher\":{\"@id\":\"https:\\\/\\\/www.webdo.tn\\\/fr\\\/#organization\"},\"image\":{\"@id\":\"https:\\\/\\\/www.webdo.tn\\\/fr\\\/actualite\\\/national\\\/tarek-ben-salem-nomme-secretaire-general-de-l-union-du-maghreb-arabe\\\/214421\\\/#primaryimage\"},\"thumbnailUrl\":\"https:\\\/\\\/www.webdo.tn\\\/fr\\\/wp-content\\\/uploads\\\/2024\\\/05\\\/23c32e39fc8ff55c41f190046ff253e2.webp\",\"keywords\":[\"'Tarek Ben Salem']\",\"'uma']\",\"Tunisie\"],\"articleSection\":[\"National\"],\"inLanguage\":\"fr-FR\"},{\"@type\":\"WebPage\",\"@id\":\"https:\\\/\\\/www.webdo.tn\\\/fr\\\/actualite\\\/national\\\/tarek-ben-salem-nomme-secretaire-general-de-l-union-du-maghreb-arabe\\\/214421\\\/\",\"url\":\"https:\\\/\\\/www.webdo.tn\\\/fr\\\/actualite\\\/national\\\/tarek-ben-salem-nomme-secretaire-general-de-l-union-du-maghreb-arabe\\\/214421\\\/\",\"name\":\"Tarek Ben Salem nomm\u00e9 secr\u00e9taire g\u00e9n\u00e9ral de l\u2019Union du Maghreb Arabe\",\"isPartOf\":{\"@id\":\"https:\\\/\\\/www.webdo.tn\\\/fr\\\/#website\"},\"primaryImageOfPage\":{\"@id\":\"https:\\\/\\\/www.webdo.tn\\\/fr\\\/actualite\\\/national\\\/tarek-ben-salem-nomme-secretaire-general-de-l-union-du-maghreb-arabe\\\/214421\\\/#primaryimage\"},\"image\":{\"@id\":\"https:\\\/\\\/www.webdo.tn\\\/fr\\\/actualite\\\/national\\\/tarek-ben-salem-nomme-secretaire-general-de-l-union-du-maghreb-arabe\\\/214421\\\/#primaryimage\"},\"thumbnailUrl\":\"https:\\\/\\\/www.webdo.tn\\\/fr\\\/wp-content\\\/uploads\\\/2024\\\/05\\\/23c32e39fc8ff55c41f190046ff253e2.webp\",\"datePublished\":\"2024-05-27T20:00:00+00:00\",\"description\":\"Le minist\u00e8re des Affaires \u00e9trang\u00e8res, de l'Immigration et des Tunisiens \u00e0 l'\u00e9tranger a annonc\u00e9 ce lundi 27 mai 2024 la nomination de Tarek Ben Salem au poste de...\",\"breadcrumb\":{\"@id\":\"https:\\\/\\\/www.webdo.tn\\\/fr\\\/actualite\\\/national\\\/tarek-ben-salem-nomme-secretaire-general-de-l-union-du-maghreb-arabe\\\/214421\\\/#breadcrumb\"},\"inLanguage\":\"fr-FR\",\"potentialAction\":[{\"@type\":\"ReadAction\",\"target\":[\"https:\\\/\\\/www.webdo.tn\\\/fr\\\/actualite\\\/national\\\/tarek-ben-salem-nomme-secretaire-general-de-l-union-du-maghreb-arabe\\\/214421\\\/\"]}]},{\"@type\":\"ImageObject\",\"inLanguage\":\"fr-FR\",\"@id\":\"https:\\\/\\\/www.webdo.tn\\\/fr\\\/actualite\\\/national\\\/tarek-ben-salem-nomme-secretaire-general-de-l-union-du-maghreb-arabe\\\/214421\\\/#primaryimage\",\"url\":\"https:\\\/\\\/www.webdo.tn\\\/fr\\\/wp-content\\\/uploads\\\/2024\\\/05\\\/23c32e39fc8ff55c41f190046ff253e2.webp\",\"contentUrl\":\"https:\\\/\\\/www.webdo.tn\\\/fr\\\/wp-content\\\/uploads\\\/2024\\\/05\\\/23c32e39fc8ff55c41f190046ff253e2.webp\",\"width\":750,\"height\":400,\"caption\":\"Tarek Ben Salem nomm\u00e9 secr\u00e9taire g\u00e9n\u00e9ral de l\u2019Union du Maghreb Arabe\"},{\"@type\":\"BreadcrumbList\",\"@id\":\"https:\\\/\\\/www.webdo.tn\\\/fr\\\/actualite\\\/national\\\/tarek-ben-salem-nomme-secretaire-general-de-l-union-du-maghreb-arabe\\\/214421\\\/#breadcrumb\",\"itemListElement\":[{\"@type\":\"ListItem\",\"position\":1,\"name\":\"Accueil\",\"item\":\"https:\\\/\\\/www.webdo.tn\\\/fr\\\/\"},{\"@type\":\"ListItem\",\"position\":2,\"name\":\"Tarek Ben Salem nomm\u00e9 secr\u00e9taire g\u00e9n\u00e9ral de l\u2019Union du Maghreb Arabe\"}]},{\"@type\":\"WebSite\",\"@id\":\"https:\\\/\\\/www.webdo.tn\\\/fr\\\/#website\",\"url\":\"https:\\\/\\\/www.webdo.tn\\\/fr\\\/\",\"name\":\"webdo\",\"description\":\"Tunisie - News en Tunisie et \u00e0 l&#039;international sur Webdo.tn\",\"publisher\":{\"@id\":\"https:\\\/\\\/www.webdo.tn\\\/fr\\\/#organization\"},\"potentialAction\":[{\"@type\":\"SearchAction\",\"target\":{\"@type\":\"EntryPoint\",\"urlTemplate\":\"https:\\\/\\\/www.webdo.tn\\\/fr\\\/?s={search_term_string}\"},\"query-input\":{\"@type\":\"PropertyValueSpecification\",\"valueRequired\":true,\"valueName\":\"search_term_string\"}}],\"inLanguage\":\"fr-FR\"},{\"@type\":\"Organization\",\"@id\":\"https:\\\/\\\/www.webdo.tn\\\/fr\\\/#organization\",\"name\":\"Webdo\",\"alternateName\":\"Webdo.tn\",\"url\":\"https:\\\/\\\/www.webdo.tn\\\/fr\\\/\",\"logo\":{\"@type\":\"ImageObject\",\"inLanguage\":\"fr-FR\",\"@id\":\"https:\\\/\\\/www.webdo.tn\\\/fr\\\/#\\\/schema\\\/logo\\\/image\\\/\",\"url\":\"https:\\\/\\\/www.webdo.tn\\\/fr\\\/wp-content\\\/uploads\\\/2025\\\/06\\\/Webdo-Tunisie_168377.jpg\",\"contentUrl\":\"https:\\\/\\\/www.webdo.tn\\\/fr\\\/wp-content\\\/uploads\\\/2025\\\/06\\\/Webdo-Tunisie_168377.jpg\",\"width\":301,\"height\":301,\"caption\":\"Webdo\"},\"image\":{\"@id\":\"https:\\\/\\\/www.webdo.tn\\\/fr\\\/#\\\/schema\\\/logo\\\/image\\\/\"},\"sameAs\":[\"https:\\\/\\\/www.facebook.com\\\/webdotn\",\"https:\\\/\\\/x.com\\\/webdo_tn\"],\"description\":\"Webdo est un m\u00e9dia num\u00e9rique tunisien fond\u00e9 en 2010, sp\u00e9cialis\u00e9 dans l\u2019actualit\u00e9 nationale et internationale, l\u2019\u00e9conomie, la soci\u00e9t\u00e9 et les analyses politiques. Le site s\u2019adresse \u00e0 un large public francophone et couvre l\u2019information tunisienne en temps r\u00e9el.\",\"email\":\"redac@webdo.tn\",\"legalName\":\"YNJ SARL\",\"foundingDate\":\"2010-09-06\",\"numberOfEmployees\":{\"@type\":\"QuantitativeValue\",\"minValue\":\"11\",\"maxValue\":\"50\"}},{\"@type\":\"Person\",\"@id\":\"https:\\\/\\\/www.webdo.tn\\\/fr\\\/#\\\/schema\\\/person\\\/1f4e491e0907b413d61089e8eb573acc\",\"name\":\"Webdo\",\"image\":{\"@type\":\"ImageObject\",\"inLanguage\":\"fr-FR\",\"@id\":\"https:\\\/\\\/secure.gravatar.com\\\/avatar\\\/de97aeec1bb80978a9dbb127e47dfc88aaacb2f3c29aac907d8d3222e3495d49?s=96&d=mm&r=g\",\"url\":\"https:\\\/\\\/secure.gravatar.com\\\/avatar\\\/de97aeec1bb80978a9dbb127e47dfc88aaacb2f3c29aac907d8d3222e3495d49?s=96&d=mm&r=g\",\"contentUrl\":\"https:\\\/\\\/secure.gravatar.com\\\/avatar\\\/de97aeec1bb80978a9dbb127e47dfc88aaacb2f3c29aac907d8d3222e3495d49?s=96&d=mm&r=g\",\"caption\":\"Webdo\"},\"url\":\"https:\\\/\\\/www.webdo.tn\\\/fr\\\/actualite\\\/author\\\/webdo\\\/\"}]}<\/script>\n<!-- \/ Yoast SEO Premium plugin. -->","yoast_head_json":{"title":"Tarek Ben Salem nomm\u00e9 secr\u00e9taire g\u00e9n\u00e9ral de l\u2019Union du Maghreb Arabe","description":"Le minist\u00e8re des Affaires \u00e9trang\u00e8res, de l'Immigration et des Tunisiens \u00e0 l'\u00e9tranger a annonc\u00e9 ce lundi 27 mai 2024 la nomination de Tarek Ben Salem au poste de...","canonical":"https:\/\/www.webdo.tn\/fr\/actualite\/national\/tarek-ben-salem-nomme-secretaire-general-de-l-union-du-maghreb-arabe\/214421\/","og_locale":"fr_FR","og_type":"article","og_title":"Tarek Ben Salem nomm\u00e9 secr\u00e9taire g\u00e9n\u00e9ral de l\u2019Union du Maghreb Arabe","og_description":"Le minist\u00e8re des Affaires \u00e9trang\u00e8res, de l'Immigration et des Tunisiens \u00e0 l'\u00e9tranger a annonc\u00e9 ce lundi 27 mai 2024 la nomination de Tarek Ben Salem au poste de...","og_url":"https:\/\/www.webdo.tn\/fr\/actualite\/national\/tarek-ben-salem-nomme-secretaire-general-de-l-union-du-maghreb-arabe\/214421\/","og_site_name":"webdo","article_publisher":"https:\/\/www.facebook.com\/webdotn","article_published_time":"2024-05-27T20:00:00+00:00","og_image":[{"width":750,"height":400,"url":"https:\/\/www.webdo.tn\/fr\/wp-content\/uploads\/2024\/05\/23c32e39fc8ff55c41f190046ff253e2.webp","type":"image\/webp"}],"author":"Webdo","twitter_card":"summary_large_image","twitter_creator":"@webdo_tn","twitter_site":"@webdo_tn","twitter_misc":{"\u00c9crit par":"Webdo","Dur\u00e9e de lecture estim\u00e9e":"1 minute"},"schema":{"@context":"https:\/\/schema.org","@graph":[{"@type":"NewsArticle","@id":"https:\/\/www.webdo.tn\/fr\/actualite\/national\/tarek-ben-salem-nomme-secretaire-general-de-l-union-du-maghreb-arabe\/214421\/#article","isPartOf":{"@id":"https:\/\/www.webdo.tn\/fr\/actualite\/national\/tarek-ben-salem-nomme-secretaire-general-de-l-union-du-maghreb-arabe\/214421\/"},"author":{"name":"Webdo","@id":"https:\/\/www.webdo.tn\/fr\/#\/schema\/person\/1f4e491e0907b413d61089e8eb573acc"},"headline":"Tarek Ben Salem nomm\u00e9 secr\u00e9taire g\u00e9n\u00e9ral de l\u2019Union du Maghreb Arabe","datePublished":"2024-05-27T20:00:00+00:00","mainEntityOfPage":{"@id":"https:\/\/www.webdo.tn\/fr\/actualite\/national\/tarek-ben-salem-nomme-secretaire-general-de-l-union-du-maghreb-arabe\/214421\/"},"wordCount":224,"commentCount":0,"publisher":{"@id":"https:\/\/www.webdo.tn\/fr\/#organization"},"image":{"@id":"https:\/\/www.webdo.tn\/fr\/actualite\/national\/tarek-ben-salem-nomme-secretaire-general-de-l-union-du-maghreb-arabe\/214421\/#primaryimage"},"thumbnailUrl":"https:\/\/www.webdo.tn\/fr\/wp-content\/uploads\/2024\/05\/23c32e39fc8ff55c41f190046ff253e2.webp","keywords":["'Tarek Ben Salem']","'uma']","Tunisie"],"articleSection":["National"],"inLanguage":"fr-FR"},{"@type":"WebPage","@id":"https:\/\/www.webdo.tn\/fr\/actualite\/national\/tarek-ben-salem-nomme-secretaire-general-de-l-union-du-maghreb-arabe\/214421\/","url":"https:\/\/www.webdo.tn\/fr\/actualite\/national\/tarek-ben-salem-nomme-secretaire-general-de-l-union-du-maghreb-arabe\/214421\/","name":"Tarek Ben Salem nomm\u00e9 secr\u00e9taire g\u00e9n\u00e9ral de l\u2019Union du Maghreb Arabe","isPartOf":{"@id":"https:\/\/www.webdo.tn\/fr\/#website"},"primaryImageOfPage":{"@id":"https:\/\/www.webdo.tn\/fr\/actualite\/national\/tarek-ben-salem-nomme-secretaire-general-de-l-union-du-maghreb-arabe\/214421\/#primaryimage"},"image":{"@id":"https:\/\/www.webdo.tn\/fr\/actualite\/national\/tarek-ben-salem-nomme-secretaire-general-de-l-union-du-maghreb-arabe\/214421\/#primaryimage"},"thumbnailUrl":"https:\/\/www.webdo.tn\/fr\/wp-content\/uploads\/2024\/05\/23c32e39fc8ff55c41f190046ff253e2.webp","datePublished":"2024-05-27T20:00:00+00:00","description":"Le minist\u00e8re des Affaires \u00e9trang\u00e8res, de l'Immigration et des Tunisiens \u00e0 l'\u00e9tranger a annonc\u00e9 ce lundi 27 mai 2024 la nomination de Tarek Ben Salem au poste de...","breadcrumb":{"@id":"https:\/\/www.webdo.tn\/fr\/actualite\/national\/tarek-ben-salem-nomme-secretaire-general-de-l-union-du-maghreb-arabe\/214421\/#breadcrumb"},"inLanguage":"fr-FR","potentialAction":[{"@type":"ReadAction","target":["https:\/\/www.webdo.tn\/fr\/actualite\/national\/tarek-ben-salem-nomme-secretaire-general-de-l-union-du-maghreb-arabe\/214421\/"]}]},{"@type":"ImageObject","inLanguage":"fr-FR","@id":"https:\/\/www.webdo.tn\/fr\/actualite\/national\/tarek-ben-salem-nomme-secretaire-general-de-l-union-du-maghreb-arabe\/214421\/#primaryimage","url":"https:\/\/www.webdo.tn\/fr\/wp-content\/uploads\/2024\/05\/23c32e39fc8ff55c41f190046ff253e2.webp","contentUrl":"https:\/\/www.webdo.tn\/fr\/wp-content\/uploads\/2024\/05\/23c32e39fc8ff55c41f190046ff253e2.webp","width":750,"height":400,"caption":"Tarek Ben Salem nomm\u00e9 secr\u00e9taire g\u00e9n\u00e9ral de l\u2019Union du Maghreb Arabe"},{"@type":"BreadcrumbList","@id":"https:\/\/www.webdo.tn\/fr\/actualite\/national\/tarek-ben-salem-nomme-secretaire-general-de-l-union-du-maghreb-arabe\/214421\/#breadcrumb","itemListElement":[{"@type":"ListItem","position":1,"name":"Accueil","item":"https:\/\/www.webdo.tn\/fr\/"},{"@type":"ListItem","position":2,"name":"Tarek Ben Salem nomm\u00e9 secr\u00e9taire g\u00e9n\u00e9ral de l\u2019Union du Maghreb Arabe"}]},{"@type":"WebSite","@id":"https:\/\/www.webdo.tn\/fr\/#website","url":"https:\/\/www.webdo.tn\/fr\/","name":"webdo","description":"Tunisie - News en Tunisie et \u00e0 l&#039;international sur Webdo.tn","publisher":{"@id":"https:\/\/www.webdo.tn\/fr\/#organization"},"potentialAction":[{"@type":"SearchAction","target":{"@type":"EntryPoint","urlTemplate":"https:\/\/www.webdo.tn\/fr\/?s={search_term_string}"},"query-input":{"@type":"PropertyValueSpecification","valueRequired":true,"valueName":"search_term_string"}}],"inLanguage":"fr-FR"},{"@type":"Organization","@id":"https:\/\/www.webdo.tn\/fr\/#organization","name":"Webdo","alternateName":"Webdo.tn","url":"https:\/\/www.webdo.tn\/fr\/","logo":{"@type":"ImageObject","inLanguage":"fr-FR","@id":"https:\/\/www.webdo.tn\/fr\/#\/schema\/logo\/image\/","url":"https:\/\/www.webdo.tn\/fr\/wp-content\/uploads\/2025\/06\/Webdo-Tunisie_168377.jpg","contentUrl":"https:\/\/www.webdo.tn\/fr\/wp-content\/uploads\/2025\/06\/Webdo-Tunisie_168377.jpg","width":301,"height":301,"caption":"Webdo"},"image":{"@id":"https:\/\/www.webdo.tn\/fr\/#\/schema\/logo\/image\/"},"sameAs":["https:\/\/www.facebook.com\/webdotn","https:\/\/x.com\/webdo_tn"],"description":"Webdo est un m\u00e9dia num\u00e9rique tunisien fond\u00e9 en 2010, sp\u00e9cialis\u00e9 dans l\u2019actualit\u00e9 nationale et internationale, l\u2019\u00e9conomie, la soci\u00e9t\u00e9 et les analyses politiques. Le site s\u2019adresse \u00e0 un large public francophone et couvre l\u2019information tunisienne en temps r\u00e9el.","email":"redac@webdo.tn","legalName":"YNJ SARL","foundingDate":"2010-09-06","numberOfEmployees":{"@type":"QuantitativeValue","minValue":"11","maxValue":"50"}},{"@type":"Person","@id":"https:\/\/www.webdo.tn\/fr\/#\/schema\/person\/1f4e491e0907b413d61089e8eb573acc","name":"Webdo","image":{"@type":"ImageObject","inLanguage":"fr-FR","@id":"https:\/\/secure.gravatar.com\/avatar\/de97aeec1bb80978a9dbb127e47dfc88aaacb2f3c29aac907d8d3222e3495d49?s=96&d=mm&r=g","url":"https:\/\/secure.gravatar.com\/avatar\/de97aeec1bb80978a9dbb127e47dfc88aaacb2f3c29aac907d8d3222e3495d49?s=96&d=mm&r=g","contentUrl":"https:\/\/secure.gravatar.com\/avatar\/de97aeec1bb80978a9dbb127e47dfc88aaacb2f3c29aac907d8d3222e3495d49?s=96&d=mm&r=g","caption":"Webdo"},"url":"https:\/\/www.webdo.tn\/fr\/actualite\/author\/webdo\/"}]}},"_links":{"self":[{"href":"https:\/\/www.webdo.tn\/fr\/wp-json\/wp\/v2\/posts\/214421","targetHints":{"allow":["GET"]}}],"collection":[{"href":"https:\/\/www.webdo.tn\/fr\/wp-json\/wp\/v2\/posts"}],"about":[{"href":"https:\/\/www.webdo.tn\/fr\/wp-json\/wp\/v2\/types\/post"}],"author":[{"embeddable":true,"href":"https:\/\/www.webdo.tn\/fr\/wp-json\/wp\/v2\/users\/3169"}],"replies":[{"embeddable":true,"href":"https:\/\/www.webdo.tn\/fr\/wp-json\/wp\/v2\/comments?post=214421"}],"version-history":[{"count":0,"href":"https:\/\/www.webdo.tn\/fr\/wp-json\/wp\/v2\/posts\/214421\/revisions"}],"wp:featuredmedia":[{"embeddable":true,"href":"https:\/\/www.webdo.tn\/fr\/wp-json\/wp\/v2\/media\/290645"}],"wp:attachment":[{"href":"https:\/\/www.webdo.tn\/fr\/wp-json\/wp\/v2\/media?parent=214421"}],"wp:term":[{"taxonomy":"category","embeddable":true,"href":"https:\/\/www.webdo.tn\/fr\/wp-json\/wp\/v2\/categories?post=214421"},{"taxonomy":"post_tag","embeddable":true,"href":"https:\/\/www.webdo.tn\/fr\/wp-json\/wp\/v2\/tags?post=214421"}],"curies":[{"name":"wp","href":"https:\/\/api.w.org\/{rel}","templated":true}]}}