{"id":214418,"date":"2024-05-27T19:18:00","date_gmt":"2024-05-27T19:18:00","guid":{"rendered":"https:\/\/www.webdo.tn\/fr\/blog\/tunisie-reduction-de-peine-pour-jawher-ben-mbarek\/214418\/"},"modified":"2025-05-20T22:55:06","modified_gmt":"2025-05-20T22:55:06","slug":"tunisie-reduction-de-peine-pour-jawher-ben-mbarek","status":"publish","type":"post","link":"https:\/\/www.webdo.tn\/fr\/actualite\/national\/tunisie-reduction-de-peine-pour-jawher-ben-mbarek\/214418\/","title":{"rendered":"Tunisie : R\u00e9duction de peine pour Jawher Ben Mbarek"},"content":{"rendered":"<p>La Chambre correctionnelle de la Cour d&rsquo;appel de Tunis a r\u00e9duit la peine de Jawher Ben Mbarek \u00e0 cinq mois de prison, lundi 27 mai 2024, apr\u00e8s avoir examin\u00e9 le recours contre la premi\u00e8re d\u00e9cision qui l&rsquo;avait condamn\u00e9 \u00e0 six mois d&rsquo;incarc\u00e9ration.<\/p>\n<p>\t\t\t\t\t\t\t\t\tCette affaire oppose l&rsquo;activiste au pr\u00e9sident de l&rsquo;Instance sup\u00e9rieure ind\u00e9pendante pour les \u00e9lections (ISIE), Farouk Bouasker.<\/p>\n<p>Jawher Ben Mbarek, militant et membre du Front de salut, est actuellement emprisonn\u00e9 en raison d&rsquo;accusation de complot contre la s\u00fbret\u00e9 de l&rsquo;\u00c9tat. Il avait publiquement critiqu\u00e9 le d\u00e9roulement des \u00e9lections l\u00e9gislatives, laissant entendre qu&rsquo;il y avait eu des manipulations. Ces accusations avaient pouss\u00e9 Bouasker \u00e0 porter l&rsquo;affaire en justice, invoquant les dispositions du d\u00e9cret 54.<\/p>\n","protected":false},"excerpt":{"rendered":"<p>La Chambre correctionnelle de la Cour d&rsquo;appel de Tunis a r\u00e9duit la peine de Jawher Ben Mbarek \u00e0 cinq mois de prison, lundi 27 mai 2024, apr\u00e8s avoir examin\u00e9 le r&#8230;<\/p>\n","protected":false},"author":3180,"featured_media":247304,"comment_status":"open","ping_status":"closed","sticky":false,"template":"","format":"standard","meta":{"footnotes":""},"categories":[44],"tags":[3284,2967,6418],"class_list":["post-214418","post","type-post","status-publish","format-standard","has-post-thumbnail","hentry","category-national","tag-decret-54","tag-isie","tag-jaouhar-ben-mbarek"],"yoast_head":"<!-- This site is optimized with the Yoast SEO Premium plugin v27.4 (Yoast SEO v27.5) - https:\/\/yoast.com\/product\/yoast-seo-premium-wordpress\/ -->\n<title>Tunisie : R\u00e9duction de peine pour Jawher Ben Mbarek<\/title>\n<meta name=\"description\" content=\"La Chambre correctionnelle de la Cour d&#039;appel de Tunis a r\u00e9duit la peine de Jawher Ben Mbarek \u00e0 cinq mois de prison, lundi 27 mai 2024, apr\u00e8s avoir examin\u00e9 le r...\" \/>\n<link rel=\"canonical\" href=\"https:\/\/www.webdo.tn\/fr\/actualite\/national\/tunisie-reduction-de-peine-pour-jawher-ben-mbarek\/214418\/\" \/>\n<meta property=\"og:locale\" content=\"fr_FR\" \/>\n<meta property=\"og:type\" content=\"article\" \/>\n<meta property=\"og:title\" content=\"Tunisie : R\u00e9duction de peine pour Jawher Ben Mbarek\" \/>\n<meta property=\"og:description\" content=\"La Chambre correctionnelle de la Cour d&#039;appel de Tunis a r\u00e9duit la peine de Jawher Ben Mbarek \u00e0 cinq mois de prison, lundi 27 mai 2024, apr\u00e8s avoir examin\u00e9 le r...\" \/>\n<meta property=\"og:url\" content=\"https:\/\/www.webdo.tn\/fr\/actualite\/national\/tunisie-reduction-de-peine-pour-jawher-ben-mbarek\/214418\/\" \/>\n<meta property=\"og:site_name\" content=\"webdo\" \/>\n<meta property=\"article:publisher\" content=\"https:\/\/www.facebook.com\/webdotn\" \/>\n<meta property=\"article:published_time\" content=\"2024-05-27T19:18:00+00:00\" \/>\n<meta property=\"article:modified_time\" content=\"2025-05-20T22:55:06+00:00\" \/>\n<meta property=\"og:image\" content=\"https:\/\/www.webdo.tn\/fr\/wp-content\/uploads\/2024\/05\/93ffd52bcbad7808e2a0e7c90e33eb30.webp\" \/>\n\t<meta property=\"og:image:width\" content=\"750\" \/>\n\t<meta property=\"og:image:height\" content=\"400\" \/>\n\t<meta property=\"og:image:type\" content=\"image\/webp\" \/>\n<meta name=\"author\" content=\"A.Z\" \/>\n<meta name=\"twitter:card\" content=\"summary_large_image\" \/>\n<meta name=\"twitter:creator\" content=\"@webdo_tn\" \/>\n<meta name=\"twitter:site\" content=\"@webdo_tn\" \/>\n<meta name=\"twitter:label1\" content=\"\u00c9crit par\" \/>\n\t<meta name=\"twitter:data1\" content=\"A.Z\" \/>\n\t<meta name=\"twitter:label2\" content=\"Dur\u00e9e de lecture estim\u00e9e\" \/>\n\t<meta name=\"twitter:data2\" content=\"1 minute\" \/>\n<script type=\"application\/ld+json\" class=\"yoast-schema-graph\">{\"@context\":\"https:\\\/\\\/schema.org\",\"@graph\":[{\"@type\":\"NewsArticle\",\"@id\":\"https:\\\/\\\/www.webdo.tn\\\/fr\\\/actualite\\\/national\\\/tunisie-reduction-de-peine-pour-jawher-ben-mbarek\\\/214418\\\/#article\",\"isPartOf\":{\"@id\":\"https:\\\/\\\/www.webdo.tn\\\/fr\\\/actualite\\\/national\\\/tunisie-reduction-de-peine-pour-jawher-ben-mbarek\\\/214418\\\/\"},\"author\":{\"name\":\"A.Z\",\"@id\":\"https:\\\/\\\/www.webdo.tn\\\/fr\\\/#\\\/schema\\\/person\\\/5e31e16733206869f020f456fc5fb2a2\"},\"headline\":\"Tunisie : R\u00e9duction de peine pour Jawher Ben Mbarek\",\"datePublished\":\"2024-05-27T19:18:00+00:00\",\"dateModified\":\"2025-05-20T22:55:06+00:00\",\"mainEntityOfPage\":{\"@id\":\"https:\\\/\\\/www.webdo.tn\\\/fr\\\/actualite\\\/national\\\/tunisie-reduction-de-peine-pour-jawher-ben-mbarek\\\/214418\\\/\"},\"wordCount\":138,\"commentCount\":0,\"publisher\":{\"@id\":\"https:\\\/\\\/www.webdo.tn\\\/fr\\\/#organization\"},\"image\":{\"@id\":\"https:\\\/\\\/www.webdo.tn\\\/fr\\\/actualite\\\/national\\\/tunisie-reduction-de-peine-pour-jawher-ben-mbarek\\\/214418\\\/#primaryimage\"},\"thumbnailUrl\":\"https:\\\/\\\/www.webdo.tn\\\/fr\\\/wp-content\\\/uploads\\\/2024\\\/05\\\/93ffd52bcbad7808e2a0e7c90e33eb30.webp\",\"keywords\":[\"d\u00e9cret 54\",\"ISIE\",\"Jaouhar Ben Mbarek\"],\"articleSection\":[\"National\"],\"inLanguage\":\"fr-FR\"},{\"@type\":\"WebPage\",\"@id\":\"https:\\\/\\\/www.webdo.tn\\\/fr\\\/actualite\\\/national\\\/tunisie-reduction-de-peine-pour-jawher-ben-mbarek\\\/214418\\\/\",\"url\":\"https:\\\/\\\/www.webdo.tn\\\/fr\\\/actualite\\\/national\\\/tunisie-reduction-de-peine-pour-jawher-ben-mbarek\\\/214418\\\/\",\"name\":\"Tunisie : R\u00e9duction de peine pour Jawher Ben Mbarek\",\"isPartOf\":{\"@id\":\"https:\\\/\\\/www.webdo.tn\\\/fr\\\/#website\"},\"primaryImageOfPage\":{\"@id\":\"https:\\\/\\\/www.webdo.tn\\\/fr\\\/actualite\\\/national\\\/tunisie-reduction-de-peine-pour-jawher-ben-mbarek\\\/214418\\\/#primaryimage\"},\"image\":{\"@id\":\"https:\\\/\\\/www.webdo.tn\\\/fr\\\/actualite\\\/national\\\/tunisie-reduction-de-peine-pour-jawher-ben-mbarek\\\/214418\\\/#primaryimage\"},\"thumbnailUrl\":\"https:\\\/\\\/www.webdo.tn\\\/fr\\\/wp-content\\\/uploads\\\/2024\\\/05\\\/93ffd52bcbad7808e2a0e7c90e33eb30.webp\",\"datePublished\":\"2024-05-27T19:18:00+00:00\",\"dateModified\":\"2025-05-20T22:55:06+00:00\",\"description\":\"La Chambre correctionnelle de la Cour d'appel de Tunis a r\u00e9duit la peine de Jawher Ben Mbarek \u00e0 cinq mois de prison, lundi 27 mai 2024, apr\u00e8s avoir examin\u00e9 le r...\",\"breadcrumb\":{\"@id\":\"https:\\\/\\\/www.webdo.tn\\\/fr\\\/actualite\\\/national\\\/tunisie-reduction-de-peine-pour-jawher-ben-mbarek\\\/214418\\\/#breadcrumb\"},\"inLanguage\":\"fr-FR\",\"potentialAction\":[{\"@type\":\"ReadAction\",\"target\":[\"https:\\\/\\\/www.webdo.tn\\\/fr\\\/actualite\\\/national\\\/tunisie-reduction-de-peine-pour-jawher-ben-mbarek\\\/214418\\\/\"]}]},{\"@type\":\"ImageObject\",\"inLanguage\":\"fr-FR\",\"@id\":\"https:\\\/\\\/www.webdo.tn\\\/fr\\\/actualite\\\/national\\\/tunisie-reduction-de-peine-pour-jawher-ben-mbarek\\\/214418\\\/#primaryimage\",\"url\":\"https:\\\/\\\/www.webdo.tn\\\/fr\\\/wp-content\\\/uploads\\\/2024\\\/05\\\/93ffd52bcbad7808e2a0e7c90e33eb30.webp\",\"contentUrl\":\"https:\\\/\\\/www.webdo.tn\\\/fr\\\/wp-content\\\/uploads\\\/2024\\\/05\\\/93ffd52bcbad7808e2a0e7c90e33eb30.webp\",\"width\":750,\"height\":400,\"caption\":\"Tunisie : R\u00e9duction de peine pour Jawher Ben Mbarek\"},{\"@type\":\"BreadcrumbList\",\"@id\":\"https:\\\/\\\/www.webdo.tn\\\/fr\\\/actualite\\\/national\\\/tunisie-reduction-de-peine-pour-jawher-ben-mbarek\\\/214418\\\/#breadcrumb\",\"itemListElement\":[{\"@type\":\"ListItem\",\"position\":1,\"name\":\"Accueil\",\"item\":\"https:\\\/\\\/www.webdo.tn\\\/fr\\\/\"},{\"@type\":\"ListItem\",\"position\":2,\"name\":\"Tunisie : R\u00e9duction de peine pour Jawher Ben Mbarek\"}]},{\"@type\":\"WebSite\",\"@id\":\"https:\\\/\\\/www.webdo.tn\\\/fr\\\/#website\",\"url\":\"https:\\\/\\\/www.webdo.tn\\\/fr\\\/\",\"name\":\"webdo\",\"description\":\"Tunisie - News en Tunisie et \u00e0 l&#039;international sur Webdo.tn\",\"publisher\":{\"@id\":\"https:\\\/\\\/www.webdo.tn\\\/fr\\\/#organization\"},\"potentialAction\":[{\"@type\":\"SearchAction\",\"target\":{\"@type\":\"EntryPoint\",\"urlTemplate\":\"https:\\\/\\\/www.webdo.tn\\\/fr\\\/?s={search_term_string}\"},\"query-input\":{\"@type\":\"PropertyValueSpecification\",\"valueRequired\":true,\"valueName\":\"search_term_string\"}}],\"inLanguage\":\"fr-FR\"},{\"@type\":\"Organization\",\"@id\":\"https:\\\/\\\/www.webdo.tn\\\/fr\\\/#organization\",\"name\":\"Webdo\",\"alternateName\":\"Webdo.tn\",\"url\":\"https:\\\/\\\/www.webdo.tn\\\/fr\\\/\",\"logo\":{\"@type\":\"ImageObject\",\"inLanguage\":\"fr-FR\",\"@id\":\"https:\\\/\\\/www.webdo.tn\\\/fr\\\/#\\\/schema\\\/logo\\\/image\\\/\",\"url\":\"https:\\\/\\\/www.webdo.tn\\\/fr\\\/wp-content\\\/uploads\\\/2025\\\/06\\\/Webdo-Tunisie_168377.jpg\",\"contentUrl\":\"https:\\\/\\\/www.webdo.tn\\\/fr\\\/wp-content\\\/uploads\\\/2025\\\/06\\\/Webdo-Tunisie_168377.jpg\",\"width\":301,\"height\":301,\"caption\":\"Webdo\"},\"image\":{\"@id\":\"https:\\\/\\\/www.webdo.tn\\\/fr\\\/#\\\/schema\\\/logo\\\/image\\\/\"},\"sameAs\":[\"https:\\\/\\\/www.facebook.com\\\/webdotn\",\"https:\\\/\\\/x.com\\\/webdo_tn\"],\"description\":\"Webdo est un m\u00e9dia num\u00e9rique tunisien fond\u00e9 en 2010, sp\u00e9cialis\u00e9 dans l\u2019actualit\u00e9 nationale et internationale, l\u2019\u00e9conomie, la soci\u00e9t\u00e9 et les analyses politiques. Le site s\u2019adresse \u00e0 un large public francophone et couvre l\u2019information tunisienne en temps r\u00e9el.\",\"email\":\"redac@webdo.tn\",\"legalName\":\"YNJ SARL\",\"foundingDate\":\"2010-09-06\",\"numberOfEmployees\":{\"@type\":\"QuantitativeValue\",\"minValue\":\"11\",\"maxValue\":\"50\"}},{\"@type\":\"Person\",\"@id\":\"https:\\\/\\\/www.webdo.tn\\\/fr\\\/#\\\/schema\\\/person\\\/5e31e16733206869f020f456fc5fb2a2\",\"name\":\"A.Z\",\"image\":{\"@type\":\"ImageObject\",\"inLanguage\":\"fr-FR\",\"@id\":\"https:\\\/\\\/secure.gravatar.com\\\/avatar\\\/8cdcd492e610a81704472ae2ee8ccb9765700efa034e451c72584311d4c13cb1?s=96&d=mm&r=g\",\"url\":\"https:\\\/\\\/secure.gravatar.com\\\/avatar\\\/8cdcd492e610a81704472ae2ee8ccb9765700efa034e451c72584311d4c13cb1?s=96&d=mm&r=g\",\"contentUrl\":\"https:\\\/\\\/secure.gravatar.com\\\/avatar\\\/8cdcd492e610a81704472ae2ee8ccb9765700efa034e451c72584311d4c13cb1?s=96&d=mm&r=g\",\"caption\":\"A.Z\"},\"url\":\"https:\\\/\\\/www.webdo.tn\\\/fr\\\/actualite\\\/author\\\/a-z\\\/\"}]}<\/script>\n<!-- \/ Yoast SEO Premium plugin. -->","yoast_head_json":{"title":"Tunisie : R\u00e9duction de peine pour Jawher Ben Mbarek","description":"La Chambre correctionnelle de la Cour d'appel de Tunis a r\u00e9duit la peine de Jawher Ben Mbarek \u00e0 cinq mois de prison, lundi 27 mai 2024, apr\u00e8s avoir examin\u00e9 le r...","canonical":"https:\/\/www.webdo.tn\/fr\/actualite\/national\/tunisie-reduction-de-peine-pour-jawher-ben-mbarek\/214418\/","og_locale":"fr_FR","og_type":"article","og_title":"Tunisie : R\u00e9duction de peine pour Jawher Ben Mbarek","og_description":"La Chambre correctionnelle de la Cour d'appel de Tunis a r\u00e9duit la peine de Jawher Ben Mbarek \u00e0 cinq mois de prison, lundi 27 mai 2024, apr\u00e8s avoir examin\u00e9 le r...","og_url":"https:\/\/www.webdo.tn\/fr\/actualite\/national\/tunisie-reduction-de-peine-pour-jawher-ben-mbarek\/214418\/","og_site_name":"webdo","article_publisher":"https:\/\/www.facebook.com\/webdotn","article_published_time":"2024-05-27T19:18:00+00:00","article_modified_time":"2025-05-20T22:55:06+00:00","og_image":[{"width":750,"height":400,"url":"https:\/\/www.webdo.tn\/fr\/wp-content\/uploads\/2024\/05\/93ffd52bcbad7808e2a0e7c90e33eb30.webp","type":"image\/webp"}],"author":"A.Z","twitter_card":"summary_large_image","twitter_creator":"@webdo_tn","twitter_site":"@webdo_tn","twitter_misc":{"\u00c9crit par":"A.Z","Dur\u00e9e de lecture estim\u00e9e":"1 minute"},"schema":{"@context":"https:\/\/schema.org","@graph":[{"@type":"NewsArticle","@id":"https:\/\/www.webdo.tn\/fr\/actualite\/national\/tunisie-reduction-de-peine-pour-jawher-ben-mbarek\/214418\/#article","isPartOf":{"@id":"https:\/\/www.webdo.tn\/fr\/actualite\/national\/tunisie-reduction-de-peine-pour-jawher-ben-mbarek\/214418\/"},"author":{"name":"A.Z","@id":"https:\/\/www.webdo.tn\/fr\/#\/schema\/person\/5e31e16733206869f020f456fc5fb2a2"},"headline":"Tunisie : R\u00e9duction de peine pour Jawher Ben Mbarek","datePublished":"2024-05-27T19:18:00+00:00","dateModified":"2025-05-20T22:55:06+00:00","mainEntityOfPage":{"@id":"https:\/\/www.webdo.tn\/fr\/actualite\/national\/tunisie-reduction-de-peine-pour-jawher-ben-mbarek\/214418\/"},"wordCount":138,"commentCount":0,"publisher":{"@id":"https:\/\/www.webdo.tn\/fr\/#organization"},"image":{"@id":"https:\/\/www.webdo.tn\/fr\/actualite\/national\/tunisie-reduction-de-peine-pour-jawher-ben-mbarek\/214418\/#primaryimage"},"thumbnailUrl":"https:\/\/www.webdo.tn\/fr\/wp-content\/uploads\/2024\/05\/93ffd52bcbad7808e2a0e7c90e33eb30.webp","keywords":["d\u00e9cret 54","ISIE","Jaouhar Ben Mbarek"],"articleSection":["National"],"inLanguage":"fr-FR"},{"@type":"WebPage","@id":"https:\/\/www.webdo.tn\/fr\/actualite\/national\/tunisie-reduction-de-peine-pour-jawher-ben-mbarek\/214418\/","url":"https:\/\/www.webdo.tn\/fr\/actualite\/national\/tunisie-reduction-de-peine-pour-jawher-ben-mbarek\/214418\/","name":"Tunisie : R\u00e9duction de peine pour Jawher Ben Mbarek","isPartOf":{"@id":"https:\/\/www.webdo.tn\/fr\/#website"},"primaryImageOfPage":{"@id":"https:\/\/www.webdo.tn\/fr\/actualite\/national\/tunisie-reduction-de-peine-pour-jawher-ben-mbarek\/214418\/#primaryimage"},"image":{"@id":"https:\/\/www.webdo.tn\/fr\/actualite\/national\/tunisie-reduction-de-peine-pour-jawher-ben-mbarek\/214418\/#primaryimage"},"thumbnailUrl":"https:\/\/www.webdo.tn\/fr\/wp-content\/uploads\/2024\/05\/93ffd52bcbad7808e2a0e7c90e33eb30.webp","datePublished":"2024-05-27T19:18:00+00:00","dateModified":"2025-05-20T22:55:06+00:00","description":"La Chambre correctionnelle de la Cour d'appel de Tunis a r\u00e9duit la peine de Jawher Ben Mbarek \u00e0 cinq mois de prison, lundi 27 mai 2024, apr\u00e8s avoir examin\u00e9 le r...","breadcrumb":{"@id":"https:\/\/www.webdo.tn\/fr\/actualite\/national\/tunisie-reduction-de-peine-pour-jawher-ben-mbarek\/214418\/#breadcrumb"},"inLanguage":"fr-FR","potentialAction":[{"@type":"ReadAction","target":["https:\/\/www.webdo.tn\/fr\/actualite\/national\/tunisie-reduction-de-peine-pour-jawher-ben-mbarek\/214418\/"]}]},{"@type":"ImageObject","inLanguage":"fr-FR","@id":"https:\/\/www.webdo.tn\/fr\/actualite\/national\/tunisie-reduction-de-peine-pour-jawher-ben-mbarek\/214418\/#primaryimage","url":"https:\/\/www.webdo.tn\/fr\/wp-content\/uploads\/2024\/05\/93ffd52bcbad7808e2a0e7c90e33eb30.webp","contentUrl":"https:\/\/www.webdo.tn\/fr\/wp-content\/uploads\/2024\/05\/93ffd52bcbad7808e2a0e7c90e33eb30.webp","width":750,"height":400,"caption":"Tunisie : R\u00e9duction de peine pour Jawher Ben Mbarek"},{"@type":"BreadcrumbList","@id":"https:\/\/www.webdo.tn\/fr\/actualite\/national\/tunisie-reduction-de-peine-pour-jawher-ben-mbarek\/214418\/#breadcrumb","itemListElement":[{"@type":"ListItem","position":1,"name":"Accueil","item":"https:\/\/www.webdo.tn\/fr\/"},{"@type":"ListItem","position":2,"name":"Tunisie : R\u00e9duction de peine pour Jawher Ben Mbarek"}]},{"@type":"WebSite","@id":"https:\/\/www.webdo.tn\/fr\/#website","url":"https:\/\/www.webdo.tn\/fr\/","name":"webdo","description":"Tunisie - News en Tunisie et \u00e0 l&#039;international sur Webdo.tn","publisher":{"@id":"https:\/\/www.webdo.tn\/fr\/#organization"},"potentialAction":[{"@type":"SearchAction","target":{"@type":"EntryPoint","urlTemplate":"https:\/\/www.webdo.tn\/fr\/?s={search_term_string}"},"query-input":{"@type":"PropertyValueSpecification","valueRequired":true,"valueName":"search_term_string"}}],"inLanguage":"fr-FR"},{"@type":"Organization","@id":"https:\/\/www.webdo.tn\/fr\/#organization","name":"Webdo","alternateName":"Webdo.tn","url":"https:\/\/www.webdo.tn\/fr\/","logo":{"@type":"ImageObject","inLanguage":"fr-FR","@id":"https:\/\/www.webdo.tn\/fr\/#\/schema\/logo\/image\/","url":"https:\/\/www.webdo.tn\/fr\/wp-content\/uploads\/2025\/06\/Webdo-Tunisie_168377.jpg","contentUrl":"https:\/\/www.webdo.tn\/fr\/wp-content\/uploads\/2025\/06\/Webdo-Tunisie_168377.jpg","width":301,"height":301,"caption":"Webdo"},"image":{"@id":"https:\/\/www.webdo.tn\/fr\/#\/schema\/logo\/image\/"},"sameAs":["https:\/\/www.facebook.com\/webdotn","https:\/\/x.com\/webdo_tn"],"description":"Webdo est un m\u00e9dia num\u00e9rique tunisien fond\u00e9 en 2010, sp\u00e9cialis\u00e9 dans l\u2019actualit\u00e9 nationale et internationale, l\u2019\u00e9conomie, la soci\u00e9t\u00e9 et les analyses politiques. Le site s\u2019adresse \u00e0 un large public francophone et couvre l\u2019information tunisienne en temps r\u00e9el.","email":"redac@webdo.tn","legalName":"YNJ SARL","foundingDate":"2010-09-06","numberOfEmployees":{"@type":"QuantitativeValue","minValue":"11","maxValue":"50"}},{"@type":"Person","@id":"https:\/\/www.webdo.tn\/fr\/#\/schema\/person\/5e31e16733206869f020f456fc5fb2a2","name":"A.Z","image":{"@type":"ImageObject","inLanguage":"fr-FR","@id":"https:\/\/secure.gravatar.com\/avatar\/8cdcd492e610a81704472ae2ee8ccb9765700efa034e451c72584311d4c13cb1?s=96&d=mm&r=g","url":"https:\/\/secure.gravatar.com\/avatar\/8cdcd492e610a81704472ae2ee8ccb9765700efa034e451c72584311d4c13cb1?s=96&d=mm&r=g","contentUrl":"https:\/\/secure.gravatar.com\/avatar\/8cdcd492e610a81704472ae2ee8ccb9765700efa034e451c72584311d4c13cb1?s=96&d=mm&r=g","caption":"A.Z"},"url":"https:\/\/www.webdo.tn\/fr\/actualite\/author\/a-z\/"}]}},"_links":{"self":[{"href":"https:\/\/www.webdo.tn\/fr\/wp-json\/wp\/v2\/posts\/214418","targetHints":{"allow":["GET"]}}],"collection":[{"href":"https:\/\/www.webdo.tn\/fr\/wp-json\/wp\/v2\/posts"}],"about":[{"href":"https:\/\/www.webdo.tn\/fr\/wp-json\/wp\/v2\/types\/post"}],"author":[{"embeddable":true,"href":"https:\/\/www.webdo.tn\/fr\/wp-json\/wp\/v2\/users\/3180"}],"replies":[{"embeddable":true,"href":"https:\/\/www.webdo.tn\/fr\/wp-json\/wp\/v2\/comments?post=214418"}],"version-history":[{"count":0,"href":"https:\/\/www.webdo.tn\/fr\/wp-json\/wp\/v2\/posts\/214418\/revisions"}],"wp:featuredmedia":[{"embeddable":true,"href":"https:\/\/www.webdo.tn\/fr\/wp-json\/wp\/v2\/media\/247304"}],"wp:attachment":[{"href":"https:\/\/www.webdo.tn\/fr\/wp-json\/wp\/v2\/media?parent=214418"}],"wp:term":[{"taxonomy":"category","embeddable":true,"href":"https:\/\/www.webdo.tn\/fr\/wp-json\/wp\/v2\/categories?post=214418"},{"taxonomy":"post_tag","embeddable":true,"href":"https:\/\/www.webdo.tn\/fr\/wp-json\/wp\/v2\/tags?post=214418"}],"curies":[{"name":"wp","href":"https:\/\/api.w.org\/{rel}","templated":true}]}}