{"id":214413,"date":"2024-05-27T15:49:00","date_gmt":"2024-05-27T15:49:00","guid":{"rendered":"https:\/\/www.webdo.tn\/fr\/blog\/rafah-un-soldat-egyptien-tue-dans-un-echange-de-tir-au-niveau-du-poste-frontiere\/214413\/"},"modified":"2025-05-20T22:55:05","modified_gmt":"2025-05-20T22:55:05","slug":"rafah-un-soldat-egyptien-tue-dans-un-echange-de-tir-au-niveau-du-poste-frontiere","status":"publish","type":"post","link":"https:\/\/www.webdo.tn\/fr\/actualite\/international\/rafah-un-soldat-egyptien-tue-dans-un-echange-de-tir-au-niveau-du-poste-frontiere\/214413\/","title":{"rendered":"Rafah : Au moins un soldat \u00e9gyptien tu\u00e9 dans un \u00e9change de tirs avec l&rsquo;arm\u00e9e isra\u00e9lienne"},"content":{"rendered":"<p>Un incident a eu lieu aujourd&rsquo;hui \u00e0 la fronti\u00e8re entre l&rsquo;\u00c9gypte et Isra\u00ebl, au niveau du poste frontalier de Rafah. Le porte-parole militaire \u00e9gyptien a annonc\u00e9 la mort en martyr d&rsquo;un soldat \u00e9gyptien charg\u00e9 de s\u00e9curiser la zone frontali\u00e8re, tandis que l&rsquo;arm\u00e9e isra\u00e9lienne a confirm\u00e9 des \u00e9changes de tirs.<\/p>\n<p>\t\t\t\t\t\t\t\t\tSelon les autorit\u00e9s \u00e9gyptiennes, une enqu\u00eate a \u00e9t\u00e9 ouverte pour faire la lumi\u00e8re sur cet incident de tirs survenu dans la zone frontali\u00e8re de Rafah et ayant fait au moins un mort, rapporte Al Jazeera.<\/p>\n<p>De son c\u00f4t\u00e9, l&rsquo;arm\u00e9e isra\u00e9lienne a d\u00e9clar\u00e9 qu&rsquo;elle examine les rapports concernant des \u00e9changes de tirs entre des soldats isra\u00e9liens et \u00e9gyptiens \u00e0 proximit\u00e9 du point de passage de Rafah, situ\u00e9 \u00e0 la fronti\u00e8re avec Gaza.<\/p>\n<p>Les m\u00e9dias Isra\u00e9liens, qui rapportent la mort de deux soldats \u00e9gyptiens, ont r\u00e9v\u00e9l\u00e9 que des soldats \u00e9gyptiens avaient ouvert le feu sur des soldats isra\u00e9liens \u00e0 l&rsquo;int\u00e9rieur du poste-fronti\u00e8re de Rafah, sans faire de bless\u00e9s.<\/p>\n","protected":false},"excerpt":{"rendered":"<p>Un incident a eu lieu aujourd&rsquo;hui \u00e0 la fronti\u00e8re entre l&rsquo;\u00c9gypte et Isra\u00ebl, au niveau du poste frontalier de Rafah. Le porte-parole militaire \u00e9gyptien a annonc\u00e9&#8230;<\/p>\n","protected":false},"author":3180,"featured_media":247303,"comment_status":"open","ping_status":"closed","sticky":false,"template":"","format":"standard","meta":{"footnotes":""},"categories":[2598],"tags":[3183,2689,2636,3422],"class_list":["post-214413","post","type-post","status-publish","format-standard","has-post-thumbnail","hentry","category-international","tag-egypte","tag-gaza","tag-israel","tag-rafah"],"yoast_head":"<!-- This site is optimized with the Yoast SEO Premium plugin v27.4 (Yoast SEO v27.5) - https:\/\/yoast.com\/product\/yoast-seo-premium-wordpress\/ -->\n<title>Rafah : Au moins un soldat \u00e9gyptien tu\u00e9 dans un \u00e9change de tirs avec l&#039;arm\u00e9e isra\u00e9lienne<\/title>\n<meta name=\"description\" content=\"Un incident a eu lieu aujourd&#039;hui \u00e0 la fronti\u00e8re entre l&#039;\u00c9gypte et Isra\u00ebl, au niveau du poste frontalier de Rafah. Le porte-parole militaire \u00e9gyptien a annonc\u00e9...\" \/>\n<link rel=\"canonical\" href=\"https:\/\/www.webdo.tn\/fr\/actualite\/international\/rafah-un-soldat-egyptien-tue-dans-un-echange-de-tir-au-niveau-du-poste-frontiere\/214413\/\" \/>\n<meta property=\"og:locale\" content=\"fr_FR\" \/>\n<meta property=\"og:type\" content=\"article\" \/>\n<meta property=\"og:title\" content=\"Rafah : Au moins un soldat \u00e9gyptien tu\u00e9 dans un \u00e9change de tirs avec l&#039;arm\u00e9e isra\u00e9lienne\" \/>\n<meta property=\"og:description\" content=\"Un incident a eu lieu aujourd&#039;hui \u00e0 la fronti\u00e8re entre l&#039;\u00c9gypte et Isra\u00ebl, au niveau du poste frontalier de Rafah. Le porte-parole militaire \u00e9gyptien a annonc\u00e9...\" \/>\n<meta property=\"og:url\" content=\"https:\/\/www.webdo.tn\/fr\/actualite\/international\/rafah-un-soldat-egyptien-tue-dans-un-echange-de-tir-au-niveau-du-poste-frontiere\/214413\/\" \/>\n<meta property=\"og:site_name\" content=\"webdo\" \/>\n<meta property=\"article:publisher\" content=\"https:\/\/www.facebook.com\/webdotn\" \/>\n<meta property=\"article:published_time\" content=\"2024-05-27T15:49:00+00:00\" \/>\n<meta property=\"article:modified_time\" content=\"2025-05-20T22:55:05+00:00\" \/>\n<meta property=\"og:image\" content=\"https:\/\/www.webdo.tn\/fr\/wp-content\/uploads\/2024\/05\/0cac4e673ddeca7318cc8e646d332ae9.webp\" \/>\n\t<meta property=\"og:image:width\" content=\"750\" \/>\n\t<meta property=\"og:image:height\" content=\"400\" \/>\n\t<meta property=\"og:image:type\" content=\"image\/webp\" \/>\n<meta name=\"author\" content=\"A.Z\" \/>\n<meta name=\"twitter:card\" content=\"summary_large_image\" \/>\n<meta name=\"twitter:creator\" content=\"@webdo_tn\" \/>\n<meta name=\"twitter:site\" content=\"@webdo_tn\" \/>\n<meta name=\"twitter:label1\" content=\"\u00c9crit par\" \/>\n\t<meta name=\"twitter:data1\" content=\"A.Z\" \/>\n\t<meta name=\"twitter:label2\" content=\"Dur\u00e9e de lecture estim\u00e9e\" \/>\n\t<meta name=\"twitter:data2\" content=\"1 minute\" \/>\n<script type=\"application\/ld+json\" class=\"yoast-schema-graph\">{\"@context\":\"https:\\\/\\\/schema.org\",\"@graph\":[{\"@type\":\"NewsArticle\",\"@id\":\"https:\\\/\\\/www.webdo.tn\\\/fr\\\/actualite\\\/international\\\/rafah-un-soldat-egyptien-tue-dans-un-echange-de-tir-au-niveau-du-poste-frontiere\\\/214413\\\/#article\",\"isPartOf\":{\"@id\":\"https:\\\/\\\/www.webdo.tn\\\/fr\\\/actualite\\\/international\\\/rafah-un-soldat-egyptien-tue-dans-un-echange-de-tir-au-niveau-du-poste-frontiere\\\/214413\\\/\"},\"author\":{\"name\":\"A.Z\",\"@id\":\"https:\\\/\\\/www.webdo.tn\\\/fr\\\/#\\\/schema\\\/person\\\/5e31e16733206869f020f456fc5fb2a2\"},\"headline\":\"Rafah : Au moins un soldat \u00e9gyptien tu\u00e9 dans un \u00e9change de tirs avec l&rsquo;arm\u00e9e isra\u00e9lienne\",\"datePublished\":\"2024-05-27T15:49:00+00:00\",\"dateModified\":\"2025-05-20T22:55:05+00:00\",\"mainEntityOfPage\":{\"@id\":\"https:\\\/\\\/www.webdo.tn\\\/fr\\\/actualite\\\/international\\\/rafah-un-soldat-egyptien-tue-dans-un-echange-de-tir-au-niveau-du-poste-frontiere\\\/214413\\\/\"},\"wordCount\":200,\"commentCount\":0,\"publisher\":{\"@id\":\"https:\\\/\\\/www.webdo.tn\\\/fr\\\/#organization\"},\"image\":{\"@id\":\"https:\\\/\\\/www.webdo.tn\\\/fr\\\/actualite\\\/international\\\/rafah-un-soldat-egyptien-tue-dans-un-echange-de-tir-au-niveau-du-poste-frontiere\\\/214413\\\/#primaryimage\"},\"thumbnailUrl\":\"https:\\\/\\\/www.webdo.tn\\\/fr\\\/wp-content\\\/uploads\\\/2024\\\/05\\\/0cac4e673ddeca7318cc8e646d332ae9.webp\",\"keywords\":[\"Egypte\",\"Gaza\",\"isra\u00ebl\",\"rafah\"],\"articleSection\":[\"International\"],\"inLanguage\":\"fr-FR\"},{\"@type\":\"WebPage\",\"@id\":\"https:\\\/\\\/www.webdo.tn\\\/fr\\\/actualite\\\/international\\\/rafah-un-soldat-egyptien-tue-dans-un-echange-de-tir-au-niveau-du-poste-frontiere\\\/214413\\\/\",\"url\":\"https:\\\/\\\/www.webdo.tn\\\/fr\\\/actualite\\\/international\\\/rafah-un-soldat-egyptien-tue-dans-un-echange-de-tir-au-niveau-du-poste-frontiere\\\/214413\\\/\",\"name\":\"Rafah : Au moins un soldat \u00e9gyptien tu\u00e9 dans un \u00e9change de tirs avec l'arm\u00e9e isra\u00e9lienne\",\"isPartOf\":{\"@id\":\"https:\\\/\\\/www.webdo.tn\\\/fr\\\/#website\"},\"primaryImageOfPage\":{\"@id\":\"https:\\\/\\\/www.webdo.tn\\\/fr\\\/actualite\\\/international\\\/rafah-un-soldat-egyptien-tue-dans-un-echange-de-tir-au-niveau-du-poste-frontiere\\\/214413\\\/#primaryimage\"},\"image\":{\"@id\":\"https:\\\/\\\/www.webdo.tn\\\/fr\\\/actualite\\\/international\\\/rafah-un-soldat-egyptien-tue-dans-un-echange-de-tir-au-niveau-du-poste-frontiere\\\/214413\\\/#primaryimage\"},\"thumbnailUrl\":\"https:\\\/\\\/www.webdo.tn\\\/fr\\\/wp-content\\\/uploads\\\/2024\\\/05\\\/0cac4e673ddeca7318cc8e646d332ae9.webp\",\"datePublished\":\"2024-05-27T15:49:00+00:00\",\"dateModified\":\"2025-05-20T22:55:05+00:00\",\"description\":\"Un incident a eu lieu aujourd'hui \u00e0 la fronti\u00e8re entre l'\u00c9gypte et Isra\u00ebl, au niveau du poste frontalier de Rafah. Le porte-parole militaire \u00e9gyptien a annonc\u00e9...\",\"breadcrumb\":{\"@id\":\"https:\\\/\\\/www.webdo.tn\\\/fr\\\/actualite\\\/international\\\/rafah-un-soldat-egyptien-tue-dans-un-echange-de-tir-au-niveau-du-poste-frontiere\\\/214413\\\/#breadcrumb\"},\"inLanguage\":\"fr-FR\",\"potentialAction\":[{\"@type\":\"ReadAction\",\"target\":[\"https:\\\/\\\/www.webdo.tn\\\/fr\\\/actualite\\\/international\\\/rafah-un-soldat-egyptien-tue-dans-un-echange-de-tir-au-niveau-du-poste-frontiere\\\/214413\\\/\"]}]},{\"@type\":\"ImageObject\",\"inLanguage\":\"fr-FR\",\"@id\":\"https:\\\/\\\/www.webdo.tn\\\/fr\\\/actualite\\\/international\\\/rafah-un-soldat-egyptien-tue-dans-un-echange-de-tir-au-niveau-du-poste-frontiere\\\/214413\\\/#primaryimage\",\"url\":\"https:\\\/\\\/www.webdo.tn\\\/fr\\\/wp-content\\\/uploads\\\/2024\\\/05\\\/0cac4e673ddeca7318cc8e646d332ae9.webp\",\"contentUrl\":\"https:\\\/\\\/www.webdo.tn\\\/fr\\\/wp-content\\\/uploads\\\/2024\\\/05\\\/0cac4e673ddeca7318cc8e646d332ae9.webp\",\"width\":750,\"height\":400,\"caption\":\"Rafah : Au moins un soldat \u00e9gyptien tu\u00e9 dans un \u00e9change de tirs avec l'arm\u00e9e isra\u00e9lienne\"},{\"@type\":\"BreadcrumbList\",\"@id\":\"https:\\\/\\\/www.webdo.tn\\\/fr\\\/actualite\\\/international\\\/rafah-un-soldat-egyptien-tue-dans-un-echange-de-tir-au-niveau-du-poste-frontiere\\\/214413\\\/#breadcrumb\",\"itemListElement\":[{\"@type\":\"ListItem\",\"position\":1,\"name\":\"Accueil\",\"item\":\"https:\\\/\\\/www.webdo.tn\\\/fr\\\/\"},{\"@type\":\"ListItem\",\"position\":2,\"name\":\"Rafah : Au moins un soldat \u00e9gyptien tu\u00e9 dans un \u00e9change de tirs avec l&rsquo;arm\u00e9e isra\u00e9lienne\"}]},{\"@type\":\"WebSite\",\"@id\":\"https:\\\/\\\/www.webdo.tn\\\/fr\\\/#website\",\"url\":\"https:\\\/\\\/www.webdo.tn\\\/fr\\\/\",\"name\":\"webdo\",\"description\":\"Tunisie - News en Tunisie et \u00e0 l&#039;international sur Webdo.tn\",\"publisher\":{\"@id\":\"https:\\\/\\\/www.webdo.tn\\\/fr\\\/#organization\"},\"potentialAction\":[{\"@type\":\"SearchAction\",\"target\":{\"@type\":\"EntryPoint\",\"urlTemplate\":\"https:\\\/\\\/www.webdo.tn\\\/fr\\\/?s={search_term_string}\"},\"query-input\":{\"@type\":\"PropertyValueSpecification\",\"valueRequired\":true,\"valueName\":\"search_term_string\"}}],\"inLanguage\":\"fr-FR\"},{\"@type\":\"Organization\",\"@id\":\"https:\\\/\\\/www.webdo.tn\\\/fr\\\/#organization\",\"name\":\"Webdo\",\"alternateName\":\"Webdo.tn\",\"url\":\"https:\\\/\\\/www.webdo.tn\\\/fr\\\/\",\"logo\":{\"@type\":\"ImageObject\",\"inLanguage\":\"fr-FR\",\"@id\":\"https:\\\/\\\/www.webdo.tn\\\/fr\\\/#\\\/schema\\\/logo\\\/image\\\/\",\"url\":\"https:\\\/\\\/www.webdo.tn\\\/fr\\\/wp-content\\\/uploads\\\/2025\\\/06\\\/Webdo-Tunisie_168377.jpg\",\"contentUrl\":\"https:\\\/\\\/www.webdo.tn\\\/fr\\\/wp-content\\\/uploads\\\/2025\\\/06\\\/Webdo-Tunisie_168377.jpg\",\"width\":301,\"height\":301,\"caption\":\"Webdo\"},\"image\":{\"@id\":\"https:\\\/\\\/www.webdo.tn\\\/fr\\\/#\\\/schema\\\/logo\\\/image\\\/\"},\"sameAs\":[\"https:\\\/\\\/www.facebook.com\\\/webdotn\",\"https:\\\/\\\/x.com\\\/webdo_tn\"],\"description\":\"Webdo est un m\u00e9dia num\u00e9rique tunisien fond\u00e9 en 2010, sp\u00e9cialis\u00e9 dans l\u2019actualit\u00e9 nationale et internationale, l\u2019\u00e9conomie, la soci\u00e9t\u00e9 et les analyses politiques. Le site s\u2019adresse \u00e0 un large public francophone et couvre l\u2019information tunisienne en temps r\u00e9el.\",\"email\":\"redac@webdo.tn\",\"legalName\":\"YNJ SARL\",\"foundingDate\":\"2010-09-06\",\"numberOfEmployees\":{\"@type\":\"QuantitativeValue\",\"minValue\":\"11\",\"maxValue\":\"50\"}},{\"@type\":\"Person\",\"@id\":\"https:\\\/\\\/www.webdo.tn\\\/fr\\\/#\\\/schema\\\/person\\\/5e31e16733206869f020f456fc5fb2a2\",\"name\":\"A.Z\",\"image\":{\"@type\":\"ImageObject\",\"inLanguage\":\"fr-FR\",\"@id\":\"https:\\\/\\\/secure.gravatar.com\\\/avatar\\\/8cdcd492e610a81704472ae2ee8ccb9765700efa034e451c72584311d4c13cb1?s=96&d=mm&r=g\",\"url\":\"https:\\\/\\\/secure.gravatar.com\\\/avatar\\\/8cdcd492e610a81704472ae2ee8ccb9765700efa034e451c72584311d4c13cb1?s=96&d=mm&r=g\",\"contentUrl\":\"https:\\\/\\\/secure.gravatar.com\\\/avatar\\\/8cdcd492e610a81704472ae2ee8ccb9765700efa034e451c72584311d4c13cb1?s=96&d=mm&r=g\",\"caption\":\"A.Z\"},\"url\":\"https:\\\/\\\/www.webdo.tn\\\/fr\\\/actualite\\\/author\\\/a-z\\\/\"}]}<\/script>\n<!-- \/ Yoast SEO Premium plugin. -->","yoast_head_json":{"title":"Rafah : Au moins un soldat \u00e9gyptien tu\u00e9 dans un \u00e9change de tirs avec l'arm\u00e9e isra\u00e9lienne","description":"Un incident a eu lieu aujourd'hui \u00e0 la fronti\u00e8re entre l'\u00c9gypte et Isra\u00ebl, au niveau du poste frontalier de Rafah. Le porte-parole militaire \u00e9gyptien a annonc\u00e9...","canonical":"https:\/\/www.webdo.tn\/fr\/actualite\/international\/rafah-un-soldat-egyptien-tue-dans-un-echange-de-tir-au-niveau-du-poste-frontiere\/214413\/","og_locale":"fr_FR","og_type":"article","og_title":"Rafah : Au moins un soldat \u00e9gyptien tu\u00e9 dans un \u00e9change de tirs avec l'arm\u00e9e isra\u00e9lienne","og_description":"Un incident a eu lieu aujourd'hui \u00e0 la fronti\u00e8re entre l'\u00c9gypte et Isra\u00ebl, au niveau du poste frontalier de Rafah. Le porte-parole militaire \u00e9gyptien a annonc\u00e9...","og_url":"https:\/\/www.webdo.tn\/fr\/actualite\/international\/rafah-un-soldat-egyptien-tue-dans-un-echange-de-tir-au-niveau-du-poste-frontiere\/214413\/","og_site_name":"webdo","article_publisher":"https:\/\/www.facebook.com\/webdotn","article_published_time":"2024-05-27T15:49:00+00:00","article_modified_time":"2025-05-20T22:55:05+00:00","og_image":[{"width":750,"height":400,"url":"https:\/\/www.webdo.tn\/fr\/wp-content\/uploads\/2024\/05\/0cac4e673ddeca7318cc8e646d332ae9.webp","type":"image\/webp"}],"author":"A.Z","twitter_card":"summary_large_image","twitter_creator":"@webdo_tn","twitter_site":"@webdo_tn","twitter_misc":{"\u00c9crit par":"A.Z","Dur\u00e9e de lecture estim\u00e9e":"1 minute"},"schema":{"@context":"https:\/\/schema.org","@graph":[{"@type":"NewsArticle","@id":"https:\/\/www.webdo.tn\/fr\/actualite\/international\/rafah-un-soldat-egyptien-tue-dans-un-echange-de-tir-au-niveau-du-poste-frontiere\/214413\/#article","isPartOf":{"@id":"https:\/\/www.webdo.tn\/fr\/actualite\/international\/rafah-un-soldat-egyptien-tue-dans-un-echange-de-tir-au-niveau-du-poste-frontiere\/214413\/"},"author":{"name":"A.Z","@id":"https:\/\/www.webdo.tn\/fr\/#\/schema\/person\/5e31e16733206869f020f456fc5fb2a2"},"headline":"Rafah : Au moins un soldat \u00e9gyptien tu\u00e9 dans un \u00e9change de tirs avec l&rsquo;arm\u00e9e isra\u00e9lienne","datePublished":"2024-05-27T15:49:00+00:00","dateModified":"2025-05-20T22:55:05+00:00","mainEntityOfPage":{"@id":"https:\/\/www.webdo.tn\/fr\/actualite\/international\/rafah-un-soldat-egyptien-tue-dans-un-echange-de-tir-au-niveau-du-poste-frontiere\/214413\/"},"wordCount":200,"commentCount":0,"publisher":{"@id":"https:\/\/www.webdo.tn\/fr\/#organization"},"image":{"@id":"https:\/\/www.webdo.tn\/fr\/actualite\/international\/rafah-un-soldat-egyptien-tue-dans-un-echange-de-tir-au-niveau-du-poste-frontiere\/214413\/#primaryimage"},"thumbnailUrl":"https:\/\/www.webdo.tn\/fr\/wp-content\/uploads\/2024\/05\/0cac4e673ddeca7318cc8e646d332ae9.webp","keywords":["Egypte","Gaza","isra\u00ebl","rafah"],"articleSection":["International"],"inLanguage":"fr-FR"},{"@type":"WebPage","@id":"https:\/\/www.webdo.tn\/fr\/actualite\/international\/rafah-un-soldat-egyptien-tue-dans-un-echange-de-tir-au-niveau-du-poste-frontiere\/214413\/","url":"https:\/\/www.webdo.tn\/fr\/actualite\/international\/rafah-un-soldat-egyptien-tue-dans-un-echange-de-tir-au-niveau-du-poste-frontiere\/214413\/","name":"Rafah : Au moins un soldat \u00e9gyptien tu\u00e9 dans un \u00e9change de tirs avec l'arm\u00e9e isra\u00e9lienne","isPartOf":{"@id":"https:\/\/www.webdo.tn\/fr\/#website"},"primaryImageOfPage":{"@id":"https:\/\/www.webdo.tn\/fr\/actualite\/international\/rafah-un-soldat-egyptien-tue-dans-un-echange-de-tir-au-niveau-du-poste-frontiere\/214413\/#primaryimage"},"image":{"@id":"https:\/\/www.webdo.tn\/fr\/actualite\/international\/rafah-un-soldat-egyptien-tue-dans-un-echange-de-tir-au-niveau-du-poste-frontiere\/214413\/#primaryimage"},"thumbnailUrl":"https:\/\/www.webdo.tn\/fr\/wp-content\/uploads\/2024\/05\/0cac4e673ddeca7318cc8e646d332ae9.webp","datePublished":"2024-05-27T15:49:00+00:00","dateModified":"2025-05-20T22:55:05+00:00","description":"Un incident a eu lieu aujourd'hui \u00e0 la fronti\u00e8re entre l'\u00c9gypte et Isra\u00ebl, au niveau du poste frontalier de Rafah. Le porte-parole militaire \u00e9gyptien a annonc\u00e9...","breadcrumb":{"@id":"https:\/\/www.webdo.tn\/fr\/actualite\/international\/rafah-un-soldat-egyptien-tue-dans-un-echange-de-tir-au-niveau-du-poste-frontiere\/214413\/#breadcrumb"},"inLanguage":"fr-FR","potentialAction":[{"@type":"ReadAction","target":["https:\/\/www.webdo.tn\/fr\/actualite\/international\/rafah-un-soldat-egyptien-tue-dans-un-echange-de-tir-au-niveau-du-poste-frontiere\/214413\/"]}]},{"@type":"ImageObject","inLanguage":"fr-FR","@id":"https:\/\/www.webdo.tn\/fr\/actualite\/international\/rafah-un-soldat-egyptien-tue-dans-un-echange-de-tir-au-niveau-du-poste-frontiere\/214413\/#primaryimage","url":"https:\/\/www.webdo.tn\/fr\/wp-content\/uploads\/2024\/05\/0cac4e673ddeca7318cc8e646d332ae9.webp","contentUrl":"https:\/\/www.webdo.tn\/fr\/wp-content\/uploads\/2024\/05\/0cac4e673ddeca7318cc8e646d332ae9.webp","width":750,"height":400,"caption":"Rafah : Au moins un soldat \u00e9gyptien tu\u00e9 dans un \u00e9change de tirs avec l'arm\u00e9e isra\u00e9lienne"},{"@type":"BreadcrumbList","@id":"https:\/\/www.webdo.tn\/fr\/actualite\/international\/rafah-un-soldat-egyptien-tue-dans-un-echange-de-tir-au-niveau-du-poste-frontiere\/214413\/#breadcrumb","itemListElement":[{"@type":"ListItem","position":1,"name":"Accueil","item":"https:\/\/www.webdo.tn\/fr\/"},{"@type":"ListItem","position":2,"name":"Rafah : Au moins un soldat \u00e9gyptien tu\u00e9 dans un \u00e9change de tirs avec l&rsquo;arm\u00e9e isra\u00e9lienne"}]},{"@type":"WebSite","@id":"https:\/\/www.webdo.tn\/fr\/#website","url":"https:\/\/www.webdo.tn\/fr\/","name":"webdo","description":"Tunisie - News en Tunisie et \u00e0 l&#039;international sur Webdo.tn","publisher":{"@id":"https:\/\/www.webdo.tn\/fr\/#organization"},"potentialAction":[{"@type":"SearchAction","target":{"@type":"EntryPoint","urlTemplate":"https:\/\/www.webdo.tn\/fr\/?s={search_term_string}"},"query-input":{"@type":"PropertyValueSpecification","valueRequired":true,"valueName":"search_term_string"}}],"inLanguage":"fr-FR"},{"@type":"Organization","@id":"https:\/\/www.webdo.tn\/fr\/#organization","name":"Webdo","alternateName":"Webdo.tn","url":"https:\/\/www.webdo.tn\/fr\/","logo":{"@type":"ImageObject","inLanguage":"fr-FR","@id":"https:\/\/www.webdo.tn\/fr\/#\/schema\/logo\/image\/","url":"https:\/\/www.webdo.tn\/fr\/wp-content\/uploads\/2025\/06\/Webdo-Tunisie_168377.jpg","contentUrl":"https:\/\/www.webdo.tn\/fr\/wp-content\/uploads\/2025\/06\/Webdo-Tunisie_168377.jpg","width":301,"height":301,"caption":"Webdo"},"image":{"@id":"https:\/\/www.webdo.tn\/fr\/#\/schema\/logo\/image\/"},"sameAs":["https:\/\/www.facebook.com\/webdotn","https:\/\/x.com\/webdo_tn"],"description":"Webdo est un m\u00e9dia num\u00e9rique tunisien fond\u00e9 en 2010, sp\u00e9cialis\u00e9 dans l\u2019actualit\u00e9 nationale et internationale, l\u2019\u00e9conomie, la soci\u00e9t\u00e9 et les analyses politiques. Le site s\u2019adresse \u00e0 un large public francophone et couvre l\u2019information tunisienne en temps r\u00e9el.","email":"redac@webdo.tn","legalName":"YNJ SARL","foundingDate":"2010-09-06","numberOfEmployees":{"@type":"QuantitativeValue","minValue":"11","maxValue":"50"}},{"@type":"Person","@id":"https:\/\/www.webdo.tn\/fr\/#\/schema\/person\/5e31e16733206869f020f456fc5fb2a2","name":"A.Z","image":{"@type":"ImageObject","inLanguage":"fr-FR","@id":"https:\/\/secure.gravatar.com\/avatar\/8cdcd492e610a81704472ae2ee8ccb9765700efa034e451c72584311d4c13cb1?s=96&d=mm&r=g","url":"https:\/\/secure.gravatar.com\/avatar\/8cdcd492e610a81704472ae2ee8ccb9765700efa034e451c72584311d4c13cb1?s=96&d=mm&r=g","contentUrl":"https:\/\/secure.gravatar.com\/avatar\/8cdcd492e610a81704472ae2ee8ccb9765700efa034e451c72584311d4c13cb1?s=96&d=mm&r=g","caption":"A.Z"},"url":"https:\/\/www.webdo.tn\/fr\/actualite\/author\/a-z\/"}]}},"_links":{"self":[{"href":"https:\/\/www.webdo.tn\/fr\/wp-json\/wp\/v2\/posts\/214413","targetHints":{"allow":["GET"]}}],"collection":[{"href":"https:\/\/www.webdo.tn\/fr\/wp-json\/wp\/v2\/posts"}],"about":[{"href":"https:\/\/www.webdo.tn\/fr\/wp-json\/wp\/v2\/types\/post"}],"author":[{"embeddable":true,"href":"https:\/\/www.webdo.tn\/fr\/wp-json\/wp\/v2\/users\/3180"}],"replies":[{"embeddable":true,"href":"https:\/\/www.webdo.tn\/fr\/wp-json\/wp\/v2\/comments?post=214413"}],"version-history":[{"count":0,"href":"https:\/\/www.webdo.tn\/fr\/wp-json\/wp\/v2\/posts\/214413\/revisions"}],"wp:featuredmedia":[{"embeddable":true,"href":"https:\/\/www.webdo.tn\/fr\/wp-json\/wp\/v2\/media\/247303"}],"wp:attachment":[{"href":"https:\/\/www.webdo.tn\/fr\/wp-json\/wp\/v2\/media?parent=214413"}],"wp:term":[{"taxonomy":"category","embeddable":true,"href":"https:\/\/www.webdo.tn\/fr\/wp-json\/wp\/v2\/categories?post=214413"},{"taxonomy":"post_tag","embeddable":true,"href":"https:\/\/www.webdo.tn\/fr\/wp-json\/wp\/v2\/tags?post=214413"}],"curies":[{"name":"wp","href":"https:\/\/api.w.org\/{rel}","templated":true}]}}