{"id":214393,"date":"2024-05-27T09:54:00","date_gmt":"2024-05-27T09:54:00","guid":{"rendered":"https:\/\/www.webdo.tn\/fr\/blog\/forum-sino-arabe-kais-saied-attendu-en-chine\/214393\/"},"modified":"2025-05-21T09:10:55","modified_gmt":"2025-05-21T09:10:55","slug":"forum-sino-arabe-kais-saied-attendu-en-chine","status":"publish","type":"post","link":"https:\/\/www.webdo.tn\/fr\/actualite\/national\/forum-sino-arabe-kais-saied-attendu-en-chine\/214393\/","title":{"rendered":"Forum sino-arabe : Kais Saied attendu en Chine"},"content":{"rendered":"<p>Le pr\u00e9sident Kais Saied a \u00e9t\u00e9 invit\u00e9 par le pr\u00e9sident chinois Xi Jinping \u00e0 participer au Forum de coop\u00e9ration Chine &#8211; Etats arabes, qui se tiendra en Chine du 28 mai au 1er juin.<\/p>\n<p>\t\t\t\t\t\t\t\t\tLe pr\u00e9sident Kais Saied a \u00e9t\u00e9 invit\u00e9 par le pr\u00e9sident chinois Xi Jinping \u00e0 effectuer une visite d&rsquo;Etat en Chine du 28 mai au 1er juin et \u00e0 assister \u00e0 la c\u00e9r\u00e9monie d&rsquo;ouverture de la 10e Conf\u00e9rence minist\u00e9rielle du Forum de coop\u00e9ration Chine-Etats arabes, a annonc\u00e9, ce lundi 27 mai 2024, la porte-parole du minist\u00e8re chinois des Affaires \u00e9trang\u00e8res, Hua Chunying, rapporte l\u2019agence Xinhua.<\/p>\n<p>Le pr\u00e9sident chinois Xi Jinping, a \u00e9galement invit\u00e9 le roi de Bahre\u00efn Hamad bin Isa Al Khalifa, le pr\u00e9sident \u00e9gyptien Abdel Fattah al-Sissi, et le pr\u00e9sident des Emirats arabes unis Cheikh Mohammed ben Zayed Al-Nahyane, souligne Xinhua.<\/p>\n<p>Rappelons que Kais Saied a \u00e9galement \u00e9t\u00e9 invit\u00e9 par Xi Jinping \u00e0 participer au Forum de coop\u00e9ration sino-africain qui se tiendra \u00e0 P\u00e9kin en septembre 2024.<\/p>\n","protected":false},"excerpt":{"rendered":"<p>Le pr\u00e9sident Kais Saied a \u00e9t\u00e9 invit\u00e9 par le pr\u00e9sident chinois Xi Jinping \u00e0 effectuer une visite d&rsquo;Etat en Chine du 28 mai au 1er juin.<\/p>\n","protected":false},"author":3169,"featured_media":247297,"comment_status":"open","ping_status":"closed","sticky":false,"template":"","format":"standard","meta":{"footnotes":""},"categories":[44],"tags":[2694,6411,2614,2608,4154,6410],"class_list":["post-214393","post","type-post","status-publish","format-standard","has-post-thumbnail","hentry","category-national","tag-chine","tag-forum-sino-arabe","tag-kais-saied","tag-tunisie","tag-visite","tag-xi-jinping"],"yoast_head":"<!-- This site is optimized with the Yoast SEO Premium plugin v27.5 (Yoast SEO v27.5) - https:\/\/yoast.com\/product\/yoast-seo-premium-wordpress\/ -->\n<title>Forum sino-arabe : Kais Saied attendu en Chine<\/title>\n<meta name=\"description\" content=\"Le pr\u00e9sident Kais Saied a \u00e9t\u00e9 invit\u00e9 par le pr\u00e9sident chinois Xi Jinping \u00e0 effectuer une visite d&#039;Etat en Chine du 28 mai au 1er juin.\" \/>\n<link rel=\"canonical\" href=\"https:\/\/www.webdo.tn\/fr\/actualite\/national\/forum-sino-arabe-kais-saied-attendu-en-chine\/214393\/\" \/>\n<meta property=\"og:locale\" content=\"fr_FR\" \/>\n<meta property=\"og:type\" content=\"article\" \/>\n<meta property=\"og:title\" content=\"Forum sino-arabe : Kais Saied attendu en Chine\" \/>\n<meta property=\"og:description\" content=\"Le pr\u00e9sident Kais Saied a \u00e9t\u00e9 invit\u00e9 par le pr\u00e9sident chinois Xi Jinping \u00e0 effectuer une visite d&#039;Etat en Chine du 28 mai au 1er juin.\" \/>\n<meta property=\"og:url\" content=\"https:\/\/www.webdo.tn\/fr\/actualite\/national\/forum-sino-arabe-kais-saied-attendu-en-chine\/214393\/\" \/>\n<meta property=\"og:site_name\" content=\"webdo\" \/>\n<meta property=\"article:publisher\" content=\"https:\/\/www.facebook.com\/webdotn\" \/>\n<meta property=\"article:published_time\" content=\"2024-05-27T09:54:00+00:00\" \/>\n<meta property=\"article:modified_time\" content=\"2025-05-21T09:10:55+00:00\" \/>\n<meta property=\"og:image\" content=\"https:\/\/www.webdo.tn\/fr\/wp-content\/uploads\/2024\/05\/cd53ae0220bebb5742cbc9dcd101d18a.webp\" \/>\n\t<meta property=\"og:image:width\" content=\"750\" \/>\n\t<meta property=\"og:image:height\" content=\"400\" \/>\n\t<meta property=\"og:image:type\" content=\"image\/webp\" \/>\n<meta name=\"author\" content=\"Webdo\" \/>\n<meta name=\"twitter:card\" content=\"summary_large_image\" \/>\n<meta name=\"twitter:creator\" content=\"@webdo_tn\" \/>\n<meta name=\"twitter:site\" content=\"@webdo_tn\" \/>\n<meta name=\"twitter:label1\" content=\"\u00c9crit par\" \/>\n\t<meta name=\"twitter:data1\" content=\"Webdo\" \/>\n\t<meta name=\"twitter:label2\" content=\"Dur\u00e9e de lecture estim\u00e9e\" \/>\n\t<meta name=\"twitter:data2\" content=\"1 minute\" \/>\n<script type=\"application\/ld+json\" class=\"yoast-schema-graph\">{\"@context\":\"https:\\\/\\\/schema.org\",\"@graph\":[{\"@type\":\"NewsArticle\",\"@id\":\"https:\\\/\\\/www.webdo.tn\\\/fr\\\/actualite\\\/national\\\/forum-sino-arabe-kais-saied-attendu-en-chine\\\/214393\\\/#article\",\"isPartOf\":{\"@id\":\"https:\\\/\\\/www.webdo.tn\\\/fr\\\/actualite\\\/national\\\/forum-sino-arabe-kais-saied-attendu-en-chine\\\/214393\\\/\"},\"author\":{\"name\":\"Webdo\",\"@id\":\"https:\\\/\\\/www.webdo.tn\\\/fr\\\/#\\\/schema\\\/person\\\/1f4e491e0907b413d61089e8eb573acc\"},\"headline\":\"Forum sino-arabe : Kais Saied attendu en Chine\",\"datePublished\":\"2024-05-27T09:54:00+00:00\",\"dateModified\":\"2025-05-21T09:10:55+00:00\",\"mainEntityOfPage\":{\"@id\":\"https:\\\/\\\/www.webdo.tn\\\/fr\\\/actualite\\\/national\\\/forum-sino-arabe-kais-saied-attendu-en-chine\\\/214393\\\/\"},\"wordCount\":178,\"commentCount\":0,\"publisher\":{\"@id\":\"https:\\\/\\\/www.webdo.tn\\\/fr\\\/#organization\"},\"image\":{\"@id\":\"https:\\\/\\\/www.webdo.tn\\\/fr\\\/actualite\\\/national\\\/forum-sino-arabe-kais-saied-attendu-en-chine\\\/214393\\\/#primaryimage\"},\"thumbnailUrl\":\"https:\\\/\\\/www.webdo.tn\\\/fr\\\/wp-content\\\/uploads\\\/2024\\\/05\\\/cd53ae0220bebb5742cbc9dcd101d18a.webp\",\"keywords\":[\"chine\",\"forum sino-arabe\",\"Kais Saied\",\"Tunisie\",\"visite\",\"Xi Jinping\"],\"articleSection\":[\"National\"],\"inLanguage\":\"fr-FR\"},{\"@type\":\"WebPage\",\"@id\":\"https:\\\/\\\/www.webdo.tn\\\/fr\\\/actualite\\\/national\\\/forum-sino-arabe-kais-saied-attendu-en-chine\\\/214393\\\/\",\"url\":\"https:\\\/\\\/www.webdo.tn\\\/fr\\\/actualite\\\/national\\\/forum-sino-arabe-kais-saied-attendu-en-chine\\\/214393\\\/\",\"name\":\"Forum sino-arabe : Kais Saied attendu en Chine\",\"isPartOf\":{\"@id\":\"https:\\\/\\\/www.webdo.tn\\\/fr\\\/#website\"},\"primaryImageOfPage\":{\"@id\":\"https:\\\/\\\/www.webdo.tn\\\/fr\\\/actualite\\\/national\\\/forum-sino-arabe-kais-saied-attendu-en-chine\\\/214393\\\/#primaryimage\"},\"image\":{\"@id\":\"https:\\\/\\\/www.webdo.tn\\\/fr\\\/actualite\\\/national\\\/forum-sino-arabe-kais-saied-attendu-en-chine\\\/214393\\\/#primaryimage\"},\"thumbnailUrl\":\"https:\\\/\\\/www.webdo.tn\\\/fr\\\/wp-content\\\/uploads\\\/2024\\\/05\\\/cd53ae0220bebb5742cbc9dcd101d18a.webp\",\"datePublished\":\"2024-05-27T09:54:00+00:00\",\"dateModified\":\"2025-05-21T09:10:55+00:00\",\"description\":\"Le pr\u00e9sident Kais Saied a \u00e9t\u00e9 invit\u00e9 par le pr\u00e9sident chinois Xi Jinping \u00e0 effectuer une visite d'Etat en Chine du 28 mai au 1er juin.\",\"breadcrumb\":{\"@id\":\"https:\\\/\\\/www.webdo.tn\\\/fr\\\/actualite\\\/national\\\/forum-sino-arabe-kais-saied-attendu-en-chine\\\/214393\\\/#breadcrumb\"},\"inLanguage\":\"fr-FR\",\"potentialAction\":[{\"@type\":\"ReadAction\",\"target\":[\"https:\\\/\\\/www.webdo.tn\\\/fr\\\/actualite\\\/national\\\/forum-sino-arabe-kais-saied-attendu-en-chine\\\/214393\\\/\"]}]},{\"@type\":\"ImageObject\",\"inLanguage\":\"fr-FR\",\"@id\":\"https:\\\/\\\/www.webdo.tn\\\/fr\\\/actualite\\\/national\\\/forum-sino-arabe-kais-saied-attendu-en-chine\\\/214393\\\/#primaryimage\",\"url\":\"https:\\\/\\\/www.webdo.tn\\\/fr\\\/wp-content\\\/uploads\\\/2024\\\/05\\\/cd53ae0220bebb5742cbc9dcd101d18a.webp\",\"contentUrl\":\"https:\\\/\\\/www.webdo.tn\\\/fr\\\/wp-content\\\/uploads\\\/2024\\\/05\\\/cd53ae0220bebb5742cbc9dcd101d18a.webp\",\"width\":750,\"height\":400,\"caption\":\"Forum sino-arabe : Kais Saied attendu en Chine\"},{\"@type\":\"BreadcrumbList\",\"@id\":\"https:\\\/\\\/www.webdo.tn\\\/fr\\\/actualite\\\/national\\\/forum-sino-arabe-kais-saied-attendu-en-chine\\\/214393\\\/#breadcrumb\",\"itemListElement\":[{\"@type\":\"ListItem\",\"position\":1,\"name\":\"Accueil\",\"item\":\"https:\\\/\\\/www.webdo.tn\\\/fr\\\/\"},{\"@type\":\"ListItem\",\"position\":2,\"name\":\"Forum sino-arabe : Kais Saied attendu en Chine\"}]},{\"@type\":\"WebSite\",\"@id\":\"https:\\\/\\\/www.webdo.tn\\\/fr\\\/#website\",\"url\":\"https:\\\/\\\/www.webdo.tn\\\/fr\\\/\",\"name\":\"webdo\",\"description\":\"Tunisie - News en Tunisie et \u00e0 l&#039;international sur Webdo.tn\",\"publisher\":{\"@id\":\"https:\\\/\\\/www.webdo.tn\\\/fr\\\/#organization\"},\"potentialAction\":[{\"@type\":\"SearchAction\",\"target\":{\"@type\":\"EntryPoint\",\"urlTemplate\":\"https:\\\/\\\/www.webdo.tn\\\/fr\\\/?s={search_term_string}\"},\"query-input\":{\"@type\":\"PropertyValueSpecification\",\"valueRequired\":true,\"valueName\":\"search_term_string\"}}],\"inLanguage\":\"fr-FR\"},{\"@type\":\"Organization\",\"@id\":\"https:\\\/\\\/www.webdo.tn\\\/fr\\\/#organization\",\"name\":\"Webdo\",\"alternateName\":\"Webdo.tn\",\"url\":\"https:\\\/\\\/www.webdo.tn\\\/fr\\\/\",\"logo\":{\"@type\":\"ImageObject\",\"inLanguage\":\"fr-FR\",\"@id\":\"https:\\\/\\\/www.webdo.tn\\\/fr\\\/#\\\/schema\\\/logo\\\/image\\\/\",\"url\":\"https:\\\/\\\/www.webdo.tn\\\/fr\\\/wp-content\\\/uploads\\\/2025\\\/06\\\/Webdo-Tunisie_168377.jpg\",\"contentUrl\":\"https:\\\/\\\/www.webdo.tn\\\/fr\\\/wp-content\\\/uploads\\\/2025\\\/06\\\/Webdo-Tunisie_168377.jpg\",\"width\":301,\"height\":301,\"caption\":\"Webdo\"},\"image\":{\"@id\":\"https:\\\/\\\/www.webdo.tn\\\/fr\\\/#\\\/schema\\\/logo\\\/image\\\/\"},\"sameAs\":[\"https:\\\/\\\/www.facebook.com\\\/webdotn\",\"https:\\\/\\\/x.com\\\/webdo_tn\"],\"description\":\"Webdo est un m\u00e9dia num\u00e9rique tunisien fond\u00e9 en 2010, sp\u00e9cialis\u00e9 dans l\u2019actualit\u00e9 nationale et internationale, l\u2019\u00e9conomie, la soci\u00e9t\u00e9 et les analyses politiques. Le site s\u2019adresse \u00e0 un large public francophone et couvre l\u2019information tunisienne en temps r\u00e9el.\",\"email\":\"redac@webdo.tn\",\"legalName\":\"YNJ SARL\",\"foundingDate\":\"2010-09-06\",\"numberOfEmployees\":{\"@type\":\"QuantitativeValue\",\"minValue\":\"11\",\"maxValue\":\"50\"}},{\"@type\":\"Person\",\"@id\":\"https:\\\/\\\/www.webdo.tn\\\/fr\\\/#\\\/schema\\\/person\\\/1f4e491e0907b413d61089e8eb573acc\",\"name\":\"Webdo\",\"image\":{\"@type\":\"ImageObject\",\"inLanguage\":\"fr-FR\",\"@id\":\"https:\\\/\\\/secure.gravatar.com\\\/avatar\\\/de97aeec1bb80978a9dbb127e47dfc88aaacb2f3c29aac907d8d3222e3495d49?s=96&d=mm&r=g\",\"url\":\"https:\\\/\\\/secure.gravatar.com\\\/avatar\\\/de97aeec1bb80978a9dbb127e47dfc88aaacb2f3c29aac907d8d3222e3495d49?s=96&d=mm&r=g\",\"contentUrl\":\"https:\\\/\\\/secure.gravatar.com\\\/avatar\\\/de97aeec1bb80978a9dbb127e47dfc88aaacb2f3c29aac907d8d3222e3495d49?s=96&d=mm&r=g\",\"caption\":\"Webdo\"},\"url\":\"https:\\\/\\\/www.webdo.tn\\\/fr\\\/actualite\\\/author\\\/webdo\\\/\"}]}<\/script>\n<!-- \/ Yoast SEO Premium plugin. -->","yoast_head_json":{"title":"Forum sino-arabe : Kais Saied attendu en Chine","description":"Le pr\u00e9sident Kais Saied a \u00e9t\u00e9 invit\u00e9 par le pr\u00e9sident chinois Xi Jinping \u00e0 effectuer une visite d'Etat en Chine du 28 mai au 1er juin.","canonical":"https:\/\/www.webdo.tn\/fr\/actualite\/national\/forum-sino-arabe-kais-saied-attendu-en-chine\/214393\/","og_locale":"fr_FR","og_type":"article","og_title":"Forum sino-arabe : Kais Saied attendu en Chine","og_description":"Le pr\u00e9sident Kais Saied a \u00e9t\u00e9 invit\u00e9 par le pr\u00e9sident chinois Xi Jinping \u00e0 effectuer une visite d'Etat en Chine du 28 mai au 1er juin.","og_url":"https:\/\/www.webdo.tn\/fr\/actualite\/national\/forum-sino-arabe-kais-saied-attendu-en-chine\/214393\/","og_site_name":"webdo","article_publisher":"https:\/\/www.facebook.com\/webdotn","article_published_time":"2024-05-27T09:54:00+00:00","article_modified_time":"2025-05-21T09:10:55+00:00","og_image":[{"width":750,"height":400,"url":"https:\/\/www.webdo.tn\/fr\/wp-content\/uploads\/2024\/05\/cd53ae0220bebb5742cbc9dcd101d18a.webp","type":"image\/webp"}],"author":"Webdo","twitter_card":"summary_large_image","twitter_creator":"@webdo_tn","twitter_site":"@webdo_tn","twitter_misc":{"\u00c9crit par":"Webdo","Dur\u00e9e de lecture estim\u00e9e":"1 minute"},"schema":{"@context":"https:\/\/schema.org","@graph":[{"@type":"NewsArticle","@id":"https:\/\/www.webdo.tn\/fr\/actualite\/national\/forum-sino-arabe-kais-saied-attendu-en-chine\/214393\/#article","isPartOf":{"@id":"https:\/\/www.webdo.tn\/fr\/actualite\/national\/forum-sino-arabe-kais-saied-attendu-en-chine\/214393\/"},"author":{"name":"Webdo","@id":"https:\/\/www.webdo.tn\/fr\/#\/schema\/person\/1f4e491e0907b413d61089e8eb573acc"},"headline":"Forum sino-arabe : Kais Saied attendu en Chine","datePublished":"2024-05-27T09:54:00+00:00","dateModified":"2025-05-21T09:10:55+00:00","mainEntityOfPage":{"@id":"https:\/\/www.webdo.tn\/fr\/actualite\/national\/forum-sino-arabe-kais-saied-attendu-en-chine\/214393\/"},"wordCount":178,"commentCount":0,"publisher":{"@id":"https:\/\/www.webdo.tn\/fr\/#organization"},"image":{"@id":"https:\/\/www.webdo.tn\/fr\/actualite\/national\/forum-sino-arabe-kais-saied-attendu-en-chine\/214393\/#primaryimage"},"thumbnailUrl":"https:\/\/www.webdo.tn\/fr\/wp-content\/uploads\/2024\/05\/cd53ae0220bebb5742cbc9dcd101d18a.webp","keywords":["chine","forum sino-arabe","Kais Saied","Tunisie","visite","Xi Jinping"],"articleSection":["National"],"inLanguage":"fr-FR"},{"@type":"WebPage","@id":"https:\/\/www.webdo.tn\/fr\/actualite\/national\/forum-sino-arabe-kais-saied-attendu-en-chine\/214393\/","url":"https:\/\/www.webdo.tn\/fr\/actualite\/national\/forum-sino-arabe-kais-saied-attendu-en-chine\/214393\/","name":"Forum sino-arabe : Kais Saied attendu en Chine","isPartOf":{"@id":"https:\/\/www.webdo.tn\/fr\/#website"},"primaryImageOfPage":{"@id":"https:\/\/www.webdo.tn\/fr\/actualite\/national\/forum-sino-arabe-kais-saied-attendu-en-chine\/214393\/#primaryimage"},"image":{"@id":"https:\/\/www.webdo.tn\/fr\/actualite\/national\/forum-sino-arabe-kais-saied-attendu-en-chine\/214393\/#primaryimage"},"thumbnailUrl":"https:\/\/www.webdo.tn\/fr\/wp-content\/uploads\/2024\/05\/cd53ae0220bebb5742cbc9dcd101d18a.webp","datePublished":"2024-05-27T09:54:00+00:00","dateModified":"2025-05-21T09:10:55+00:00","description":"Le pr\u00e9sident Kais Saied a \u00e9t\u00e9 invit\u00e9 par le pr\u00e9sident chinois Xi Jinping \u00e0 effectuer une visite d'Etat en Chine du 28 mai au 1er juin.","breadcrumb":{"@id":"https:\/\/www.webdo.tn\/fr\/actualite\/national\/forum-sino-arabe-kais-saied-attendu-en-chine\/214393\/#breadcrumb"},"inLanguage":"fr-FR","potentialAction":[{"@type":"ReadAction","target":["https:\/\/www.webdo.tn\/fr\/actualite\/national\/forum-sino-arabe-kais-saied-attendu-en-chine\/214393\/"]}]},{"@type":"ImageObject","inLanguage":"fr-FR","@id":"https:\/\/www.webdo.tn\/fr\/actualite\/national\/forum-sino-arabe-kais-saied-attendu-en-chine\/214393\/#primaryimage","url":"https:\/\/www.webdo.tn\/fr\/wp-content\/uploads\/2024\/05\/cd53ae0220bebb5742cbc9dcd101d18a.webp","contentUrl":"https:\/\/www.webdo.tn\/fr\/wp-content\/uploads\/2024\/05\/cd53ae0220bebb5742cbc9dcd101d18a.webp","width":750,"height":400,"caption":"Forum sino-arabe : Kais Saied attendu en Chine"},{"@type":"BreadcrumbList","@id":"https:\/\/www.webdo.tn\/fr\/actualite\/national\/forum-sino-arabe-kais-saied-attendu-en-chine\/214393\/#breadcrumb","itemListElement":[{"@type":"ListItem","position":1,"name":"Accueil","item":"https:\/\/www.webdo.tn\/fr\/"},{"@type":"ListItem","position":2,"name":"Forum sino-arabe : Kais Saied attendu en Chine"}]},{"@type":"WebSite","@id":"https:\/\/www.webdo.tn\/fr\/#website","url":"https:\/\/www.webdo.tn\/fr\/","name":"webdo","description":"Tunisie - News en Tunisie et \u00e0 l&#039;international sur Webdo.tn","publisher":{"@id":"https:\/\/www.webdo.tn\/fr\/#organization"},"potentialAction":[{"@type":"SearchAction","target":{"@type":"EntryPoint","urlTemplate":"https:\/\/www.webdo.tn\/fr\/?s={search_term_string}"},"query-input":{"@type":"PropertyValueSpecification","valueRequired":true,"valueName":"search_term_string"}}],"inLanguage":"fr-FR"},{"@type":"Organization","@id":"https:\/\/www.webdo.tn\/fr\/#organization","name":"Webdo","alternateName":"Webdo.tn","url":"https:\/\/www.webdo.tn\/fr\/","logo":{"@type":"ImageObject","inLanguage":"fr-FR","@id":"https:\/\/www.webdo.tn\/fr\/#\/schema\/logo\/image\/","url":"https:\/\/www.webdo.tn\/fr\/wp-content\/uploads\/2025\/06\/Webdo-Tunisie_168377.jpg","contentUrl":"https:\/\/www.webdo.tn\/fr\/wp-content\/uploads\/2025\/06\/Webdo-Tunisie_168377.jpg","width":301,"height":301,"caption":"Webdo"},"image":{"@id":"https:\/\/www.webdo.tn\/fr\/#\/schema\/logo\/image\/"},"sameAs":["https:\/\/www.facebook.com\/webdotn","https:\/\/x.com\/webdo_tn"],"description":"Webdo est un m\u00e9dia num\u00e9rique tunisien fond\u00e9 en 2010, sp\u00e9cialis\u00e9 dans l\u2019actualit\u00e9 nationale et internationale, l\u2019\u00e9conomie, la soci\u00e9t\u00e9 et les analyses politiques. Le site s\u2019adresse \u00e0 un large public francophone et couvre l\u2019information tunisienne en temps r\u00e9el.","email":"redac@webdo.tn","legalName":"YNJ SARL","foundingDate":"2010-09-06","numberOfEmployees":{"@type":"QuantitativeValue","minValue":"11","maxValue":"50"}},{"@type":"Person","@id":"https:\/\/www.webdo.tn\/fr\/#\/schema\/person\/1f4e491e0907b413d61089e8eb573acc","name":"Webdo","image":{"@type":"ImageObject","inLanguage":"fr-FR","@id":"https:\/\/secure.gravatar.com\/avatar\/de97aeec1bb80978a9dbb127e47dfc88aaacb2f3c29aac907d8d3222e3495d49?s=96&d=mm&r=g","url":"https:\/\/secure.gravatar.com\/avatar\/de97aeec1bb80978a9dbb127e47dfc88aaacb2f3c29aac907d8d3222e3495d49?s=96&d=mm&r=g","contentUrl":"https:\/\/secure.gravatar.com\/avatar\/de97aeec1bb80978a9dbb127e47dfc88aaacb2f3c29aac907d8d3222e3495d49?s=96&d=mm&r=g","caption":"Webdo"},"url":"https:\/\/www.webdo.tn\/fr\/actualite\/author\/webdo\/"}]}},"_links":{"self":[{"href":"https:\/\/www.webdo.tn\/fr\/wp-json\/wp\/v2\/posts\/214393","targetHints":{"allow":["GET"]}}],"collection":[{"href":"https:\/\/www.webdo.tn\/fr\/wp-json\/wp\/v2\/posts"}],"about":[{"href":"https:\/\/www.webdo.tn\/fr\/wp-json\/wp\/v2\/types\/post"}],"author":[{"embeddable":true,"href":"https:\/\/www.webdo.tn\/fr\/wp-json\/wp\/v2\/users\/3169"}],"replies":[{"embeddable":true,"href":"https:\/\/www.webdo.tn\/fr\/wp-json\/wp\/v2\/comments?post=214393"}],"version-history":[{"count":0,"href":"https:\/\/www.webdo.tn\/fr\/wp-json\/wp\/v2\/posts\/214393\/revisions"}],"wp:featuredmedia":[{"embeddable":true,"href":"https:\/\/www.webdo.tn\/fr\/wp-json\/wp\/v2\/media\/247297"}],"wp:attachment":[{"href":"https:\/\/www.webdo.tn\/fr\/wp-json\/wp\/v2\/media?parent=214393"}],"wp:term":[{"taxonomy":"category","embeddable":true,"href":"https:\/\/www.webdo.tn\/fr\/wp-json\/wp\/v2\/categories?post=214393"},{"taxonomy":"post_tag","embeddable":true,"href":"https:\/\/www.webdo.tn\/fr\/wp-json\/wp\/v2\/tags?post=214393"}],"curies":[{"name":"wp","href":"https:\/\/api.w.org\/{rel}","templated":true}]}}