{"id":214387,"date":"2024-05-26T14:34:00","date_gmt":"2024-05-26T14:34:00","guid":{"rendered":"https:\/\/www.webdo.tn\/fr\/blog\/attaque-de-missiles-sur-tel-aviv\/214387\/"},"modified":"2025-05-20T22:13:34","modified_gmt":"2025-05-20T22:13:34","slug":"attaque-de-missiles-sur-tel-aviv","status":"publish","type":"post","link":"https:\/\/www.webdo.tn\/fr\/actualite\/international\/attaque-de-missiles-sur-tel-aviv\/214387\/","title":{"rendered":"Attaque de missiles sur Tel Aviv"},"content":{"rendered":"<p>La branche arm\u00e9e du Hamas, les Brigades Ezzeddine al-Qassam, a annonc\u00e9 avoir lanc\u00e9 une \u00ab\u00a0vaste\u00a0\u00bb attaque \u00ab\u00a0de missiles\u00a0\u00bb, ce dimanche 26 mai 2024, sur Tel Aviv.<\/p>\n<p>\t\t\t\t\t\t\t\t\tLa branche arm\u00e9e du Hamas a dit avoir vis\u00e9 Tel-Aviv avec un \u00ab\u00a0important barrage de roquettes\u00a0\u00bb dans un message publi\u00e9, aujourd\u2019hui sur le r\u00e9seau social Telegram.<\/p>\n<p>\u00ab\u00a0Nous avons bombard\u00e9 Tel-Aviv avec un important barrage de roquettes en r\u00e9ponse aux massacres sionistes contre les civils\u00a0\u00bb, ont \u00e9crit les brigades Ezzeddine al-Qassam dans un message mis en ligne alors que des sir\u00e8nes d&rsquo;alerte ont retenti dans \u00e0 Tel Aviv.<\/p>\n<p>La cha\u00eene de t\u00e9l\u00e9vision Al-Aqsa TV a indiqu\u00e9 de son c\u00f4t\u00e9 que les roquettes avaient \u00e9t\u00e9 tir\u00e9es depuis la bande de Gaza.<\/p>\n<p>L&rsquo;arm\u00e9e isra\u00e9lienne a indiqu\u00e9, de son c\u00f4t\u00e9 qu&rsquo;au moins huit roquettes avaient \u00e9t\u00e9 tir\u00e9es vers le centre du pays depuis Rafah, \u00e0 l&rsquo;extr\u00eame sud de la bande de Gaza, o\u00f9 des combats acharn\u00e9s se d\u00e9roulent avec les groupes arm\u00e9s palestiniens.<\/p>\n<p>\u0645\u0634\u0627\u0647\u062f \u062a\u064f\u0638\u0647\u0631 \u0647\u0631\u0648\u0628 \u0627\u0644\u0645\u0633\u062a\u0648\u0637\u0646\u064a\u0646 \u0641\u064a \u062a\u0644 \u0623\u0628\u064a\u0628 \u0645\u0646 \u0631\u0634\u0642\u0627\u062a \u0635\u0627\u0631\u0648\u062e\u064a\u0629 \u0623\u0637\u0644\u0642\u062a\u0647\u0627 \u0643\u062a\u0627\u0626\u0628 \u0627\u0644\u0642\u0633\u0627\u0645#\u062d\u0631\u0628_\u063a\u0632\u0629 pic.twitter.com\/YkgwSgIbNN\u2014 \u0642\u0646\u0627\u0629 \u0627\u0644\u062c\u0632\u064a\u0631\u0629 (@AJArabic) May 26, 2024 <\/p>\n<p>Des soldats isra\u00e9liens captur\u00e9s<\/p>\n<p>Un porte-parole de la branche arm\u00e9e du Hamas a \u00e9galement d\u00e9clar\u00e9 dimanche que ses combattants avaient captur\u00e9 des soldats isra\u00e9liens durant des combats la veille dans le Nord de la bande de Gaza.<\/p>\n<p>Selon le porte-parole des Brigades, Ezzeddine Al Qassam, une embuscade a \u00e9t\u00e9 tendue \u00e0 des soldats isra\u00e9liens, tuant certains d\u2019entre eux, les autres ayant \u00e9t\u00e9 captur\u00e9s. L\u2019accrochage a eu lieu dans un tunnel dans le camp de Jabaliya dans l\u2019enclave palestinienne. L\u2019arm\u00e9e isra\u00e9lienne a d\u00e9menti.<\/p>\n<p>Les forces isra\u00e9liennes vis\u00e9es se trouvaient dans un tunnel dans le camp de Jabalia et \u00ab\u00a0tous leurs membres ont \u00e9t\u00e9 tu\u00e9s, bless\u00e9s ou faits prisonniers\u00a0\u00bb. Les hommes du Hamas se sont \u00ab\u00a0empar\u00e9s de leur mat\u00e9riel militaire\u00a0\u00bb avant de faire \u00ab\u00a0exploser le tunnel\u00a0\u00bb, a affirm\u00e9 le porte-parole de la branche arm\u00e9e du mouvement islamiste palestinien, Abou Obeida.<\/p>\n<p>Il a \u00e9galement diffus\u00e9 des images d&rsquo;un soldat train\u00e9 au sol et pr\u00e9sent\u00e9 comme \u00e9tant un militaire isra\u00e9lien captur\u00e9.<\/p>\n<p>Nouveau bilan de 35.984 morts<\/p>\n<p>Par ailleurs, le minist\u00e8re de la Sant\u00e9 du Hamas a annonc\u00e9 aujourd\u2019hui un nouveau bilan de 35.984 morts dans la bande de Gaza depuis le d\u00e9but de la guerre entre le Hamas et l\u2019entit\u00e9 sioniste, le 7 octobre.<\/p>\n<p>En 24 heures, au moins 81 morts suppl\u00e9mentaires ont \u00e9t\u00e9 recens\u00e9es, selon un communiqu\u00e9 du minist\u00e8re qui fait \u00e9tat par ailleurs de 80.643 bless\u00e9s en plus de sept mois de guerre.<\/p>\n","protected":false},"excerpt":{"rendered":"<p>La branche arm\u00e9e du Hamas a dit avoir vis\u00e9 Tel-Aviv avec un  important barrage de roquettes  dans un message publi\u00e9, aujourd\u2019hui sur le r\u00e9seau social Telegram.<\/p>\n","protected":false},"author":3162,"featured_media":290642,"comment_status":"open","ping_status":"closed","sticky":false,"template":"","format":"standard","meta":{"footnotes":""},"categories":[2598],"tags":[10209,3918,3349,2636,5269],"class_list":["post-214387","post","type-post","status-publish","format-standard","has-post-thumbnail","hentry","category-international","tag-missilesu","tag-attaque","tag-hamas","tag-israel","tag-tel-aviv"],"yoast_head":"<!-- This site is optimized with the Yoast SEO Premium plugin v27.4 (Yoast SEO v27.4) - https:\/\/yoast.com\/product\/yoast-seo-premium-wordpress\/ -->\n<title>Attaque de missiles sur Tel Aviv<\/title>\n<meta name=\"description\" content=\"La branche arm\u00e9e du Hamas a dit avoir vis\u00e9 Tel-Aviv avec un important barrage de roquettes dans un message publi\u00e9, aujourd\u2019hui sur le r\u00e9seau social Telegram.\" \/>\n<link rel=\"canonical\" href=\"https:\/\/www.webdo.tn\/fr\/actualite\/international\/attaque-de-missiles-sur-tel-aviv\/214387\/\" \/>\n<meta property=\"og:locale\" content=\"fr_FR\" \/>\n<meta property=\"og:type\" content=\"article\" \/>\n<meta property=\"og:title\" content=\"Attaque de missiles sur Tel Aviv\" \/>\n<meta property=\"og:description\" content=\"La branche arm\u00e9e du Hamas a dit avoir vis\u00e9 Tel-Aviv avec un important barrage de roquettes dans un message publi\u00e9, aujourd\u2019hui sur le r\u00e9seau social Telegram.\" \/>\n<meta property=\"og:url\" content=\"https:\/\/www.webdo.tn\/fr\/actualite\/international\/attaque-de-missiles-sur-tel-aviv\/214387\/\" \/>\n<meta property=\"og:site_name\" content=\"webdo\" \/>\n<meta property=\"article:publisher\" content=\"https:\/\/www.facebook.com\/webdotn\" \/>\n<meta property=\"article:published_time\" content=\"2024-05-26T14:34:00+00:00\" \/>\n<meta property=\"article:modified_time\" content=\"2025-05-20T22:13:34+00:00\" \/>\n<meta property=\"og:image\" content=\"https:\/\/www.webdo.tn\/fr\/wp-content\/uploads\/2024\/05\/64f60ff8a566d712aa850c95323a4396.webp\" \/>\n\t<meta property=\"og:image:width\" content=\"750\" \/>\n\t<meta property=\"og:image:height\" content=\"400\" \/>\n\t<meta property=\"og:image:type\" content=\"image\/webp\" \/>\n<meta name=\"author\" content=\"MC\" \/>\n<meta name=\"twitter:card\" content=\"summary_large_image\" \/>\n<meta name=\"twitter:creator\" content=\"@webdo_tn\" \/>\n<meta name=\"twitter:site\" content=\"@webdo_tn\" \/>\n<meta name=\"twitter:label1\" content=\"\u00c9crit par\" \/>\n\t<meta name=\"twitter:data1\" content=\"MC\" \/>\n\t<meta name=\"twitter:label2\" content=\"Dur\u00e9e de lecture estim\u00e9e\" \/>\n\t<meta name=\"twitter:data2\" content=\"2 minutes\" \/>\n<script type=\"application\/ld+json\" class=\"yoast-schema-graph\">{\"@context\":\"https:\\\/\\\/schema.org\",\"@graph\":[{\"@type\":\"NewsArticle\",\"@id\":\"https:\\\/\\\/www.webdo.tn\\\/fr\\\/actualite\\\/international\\\/attaque-de-missiles-sur-tel-aviv\\\/214387\\\/#article\",\"isPartOf\":{\"@id\":\"https:\\\/\\\/www.webdo.tn\\\/fr\\\/actualite\\\/international\\\/attaque-de-missiles-sur-tel-aviv\\\/214387\\\/\"},\"author\":{\"name\":\"MC\",\"@id\":\"https:\\\/\\\/www.webdo.tn\\\/fr\\\/#\\\/schema\\\/person\\\/2c4929cbf5a809e3bd38617c6ce150f6\"},\"headline\":\"Attaque de missiles sur Tel Aviv\",\"datePublished\":\"2024-05-26T14:34:00+00:00\",\"dateModified\":\"2025-05-20T22:13:34+00:00\",\"mainEntityOfPage\":{\"@id\":\"https:\\\/\\\/www.webdo.tn\\\/fr\\\/actualite\\\/international\\\/attaque-de-missiles-sur-tel-aviv\\\/214387\\\/\"},\"wordCount\":442,\"commentCount\":0,\"publisher\":{\"@id\":\"https:\\\/\\\/www.webdo.tn\\\/fr\\\/#organization\"},\"image\":{\"@id\":\"https:\\\/\\\/www.webdo.tn\\\/fr\\\/actualite\\\/international\\\/attaque-de-missiles-sur-tel-aviv\\\/214387\\\/#primaryimage\"},\"thumbnailUrl\":\"https:\\\/\\\/www.webdo.tn\\\/fr\\\/wp-content\\\/uploads\\\/2024\\\/05\\\/64f60ff8a566d712aa850c95323a4396.webp\",\"keywords\":[\"'missiles\u00f9'\",\"attaque\",\"hamas\",\"isra\u00ebl\",\"tel aviv\"],\"articleSection\":[\"International\"],\"inLanguage\":\"fr-FR\"},{\"@type\":\"WebPage\",\"@id\":\"https:\\\/\\\/www.webdo.tn\\\/fr\\\/actualite\\\/international\\\/attaque-de-missiles-sur-tel-aviv\\\/214387\\\/\",\"url\":\"https:\\\/\\\/www.webdo.tn\\\/fr\\\/actualite\\\/international\\\/attaque-de-missiles-sur-tel-aviv\\\/214387\\\/\",\"name\":\"Attaque de missiles sur Tel Aviv\",\"isPartOf\":{\"@id\":\"https:\\\/\\\/www.webdo.tn\\\/fr\\\/#website\"},\"primaryImageOfPage\":{\"@id\":\"https:\\\/\\\/www.webdo.tn\\\/fr\\\/actualite\\\/international\\\/attaque-de-missiles-sur-tel-aviv\\\/214387\\\/#primaryimage\"},\"image\":{\"@id\":\"https:\\\/\\\/www.webdo.tn\\\/fr\\\/actualite\\\/international\\\/attaque-de-missiles-sur-tel-aviv\\\/214387\\\/#primaryimage\"},\"thumbnailUrl\":\"https:\\\/\\\/www.webdo.tn\\\/fr\\\/wp-content\\\/uploads\\\/2024\\\/05\\\/64f60ff8a566d712aa850c95323a4396.webp\",\"datePublished\":\"2024-05-26T14:34:00+00:00\",\"dateModified\":\"2025-05-20T22:13:34+00:00\",\"description\":\"La branche arm\u00e9e du Hamas a dit avoir vis\u00e9 Tel-Aviv avec un important barrage de roquettes dans un message publi\u00e9, aujourd\u2019hui sur le r\u00e9seau social Telegram.\",\"breadcrumb\":{\"@id\":\"https:\\\/\\\/www.webdo.tn\\\/fr\\\/actualite\\\/international\\\/attaque-de-missiles-sur-tel-aviv\\\/214387\\\/#breadcrumb\"},\"inLanguage\":\"fr-FR\",\"potentialAction\":[{\"@type\":\"ReadAction\",\"target\":[\"https:\\\/\\\/www.webdo.tn\\\/fr\\\/actualite\\\/international\\\/attaque-de-missiles-sur-tel-aviv\\\/214387\\\/\"]}]},{\"@type\":\"ImageObject\",\"inLanguage\":\"fr-FR\",\"@id\":\"https:\\\/\\\/www.webdo.tn\\\/fr\\\/actualite\\\/international\\\/attaque-de-missiles-sur-tel-aviv\\\/214387\\\/#primaryimage\",\"url\":\"https:\\\/\\\/www.webdo.tn\\\/fr\\\/wp-content\\\/uploads\\\/2024\\\/05\\\/64f60ff8a566d712aa850c95323a4396.webp\",\"contentUrl\":\"https:\\\/\\\/www.webdo.tn\\\/fr\\\/wp-content\\\/uploads\\\/2024\\\/05\\\/64f60ff8a566d712aa850c95323a4396.webp\",\"width\":750,\"height\":400,\"caption\":\"Attaque de missiles sur Tel Aviv\"},{\"@type\":\"BreadcrumbList\",\"@id\":\"https:\\\/\\\/www.webdo.tn\\\/fr\\\/actualite\\\/international\\\/attaque-de-missiles-sur-tel-aviv\\\/214387\\\/#breadcrumb\",\"itemListElement\":[{\"@type\":\"ListItem\",\"position\":1,\"name\":\"Accueil\",\"item\":\"https:\\\/\\\/www.webdo.tn\\\/fr\\\/\"},{\"@type\":\"ListItem\",\"position\":2,\"name\":\"Attaque de missiles sur Tel Aviv\"}]},{\"@type\":\"WebSite\",\"@id\":\"https:\\\/\\\/www.webdo.tn\\\/fr\\\/#website\",\"url\":\"https:\\\/\\\/www.webdo.tn\\\/fr\\\/\",\"name\":\"webdo\",\"description\":\"Tunisie - News en Tunisie et \u00e0 l&#039;international sur Webdo.tn\",\"publisher\":{\"@id\":\"https:\\\/\\\/www.webdo.tn\\\/fr\\\/#organization\"},\"potentialAction\":[{\"@type\":\"SearchAction\",\"target\":{\"@type\":\"EntryPoint\",\"urlTemplate\":\"https:\\\/\\\/www.webdo.tn\\\/fr\\\/?s={search_term_string}\"},\"query-input\":{\"@type\":\"PropertyValueSpecification\",\"valueRequired\":true,\"valueName\":\"search_term_string\"}}],\"inLanguage\":\"fr-FR\"},{\"@type\":\"Organization\",\"@id\":\"https:\\\/\\\/www.webdo.tn\\\/fr\\\/#organization\",\"name\":\"Webdo\",\"alternateName\":\"Webdo.tn\",\"url\":\"https:\\\/\\\/www.webdo.tn\\\/fr\\\/\",\"logo\":{\"@type\":\"ImageObject\",\"inLanguage\":\"fr-FR\",\"@id\":\"https:\\\/\\\/www.webdo.tn\\\/fr\\\/#\\\/schema\\\/logo\\\/image\\\/\",\"url\":\"https:\\\/\\\/www.webdo.tn\\\/fr\\\/wp-content\\\/uploads\\\/2025\\\/06\\\/Webdo-Tunisie_168377.jpg\",\"contentUrl\":\"https:\\\/\\\/www.webdo.tn\\\/fr\\\/wp-content\\\/uploads\\\/2025\\\/06\\\/Webdo-Tunisie_168377.jpg\",\"width\":301,\"height\":301,\"caption\":\"Webdo\"},\"image\":{\"@id\":\"https:\\\/\\\/www.webdo.tn\\\/fr\\\/#\\\/schema\\\/logo\\\/image\\\/\"},\"sameAs\":[\"https:\\\/\\\/www.facebook.com\\\/webdotn\",\"https:\\\/\\\/x.com\\\/webdo_tn\"],\"description\":\"Webdo est un m\u00e9dia num\u00e9rique tunisien fond\u00e9 en 2010, sp\u00e9cialis\u00e9 dans l\u2019actualit\u00e9 nationale et internationale, l\u2019\u00e9conomie, la soci\u00e9t\u00e9 et les analyses politiques. Le site s\u2019adresse \u00e0 un large public francophone et couvre l\u2019information tunisienne en temps r\u00e9el.\",\"email\":\"redac@webdo.tn\",\"legalName\":\"YNJ SARL\",\"foundingDate\":\"2010-09-06\",\"numberOfEmployees\":{\"@type\":\"QuantitativeValue\",\"minValue\":\"11\",\"maxValue\":\"50\"}},{\"@type\":\"Person\",\"@id\":\"https:\\\/\\\/www.webdo.tn\\\/fr\\\/#\\\/schema\\\/person\\\/2c4929cbf5a809e3bd38617c6ce150f6\",\"name\":\"MC\",\"image\":{\"@type\":\"ImageObject\",\"inLanguage\":\"fr-FR\",\"@id\":\"https:\\\/\\\/secure.gravatar.com\\\/avatar\\\/a545bbb6f84efdd5553dbbc2895e3ca8f1d12c5215e00a041c9670b54aa9b18a?s=96&d=mm&r=g\",\"url\":\"https:\\\/\\\/secure.gravatar.com\\\/avatar\\\/a545bbb6f84efdd5553dbbc2895e3ca8f1d12c5215e00a041c9670b54aa9b18a?s=96&d=mm&r=g\",\"contentUrl\":\"https:\\\/\\\/secure.gravatar.com\\\/avatar\\\/a545bbb6f84efdd5553dbbc2895e3ca8f1d12c5215e00a041c9670b54aa9b18a?s=96&d=mm&r=g\",\"caption\":\"MC\"},\"url\":\"https:\\\/\\\/www.webdo.tn\\\/fr\\\/actualite\\\/author\\\/mc\\\/\"}]}<\/script>\n<!-- \/ Yoast SEO Premium plugin. -->","yoast_head_json":{"title":"Attaque de missiles sur Tel Aviv","description":"La branche arm\u00e9e du Hamas a dit avoir vis\u00e9 Tel-Aviv avec un important barrage de roquettes dans un message publi\u00e9, aujourd\u2019hui sur le r\u00e9seau social Telegram.","canonical":"https:\/\/www.webdo.tn\/fr\/actualite\/international\/attaque-de-missiles-sur-tel-aviv\/214387\/","og_locale":"fr_FR","og_type":"article","og_title":"Attaque de missiles sur Tel Aviv","og_description":"La branche arm\u00e9e du Hamas a dit avoir vis\u00e9 Tel-Aviv avec un important barrage de roquettes dans un message publi\u00e9, aujourd\u2019hui sur le r\u00e9seau social Telegram.","og_url":"https:\/\/www.webdo.tn\/fr\/actualite\/international\/attaque-de-missiles-sur-tel-aviv\/214387\/","og_site_name":"webdo","article_publisher":"https:\/\/www.facebook.com\/webdotn","article_published_time":"2024-05-26T14:34:00+00:00","article_modified_time":"2025-05-20T22:13:34+00:00","og_image":[{"width":750,"height":400,"url":"https:\/\/www.webdo.tn\/fr\/wp-content\/uploads\/2024\/05\/64f60ff8a566d712aa850c95323a4396.webp","type":"image\/webp"}],"author":"MC","twitter_card":"summary_large_image","twitter_creator":"@webdo_tn","twitter_site":"@webdo_tn","twitter_misc":{"\u00c9crit par":"MC","Dur\u00e9e de lecture estim\u00e9e":"2 minutes"},"schema":{"@context":"https:\/\/schema.org","@graph":[{"@type":"NewsArticle","@id":"https:\/\/www.webdo.tn\/fr\/actualite\/international\/attaque-de-missiles-sur-tel-aviv\/214387\/#article","isPartOf":{"@id":"https:\/\/www.webdo.tn\/fr\/actualite\/international\/attaque-de-missiles-sur-tel-aviv\/214387\/"},"author":{"name":"MC","@id":"https:\/\/www.webdo.tn\/fr\/#\/schema\/person\/2c4929cbf5a809e3bd38617c6ce150f6"},"headline":"Attaque de missiles sur Tel Aviv","datePublished":"2024-05-26T14:34:00+00:00","dateModified":"2025-05-20T22:13:34+00:00","mainEntityOfPage":{"@id":"https:\/\/www.webdo.tn\/fr\/actualite\/international\/attaque-de-missiles-sur-tel-aviv\/214387\/"},"wordCount":442,"commentCount":0,"publisher":{"@id":"https:\/\/www.webdo.tn\/fr\/#organization"},"image":{"@id":"https:\/\/www.webdo.tn\/fr\/actualite\/international\/attaque-de-missiles-sur-tel-aviv\/214387\/#primaryimage"},"thumbnailUrl":"https:\/\/www.webdo.tn\/fr\/wp-content\/uploads\/2024\/05\/64f60ff8a566d712aa850c95323a4396.webp","keywords":["'missiles\u00f9'","attaque","hamas","isra\u00ebl","tel aviv"],"articleSection":["International"],"inLanguage":"fr-FR"},{"@type":"WebPage","@id":"https:\/\/www.webdo.tn\/fr\/actualite\/international\/attaque-de-missiles-sur-tel-aviv\/214387\/","url":"https:\/\/www.webdo.tn\/fr\/actualite\/international\/attaque-de-missiles-sur-tel-aviv\/214387\/","name":"Attaque de missiles sur Tel Aviv","isPartOf":{"@id":"https:\/\/www.webdo.tn\/fr\/#website"},"primaryImageOfPage":{"@id":"https:\/\/www.webdo.tn\/fr\/actualite\/international\/attaque-de-missiles-sur-tel-aviv\/214387\/#primaryimage"},"image":{"@id":"https:\/\/www.webdo.tn\/fr\/actualite\/international\/attaque-de-missiles-sur-tel-aviv\/214387\/#primaryimage"},"thumbnailUrl":"https:\/\/www.webdo.tn\/fr\/wp-content\/uploads\/2024\/05\/64f60ff8a566d712aa850c95323a4396.webp","datePublished":"2024-05-26T14:34:00+00:00","dateModified":"2025-05-20T22:13:34+00:00","description":"La branche arm\u00e9e du Hamas a dit avoir vis\u00e9 Tel-Aviv avec un important barrage de roquettes dans un message publi\u00e9, aujourd\u2019hui sur le r\u00e9seau social Telegram.","breadcrumb":{"@id":"https:\/\/www.webdo.tn\/fr\/actualite\/international\/attaque-de-missiles-sur-tel-aviv\/214387\/#breadcrumb"},"inLanguage":"fr-FR","potentialAction":[{"@type":"ReadAction","target":["https:\/\/www.webdo.tn\/fr\/actualite\/international\/attaque-de-missiles-sur-tel-aviv\/214387\/"]}]},{"@type":"ImageObject","inLanguage":"fr-FR","@id":"https:\/\/www.webdo.tn\/fr\/actualite\/international\/attaque-de-missiles-sur-tel-aviv\/214387\/#primaryimage","url":"https:\/\/www.webdo.tn\/fr\/wp-content\/uploads\/2024\/05\/64f60ff8a566d712aa850c95323a4396.webp","contentUrl":"https:\/\/www.webdo.tn\/fr\/wp-content\/uploads\/2024\/05\/64f60ff8a566d712aa850c95323a4396.webp","width":750,"height":400,"caption":"Attaque de missiles sur Tel Aviv"},{"@type":"BreadcrumbList","@id":"https:\/\/www.webdo.tn\/fr\/actualite\/international\/attaque-de-missiles-sur-tel-aviv\/214387\/#breadcrumb","itemListElement":[{"@type":"ListItem","position":1,"name":"Accueil","item":"https:\/\/www.webdo.tn\/fr\/"},{"@type":"ListItem","position":2,"name":"Attaque de missiles sur Tel Aviv"}]},{"@type":"WebSite","@id":"https:\/\/www.webdo.tn\/fr\/#website","url":"https:\/\/www.webdo.tn\/fr\/","name":"webdo","description":"Tunisie - News en Tunisie et \u00e0 l&#039;international sur Webdo.tn","publisher":{"@id":"https:\/\/www.webdo.tn\/fr\/#organization"},"potentialAction":[{"@type":"SearchAction","target":{"@type":"EntryPoint","urlTemplate":"https:\/\/www.webdo.tn\/fr\/?s={search_term_string}"},"query-input":{"@type":"PropertyValueSpecification","valueRequired":true,"valueName":"search_term_string"}}],"inLanguage":"fr-FR"},{"@type":"Organization","@id":"https:\/\/www.webdo.tn\/fr\/#organization","name":"Webdo","alternateName":"Webdo.tn","url":"https:\/\/www.webdo.tn\/fr\/","logo":{"@type":"ImageObject","inLanguage":"fr-FR","@id":"https:\/\/www.webdo.tn\/fr\/#\/schema\/logo\/image\/","url":"https:\/\/www.webdo.tn\/fr\/wp-content\/uploads\/2025\/06\/Webdo-Tunisie_168377.jpg","contentUrl":"https:\/\/www.webdo.tn\/fr\/wp-content\/uploads\/2025\/06\/Webdo-Tunisie_168377.jpg","width":301,"height":301,"caption":"Webdo"},"image":{"@id":"https:\/\/www.webdo.tn\/fr\/#\/schema\/logo\/image\/"},"sameAs":["https:\/\/www.facebook.com\/webdotn","https:\/\/x.com\/webdo_tn"],"description":"Webdo est un m\u00e9dia num\u00e9rique tunisien fond\u00e9 en 2010, sp\u00e9cialis\u00e9 dans l\u2019actualit\u00e9 nationale et internationale, l\u2019\u00e9conomie, la soci\u00e9t\u00e9 et les analyses politiques. Le site s\u2019adresse \u00e0 un large public francophone et couvre l\u2019information tunisienne en temps r\u00e9el.","email":"redac@webdo.tn","legalName":"YNJ SARL","foundingDate":"2010-09-06","numberOfEmployees":{"@type":"QuantitativeValue","minValue":"11","maxValue":"50"}},{"@type":"Person","@id":"https:\/\/www.webdo.tn\/fr\/#\/schema\/person\/2c4929cbf5a809e3bd38617c6ce150f6","name":"MC","image":{"@type":"ImageObject","inLanguage":"fr-FR","@id":"https:\/\/secure.gravatar.com\/avatar\/a545bbb6f84efdd5553dbbc2895e3ca8f1d12c5215e00a041c9670b54aa9b18a?s=96&d=mm&r=g","url":"https:\/\/secure.gravatar.com\/avatar\/a545bbb6f84efdd5553dbbc2895e3ca8f1d12c5215e00a041c9670b54aa9b18a?s=96&d=mm&r=g","contentUrl":"https:\/\/secure.gravatar.com\/avatar\/a545bbb6f84efdd5553dbbc2895e3ca8f1d12c5215e00a041c9670b54aa9b18a?s=96&d=mm&r=g","caption":"MC"},"url":"https:\/\/www.webdo.tn\/fr\/actualite\/author\/mc\/"}]}},"_links":{"self":[{"href":"https:\/\/www.webdo.tn\/fr\/wp-json\/wp\/v2\/posts\/214387","targetHints":{"allow":["GET"]}}],"collection":[{"href":"https:\/\/www.webdo.tn\/fr\/wp-json\/wp\/v2\/posts"}],"about":[{"href":"https:\/\/www.webdo.tn\/fr\/wp-json\/wp\/v2\/types\/post"}],"author":[{"embeddable":true,"href":"https:\/\/www.webdo.tn\/fr\/wp-json\/wp\/v2\/users\/3162"}],"replies":[{"embeddable":true,"href":"https:\/\/www.webdo.tn\/fr\/wp-json\/wp\/v2\/comments?post=214387"}],"version-history":[{"count":0,"href":"https:\/\/www.webdo.tn\/fr\/wp-json\/wp\/v2\/posts\/214387\/revisions"}],"wp:featuredmedia":[{"embeddable":true,"href":"https:\/\/www.webdo.tn\/fr\/wp-json\/wp\/v2\/media\/290642"}],"wp:attachment":[{"href":"https:\/\/www.webdo.tn\/fr\/wp-json\/wp\/v2\/media?parent=214387"}],"wp:term":[{"taxonomy":"category","embeddable":true,"href":"https:\/\/www.webdo.tn\/fr\/wp-json\/wp\/v2\/categories?post=214387"},{"taxonomy":"post_tag","embeddable":true,"href":"https:\/\/www.webdo.tn\/fr\/wp-json\/wp\/v2\/tags?post=214387"}],"curies":[{"name":"wp","href":"https:\/\/api.w.org\/{rel}","templated":true}]}}