{"id":214382,"date":"2024-05-26T11:16:00","date_gmt":"2024-05-26T11:16:00","guid":{"rendered":"https:\/\/www.webdo.tn\/fr\/blog\/tunisie-a-quand-la-relance-du-projet-sama-dubai\/214382\/"},"modified":"2025-05-20T22:13:31","modified_gmt":"2025-05-20T22:13:31","slug":"tunisie-a-quand-la-relance-du-projet-sama-dubai","status":"publish","type":"post","link":"https:\/\/www.webdo.tn\/fr\/actualite\/national\/tunisie-a-quand-la-relance-du-projet-sama-dubai\/214382\/","title":{"rendered":"Tunisie : A quand la relance du projet \u00a0\u00bbSama Duba\u00ef\u00a0\u00bb ?"},"content":{"rendered":"<p>Le projet Sama Dubai va-t-il \u00eatre enfin relanc\u00e9 ? Ce projet de 25 milliards de dinars est gel\u00e9 depuis son lancement en 2008 par le groupe \u00e9mirati Sama Dubai sans qu\u2019il ne voit le jour. Le pr\u00e9sident Kais Saied a d\u00e9cid\u00e9 de se pencher dessus.<\/p>\n<p>\t\t\t\t\t\t\t\t\tLe pr\u00e9sident de la R\u00e9publique, Kais Saied, a re\u00e7u, vendredi 24 mai 2024, Sarra Za\u00e2frani Zenzeri, ministre de l&rsquo;Equipement de l&rsquo;Habitat et ministre du Transport par int\u00e9rim, \u00e0 trouver des solutions aux m\u00e9gaprojets bloqu\u00e9s, dont celui de \u00ab\u00a0Sama Duba\u00ef\u00a0\u00bb tout en prenant en consid\u00e9ration les int\u00e9r\u00eats de l&rsquo;Etat tunisien.<\/p>\n<p>Une mani\u00e8re de r\u00e9activer ce projet gel\u00e9 depuis plus de 15 ans. En effet, ce projet de 25 milliards de dinars est au point mort malgr\u00e9 les nombreuses tentatives de le r\u00e9activer. Lanc\u00e9 en 2008 par le groupe \u00e9mirati Sama Dubai sans qu\u2019il ne voit le jour, ce projet pr\u00e9voyait de b\u00e2tir une nouvelle ville sur 831 hectares sur les rives du Lac Sud de Tunis.<\/p>\n<p>Baptis\u00e9 \u00ab\u00a0La Porte de la M\u00e9diterran\u00e9e\u00a0\u00bb, ce projet consistait notamment en un centre r\u00e9sidentiel, commercial et touristique, en pleine capitale, \u00e9quip\u00e9 d\u2019un port de plaisance d\u2019une capacit\u00e9 d\u2019accueil de 1300 \u00e0 1500 bateaux. Il devrait garantir entre 150.000 et 200.000 emplois et son financement s\u2019\u00e9l\u00e8ve \u00e0 environ 25 milliards de dinars.<\/p>\n<p>En 2015, la relance du projet Sama Dubai avait d\u00e9j\u00e0 \u00e9t\u00e9 \u00e9voqu\u00e9e sans r\u00e9sultat probant. Le ministre de l\u2019Equipement, de l\u2019Habitat et de l\u2019Am\u00e9nagement du territoire de l&rsquo;\u00e9poque, Mohamed Salah Arfaoui, \u00e9tait revenu sur les raisons du blocage du projet, confirmant que la cause principale est due au fait que la Tunisie n\u2019est pas parvenue \u00e0 des solutions ad\u00e9quates avec l\u2019investisseur Aboukhater.<\/p>\n<p>Les discussions avaient \u00e9t\u00e9 lanc\u00e9es avec ce dernier pour pouvoir trouver des solutions appropri\u00e9es afin de reprendre les travaux, bloqu\u00e9s depuis 2011. Cette simple \u00e9vocation a suscit\u00e9 des esp\u00e9rances selon lesquelles ces travaux auraient d\u00fb reprendre en 2016 suite aux promesses d&rsquo;une d\u00e9l\u00e9gation du groupe \u00e9mirati Dubai Holding qui s\u2019est engag\u00e9e le 22 d\u00e9cembre 2015, \u00e0 reprendre ces travaux .<\/p>\n<p>Sur un autre plan, Kais Saied a appel\u00e9 la ministre \u00e0 trouver des solutions urgentes aux probl\u00e8mes du transport public, comme la r\u00e9paration des rames de m\u00e9tro, l&rsquo;acquisition de nouveaux bus, l&rsquo;am\u00e9nagement de l&rsquo;A\u00e9roport Tunis-Carthage et le projet de la liaison ferroviaire qui le reliera \u00e0 l&rsquo;A\u00e9roport Enfidha-Hammamet.<\/p>\n","protected":false},"excerpt":{"rendered":"<p>Le pr\u00e9sident de la R\u00e9publique, Kais Saied, a re\u00e7u, vendredi 24 mai 2024, Sarra Za\u00e2frani Zenzeri, ministre de l&rsquo;Equipement de l&rsquo;Habitat et ministre du Transport&#8230;<\/p>\n","protected":false},"author":3162,"featured_media":290637,"comment_status":"open","ping_status":"closed","sticky":false,"template":"","format":"standard","meta":{"footnotes":""},"categories":[44],"tags":[10204,10205,2614,3406],"class_list":["post-214382","post","type-post","status-publish","format-standard","has-post-thumbnail","hentry","category-national","tag-sama-dubai","tag-sarra-zaafrani-zenzeri","tag-kais-saied","tag-projet"],"yoast_head":"<!-- This site is optimized with the Yoast SEO Premium plugin v27.5 (Yoast SEO v27.5) - https:\/\/yoast.com\/product\/yoast-seo-premium-wordpress\/ -->\n<title>Tunisie : A quand la relance du projet &#039;&#039;Sama Duba\u00ef&#039;&#039; ?<\/title>\n<meta name=\"description\" content=\"Le pr\u00e9sident de la R\u00e9publique, Kais Saied, a re\u00e7u, vendredi 24 mai 2024, Sarra Za\u00e2frani Zenzeri, ministre de l&#039;Equipement de l&#039;Habitat et ministre du Transport...\" \/>\n<link rel=\"canonical\" href=\"https:\/\/www.webdo.tn\/fr\/actualite\/national\/tunisie-a-quand-la-relance-du-projet-sama-dubai\/214382\/\" \/>\n<meta property=\"og:locale\" content=\"fr_FR\" \/>\n<meta property=\"og:type\" content=\"article\" \/>\n<meta property=\"og:title\" content=\"Tunisie : A quand la relance du projet &#039;&#039;Sama Duba\u00ef&#039;&#039; ?\" \/>\n<meta property=\"og:description\" content=\"Le pr\u00e9sident de la R\u00e9publique, Kais Saied, a re\u00e7u, vendredi 24 mai 2024, Sarra Za\u00e2frani Zenzeri, ministre de l&#039;Equipement de l&#039;Habitat et ministre du Transport...\" \/>\n<meta property=\"og:url\" content=\"https:\/\/www.webdo.tn\/fr\/actualite\/national\/tunisie-a-quand-la-relance-du-projet-sama-dubai\/214382\/\" \/>\n<meta property=\"og:site_name\" content=\"webdo\" \/>\n<meta property=\"article:publisher\" content=\"https:\/\/www.facebook.com\/webdotn\" \/>\n<meta property=\"article:published_time\" content=\"2024-05-26T11:16:00+00:00\" \/>\n<meta property=\"article:modified_time\" content=\"2025-05-20T22:13:31+00:00\" \/>\n<meta property=\"og:image\" content=\"https:\/\/www.webdo.tn\/fr\/wp-content\/uploads\/2024\/05\/2130d5676155424e654ca4659f68041e.webp\" \/>\n\t<meta property=\"og:image:width\" content=\"650\" \/>\n\t<meta property=\"og:image:height\" content=\"347\" \/>\n\t<meta property=\"og:image:type\" content=\"image\/webp\" \/>\n<meta name=\"author\" content=\"MC\" \/>\n<meta name=\"twitter:card\" content=\"summary_large_image\" \/>\n<meta name=\"twitter:creator\" content=\"@webdo_tn\" \/>\n<meta name=\"twitter:site\" content=\"@webdo_tn\" \/>\n<meta name=\"twitter:label1\" content=\"\u00c9crit par\" \/>\n\t<meta name=\"twitter:data1\" content=\"MC\" \/>\n\t<meta name=\"twitter:label2\" content=\"Dur\u00e9e de lecture estim\u00e9e\" \/>\n\t<meta name=\"twitter:data2\" content=\"2 minutes\" \/>\n<script type=\"application\/ld+json\" class=\"yoast-schema-graph\">{\"@context\":\"https:\\\/\\\/schema.org\",\"@graph\":[{\"@type\":\"NewsArticle\",\"@id\":\"https:\\\/\\\/www.webdo.tn\\\/fr\\\/actualite\\\/national\\\/tunisie-a-quand-la-relance-du-projet-sama-dubai\\\/214382\\\/#article\",\"isPartOf\":{\"@id\":\"https:\\\/\\\/www.webdo.tn\\\/fr\\\/actualite\\\/national\\\/tunisie-a-quand-la-relance-du-projet-sama-dubai\\\/214382\\\/\"},\"author\":{\"name\":\"MC\",\"@id\":\"https:\\\/\\\/www.webdo.tn\\\/fr\\\/#\\\/schema\\\/person\\\/2c4929cbf5a809e3bd38617c6ce150f6\"},\"headline\":\"Tunisie : A quand la relance du projet \u00a0\u00bbSama Duba\u00ef\u00a0\u00bb ?\",\"datePublished\":\"2024-05-26T11:16:00+00:00\",\"dateModified\":\"2025-05-20T22:13:31+00:00\",\"mainEntityOfPage\":{\"@id\":\"https:\\\/\\\/www.webdo.tn\\\/fr\\\/actualite\\\/national\\\/tunisie-a-quand-la-relance-du-projet-sama-dubai\\\/214382\\\/\"},\"wordCount\":424,\"commentCount\":0,\"publisher\":{\"@id\":\"https:\\\/\\\/www.webdo.tn\\\/fr\\\/#organization\"},\"image\":{\"@id\":\"https:\\\/\\\/www.webdo.tn\\\/fr\\\/actualite\\\/national\\\/tunisie-a-quand-la-relance-du-projet-sama-dubai\\\/214382\\\/#primaryimage\"},\"thumbnailUrl\":\"https:\\\/\\\/www.webdo.tn\\\/fr\\\/wp-content\\\/uploads\\\/2024\\\/05\\\/2130d5676155424e654ca4659f68041e.webp\",\"keywords\":[\"'sama duba\u00ef'\",\"'Sarra Za\u00e2frani Zenzeri']\",\"Kais Saied\",\"projet\"],\"articleSection\":[\"National\"],\"inLanguage\":\"fr-FR\"},{\"@type\":\"WebPage\",\"@id\":\"https:\\\/\\\/www.webdo.tn\\\/fr\\\/actualite\\\/national\\\/tunisie-a-quand-la-relance-du-projet-sama-dubai\\\/214382\\\/\",\"url\":\"https:\\\/\\\/www.webdo.tn\\\/fr\\\/actualite\\\/national\\\/tunisie-a-quand-la-relance-du-projet-sama-dubai\\\/214382\\\/\",\"name\":\"Tunisie : A quand la relance du projet ''Sama Duba\u00ef'' ?\",\"isPartOf\":{\"@id\":\"https:\\\/\\\/www.webdo.tn\\\/fr\\\/#website\"},\"primaryImageOfPage\":{\"@id\":\"https:\\\/\\\/www.webdo.tn\\\/fr\\\/actualite\\\/national\\\/tunisie-a-quand-la-relance-du-projet-sama-dubai\\\/214382\\\/#primaryimage\"},\"image\":{\"@id\":\"https:\\\/\\\/www.webdo.tn\\\/fr\\\/actualite\\\/national\\\/tunisie-a-quand-la-relance-du-projet-sama-dubai\\\/214382\\\/#primaryimage\"},\"thumbnailUrl\":\"https:\\\/\\\/www.webdo.tn\\\/fr\\\/wp-content\\\/uploads\\\/2024\\\/05\\\/2130d5676155424e654ca4659f68041e.webp\",\"datePublished\":\"2024-05-26T11:16:00+00:00\",\"dateModified\":\"2025-05-20T22:13:31+00:00\",\"description\":\"Le pr\u00e9sident de la R\u00e9publique, Kais Saied, a re\u00e7u, vendredi 24 mai 2024, Sarra Za\u00e2frani Zenzeri, ministre de l'Equipement de l'Habitat et ministre du Transport...\",\"breadcrumb\":{\"@id\":\"https:\\\/\\\/www.webdo.tn\\\/fr\\\/actualite\\\/national\\\/tunisie-a-quand-la-relance-du-projet-sama-dubai\\\/214382\\\/#breadcrumb\"},\"inLanguage\":\"fr-FR\",\"potentialAction\":[{\"@type\":\"ReadAction\",\"target\":[\"https:\\\/\\\/www.webdo.tn\\\/fr\\\/actualite\\\/national\\\/tunisie-a-quand-la-relance-du-projet-sama-dubai\\\/214382\\\/\"]}]},{\"@type\":\"ImageObject\",\"inLanguage\":\"fr-FR\",\"@id\":\"https:\\\/\\\/www.webdo.tn\\\/fr\\\/actualite\\\/national\\\/tunisie-a-quand-la-relance-du-projet-sama-dubai\\\/214382\\\/#primaryimage\",\"url\":\"https:\\\/\\\/www.webdo.tn\\\/fr\\\/wp-content\\\/uploads\\\/2024\\\/05\\\/2130d5676155424e654ca4659f68041e.webp\",\"contentUrl\":\"https:\\\/\\\/www.webdo.tn\\\/fr\\\/wp-content\\\/uploads\\\/2024\\\/05\\\/2130d5676155424e654ca4659f68041e.webp\",\"width\":650,\"height\":347,\"caption\":\"Tunisie : A quand la relance du projet ''Sama Duba\u00ef'' ?\"},{\"@type\":\"BreadcrumbList\",\"@id\":\"https:\\\/\\\/www.webdo.tn\\\/fr\\\/actualite\\\/national\\\/tunisie-a-quand-la-relance-du-projet-sama-dubai\\\/214382\\\/#breadcrumb\",\"itemListElement\":[{\"@type\":\"ListItem\",\"position\":1,\"name\":\"Accueil\",\"item\":\"https:\\\/\\\/www.webdo.tn\\\/fr\\\/\"},{\"@type\":\"ListItem\",\"position\":2,\"name\":\"Tunisie : A quand la relance du projet \u00a0\u00bbSama Duba\u00ef\u00a0\u00bb ?\"}]},{\"@type\":\"WebSite\",\"@id\":\"https:\\\/\\\/www.webdo.tn\\\/fr\\\/#website\",\"url\":\"https:\\\/\\\/www.webdo.tn\\\/fr\\\/\",\"name\":\"webdo\",\"description\":\"Tunisie - News en Tunisie et \u00e0 l&#039;international sur Webdo.tn\",\"publisher\":{\"@id\":\"https:\\\/\\\/www.webdo.tn\\\/fr\\\/#organization\"},\"potentialAction\":[{\"@type\":\"SearchAction\",\"target\":{\"@type\":\"EntryPoint\",\"urlTemplate\":\"https:\\\/\\\/www.webdo.tn\\\/fr\\\/?s={search_term_string}\"},\"query-input\":{\"@type\":\"PropertyValueSpecification\",\"valueRequired\":true,\"valueName\":\"search_term_string\"}}],\"inLanguage\":\"fr-FR\"},{\"@type\":\"Organization\",\"@id\":\"https:\\\/\\\/www.webdo.tn\\\/fr\\\/#organization\",\"name\":\"Webdo\",\"alternateName\":\"Webdo.tn\",\"url\":\"https:\\\/\\\/www.webdo.tn\\\/fr\\\/\",\"logo\":{\"@type\":\"ImageObject\",\"inLanguage\":\"fr-FR\",\"@id\":\"https:\\\/\\\/www.webdo.tn\\\/fr\\\/#\\\/schema\\\/logo\\\/image\\\/\",\"url\":\"https:\\\/\\\/www.webdo.tn\\\/fr\\\/wp-content\\\/uploads\\\/2025\\\/06\\\/Webdo-Tunisie_168377.jpg\",\"contentUrl\":\"https:\\\/\\\/www.webdo.tn\\\/fr\\\/wp-content\\\/uploads\\\/2025\\\/06\\\/Webdo-Tunisie_168377.jpg\",\"width\":301,\"height\":301,\"caption\":\"Webdo\"},\"image\":{\"@id\":\"https:\\\/\\\/www.webdo.tn\\\/fr\\\/#\\\/schema\\\/logo\\\/image\\\/\"},\"sameAs\":[\"https:\\\/\\\/www.facebook.com\\\/webdotn\",\"https:\\\/\\\/x.com\\\/webdo_tn\"],\"description\":\"Webdo est un m\u00e9dia num\u00e9rique tunisien fond\u00e9 en 2010, sp\u00e9cialis\u00e9 dans l\u2019actualit\u00e9 nationale et internationale, l\u2019\u00e9conomie, la soci\u00e9t\u00e9 et les analyses politiques. Le site s\u2019adresse \u00e0 un large public francophone et couvre l\u2019information tunisienne en temps r\u00e9el.\",\"email\":\"redac@webdo.tn\",\"legalName\":\"YNJ SARL\",\"foundingDate\":\"2010-09-06\",\"numberOfEmployees\":{\"@type\":\"QuantitativeValue\",\"minValue\":\"11\",\"maxValue\":\"50\"}},{\"@type\":\"Person\",\"@id\":\"https:\\\/\\\/www.webdo.tn\\\/fr\\\/#\\\/schema\\\/person\\\/2c4929cbf5a809e3bd38617c6ce150f6\",\"name\":\"MC\",\"image\":{\"@type\":\"ImageObject\",\"inLanguage\":\"fr-FR\",\"@id\":\"https:\\\/\\\/secure.gravatar.com\\\/avatar\\\/a545bbb6f84efdd5553dbbc2895e3ca8f1d12c5215e00a041c9670b54aa9b18a?s=96&d=mm&r=g\",\"url\":\"https:\\\/\\\/secure.gravatar.com\\\/avatar\\\/a545bbb6f84efdd5553dbbc2895e3ca8f1d12c5215e00a041c9670b54aa9b18a?s=96&d=mm&r=g\",\"contentUrl\":\"https:\\\/\\\/secure.gravatar.com\\\/avatar\\\/a545bbb6f84efdd5553dbbc2895e3ca8f1d12c5215e00a041c9670b54aa9b18a?s=96&d=mm&r=g\",\"caption\":\"MC\"},\"url\":\"https:\\\/\\\/www.webdo.tn\\\/fr\\\/actualite\\\/author\\\/mc\\\/\"}]}<\/script>\n<!-- \/ Yoast SEO Premium plugin. -->","yoast_head_json":{"title":"Tunisie : A quand la relance du projet ''Sama Duba\u00ef'' ?","description":"Le pr\u00e9sident de la R\u00e9publique, Kais Saied, a re\u00e7u, vendredi 24 mai 2024, Sarra Za\u00e2frani Zenzeri, ministre de l'Equipement de l'Habitat et ministre du Transport...","canonical":"https:\/\/www.webdo.tn\/fr\/actualite\/national\/tunisie-a-quand-la-relance-du-projet-sama-dubai\/214382\/","og_locale":"fr_FR","og_type":"article","og_title":"Tunisie : A quand la relance du projet ''Sama Duba\u00ef'' ?","og_description":"Le pr\u00e9sident de la R\u00e9publique, Kais Saied, a re\u00e7u, vendredi 24 mai 2024, Sarra Za\u00e2frani Zenzeri, ministre de l'Equipement de l'Habitat et ministre du Transport...","og_url":"https:\/\/www.webdo.tn\/fr\/actualite\/national\/tunisie-a-quand-la-relance-du-projet-sama-dubai\/214382\/","og_site_name":"webdo","article_publisher":"https:\/\/www.facebook.com\/webdotn","article_published_time":"2024-05-26T11:16:00+00:00","article_modified_time":"2025-05-20T22:13:31+00:00","og_image":[{"width":650,"height":347,"url":"https:\/\/www.webdo.tn\/fr\/wp-content\/uploads\/2024\/05\/2130d5676155424e654ca4659f68041e.webp","type":"image\/webp"}],"author":"MC","twitter_card":"summary_large_image","twitter_creator":"@webdo_tn","twitter_site":"@webdo_tn","twitter_misc":{"\u00c9crit par":"MC","Dur\u00e9e de lecture estim\u00e9e":"2 minutes"},"schema":{"@context":"https:\/\/schema.org","@graph":[{"@type":"NewsArticle","@id":"https:\/\/www.webdo.tn\/fr\/actualite\/national\/tunisie-a-quand-la-relance-du-projet-sama-dubai\/214382\/#article","isPartOf":{"@id":"https:\/\/www.webdo.tn\/fr\/actualite\/national\/tunisie-a-quand-la-relance-du-projet-sama-dubai\/214382\/"},"author":{"name":"MC","@id":"https:\/\/www.webdo.tn\/fr\/#\/schema\/person\/2c4929cbf5a809e3bd38617c6ce150f6"},"headline":"Tunisie : A quand la relance du projet \u00a0\u00bbSama Duba\u00ef\u00a0\u00bb ?","datePublished":"2024-05-26T11:16:00+00:00","dateModified":"2025-05-20T22:13:31+00:00","mainEntityOfPage":{"@id":"https:\/\/www.webdo.tn\/fr\/actualite\/national\/tunisie-a-quand-la-relance-du-projet-sama-dubai\/214382\/"},"wordCount":424,"commentCount":0,"publisher":{"@id":"https:\/\/www.webdo.tn\/fr\/#organization"},"image":{"@id":"https:\/\/www.webdo.tn\/fr\/actualite\/national\/tunisie-a-quand-la-relance-du-projet-sama-dubai\/214382\/#primaryimage"},"thumbnailUrl":"https:\/\/www.webdo.tn\/fr\/wp-content\/uploads\/2024\/05\/2130d5676155424e654ca4659f68041e.webp","keywords":["'sama duba\u00ef'","'Sarra Za\u00e2frani Zenzeri']","Kais Saied","projet"],"articleSection":["National"],"inLanguage":"fr-FR"},{"@type":"WebPage","@id":"https:\/\/www.webdo.tn\/fr\/actualite\/national\/tunisie-a-quand-la-relance-du-projet-sama-dubai\/214382\/","url":"https:\/\/www.webdo.tn\/fr\/actualite\/national\/tunisie-a-quand-la-relance-du-projet-sama-dubai\/214382\/","name":"Tunisie : A quand la relance du projet ''Sama Duba\u00ef'' ?","isPartOf":{"@id":"https:\/\/www.webdo.tn\/fr\/#website"},"primaryImageOfPage":{"@id":"https:\/\/www.webdo.tn\/fr\/actualite\/national\/tunisie-a-quand-la-relance-du-projet-sama-dubai\/214382\/#primaryimage"},"image":{"@id":"https:\/\/www.webdo.tn\/fr\/actualite\/national\/tunisie-a-quand-la-relance-du-projet-sama-dubai\/214382\/#primaryimage"},"thumbnailUrl":"https:\/\/www.webdo.tn\/fr\/wp-content\/uploads\/2024\/05\/2130d5676155424e654ca4659f68041e.webp","datePublished":"2024-05-26T11:16:00+00:00","dateModified":"2025-05-20T22:13:31+00:00","description":"Le pr\u00e9sident de la R\u00e9publique, Kais Saied, a re\u00e7u, vendredi 24 mai 2024, Sarra Za\u00e2frani Zenzeri, ministre de l'Equipement de l'Habitat et ministre du Transport...","breadcrumb":{"@id":"https:\/\/www.webdo.tn\/fr\/actualite\/national\/tunisie-a-quand-la-relance-du-projet-sama-dubai\/214382\/#breadcrumb"},"inLanguage":"fr-FR","potentialAction":[{"@type":"ReadAction","target":["https:\/\/www.webdo.tn\/fr\/actualite\/national\/tunisie-a-quand-la-relance-du-projet-sama-dubai\/214382\/"]}]},{"@type":"ImageObject","inLanguage":"fr-FR","@id":"https:\/\/www.webdo.tn\/fr\/actualite\/national\/tunisie-a-quand-la-relance-du-projet-sama-dubai\/214382\/#primaryimage","url":"https:\/\/www.webdo.tn\/fr\/wp-content\/uploads\/2024\/05\/2130d5676155424e654ca4659f68041e.webp","contentUrl":"https:\/\/www.webdo.tn\/fr\/wp-content\/uploads\/2024\/05\/2130d5676155424e654ca4659f68041e.webp","width":650,"height":347,"caption":"Tunisie : A quand la relance du projet ''Sama Duba\u00ef'' ?"},{"@type":"BreadcrumbList","@id":"https:\/\/www.webdo.tn\/fr\/actualite\/national\/tunisie-a-quand-la-relance-du-projet-sama-dubai\/214382\/#breadcrumb","itemListElement":[{"@type":"ListItem","position":1,"name":"Accueil","item":"https:\/\/www.webdo.tn\/fr\/"},{"@type":"ListItem","position":2,"name":"Tunisie : A quand la relance du projet \u00a0\u00bbSama Duba\u00ef\u00a0\u00bb ?"}]},{"@type":"WebSite","@id":"https:\/\/www.webdo.tn\/fr\/#website","url":"https:\/\/www.webdo.tn\/fr\/","name":"webdo","description":"Tunisie - News en Tunisie et \u00e0 l&#039;international sur Webdo.tn","publisher":{"@id":"https:\/\/www.webdo.tn\/fr\/#organization"},"potentialAction":[{"@type":"SearchAction","target":{"@type":"EntryPoint","urlTemplate":"https:\/\/www.webdo.tn\/fr\/?s={search_term_string}"},"query-input":{"@type":"PropertyValueSpecification","valueRequired":true,"valueName":"search_term_string"}}],"inLanguage":"fr-FR"},{"@type":"Organization","@id":"https:\/\/www.webdo.tn\/fr\/#organization","name":"Webdo","alternateName":"Webdo.tn","url":"https:\/\/www.webdo.tn\/fr\/","logo":{"@type":"ImageObject","inLanguage":"fr-FR","@id":"https:\/\/www.webdo.tn\/fr\/#\/schema\/logo\/image\/","url":"https:\/\/www.webdo.tn\/fr\/wp-content\/uploads\/2025\/06\/Webdo-Tunisie_168377.jpg","contentUrl":"https:\/\/www.webdo.tn\/fr\/wp-content\/uploads\/2025\/06\/Webdo-Tunisie_168377.jpg","width":301,"height":301,"caption":"Webdo"},"image":{"@id":"https:\/\/www.webdo.tn\/fr\/#\/schema\/logo\/image\/"},"sameAs":["https:\/\/www.facebook.com\/webdotn","https:\/\/x.com\/webdo_tn"],"description":"Webdo est un m\u00e9dia num\u00e9rique tunisien fond\u00e9 en 2010, sp\u00e9cialis\u00e9 dans l\u2019actualit\u00e9 nationale et internationale, l\u2019\u00e9conomie, la soci\u00e9t\u00e9 et les analyses politiques. Le site s\u2019adresse \u00e0 un large public francophone et couvre l\u2019information tunisienne en temps r\u00e9el.","email":"redac@webdo.tn","legalName":"YNJ SARL","foundingDate":"2010-09-06","numberOfEmployees":{"@type":"QuantitativeValue","minValue":"11","maxValue":"50"}},{"@type":"Person","@id":"https:\/\/www.webdo.tn\/fr\/#\/schema\/person\/2c4929cbf5a809e3bd38617c6ce150f6","name":"MC","image":{"@type":"ImageObject","inLanguage":"fr-FR","@id":"https:\/\/secure.gravatar.com\/avatar\/a545bbb6f84efdd5553dbbc2895e3ca8f1d12c5215e00a041c9670b54aa9b18a?s=96&d=mm&r=g","url":"https:\/\/secure.gravatar.com\/avatar\/a545bbb6f84efdd5553dbbc2895e3ca8f1d12c5215e00a041c9670b54aa9b18a?s=96&d=mm&r=g","contentUrl":"https:\/\/secure.gravatar.com\/avatar\/a545bbb6f84efdd5553dbbc2895e3ca8f1d12c5215e00a041c9670b54aa9b18a?s=96&d=mm&r=g","caption":"MC"},"url":"https:\/\/www.webdo.tn\/fr\/actualite\/author\/mc\/"}]}},"_links":{"self":[{"href":"https:\/\/www.webdo.tn\/fr\/wp-json\/wp\/v2\/posts\/214382","targetHints":{"allow":["GET"]}}],"collection":[{"href":"https:\/\/www.webdo.tn\/fr\/wp-json\/wp\/v2\/posts"}],"about":[{"href":"https:\/\/www.webdo.tn\/fr\/wp-json\/wp\/v2\/types\/post"}],"author":[{"embeddable":true,"href":"https:\/\/www.webdo.tn\/fr\/wp-json\/wp\/v2\/users\/3162"}],"replies":[{"embeddable":true,"href":"https:\/\/www.webdo.tn\/fr\/wp-json\/wp\/v2\/comments?post=214382"}],"version-history":[{"count":0,"href":"https:\/\/www.webdo.tn\/fr\/wp-json\/wp\/v2\/posts\/214382\/revisions"}],"wp:featuredmedia":[{"embeddable":true,"href":"https:\/\/www.webdo.tn\/fr\/wp-json\/wp\/v2\/media\/290637"}],"wp:attachment":[{"href":"https:\/\/www.webdo.tn\/fr\/wp-json\/wp\/v2\/media?parent=214382"}],"wp:term":[{"taxonomy":"category","embeddable":true,"href":"https:\/\/www.webdo.tn\/fr\/wp-json\/wp\/v2\/categories?post=214382"},{"taxonomy":"post_tag","embeddable":true,"href":"https:\/\/www.webdo.tn\/fr\/wp-json\/wp\/v2\/tags?post=214382"}],"curies":[{"name":"wp","href":"https:\/\/api.w.org\/{rel}","templated":true}]}}