{"id":214381,"date":"2024-05-26T10:58:00","date_gmt":"2024-05-26T10:58:00","guid":{"rendered":"https:\/\/www.webdo.tn\/fr\/blog\/cannes-2024-la-ceremonie-de-cloture-entre-surprises-emotions-et-deceptions\/214381\/"},"modified":"2025-05-21T08:57:31","modified_gmt":"2025-05-21T08:57:31","slug":"cannes-2024-la-ceremonie-de-cloture-entre-surprises-emotions-et-deceptions","status":"publish","type":"post","link":"https:\/\/www.webdo.tn\/fr\/actualite\/culture\/cannes-2024-la-ceremonie-de-cloture-entre-surprises-emotions-et-deceptions\/214381\/","title":{"rendered":"Cannes 2024 &#8211; La c\u00e9r\u00e9monie de cl\u00f4ture\u00a0entre surprises, \u00e9motions et d\u00e9ceptions"},"content":{"rendered":"<div class=\"single-body entry-content typography-copy\" itemprop=\"articleBody\">\n<p style=\"font-weight: bold; text-align: justify\">\n\t\t\t\t\t\t\t\t\tCannes 2024 &#8211; La c\u00e9r\u00e9monie de cl\u00f4ture\u00a0entre surprises, \u00e9motions et d\u00e9ceptions\n\t\t\t\t\t\t\t\t<\/p>\n<div class=\"coprs\" style=\"text-align: center\"><\/div>\n<div class=\"coprs\" style=\"text-align: justify\">\n<p><span><span>La c\u00e9r\u00e9monie de cl\u00f4ture du 77\u00e8me Festival de Cannes vient de s\u2019achever, marqu\u00e9e par des surprises et des controverses. Alors que le g\u00e9n\u00e9rique de d\u00e9but de la c\u00e9r\u00e9monie d\u00e9filait en hommage \u00e0 la saga des Star Wars, les attentes \u00e9taient \u00e0 leur comble apr\u00e8s deux semaines intenses de cin\u00e9ma. Mais la soir\u00e9e n\u2019a pas \u00e9t\u00e9 exempte de d\u00e9ceptions, notamment lors de l\u2019annonce du palmar\u00e8s.<\/span><\/span><\/p>\n<p>\u00a0<\/p>\n<p><span><span><strong>Les r\u00e9compenses majeures de la soir\u00e9e<\/strong><\/span><\/span><\/p>\n<p><span><span>La c\u00e9r\u00e9monie a vu plusieurs films et artistes r\u00e9compens\u00e9s pour leurs contributions exceptionnelles au cin\u00e9ma. Jesse Plemmons a remport\u00e9 le prix, tr\u00e8s m\u00e9rit\u00e9, du meilleur acteur pour ses r\u00f4les dans <em>Kinds of Kindness<\/em> de Yorgos Lanthimos, un film d&rsquo;anthologie qui a \u00e9galement r\u00e9uni Emma Stone et Willem Dafoe. <\/span><\/span><\/p>\n<p><span><span>Le prix de la meilleure interpr\u00e9tation f\u00e9minine a \u00e9t\u00e9 attribu\u00e9 de mani\u00e8re collective aux actrices du film <em>Emilia Perez<\/em> de Jacques Audiard, avec une mention sp\u00e9ciale pour Karla Sof\u00eda Gasc\u00f3n, la premi\u00e8re actrice trans \u00e0 remporter un prix \u00e0 Cannes. Ce choix du jury a \u00e9t\u00e9 largement applaudi pour son audace et son message inclusif.<\/span><\/span><\/p>\n<p>\u00a0<\/p>\n<p><img decoding=\"async\" alt=\"\" height=\"900\" src=\"\/assets\/uploads\/images\/\/Neila\/Cannes%202024%20Palmare%CC%80s%20Actrice.jpeg\" width=\"1600\"><\/p>\n<p>\u00a0<\/p>\n<p><span><span>Le Prix du Meilleur sc\u00e9nario a \u00e9t\u00e9 attribu\u00e9 au film <a href=\"https:\/\/www.webdo.tn\/fr\/actualite\/culture\/cannes-2024-the-substance-une-experience-cinematographique-immersive-et-intense\/214336\"><em>The substance<\/em> <\/a>qui le m\u00e9ritait, et qui se distinguait par son originalit\u00e9. Mais le film aurait m\u00e9rit\u00e9 de remporter \u00e9galement au moins le Prix de meilleure r\u00e9alisation pour Coralie Fargeat.<\/span><\/span><\/p>\n<p>\u00a0<\/p>\n<p><img decoding=\"async\" alt=\"\" height=\"900\" src=\"\/assets\/uploads\/images\/\/Neila\/Cannes%202024%20Palmare%CC%80s%20sce%CC%81nario.jpeg\" width=\"1600\"><\/p>\n<p>\u00a0<\/p>\n<p><span><span><strong>Le Grand Prix pour <em>All We Imagine As Light<\/em><\/strong><\/span><\/span><\/p>\n<p><span><span>Le Grand Prix, pr\u00e9sent\u00e9 par la c\u00e9l\u00e8bre actrice Viola Davis, est revenu \u00e0 <em>All We Imagine As Light<\/em> de Payal Kapadia. Ce film, le premier film indien en comp\u00e9tition \u00e0 Cannes depuis 1994, a \u00e9t\u00e9 salu\u00e9 pour son originalit\u00e9 et sa sensibilit\u00e9. Kapadia a profit\u00e9 de son discours pour afficher sa solidarit\u00e9 avec les travailleurs du festival, luttant pour de meilleures conditions de travail, et a port\u00e9 un badge du collectif \u00ab Sous les \u00e9crans la d\u00e8che \u00bb. <\/span><\/span><\/p>\n<p>\u00a0<\/p>\n<p><img decoding=\"async\" alt=\"\" height=\"900\" src=\"\/assets\/uploads\/images\/\/Neila\/Cannes%202024%20Palmare%CC%80s%20Grand%20Prix.jpeg\" width=\"1600\"><\/p>\n<p>\u00a0<\/p>\n<p><span><span><strong>George Lucas honor\u00e9 pour l&rsquo;ensemble de sa carri\u00e8re<\/strong><\/span><\/span><\/p>\n<p><span><span>Une Palme d&rsquo;Or d&rsquo;honneur a \u00e9t\u00e9 d\u00e9cern\u00e9e\u00a0\u00e0 George Lucas pour l&rsquo;ensemble de sa carri\u00e8re. Cette distinction lui a \u00e9t\u00e9 remise par Francis Ford Coppola, ajoutant une touche \u00e9motive \u00e0 la c\u00e9r\u00e9monie. George Lucas a d\u00e9clar\u00e9 : \u00ab <em>Je suis venu ici aujourd&rsquo;hui pour vous remercier tous. Moi, je ne suis qu&rsquo;un gamin qui a grandi au milieu de la Californie, au milieu des vignes et qui a fait des films \u00e0 San Francisco avec mon ami Francis Coppola. Nous avons donc fait toute notre carri\u00e8re en parall\u00e8le, et notamment \u00e0 San Francisco. En fait, moi, je n&rsquo;ai jamais fait de film \u00e0 Hollywood en tant que r\u00e9alisateur. Donc, c&rsquo;est un grand honneur d&rsquo;\u00eatre ici. Je peux vous le dire<\/em>\u00bb.<\/span><\/span><\/p>\n<p>\u00a0<\/p>\n<p><img decoding=\"async\" alt=\"\" height=\"800\" src=\"\/assets\/uploads\/images\/\/Neila\/Cannes%202024%20Cloture%20Georges%20Lucas.jpeg\" width=\"1200\"><\/p>\n<p>\u00a0<\/p>\n<p><span><span><strong>La controverse autour du prix attribu\u00e9 \u00e0 Mohammad Rasoulof<\/strong><\/span><\/span><\/p>\n<p><span><span>Grosse d\u00e9ception lors de l\u2019annonce du prix attribu\u00e9 au film de Mohammad Rasoulof. Sur X (anciennement Twitter), les critiques ont exprim\u00e9 leur stupeur et leur m\u00e9contentement lorsque le Prix sp\u00e9cial a \u00e9t\u00e9 attribu\u00e9 au film iranien <em>Les Graines du figuier sauvage<\/em>. Ce film, acclam\u00e9 par la critique et consid\u00e9r\u00e9 presque unanimement comme le pr\u00e9tendant naturel \u00e0 la Palme d&rsquo;Or, n\u2019a finalement re\u00e7u qu\u2019un prix que beaucoup ont per\u00e7u comme un lot de consolation. Autant les autres prix semblaient faire consensus, autant cette d\u00e9cision a suscit\u00e9 un choc profond. <\/span><\/span><\/p>\n<p><span><span>Il est \u00e0 noter que dans la journ\u00e9e, <em>Les graines du Figuier sauvage<\/em> avait d\u00e9j\u00e0 r\u00e9colt\u00e9 plusieurs prix octroy\u00e9s par d\u2019autres jurys\u00a0: <a href=\"https:\/\/www.webdo.tn\/fr\/actualite\/culture\/cannes-2024-les-graines-du-figuier-sauvage-de-mohammad-rasoulof-remporte-le-prix-fipresci\/214377\">le prix FIPRESCI,<\/a> le Prix 2024 des Cin\u00e9mas art &amp; essai, le Prix du Jury \u0152cum\u00e9nique et le Grand Prix &#8211; Prix Fran\u00e7ois Chalais.<\/span><\/span><\/p>\n<p>\u00a0<\/p>\n<p><img decoding=\"async\" alt=\"\" height=\"900\" src=\"\/assets\/uploads\/images\/\/Neila\/Cannes%202024%20Palmare%CC%80s%20Prix%20Spe%CC%81cial.jpeg\" width=\"1600\"><\/p>\n<p>\u00a0<\/p>\n<p><span><span><strong>Le discours poignant de Mohammad Rasoulof<\/strong><\/span><\/span><\/p>\n<p><span><span>Le discours de Mohammad Rasoulof, r\u00e9alisateur de <em>Les Graines du figuier sauvage<\/em>, a \u00e9t\u00e9 l\u2019un des moments les plus poignants de la soir\u00e9e. <a href=\"https:\/\/www.webdo.tn\/fr\/actualite\/culture\/le-cineaste-rebelle-mohammad-rasoulof-quitte-l-iran-en-secret-pour-l-europe-sera-t-il-a-cannes\/214144\">Fuyant l&rsquo;Iran quelques semaines avant le festival,<\/a> Mohammad Rasoulof a d\u00e9di\u00e9 son prix \u00e0 son \u00e9quipe rest\u00e9e en Iran et sous la pression des services secrets de la R\u00e9publique islamique. Il a exprim\u00e9 sa gratitude tout en d\u00e9non\u00e7ant la situation d\u00e9sesp\u00e9r\u00e9e de son pays, appelant \u00e0 la solidarit\u00e9 internationale envers les artistes et intellectuels emprisonn\u00e9s, comme le musicien Toomaj Salehi, condamn\u00e9 \u00e0 mort pour son art. Rasoulof a d\u00e9clar\u00e9 : \u00ab <em>Je vous remercie tous, permettez-moi d\u2019avoir une pens\u00e9e tout d\u2019abord pour tous les membres de mon \u00e9quipe qui ne sont pas avec moi ici aujourd\u2019hui pour c\u00e9l\u00e9brer ce moment, c\u00e9l\u00e9brer ce prix. Il y a certains de mes acteurs, il y a mon chef op\u00e9rateur, mon ing\u00e9nieur du son, nombre de techniciens, qui sont retenus en Iran, et qui sont en ce moment sous la pression des services secrets de la r\u00e9publique islamique, donc mon c\u0153ur est avant tout avec eux. Et si je dois vous parler encore de mon c\u0153ur, je peux vous dire qu\u2019il est dans un \u00e9tat tr\u00e8s ambivalent, je suis \u00e9videmment tr\u00e8s heureux que le film soit fini, qu\u2019il soit pr\u00e9sent\u00e9 ici, qu\u2019il soit reconnu ce soir par ce prix, mais je suis aussi tr\u00e8s triste, profond\u00e9ment chagrin\u00e9 par la catastrophe que vit mon peuple au quotidien. Chaque jour, chaque matin, \u00e0 chaque instant, le peuple iranien vit sous un r\u00e9gime totalitaire qui l\u2019a pris en otage. Donc en effet la situation est grave dans bien des endroits du monde, des gens souffrent dans bien des endroits du monde, mais je peux simplement vous dire que mon peuple, le peuple iranien, est pris en otage par ce r\u00e9gime de la r\u00e9publique islamique. Donc je tiens ici encore \u00e0 saluer et \u00e0 remercier toutes les personnes qui ont rendu ce film possible, toutes ces jeunes femmes dont le courage, l\u2019audace sans borne,s a \u00e9t\u00e9 l\u2019inspiration de ce film. Ces actrices qui sont ici pr\u00e9sentes, tous les membres de cette \u00e9quipe qui ont pu venir et ceux qui encore une fois n\u2019ont pas pu <\/em>venir, <em>mais aussi mes coproducteurs, mes distributeurs, tous ceux qui main dans la main ont rendu possible le miracle de ce film. Merci infiniment au festival de nous avoir invit\u00e9s. Merci \u00e0 vous, jury, de nous avoir distingu\u00e9s.<\/em><\/span><\/span><\/p>\n<p><span><span><em>Je vais simplement ajouter un mot pour parler des artistes, des universitaires, des cin\u00e9astes, des journalistes qui sont aujourd\u2019hui dans les ge\u00f4les iraniennes, et je veux plus sp\u00e9cifiquement parler de Toomaj Salehi qui est condamn\u00e9 \u00e0 mort aujourd\u2019hui uniquement en raison de sa cr\u00e9ation artistique. Ne permettez pas que la r\u00e9publique islamique traite ainsi les Iraniens<\/em>. \u00bb<\/span><\/span><\/p>\n<p><span><span><strong>La Palme d\u2019Or pour <em>Anora<\/em> de Sean Baker<\/strong><\/span><\/span><\/p>\n<p><span><span>La Palme d\u2019Or, la plus haute distinction du festival, a \u00e9t\u00e9 attribu\u00e9e \u00e0 <em>Anora<\/em> de Sean Baker, une com\u00e9die romantique d\u00e9crite comme un croisement entre \u00ab Cendrillon \u00bb et \u00ab Pretty Woman \u00bb, avec une forte dose de sc\u00e8nes de sexe. Malgr\u00e9 ses qualit\u00e9s de divertissement grand public, et la profondeur de ses personnages,\u00a0<em>Anora<\/em> a \u00e9t\u00e9 critiqu\u00e9 pour son manque d\u2019originalit\u00e9, rendant son choix pour la Palme d&rsquo;Or particuli\u00e8rement controvers\u00e9.<\/span><\/span><\/p>\n<p><span><span>Sean Baker est le premier r\u00e9alisateur am\u00e9ricain \u00e0 remporter la Palme depuis Terrence Malick pour\u00a0<em>L&rsquo;Arbre de vie<\/em>\u00a0en 2011.<\/span><\/span><\/p>\n<p><span><span>Sean Baker, en recevant sa Palme d\u2019Or, a soulign\u00e9 l&rsquo;importance de la salle de cin\u00e9ma, face \u00e0 la mont\u00e9e du visionnage \u00e0 domicile : \u00ab <em>Cette Palme d\u2019Or est ce dont j\u2019ai pu r\u00eaver comme r\u00e9alisateur au cours des 40 derni\u00e8res ann\u00e9es, donc je ne sais pas ce que je vais faire avec le temps qu\u2019il me reste \u00e0 vivre, mais je sais que je vais continuer \u00e0 lutter en faveur du cin\u00e9ma, car actuellement en tant que r\u00e9alisateurs, nous devons lutter pour que le cin\u00e9ma reste vivant. Nous faisons des films, nous devons faire des films pour qu\u2019ils sortent en salles. Il faut que le monde se rappelle que de voir un film sur son t\u00e9l\u00e9phone portable \u00e0 la maison, eh bien, ce n\u2019est pas la fa\u00e7on de voir des films, m\u00eame si certaines soci\u00e9t\u00e9s de haute technologie aimeraient bien qu\u2019il en soit ainsi. Voir un film dans une salle est diff\u00e9rent. On partage la tristesse, la peur, le rire et on partage quelque chose avec nos amis ou avec des inconnus, c\u2019est sacr\u00e9. Donc je pense que l\u2019avenir du cin\u00e9ma est l\u00e0 o\u00f9 il a commenc\u00e9, \u00e0 savoir dans une salle de cin\u00e9ma. (&#8230;) Cette Palme d\u2019Or est pour toutes les travailleuses du sexe, pass\u00e9es, pr\u00e9sentes et futures <\/em>\u00bb.<\/span><\/span><\/p>\n<p>\u00a0<\/p>\n<p><img decoding=\"async\" alt=\"\" height=\"900\" src=\"\/assets\/uploads\/images\/\/Neila\/Cannes%202024%20Palmare%CC%80s%20PO.jpeg\" width=\"1600\"><\/p>\n<p>\u00a0<\/p>\n<p><span><span><strong><span>Le Palmar\u00e8s de cette 77<sup>\u00e8me<\/sup> \u00e9dition\u00a0:<\/span><\/strong><\/span><\/span><\/p>\n<p><span><span>Le Jury, pr\u00e9sid\u00e9 par Greta Gerwig, entour\u00e9e d\u2019Ebru Ceylan, Lily Gladstone, Eva Green, Nadine Labaki, Juan Antonio Bayona, Pierfrancesco Favino, Kore-eda Hirokazu et Omar Sy, a r\u00e9compens\u00e9 les films suivants parmi les 22 en comp\u00e9tition :<\/span><\/span><\/p>\n<ul>\n<li><span><span><strong>Palme d&rsquo;Or<\/strong> : <em>ANORA<\/em> de Sean Baker<\/span><\/span><\/li>\n<li><span><span><strong>Grand Prix<\/strong> : <em>ALL WE IMAGINE AS LIGHT<\/em> de Payal Kapadia<\/span><\/span><\/li>\n<li><span><span><strong>Prix du Jury<\/strong> : <em>EMILIA P\u00c9REZ<\/em> de Jacques Audiard<\/span><\/span><\/li>\n<li><span><span><strong>Prix de la Mise en Sc\u00e8ne<\/strong> : Miguel Gomes pour <em>Grand Tour<\/em><\/span><\/span><\/li>\n<li><span><span><strong>Prix Sp\u00e9cial<\/strong> : Mohammad Rasoulof pour <em>Les Graines du figuier sauvage<\/em><\/span><\/span><\/li>\n<li><span><span><strong>Prix d&rsquo;Interpr\u00e9tation Masculine<\/strong> : Jesse Plemmons dans <em>Kinds of Kindness<\/em> de Y\u00f3rgos L\u00e1nthimos<\/span><\/span><\/li>\n<li><span><span><strong>Prix d&rsquo;Interpr\u00e9tation F\u00e9minine<\/strong> : Adriana Paz, Zoe Saldana, Karla Sof\u00eda Gasc\u00f3n et Selena Gomez dans <em>Emilia P\u00e9rez<\/em> de Jacques Audiard<\/span><\/span><\/li>\n<li><span><span><strong>Prix du Sc\u00e9nario<\/strong> : <em>THE SUBSTANCE<\/em> de Coralie Fargeat<\/span><\/span><\/li>\n<\/ul>\n<p>\u00a0<\/p>\n<p><span><span><strong><span>D\u2019autres Jurys, d\u2019autres prix :<\/span><\/strong><\/span><\/span><\/p>\n<p><span><span><strong><u>Courts m\u00e9trages\u00a0:<\/u><\/strong><\/span><\/span><\/p>\n<p><span><span>&#8211; <strong>Palme d&rsquo;Or du Court M\u00e9trage<\/strong> : <em>THE MAN WHO COULD NOT REMAIN SILENT<\/em> de Neboj\u0161a Slijep\u010devi\u0107<\/span><\/span><\/p>\n<p><span><span>&#8211; <strong>Mention Sp\u00e9ciale du Court M\u00e9trage<\/strong> : <em>BAD FOR A MOMENT<\/em> de Daniel Soares<\/span><\/span><\/p>\n<p><a href=\"https:\/\/www.webdo.tn\/fr\/actualite\/culture\/cannes-2024-palmares-un-certain-regard\/214365\"><span><span><strong><u>Un Certain Regard<\/u><\/strong><\/span><\/span><\/a><\/p>\n<ul>\n<li><span><span><strong>Prix Un Certain Regard<\/strong>\u00a0: <em>BLACK DOG<\/em> de Guan Hu<\/span><\/span><\/li>\n<li><span><span><strong>Prix du Jury<\/strong>\u00a0:L&rsquo;HISTOIRE DE SOULEYMANE de Boris Lojkine<\/span><\/span><\/li>\n<li><span><span><strong>Prix de la Mise en Sc\u00e8ne ex aequo<\/strong>\u00a0: ROBERTO MINERVINI pour <em>Les Damn\u00e9s<\/em> et RUNGANO NYONI pour On Becoming a Guinea Fowl<\/span><\/span><\/li>\n<li><span><span><strong>Prix d&rsquo;Interpr\u00e9tation F\u00e9minine<\/strong>\u00a0: ANASUYA SENGUPTA \u00a0dans <em>The Shameless<\/em><\/span><\/span><\/li>\n<li><span><span><strong>Prix d&rsquo;Interpr\u00e9tation Masculine<\/strong>\u00a0: ABOU SANGAR\u00c9 dans <em>L\u2019Histoire de Souleymane<\/em><\/span><\/span><\/li>\n<li><span><span><strong>Prix de la Jeunesse<\/strong>\u00a0: <em>VINGT DIEUX<\/em> de Louise Courvoisier (1er film)<\/span><\/span><\/li>\n<li><span><span><strong>Mention sp\u00e9ciale<\/strong>\u00a0: <em>NORAH\u00a0<\/em>de Tawfik Alzaidi (1er film)<\/span><\/span><\/li>\n<\/ul>\n<p><span><span><strong><u>Cam\u00e9ra d&rsquo;or<\/u><\/strong><\/span><\/span><\/p>\n<ul>\n<li><span><span><em>ARMAND <\/em>de Halfdan Ullmann T\u00f8ndel (Un Certain Regard)<\/span><\/span><\/li>\n<li><span><span>Mention Sp\u00e9ciale\u00a0:<em> MONGREL<\/em> de Wei Liang Chiang &amp; You Qiao Yin<\/span><\/span><\/li>\n<\/ul>\n<p><span><span><strong><u>La Cinef<\/u><\/strong><\/span><\/span><\/p>\n<ul>\n<li><span><span>Premier prix <em>SUNFLOWERS WERE THE FIRST ONES TO KNOW<\/em>\u2026\u00a0de Chidananda S Naik<\/span><\/span><\/li>\n<li><span><span>Deuxi\u00e8me prix ex \u00e6quo\u00a0: <em>OUT THE WINDOW THROUGH THE WALL<\/em> de Asya Segalovich et <em>THE CHAOS SHE LEFT BEHIND<\/em> de Nikos Kolioukos<\/span><\/span><\/li>\n<li><span><span>Troisi\u00e8me prix\u00a0: <em>BUNNYHOOD<\/em> de Mansi Maheshwari<\/span><\/span><\/li>\n<\/ul>\n<p><span><span><strong><u>Commission Sup\u00e9rieure Technique<\/u><\/strong><\/span><\/span><\/p>\n<p><span><span>Le jury 2024 du PRIX CST de l\u2019Artiste-Technicien d\u00e9cerne le prix \u00e0 Daria d&rsquo;Antonio, Cheffe op\u00e9ratrice image de\u00a0<em>Parthenope<\/em>, de Paolo Sorrentino. Les images de Daria d&rsquo;Antonio offrent \u00e0\u00a0<em>Parthenope<\/em>\u00a0une cin\u00e9matographie parfaite avec gr\u00e2ce et beaut\u00e9.<\/span><\/span><\/p>\n<p><span><span>Le jury 2024 du PRIX CST de la Jeune Technicienne est fier de d\u00e9cerner cette ann\u00e9e le prix \u00e0 Evgenia Alexandrova, cheffe op\u00e9ratrice du film\u00a0<em>Les Femmes au Balcon\u00a0<\/em>de No\u00e9mie Merlant pour la qualit\u00e9 de sa photographie aux couleurs satur\u00e9es et sa direction de lumi\u00e8re affirm\u00e9e qui nous transporte de la com\u00e9die au film de genre.\u00a0<\/span><\/span><\/p>\n<p>\u00a0<\/p>\n<p><span><span>Ce 77\u00e8me Festival de Cannes, malgr\u00e9 les controverses, restera dans les m\u00e9moires pour ses moments de cin\u00e9ma exceptionnels et les d\u00e9bats passionn\u00e9s qu\u2019il a suscit\u00e9s. Les discours \u00e9mouvants et les prises de position des laur\u00e9ats ont soulign\u00e9 l&rsquo;importance du cin\u00e9ma comme vecteur de messages sociaux et politiques puissants, confirmant une fois de plus le r\u00f4le essentiel de Cannes dans l&rsquo;industrie cin\u00e9matographique mondiale.<\/span><\/span><\/p>\n<p><span><span><strong><span>Ne\u00efla Driss<\/span><\/strong><\/span><\/span><\/p>\n<p><img decoding=\"async\" alt=\"\" height=\"320\" src=\"\/assets\/uploads\/images\/\/Neila\/CANNES%202024_SIGNATURES_WEB_800X160_1.jpeg\" width=\"1600\"><\/p>\n<p>\u00a0<\/p>\n<\/p><\/div>\n<div class=\"coprs\" style=\"text-align: center\"><\/div><\/div>\n","protected":false},"excerpt":{"rendered":"<p>Cannes 2024 &#8211; La c\u00e9r\u00e9monie de cl\u00f4ture\u00a0entre surprises, \u00e9motions et d\u00e9ceptions<\/p>\n","protected":false},"author":3164,"featured_media":290636,"comment_status":"open","ping_status":"closed","sticky":false,"template":"","format":"standard","meta":{"footnotes":""},"categories":[2594],"tags":[4180,2627,4973,3413],"class_list":["post-214381","post","type-post","status-publish","format-standard","has-post-thumbnail","hentry","category-culture","tag-cannes-2024","tag-festival-de-cannes","tag-palmares","tag-palme-dor"],"yoast_head":"<!-- This site is optimized with the Yoast SEO Premium plugin v27.5 (Yoast SEO v27.5) - https:\/\/yoast.com\/product\/yoast-seo-premium-wordpress\/ -->\n<title>Cannes 2024 - La c\u00e9r\u00e9monie de cl\u00f4ture\u00a0entre surprises, \u00e9motions et d\u00e9ceptions<\/title>\n<meta name=\"description\" content=\"Cannes 2024 - La c\u00e9r\u00e9monie de cl\u00f4ture\u00a0entre surprises, \u00e9motions et d\u00e9ceptions\" \/>\n<link rel=\"canonical\" href=\"https:\/\/www.webdo.tn\/fr\/actualite\/culture\/cannes-2024-la-ceremonie-de-cloture-entre-surprises-emotions-et-deceptions\/214381\/\" \/>\n<meta property=\"og:locale\" content=\"fr_FR\" \/>\n<meta property=\"og:type\" content=\"article\" \/>\n<meta property=\"og:title\" content=\"Cannes 2024 - La c\u00e9r\u00e9monie de cl\u00f4ture\u00a0entre surprises, \u00e9motions et d\u00e9ceptions\" \/>\n<meta property=\"og:description\" content=\"Cannes 2024 - La c\u00e9r\u00e9monie de cl\u00f4ture\u00a0entre surprises, \u00e9motions et d\u00e9ceptions\" \/>\n<meta property=\"og:url\" content=\"https:\/\/www.webdo.tn\/fr\/actualite\/culture\/cannes-2024-la-ceremonie-de-cloture-entre-surprises-emotions-et-deceptions\/214381\/\" \/>\n<meta property=\"og:site_name\" content=\"webdo\" \/>\n<meta property=\"article:publisher\" content=\"https:\/\/www.facebook.com\/webdotn\" \/>\n<meta property=\"article:author\" content=\"https:\/\/www.facebook.com\/massir.destiniii\/\" \/>\n<meta property=\"article:published_time\" content=\"2024-05-26T10:58:00+00:00\" \/>\n<meta property=\"article:modified_time\" content=\"2025-05-21T08:57:31+00:00\" \/>\n<meta property=\"og:image\" content=\"https:\/\/www.webdo.tn\/fr\/wp-content\/uploads\/2024\/05\/40a899e9bb3129ab0c05606f74d92045.webp\" \/>\n\t<meta property=\"og:image:width\" content=\"750\" \/>\n\t<meta property=\"og:image:height\" content=\"400\" \/>\n\t<meta property=\"og:image:type\" content=\"image\/webp\" \/>\n<meta name=\"author\" content=\"Ne\u00efla DRISS\" \/>\n<meta name=\"twitter:card\" content=\"summary_large_image\" \/>\n<meta name=\"twitter:creator\" content=\"@https:\/\/x.com\/MassirDestin\" \/>\n<meta name=\"twitter:site\" content=\"@webdo_tn\" \/>\n<meta name=\"twitter:label1\" content=\"\u00c9crit par\" \/>\n\t<meta name=\"twitter:data1\" content=\"Ne\u00efla DRISS\" \/>\n\t<meta name=\"twitter:label2\" content=\"Dur\u00e9e de lecture estim\u00e9e\" \/>\n\t<meta name=\"twitter:data2\" content=\"10 minutes\" \/>\n<script type=\"application\/ld+json\" class=\"yoast-schema-graph\">{\"@context\":\"https:\\\/\\\/schema.org\",\"@graph\":[{\"@type\":\"NewsArticle\",\"@id\":\"https:\\\/\\\/www.webdo.tn\\\/fr\\\/actualite\\\/culture\\\/cannes-2024-la-ceremonie-de-cloture-entre-surprises-emotions-et-deceptions\\\/214381\\\/#article\",\"isPartOf\":{\"@id\":\"https:\\\/\\\/www.webdo.tn\\\/fr\\\/actualite\\\/culture\\\/cannes-2024-la-ceremonie-de-cloture-entre-surprises-emotions-et-deceptions\\\/214381\\\/\"},\"author\":{\"name\":\"Ne\u00efla DRISS\",\"@id\":\"https:\\\/\\\/www.webdo.tn\\\/fr\\\/#\\\/schema\\\/person\\\/60d5ba619ed3f58783b0dc82b7dada80\"},\"headline\":\"Cannes 2024 &#8211; La c\u00e9r\u00e9monie de cl\u00f4ture\u00a0entre surprises, \u00e9motions et d\u00e9ceptions\",\"datePublished\":\"2024-05-26T10:58:00+00:00\",\"dateModified\":\"2025-05-21T08:57:31+00:00\",\"mainEntityOfPage\":{\"@id\":\"https:\\\/\\\/www.webdo.tn\\\/fr\\\/actualite\\\/culture\\\/cannes-2024-la-ceremonie-de-cloture-entre-surprises-emotions-et-deceptions\\\/214381\\\/\"},\"wordCount\":2038,\"commentCount\":0,\"publisher\":{\"@id\":\"https:\\\/\\\/www.webdo.tn\\\/fr\\\/#organization\"},\"image\":{\"@id\":\"https:\\\/\\\/www.webdo.tn\\\/fr\\\/actualite\\\/culture\\\/cannes-2024-la-ceremonie-de-cloture-entre-surprises-emotions-et-deceptions\\\/214381\\\/#primaryimage\"},\"thumbnailUrl\":\"https:\\\/\\\/www.webdo.tn\\\/fr\\\/wp-content\\\/uploads\\\/2024\\\/05\\\/40a899e9bb3129ab0c05606f74d92045.webp\",\"keywords\":[\"Cannes 2024\",\"Festival de Cannes\",\"Palmar\u00e8s\",\"Palme d'Or\"],\"articleSection\":[\"Culture\"],\"inLanguage\":\"fr-FR\"},{\"@type\":\"WebPage\",\"@id\":\"https:\\\/\\\/www.webdo.tn\\\/fr\\\/actualite\\\/culture\\\/cannes-2024-la-ceremonie-de-cloture-entre-surprises-emotions-et-deceptions\\\/214381\\\/\",\"url\":\"https:\\\/\\\/www.webdo.tn\\\/fr\\\/actualite\\\/culture\\\/cannes-2024-la-ceremonie-de-cloture-entre-surprises-emotions-et-deceptions\\\/214381\\\/\",\"name\":\"Cannes 2024 - La c\u00e9r\u00e9monie de cl\u00f4ture\u00a0entre surprises, \u00e9motions et d\u00e9ceptions\",\"isPartOf\":{\"@id\":\"https:\\\/\\\/www.webdo.tn\\\/fr\\\/#website\"},\"primaryImageOfPage\":{\"@id\":\"https:\\\/\\\/www.webdo.tn\\\/fr\\\/actualite\\\/culture\\\/cannes-2024-la-ceremonie-de-cloture-entre-surprises-emotions-et-deceptions\\\/214381\\\/#primaryimage\"},\"image\":{\"@id\":\"https:\\\/\\\/www.webdo.tn\\\/fr\\\/actualite\\\/culture\\\/cannes-2024-la-ceremonie-de-cloture-entre-surprises-emotions-et-deceptions\\\/214381\\\/#primaryimage\"},\"thumbnailUrl\":\"https:\\\/\\\/www.webdo.tn\\\/fr\\\/wp-content\\\/uploads\\\/2024\\\/05\\\/40a899e9bb3129ab0c05606f74d92045.webp\",\"datePublished\":\"2024-05-26T10:58:00+00:00\",\"dateModified\":\"2025-05-21T08:57:31+00:00\",\"description\":\"Cannes 2024 - La c\u00e9r\u00e9monie de cl\u00f4ture\u00a0entre surprises, \u00e9motions et d\u00e9ceptions\",\"breadcrumb\":{\"@id\":\"https:\\\/\\\/www.webdo.tn\\\/fr\\\/actualite\\\/culture\\\/cannes-2024-la-ceremonie-de-cloture-entre-surprises-emotions-et-deceptions\\\/214381\\\/#breadcrumb\"},\"inLanguage\":\"fr-FR\",\"potentialAction\":[{\"@type\":\"ReadAction\",\"target\":[\"https:\\\/\\\/www.webdo.tn\\\/fr\\\/actualite\\\/culture\\\/cannes-2024-la-ceremonie-de-cloture-entre-surprises-emotions-et-deceptions\\\/214381\\\/\"]}]},{\"@type\":\"ImageObject\",\"inLanguage\":\"fr-FR\",\"@id\":\"https:\\\/\\\/www.webdo.tn\\\/fr\\\/actualite\\\/culture\\\/cannes-2024-la-ceremonie-de-cloture-entre-surprises-emotions-et-deceptions\\\/214381\\\/#primaryimage\",\"url\":\"https:\\\/\\\/www.webdo.tn\\\/fr\\\/wp-content\\\/uploads\\\/2024\\\/05\\\/40a899e9bb3129ab0c05606f74d92045.webp\",\"contentUrl\":\"https:\\\/\\\/www.webdo.tn\\\/fr\\\/wp-content\\\/uploads\\\/2024\\\/05\\\/40a899e9bb3129ab0c05606f74d92045.webp\",\"width\":750,\"height\":400,\"caption\":\"Cannes 2024 - La c\u00e9r\u00e9monie de cl\u00f4ture\u00a0entre surprises, \u00e9motions et d\u00e9ceptions\"},{\"@type\":\"BreadcrumbList\",\"@id\":\"https:\\\/\\\/www.webdo.tn\\\/fr\\\/actualite\\\/culture\\\/cannes-2024-la-ceremonie-de-cloture-entre-surprises-emotions-et-deceptions\\\/214381\\\/#breadcrumb\",\"itemListElement\":[{\"@type\":\"ListItem\",\"position\":1,\"name\":\"Accueil\",\"item\":\"https:\\\/\\\/www.webdo.tn\\\/fr\\\/\"},{\"@type\":\"ListItem\",\"position\":2,\"name\":\"Cannes 2024 &#8211; La c\u00e9r\u00e9monie de cl\u00f4ture\u00a0entre surprises, \u00e9motions et d\u00e9ceptions\"}]},{\"@type\":\"WebSite\",\"@id\":\"https:\\\/\\\/www.webdo.tn\\\/fr\\\/#website\",\"url\":\"https:\\\/\\\/www.webdo.tn\\\/fr\\\/\",\"name\":\"webdo\",\"description\":\"Tunisie - News en Tunisie et \u00e0 l&#039;international sur Webdo.tn\",\"publisher\":{\"@id\":\"https:\\\/\\\/www.webdo.tn\\\/fr\\\/#organization\"},\"potentialAction\":[{\"@type\":\"SearchAction\",\"target\":{\"@type\":\"EntryPoint\",\"urlTemplate\":\"https:\\\/\\\/www.webdo.tn\\\/fr\\\/?s={search_term_string}\"},\"query-input\":{\"@type\":\"PropertyValueSpecification\",\"valueRequired\":true,\"valueName\":\"search_term_string\"}}],\"inLanguage\":\"fr-FR\"},{\"@type\":\"Organization\",\"@id\":\"https:\\\/\\\/www.webdo.tn\\\/fr\\\/#organization\",\"name\":\"Webdo\",\"alternateName\":\"Webdo.tn\",\"url\":\"https:\\\/\\\/www.webdo.tn\\\/fr\\\/\",\"logo\":{\"@type\":\"ImageObject\",\"inLanguage\":\"fr-FR\",\"@id\":\"https:\\\/\\\/www.webdo.tn\\\/fr\\\/#\\\/schema\\\/logo\\\/image\\\/\",\"url\":\"https:\\\/\\\/www.webdo.tn\\\/fr\\\/wp-content\\\/uploads\\\/2025\\\/06\\\/Webdo-Tunisie_168377.jpg\",\"contentUrl\":\"https:\\\/\\\/www.webdo.tn\\\/fr\\\/wp-content\\\/uploads\\\/2025\\\/06\\\/Webdo-Tunisie_168377.jpg\",\"width\":301,\"height\":301,\"caption\":\"Webdo\"},\"image\":{\"@id\":\"https:\\\/\\\/www.webdo.tn\\\/fr\\\/#\\\/schema\\\/logo\\\/image\\\/\"},\"sameAs\":[\"https:\\\/\\\/www.facebook.com\\\/webdotn\",\"https:\\\/\\\/x.com\\\/webdo_tn\"],\"description\":\"Webdo est un m\u00e9dia num\u00e9rique tunisien fond\u00e9 en 2010, sp\u00e9cialis\u00e9 dans l\u2019actualit\u00e9 nationale et internationale, l\u2019\u00e9conomie, la soci\u00e9t\u00e9 et les analyses politiques. Le site s\u2019adresse \u00e0 un large public francophone et couvre l\u2019information tunisienne en temps r\u00e9el.\",\"email\":\"redac@webdo.tn\",\"legalName\":\"YNJ SARL\",\"foundingDate\":\"2010-09-06\",\"numberOfEmployees\":{\"@type\":\"QuantitativeValue\",\"minValue\":\"11\",\"maxValue\":\"50\"}},{\"@type\":\"Person\",\"@id\":\"https:\\\/\\\/www.webdo.tn\\\/fr\\\/#\\\/schema\\\/person\\\/60d5ba619ed3f58783b0dc82b7dada80\",\"name\":\"Ne\u00efla DRISS\",\"image\":{\"@type\":\"ImageObject\",\"inLanguage\":\"fr-FR\",\"@id\":\"https:\\\/\\\/www.webdo.tn\\\/fr\\\/wp-content\\\/uploads\\\/2026\\\/04\\\/neila-driss_avatar-96x96.jpg\",\"url\":\"https:\\\/\\\/www.webdo.tn\\\/fr\\\/wp-content\\\/uploads\\\/2026\\\/04\\\/neila-driss_avatar-96x96.jpg\",\"contentUrl\":\"https:\\\/\\\/www.webdo.tn\\\/fr\\\/wp-content\\\/uploads\\\/2026\\\/04\\\/neila-driss_avatar-96x96.jpg\",\"caption\":\"Ne\u00efla DRISS\"},\"description\":\"Ne\u00efla Driss est juriste, journaliste culturelle et critique de cin\u00e9ma tunisienne. Titulaire d\u2019un DEA en droit priv\u00e9 de l\u2019Universit\u00e9 Paris II et d\u2019un DESS de l\u2019IHEC Carthage, elle d\u00e9bute sa carri\u00e8re comme juriste sp\u00e9cialis\u00e9e en gestion de patrimoine immobilier. Elle s\u2019oriente ensuite vers l\u2019\u00e9criture en ligne, o\u00f9 elle se distingue d\u00e8s 2006 aux Tunisia Blog Awards, avant de se consacrer au journalisme culturel, avec une sp\u00e9cialisation dans la critique cin\u00e9matographique. Elle couvre r\u00e9guli\u00e8rement les grands festivals internationaux, notamment le Festival de Cannes, les Journ\u00e9es Cin\u00e9matographiques de Carthage et le Festival du film du Caire. Membre de l\u2019ATPCC et de la FIPRESCI, elle participe \u00e0 des jurys et initiatives internationales de critique. Depuis 2024, elle est \u00e9lectrice internationale aux Golden Globes. Facebook : https:\\\/\\\/www.facebook.com\\\/massir.destiniii\\\/ X : https:\\\/\\\/x.com\\\/MassirDestin\",\"sameAs\":[\"https:\\\/\\\/www.facebook.com\\\/massir.destiniii\\\/\",\"https:\\\/\\\/www.instagram.com\\\/neila.driss\\\/?hl=fr\",\"https:\\\/\\\/www.linkedin.com\\\/in\\\/neila-driss-22606a80\\\/\",\"https:\\\/\\\/x.com\\\/https:\\\/\\\/x.com\\\/MassirDestin\"],\"knowsAbout\":[\"Cin\u00e9ma international\",\"critique cin\u00e9matographique\",\"festivals de cin\u00e9ma\",\"journalisme culturel\"],\"knowsLanguage\":[\"Fran\u00e7ais\",\"Arabe\",\"Anglais\"],\"jobTitle\":\"Journaliste culturelle et critique de cin\u00e9ma\",\"worksFor\":\"Webdo\",\"url\":\"https:\\\/\\\/www.webdo.tn\\\/fr\\\/actualite\\\/author\\\/neila-driss\\\/\"}]}<\/script>\n<!-- \/ Yoast SEO Premium plugin. -->","yoast_head_json":{"title":"Cannes 2024 - La c\u00e9r\u00e9monie de cl\u00f4ture\u00a0entre surprises, \u00e9motions et d\u00e9ceptions","description":"Cannes 2024 - La c\u00e9r\u00e9monie de cl\u00f4ture\u00a0entre surprises, \u00e9motions et d\u00e9ceptions","canonical":"https:\/\/www.webdo.tn\/fr\/actualite\/culture\/cannes-2024-la-ceremonie-de-cloture-entre-surprises-emotions-et-deceptions\/214381\/","og_locale":"fr_FR","og_type":"article","og_title":"Cannes 2024 - La c\u00e9r\u00e9monie de cl\u00f4ture\u00a0entre surprises, \u00e9motions et d\u00e9ceptions","og_description":"Cannes 2024 - La c\u00e9r\u00e9monie de cl\u00f4ture\u00a0entre surprises, \u00e9motions et d\u00e9ceptions","og_url":"https:\/\/www.webdo.tn\/fr\/actualite\/culture\/cannes-2024-la-ceremonie-de-cloture-entre-surprises-emotions-et-deceptions\/214381\/","og_site_name":"webdo","article_publisher":"https:\/\/www.facebook.com\/webdotn","article_author":"https:\/\/www.facebook.com\/massir.destiniii\/","article_published_time":"2024-05-26T10:58:00+00:00","article_modified_time":"2025-05-21T08:57:31+00:00","og_image":[{"width":750,"height":400,"url":"https:\/\/www.webdo.tn\/fr\/wp-content\/uploads\/2024\/05\/40a899e9bb3129ab0c05606f74d92045.webp","type":"image\/webp"}],"author":"Ne\u00efla DRISS","twitter_card":"summary_large_image","twitter_creator":"@https:\/\/x.com\/MassirDestin","twitter_site":"@webdo_tn","twitter_misc":{"\u00c9crit par":"Ne\u00efla DRISS","Dur\u00e9e de lecture estim\u00e9e":"10 minutes"},"schema":{"@context":"https:\/\/schema.org","@graph":[{"@type":"NewsArticle","@id":"https:\/\/www.webdo.tn\/fr\/actualite\/culture\/cannes-2024-la-ceremonie-de-cloture-entre-surprises-emotions-et-deceptions\/214381\/#article","isPartOf":{"@id":"https:\/\/www.webdo.tn\/fr\/actualite\/culture\/cannes-2024-la-ceremonie-de-cloture-entre-surprises-emotions-et-deceptions\/214381\/"},"author":{"name":"Ne\u00efla DRISS","@id":"https:\/\/www.webdo.tn\/fr\/#\/schema\/person\/60d5ba619ed3f58783b0dc82b7dada80"},"headline":"Cannes 2024 &#8211; La c\u00e9r\u00e9monie de cl\u00f4ture\u00a0entre surprises, \u00e9motions et d\u00e9ceptions","datePublished":"2024-05-26T10:58:00+00:00","dateModified":"2025-05-21T08:57:31+00:00","mainEntityOfPage":{"@id":"https:\/\/www.webdo.tn\/fr\/actualite\/culture\/cannes-2024-la-ceremonie-de-cloture-entre-surprises-emotions-et-deceptions\/214381\/"},"wordCount":2038,"commentCount":0,"publisher":{"@id":"https:\/\/www.webdo.tn\/fr\/#organization"},"image":{"@id":"https:\/\/www.webdo.tn\/fr\/actualite\/culture\/cannes-2024-la-ceremonie-de-cloture-entre-surprises-emotions-et-deceptions\/214381\/#primaryimage"},"thumbnailUrl":"https:\/\/www.webdo.tn\/fr\/wp-content\/uploads\/2024\/05\/40a899e9bb3129ab0c05606f74d92045.webp","keywords":["Cannes 2024","Festival de Cannes","Palmar\u00e8s","Palme d'Or"],"articleSection":["Culture"],"inLanguage":"fr-FR"},{"@type":"WebPage","@id":"https:\/\/www.webdo.tn\/fr\/actualite\/culture\/cannes-2024-la-ceremonie-de-cloture-entre-surprises-emotions-et-deceptions\/214381\/","url":"https:\/\/www.webdo.tn\/fr\/actualite\/culture\/cannes-2024-la-ceremonie-de-cloture-entre-surprises-emotions-et-deceptions\/214381\/","name":"Cannes 2024 - La c\u00e9r\u00e9monie de cl\u00f4ture\u00a0entre surprises, \u00e9motions et d\u00e9ceptions","isPartOf":{"@id":"https:\/\/www.webdo.tn\/fr\/#website"},"primaryImageOfPage":{"@id":"https:\/\/www.webdo.tn\/fr\/actualite\/culture\/cannes-2024-la-ceremonie-de-cloture-entre-surprises-emotions-et-deceptions\/214381\/#primaryimage"},"image":{"@id":"https:\/\/www.webdo.tn\/fr\/actualite\/culture\/cannes-2024-la-ceremonie-de-cloture-entre-surprises-emotions-et-deceptions\/214381\/#primaryimage"},"thumbnailUrl":"https:\/\/www.webdo.tn\/fr\/wp-content\/uploads\/2024\/05\/40a899e9bb3129ab0c05606f74d92045.webp","datePublished":"2024-05-26T10:58:00+00:00","dateModified":"2025-05-21T08:57:31+00:00","description":"Cannes 2024 - La c\u00e9r\u00e9monie de cl\u00f4ture\u00a0entre surprises, \u00e9motions et d\u00e9ceptions","breadcrumb":{"@id":"https:\/\/www.webdo.tn\/fr\/actualite\/culture\/cannes-2024-la-ceremonie-de-cloture-entre-surprises-emotions-et-deceptions\/214381\/#breadcrumb"},"inLanguage":"fr-FR","potentialAction":[{"@type":"ReadAction","target":["https:\/\/www.webdo.tn\/fr\/actualite\/culture\/cannes-2024-la-ceremonie-de-cloture-entre-surprises-emotions-et-deceptions\/214381\/"]}]},{"@type":"ImageObject","inLanguage":"fr-FR","@id":"https:\/\/www.webdo.tn\/fr\/actualite\/culture\/cannes-2024-la-ceremonie-de-cloture-entre-surprises-emotions-et-deceptions\/214381\/#primaryimage","url":"https:\/\/www.webdo.tn\/fr\/wp-content\/uploads\/2024\/05\/40a899e9bb3129ab0c05606f74d92045.webp","contentUrl":"https:\/\/www.webdo.tn\/fr\/wp-content\/uploads\/2024\/05\/40a899e9bb3129ab0c05606f74d92045.webp","width":750,"height":400,"caption":"Cannes 2024 - La c\u00e9r\u00e9monie de cl\u00f4ture\u00a0entre surprises, \u00e9motions et d\u00e9ceptions"},{"@type":"BreadcrumbList","@id":"https:\/\/www.webdo.tn\/fr\/actualite\/culture\/cannes-2024-la-ceremonie-de-cloture-entre-surprises-emotions-et-deceptions\/214381\/#breadcrumb","itemListElement":[{"@type":"ListItem","position":1,"name":"Accueil","item":"https:\/\/www.webdo.tn\/fr\/"},{"@type":"ListItem","position":2,"name":"Cannes 2024 &#8211; La c\u00e9r\u00e9monie de cl\u00f4ture\u00a0entre surprises, \u00e9motions et d\u00e9ceptions"}]},{"@type":"WebSite","@id":"https:\/\/www.webdo.tn\/fr\/#website","url":"https:\/\/www.webdo.tn\/fr\/","name":"webdo","description":"Tunisie - News en Tunisie et \u00e0 l&#039;international sur Webdo.tn","publisher":{"@id":"https:\/\/www.webdo.tn\/fr\/#organization"},"potentialAction":[{"@type":"SearchAction","target":{"@type":"EntryPoint","urlTemplate":"https:\/\/www.webdo.tn\/fr\/?s={search_term_string}"},"query-input":{"@type":"PropertyValueSpecification","valueRequired":true,"valueName":"search_term_string"}}],"inLanguage":"fr-FR"},{"@type":"Organization","@id":"https:\/\/www.webdo.tn\/fr\/#organization","name":"Webdo","alternateName":"Webdo.tn","url":"https:\/\/www.webdo.tn\/fr\/","logo":{"@type":"ImageObject","inLanguage":"fr-FR","@id":"https:\/\/www.webdo.tn\/fr\/#\/schema\/logo\/image\/","url":"https:\/\/www.webdo.tn\/fr\/wp-content\/uploads\/2025\/06\/Webdo-Tunisie_168377.jpg","contentUrl":"https:\/\/www.webdo.tn\/fr\/wp-content\/uploads\/2025\/06\/Webdo-Tunisie_168377.jpg","width":301,"height":301,"caption":"Webdo"},"image":{"@id":"https:\/\/www.webdo.tn\/fr\/#\/schema\/logo\/image\/"},"sameAs":["https:\/\/www.facebook.com\/webdotn","https:\/\/x.com\/webdo_tn"],"description":"Webdo est un m\u00e9dia num\u00e9rique tunisien fond\u00e9 en 2010, sp\u00e9cialis\u00e9 dans l\u2019actualit\u00e9 nationale et internationale, l\u2019\u00e9conomie, la soci\u00e9t\u00e9 et les analyses politiques. Le site s\u2019adresse \u00e0 un large public francophone et couvre l\u2019information tunisienne en temps r\u00e9el.","email":"redac@webdo.tn","legalName":"YNJ SARL","foundingDate":"2010-09-06","numberOfEmployees":{"@type":"QuantitativeValue","minValue":"11","maxValue":"50"}},{"@type":"Person","@id":"https:\/\/www.webdo.tn\/fr\/#\/schema\/person\/60d5ba619ed3f58783b0dc82b7dada80","name":"Ne\u00efla DRISS","image":{"@type":"ImageObject","inLanguage":"fr-FR","@id":"https:\/\/www.webdo.tn\/fr\/wp-content\/uploads\/2026\/04\/neila-driss_avatar-96x96.jpg","url":"https:\/\/www.webdo.tn\/fr\/wp-content\/uploads\/2026\/04\/neila-driss_avatar-96x96.jpg","contentUrl":"https:\/\/www.webdo.tn\/fr\/wp-content\/uploads\/2026\/04\/neila-driss_avatar-96x96.jpg","caption":"Ne\u00efla DRISS"},"description":"Ne\u00efla Driss est juriste, journaliste culturelle et critique de cin\u00e9ma tunisienne. Titulaire d\u2019un DEA en droit priv\u00e9 de l\u2019Universit\u00e9 Paris II et d\u2019un DESS de l\u2019IHEC Carthage, elle d\u00e9bute sa carri\u00e8re comme juriste sp\u00e9cialis\u00e9e en gestion de patrimoine immobilier. Elle s\u2019oriente ensuite vers l\u2019\u00e9criture en ligne, o\u00f9 elle se distingue d\u00e8s 2006 aux Tunisia Blog Awards, avant de se consacrer au journalisme culturel, avec une sp\u00e9cialisation dans la critique cin\u00e9matographique. Elle couvre r\u00e9guli\u00e8rement les grands festivals internationaux, notamment le Festival de Cannes, les Journ\u00e9es Cin\u00e9matographiques de Carthage et le Festival du film du Caire. Membre de l\u2019ATPCC et de la FIPRESCI, elle participe \u00e0 des jurys et initiatives internationales de critique. Depuis 2024, elle est \u00e9lectrice internationale aux Golden Globes. Facebook : https:\/\/www.facebook.com\/massir.destiniii\/ X : https:\/\/x.com\/MassirDestin","sameAs":["https:\/\/www.facebook.com\/massir.destiniii\/","https:\/\/www.instagram.com\/neila.driss\/?hl=fr","https:\/\/www.linkedin.com\/in\/neila-driss-22606a80\/","https:\/\/x.com\/https:\/\/x.com\/MassirDestin"],"knowsAbout":["Cin\u00e9ma international","critique cin\u00e9matographique","festivals de cin\u00e9ma","journalisme culturel"],"knowsLanguage":["Fran\u00e7ais","Arabe","Anglais"],"jobTitle":"Journaliste culturelle et critique de cin\u00e9ma","worksFor":"Webdo","url":"https:\/\/www.webdo.tn\/fr\/actualite\/author\/neila-driss\/"}]}},"_links":{"self":[{"href":"https:\/\/www.webdo.tn\/fr\/wp-json\/wp\/v2\/posts\/214381","targetHints":{"allow":["GET"]}}],"collection":[{"href":"https:\/\/www.webdo.tn\/fr\/wp-json\/wp\/v2\/posts"}],"about":[{"href":"https:\/\/www.webdo.tn\/fr\/wp-json\/wp\/v2\/types\/post"}],"author":[{"embeddable":true,"href":"https:\/\/www.webdo.tn\/fr\/wp-json\/wp\/v2\/users\/3164"}],"replies":[{"embeddable":true,"href":"https:\/\/www.webdo.tn\/fr\/wp-json\/wp\/v2\/comments?post=214381"}],"version-history":[{"count":0,"href":"https:\/\/www.webdo.tn\/fr\/wp-json\/wp\/v2\/posts\/214381\/revisions"}],"wp:featuredmedia":[{"embeddable":true,"href":"https:\/\/www.webdo.tn\/fr\/wp-json\/wp\/v2\/media\/290636"}],"wp:attachment":[{"href":"https:\/\/www.webdo.tn\/fr\/wp-json\/wp\/v2\/media?parent=214381"}],"wp:term":[{"taxonomy":"category","embeddable":true,"href":"https:\/\/www.webdo.tn\/fr\/wp-json\/wp\/v2\/categories?post=214381"},{"taxonomy":"post_tag","embeddable":true,"href":"https:\/\/www.webdo.tn\/fr\/wp-json\/wp\/v2\/tags?post=214381"}],"curies":[{"name":"wp","href":"https:\/\/api.w.org\/{rel}","templated":true}]}}