{"id":214370,"date":"2024-05-25T10:42:00","date_gmt":"2024-05-25T10:42:00","guid":{"rendered":"https:\/\/www.webdo.tn\/fr\/blog\/elle-est-poursuivie-pour-falsification-l-audition-de-sihem-ben-sedrine-reportee\/214370\/"},"modified":"2025-05-21T09:11:03","modified_gmt":"2025-05-21T09:11:03","slug":"elle-est-poursuivie-pour-falsification-l-audition-de-sihem-ben-sedrine-reportee","status":"publish","type":"post","link":"https:\/\/www.webdo.tn\/fr\/actualite\/national\/elle-est-poursuivie-pour-falsification-l-audition-de-sihem-ben-sedrine-reportee\/214370\/","title":{"rendered":"Elle est poursuivie pour \u00ab\u00a0falsification\u00a0\u00bb : L\u2019audition de Sihem Bensedrine report\u00e9e"},"content":{"rendered":"<p>Sihem Bensedrine, ancienne pr\u00e9sidente de l\u2019IVD est accus\u00e9e dans six affaires et poursuivie pour falsification. Son audition pr\u00e9vue hier a \u00e9t\u00e9 report\u00e9e.<\/p>\n<p>\t\t\t\t\t\t\t\t\tLe sixi\u00e8me juge d\u2019instruction pr\u00e8s le pole judiciaire \u00e9conomique et financier a d\u00e9cid\u00e9, vendredi 24 mai, de reporter l\u2019audition de Sihem Ben Sedrine, ancienne pr\u00e9sidente de l\u2019Instance V\u00e9rit\u00e9 et Dignit\u00e9 (IVD), \u00e0 une date ult\u00e9rieure.<\/p>\n<p>Son audition entre dans le cadre d\u2019une plainte d\u00e9pos\u00e9e par une fonctionnaire de l\u2019IVD concernant \u00ab\u00a0la falsification du rapport final\u00a0\u00bb de l\u2019instance (publi\u00e9 dans le JORT en 2020), a annonc\u00e9 l\u2019avocat de Ben Sedrine, Fethi Rbii.<\/p>\n<p>Ben Sedrine est accus\u00e9 dans 6 affaires li\u00e9es \u00e0 sa mission \u00e0 la t\u00eate de l\u2019IVD. Elle est notamment, poursuivie pour \u00ab\u00a0falsification\u00a0\u00bb dans le but de se procurer des avantages d\u2019une banque\u2026\u00a0\u00bb.<\/p>\n<p>L\u2019ancienne pr\u00e9sidente de l\u2019IVD dont la mission a pris fin 20118, nie toute implication dans cette affaire et est maintenue en \u00e9tat de libert\u00e9, mais est interdite de voyager.<\/p>\n","protected":false},"excerpt":{"rendered":"<p>Sihem Bensedrine, ancienne pr\u00e9sidente de l\u2019IVD est accus\u00e9e dans six affaires et poursuivie pour falsification. Son audition pr\u00e9vue hier a \u00e9t\u00e9 report\u00e9e.<\/p>\n","protected":false},"author":3169,"featured_media":247315,"comment_status":"open","ping_status":"closed","sticky":false,"template":"","format":"standard","meta":{"footnotes":""},"categories":[44],"tags":[3043,4002,6428,2761,6429,2608],"class_list":["post-214370","post","type-post","status-publish","format-standard","has-post-thumbnail","hentry","category-national","tag-audition","tag-falsification","tag-ivd","tag-rapport","tag-sihem-bensedrine","tag-tunisie"],"yoast_head":"<!-- This site is optimized with the Yoast SEO Premium plugin v27.4 (Yoast SEO v27.5) - https:\/\/yoast.com\/product\/yoast-seo-premium-wordpress\/ -->\n<title>Elle est poursuivie pour falsification : L\u2019audition de Sihem Bensedrine report\u00e9e<\/title>\n<meta name=\"description\" content=\"Sihem Bensedrine, ancienne pr\u00e9sidente de l\u2019IVD est accus\u00e9e dans six affaires et poursuivie pour falsification. Son audition pr\u00e9vue hier a \u00e9t\u00e9 report\u00e9e.\" \/>\n<link rel=\"canonical\" href=\"https:\/\/www.webdo.tn\/fr\/actualite\/national\/elle-est-poursuivie-pour-falsification-l-audition-de-sihem-ben-sedrine-reportee\/214370\/\" \/>\n<meta property=\"og:locale\" content=\"fr_FR\" \/>\n<meta property=\"og:type\" content=\"article\" \/>\n<meta property=\"og:title\" content=\"Elle est poursuivie pour &quot;falsification&quot; : L\u2019audition de Sihem Bensedrine report\u00e9e\" \/>\n<meta property=\"og:description\" content=\"Sihem Bensedrine, ancienne pr\u00e9sidente de l\u2019IVD est accus\u00e9e dans six affaires et poursuivie pour falsification. Son audition pr\u00e9vue hier a \u00e9t\u00e9 report\u00e9e.\" \/>\n<meta property=\"og:url\" content=\"https:\/\/www.webdo.tn\/fr\/actualite\/national\/elle-est-poursuivie-pour-falsification-l-audition-de-sihem-ben-sedrine-reportee\/214370\/\" \/>\n<meta property=\"og:site_name\" content=\"webdo\" \/>\n<meta property=\"article:publisher\" content=\"https:\/\/www.facebook.com\/webdotn\" \/>\n<meta property=\"article:published_time\" content=\"2024-05-25T10:42:00+00:00\" \/>\n<meta property=\"article:modified_time\" content=\"2025-05-21T09:11:03+00:00\" \/>\n<meta property=\"og:image\" content=\"https:\/\/www.webdo.tn\/fr\/wp-content\/uploads\/2024\/05\/a037b36c68f0a176a5c8b2be891af51c.webp\" \/>\n\t<meta property=\"og:image:width\" content=\"750\" \/>\n\t<meta property=\"og:image:height\" content=\"400\" \/>\n\t<meta property=\"og:image:type\" content=\"image\/webp\" \/>\n<meta name=\"author\" content=\"Webdo\" \/>\n<meta name=\"twitter:card\" content=\"summary_large_image\" \/>\n<meta name=\"twitter:creator\" content=\"@webdo_tn\" \/>\n<meta name=\"twitter:site\" content=\"@webdo_tn\" \/>\n<meta name=\"twitter:label1\" content=\"\u00c9crit par\" \/>\n\t<meta name=\"twitter:data1\" content=\"Webdo\" \/>\n\t<meta name=\"twitter:label2\" content=\"Dur\u00e9e de lecture estim\u00e9e\" \/>\n\t<meta name=\"twitter:data2\" content=\"1 minute\" \/>\n<script type=\"application\/ld+json\" class=\"yoast-schema-graph\">{\"@context\":\"https:\\\/\\\/schema.org\",\"@graph\":[{\"@type\":\"NewsArticle\",\"@id\":\"https:\\\/\\\/www.webdo.tn\\\/fr\\\/actualite\\\/national\\\/elle-est-poursuivie-pour-falsification-l-audition-de-sihem-ben-sedrine-reportee\\\/214370\\\/#article\",\"isPartOf\":{\"@id\":\"https:\\\/\\\/www.webdo.tn\\\/fr\\\/actualite\\\/national\\\/elle-est-poursuivie-pour-falsification-l-audition-de-sihem-ben-sedrine-reportee\\\/214370\\\/\"},\"author\":{\"name\":\"Webdo\",\"@id\":\"https:\\\/\\\/www.webdo.tn\\\/fr\\\/#\\\/schema\\\/person\\\/1f4e491e0907b413d61089e8eb573acc\"},\"headline\":\"Elle est poursuivie pour \u00ab\u00a0falsification\u00a0\u00bb : L\u2019audition de Sihem Bensedrine report\u00e9e\",\"datePublished\":\"2024-05-25T10:42:00+00:00\",\"dateModified\":\"2025-05-21T09:11:03+00:00\",\"mainEntityOfPage\":{\"@id\":\"https:\\\/\\\/www.webdo.tn\\\/fr\\\/actualite\\\/national\\\/elle-est-poursuivie-pour-falsification-l-audition-de-sihem-ben-sedrine-reportee\\\/214370\\\/\"},\"wordCount\":186,\"commentCount\":0,\"publisher\":{\"@id\":\"https:\\\/\\\/www.webdo.tn\\\/fr\\\/#organization\"},\"image\":{\"@id\":\"https:\\\/\\\/www.webdo.tn\\\/fr\\\/actualite\\\/national\\\/elle-est-poursuivie-pour-falsification-l-audition-de-sihem-ben-sedrine-reportee\\\/214370\\\/#primaryimage\"},\"thumbnailUrl\":\"https:\\\/\\\/www.webdo.tn\\\/fr\\\/wp-content\\\/uploads\\\/2024\\\/05\\\/a037b36c68f0a176a5c8b2be891af51c.webp\",\"keywords\":[\"audition\",\"falsification\",\"ivd\",\"rapport\",\"sihem bensedrine\",\"Tunisie\"],\"articleSection\":[\"National\"],\"inLanguage\":\"fr-FR\"},{\"@type\":\"WebPage\",\"@id\":\"https:\\\/\\\/www.webdo.tn\\\/fr\\\/actualite\\\/national\\\/elle-est-poursuivie-pour-falsification-l-audition-de-sihem-ben-sedrine-reportee\\\/214370\\\/\",\"url\":\"https:\\\/\\\/www.webdo.tn\\\/fr\\\/actualite\\\/national\\\/elle-est-poursuivie-pour-falsification-l-audition-de-sihem-ben-sedrine-reportee\\\/214370\\\/\",\"name\":\"Elle est poursuivie pour falsification : L\u2019audition de Sihem Bensedrine report\u00e9e\",\"isPartOf\":{\"@id\":\"https:\\\/\\\/www.webdo.tn\\\/fr\\\/#website\"},\"primaryImageOfPage\":{\"@id\":\"https:\\\/\\\/www.webdo.tn\\\/fr\\\/actualite\\\/national\\\/elle-est-poursuivie-pour-falsification-l-audition-de-sihem-ben-sedrine-reportee\\\/214370\\\/#primaryimage\"},\"image\":{\"@id\":\"https:\\\/\\\/www.webdo.tn\\\/fr\\\/actualite\\\/national\\\/elle-est-poursuivie-pour-falsification-l-audition-de-sihem-ben-sedrine-reportee\\\/214370\\\/#primaryimage\"},\"thumbnailUrl\":\"https:\\\/\\\/www.webdo.tn\\\/fr\\\/wp-content\\\/uploads\\\/2024\\\/05\\\/a037b36c68f0a176a5c8b2be891af51c.webp\",\"datePublished\":\"2024-05-25T10:42:00+00:00\",\"dateModified\":\"2025-05-21T09:11:03+00:00\",\"description\":\"Sihem Bensedrine, ancienne pr\u00e9sidente de l\u2019IVD est accus\u00e9e dans six affaires et poursuivie pour falsification. Son audition pr\u00e9vue hier a \u00e9t\u00e9 report\u00e9e.\",\"breadcrumb\":{\"@id\":\"https:\\\/\\\/www.webdo.tn\\\/fr\\\/actualite\\\/national\\\/elle-est-poursuivie-pour-falsification-l-audition-de-sihem-ben-sedrine-reportee\\\/214370\\\/#breadcrumb\"},\"inLanguage\":\"fr-FR\",\"potentialAction\":[{\"@type\":\"ReadAction\",\"target\":[\"https:\\\/\\\/www.webdo.tn\\\/fr\\\/actualite\\\/national\\\/elle-est-poursuivie-pour-falsification-l-audition-de-sihem-ben-sedrine-reportee\\\/214370\\\/\"]}]},{\"@type\":\"ImageObject\",\"inLanguage\":\"fr-FR\",\"@id\":\"https:\\\/\\\/www.webdo.tn\\\/fr\\\/actualite\\\/national\\\/elle-est-poursuivie-pour-falsification-l-audition-de-sihem-ben-sedrine-reportee\\\/214370\\\/#primaryimage\",\"url\":\"https:\\\/\\\/www.webdo.tn\\\/fr\\\/wp-content\\\/uploads\\\/2024\\\/05\\\/a037b36c68f0a176a5c8b2be891af51c.webp\",\"contentUrl\":\"https:\\\/\\\/www.webdo.tn\\\/fr\\\/wp-content\\\/uploads\\\/2024\\\/05\\\/a037b36c68f0a176a5c8b2be891af51c.webp\",\"width\":750,\"height\":400,\"caption\":\"Elle est poursuivie pour \\\"falsification\\\" : L\u2019audition de Sihem Bensedrine report\u00e9e\"},{\"@type\":\"BreadcrumbList\",\"@id\":\"https:\\\/\\\/www.webdo.tn\\\/fr\\\/actualite\\\/national\\\/elle-est-poursuivie-pour-falsification-l-audition-de-sihem-ben-sedrine-reportee\\\/214370\\\/#breadcrumb\",\"itemListElement\":[{\"@type\":\"ListItem\",\"position\":1,\"name\":\"Accueil\",\"item\":\"https:\\\/\\\/www.webdo.tn\\\/fr\\\/\"},{\"@type\":\"ListItem\",\"position\":2,\"name\":\"Elle est poursuivie pour &#8220;falsification&#8221; : L\u2019audition de Sihem Bensedrine report\u00e9e\"}]},{\"@type\":\"WebSite\",\"@id\":\"https:\\\/\\\/www.webdo.tn\\\/fr\\\/#website\",\"url\":\"https:\\\/\\\/www.webdo.tn\\\/fr\\\/\",\"name\":\"webdo\",\"description\":\"Tunisie - News en Tunisie et \u00e0 l&#039;international sur Webdo.tn\",\"publisher\":{\"@id\":\"https:\\\/\\\/www.webdo.tn\\\/fr\\\/#organization\"},\"potentialAction\":[{\"@type\":\"SearchAction\",\"target\":{\"@type\":\"EntryPoint\",\"urlTemplate\":\"https:\\\/\\\/www.webdo.tn\\\/fr\\\/?s={search_term_string}\"},\"query-input\":{\"@type\":\"PropertyValueSpecification\",\"valueRequired\":true,\"valueName\":\"search_term_string\"}}],\"inLanguage\":\"fr-FR\"},{\"@type\":\"Organization\",\"@id\":\"https:\\\/\\\/www.webdo.tn\\\/fr\\\/#organization\",\"name\":\"Webdo\",\"alternateName\":\"Webdo.tn\",\"url\":\"https:\\\/\\\/www.webdo.tn\\\/fr\\\/\",\"logo\":{\"@type\":\"ImageObject\",\"inLanguage\":\"fr-FR\",\"@id\":\"https:\\\/\\\/www.webdo.tn\\\/fr\\\/#\\\/schema\\\/logo\\\/image\\\/\",\"url\":\"https:\\\/\\\/www.webdo.tn\\\/fr\\\/wp-content\\\/uploads\\\/2025\\\/06\\\/Webdo-Tunisie_168377.jpg\",\"contentUrl\":\"https:\\\/\\\/www.webdo.tn\\\/fr\\\/wp-content\\\/uploads\\\/2025\\\/06\\\/Webdo-Tunisie_168377.jpg\",\"width\":301,\"height\":301,\"caption\":\"Webdo\"},\"image\":{\"@id\":\"https:\\\/\\\/www.webdo.tn\\\/fr\\\/#\\\/schema\\\/logo\\\/image\\\/\"},\"sameAs\":[\"https:\\\/\\\/www.facebook.com\\\/webdotn\",\"https:\\\/\\\/x.com\\\/webdo_tn\"],\"description\":\"Webdo est un m\u00e9dia num\u00e9rique tunisien fond\u00e9 en 2010, sp\u00e9cialis\u00e9 dans l\u2019actualit\u00e9 nationale et internationale, l\u2019\u00e9conomie, la soci\u00e9t\u00e9 et les analyses politiques. Le site s\u2019adresse \u00e0 un large public francophone et couvre l\u2019information tunisienne en temps r\u00e9el.\",\"email\":\"redac@webdo.tn\",\"legalName\":\"YNJ SARL\",\"foundingDate\":\"2010-09-06\",\"numberOfEmployees\":{\"@type\":\"QuantitativeValue\",\"minValue\":\"11\",\"maxValue\":\"50\"}},{\"@type\":\"Person\",\"@id\":\"https:\\\/\\\/www.webdo.tn\\\/fr\\\/#\\\/schema\\\/person\\\/1f4e491e0907b413d61089e8eb573acc\",\"name\":\"Webdo\",\"image\":{\"@type\":\"ImageObject\",\"inLanguage\":\"fr-FR\",\"@id\":\"https:\\\/\\\/secure.gravatar.com\\\/avatar\\\/de97aeec1bb80978a9dbb127e47dfc88aaacb2f3c29aac907d8d3222e3495d49?s=96&d=mm&r=g\",\"url\":\"https:\\\/\\\/secure.gravatar.com\\\/avatar\\\/de97aeec1bb80978a9dbb127e47dfc88aaacb2f3c29aac907d8d3222e3495d49?s=96&d=mm&r=g\",\"contentUrl\":\"https:\\\/\\\/secure.gravatar.com\\\/avatar\\\/de97aeec1bb80978a9dbb127e47dfc88aaacb2f3c29aac907d8d3222e3495d49?s=96&d=mm&r=g\",\"caption\":\"Webdo\"},\"url\":\"https:\\\/\\\/www.webdo.tn\\\/fr\\\/actualite\\\/author\\\/webdo\\\/\"}]}<\/script>\n<!-- \/ Yoast SEO Premium plugin. -->","yoast_head_json":{"title":"Elle est poursuivie pour falsification : L\u2019audition de Sihem Bensedrine report\u00e9e","description":"Sihem Bensedrine, ancienne pr\u00e9sidente de l\u2019IVD est accus\u00e9e dans six affaires et poursuivie pour falsification. Son audition pr\u00e9vue hier a \u00e9t\u00e9 report\u00e9e.","canonical":"https:\/\/www.webdo.tn\/fr\/actualite\/national\/elle-est-poursuivie-pour-falsification-l-audition-de-sihem-ben-sedrine-reportee\/214370\/","og_locale":"fr_FR","og_type":"article","og_title":"Elle est poursuivie pour \"falsification\" : L\u2019audition de Sihem Bensedrine report\u00e9e","og_description":"Sihem Bensedrine, ancienne pr\u00e9sidente de l\u2019IVD est accus\u00e9e dans six affaires et poursuivie pour falsification. Son audition pr\u00e9vue hier a \u00e9t\u00e9 report\u00e9e.","og_url":"https:\/\/www.webdo.tn\/fr\/actualite\/national\/elle-est-poursuivie-pour-falsification-l-audition-de-sihem-ben-sedrine-reportee\/214370\/","og_site_name":"webdo","article_publisher":"https:\/\/www.facebook.com\/webdotn","article_published_time":"2024-05-25T10:42:00+00:00","article_modified_time":"2025-05-21T09:11:03+00:00","og_image":[{"width":750,"height":400,"url":"https:\/\/www.webdo.tn\/fr\/wp-content\/uploads\/2024\/05\/a037b36c68f0a176a5c8b2be891af51c.webp","type":"image\/webp"}],"author":"Webdo","twitter_card":"summary_large_image","twitter_creator":"@webdo_tn","twitter_site":"@webdo_tn","twitter_misc":{"\u00c9crit par":"Webdo","Dur\u00e9e de lecture estim\u00e9e":"1 minute"},"schema":{"@context":"https:\/\/schema.org","@graph":[{"@type":"NewsArticle","@id":"https:\/\/www.webdo.tn\/fr\/actualite\/national\/elle-est-poursuivie-pour-falsification-l-audition-de-sihem-ben-sedrine-reportee\/214370\/#article","isPartOf":{"@id":"https:\/\/www.webdo.tn\/fr\/actualite\/national\/elle-est-poursuivie-pour-falsification-l-audition-de-sihem-ben-sedrine-reportee\/214370\/"},"author":{"name":"Webdo","@id":"https:\/\/www.webdo.tn\/fr\/#\/schema\/person\/1f4e491e0907b413d61089e8eb573acc"},"headline":"Elle est poursuivie pour \u00ab\u00a0falsification\u00a0\u00bb : L\u2019audition de Sihem Bensedrine report\u00e9e","datePublished":"2024-05-25T10:42:00+00:00","dateModified":"2025-05-21T09:11:03+00:00","mainEntityOfPage":{"@id":"https:\/\/www.webdo.tn\/fr\/actualite\/national\/elle-est-poursuivie-pour-falsification-l-audition-de-sihem-ben-sedrine-reportee\/214370\/"},"wordCount":186,"commentCount":0,"publisher":{"@id":"https:\/\/www.webdo.tn\/fr\/#organization"},"image":{"@id":"https:\/\/www.webdo.tn\/fr\/actualite\/national\/elle-est-poursuivie-pour-falsification-l-audition-de-sihem-ben-sedrine-reportee\/214370\/#primaryimage"},"thumbnailUrl":"https:\/\/www.webdo.tn\/fr\/wp-content\/uploads\/2024\/05\/a037b36c68f0a176a5c8b2be891af51c.webp","keywords":["audition","falsification","ivd","rapport","sihem bensedrine","Tunisie"],"articleSection":["National"],"inLanguage":"fr-FR"},{"@type":"WebPage","@id":"https:\/\/www.webdo.tn\/fr\/actualite\/national\/elle-est-poursuivie-pour-falsification-l-audition-de-sihem-ben-sedrine-reportee\/214370\/","url":"https:\/\/www.webdo.tn\/fr\/actualite\/national\/elle-est-poursuivie-pour-falsification-l-audition-de-sihem-ben-sedrine-reportee\/214370\/","name":"Elle est poursuivie pour falsification : L\u2019audition de Sihem Bensedrine report\u00e9e","isPartOf":{"@id":"https:\/\/www.webdo.tn\/fr\/#website"},"primaryImageOfPage":{"@id":"https:\/\/www.webdo.tn\/fr\/actualite\/national\/elle-est-poursuivie-pour-falsification-l-audition-de-sihem-ben-sedrine-reportee\/214370\/#primaryimage"},"image":{"@id":"https:\/\/www.webdo.tn\/fr\/actualite\/national\/elle-est-poursuivie-pour-falsification-l-audition-de-sihem-ben-sedrine-reportee\/214370\/#primaryimage"},"thumbnailUrl":"https:\/\/www.webdo.tn\/fr\/wp-content\/uploads\/2024\/05\/a037b36c68f0a176a5c8b2be891af51c.webp","datePublished":"2024-05-25T10:42:00+00:00","dateModified":"2025-05-21T09:11:03+00:00","description":"Sihem Bensedrine, ancienne pr\u00e9sidente de l\u2019IVD est accus\u00e9e dans six affaires et poursuivie pour falsification. Son audition pr\u00e9vue hier a \u00e9t\u00e9 report\u00e9e.","breadcrumb":{"@id":"https:\/\/www.webdo.tn\/fr\/actualite\/national\/elle-est-poursuivie-pour-falsification-l-audition-de-sihem-ben-sedrine-reportee\/214370\/#breadcrumb"},"inLanguage":"fr-FR","potentialAction":[{"@type":"ReadAction","target":["https:\/\/www.webdo.tn\/fr\/actualite\/national\/elle-est-poursuivie-pour-falsification-l-audition-de-sihem-ben-sedrine-reportee\/214370\/"]}]},{"@type":"ImageObject","inLanguage":"fr-FR","@id":"https:\/\/www.webdo.tn\/fr\/actualite\/national\/elle-est-poursuivie-pour-falsification-l-audition-de-sihem-ben-sedrine-reportee\/214370\/#primaryimage","url":"https:\/\/www.webdo.tn\/fr\/wp-content\/uploads\/2024\/05\/a037b36c68f0a176a5c8b2be891af51c.webp","contentUrl":"https:\/\/www.webdo.tn\/fr\/wp-content\/uploads\/2024\/05\/a037b36c68f0a176a5c8b2be891af51c.webp","width":750,"height":400,"caption":"Elle est poursuivie pour \"falsification\" : L\u2019audition de Sihem Bensedrine report\u00e9e"},{"@type":"BreadcrumbList","@id":"https:\/\/www.webdo.tn\/fr\/actualite\/national\/elle-est-poursuivie-pour-falsification-l-audition-de-sihem-ben-sedrine-reportee\/214370\/#breadcrumb","itemListElement":[{"@type":"ListItem","position":1,"name":"Accueil","item":"https:\/\/www.webdo.tn\/fr\/"},{"@type":"ListItem","position":2,"name":"Elle est poursuivie pour &#8220;falsification&#8221; : L\u2019audition de Sihem Bensedrine report\u00e9e"}]},{"@type":"WebSite","@id":"https:\/\/www.webdo.tn\/fr\/#website","url":"https:\/\/www.webdo.tn\/fr\/","name":"webdo","description":"Tunisie - News en Tunisie et \u00e0 l&#039;international sur Webdo.tn","publisher":{"@id":"https:\/\/www.webdo.tn\/fr\/#organization"},"potentialAction":[{"@type":"SearchAction","target":{"@type":"EntryPoint","urlTemplate":"https:\/\/www.webdo.tn\/fr\/?s={search_term_string}"},"query-input":{"@type":"PropertyValueSpecification","valueRequired":true,"valueName":"search_term_string"}}],"inLanguage":"fr-FR"},{"@type":"Organization","@id":"https:\/\/www.webdo.tn\/fr\/#organization","name":"Webdo","alternateName":"Webdo.tn","url":"https:\/\/www.webdo.tn\/fr\/","logo":{"@type":"ImageObject","inLanguage":"fr-FR","@id":"https:\/\/www.webdo.tn\/fr\/#\/schema\/logo\/image\/","url":"https:\/\/www.webdo.tn\/fr\/wp-content\/uploads\/2025\/06\/Webdo-Tunisie_168377.jpg","contentUrl":"https:\/\/www.webdo.tn\/fr\/wp-content\/uploads\/2025\/06\/Webdo-Tunisie_168377.jpg","width":301,"height":301,"caption":"Webdo"},"image":{"@id":"https:\/\/www.webdo.tn\/fr\/#\/schema\/logo\/image\/"},"sameAs":["https:\/\/www.facebook.com\/webdotn","https:\/\/x.com\/webdo_tn"],"description":"Webdo est un m\u00e9dia num\u00e9rique tunisien fond\u00e9 en 2010, sp\u00e9cialis\u00e9 dans l\u2019actualit\u00e9 nationale et internationale, l\u2019\u00e9conomie, la soci\u00e9t\u00e9 et les analyses politiques. Le site s\u2019adresse \u00e0 un large public francophone et couvre l\u2019information tunisienne en temps r\u00e9el.","email":"redac@webdo.tn","legalName":"YNJ SARL","foundingDate":"2010-09-06","numberOfEmployees":{"@type":"QuantitativeValue","minValue":"11","maxValue":"50"}},{"@type":"Person","@id":"https:\/\/www.webdo.tn\/fr\/#\/schema\/person\/1f4e491e0907b413d61089e8eb573acc","name":"Webdo","image":{"@type":"ImageObject","inLanguage":"fr-FR","@id":"https:\/\/secure.gravatar.com\/avatar\/de97aeec1bb80978a9dbb127e47dfc88aaacb2f3c29aac907d8d3222e3495d49?s=96&d=mm&r=g","url":"https:\/\/secure.gravatar.com\/avatar\/de97aeec1bb80978a9dbb127e47dfc88aaacb2f3c29aac907d8d3222e3495d49?s=96&d=mm&r=g","contentUrl":"https:\/\/secure.gravatar.com\/avatar\/de97aeec1bb80978a9dbb127e47dfc88aaacb2f3c29aac907d8d3222e3495d49?s=96&d=mm&r=g","caption":"Webdo"},"url":"https:\/\/www.webdo.tn\/fr\/actualite\/author\/webdo\/"}]}},"_links":{"self":[{"href":"https:\/\/www.webdo.tn\/fr\/wp-json\/wp\/v2\/posts\/214370","targetHints":{"allow":["GET"]}}],"collection":[{"href":"https:\/\/www.webdo.tn\/fr\/wp-json\/wp\/v2\/posts"}],"about":[{"href":"https:\/\/www.webdo.tn\/fr\/wp-json\/wp\/v2\/types\/post"}],"author":[{"embeddable":true,"href":"https:\/\/www.webdo.tn\/fr\/wp-json\/wp\/v2\/users\/3169"}],"replies":[{"embeddable":true,"href":"https:\/\/www.webdo.tn\/fr\/wp-json\/wp\/v2\/comments?post=214370"}],"version-history":[{"count":0,"href":"https:\/\/www.webdo.tn\/fr\/wp-json\/wp\/v2\/posts\/214370\/revisions"}],"wp:featuredmedia":[{"embeddable":true,"href":"https:\/\/www.webdo.tn\/fr\/wp-json\/wp\/v2\/media\/247315"}],"wp:attachment":[{"href":"https:\/\/www.webdo.tn\/fr\/wp-json\/wp\/v2\/media?parent=214370"}],"wp:term":[{"taxonomy":"category","embeddable":true,"href":"https:\/\/www.webdo.tn\/fr\/wp-json\/wp\/v2\/categories?post=214370"},{"taxonomy":"post_tag","embeddable":true,"href":"https:\/\/www.webdo.tn\/fr\/wp-json\/wp\/v2\/tags?post=214370"}],"curies":[{"name":"wp","href":"https:\/\/api.w.org\/{rel}","templated":true}]}}