{"id":214369,"date":"2024-05-25T10:18:00","date_gmt":"2024-05-25T10:18:00","guid":{"rendered":"https:\/\/www.webdo.tn\/fr\/blog\/kais-saied-parle-du-decret-54-la-liberte-d-expression-est-garantie-par-la-constitution\/214369\/"},"modified":"2025-05-21T09:11:01","modified_gmt":"2025-05-21T09:11:01","slug":"kais-saied-parle-du-decret-54-la-liberte-d-expression-est-garantie-par-la-constitution","status":"publish","type":"post","link":"https:\/\/www.webdo.tn\/fr\/actualite\/national\/kais-saied-parle-du-decret-54-la-liberte-d-expression-est-garantie-par-la-constitution\/214369\/","title":{"rendered":"Kais Saied parle du D\u00e9cret 54 : \u00ab\u00a0La libert\u00e9 d\u2019expression est garantie par la Constitution\u00a0\u00bb"},"content":{"rendered":"<p>Le pr\u00e9sident de la R\u00e9publique, Kais Saied a re\u00e7u, vendredi 24 mai 2024 au Palais de Carthage, la ministre de la Justice, Leila Jaffel pour \u00e9voquer avec elle notamment l\u2019article 24 du d\u00e9cret 54.<\/p>\n<p>\t\t\t\t\t\t\t\t\tLors de cette entrevue avec la ministre de la Justice, le pr\u00e9sident de la R\u00e9publique, Kais Saied, a indiqu\u00e9, \u00ab\u00a0qu\u2019il y a des campagnes \u00e9manant de parties proches des milieux coloniaux notamment, cherchent \u00e0 d\u00e9nigrer ce processus et ce mouvement pour la lib\u00e9ration de la patrie\u00a0\u00bb.<\/p>\n<p>Le Chef de l\u2019Etat est revenu sur la pol\u00e9mique actuelle autour du D\u00e9cret-loi 54 et notamment de l\u2019article 24.<\/p>\n<p>\u00ab\u00a0Ils \u00e9voquent chaque jour le d\u00e9cret 54 et notamment l&rsquo;article 24 (&#8230;). Je veux dire clairement qu&rsquo;on refuse l&#8217;emprisonnement de toute personne pour ses id\u00e9es ou ses opinions. La justice est la question la plus fondamentale de la vie d&rsquo;une soci\u00e9t\u00e9.<\/p>\n<p>Je n&rsquo;accepte pas qu&rsquo;une personne soit emprisonn\u00e9e pour la libert\u00e9 d&rsquo;expression qui est garantie par la Constitution\u00a0\u00bb, a-t-il dit, ajoutant que \u00ab\u00a0certaines personnes n\u2019ont pas la libert\u00e9 de pens\u00e9e, alors comment pourraient-elles avoir la libert\u00e9 de s\u2019exprimer ? Ces personnes constituent une prolongation de ces cercles coloniaux\u00a0\u00bb.<\/p>\n<p>Le pr\u00e9sident de la R\u00e9publique a assur\u00e9 \u00ab\u00a0qu\u2019aucune personne n\u2019a \u00e9t\u00e9 poursuivie jusqu\u2019\u00e0 pr\u00e9sent pour ses opinions, r\u00e9affirmant le fait \u00ab\u00a0qu\u2019il refuse les poursuites contre quiconque pour ses opinions\u00a0\u00bb.<\/p>\n<p>L&rsquo;article 24 du D\u00e9cret 54<\/p>\n<p>L\u2019article 24 du D\u00e9cret-loi n\u00b0 2022-54 du 13 septembre 2022, relatif \u00e0 la lutte contre les infractions se rapportant aux syst\u00e8mes d\u2019information et de communication, dispose :<\/p>\n<p>\u00ab\u00a0Est puni de cinq ans d\u2019emprisonnement et d\u2019une amende de cinquante mille dinars quiconque utilise sciemment des syst\u00e8mes et r\u00e9seaux d\u2019information et de communication en vue de produire, r\u00e9pandre, diffuser, ou envoyer, ou r\u00e9diger de fausses nouvelles, de fausses donn\u00e9es, des rumeurs, des documents faux ou falsifi\u00e9s ou faussement attribu\u00e9s \u00e0 autrui dans le but de porter atteinte aux droits d\u2019autrui ou porter pr\u00e9judice \u00e0 la suret\u00e9 publique ou \u00e0 la d\u00e9fense nationale ou de semer la terreur parmi la population.<\/p>\n<p>Est passible des m\u00eames peines encourues au premier alin\u00e9a toute personne qui proc\u00e8de \u00e0 l\u2019utilisation de syst\u00e8mes d\u2019information en vue de publier ou de diffuser des nouvelles ou des documents faux ou falsifi\u00e9s ou des informations contenant des donn\u00e9es \u00e0 caract\u00e8re personnel, ou attribution de donn\u00e9es infond\u00e9es visant \u00e0 diffamer les autres, de porter atteinte \u00e0 leur r\u00e9putation, de leur nuire financi\u00e8rement ou moralement, d\u2019inciter \u00e0 des agressions contre eux ou d\u2019inciter au discours de haine.<\/p>\n<p>Les peines pr\u00e9vues sont port\u00e9es au double si la personne vis\u00e9e est un agent public ou assimil\u00e9\u00a0\u00bb.<\/p>\n","protected":false},"excerpt":{"rendered":"<p>Le pr\u00e9sident de la R\u00e9publique, Kais Saied a re\u00e7u, vendredi 24 mai 2024 au Palais de Carthage, la ministre de la Justice, Leila Jaffel pour \u00e9voquer avec elle not&#8230;<\/p>\n","protected":false},"author":3169,"featured_media":247313,"comment_status":"open","ping_status":"closed","sticky":false,"template":"","format":"standard","meta":{"footnotes":""},"categories":[44],"tags":[3284,2614,5018,5473,2608],"class_list":["post-214369","post","type-post","status-publish","format-standard","has-post-thumbnail","hentry","category-national","tag-decret-54","tag-kais-saied","tag-leila-jaffel","tag-liberte-dexpression","tag-tunisie"],"yoast_head":"<!-- This site is optimized with the Yoast SEO Premium plugin v27.4 (Yoast SEO v27.5) - https:\/\/yoast.com\/product\/yoast-seo-premium-wordpress\/ -->\n<title>Kais Saied parle du D\u00e9cret 54 : La libert\u00e9 d\u2019expression est garantie par la Constitution<\/title>\n<meta name=\"description\" content=\"Le pr\u00e9sident de la R\u00e9publique, Kais Saied a re\u00e7u, vendredi 24 mai 2024 au Palais de Carthage, la ministre de la Justice, Leila Jaffel pour \u00e9voquer avec elle not...\" \/>\n<link rel=\"canonical\" href=\"https:\/\/www.webdo.tn\/fr\/actualite\/national\/kais-saied-parle-du-decret-54-la-liberte-d-expression-est-garantie-par-la-constitution\/214369\/\" \/>\n<meta property=\"og:locale\" content=\"fr_FR\" \/>\n<meta property=\"og:type\" content=\"article\" \/>\n<meta property=\"og:title\" content=\"Kais Saied parle du D\u00e9cret 54 : &quot;La libert\u00e9 d\u2019expression est garantie par la Constitution&quot;\" \/>\n<meta property=\"og:description\" content=\"Le pr\u00e9sident de la R\u00e9publique, Kais Saied a re\u00e7u, vendredi 24 mai 2024 au Palais de Carthage, la ministre de la Justice, Leila Jaffel pour \u00e9voquer avec elle not...\" \/>\n<meta property=\"og:url\" content=\"https:\/\/www.webdo.tn\/fr\/actualite\/national\/kais-saied-parle-du-decret-54-la-liberte-d-expression-est-garantie-par-la-constitution\/214369\/\" \/>\n<meta property=\"og:site_name\" content=\"webdo\" \/>\n<meta property=\"article:publisher\" content=\"https:\/\/www.facebook.com\/webdotn\" \/>\n<meta property=\"article:published_time\" content=\"2024-05-25T10:18:00+00:00\" \/>\n<meta property=\"article:modified_time\" content=\"2025-05-21T09:11:01+00:00\" \/>\n<meta property=\"og:image\" content=\"https:\/\/www.webdo.tn\/fr\/wp-content\/uploads\/2024\/05\/8f584a4398114abb01cd3d9172db8f13.webp\" \/>\n\t<meta property=\"og:image:width\" content=\"750\" \/>\n\t<meta property=\"og:image:height\" content=\"400\" \/>\n\t<meta property=\"og:image:type\" content=\"image\/webp\" \/>\n<meta name=\"author\" content=\"Webdo\" \/>\n<meta name=\"twitter:card\" content=\"summary_large_image\" \/>\n<meta name=\"twitter:creator\" content=\"@webdo_tn\" \/>\n<meta name=\"twitter:site\" content=\"@webdo_tn\" \/>\n<meta name=\"twitter:label1\" content=\"\u00c9crit par\" \/>\n\t<meta name=\"twitter:data1\" content=\"Webdo\" \/>\n\t<meta name=\"twitter:label2\" content=\"Dur\u00e9e de lecture estim\u00e9e\" \/>\n\t<meta name=\"twitter:data2\" content=\"2 minutes\" \/>\n<script type=\"application\/ld+json\" class=\"yoast-schema-graph\">{\"@context\":\"https:\\\/\\\/schema.org\",\"@graph\":[{\"@type\":\"NewsArticle\",\"@id\":\"https:\\\/\\\/www.webdo.tn\\\/fr\\\/actualite\\\/national\\\/kais-saied-parle-du-decret-54-la-liberte-d-expression-est-garantie-par-la-constitution\\\/214369\\\/#article\",\"isPartOf\":{\"@id\":\"https:\\\/\\\/www.webdo.tn\\\/fr\\\/actualite\\\/national\\\/kais-saied-parle-du-decret-54-la-liberte-d-expression-est-garantie-par-la-constitution\\\/214369\\\/\"},\"author\":{\"name\":\"Webdo\",\"@id\":\"https:\\\/\\\/www.webdo.tn\\\/fr\\\/#\\\/schema\\\/person\\\/1f4e491e0907b413d61089e8eb573acc\"},\"headline\":\"Kais Saied parle du D\u00e9cret 54 : \u00ab\u00a0La libert\u00e9 d\u2019expression est garantie par la Constitution\u00a0\u00bb\",\"datePublished\":\"2024-05-25T10:18:00+00:00\",\"dateModified\":\"2025-05-21T09:11:01+00:00\",\"mainEntityOfPage\":{\"@id\":\"https:\\\/\\\/www.webdo.tn\\\/fr\\\/actualite\\\/national\\\/kais-saied-parle-du-decret-54-la-liberte-d-expression-est-garantie-par-la-constitution\\\/214369\\\/\"},\"wordCount\":483,\"commentCount\":0,\"publisher\":{\"@id\":\"https:\\\/\\\/www.webdo.tn\\\/fr\\\/#organization\"},\"image\":{\"@id\":\"https:\\\/\\\/www.webdo.tn\\\/fr\\\/actualite\\\/national\\\/kais-saied-parle-du-decret-54-la-liberte-d-expression-est-garantie-par-la-constitution\\\/214369\\\/#primaryimage\"},\"thumbnailUrl\":\"https:\\\/\\\/www.webdo.tn\\\/fr\\\/wp-content\\\/uploads\\\/2024\\\/05\\\/8f584a4398114abb01cd3d9172db8f13.webp\",\"keywords\":[\"d\u00e9cret 54\",\"Kais Saied\",\"Leila Jaffel\",\"libert\u00e9 d'expression\",\"Tunisie\"],\"articleSection\":[\"National\"],\"inLanguage\":\"fr-FR\"},{\"@type\":\"WebPage\",\"@id\":\"https:\\\/\\\/www.webdo.tn\\\/fr\\\/actualite\\\/national\\\/kais-saied-parle-du-decret-54-la-liberte-d-expression-est-garantie-par-la-constitution\\\/214369\\\/\",\"url\":\"https:\\\/\\\/www.webdo.tn\\\/fr\\\/actualite\\\/national\\\/kais-saied-parle-du-decret-54-la-liberte-d-expression-est-garantie-par-la-constitution\\\/214369\\\/\",\"name\":\"Kais Saied parle du D\u00e9cret 54 : La libert\u00e9 d\u2019expression est garantie par la Constitution\",\"isPartOf\":{\"@id\":\"https:\\\/\\\/www.webdo.tn\\\/fr\\\/#website\"},\"primaryImageOfPage\":{\"@id\":\"https:\\\/\\\/www.webdo.tn\\\/fr\\\/actualite\\\/national\\\/kais-saied-parle-du-decret-54-la-liberte-d-expression-est-garantie-par-la-constitution\\\/214369\\\/#primaryimage\"},\"image\":{\"@id\":\"https:\\\/\\\/www.webdo.tn\\\/fr\\\/actualite\\\/national\\\/kais-saied-parle-du-decret-54-la-liberte-d-expression-est-garantie-par-la-constitution\\\/214369\\\/#primaryimage\"},\"thumbnailUrl\":\"https:\\\/\\\/www.webdo.tn\\\/fr\\\/wp-content\\\/uploads\\\/2024\\\/05\\\/8f584a4398114abb01cd3d9172db8f13.webp\",\"datePublished\":\"2024-05-25T10:18:00+00:00\",\"dateModified\":\"2025-05-21T09:11:01+00:00\",\"description\":\"Le pr\u00e9sident de la R\u00e9publique, Kais Saied a re\u00e7u, vendredi 24 mai 2024 au Palais de Carthage, la ministre de la Justice, Leila Jaffel pour \u00e9voquer avec elle not...\",\"breadcrumb\":{\"@id\":\"https:\\\/\\\/www.webdo.tn\\\/fr\\\/actualite\\\/national\\\/kais-saied-parle-du-decret-54-la-liberte-d-expression-est-garantie-par-la-constitution\\\/214369\\\/#breadcrumb\"},\"inLanguage\":\"fr-FR\",\"potentialAction\":[{\"@type\":\"ReadAction\",\"target\":[\"https:\\\/\\\/www.webdo.tn\\\/fr\\\/actualite\\\/national\\\/kais-saied-parle-du-decret-54-la-liberte-d-expression-est-garantie-par-la-constitution\\\/214369\\\/\"]}]},{\"@type\":\"ImageObject\",\"inLanguage\":\"fr-FR\",\"@id\":\"https:\\\/\\\/www.webdo.tn\\\/fr\\\/actualite\\\/national\\\/kais-saied-parle-du-decret-54-la-liberte-d-expression-est-garantie-par-la-constitution\\\/214369\\\/#primaryimage\",\"url\":\"https:\\\/\\\/www.webdo.tn\\\/fr\\\/wp-content\\\/uploads\\\/2024\\\/05\\\/8f584a4398114abb01cd3d9172db8f13.webp\",\"contentUrl\":\"https:\\\/\\\/www.webdo.tn\\\/fr\\\/wp-content\\\/uploads\\\/2024\\\/05\\\/8f584a4398114abb01cd3d9172db8f13.webp\",\"width\":750,\"height\":400,\"caption\":\"Kais Saied parle du D\u00e9cret 54 : \\\"La libert\u00e9 d\u2019expression est garantie par la Constitution\\\"\"},{\"@type\":\"BreadcrumbList\",\"@id\":\"https:\\\/\\\/www.webdo.tn\\\/fr\\\/actualite\\\/national\\\/kais-saied-parle-du-decret-54-la-liberte-d-expression-est-garantie-par-la-constitution\\\/214369\\\/#breadcrumb\",\"itemListElement\":[{\"@type\":\"ListItem\",\"position\":1,\"name\":\"Accueil\",\"item\":\"https:\\\/\\\/www.webdo.tn\\\/fr\\\/\"},{\"@type\":\"ListItem\",\"position\":2,\"name\":\"Kais Saied parle du D\u00e9cret 54 : &#8220;La libert\u00e9 d\u2019expression est garantie par la Constitution&#8221;\"}]},{\"@type\":\"WebSite\",\"@id\":\"https:\\\/\\\/www.webdo.tn\\\/fr\\\/#website\",\"url\":\"https:\\\/\\\/www.webdo.tn\\\/fr\\\/\",\"name\":\"webdo\",\"description\":\"Tunisie - News en Tunisie et \u00e0 l&#039;international sur Webdo.tn\",\"publisher\":{\"@id\":\"https:\\\/\\\/www.webdo.tn\\\/fr\\\/#organization\"},\"potentialAction\":[{\"@type\":\"SearchAction\",\"target\":{\"@type\":\"EntryPoint\",\"urlTemplate\":\"https:\\\/\\\/www.webdo.tn\\\/fr\\\/?s={search_term_string}\"},\"query-input\":{\"@type\":\"PropertyValueSpecification\",\"valueRequired\":true,\"valueName\":\"search_term_string\"}}],\"inLanguage\":\"fr-FR\"},{\"@type\":\"Organization\",\"@id\":\"https:\\\/\\\/www.webdo.tn\\\/fr\\\/#organization\",\"name\":\"Webdo\",\"alternateName\":\"Webdo.tn\",\"url\":\"https:\\\/\\\/www.webdo.tn\\\/fr\\\/\",\"logo\":{\"@type\":\"ImageObject\",\"inLanguage\":\"fr-FR\",\"@id\":\"https:\\\/\\\/www.webdo.tn\\\/fr\\\/#\\\/schema\\\/logo\\\/image\\\/\",\"url\":\"https:\\\/\\\/www.webdo.tn\\\/fr\\\/wp-content\\\/uploads\\\/2025\\\/06\\\/Webdo-Tunisie_168377.jpg\",\"contentUrl\":\"https:\\\/\\\/www.webdo.tn\\\/fr\\\/wp-content\\\/uploads\\\/2025\\\/06\\\/Webdo-Tunisie_168377.jpg\",\"width\":301,\"height\":301,\"caption\":\"Webdo\"},\"image\":{\"@id\":\"https:\\\/\\\/www.webdo.tn\\\/fr\\\/#\\\/schema\\\/logo\\\/image\\\/\"},\"sameAs\":[\"https:\\\/\\\/www.facebook.com\\\/webdotn\",\"https:\\\/\\\/x.com\\\/webdo_tn\"],\"description\":\"Webdo est un m\u00e9dia num\u00e9rique tunisien fond\u00e9 en 2010, sp\u00e9cialis\u00e9 dans l\u2019actualit\u00e9 nationale et internationale, l\u2019\u00e9conomie, la soci\u00e9t\u00e9 et les analyses politiques. Le site s\u2019adresse \u00e0 un large public francophone et couvre l\u2019information tunisienne en temps r\u00e9el.\",\"email\":\"redac@webdo.tn\",\"legalName\":\"YNJ SARL\",\"foundingDate\":\"2010-09-06\",\"numberOfEmployees\":{\"@type\":\"QuantitativeValue\",\"minValue\":\"11\",\"maxValue\":\"50\"}},{\"@type\":\"Person\",\"@id\":\"https:\\\/\\\/www.webdo.tn\\\/fr\\\/#\\\/schema\\\/person\\\/1f4e491e0907b413d61089e8eb573acc\",\"name\":\"Webdo\",\"image\":{\"@type\":\"ImageObject\",\"inLanguage\":\"fr-FR\",\"@id\":\"https:\\\/\\\/secure.gravatar.com\\\/avatar\\\/de97aeec1bb80978a9dbb127e47dfc88aaacb2f3c29aac907d8d3222e3495d49?s=96&d=mm&r=g\",\"url\":\"https:\\\/\\\/secure.gravatar.com\\\/avatar\\\/de97aeec1bb80978a9dbb127e47dfc88aaacb2f3c29aac907d8d3222e3495d49?s=96&d=mm&r=g\",\"contentUrl\":\"https:\\\/\\\/secure.gravatar.com\\\/avatar\\\/de97aeec1bb80978a9dbb127e47dfc88aaacb2f3c29aac907d8d3222e3495d49?s=96&d=mm&r=g\",\"caption\":\"Webdo\"},\"url\":\"https:\\\/\\\/www.webdo.tn\\\/fr\\\/actualite\\\/author\\\/webdo\\\/\"}]}<\/script>\n<!-- \/ Yoast SEO Premium plugin. -->","yoast_head_json":{"title":"Kais Saied parle du D\u00e9cret 54 : La libert\u00e9 d\u2019expression est garantie par la Constitution","description":"Le pr\u00e9sident de la R\u00e9publique, Kais Saied a re\u00e7u, vendredi 24 mai 2024 au Palais de Carthage, la ministre de la Justice, Leila Jaffel pour \u00e9voquer avec elle not...","canonical":"https:\/\/www.webdo.tn\/fr\/actualite\/national\/kais-saied-parle-du-decret-54-la-liberte-d-expression-est-garantie-par-la-constitution\/214369\/","og_locale":"fr_FR","og_type":"article","og_title":"Kais Saied parle du D\u00e9cret 54 : \"La libert\u00e9 d\u2019expression est garantie par la Constitution\"","og_description":"Le pr\u00e9sident de la R\u00e9publique, Kais Saied a re\u00e7u, vendredi 24 mai 2024 au Palais de Carthage, la ministre de la Justice, Leila Jaffel pour \u00e9voquer avec elle not...","og_url":"https:\/\/www.webdo.tn\/fr\/actualite\/national\/kais-saied-parle-du-decret-54-la-liberte-d-expression-est-garantie-par-la-constitution\/214369\/","og_site_name":"webdo","article_publisher":"https:\/\/www.facebook.com\/webdotn","article_published_time":"2024-05-25T10:18:00+00:00","article_modified_time":"2025-05-21T09:11:01+00:00","og_image":[{"width":750,"height":400,"url":"https:\/\/www.webdo.tn\/fr\/wp-content\/uploads\/2024\/05\/8f584a4398114abb01cd3d9172db8f13.webp","type":"image\/webp"}],"author":"Webdo","twitter_card":"summary_large_image","twitter_creator":"@webdo_tn","twitter_site":"@webdo_tn","twitter_misc":{"\u00c9crit par":"Webdo","Dur\u00e9e de lecture estim\u00e9e":"2 minutes"},"schema":{"@context":"https:\/\/schema.org","@graph":[{"@type":"NewsArticle","@id":"https:\/\/www.webdo.tn\/fr\/actualite\/national\/kais-saied-parle-du-decret-54-la-liberte-d-expression-est-garantie-par-la-constitution\/214369\/#article","isPartOf":{"@id":"https:\/\/www.webdo.tn\/fr\/actualite\/national\/kais-saied-parle-du-decret-54-la-liberte-d-expression-est-garantie-par-la-constitution\/214369\/"},"author":{"name":"Webdo","@id":"https:\/\/www.webdo.tn\/fr\/#\/schema\/person\/1f4e491e0907b413d61089e8eb573acc"},"headline":"Kais Saied parle du D\u00e9cret 54 : \u00ab\u00a0La libert\u00e9 d\u2019expression est garantie par la Constitution\u00a0\u00bb","datePublished":"2024-05-25T10:18:00+00:00","dateModified":"2025-05-21T09:11:01+00:00","mainEntityOfPage":{"@id":"https:\/\/www.webdo.tn\/fr\/actualite\/national\/kais-saied-parle-du-decret-54-la-liberte-d-expression-est-garantie-par-la-constitution\/214369\/"},"wordCount":483,"commentCount":0,"publisher":{"@id":"https:\/\/www.webdo.tn\/fr\/#organization"},"image":{"@id":"https:\/\/www.webdo.tn\/fr\/actualite\/national\/kais-saied-parle-du-decret-54-la-liberte-d-expression-est-garantie-par-la-constitution\/214369\/#primaryimage"},"thumbnailUrl":"https:\/\/www.webdo.tn\/fr\/wp-content\/uploads\/2024\/05\/8f584a4398114abb01cd3d9172db8f13.webp","keywords":["d\u00e9cret 54","Kais Saied","Leila Jaffel","libert\u00e9 d'expression","Tunisie"],"articleSection":["National"],"inLanguage":"fr-FR"},{"@type":"WebPage","@id":"https:\/\/www.webdo.tn\/fr\/actualite\/national\/kais-saied-parle-du-decret-54-la-liberte-d-expression-est-garantie-par-la-constitution\/214369\/","url":"https:\/\/www.webdo.tn\/fr\/actualite\/national\/kais-saied-parle-du-decret-54-la-liberte-d-expression-est-garantie-par-la-constitution\/214369\/","name":"Kais Saied parle du D\u00e9cret 54 : La libert\u00e9 d\u2019expression est garantie par la Constitution","isPartOf":{"@id":"https:\/\/www.webdo.tn\/fr\/#website"},"primaryImageOfPage":{"@id":"https:\/\/www.webdo.tn\/fr\/actualite\/national\/kais-saied-parle-du-decret-54-la-liberte-d-expression-est-garantie-par-la-constitution\/214369\/#primaryimage"},"image":{"@id":"https:\/\/www.webdo.tn\/fr\/actualite\/national\/kais-saied-parle-du-decret-54-la-liberte-d-expression-est-garantie-par-la-constitution\/214369\/#primaryimage"},"thumbnailUrl":"https:\/\/www.webdo.tn\/fr\/wp-content\/uploads\/2024\/05\/8f584a4398114abb01cd3d9172db8f13.webp","datePublished":"2024-05-25T10:18:00+00:00","dateModified":"2025-05-21T09:11:01+00:00","description":"Le pr\u00e9sident de la R\u00e9publique, Kais Saied a re\u00e7u, vendredi 24 mai 2024 au Palais de Carthage, la ministre de la Justice, Leila Jaffel pour \u00e9voquer avec elle not...","breadcrumb":{"@id":"https:\/\/www.webdo.tn\/fr\/actualite\/national\/kais-saied-parle-du-decret-54-la-liberte-d-expression-est-garantie-par-la-constitution\/214369\/#breadcrumb"},"inLanguage":"fr-FR","potentialAction":[{"@type":"ReadAction","target":["https:\/\/www.webdo.tn\/fr\/actualite\/national\/kais-saied-parle-du-decret-54-la-liberte-d-expression-est-garantie-par-la-constitution\/214369\/"]}]},{"@type":"ImageObject","inLanguage":"fr-FR","@id":"https:\/\/www.webdo.tn\/fr\/actualite\/national\/kais-saied-parle-du-decret-54-la-liberte-d-expression-est-garantie-par-la-constitution\/214369\/#primaryimage","url":"https:\/\/www.webdo.tn\/fr\/wp-content\/uploads\/2024\/05\/8f584a4398114abb01cd3d9172db8f13.webp","contentUrl":"https:\/\/www.webdo.tn\/fr\/wp-content\/uploads\/2024\/05\/8f584a4398114abb01cd3d9172db8f13.webp","width":750,"height":400,"caption":"Kais Saied parle du D\u00e9cret 54 : \"La libert\u00e9 d\u2019expression est garantie par la Constitution\""},{"@type":"BreadcrumbList","@id":"https:\/\/www.webdo.tn\/fr\/actualite\/national\/kais-saied-parle-du-decret-54-la-liberte-d-expression-est-garantie-par-la-constitution\/214369\/#breadcrumb","itemListElement":[{"@type":"ListItem","position":1,"name":"Accueil","item":"https:\/\/www.webdo.tn\/fr\/"},{"@type":"ListItem","position":2,"name":"Kais Saied parle du D\u00e9cret 54 : &#8220;La libert\u00e9 d\u2019expression est garantie par la Constitution&#8221;"}]},{"@type":"WebSite","@id":"https:\/\/www.webdo.tn\/fr\/#website","url":"https:\/\/www.webdo.tn\/fr\/","name":"webdo","description":"Tunisie - News en Tunisie et \u00e0 l&#039;international sur Webdo.tn","publisher":{"@id":"https:\/\/www.webdo.tn\/fr\/#organization"},"potentialAction":[{"@type":"SearchAction","target":{"@type":"EntryPoint","urlTemplate":"https:\/\/www.webdo.tn\/fr\/?s={search_term_string}"},"query-input":{"@type":"PropertyValueSpecification","valueRequired":true,"valueName":"search_term_string"}}],"inLanguage":"fr-FR"},{"@type":"Organization","@id":"https:\/\/www.webdo.tn\/fr\/#organization","name":"Webdo","alternateName":"Webdo.tn","url":"https:\/\/www.webdo.tn\/fr\/","logo":{"@type":"ImageObject","inLanguage":"fr-FR","@id":"https:\/\/www.webdo.tn\/fr\/#\/schema\/logo\/image\/","url":"https:\/\/www.webdo.tn\/fr\/wp-content\/uploads\/2025\/06\/Webdo-Tunisie_168377.jpg","contentUrl":"https:\/\/www.webdo.tn\/fr\/wp-content\/uploads\/2025\/06\/Webdo-Tunisie_168377.jpg","width":301,"height":301,"caption":"Webdo"},"image":{"@id":"https:\/\/www.webdo.tn\/fr\/#\/schema\/logo\/image\/"},"sameAs":["https:\/\/www.facebook.com\/webdotn","https:\/\/x.com\/webdo_tn"],"description":"Webdo est un m\u00e9dia num\u00e9rique tunisien fond\u00e9 en 2010, sp\u00e9cialis\u00e9 dans l\u2019actualit\u00e9 nationale et internationale, l\u2019\u00e9conomie, la soci\u00e9t\u00e9 et les analyses politiques. Le site s\u2019adresse \u00e0 un large public francophone et couvre l\u2019information tunisienne en temps r\u00e9el.","email":"redac@webdo.tn","legalName":"YNJ SARL","foundingDate":"2010-09-06","numberOfEmployees":{"@type":"QuantitativeValue","minValue":"11","maxValue":"50"}},{"@type":"Person","@id":"https:\/\/www.webdo.tn\/fr\/#\/schema\/person\/1f4e491e0907b413d61089e8eb573acc","name":"Webdo","image":{"@type":"ImageObject","inLanguage":"fr-FR","@id":"https:\/\/secure.gravatar.com\/avatar\/de97aeec1bb80978a9dbb127e47dfc88aaacb2f3c29aac907d8d3222e3495d49?s=96&d=mm&r=g","url":"https:\/\/secure.gravatar.com\/avatar\/de97aeec1bb80978a9dbb127e47dfc88aaacb2f3c29aac907d8d3222e3495d49?s=96&d=mm&r=g","contentUrl":"https:\/\/secure.gravatar.com\/avatar\/de97aeec1bb80978a9dbb127e47dfc88aaacb2f3c29aac907d8d3222e3495d49?s=96&d=mm&r=g","caption":"Webdo"},"url":"https:\/\/www.webdo.tn\/fr\/actualite\/author\/webdo\/"}]}},"_links":{"self":[{"href":"https:\/\/www.webdo.tn\/fr\/wp-json\/wp\/v2\/posts\/214369","targetHints":{"allow":["GET"]}}],"collection":[{"href":"https:\/\/www.webdo.tn\/fr\/wp-json\/wp\/v2\/posts"}],"about":[{"href":"https:\/\/www.webdo.tn\/fr\/wp-json\/wp\/v2\/types\/post"}],"author":[{"embeddable":true,"href":"https:\/\/www.webdo.tn\/fr\/wp-json\/wp\/v2\/users\/3169"}],"replies":[{"embeddable":true,"href":"https:\/\/www.webdo.tn\/fr\/wp-json\/wp\/v2\/comments?post=214369"}],"version-history":[{"count":0,"href":"https:\/\/www.webdo.tn\/fr\/wp-json\/wp\/v2\/posts\/214369\/revisions"}],"wp:featuredmedia":[{"embeddable":true,"href":"https:\/\/www.webdo.tn\/fr\/wp-json\/wp\/v2\/media\/247313"}],"wp:attachment":[{"href":"https:\/\/www.webdo.tn\/fr\/wp-json\/wp\/v2\/media?parent=214369"}],"wp:term":[{"taxonomy":"category","embeddable":true,"href":"https:\/\/www.webdo.tn\/fr\/wp-json\/wp\/v2\/categories?post=214369"},{"taxonomy":"post_tag","embeddable":true,"href":"https:\/\/www.webdo.tn\/fr\/wp-json\/wp\/v2\/tags?post=214369"}],"curies":[{"name":"wp","href":"https:\/\/api.w.org\/{rel}","templated":true}]}}