{"id":214367,"date":"2024-05-25T09:35:00","date_gmt":"2024-05-25T09:35:00","guid":{"rendered":"https:\/\/www.webdo.tn\/fr\/blog\/tunisie-marche-de-protestation-contre-le-decret-54\/214367\/"},"modified":"2025-05-21T09:11:00","modified_gmt":"2025-05-21T09:11:00","slug":"tunisie-marche-de-protestation-contre-le-decret-54","status":"publish","type":"post","link":"https:\/\/www.webdo.tn\/fr\/actualite\/national\/tunisie-marche-de-protestation-contre-le-decret-54\/214367\/","title":{"rendered":"Tunisie : Marche de protestation contre le D\u00e9cret 54"},"content":{"rendered":"<p>Une marche de protestation contre le D\u00e9cret-loi 54 s\u2019est tenue ce vendredi 24 mai 2024 \u00e0 Tunis \u00e0 laquelle ont particip\u00e9 plusieurs composantes de la soci\u00e9t\u00e9 civile dont le SNJT.<\/p>\n<p>\t\t\t\t\t\t\t\t\tUne marche de protestation contre le D\u00e9cret-loi 54, s\u2019est tenu hier \u00e0 Tunis, \u00e0 l\u2019appel de plusieurs composantes de la soci\u00e9t\u00e9 civile tunisienne. Cette marche a d\u00e9marr\u00e9 devant le si\u00e8ge du Syndicat national des journalistes tunisiens pour se diriger ensuite vers l\u2019avenue Habib Bourguiba.<\/p>\n<p>Lors de cette marche, les participants ont notamment d\u00e9nonc\u00e9 ce qu&rsquo;ils ont qualifi\u00e9 de \u00ab\u00a0restriction syst\u00e9matique de la libert\u00e9 d&rsquo;expression et des libert\u00e9s publiques\u00a0\u00bb et appel\u00e9 \u00e0 l&rsquo;annulation du D\u00e9cret-loi 54 de 2022.<\/p>\n<p>Ils ont \u00e9galement condamn\u00e9 ce qu\u2019ils ont qualifi\u00e9 de \u00ab\u00a0campagne d\u2019arrestations ciblant les militants et les journalistes\u00a0\u00bb.<\/p>\n","protected":false},"excerpt":{"rendered":"<p>Une marche de protestation contre le D\u00e9cret-loi 54, s\u2019est tenu hier \u00e0 Tunis, \u00e0 l\u2019appel de plusieurs composantes de la soci\u00e9t\u00e9 civile tunisienne. Cette marche a&#8230;<\/p>\n","protected":false},"author":3169,"featured_media":247311,"comment_status":"open","ping_status":"closed","sticky":false,"template":"","format":"standard","meta":{"footnotes":""},"categories":[44],"tags":[3284,2796,2640,2608],"class_list":["post-214367","post","type-post","status-publish","format-standard","has-post-thumbnail","hentry","category-national","tag-decret-54","tag-protestation","tag-tunis","tag-tunisie"],"yoast_head":"<!-- This site is optimized with the Yoast SEO Premium plugin v27.4 (Yoast SEO v27.5) - https:\/\/yoast.com\/product\/yoast-seo-premium-wordpress\/ -->\n<title>Tunisie : Marche de protestation contre le D\u00e9cret 54<\/title>\n<meta name=\"description\" content=\"Une marche de protestation contre le D\u00e9cret-loi 54, s\u2019est tenu hier \u00e0 Tunis, \u00e0 l\u2019appel de plusieurs composantes de la soci\u00e9t\u00e9 civile tunisienne. Cette marche a...\" \/>\n<link rel=\"canonical\" href=\"https:\/\/www.webdo.tn\/fr\/actualite\/national\/tunisie-marche-de-protestation-contre-le-decret-54\/214367\/\" \/>\n<meta property=\"og:locale\" content=\"fr_FR\" \/>\n<meta property=\"og:type\" content=\"article\" \/>\n<meta property=\"og:title\" content=\"Tunisie : Marche de protestation contre le D\u00e9cret 54\" \/>\n<meta property=\"og:description\" content=\"Une marche de protestation contre le D\u00e9cret-loi 54, s\u2019est tenu hier \u00e0 Tunis, \u00e0 l\u2019appel de plusieurs composantes de la soci\u00e9t\u00e9 civile tunisienne. Cette marche a...\" \/>\n<meta property=\"og:url\" content=\"https:\/\/www.webdo.tn\/fr\/actualite\/national\/tunisie-marche-de-protestation-contre-le-decret-54\/214367\/\" \/>\n<meta property=\"og:site_name\" content=\"webdo\" \/>\n<meta property=\"article:publisher\" content=\"https:\/\/www.facebook.com\/webdotn\" \/>\n<meta property=\"article:published_time\" content=\"2024-05-25T09:35:00+00:00\" \/>\n<meta property=\"article:modified_time\" content=\"2025-05-21T09:11:00+00:00\" \/>\n<meta property=\"og:image\" content=\"https:\/\/www.webdo.tn\/fr\/wp-content\/uploads\/2024\/05\/ccc813c15092d8ab59b33585151eb595.webp\" \/>\n\t<meta property=\"og:image:width\" content=\"493\" \/>\n\t<meta property=\"og:image:height\" content=\"263\" \/>\n\t<meta property=\"og:image:type\" content=\"image\/webp\" \/>\n<meta name=\"author\" content=\"Webdo\" \/>\n<meta name=\"twitter:card\" content=\"summary_large_image\" \/>\n<meta name=\"twitter:creator\" content=\"@webdo_tn\" \/>\n<meta name=\"twitter:site\" content=\"@webdo_tn\" \/>\n<meta name=\"twitter:label1\" content=\"\u00c9crit par\" \/>\n\t<meta name=\"twitter:data1\" content=\"Webdo\" \/>\n\t<meta name=\"twitter:label2\" content=\"Dur\u00e9e de lecture estim\u00e9e\" \/>\n\t<meta name=\"twitter:data2\" content=\"1 minute\" \/>\n<script type=\"application\/ld+json\" class=\"yoast-schema-graph\">{\"@context\":\"https:\\\/\\\/schema.org\",\"@graph\":[{\"@type\":\"NewsArticle\",\"@id\":\"https:\\\/\\\/www.webdo.tn\\\/fr\\\/actualite\\\/national\\\/tunisie-marche-de-protestation-contre-le-decret-54\\\/214367\\\/#article\",\"isPartOf\":{\"@id\":\"https:\\\/\\\/www.webdo.tn\\\/fr\\\/actualite\\\/national\\\/tunisie-marche-de-protestation-contre-le-decret-54\\\/214367\\\/\"},\"author\":{\"name\":\"Webdo\",\"@id\":\"https:\\\/\\\/www.webdo.tn\\\/fr\\\/#\\\/schema\\\/person\\\/1f4e491e0907b413d61089e8eb573acc\"},\"headline\":\"Tunisie : Marche de protestation contre le D\u00e9cret 54\",\"datePublished\":\"2024-05-25T09:35:00+00:00\",\"dateModified\":\"2025-05-21T09:11:00+00:00\",\"mainEntityOfPage\":{\"@id\":\"https:\\\/\\\/www.webdo.tn\\\/fr\\\/actualite\\\/national\\\/tunisie-marche-de-protestation-contre-le-decret-54\\\/214367\\\/\"},\"wordCount\":140,\"commentCount\":0,\"publisher\":{\"@id\":\"https:\\\/\\\/www.webdo.tn\\\/fr\\\/#organization\"},\"image\":{\"@id\":\"https:\\\/\\\/www.webdo.tn\\\/fr\\\/actualite\\\/national\\\/tunisie-marche-de-protestation-contre-le-decret-54\\\/214367\\\/#primaryimage\"},\"thumbnailUrl\":\"https:\\\/\\\/www.webdo.tn\\\/fr\\\/wp-content\\\/uploads\\\/2024\\\/05\\\/ccc813c15092d8ab59b33585151eb595.webp\",\"keywords\":[\"d\u00e9cret 54\",\"protestation\",\"Tunis\",\"Tunisie\"],\"articleSection\":[\"National\"],\"inLanguage\":\"fr-FR\"},{\"@type\":\"WebPage\",\"@id\":\"https:\\\/\\\/www.webdo.tn\\\/fr\\\/actualite\\\/national\\\/tunisie-marche-de-protestation-contre-le-decret-54\\\/214367\\\/\",\"url\":\"https:\\\/\\\/www.webdo.tn\\\/fr\\\/actualite\\\/national\\\/tunisie-marche-de-protestation-contre-le-decret-54\\\/214367\\\/\",\"name\":\"Tunisie : Marche de protestation contre le D\u00e9cret 54\",\"isPartOf\":{\"@id\":\"https:\\\/\\\/www.webdo.tn\\\/fr\\\/#website\"},\"primaryImageOfPage\":{\"@id\":\"https:\\\/\\\/www.webdo.tn\\\/fr\\\/actualite\\\/national\\\/tunisie-marche-de-protestation-contre-le-decret-54\\\/214367\\\/#primaryimage\"},\"image\":{\"@id\":\"https:\\\/\\\/www.webdo.tn\\\/fr\\\/actualite\\\/national\\\/tunisie-marche-de-protestation-contre-le-decret-54\\\/214367\\\/#primaryimage\"},\"thumbnailUrl\":\"https:\\\/\\\/www.webdo.tn\\\/fr\\\/wp-content\\\/uploads\\\/2024\\\/05\\\/ccc813c15092d8ab59b33585151eb595.webp\",\"datePublished\":\"2024-05-25T09:35:00+00:00\",\"dateModified\":\"2025-05-21T09:11:00+00:00\",\"description\":\"Une marche de protestation contre le D\u00e9cret-loi 54, s\u2019est tenu hier \u00e0 Tunis, \u00e0 l\u2019appel de plusieurs composantes de la soci\u00e9t\u00e9 civile tunisienne. Cette marche a...\",\"breadcrumb\":{\"@id\":\"https:\\\/\\\/www.webdo.tn\\\/fr\\\/actualite\\\/national\\\/tunisie-marche-de-protestation-contre-le-decret-54\\\/214367\\\/#breadcrumb\"},\"inLanguage\":\"fr-FR\",\"potentialAction\":[{\"@type\":\"ReadAction\",\"target\":[\"https:\\\/\\\/www.webdo.tn\\\/fr\\\/actualite\\\/national\\\/tunisie-marche-de-protestation-contre-le-decret-54\\\/214367\\\/\"]}]},{\"@type\":\"ImageObject\",\"inLanguage\":\"fr-FR\",\"@id\":\"https:\\\/\\\/www.webdo.tn\\\/fr\\\/actualite\\\/national\\\/tunisie-marche-de-protestation-contre-le-decret-54\\\/214367\\\/#primaryimage\",\"url\":\"https:\\\/\\\/www.webdo.tn\\\/fr\\\/wp-content\\\/uploads\\\/2024\\\/05\\\/ccc813c15092d8ab59b33585151eb595.webp\",\"contentUrl\":\"https:\\\/\\\/www.webdo.tn\\\/fr\\\/wp-content\\\/uploads\\\/2024\\\/05\\\/ccc813c15092d8ab59b33585151eb595.webp\",\"width\":493,\"height\":263,\"caption\":\"Tunisie : Marche de protestation contre le D\u00e9cret 54\"},{\"@type\":\"BreadcrumbList\",\"@id\":\"https:\\\/\\\/www.webdo.tn\\\/fr\\\/actualite\\\/national\\\/tunisie-marche-de-protestation-contre-le-decret-54\\\/214367\\\/#breadcrumb\",\"itemListElement\":[{\"@type\":\"ListItem\",\"position\":1,\"name\":\"Accueil\",\"item\":\"https:\\\/\\\/www.webdo.tn\\\/fr\\\/\"},{\"@type\":\"ListItem\",\"position\":2,\"name\":\"Tunisie : Marche de protestation contre le D\u00e9cret 54\"}]},{\"@type\":\"WebSite\",\"@id\":\"https:\\\/\\\/www.webdo.tn\\\/fr\\\/#website\",\"url\":\"https:\\\/\\\/www.webdo.tn\\\/fr\\\/\",\"name\":\"webdo\",\"description\":\"Tunisie - News en Tunisie et \u00e0 l&#039;international sur Webdo.tn\",\"publisher\":{\"@id\":\"https:\\\/\\\/www.webdo.tn\\\/fr\\\/#organization\"},\"potentialAction\":[{\"@type\":\"SearchAction\",\"target\":{\"@type\":\"EntryPoint\",\"urlTemplate\":\"https:\\\/\\\/www.webdo.tn\\\/fr\\\/?s={search_term_string}\"},\"query-input\":{\"@type\":\"PropertyValueSpecification\",\"valueRequired\":true,\"valueName\":\"search_term_string\"}}],\"inLanguage\":\"fr-FR\"},{\"@type\":\"Organization\",\"@id\":\"https:\\\/\\\/www.webdo.tn\\\/fr\\\/#organization\",\"name\":\"Webdo\",\"alternateName\":\"Webdo.tn\",\"url\":\"https:\\\/\\\/www.webdo.tn\\\/fr\\\/\",\"logo\":{\"@type\":\"ImageObject\",\"inLanguage\":\"fr-FR\",\"@id\":\"https:\\\/\\\/www.webdo.tn\\\/fr\\\/#\\\/schema\\\/logo\\\/image\\\/\",\"url\":\"https:\\\/\\\/www.webdo.tn\\\/fr\\\/wp-content\\\/uploads\\\/2025\\\/06\\\/Webdo-Tunisie_168377.jpg\",\"contentUrl\":\"https:\\\/\\\/www.webdo.tn\\\/fr\\\/wp-content\\\/uploads\\\/2025\\\/06\\\/Webdo-Tunisie_168377.jpg\",\"width\":301,\"height\":301,\"caption\":\"Webdo\"},\"image\":{\"@id\":\"https:\\\/\\\/www.webdo.tn\\\/fr\\\/#\\\/schema\\\/logo\\\/image\\\/\"},\"sameAs\":[\"https:\\\/\\\/www.facebook.com\\\/webdotn\",\"https:\\\/\\\/x.com\\\/webdo_tn\"],\"description\":\"Webdo est un m\u00e9dia num\u00e9rique tunisien fond\u00e9 en 2010, sp\u00e9cialis\u00e9 dans l\u2019actualit\u00e9 nationale et internationale, l\u2019\u00e9conomie, la soci\u00e9t\u00e9 et les analyses politiques. Le site s\u2019adresse \u00e0 un large public francophone et couvre l\u2019information tunisienne en temps r\u00e9el.\",\"email\":\"redac@webdo.tn\",\"legalName\":\"YNJ SARL\",\"foundingDate\":\"2010-09-06\",\"numberOfEmployees\":{\"@type\":\"QuantitativeValue\",\"minValue\":\"11\",\"maxValue\":\"50\"}},{\"@type\":\"Person\",\"@id\":\"https:\\\/\\\/www.webdo.tn\\\/fr\\\/#\\\/schema\\\/person\\\/1f4e491e0907b413d61089e8eb573acc\",\"name\":\"Webdo\",\"image\":{\"@type\":\"ImageObject\",\"inLanguage\":\"fr-FR\",\"@id\":\"https:\\\/\\\/secure.gravatar.com\\\/avatar\\\/de97aeec1bb80978a9dbb127e47dfc88aaacb2f3c29aac907d8d3222e3495d49?s=96&d=mm&r=g\",\"url\":\"https:\\\/\\\/secure.gravatar.com\\\/avatar\\\/de97aeec1bb80978a9dbb127e47dfc88aaacb2f3c29aac907d8d3222e3495d49?s=96&d=mm&r=g\",\"contentUrl\":\"https:\\\/\\\/secure.gravatar.com\\\/avatar\\\/de97aeec1bb80978a9dbb127e47dfc88aaacb2f3c29aac907d8d3222e3495d49?s=96&d=mm&r=g\",\"caption\":\"Webdo\"},\"url\":\"https:\\\/\\\/www.webdo.tn\\\/fr\\\/actualite\\\/author\\\/webdo\\\/\"}]}<\/script>\n<!-- \/ Yoast SEO Premium plugin. -->","yoast_head_json":{"title":"Tunisie : Marche de protestation contre le D\u00e9cret 54","description":"Une marche de protestation contre le D\u00e9cret-loi 54, s\u2019est tenu hier \u00e0 Tunis, \u00e0 l\u2019appel de plusieurs composantes de la soci\u00e9t\u00e9 civile tunisienne. Cette marche a...","canonical":"https:\/\/www.webdo.tn\/fr\/actualite\/national\/tunisie-marche-de-protestation-contre-le-decret-54\/214367\/","og_locale":"fr_FR","og_type":"article","og_title":"Tunisie : Marche de protestation contre le D\u00e9cret 54","og_description":"Une marche de protestation contre le D\u00e9cret-loi 54, s\u2019est tenu hier \u00e0 Tunis, \u00e0 l\u2019appel de plusieurs composantes de la soci\u00e9t\u00e9 civile tunisienne. Cette marche a...","og_url":"https:\/\/www.webdo.tn\/fr\/actualite\/national\/tunisie-marche-de-protestation-contre-le-decret-54\/214367\/","og_site_name":"webdo","article_publisher":"https:\/\/www.facebook.com\/webdotn","article_published_time":"2024-05-25T09:35:00+00:00","article_modified_time":"2025-05-21T09:11:00+00:00","og_image":[{"width":493,"height":263,"url":"https:\/\/www.webdo.tn\/fr\/wp-content\/uploads\/2024\/05\/ccc813c15092d8ab59b33585151eb595.webp","type":"image\/webp"}],"author":"Webdo","twitter_card":"summary_large_image","twitter_creator":"@webdo_tn","twitter_site":"@webdo_tn","twitter_misc":{"\u00c9crit par":"Webdo","Dur\u00e9e de lecture estim\u00e9e":"1 minute"},"schema":{"@context":"https:\/\/schema.org","@graph":[{"@type":"NewsArticle","@id":"https:\/\/www.webdo.tn\/fr\/actualite\/national\/tunisie-marche-de-protestation-contre-le-decret-54\/214367\/#article","isPartOf":{"@id":"https:\/\/www.webdo.tn\/fr\/actualite\/national\/tunisie-marche-de-protestation-contre-le-decret-54\/214367\/"},"author":{"name":"Webdo","@id":"https:\/\/www.webdo.tn\/fr\/#\/schema\/person\/1f4e491e0907b413d61089e8eb573acc"},"headline":"Tunisie : Marche de protestation contre le D\u00e9cret 54","datePublished":"2024-05-25T09:35:00+00:00","dateModified":"2025-05-21T09:11:00+00:00","mainEntityOfPage":{"@id":"https:\/\/www.webdo.tn\/fr\/actualite\/national\/tunisie-marche-de-protestation-contre-le-decret-54\/214367\/"},"wordCount":140,"commentCount":0,"publisher":{"@id":"https:\/\/www.webdo.tn\/fr\/#organization"},"image":{"@id":"https:\/\/www.webdo.tn\/fr\/actualite\/national\/tunisie-marche-de-protestation-contre-le-decret-54\/214367\/#primaryimage"},"thumbnailUrl":"https:\/\/www.webdo.tn\/fr\/wp-content\/uploads\/2024\/05\/ccc813c15092d8ab59b33585151eb595.webp","keywords":["d\u00e9cret 54","protestation","Tunis","Tunisie"],"articleSection":["National"],"inLanguage":"fr-FR"},{"@type":"WebPage","@id":"https:\/\/www.webdo.tn\/fr\/actualite\/national\/tunisie-marche-de-protestation-contre-le-decret-54\/214367\/","url":"https:\/\/www.webdo.tn\/fr\/actualite\/national\/tunisie-marche-de-protestation-contre-le-decret-54\/214367\/","name":"Tunisie : Marche de protestation contre le D\u00e9cret 54","isPartOf":{"@id":"https:\/\/www.webdo.tn\/fr\/#website"},"primaryImageOfPage":{"@id":"https:\/\/www.webdo.tn\/fr\/actualite\/national\/tunisie-marche-de-protestation-contre-le-decret-54\/214367\/#primaryimage"},"image":{"@id":"https:\/\/www.webdo.tn\/fr\/actualite\/national\/tunisie-marche-de-protestation-contre-le-decret-54\/214367\/#primaryimage"},"thumbnailUrl":"https:\/\/www.webdo.tn\/fr\/wp-content\/uploads\/2024\/05\/ccc813c15092d8ab59b33585151eb595.webp","datePublished":"2024-05-25T09:35:00+00:00","dateModified":"2025-05-21T09:11:00+00:00","description":"Une marche de protestation contre le D\u00e9cret-loi 54, s\u2019est tenu hier \u00e0 Tunis, \u00e0 l\u2019appel de plusieurs composantes de la soci\u00e9t\u00e9 civile tunisienne. Cette marche a...","breadcrumb":{"@id":"https:\/\/www.webdo.tn\/fr\/actualite\/national\/tunisie-marche-de-protestation-contre-le-decret-54\/214367\/#breadcrumb"},"inLanguage":"fr-FR","potentialAction":[{"@type":"ReadAction","target":["https:\/\/www.webdo.tn\/fr\/actualite\/national\/tunisie-marche-de-protestation-contre-le-decret-54\/214367\/"]}]},{"@type":"ImageObject","inLanguage":"fr-FR","@id":"https:\/\/www.webdo.tn\/fr\/actualite\/national\/tunisie-marche-de-protestation-contre-le-decret-54\/214367\/#primaryimage","url":"https:\/\/www.webdo.tn\/fr\/wp-content\/uploads\/2024\/05\/ccc813c15092d8ab59b33585151eb595.webp","contentUrl":"https:\/\/www.webdo.tn\/fr\/wp-content\/uploads\/2024\/05\/ccc813c15092d8ab59b33585151eb595.webp","width":493,"height":263,"caption":"Tunisie : Marche de protestation contre le D\u00e9cret 54"},{"@type":"BreadcrumbList","@id":"https:\/\/www.webdo.tn\/fr\/actualite\/national\/tunisie-marche-de-protestation-contre-le-decret-54\/214367\/#breadcrumb","itemListElement":[{"@type":"ListItem","position":1,"name":"Accueil","item":"https:\/\/www.webdo.tn\/fr\/"},{"@type":"ListItem","position":2,"name":"Tunisie : Marche de protestation contre le D\u00e9cret 54"}]},{"@type":"WebSite","@id":"https:\/\/www.webdo.tn\/fr\/#website","url":"https:\/\/www.webdo.tn\/fr\/","name":"webdo","description":"Tunisie - News en Tunisie et \u00e0 l&#039;international sur Webdo.tn","publisher":{"@id":"https:\/\/www.webdo.tn\/fr\/#organization"},"potentialAction":[{"@type":"SearchAction","target":{"@type":"EntryPoint","urlTemplate":"https:\/\/www.webdo.tn\/fr\/?s={search_term_string}"},"query-input":{"@type":"PropertyValueSpecification","valueRequired":true,"valueName":"search_term_string"}}],"inLanguage":"fr-FR"},{"@type":"Organization","@id":"https:\/\/www.webdo.tn\/fr\/#organization","name":"Webdo","alternateName":"Webdo.tn","url":"https:\/\/www.webdo.tn\/fr\/","logo":{"@type":"ImageObject","inLanguage":"fr-FR","@id":"https:\/\/www.webdo.tn\/fr\/#\/schema\/logo\/image\/","url":"https:\/\/www.webdo.tn\/fr\/wp-content\/uploads\/2025\/06\/Webdo-Tunisie_168377.jpg","contentUrl":"https:\/\/www.webdo.tn\/fr\/wp-content\/uploads\/2025\/06\/Webdo-Tunisie_168377.jpg","width":301,"height":301,"caption":"Webdo"},"image":{"@id":"https:\/\/www.webdo.tn\/fr\/#\/schema\/logo\/image\/"},"sameAs":["https:\/\/www.facebook.com\/webdotn","https:\/\/x.com\/webdo_tn"],"description":"Webdo est un m\u00e9dia num\u00e9rique tunisien fond\u00e9 en 2010, sp\u00e9cialis\u00e9 dans l\u2019actualit\u00e9 nationale et internationale, l\u2019\u00e9conomie, la soci\u00e9t\u00e9 et les analyses politiques. Le site s\u2019adresse \u00e0 un large public francophone et couvre l\u2019information tunisienne en temps r\u00e9el.","email":"redac@webdo.tn","legalName":"YNJ SARL","foundingDate":"2010-09-06","numberOfEmployees":{"@type":"QuantitativeValue","minValue":"11","maxValue":"50"}},{"@type":"Person","@id":"https:\/\/www.webdo.tn\/fr\/#\/schema\/person\/1f4e491e0907b413d61089e8eb573acc","name":"Webdo","image":{"@type":"ImageObject","inLanguage":"fr-FR","@id":"https:\/\/secure.gravatar.com\/avatar\/de97aeec1bb80978a9dbb127e47dfc88aaacb2f3c29aac907d8d3222e3495d49?s=96&d=mm&r=g","url":"https:\/\/secure.gravatar.com\/avatar\/de97aeec1bb80978a9dbb127e47dfc88aaacb2f3c29aac907d8d3222e3495d49?s=96&d=mm&r=g","contentUrl":"https:\/\/secure.gravatar.com\/avatar\/de97aeec1bb80978a9dbb127e47dfc88aaacb2f3c29aac907d8d3222e3495d49?s=96&d=mm&r=g","caption":"Webdo"},"url":"https:\/\/www.webdo.tn\/fr\/actualite\/author\/webdo\/"}]}},"_links":{"self":[{"href":"https:\/\/www.webdo.tn\/fr\/wp-json\/wp\/v2\/posts\/214367","targetHints":{"allow":["GET"]}}],"collection":[{"href":"https:\/\/www.webdo.tn\/fr\/wp-json\/wp\/v2\/posts"}],"about":[{"href":"https:\/\/www.webdo.tn\/fr\/wp-json\/wp\/v2\/types\/post"}],"author":[{"embeddable":true,"href":"https:\/\/www.webdo.tn\/fr\/wp-json\/wp\/v2\/users\/3169"}],"replies":[{"embeddable":true,"href":"https:\/\/www.webdo.tn\/fr\/wp-json\/wp\/v2\/comments?post=214367"}],"version-history":[{"count":0,"href":"https:\/\/www.webdo.tn\/fr\/wp-json\/wp\/v2\/posts\/214367\/revisions"}],"wp:featuredmedia":[{"embeddable":true,"href":"https:\/\/www.webdo.tn\/fr\/wp-json\/wp\/v2\/media\/247311"}],"wp:attachment":[{"href":"https:\/\/www.webdo.tn\/fr\/wp-json\/wp\/v2\/media?parent=214367"}],"wp:term":[{"taxonomy":"category","embeddable":true,"href":"https:\/\/www.webdo.tn\/fr\/wp-json\/wp\/v2\/categories?post=214367"},{"taxonomy":"post_tag","embeddable":true,"href":"https:\/\/www.webdo.tn\/fr\/wp-json\/wp\/v2\/tags?post=214367"}],"curies":[{"name":"wp","href":"https:\/\/api.w.org\/{rel}","templated":true}]}}