{"id":214365,"date":"2024-05-25T01:55:00","date_gmt":"2024-05-25T01:55:00","guid":{"rendered":"https:\/\/www.webdo.tn\/fr\/blog\/cannes-2024-palmares-un-certain-regard\/214365\/"},"modified":"2025-05-21T08:55:42","modified_gmt":"2025-05-21T08:55:42","slug":"cannes-2024-palmares-un-certain-regard","status":"publish","type":"post","link":"https:\/\/www.webdo.tn\/fr\/actualite\/culture\/cannes-2024-palmares-un-certain-regard\/214365\/","title":{"rendered":"Cannes 2024 &#8211; Palmar\u00e8s de la section Un Certain Regard"},"content":{"rendered":"<div class=\"single-body entry-content typography-copy\" itemprop=\"articleBody\">\n<p style=\"font-weight: bold; text-align: justify\">\n\t\t\t\t\t\t\t\t\tCannes 2024 &#8211; Palmar\u00e8s de la s\u00e9lection Un certain Regard\n\t\t\t\t\t\t\t\t<\/p>\n<div class=\"coprs\" style=\"text-align: center\"><\/div>\n<div class=\"coprs\" style=\"text-align: justify\">\n<p><span>C\u00e9l\u00e9brant un cin\u00e9ma de d\u00e9couvertes, la mission d\u2019Un Certain Regard est de faire \u00e9merger de nouvelles tendances, de nouvelles voies et de nouveaux pays de cin\u00e9ma. La s\u00e9lection 2024 a propos\u00e9 18 longs m\u00e9trages dont 8 premiers films qui concourent \u00e9galement pour la Cam\u00e9ra d\u2019or.\u00a0<a href=\"https:\/\/www.festival-cannes.com\/f\/ljosbrot\/\" rel=\"noopener\" target=\"_blank\"><em>When the Light Breaks<\/em><\/a><em>\u00a0<\/em>de\u00a0<a href=\"https:\/\/www.festival-cannes.com\/p\/runar-runarsson-2\/\" rel=\"noopener\" target=\"_blank\">R\u00fanar R\u00fanarsson\u00a0<\/a>a \u00e9t\u00e9 projet\u00e9 en ouverture cette ann\u00e9e. <\/span><\/p>\n<p><span>Pr\u00e9sid\u00e9 par l\u2019acteur, r\u00e9alisateur, sc\u00e9nariste et producteur canadien\u00a0<a href=\"https:\/\/www.festival-cannes.com\/p\/xavier-dolan\/\" rel=\"noopener\" target=\"_blank\">Xavier Dolan<\/a>, le Jury est compos\u00e9 de la sc\u00e9nariste et r\u00e9alisatrice franco-s\u00e9n\u00e9galaise\u00a0<a href=\"https:\/\/www.festival-cannes.com\/p\/maimouna-doucoure\/\" rel=\"noopener\" target=\"_blank\">Ma\u00efmouna Doucour\u00e9<\/a>, de la r\u00e9alisatrice, sc\u00e9nariste et productrice marocaine\u00a0<a href=\"https:\/\/www.festival-cannes.com\/p\/asmae-el-moudir-2\/\" rel=\"noopener\" target=\"_blank\">Asmae El Moudir<\/a>, de l\u2019actrice germano-luxembourgeoise\u00a0<a href=\"https:\/\/www.festival-cannes.com\/p\/vicky-krieps\/\" rel=\"noopener\" target=\"_blank\">Vicky Krieps<\/a>, et du critique de cin\u00e9ma, r\u00e9alisateur et \u00e9crivain am\u00e9ricain\u00a0<a href=\"https:\/\/www.festival-cannes.com\/p\/todd-mccarthy\/\" rel=\"noopener\" target=\"_blank\">Todd McCarthy<\/a>.<\/span><\/p>\n<p><span>Avant d&rsquo;annoncer le Palmar\u00e8s, Xavier Dolan a prononc\u00e9 un discours, dans lequel il a demand\u00e9 un cessez-le-feu imm\u00e9diat en Palestine.\u00a0<\/p>\n<p>Tout le discours ici:<br \/>\n<iframe allowfullscreen=\"true\" frameborder=\"0\" height=\"314\" scrolling=\"no\" src=\"https:\/\/www.facebook.com\/plugins\/video.php?height=314&amp;href=https%3A%2F%2Fwww.facebook.com%2Fmassir.destiniii%2Fvideos%2F1866098227196439%2F&amp;show_text=false&amp;width=560&amp;t=0\" width=\"560\"><\/iframe><\/span><\/p>\n<p>\u00a0<\/p>\n<p><u><strong><span>Palmar\u00e8s:\u00a0<\/span><\/strong><\/u><\/p>\n<h5><span><strong>&#8211; Mention sp\u00e9ciale<\/strong><\/span><\/h5>\n<p><span><a href=\"https:\/\/www.festival-cannes.com\/f\/norah\/\"><strong>NORAH<\/strong><\/a><br \/>\nde Tawfik Alzaidi<br \/>\n1er film<\/span><\/p>\n<h5><span><strong>&#8211; Prix de la Jeunesse<\/strong><\/span><\/h5>\n<p><span><a href=\"https:\/\/www.festival-cannes.com\/f\/vingt-dieux\/\"><strong>VINGT DIEUX<\/strong><\/a><br \/>\nde Louise Courvoisier<br \/>\n1er film<\/span><\/p>\n<h5><span><strong>&#8211; Meilleure Actrice<\/strong><\/span><\/h5>\n<p><span><strong>ANASUYA SENGUPTA<\/strong><br \/>\ndans\u00a0<a href=\"https:\/\/www.festival-cannes.com\/f\/the-shameless\/\">The Shameless<\/a><\/span><\/p>\n<h5><span><strong>&#8211; Meilleur Acteur<\/strong><\/span><\/h5>\n<p><span><strong>ABOU SANGAR\u00c9<\/strong><br \/>\ndans\u00a0<a href=\"https:\/\/www.festival-cannes.com\/f\/l-histoire-de-souleymane\/\">L\u2019Histoire de Souleymane<\/a><\/span><\/p>\n<h5><span><strong>&#8211; Meilleure R\u00e9alisation ex aequo<\/strong><\/span><\/h5>\n<p><span><strong>ROBERTO MINERVINI<\/strong><br \/>\npour\u00a0<a href=\"https:\/\/www.festival-cannes.com\/f\/the-damned\/\">Les Damn\u00e9s<\/a><\/span><\/p>\n<p><span><strong>RUNGANO NYONI<\/strong><br \/>\npour\u00a0<a href=\"https:\/\/www.festival-cannes.com\/f\/on-becoming-a-guinea-fowl\/\">On Becoming a Guinea Fowl<\/a><\/span><\/p>\n<h5><span><strong>&#8211; Prix du Jury<\/strong><\/span><\/h5>\n<p><span><a href=\"https:\/\/www.festival-cannes.com\/f\/l-histoire-de-souleymane\/\"><strong>L\u2019HISTOIRE DE SOULEYMANE<\/strong><\/a><br \/>\nde Boris Lojkine<\/span><\/p>\n<h5><span><strong>&#8211; Prix Un Certain Regard<\/strong><\/span><\/h5>\n<p><span><a href=\"https:\/\/www.festival-cannes.com\/f\/gou-zhen\/\"><strong>BLACK DOG<\/strong><\/a><br \/>\nde Guan Hu<\/span><\/p>\n<p>\u00a0<\/p>\n<p><img decoding=\"async\" alt=\"\" height=\"320\" src=\"\/assets\/uploads\/images\/\/Neila\/CANNES%202024_SIGNATURES_WEB_800X160_1.jpeg\" width=\"1600\"><\/p>\n<p>\u00a0<\/p>\n<\/p><\/div>\n<div class=\"coprs\" style=\"text-align: center\"><\/div><\/div>\n","protected":false},"excerpt":{"rendered":"<p>Cannes 2024 &#8211; Palmar\u00e8s de la section Un Certain Regard<\/p>\n","protected":false},"author":3164,"featured_media":247310,"comment_status":"open","ping_status":"closed","sticky":false,"template":"","format":"standard","meta":{"footnotes":""},"categories":[2594],"tags":[4180,2627,4973,2657],"class_list":["post-214365","post","type-post","status-publish","format-standard","has-post-thumbnail","hentry","category-culture","tag-cannes-2024","tag-festival-de-cannes","tag-palmares","tag-un-certain-regard"],"yoast_head":"<!-- This site is optimized with the Yoast SEO Premium plugin v27.5 (Yoast SEO v27.5) - https:\/\/yoast.com\/product\/yoast-seo-premium-wordpress\/ -->\n<title>Cannes 2024 - Palmar\u00e8s de la section Un Certain Regard<\/title>\n<meta name=\"description\" content=\"Cannes 2024 - Palmar\u00e8s de la section Un Certain Regard\" \/>\n<link rel=\"canonical\" href=\"https:\/\/www.webdo.tn\/fr\/actualite\/culture\/cannes-2024-palmares-un-certain-regard\/214365\/\" \/>\n<meta property=\"og:locale\" content=\"fr_FR\" \/>\n<meta property=\"og:type\" content=\"article\" \/>\n<meta property=\"og:title\" content=\"Cannes 2024 - Palmar\u00e8s de la section Un Certain Regard\" \/>\n<meta property=\"og:description\" content=\"Cannes 2024 - Palmar\u00e8s de la section Un Certain Regard\" \/>\n<meta property=\"og:url\" content=\"https:\/\/www.webdo.tn\/fr\/actualite\/culture\/cannes-2024-palmares-un-certain-regard\/214365\/\" \/>\n<meta property=\"og:site_name\" content=\"webdo\" \/>\n<meta property=\"article:publisher\" content=\"https:\/\/www.facebook.com\/webdotn\" \/>\n<meta property=\"article:author\" content=\"https:\/\/www.facebook.com\/massir.destiniii\/\" \/>\n<meta property=\"article:published_time\" content=\"2024-05-25T01:55:00+00:00\" \/>\n<meta property=\"article:modified_time\" content=\"2025-05-21T08:55:42+00:00\" \/>\n<meta property=\"og:image\" content=\"https:\/\/www.webdo.tn\/fr\/wp-content\/uploads\/2024\/05\/5a7ee7b514c0bd342cbdb07dcf794ffb.webp\" \/>\n\t<meta property=\"og:image:width\" content=\"750\" \/>\n\t<meta property=\"og:image:height\" content=\"400\" \/>\n\t<meta property=\"og:image:type\" content=\"image\/webp\" \/>\n<meta name=\"author\" content=\"Ne\u00efla DRISS\" \/>\n<meta name=\"twitter:card\" content=\"summary_large_image\" \/>\n<meta name=\"twitter:creator\" content=\"@https:\/\/x.com\/MassirDestin\" \/>\n<meta name=\"twitter:site\" content=\"@webdo_tn\" \/>\n<meta name=\"twitter:label1\" content=\"\u00c9crit par\" \/>\n\t<meta name=\"twitter:data1\" content=\"Ne\u00efla DRISS\" \/>\n\t<meta name=\"twitter:label2\" content=\"Dur\u00e9e de lecture estim\u00e9e\" \/>\n\t<meta name=\"twitter:data2\" content=\"1 minute\" \/>\n<script type=\"application\/ld+json\" class=\"yoast-schema-graph\">{\"@context\":\"https:\\\/\\\/schema.org\",\"@graph\":[{\"@type\":\"NewsArticle\",\"@id\":\"https:\\\/\\\/www.webdo.tn\\\/fr\\\/actualite\\\/culture\\\/cannes-2024-palmares-un-certain-regard\\\/214365\\\/#article\",\"isPartOf\":{\"@id\":\"https:\\\/\\\/www.webdo.tn\\\/fr\\\/actualite\\\/culture\\\/cannes-2024-palmares-un-certain-regard\\\/214365\\\/\"},\"author\":{\"name\":\"Ne\u00efla DRISS\",\"@id\":\"https:\\\/\\\/www.webdo.tn\\\/fr\\\/#\\\/schema\\\/person\\\/60d5ba619ed3f58783b0dc82b7dada80\"},\"headline\":\"Cannes 2024 &#8211; Palmar\u00e8s de la section Un Certain Regard\",\"datePublished\":\"2024-05-25T01:55:00+00:00\",\"dateModified\":\"2025-05-21T08:55:42+00:00\",\"mainEntityOfPage\":{\"@id\":\"https:\\\/\\\/www.webdo.tn\\\/fr\\\/actualite\\\/culture\\\/cannes-2024-palmares-un-certain-regard\\\/214365\\\/\"},\"wordCount\":263,\"commentCount\":0,\"publisher\":{\"@id\":\"https:\\\/\\\/www.webdo.tn\\\/fr\\\/#organization\"},\"image\":{\"@id\":\"https:\\\/\\\/www.webdo.tn\\\/fr\\\/actualite\\\/culture\\\/cannes-2024-palmares-un-certain-regard\\\/214365\\\/#primaryimage\"},\"thumbnailUrl\":\"https:\\\/\\\/www.webdo.tn\\\/fr\\\/wp-content\\\/uploads\\\/2024\\\/05\\\/5a7ee7b514c0bd342cbdb07dcf794ffb.webp\",\"keywords\":[\"Cannes 2024\",\"Festival de Cannes\",\"Palmar\u00e8s\",\"Un Certain Regard\"],\"articleSection\":[\"Culture\"],\"inLanguage\":\"fr-FR\"},{\"@type\":\"WebPage\",\"@id\":\"https:\\\/\\\/www.webdo.tn\\\/fr\\\/actualite\\\/culture\\\/cannes-2024-palmares-un-certain-regard\\\/214365\\\/\",\"url\":\"https:\\\/\\\/www.webdo.tn\\\/fr\\\/actualite\\\/culture\\\/cannes-2024-palmares-un-certain-regard\\\/214365\\\/\",\"name\":\"Cannes 2024 - Palmar\u00e8s de la section Un Certain Regard\",\"isPartOf\":{\"@id\":\"https:\\\/\\\/www.webdo.tn\\\/fr\\\/#website\"},\"primaryImageOfPage\":{\"@id\":\"https:\\\/\\\/www.webdo.tn\\\/fr\\\/actualite\\\/culture\\\/cannes-2024-palmares-un-certain-regard\\\/214365\\\/#primaryimage\"},\"image\":{\"@id\":\"https:\\\/\\\/www.webdo.tn\\\/fr\\\/actualite\\\/culture\\\/cannes-2024-palmares-un-certain-regard\\\/214365\\\/#primaryimage\"},\"thumbnailUrl\":\"https:\\\/\\\/www.webdo.tn\\\/fr\\\/wp-content\\\/uploads\\\/2024\\\/05\\\/5a7ee7b514c0bd342cbdb07dcf794ffb.webp\",\"datePublished\":\"2024-05-25T01:55:00+00:00\",\"dateModified\":\"2025-05-21T08:55:42+00:00\",\"description\":\"Cannes 2024 - Palmar\u00e8s de la section Un Certain Regard\",\"breadcrumb\":{\"@id\":\"https:\\\/\\\/www.webdo.tn\\\/fr\\\/actualite\\\/culture\\\/cannes-2024-palmares-un-certain-regard\\\/214365\\\/#breadcrumb\"},\"inLanguage\":\"fr-FR\",\"potentialAction\":[{\"@type\":\"ReadAction\",\"target\":[\"https:\\\/\\\/www.webdo.tn\\\/fr\\\/actualite\\\/culture\\\/cannes-2024-palmares-un-certain-regard\\\/214365\\\/\"]}]},{\"@type\":\"ImageObject\",\"inLanguage\":\"fr-FR\",\"@id\":\"https:\\\/\\\/www.webdo.tn\\\/fr\\\/actualite\\\/culture\\\/cannes-2024-palmares-un-certain-regard\\\/214365\\\/#primaryimage\",\"url\":\"https:\\\/\\\/www.webdo.tn\\\/fr\\\/wp-content\\\/uploads\\\/2024\\\/05\\\/5a7ee7b514c0bd342cbdb07dcf794ffb.webp\",\"contentUrl\":\"https:\\\/\\\/www.webdo.tn\\\/fr\\\/wp-content\\\/uploads\\\/2024\\\/05\\\/5a7ee7b514c0bd342cbdb07dcf794ffb.webp\",\"width\":750,\"height\":400,\"caption\":\"Cannes 2024 - Palmar\u00e8s de la section Un Certain Regard\"},{\"@type\":\"BreadcrumbList\",\"@id\":\"https:\\\/\\\/www.webdo.tn\\\/fr\\\/actualite\\\/culture\\\/cannes-2024-palmares-un-certain-regard\\\/214365\\\/#breadcrumb\",\"itemListElement\":[{\"@type\":\"ListItem\",\"position\":1,\"name\":\"Accueil\",\"item\":\"https:\\\/\\\/www.webdo.tn\\\/fr\\\/\"},{\"@type\":\"ListItem\",\"position\":2,\"name\":\"Cannes 2024 &#8211; Palmar\u00e8s de la section Un Certain Regard\"}]},{\"@type\":\"WebSite\",\"@id\":\"https:\\\/\\\/www.webdo.tn\\\/fr\\\/#website\",\"url\":\"https:\\\/\\\/www.webdo.tn\\\/fr\\\/\",\"name\":\"webdo\",\"description\":\"Tunisie - News en Tunisie et \u00e0 l&#039;international sur Webdo.tn\",\"publisher\":{\"@id\":\"https:\\\/\\\/www.webdo.tn\\\/fr\\\/#organization\"},\"potentialAction\":[{\"@type\":\"SearchAction\",\"target\":{\"@type\":\"EntryPoint\",\"urlTemplate\":\"https:\\\/\\\/www.webdo.tn\\\/fr\\\/?s={search_term_string}\"},\"query-input\":{\"@type\":\"PropertyValueSpecification\",\"valueRequired\":true,\"valueName\":\"search_term_string\"}}],\"inLanguage\":\"fr-FR\"},{\"@type\":\"Organization\",\"@id\":\"https:\\\/\\\/www.webdo.tn\\\/fr\\\/#organization\",\"name\":\"Webdo\",\"alternateName\":\"Webdo.tn\",\"url\":\"https:\\\/\\\/www.webdo.tn\\\/fr\\\/\",\"logo\":{\"@type\":\"ImageObject\",\"inLanguage\":\"fr-FR\",\"@id\":\"https:\\\/\\\/www.webdo.tn\\\/fr\\\/#\\\/schema\\\/logo\\\/image\\\/\",\"url\":\"https:\\\/\\\/www.webdo.tn\\\/fr\\\/wp-content\\\/uploads\\\/2025\\\/06\\\/Webdo-Tunisie_168377.jpg\",\"contentUrl\":\"https:\\\/\\\/www.webdo.tn\\\/fr\\\/wp-content\\\/uploads\\\/2025\\\/06\\\/Webdo-Tunisie_168377.jpg\",\"width\":301,\"height\":301,\"caption\":\"Webdo\"},\"image\":{\"@id\":\"https:\\\/\\\/www.webdo.tn\\\/fr\\\/#\\\/schema\\\/logo\\\/image\\\/\"},\"sameAs\":[\"https:\\\/\\\/www.facebook.com\\\/webdotn\",\"https:\\\/\\\/x.com\\\/webdo_tn\"],\"description\":\"Webdo est un m\u00e9dia num\u00e9rique tunisien fond\u00e9 en 2010, sp\u00e9cialis\u00e9 dans l\u2019actualit\u00e9 nationale et internationale, l\u2019\u00e9conomie, la soci\u00e9t\u00e9 et les analyses politiques. Le site s\u2019adresse \u00e0 un large public francophone et couvre l\u2019information tunisienne en temps r\u00e9el.\",\"email\":\"redac@webdo.tn\",\"legalName\":\"YNJ SARL\",\"foundingDate\":\"2010-09-06\",\"numberOfEmployees\":{\"@type\":\"QuantitativeValue\",\"minValue\":\"11\",\"maxValue\":\"50\"}},{\"@type\":\"Person\",\"@id\":\"https:\\\/\\\/www.webdo.tn\\\/fr\\\/#\\\/schema\\\/person\\\/60d5ba619ed3f58783b0dc82b7dada80\",\"name\":\"Ne\u00efla DRISS\",\"image\":{\"@type\":\"ImageObject\",\"inLanguage\":\"fr-FR\",\"@id\":\"https:\\\/\\\/www.webdo.tn\\\/fr\\\/wp-content\\\/uploads\\\/2026\\\/04\\\/neila-driss_avatar-96x96.jpg\",\"url\":\"https:\\\/\\\/www.webdo.tn\\\/fr\\\/wp-content\\\/uploads\\\/2026\\\/04\\\/neila-driss_avatar-96x96.jpg\",\"contentUrl\":\"https:\\\/\\\/www.webdo.tn\\\/fr\\\/wp-content\\\/uploads\\\/2026\\\/04\\\/neila-driss_avatar-96x96.jpg\",\"caption\":\"Ne\u00efla DRISS\"},\"description\":\"Ne\u00efla Driss est juriste, journaliste culturelle et critique de cin\u00e9ma tunisienne. Titulaire d\u2019un DEA en droit priv\u00e9 de l\u2019Universit\u00e9 Paris II et d\u2019un DESS de l\u2019IHEC Carthage, elle d\u00e9bute sa carri\u00e8re comme juriste sp\u00e9cialis\u00e9e en gestion de patrimoine immobilier. Elle s\u2019oriente ensuite vers l\u2019\u00e9criture en ligne, o\u00f9 elle se distingue d\u00e8s 2006 aux Tunisia Blog Awards, avant de se consacrer au journalisme culturel, avec une sp\u00e9cialisation dans la critique cin\u00e9matographique. Elle couvre r\u00e9guli\u00e8rement les grands festivals internationaux, notamment le Festival de Cannes, les Journ\u00e9es Cin\u00e9matographiques de Carthage et le Festival du film du Caire. Membre de l\u2019ATPCC et de la FIPRESCI, elle participe \u00e0 des jurys et initiatives internationales de critique. Depuis 2024, elle est \u00e9lectrice internationale aux Golden Globes. Facebook : https:\\\/\\\/www.facebook.com\\\/massir.destiniii\\\/ X : https:\\\/\\\/x.com\\\/MassirDestin\",\"sameAs\":[\"https:\\\/\\\/www.facebook.com\\\/massir.destiniii\\\/\",\"https:\\\/\\\/www.instagram.com\\\/neila.driss\\\/?hl=fr\",\"https:\\\/\\\/www.linkedin.com\\\/in\\\/neila-driss-22606a80\\\/\",\"https:\\\/\\\/x.com\\\/https:\\\/\\\/x.com\\\/MassirDestin\"],\"knowsAbout\":[\"Cin\u00e9ma international\",\"critique cin\u00e9matographique\",\"festivals de cin\u00e9ma\",\"journalisme culturel\"],\"knowsLanguage\":[\"Fran\u00e7ais\",\"Arabe\",\"Anglais\"],\"jobTitle\":\"Journaliste culturelle et critique de cin\u00e9ma\",\"worksFor\":\"Webdo\",\"url\":\"https:\\\/\\\/www.webdo.tn\\\/fr\\\/actualite\\\/author\\\/neila-driss\\\/\"}]}<\/script>\n<!-- \/ Yoast SEO Premium plugin. -->","yoast_head_json":{"title":"Cannes 2024 - Palmar\u00e8s de la section Un Certain Regard","description":"Cannes 2024 - Palmar\u00e8s de la section Un Certain Regard","canonical":"https:\/\/www.webdo.tn\/fr\/actualite\/culture\/cannes-2024-palmares-un-certain-regard\/214365\/","og_locale":"fr_FR","og_type":"article","og_title":"Cannes 2024 - Palmar\u00e8s de la section Un Certain Regard","og_description":"Cannes 2024 - Palmar\u00e8s de la section Un Certain Regard","og_url":"https:\/\/www.webdo.tn\/fr\/actualite\/culture\/cannes-2024-palmares-un-certain-regard\/214365\/","og_site_name":"webdo","article_publisher":"https:\/\/www.facebook.com\/webdotn","article_author":"https:\/\/www.facebook.com\/massir.destiniii\/","article_published_time":"2024-05-25T01:55:00+00:00","article_modified_time":"2025-05-21T08:55:42+00:00","og_image":[{"width":750,"height":400,"url":"https:\/\/www.webdo.tn\/fr\/wp-content\/uploads\/2024\/05\/5a7ee7b514c0bd342cbdb07dcf794ffb.webp","type":"image\/webp"}],"author":"Ne\u00efla DRISS","twitter_card":"summary_large_image","twitter_creator":"@https:\/\/x.com\/MassirDestin","twitter_site":"@webdo_tn","twitter_misc":{"\u00c9crit par":"Ne\u00efla DRISS","Dur\u00e9e de lecture estim\u00e9e":"1 minute"},"schema":{"@context":"https:\/\/schema.org","@graph":[{"@type":"NewsArticle","@id":"https:\/\/www.webdo.tn\/fr\/actualite\/culture\/cannes-2024-palmares-un-certain-regard\/214365\/#article","isPartOf":{"@id":"https:\/\/www.webdo.tn\/fr\/actualite\/culture\/cannes-2024-palmares-un-certain-regard\/214365\/"},"author":{"name":"Ne\u00efla DRISS","@id":"https:\/\/www.webdo.tn\/fr\/#\/schema\/person\/60d5ba619ed3f58783b0dc82b7dada80"},"headline":"Cannes 2024 &#8211; Palmar\u00e8s de la section Un Certain Regard","datePublished":"2024-05-25T01:55:00+00:00","dateModified":"2025-05-21T08:55:42+00:00","mainEntityOfPage":{"@id":"https:\/\/www.webdo.tn\/fr\/actualite\/culture\/cannes-2024-palmares-un-certain-regard\/214365\/"},"wordCount":263,"commentCount":0,"publisher":{"@id":"https:\/\/www.webdo.tn\/fr\/#organization"},"image":{"@id":"https:\/\/www.webdo.tn\/fr\/actualite\/culture\/cannes-2024-palmares-un-certain-regard\/214365\/#primaryimage"},"thumbnailUrl":"https:\/\/www.webdo.tn\/fr\/wp-content\/uploads\/2024\/05\/5a7ee7b514c0bd342cbdb07dcf794ffb.webp","keywords":["Cannes 2024","Festival de Cannes","Palmar\u00e8s","Un Certain Regard"],"articleSection":["Culture"],"inLanguage":"fr-FR"},{"@type":"WebPage","@id":"https:\/\/www.webdo.tn\/fr\/actualite\/culture\/cannes-2024-palmares-un-certain-regard\/214365\/","url":"https:\/\/www.webdo.tn\/fr\/actualite\/culture\/cannes-2024-palmares-un-certain-regard\/214365\/","name":"Cannes 2024 - Palmar\u00e8s de la section Un Certain Regard","isPartOf":{"@id":"https:\/\/www.webdo.tn\/fr\/#website"},"primaryImageOfPage":{"@id":"https:\/\/www.webdo.tn\/fr\/actualite\/culture\/cannes-2024-palmares-un-certain-regard\/214365\/#primaryimage"},"image":{"@id":"https:\/\/www.webdo.tn\/fr\/actualite\/culture\/cannes-2024-palmares-un-certain-regard\/214365\/#primaryimage"},"thumbnailUrl":"https:\/\/www.webdo.tn\/fr\/wp-content\/uploads\/2024\/05\/5a7ee7b514c0bd342cbdb07dcf794ffb.webp","datePublished":"2024-05-25T01:55:00+00:00","dateModified":"2025-05-21T08:55:42+00:00","description":"Cannes 2024 - Palmar\u00e8s de la section Un Certain Regard","breadcrumb":{"@id":"https:\/\/www.webdo.tn\/fr\/actualite\/culture\/cannes-2024-palmares-un-certain-regard\/214365\/#breadcrumb"},"inLanguage":"fr-FR","potentialAction":[{"@type":"ReadAction","target":["https:\/\/www.webdo.tn\/fr\/actualite\/culture\/cannes-2024-palmares-un-certain-regard\/214365\/"]}]},{"@type":"ImageObject","inLanguage":"fr-FR","@id":"https:\/\/www.webdo.tn\/fr\/actualite\/culture\/cannes-2024-palmares-un-certain-regard\/214365\/#primaryimage","url":"https:\/\/www.webdo.tn\/fr\/wp-content\/uploads\/2024\/05\/5a7ee7b514c0bd342cbdb07dcf794ffb.webp","contentUrl":"https:\/\/www.webdo.tn\/fr\/wp-content\/uploads\/2024\/05\/5a7ee7b514c0bd342cbdb07dcf794ffb.webp","width":750,"height":400,"caption":"Cannes 2024 - Palmar\u00e8s de la section Un Certain Regard"},{"@type":"BreadcrumbList","@id":"https:\/\/www.webdo.tn\/fr\/actualite\/culture\/cannes-2024-palmares-un-certain-regard\/214365\/#breadcrumb","itemListElement":[{"@type":"ListItem","position":1,"name":"Accueil","item":"https:\/\/www.webdo.tn\/fr\/"},{"@type":"ListItem","position":2,"name":"Cannes 2024 &#8211; Palmar\u00e8s de la section Un Certain Regard"}]},{"@type":"WebSite","@id":"https:\/\/www.webdo.tn\/fr\/#website","url":"https:\/\/www.webdo.tn\/fr\/","name":"webdo","description":"Tunisie - News en Tunisie et \u00e0 l&#039;international sur Webdo.tn","publisher":{"@id":"https:\/\/www.webdo.tn\/fr\/#organization"},"potentialAction":[{"@type":"SearchAction","target":{"@type":"EntryPoint","urlTemplate":"https:\/\/www.webdo.tn\/fr\/?s={search_term_string}"},"query-input":{"@type":"PropertyValueSpecification","valueRequired":true,"valueName":"search_term_string"}}],"inLanguage":"fr-FR"},{"@type":"Organization","@id":"https:\/\/www.webdo.tn\/fr\/#organization","name":"Webdo","alternateName":"Webdo.tn","url":"https:\/\/www.webdo.tn\/fr\/","logo":{"@type":"ImageObject","inLanguage":"fr-FR","@id":"https:\/\/www.webdo.tn\/fr\/#\/schema\/logo\/image\/","url":"https:\/\/www.webdo.tn\/fr\/wp-content\/uploads\/2025\/06\/Webdo-Tunisie_168377.jpg","contentUrl":"https:\/\/www.webdo.tn\/fr\/wp-content\/uploads\/2025\/06\/Webdo-Tunisie_168377.jpg","width":301,"height":301,"caption":"Webdo"},"image":{"@id":"https:\/\/www.webdo.tn\/fr\/#\/schema\/logo\/image\/"},"sameAs":["https:\/\/www.facebook.com\/webdotn","https:\/\/x.com\/webdo_tn"],"description":"Webdo est un m\u00e9dia num\u00e9rique tunisien fond\u00e9 en 2010, sp\u00e9cialis\u00e9 dans l\u2019actualit\u00e9 nationale et internationale, l\u2019\u00e9conomie, la soci\u00e9t\u00e9 et les analyses politiques. Le site s\u2019adresse \u00e0 un large public francophone et couvre l\u2019information tunisienne en temps r\u00e9el.","email":"redac@webdo.tn","legalName":"YNJ SARL","foundingDate":"2010-09-06","numberOfEmployees":{"@type":"QuantitativeValue","minValue":"11","maxValue":"50"}},{"@type":"Person","@id":"https:\/\/www.webdo.tn\/fr\/#\/schema\/person\/60d5ba619ed3f58783b0dc82b7dada80","name":"Ne\u00efla DRISS","image":{"@type":"ImageObject","inLanguage":"fr-FR","@id":"https:\/\/www.webdo.tn\/fr\/wp-content\/uploads\/2026\/04\/neila-driss_avatar-96x96.jpg","url":"https:\/\/www.webdo.tn\/fr\/wp-content\/uploads\/2026\/04\/neila-driss_avatar-96x96.jpg","contentUrl":"https:\/\/www.webdo.tn\/fr\/wp-content\/uploads\/2026\/04\/neila-driss_avatar-96x96.jpg","caption":"Ne\u00efla DRISS"},"description":"Ne\u00efla Driss est juriste, journaliste culturelle et critique de cin\u00e9ma tunisienne. Titulaire d\u2019un DEA en droit priv\u00e9 de l\u2019Universit\u00e9 Paris II et d\u2019un DESS de l\u2019IHEC Carthage, elle d\u00e9bute sa carri\u00e8re comme juriste sp\u00e9cialis\u00e9e en gestion de patrimoine immobilier. Elle s\u2019oriente ensuite vers l\u2019\u00e9criture en ligne, o\u00f9 elle se distingue d\u00e8s 2006 aux Tunisia Blog Awards, avant de se consacrer au journalisme culturel, avec une sp\u00e9cialisation dans la critique cin\u00e9matographique. Elle couvre r\u00e9guli\u00e8rement les grands festivals internationaux, notamment le Festival de Cannes, les Journ\u00e9es Cin\u00e9matographiques de Carthage et le Festival du film du Caire. Membre de l\u2019ATPCC et de la FIPRESCI, elle participe \u00e0 des jurys et initiatives internationales de critique. Depuis 2024, elle est \u00e9lectrice internationale aux Golden Globes. Facebook : https:\/\/www.facebook.com\/massir.destiniii\/ X : https:\/\/x.com\/MassirDestin","sameAs":["https:\/\/www.facebook.com\/massir.destiniii\/","https:\/\/www.instagram.com\/neila.driss\/?hl=fr","https:\/\/www.linkedin.com\/in\/neila-driss-22606a80\/","https:\/\/x.com\/https:\/\/x.com\/MassirDestin"],"knowsAbout":["Cin\u00e9ma international","critique cin\u00e9matographique","festivals de cin\u00e9ma","journalisme culturel"],"knowsLanguage":["Fran\u00e7ais","Arabe","Anglais"],"jobTitle":"Journaliste culturelle et critique de cin\u00e9ma","worksFor":"Webdo","url":"https:\/\/www.webdo.tn\/fr\/actualite\/author\/neila-driss\/"}]}},"_links":{"self":[{"href":"https:\/\/www.webdo.tn\/fr\/wp-json\/wp\/v2\/posts\/214365","targetHints":{"allow":["GET"]}}],"collection":[{"href":"https:\/\/www.webdo.tn\/fr\/wp-json\/wp\/v2\/posts"}],"about":[{"href":"https:\/\/www.webdo.tn\/fr\/wp-json\/wp\/v2\/types\/post"}],"author":[{"embeddable":true,"href":"https:\/\/www.webdo.tn\/fr\/wp-json\/wp\/v2\/users\/3164"}],"replies":[{"embeddable":true,"href":"https:\/\/www.webdo.tn\/fr\/wp-json\/wp\/v2\/comments?post=214365"}],"version-history":[{"count":0,"href":"https:\/\/www.webdo.tn\/fr\/wp-json\/wp\/v2\/posts\/214365\/revisions"}],"wp:featuredmedia":[{"embeddable":true,"href":"https:\/\/www.webdo.tn\/fr\/wp-json\/wp\/v2\/media\/247310"}],"wp:attachment":[{"href":"https:\/\/www.webdo.tn\/fr\/wp-json\/wp\/v2\/media?parent=214365"}],"wp:term":[{"taxonomy":"category","embeddable":true,"href":"https:\/\/www.webdo.tn\/fr\/wp-json\/wp\/v2\/categories?post=214365"},{"taxonomy":"post_tag","embeddable":true,"href":"https:\/\/www.webdo.tn\/fr\/wp-json\/wp\/v2\/tags?post=214365"}],"curies":[{"name":"wp","href":"https:\/\/api.w.org\/{rel}","templated":true}]}}