{"id":214358,"date":"2024-05-24T12:54:00","date_gmt":"2024-05-24T12:54:00","guid":{"rendered":"https:\/\/www.webdo.tn\/fr\/blog\/tunisie-jaouher-ben-mbarek-devant-la-cour-d-appel\/214358\/"},"modified":"2025-05-21T09:10:59","modified_gmt":"2025-05-21T09:10:59","slug":"tunisie-jaouher-ben-mbarek-devant-la-cour-d-appel","status":"publish","type":"post","link":"https:\/\/www.webdo.tn\/fr\/actualite\/national\/tunisie-jaouher-ben-mbarek-devant-la-cour-d-appel\/214358\/","title":{"rendered":"Tunisie : Jaouher Ben Mbarek devant la Cour d&rsquo;appel"},"content":{"rendered":"<p>Le dirigeant du Front du Salut, Jaouher Ben Mbarek, doit compara\u00eetre, ce vendredi 24 mai 2024,  devant la chambre p\u00e9nale de la cour d&rsquo;appel de Tunis.<\/p>\n<p>\t\t\t\t\t\t\t\t\tJaouher Ben Mbarek, membre du Front de salut national et professeur de droit constitutionnel, doit \u00eatre pr\u00e9sent\u00e9 aujourd\u2019hui devant la chambre p\u00e9nale de la Cour d&rsquo;appel de Tunis pour l\u2019examen de l&rsquo;appel qu&rsquo;il a interjet\u00e9 contre un jugement de premi\u00e8re instance le condamnant \u00e0 six mois de prison.<\/p>\n<p>Une peine de six mois de prison lui a \u00e9t\u00e9 inflig\u00e9e le 24 f\u00e9vrier dernier par la sixi\u00e8me Chambre p\u00e9nale aupr\u00e8s du Tribunal de premi\u00e8re instance de Tunis \u00e0 la suite d&rsquo;une plainte d\u00e9pos\u00e9e par Farouk Bouasker, pr\u00e9sident de l&rsquo;Instance sup\u00e9rieure ind\u00e9pendante pour les \u00e9lections, sur la base du D\u00e9cret 54 concernant une d\u00e9claration m\u00e9diatique.<\/p>\n<p>Le porte-parole du Front de salut national, a \u00e9t\u00e9 arr\u00eat\u00e9 le 24 f\u00e9vrier 2023 et un mandat de d\u00e9p\u00f4t a \u00e9mis \u00e0 son encontre le 25 f\u00e9vrier 2023 dans le cadre de l&rsquo;affaire dite de \u00ab\u00a0complot contre la s\u00fbret\u00e9 de l\u2019\u00c9tat\u00a0\u00bb.<\/p>\n","protected":false},"excerpt":{"rendered":"<p>Jaouher Ben Mbarek, membre du Front de salut national et professeur de droit constitutionnel, doit \u00eatre pr\u00e9sent\u00e9 aujourd\u2019hui devant la chambre p\u00e9nale de la Cour&#8230;<\/p>\n","protected":false},"author":3169,"featured_media":247309,"comment_status":"open","ping_status":"closed","sticky":false,"template":"","format":"standard","meta":{"footnotes":""},"categories":[44],"tags":[4263,2835,3284,6427,2708,2608],"class_list":["post-214358","post","type-post","status-publish","format-standard","has-post-thumbnail","hentry","category-national","tag-appel","tag-condamnation","tag-decret-54","tag-jaouher-ben-mbarek","tag-prison","tag-tunisie"],"yoast_head":"<!-- This site is optimized with the Yoast SEO Premium plugin v27.5 (Yoast SEO v27.5) - https:\/\/yoast.com\/product\/yoast-seo-premium-wordpress\/ -->\n<title>Tunisie : Jaouher Ben Mbarek devant la Cour d&#039;appel<\/title>\n<meta name=\"description\" content=\"Jaouher Ben Mbarek, membre du Front de salut national et professeur de droit constitutionnel, doit \u00eatre pr\u00e9sent\u00e9 aujourd\u2019hui devant la chambre p\u00e9nale de la Cour...\" \/>\n<link rel=\"canonical\" href=\"https:\/\/www.webdo.tn\/fr\/actualite\/national\/tunisie-jaouher-ben-mbarek-devant-la-cour-d-appel\/214358\/\" \/>\n<meta property=\"og:locale\" content=\"fr_FR\" \/>\n<meta property=\"og:type\" content=\"article\" \/>\n<meta property=\"og:title\" content=\"Tunisie : Jaouher Ben Mbarek devant la Cour d&#039;appel\" \/>\n<meta property=\"og:description\" content=\"Jaouher Ben Mbarek, membre du Front de salut national et professeur de droit constitutionnel, doit \u00eatre pr\u00e9sent\u00e9 aujourd\u2019hui devant la chambre p\u00e9nale de la Cour...\" \/>\n<meta property=\"og:url\" content=\"https:\/\/www.webdo.tn\/fr\/actualite\/national\/tunisie-jaouher-ben-mbarek-devant-la-cour-d-appel\/214358\/\" \/>\n<meta property=\"og:site_name\" content=\"webdo\" \/>\n<meta property=\"article:publisher\" content=\"https:\/\/www.facebook.com\/webdotn\" \/>\n<meta property=\"article:published_time\" content=\"2024-05-24T12:54:00+00:00\" \/>\n<meta property=\"article:modified_time\" content=\"2025-05-21T09:10:59+00:00\" \/>\n<meta property=\"og:image\" content=\"https:\/\/www.webdo.tn\/fr\/wp-content\/uploads\/2024\/05\/eb670480cfc9411d208e18d131e2b00b.webp\" \/>\n\t<meta property=\"og:image:width\" content=\"750\" \/>\n\t<meta property=\"og:image:height\" content=\"400\" \/>\n\t<meta property=\"og:image:type\" content=\"image\/webp\" \/>\n<meta name=\"author\" content=\"Webdo\" \/>\n<meta name=\"twitter:card\" content=\"summary_large_image\" \/>\n<meta name=\"twitter:creator\" content=\"@webdo_tn\" \/>\n<meta name=\"twitter:site\" content=\"@webdo_tn\" \/>\n<meta name=\"twitter:label1\" content=\"\u00c9crit par\" \/>\n\t<meta name=\"twitter:data1\" content=\"Webdo\" \/>\n\t<meta name=\"twitter:label2\" content=\"Dur\u00e9e de lecture estim\u00e9e\" \/>\n\t<meta name=\"twitter:data2\" content=\"1 minute\" \/>\n<script type=\"application\/ld+json\" class=\"yoast-schema-graph\">{\"@context\":\"https:\\\/\\\/schema.org\",\"@graph\":[{\"@type\":\"NewsArticle\",\"@id\":\"https:\\\/\\\/www.webdo.tn\\\/fr\\\/actualite\\\/national\\\/tunisie-jaouher-ben-mbarek-devant-la-cour-d-appel\\\/214358\\\/#article\",\"isPartOf\":{\"@id\":\"https:\\\/\\\/www.webdo.tn\\\/fr\\\/actualite\\\/national\\\/tunisie-jaouher-ben-mbarek-devant-la-cour-d-appel\\\/214358\\\/\"},\"author\":{\"name\":\"Webdo\",\"@id\":\"https:\\\/\\\/www.webdo.tn\\\/fr\\\/#\\\/schema\\\/person\\\/1f4e491e0907b413d61089e8eb573acc\"},\"headline\":\"Tunisie : Jaouher Ben Mbarek devant la Cour d&rsquo;appel\",\"datePublished\":\"2024-05-24T12:54:00+00:00\",\"dateModified\":\"2025-05-21T09:10:59+00:00\",\"mainEntityOfPage\":{\"@id\":\"https:\\\/\\\/www.webdo.tn\\\/fr\\\/actualite\\\/national\\\/tunisie-jaouher-ben-mbarek-devant-la-cour-d-appel\\\/214358\\\/\"},\"wordCount\":203,\"commentCount\":0,\"publisher\":{\"@id\":\"https:\\\/\\\/www.webdo.tn\\\/fr\\\/#organization\"},\"image\":{\"@id\":\"https:\\\/\\\/www.webdo.tn\\\/fr\\\/actualite\\\/national\\\/tunisie-jaouher-ben-mbarek-devant-la-cour-d-appel\\\/214358\\\/#primaryimage\"},\"thumbnailUrl\":\"https:\\\/\\\/www.webdo.tn\\\/fr\\\/wp-content\\\/uploads\\\/2024\\\/05\\\/eb670480cfc9411d208e18d131e2b00b.webp\",\"keywords\":[\"appel\",\"condamnation\",\"d\u00e9cret 54\",\"jaouher ben mbarek\",\"Prison\",\"Tunisie\"],\"articleSection\":[\"National\"],\"inLanguage\":\"fr-FR\"},{\"@type\":\"WebPage\",\"@id\":\"https:\\\/\\\/www.webdo.tn\\\/fr\\\/actualite\\\/national\\\/tunisie-jaouher-ben-mbarek-devant-la-cour-d-appel\\\/214358\\\/\",\"url\":\"https:\\\/\\\/www.webdo.tn\\\/fr\\\/actualite\\\/national\\\/tunisie-jaouher-ben-mbarek-devant-la-cour-d-appel\\\/214358\\\/\",\"name\":\"Tunisie : Jaouher Ben Mbarek devant la Cour d'appel\",\"isPartOf\":{\"@id\":\"https:\\\/\\\/www.webdo.tn\\\/fr\\\/#website\"},\"primaryImageOfPage\":{\"@id\":\"https:\\\/\\\/www.webdo.tn\\\/fr\\\/actualite\\\/national\\\/tunisie-jaouher-ben-mbarek-devant-la-cour-d-appel\\\/214358\\\/#primaryimage\"},\"image\":{\"@id\":\"https:\\\/\\\/www.webdo.tn\\\/fr\\\/actualite\\\/national\\\/tunisie-jaouher-ben-mbarek-devant-la-cour-d-appel\\\/214358\\\/#primaryimage\"},\"thumbnailUrl\":\"https:\\\/\\\/www.webdo.tn\\\/fr\\\/wp-content\\\/uploads\\\/2024\\\/05\\\/eb670480cfc9411d208e18d131e2b00b.webp\",\"datePublished\":\"2024-05-24T12:54:00+00:00\",\"dateModified\":\"2025-05-21T09:10:59+00:00\",\"description\":\"Jaouher Ben Mbarek, membre du Front de salut national et professeur de droit constitutionnel, doit \u00eatre pr\u00e9sent\u00e9 aujourd\u2019hui devant la chambre p\u00e9nale de la Cour...\",\"breadcrumb\":{\"@id\":\"https:\\\/\\\/www.webdo.tn\\\/fr\\\/actualite\\\/national\\\/tunisie-jaouher-ben-mbarek-devant-la-cour-d-appel\\\/214358\\\/#breadcrumb\"},\"inLanguage\":\"fr-FR\",\"potentialAction\":[{\"@type\":\"ReadAction\",\"target\":[\"https:\\\/\\\/www.webdo.tn\\\/fr\\\/actualite\\\/national\\\/tunisie-jaouher-ben-mbarek-devant-la-cour-d-appel\\\/214358\\\/\"]}]},{\"@type\":\"ImageObject\",\"inLanguage\":\"fr-FR\",\"@id\":\"https:\\\/\\\/www.webdo.tn\\\/fr\\\/actualite\\\/national\\\/tunisie-jaouher-ben-mbarek-devant-la-cour-d-appel\\\/214358\\\/#primaryimage\",\"url\":\"https:\\\/\\\/www.webdo.tn\\\/fr\\\/wp-content\\\/uploads\\\/2024\\\/05\\\/eb670480cfc9411d208e18d131e2b00b.webp\",\"contentUrl\":\"https:\\\/\\\/www.webdo.tn\\\/fr\\\/wp-content\\\/uploads\\\/2024\\\/05\\\/eb670480cfc9411d208e18d131e2b00b.webp\",\"width\":750,\"height\":400,\"caption\":\"Tunisie : Jaouher Ben Mbarek devant la Cour d'appel\"},{\"@type\":\"BreadcrumbList\",\"@id\":\"https:\\\/\\\/www.webdo.tn\\\/fr\\\/actualite\\\/national\\\/tunisie-jaouher-ben-mbarek-devant-la-cour-d-appel\\\/214358\\\/#breadcrumb\",\"itemListElement\":[{\"@type\":\"ListItem\",\"position\":1,\"name\":\"Accueil\",\"item\":\"https:\\\/\\\/www.webdo.tn\\\/fr\\\/\"},{\"@type\":\"ListItem\",\"position\":2,\"name\":\"Tunisie : Jaouher Ben Mbarek devant la Cour d&#8217;appel\"}]},{\"@type\":\"WebSite\",\"@id\":\"https:\\\/\\\/www.webdo.tn\\\/fr\\\/#website\",\"url\":\"https:\\\/\\\/www.webdo.tn\\\/fr\\\/\",\"name\":\"webdo\",\"description\":\"Tunisie - News en Tunisie et \u00e0 l&#039;international sur Webdo.tn\",\"publisher\":{\"@id\":\"https:\\\/\\\/www.webdo.tn\\\/fr\\\/#organization\"},\"potentialAction\":[{\"@type\":\"SearchAction\",\"target\":{\"@type\":\"EntryPoint\",\"urlTemplate\":\"https:\\\/\\\/www.webdo.tn\\\/fr\\\/?s={search_term_string}\"},\"query-input\":{\"@type\":\"PropertyValueSpecification\",\"valueRequired\":true,\"valueName\":\"search_term_string\"}}],\"inLanguage\":\"fr-FR\"},{\"@type\":\"Organization\",\"@id\":\"https:\\\/\\\/www.webdo.tn\\\/fr\\\/#organization\",\"name\":\"Webdo\",\"alternateName\":\"Webdo.tn\",\"url\":\"https:\\\/\\\/www.webdo.tn\\\/fr\\\/\",\"logo\":{\"@type\":\"ImageObject\",\"inLanguage\":\"fr-FR\",\"@id\":\"https:\\\/\\\/www.webdo.tn\\\/fr\\\/#\\\/schema\\\/logo\\\/image\\\/\",\"url\":\"https:\\\/\\\/www.webdo.tn\\\/fr\\\/wp-content\\\/uploads\\\/2025\\\/06\\\/Webdo-Tunisie_168377.jpg\",\"contentUrl\":\"https:\\\/\\\/www.webdo.tn\\\/fr\\\/wp-content\\\/uploads\\\/2025\\\/06\\\/Webdo-Tunisie_168377.jpg\",\"width\":301,\"height\":301,\"caption\":\"Webdo\"},\"image\":{\"@id\":\"https:\\\/\\\/www.webdo.tn\\\/fr\\\/#\\\/schema\\\/logo\\\/image\\\/\"},\"sameAs\":[\"https:\\\/\\\/www.facebook.com\\\/webdotn\",\"https:\\\/\\\/x.com\\\/webdo_tn\"],\"description\":\"Webdo est un m\u00e9dia num\u00e9rique tunisien fond\u00e9 en 2010, sp\u00e9cialis\u00e9 dans l\u2019actualit\u00e9 nationale et internationale, l\u2019\u00e9conomie, la soci\u00e9t\u00e9 et les analyses politiques. Le site s\u2019adresse \u00e0 un large public francophone et couvre l\u2019information tunisienne en temps r\u00e9el.\",\"email\":\"redac@webdo.tn\",\"legalName\":\"YNJ SARL\",\"foundingDate\":\"2010-09-06\",\"numberOfEmployees\":{\"@type\":\"QuantitativeValue\",\"minValue\":\"11\",\"maxValue\":\"50\"}},{\"@type\":\"Person\",\"@id\":\"https:\\\/\\\/www.webdo.tn\\\/fr\\\/#\\\/schema\\\/person\\\/1f4e491e0907b413d61089e8eb573acc\",\"name\":\"Webdo\",\"image\":{\"@type\":\"ImageObject\",\"inLanguage\":\"fr-FR\",\"@id\":\"https:\\\/\\\/secure.gravatar.com\\\/avatar\\\/de97aeec1bb80978a9dbb127e47dfc88aaacb2f3c29aac907d8d3222e3495d49?s=96&d=mm&r=g\",\"url\":\"https:\\\/\\\/secure.gravatar.com\\\/avatar\\\/de97aeec1bb80978a9dbb127e47dfc88aaacb2f3c29aac907d8d3222e3495d49?s=96&d=mm&r=g\",\"contentUrl\":\"https:\\\/\\\/secure.gravatar.com\\\/avatar\\\/de97aeec1bb80978a9dbb127e47dfc88aaacb2f3c29aac907d8d3222e3495d49?s=96&d=mm&r=g\",\"caption\":\"Webdo\"},\"url\":\"https:\\\/\\\/www.webdo.tn\\\/fr\\\/actualite\\\/author\\\/webdo\\\/\"}]}<\/script>\n<!-- \/ Yoast SEO Premium plugin. -->","yoast_head_json":{"title":"Tunisie : Jaouher Ben Mbarek devant la Cour d'appel","description":"Jaouher Ben Mbarek, membre du Front de salut national et professeur de droit constitutionnel, doit \u00eatre pr\u00e9sent\u00e9 aujourd\u2019hui devant la chambre p\u00e9nale de la Cour...","canonical":"https:\/\/www.webdo.tn\/fr\/actualite\/national\/tunisie-jaouher-ben-mbarek-devant-la-cour-d-appel\/214358\/","og_locale":"fr_FR","og_type":"article","og_title":"Tunisie : Jaouher Ben Mbarek devant la Cour d'appel","og_description":"Jaouher Ben Mbarek, membre du Front de salut national et professeur de droit constitutionnel, doit \u00eatre pr\u00e9sent\u00e9 aujourd\u2019hui devant la chambre p\u00e9nale de la Cour...","og_url":"https:\/\/www.webdo.tn\/fr\/actualite\/national\/tunisie-jaouher-ben-mbarek-devant-la-cour-d-appel\/214358\/","og_site_name":"webdo","article_publisher":"https:\/\/www.facebook.com\/webdotn","article_published_time":"2024-05-24T12:54:00+00:00","article_modified_time":"2025-05-21T09:10:59+00:00","og_image":[{"width":750,"height":400,"url":"https:\/\/www.webdo.tn\/fr\/wp-content\/uploads\/2024\/05\/eb670480cfc9411d208e18d131e2b00b.webp","type":"image\/webp"}],"author":"Webdo","twitter_card":"summary_large_image","twitter_creator":"@webdo_tn","twitter_site":"@webdo_tn","twitter_misc":{"\u00c9crit par":"Webdo","Dur\u00e9e de lecture estim\u00e9e":"1 minute"},"schema":{"@context":"https:\/\/schema.org","@graph":[{"@type":"NewsArticle","@id":"https:\/\/www.webdo.tn\/fr\/actualite\/national\/tunisie-jaouher-ben-mbarek-devant-la-cour-d-appel\/214358\/#article","isPartOf":{"@id":"https:\/\/www.webdo.tn\/fr\/actualite\/national\/tunisie-jaouher-ben-mbarek-devant-la-cour-d-appel\/214358\/"},"author":{"name":"Webdo","@id":"https:\/\/www.webdo.tn\/fr\/#\/schema\/person\/1f4e491e0907b413d61089e8eb573acc"},"headline":"Tunisie : Jaouher Ben Mbarek devant la Cour d&rsquo;appel","datePublished":"2024-05-24T12:54:00+00:00","dateModified":"2025-05-21T09:10:59+00:00","mainEntityOfPage":{"@id":"https:\/\/www.webdo.tn\/fr\/actualite\/national\/tunisie-jaouher-ben-mbarek-devant-la-cour-d-appel\/214358\/"},"wordCount":203,"commentCount":0,"publisher":{"@id":"https:\/\/www.webdo.tn\/fr\/#organization"},"image":{"@id":"https:\/\/www.webdo.tn\/fr\/actualite\/national\/tunisie-jaouher-ben-mbarek-devant-la-cour-d-appel\/214358\/#primaryimage"},"thumbnailUrl":"https:\/\/www.webdo.tn\/fr\/wp-content\/uploads\/2024\/05\/eb670480cfc9411d208e18d131e2b00b.webp","keywords":["appel","condamnation","d\u00e9cret 54","jaouher ben mbarek","Prison","Tunisie"],"articleSection":["National"],"inLanguage":"fr-FR"},{"@type":"WebPage","@id":"https:\/\/www.webdo.tn\/fr\/actualite\/national\/tunisie-jaouher-ben-mbarek-devant-la-cour-d-appel\/214358\/","url":"https:\/\/www.webdo.tn\/fr\/actualite\/national\/tunisie-jaouher-ben-mbarek-devant-la-cour-d-appel\/214358\/","name":"Tunisie : Jaouher Ben Mbarek devant la Cour d'appel","isPartOf":{"@id":"https:\/\/www.webdo.tn\/fr\/#website"},"primaryImageOfPage":{"@id":"https:\/\/www.webdo.tn\/fr\/actualite\/national\/tunisie-jaouher-ben-mbarek-devant-la-cour-d-appel\/214358\/#primaryimage"},"image":{"@id":"https:\/\/www.webdo.tn\/fr\/actualite\/national\/tunisie-jaouher-ben-mbarek-devant-la-cour-d-appel\/214358\/#primaryimage"},"thumbnailUrl":"https:\/\/www.webdo.tn\/fr\/wp-content\/uploads\/2024\/05\/eb670480cfc9411d208e18d131e2b00b.webp","datePublished":"2024-05-24T12:54:00+00:00","dateModified":"2025-05-21T09:10:59+00:00","description":"Jaouher Ben Mbarek, membre du Front de salut national et professeur de droit constitutionnel, doit \u00eatre pr\u00e9sent\u00e9 aujourd\u2019hui devant la chambre p\u00e9nale de la Cour...","breadcrumb":{"@id":"https:\/\/www.webdo.tn\/fr\/actualite\/national\/tunisie-jaouher-ben-mbarek-devant-la-cour-d-appel\/214358\/#breadcrumb"},"inLanguage":"fr-FR","potentialAction":[{"@type":"ReadAction","target":["https:\/\/www.webdo.tn\/fr\/actualite\/national\/tunisie-jaouher-ben-mbarek-devant-la-cour-d-appel\/214358\/"]}]},{"@type":"ImageObject","inLanguage":"fr-FR","@id":"https:\/\/www.webdo.tn\/fr\/actualite\/national\/tunisie-jaouher-ben-mbarek-devant-la-cour-d-appel\/214358\/#primaryimage","url":"https:\/\/www.webdo.tn\/fr\/wp-content\/uploads\/2024\/05\/eb670480cfc9411d208e18d131e2b00b.webp","contentUrl":"https:\/\/www.webdo.tn\/fr\/wp-content\/uploads\/2024\/05\/eb670480cfc9411d208e18d131e2b00b.webp","width":750,"height":400,"caption":"Tunisie : Jaouher Ben Mbarek devant la Cour d'appel"},{"@type":"BreadcrumbList","@id":"https:\/\/www.webdo.tn\/fr\/actualite\/national\/tunisie-jaouher-ben-mbarek-devant-la-cour-d-appel\/214358\/#breadcrumb","itemListElement":[{"@type":"ListItem","position":1,"name":"Accueil","item":"https:\/\/www.webdo.tn\/fr\/"},{"@type":"ListItem","position":2,"name":"Tunisie : Jaouher Ben Mbarek devant la Cour d&#8217;appel"}]},{"@type":"WebSite","@id":"https:\/\/www.webdo.tn\/fr\/#website","url":"https:\/\/www.webdo.tn\/fr\/","name":"webdo","description":"Tunisie - News en Tunisie et \u00e0 l&#039;international sur Webdo.tn","publisher":{"@id":"https:\/\/www.webdo.tn\/fr\/#organization"},"potentialAction":[{"@type":"SearchAction","target":{"@type":"EntryPoint","urlTemplate":"https:\/\/www.webdo.tn\/fr\/?s={search_term_string}"},"query-input":{"@type":"PropertyValueSpecification","valueRequired":true,"valueName":"search_term_string"}}],"inLanguage":"fr-FR"},{"@type":"Organization","@id":"https:\/\/www.webdo.tn\/fr\/#organization","name":"Webdo","alternateName":"Webdo.tn","url":"https:\/\/www.webdo.tn\/fr\/","logo":{"@type":"ImageObject","inLanguage":"fr-FR","@id":"https:\/\/www.webdo.tn\/fr\/#\/schema\/logo\/image\/","url":"https:\/\/www.webdo.tn\/fr\/wp-content\/uploads\/2025\/06\/Webdo-Tunisie_168377.jpg","contentUrl":"https:\/\/www.webdo.tn\/fr\/wp-content\/uploads\/2025\/06\/Webdo-Tunisie_168377.jpg","width":301,"height":301,"caption":"Webdo"},"image":{"@id":"https:\/\/www.webdo.tn\/fr\/#\/schema\/logo\/image\/"},"sameAs":["https:\/\/www.facebook.com\/webdotn","https:\/\/x.com\/webdo_tn"],"description":"Webdo est un m\u00e9dia num\u00e9rique tunisien fond\u00e9 en 2010, sp\u00e9cialis\u00e9 dans l\u2019actualit\u00e9 nationale et internationale, l\u2019\u00e9conomie, la soci\u00e9t\u00e9 et les analyses politiques. Le site s\u2019adresse \u00e0 un large public francophone et couvre l\u2019information tunisienne en temps r\u00e9el.","email":"redac@webdo.tn","legalName":"YNJ SARL","foundingDate":"2010-09-06","numberOfEmployees":{"@type":"QuantitativeValue","minValue":"11","maxValue":"50"}},{"@type":"Person","@id":"https:\/\/www.webdo.tn\/fr\/#\/schema\/person\/1f4e491e0907b413d61089e8eb573acc","name":"Webdo","image":{"@type":"ImageObject","inLanguage":"fr-FR","@id":"https:\/\/secure.gravatar.com\/avatar\/de97aeec1bb80978a9dbb127e47dfc88aaacb2f3c29aac907d8d3222e3495d49?s=96&d=mm&r=g","url":"https:\/\/secure.gravatar.com\/avatar\/de97aeec1bb80978a9dbb127e47dfc88aaacb2f3c29aac907d8d3222e3495d49?s=96&d=mm&r=g","contentUrl":"https:\/\/secure.gravatar.com\/avatar\/de97aeec1bb80978a9dbb127e47dfc88aaacb2f3c29aac907d8d3222e3495d49?s=96&d=mm&r=g","caption":"Webdo"},"url":"https:\/\/www.webdo.tn\/fr\/actualite\/author\/webdo\/"}]}},"_links":{"self":[{"href":"https:\/\/www.webdo.tn\/fr\/wp-json\/wp\/v2\/posts\/214358","targetHints":{"allow":["GET"]}}],"collection":[{"href":"https:\/\/www.webdo.tn\/fr\/wp-json\/wp\/v2\/posts"}],"about":[{"href":"https:\/\/www.webdo.tn\/fr\/wp-json\/wp\/v2\/types\/post"}],"author":[{"embeddable":true,"href":"https:\/\/www.webdo.tn\/fr\/wp-json\/wp\/v2\/users\/3169"}],"replies":[{"embeddable":true,"href":"https:\/\/www.webdo.tn\/fr\/wp-json\/wp\/v2\/comments?post=214358"}],"version-history":[{"count":0,"href":"https:\/\/www.webdo.tn\/fr\/wp-json\/wp\/v2\/posts\/214358\/revisions"}],"wp:featuredmedia":[{"embeddable":true,"href":"https:\/\/www.webdo.tn\/fr\/wp-json\/wp\/v2\/media\/247309"}],"wp:attachment":[{"href":"https:\/\/www.webdo.tn\/fr\/wp-json\/wp\/v2\/media?parent=214358"}],"wp:term":[{"taxonomy":"category","embeddable":true,"href":"https:\/\/www.webdo.tn\/fr\/wp-json\/wp\/v2\/categories?post=214358"},{"taxonomy":"post_tag","embeddable":true,"href":"https:\/\/www.webdo.tn\/fr\/wp-json\/wp\/v2\/tags?post=214358"}],"curies":[{"name":"wp","href":"https:\/\/api.w.org\/{rel}","templated":true}]}}