{"id":214351,"date":"2024-05-24T10:03:00","date_gmt":"2024-05-24T10:03:00","guid":{"rendered":"https:\/\/www.webdo.tn\/fr\/blog\/championnats-du-monde-de-para-athletisme-15-medailles-pour-la-tunisie\/214351\/"},"modified":"2025-05-20T22:13:30","modified_gmt":"2025-05-20T22:13:30","slug":"championnats-du-monde-de-para-athletisme-15-medailles-pour-la-tunisie","status":"publish","type":"post","link":"https:\/\/www.webdo.tn\/fr\/actualite\/sport\/championnats-du-monde-de-para-athletisme-15-medailles-pour-la-tunisie\/214351\/","title":{"rendered":"Championnats du monde de para-athl\u00e9tisme : 15 m\u00e9dailles pour la Tunisie"},"content":{"rendered":"<p>La Tunisie est en train de faire bonne figure aux championnats du monde de para-athl\u00e9tisme qui se d\u00e9roulent actuellement \u00e0 Kobe, au Japon. Elle totalise actuellement 15 m\u00e9dailles dont 3 en or.<\/p>\n<p>\t\t\t\t\t\t\t\t\tLa Tunisie, qui participe aux 11\u00e8mes championnats du monde de para-athl\u00e9tisme avec 16 athl\u00e8tes, a actuellement \u00e0 son actif 15 m\u00e9dailles dont 3 en or.<\/p>\n<p>La derni\u00e8re m\u00e9daille d\u00e9croch\u00e9e est celle de Rouay Jebabli, qui a remport\u00e9 jeudi le bronze au 400 m (T12), lors de la 7\u00e8me journ\u00e9e. Jebabli a parcouru la distance en 48:78.<\/p>\n<p>Mohamed Nidal Khelifi s\u2019est, de son c\u00f4t\u00e9, qualifi\u00e9 pour les jeux paralympiques de Paris 2024 en remportant, hier, une nouvelle m\u00e9daille d\u2019argent au 800 m en chaise roulante (cat\u00e9gorie T53) avec un temps de 1:44,02. Il s\u2019agit de sa troisi\u00e8me m\u00e9daille personnelle.<\/p>\n<p>Actuellement, la Tunisie totalise 15 m\u00e9dailles :<\/p>\n<p>M\u00e9daille d&rsquo;or<\/p>\n<p>\tWalid Ktila au 100m en fauteuil roulant (T34)<br \/>\n\tYassine Guennichi au lancer du poids (F36)<br \/>\n\tRaoua Tlili au lancer du poids (F41)<\/p>\n<p>M\u00e9daille d&rsquo;argent<\/p>\n<p>\tWalid Ktila au 400m en fauteuil roulant (T34)<br \/>\n\tMarwa Brahmi au saut \u00e0 la perche (F32)<br \/>\n\tRouay Jebabli au 1500m (T13)<br \/>\n\tRaoua Tlili au lancer du disque (F41)<br \/>\n\tMohamed Nidhal Kh\u00e9lifi au 800m (T53)<\/p>\n<p>M\u00e9daille de bronze<\/p>\n<p>\tMohamed Nidhal Kh\u00e9lifi au 400m (T53)<br \/>\n\tMohamed Ndhila Khelifi au 100m (T53)<br \/>\n\tAhmed Ben Mosleh au lancer du poids (F37)<br \/>\n\tSamia Boussaid au 1500m (T13)<br \/>\n\tAmenallah Tissaoui au 400m (T37)<br \/>\n\tMarwa Brahni au lancer du poids (F32)<br \/>\n\tRouay Jebabli au 400m (T12)<\/p>\n<p>Les athl\u00e8tes tunisiens participant \u00e0 ces championnats du monde sont : Raoua Tlili, Walid Ktila, Raja Jebali, Rouay Jebabli, Soumaya Boussaid, Ahmed Ben Moslah, Yosri Ben Jemaa, Yassine Guennichi, Nourh\u00e8ne Haj Salem, B\u00e9chir Akoubi, Jih\u00e8ne Azaiez, Amanallah Tissaoui, Saida Naili, Mohamed Nidhal Khlifi, Samar Ben Kaalab et Maroua Brahmi.<\/p>\n","protected":false},"excerpt":{"rendered":"<p>La Tunisie, qui participe aux 11\u00e8mes championnats du monde de para-athl\u00e9tisme avec 16 athl\u00e8tes, a actuellement \u00e0 son actif 15 m\u00e9dailles dont 3 en or.<\/p>\n","protected":false},"author":3162,"featured_media":290628,"comment_status":"open","ping_status":"closed","sticky":false,"template":"","format":"standard","meta":{"footnotes":""},"categories":[2593],"tags":[6451,2961,6452,6583,6478,2608],"class_list":["post-214351","post","type-post","status-publish","format-standard","has-post-thumbnail","hentry","category-sport","tag-championnats-du-monde","tag-japon","tag-kobe","tag-medaille","tag-para-athletisme","tag-tunisie"],"yoast_head":"<!-- This site is optimized with the Yoast SEO Premium plugin v27.4 (Yoast SEO v27.5) - https:\/\/yoast.com\/product\/yoast-seo-premium-wordpress\/ -->\n<title>Championnats du monde de para-athl\u00e9tisme : 15 m\u00e9dailles pour la Tunisie<\/title>\n<meta name=\"description\" content=\"La Tunisie, qui participe aux 11\u00e8mes championnats du monde de para-athl\u00e9tisme avec 16 athl\u00e8tes, a actuellement \u00e0 son actif 15 m\u00e9dailles dont 3 en or.\" \/>\n<link rel=\"canonical\" href=\"https:\/\/www.webdo.tn\/fr\/actualite\/sport\/championnats-du-monde-de-para-athletisme-15-medailles-pour-la-tunisie\/214351\/\" \/>\n<meta property=\"og:locale\" content=\"fr_FR\" \/>\n<meta property=\"og:type\" content=\"article\" \/>\n<meta property=\"og:title\" content=\"Championnats du monde de para-athl\u00e9tisme : 15 m\u00e9dailles pour la Tunisie\" \/>\n<meta property=\"og:description\" content=\"La Tunisie, qui participe aux 11\u00e8mes championnats du monde de para-athl\u00e9tisme avec 16 athl\u00e8tes, a actuellement \u00e0 son actif 15 m\u00e9dailles dont 3 en or.\" \/>\n<meta property=\"og:url\" content=\"https:\/\/www.webdo.tn\/fr\/actualite\/sport\/championnats-du-monde-de-para-athletisme-15-medailles-pour-la-tunisie\/214351\/\" \/>\n<meta property=\"og:site_name\" content=\"webdo\" \/>\n<meta property=\"article:publisher\" content=\"https:\/\/www.facebook.com\/webdotn\" \/>\n<meta property=\"article:published_time\" content=\"2024-05-24T10:03:00+00:00\" \/>\n<meta property=\"article:modified_time\" content=\"2025-05-20T22:13:30+00:00\" \/>\n<meta property=\"og:image\" content=\"https:\/\/www.webdo.tn\/fr\/wp-content\/uploads\/2024\/05\/b1b9b534e0036353a7f4403467518d96.webp\" \/>\n\t<meta property=\"og:image:width\" content=\"600\" \/>\n\t<meta property=\"og:image:height\" content=\"320\" \/>\n\t<meta property=\"og:image:type\" content=\"image\/webp\" \/>\n<meta name=\"author\" content=\"MC\" \/>\n<meta name=\"twitter:card\" content=\"summary_large_image\" \/>\n<meta name=\"twitter:creator\" content=\"@webdo_tn\" \/>\n<meta name=\"twitter:site\" content=\"@webdo_tn\" \/>\n<meta name=\"twitter:label1\" content=\"\u00c9crit par\" \/>\n\t<meta name=\"twitter:data1\" content=\"MC\" \/>\n\t<meta name=\"twitter:label2\" content=\"Dur\u00e9e de lecture estim\u00e9e\" \/>\n\t<meta name=\"twitter:data2\" content=\"2 minutes\" \/>\n<script type=\"application\/ld+json\" class=\"yoast-schema-graph\">{\"@context\":\"https:\\\/\\\/schema.org\",\"@graph\":[{\"@type\":\"NewsArticle\",\"@id\":\"https:\\\/\\\/www.webdo.tn\\\/fr\\\/actualite\\\/sport\\\/championnats-du-monde-de-para-athletisme-15-medailles-pour-la-tunisie\\\/214351\\\/#article\",\"isPartOf\":{\"@id\":\"https:\\\/\\\/www.webdo.tn\\\/fr\\\/actualite\\\/sport\\\/championnats-du-monde-de-para-athletisme-15-medailles-pour-la-tunisie\\\/214351\\\/\"},\"author\":{\"name\":\"MC\",\"@id\":\"https:\\\/\\\/www.webdo.tn\\\/fr\\\/#\\\/schema\\\/person\\\/2c4929cbf5a809e3bd38617c6ce150f6\"},\"headline\":\"Championnats du monde de para-athl\u00e9tisme : 15 m\u00e9dailles pour la Tunisie\",\"datePublished\":\"2024-05-24T10:03:00+00:00\",\"dateModified\":\"2025-05-20T22:13:30+00:00\",\"mainEntityOfPage\":{\"@id\":\"https:\\\/\\\/www.webdo.tn\\\/fr\\\/actualite\\\/sport\\\/championnats-du-monde-de-para-athletisme-15-medailles-pour-la-tunisie\\\/214351\\\/\"},\"wordCount\":316,\"commentCount\":0,\"publisher\":{\"@id\":\"https:\\\/\\\/www.webdo.tn\\\/fr\\\/#organization\"},\"image\":{\"@id\":\"https:\\\/\\\/www.webdo.tn\\\/fr\\\/actualite\\\/sport\\\/championnats-du-monde-de-para-athletisme-15-medailles-pour-la-tunisie\\\/214351\\\/#primaryimage\"},\"thumbnailUrl\":\"https:\\\/\\\/www.webdo.tn\\\/fr\\\/wp-content\\\/uploads\\\/2024\\\/05\\\/b1b9b534e0036353a7f4403467518d96.webp\",\"keywords\":[\"championnats du monde\",\"Japon\",\"kobe\",\"m\u00e9daille\",\"para-athl\u00e9tisme\",\"Tunisie\"],\"articleSection\":[\"Sport\"],\"inLanguage\":\"fr-FR\"},{\"@type\":\"WebPage\",\"@id\":\"https:\\\/\\\/www.webdo.tn\\\/fr\\\/actualite\\\/sport\\\/championnats-du-monde-de-para-athletisme-15-medailles-pour-la-tunisie\\\/214351\\\/\",\"url\":\"https:\\\/\\\/www.webdo.tn\\\/fr\\\/actualite\\\/sport\\\/championnats-du-monde-de-para-athletisme-15-medailles-pour-la-tunisie\\\/214351\\\/\",\"name\":\"Championnats du monde de para-athl\u00e9tisme : 15 m\u00e9dailles pour la Tunisie\",\"isPartOf\":{\"@id\":\"https:\\\/\\\/www.webdo.tn\\\/fr\\\/#website\"},\"primaryImageOfPage\":{\"@id\":\"https:\\\/\\\/www.webdo.tn\\\/fr\\\/actualite\\\/sport\\\/championnats-du-monde-de-para-athletisme-15-medailles-pour-la-tunisie\\\/214351\\\/#primaryimage\"},\"image\":{\"@id\":\"https:\\\/\\\/www.webdo.tn\\\/fr\\\/actualite\\\/sport\\\/championnats-du-monde-de-para-athletisme-15-medailles-pour-la-tunisie\\\/214351\\\/#primaryimage\"},\"thumbnailUrl\":\"https:\\\/\\\/www.webdo.tn\\\/fr\\\/wp-content\\\/uploads\\\/2024\\\/05\\\/b1b9b534e0036353a7f4403467518d96.webp\",\"datePublished\":\"2024-05-24T10:03:00+00:00\",\"dateModified\":\"2025-05-20T22:13:30+00:00\",\"description\":\"La Tunisie, qui participe aux 11\u00e8mes championnats du monde de para-athl\u00e9tisme avec 16 athl\u00e8tes, a actuellement \u00e0 son actif 15 m\u00e9dailles dont 3 en or.\",\"breadcrumb\":{\"@id\":\"https:\\\/\\\/www.webdo.tn\\\/fr\\\/actualite\\\/sport\\\/championnats-du-monde-de-para-athletisme-15-medailles-pour-la-tunisie\\\/214351\\\/#breadcrumb\"},\"inLanguage\":\"fr-FR\",\"potentialAction\":[{\"@type\":\"ReadAction\",\"target\":[\"https:\\\/\\\/www.webdo.tn\\\/fr\\\/actualite\\\/sport\\\/championnats-du-monde-de-para-athletisme-15-medailles-pour-la-tunisie\\\/214351\\\/\"]}]},{\"@type\":\"ImageObject\",\"inLanguage\":\"fr-FR\",\"@id\":\"https:\\\/\\\/www.webdo.tn\\\/fr\\\/actualite\\\/sport\\\/championnats-du-monde-de-para-athletisme-15-medailles-pour-la-tunisie\\\/214351\\\/#primaryimage\",\"url\":\"https:\\\/\\\/www.webdo.tn\\\/fr\\\/wp-content\\\/uploads\\\/2024\\\/05\\\/b1b9b534e0036353a7f4403467518d96.webp\",\"contentUrl\":\"https:\\\/\\\/www.webdo.tn\\\/fr\\\/wp-content\\\/uploads\\\/2024\\\/05\\\/b1b9b534e0036353a7f4403467518d96.webp\",\"width\":600,\"height\":320,\"caption\":\"Championnats du monde de para-athl\u00e9tisme : 15 m\u00e9dailles pour la Tunisie\"},{\"@type\":\"BreadcrumbList\",\"@id\":\"https:\\\/\\\/www.webdo.tn\\\/fr\\\/actualite\\\/sport\\\/championnats-du-monde-de-para-athletisme-15-medailles-pour-la-tunisie\\\/214351\\\/#breadcrumb\",\"itemListElement\":[{\"@type\":\"ListItem\",\"position\":1,\"name\":\"Accueil\",\"item\":\"https:\\\/\\\/www.webdo.tn\\\/fr\\\/\"},{\"@type\":\"ListItem\",\"position\":2,\"name\":\"Championnats du monde de para-athl\u00e9tisme : 15 m\u00e9dailles pour la Tunisie\"}]},{\"@type\":\"WebSite\",\"@id\":\"https:\\\/\\\/www.webdo.tn\\\/fr\\\/#website\",\"url\":\"https:\\\/\\\/www.webdo.tn\\\/fr\\\/\",\"name\":\"webdo\",\"description\":\"Tunisie - News en Tunisie et \u00e0 l&#039;international sur Webdo.tn\",\"publisher\":{\"@id\":\"https:\\\/\\\/www.webdo.tn\\\/fr\\\/#organization\"},\"potentialAction\":[{\"@type\":\"SearchAction\",\"target\":{\"@type\":\"EntryPoint\",\"urlTemplate\":\"https:\\\/\\\/www.webdo.tn\\\/fr\\\/?s={search_term_string}\"},\"query-input\":{\"@type\":\"PropertyValueSpecification\",\"valueRequired\":true,\"valueName\":\"search_term_string\"}}],\"inLanguage\":\"fr-FR\"},{\"@type\":\"Organization\",\"@id\":\"https:\\\/\\\/www.webdo.tn\\\/fr\\\/#organization\",\"name\":\"Webdo\",\"alternateName\":\"Webdo.tn\",\"url\":\"https:\\\/\\\/www.webdo.tn\\\/fr\\\/\",\"logo\":{\"@type\":\"ImageObject\",\"inLanguage\":\"fr-FR\",\"@id\":\"https:\\\/\\\/www.webdo.tn\\\/fr\\\/#\\\/schema\\\/logo\\\/image\\\/\",\"url\":\"https:\\\/\\\/www.webdo.tn\\\/fr\\\/wp-content\\\/uploads\\\/2025\\\/06\\\/Webdo-Tunisie_168377.jpg\",\"contentUrl\":\"https:\\\/\\\/www.webdo.tn\\\/fr\\\/wp-content\\\/uploads\\\/2025\\\/06\\\/Webdo-Tunisie_168377.jpg\",\"width\":301,\"height\":301,\"caption\":\"Webdo\"},\"image\":{\"@id\":\"https:\\\/\\\/www.webdo.tn\\\/fr\\\/#\\\/schema\\\/logo\\\/image\\\/\"},\"sameAs\":[\"https:\\\/\\\/www.facebook.com\\\/webdotn\",\"https:\\\/\\\/x.com\\\/webdo_tn\"],\"description\":\"Webdo est un m\u00e9dia num\u00e9rique tunisien fond\u00e9 en 2010, sp\u00e9cialis\u00e9 dans l\u2019actualit\u00e9 nationale et internationale, l\u2019\u00e9conomie, la soci\u00e9t\u00e9 et les analyses politiques. Le site s\u2019adresse \u00e0 un large public francophone et couvre l\u2019information tunisienne en temps r\u00e9el.\",\"email\":\"redac@webdo.tn\",\"legalName\":\"YNJ SARL\",\"foundingDate\":\"2010-09-06\",\"numberOfEmployees\":{\"@type\":\"QuantitativeValue\",\"minValue\":\"11\",\"maxValue\":\"50\"}},{\"@type\":\"Person\",\"@id\":\"https:\\\/\\\/www.webdo.tn\\\/fr\\\/#\\\/schema\\\/person\\\/2c4929cbf5a809e3bd38617c6ce150f6\",\"name\":\"MC\",\"image\":{\"@type\":\"ImageObject\",\"inLanguage\":\"fr-FR\",\"@id\":\"https:\\\/\\\/secure.gravatar.com\\\/avatar\\\/a545bbb6f84efdd5553dbbc2895e3ca8f1d12c5215e00a041c9670b54aa9b18a?s=96&d=mm&r=g\",\"url\":\"https:\\\/\\\/secure.gravatar.com\\\/avatar\\\/a545bbb6f84efdd5553dbbc2895e3ca8f1d12c5215e00a041c9670b54aa9b18a?s=96&d=mm&r=g\",\"contentUrl\":\"https:\\\/\\\/secure.gravatar.com\\\/avatar\\\/a545bbb6f84efdd5553dbbc2895e3ca8f1d12c5215e00a041c9670b54aa9b18a?s=96&d=mm&r=g\",\"caption\":\"MC\"},\"url\":\"https:\\\/\\\/www.webdo.tn\\\/fr\\\/actualite\\\/author\\\/mc\\\/\"}]}<\/script>\n<!-- \/ Yoast SEO Premium plugin. -->","yoast_head_json":{"title":"Championnats du monde de para-athl\u00e9tisme : 15 m\u00e9dailles pour la Tunisie","description":"La Tunisie, qui participe aux 11\u00e8mes championnats du monde de para-athl\u00e9tisme avec 16 athl\u00e8tes, a actuellement \u00e0 son actif 15 m\u00e9dailles dont 3 en or.","canonical":"https:\/\/www.webdo.tn\/fr\/actualite\/sport\/championnats-du-monde-de-para-athletisme-15-medailles-pour-la-tunisie\/214351\/","og_locale":"fr_FR","og_type":"article","og_title":"Championnats du monde de para-athl\u00e9tisme : 15 m\u00e9dailles pour la Tunisie","og_description":"La Tunisie, qui participe aux 11\u00e8mes championnats du monde de para-athl\u00e9tisme avec 16 athl\u00e8tes, a actuellement \u00e0 son actif 15 m\u00e9dailles dont 3 en or.","og_url":"https:\/\/www.webdo.tn\/fr\/actualite\/sport\/championnats-du-monde-de-para-athletisme-15-medailles-pour-la-tunisie\/214351\/","og_site_name":"webdo","article_publisher":"https:\/\/www.facebook.com\/webdotn","article_published_time":"2024-05-24T10:03:00+00:00","article_modified_time":"2025-05-20T22:13:30+00:00","og_image":[{"width":600,"height":320,"url":"https:\/\/www.webdo.tn\/fr\/wp-content\/uploads\/2024\/05\/b1b9b534e0036353a7f4403467518d96.webp","type":"image\/webp"}],"author":"MC","twitter_card":"summary_large_image","twitter_creator":"@webdo_tn","twitter_site":"@webdo_tn","twitter_misc":{"\u00c9crit par":"MC","Dur\u00e9e de lecture estim\u00e9e":"2 minutes"},"schema":{"@context":"https:\/\/schema.org","@graph":[{"@type":"NewsArticle","@id":"https:\/\/www.webdo.tn\/fr\/actualite\/sport\/championnats-du-monde-de-para-athletisme-15-medailles-pour-la-tunisie\/214351\/#article","isPartOf":{"@id":"https:\/\/www.webdo.tn\/fr\/actualite\/sport\/championnats-du-monde-de-para-athletisme-15-medailles-pour-la-tunisie\/214351\/"},"author":{"name":"MC","@id":"https:\/\/www.webdo.tn\/fr\/#\/schema\/person\/2c4929cbf5a809e3bd38617c6ce150f6"},"headline":"Championnats du monde de para-athl\u00e9tisme : 15 m\u00e9dailles pour la Tunisie","datePublished":"2024-05-24T10:03:00+00:00","dateModified":"2025-05-20T22:13:30+00:00","mainEntityOfPage":{"@id":"https:\/\/www.webdo.tn\/fr\/actualite\/sport\/championnats-du-monde-de-para-athletisme-15-medailles-pour-la-tunisie\/214351\/"},"wordCount":316,"commentCount":0,"publisher":{"@id":"https:\/\/www.webdo.tn\/fr\/#organization"},"image":{"@id":"https:\/\/www.webdo.tn\/fr\/actualite\/sport\/championnats-du-monde-de-para-athletisme-15-medailles-pour-la-tunisie\/214351\/#primaryimage"},"thumbnailUrl":"https:\/\/www.webdo.tn\/fr\/wp-content\/uploads\/2024\/05\/b1b9b534e0036353a7f4403467518d96.webp","keywords":["championnats du monde","Japon","kobe","m\u00e9daille","para-athl\u00e9tisme","Tunisie"],"articleSection":["Sport"],"inLanguage":"fr-FR"},{"@type":"WebPage","@id":"https:\/\/www.webdo.tn\/fr\/actualite\/sport\/championnats-du-monde-de-para-athletisme-15-medailles-pour-la-tunisie\/214351\/","url":"https:\/\/www.webdo.tn\/fr\/actualite\/sport\/championnats-du-monde-de-para-athletisme-15-medailles-pour-la-tunisie\/214351\/","name":"Championnats du monde de para-athl\u00e9tisme : 15 m\u00e9dailles pour la Tunisie","isPartOf":{"@id":"https:\/\/www.webdo.tn\/fr\/#website"},"primaryImageOfPage":{"@id":"https:\/\/www.webdo.tn\/fr\/actualite\/sport\/championnats-du-monde-de-para-athletisme-15-medailles-pour-la-tunisie\/214351\/#primaryimage"},"image":{"@id":"https:\/\/www.webdo.tn\/fr\/actualite\/sport\/championnats-du-monde-de-para-athletisme-15-medailles-pour-la-tunisie\/214351\/#primaryimage"},"thumbnailUrl":"https:\/\/www.webdo.tn\/fr\/wp-content\/uploads\/2024\/05\/b1b9b534e0036353a7f4403467518d96.webp","datePublished":"2024-05-24T10:03:00+00:00","dateModified":"2025-05-20T22:13:30+00:00","description":"La Tunisie, qui participe aux 11\u00e8mes championnats du monde de para-athl\u00e9tisme avec 16 athl\u00e8tes, a actuellement \u00e0 son actif 15 m\u00e9dailles dont 3 en or.","breadcrumb":{"@id":"https:\/\/www.webdo.tn\/fr\/actualite\/sport\/championnats-du-monde-de-para-athletisme-15-medailles-pour-la-tunisie\/214351\/#breadcrumb"},"inLanguage":"fr-FR","potentialAction":[{"@type":"ReadAction","target":["https:\/\/www.webdo.tn\/fr\/actualite\/sport\/championnats-du-monde-de-para-athletisme-15-medailles-pour-la-tunisie\/214351\/"]}]},{"@type":"ImageObject","inLanguage":"fr-FR","@id":"https:\/\/www.webdo.tn\/fr\/actualite\/sport\/championnats-du-monde-de-para-athletisme-15-medailles-pour-la-tunisie\/214351\/#primaryimage","url":"https:\/\/www.webdo.tn\/fr\/wp-content\/uploads\/2024\/05\/b1b9b534e0036353a7f4403467518d96.webp","contentUrl":"https:\/\/www.webdo.tn\/fr\/wp-content\/uploads\/2024\/05\/b1b9b534e0036353a7f4403467518d96.webp","width":600,"height":320,"caption":"Championnats du monde de para-athl\u00e9tisme : 15 m\u00e9dailles pour la Tunisie"},{"@type":"BreadcrumbList","@id":"https:\/\/www.webdo.tn\/fr\/actualite\/sport\/championnats-du-monde-de-para-athletisme-15-medailles-pour-la-tunisie\/214351\/#breadcrumb","itemListElement":[{"@type":"ListItem","position":1,"name":"Accueil","item":"https:\/\/www.webdo.tn\/fr\/"},{"@type":"ListItem","position":2,"name":"Championnats du monde de para-athl\u00e9tisme : 15 m\u00e9dailles pour la Tunisie"}]},{"@type":"WebSite","@id":"https:\/\/www.webdo.tn\/fr\/#website","url":"https:\/\/www.webdo.tn\/fr\/","name":"webdo","description":"Tunisie - News en Tunisie et \u00e0 l&#039;international sur Webdo.tn","publisher":{"@id":"https:\/\/www.webdo.tn\/fr\/#organization"},"potentialAction":[{"@type":"SearchAction","target":{"@type":"EntryPoint","urlTemplate":"https:\/\/www.webdo.tn\/fr\/?s={search_term_string}"},"query-input":{"@type":"PropertyValueSpecification","valueRequired":true,"valueName":"search_term_string"}}],"inLanguage":"fr-FR"},{"@type":"Organization","@id":"https:\/\/www.webdo.tn\/fr\/#organization","name":"Webdo","alternateName":"Webdo.tn","url":"https:\/\/www.webdo.tn\/fr\/","logo":{"@type":"ImageObject","inLanguage":"fr-FR","@id":"https:\/\/www.webdo.tn\/fr\/#\/schema\/logo\/image\/","url":"https:\/\/www.webdo.tn\/fr\/wp-content\/uploads\/2025\/06\/Webdo-Tunisie_168377.jpg","contentUrl":"https:\/\/www.webdo.tn\/fr\/wp-content\/uploads\/2025\/06\/Webdo-Tunisie_168377.jpg","width":301,"height":301,"caption":"Webdo"},"image":{"@id":"https:\/\/www.webdo.tn\/fr\/#\/schema\/logo\/image\/"},"sameAs":["https:\/\/www.facebook.com\/webdotn","https:\/\/x.com\/webdo_tn"],"description":"Webdo est un m\u00e9dia num\u00e9rique tunisien fond\u00e9 en 2010, sp\u00e9cialis\u00e9 dans l\u2019actualit\u00e9 nationale et internationale, l\u2019\u00e9conomie, la soci\u00e9t\u00e9 et les analyses politiques. Le site s\u2019adresse \u00e0 un large public francophone et couvre l\u2019information tunisienne en temps r\u00e9el.","email":"redac@webdo.tn","legalName":"YNJ SARL","foundingDate":"2010-09-06","numberOfEmployees":{"@type":"QuantitativeValue","minValue":"11","maxValue":"50"}},{"@type":"Person","@id":"https:\/\/www.webdo.tn\/fr\/#\/schema\/person\/2c4929cbf5a809e3bd38617c6ce150f6","name":"MC","image":{"@type":"ImageObject","inLanguage":"fr-FR","@id":"https:\/\/secure.gravatar.com\/avatar\/a545bbb6f84efdd5553dbbc2895e3ca8f1d12c5215e00a041c9670b54aa9b18a?s=96&d=mm&r=g","url":"https:\/\/secure.gravatar.com\/avatar\/a545bbb6f84efdd5553dbbc2895e3ca8f1d12c5215e00a041c9670b54aa9b18a?s=96&d=mm&r=g","contentUrl":"https:\/\/secure.gravatar.com\/avatar\/a545bbb6f84efdd5553dbbc2895e3ca8f1d12c5215e00a041c9670b54aa9b18a?s=96&d=mm&r=g","caption":"MC"},"url":"https:\/\/www.webdo.tn\/fr\/actualite\/author\/mc\/"}]}},"_links":{"self":[{"href":"https:\/\/www.webdo.tn\/fr\/wp-json\/wp\/v2\/posts\/214351","targetHints":{"allow":["GET"]}}],"collection":[{"href":"https:\/\/www.webdo.tn\/fr\/wp-json\/wp\/v2\/posts"}],"about":[{"href":"https:\/\/www.webdo.tn\/fr\/wp-json\/wp\/v2\/types\/post"}],"author":[{"embeddable":true,"href":"https:\/\/www.webdo.tn\/fr\/wp-json\/wp\/v2\/users\/3162"}],"replies":[{"embeddable":true,"href":"https:\/\/www.webdo.tn\/fr\/wp-json\/wp\/v2\/comments?post=214351"}],"version-history":[{"count":0,"href":"https:\/\/www.webdo.tn\/fr\/wp-json\/wp\/v2\/posts\/214351\/revisions"}],"wp:featuredmedia":[{"embeddable":true,"href":"https:\/\/www.webdo.tn\/fr\/wp-json\/wp\/v2\/media\/290628"}],"wp:attachment":[{"href":"https:\/\/www.webdo.tn\/fr\/wp-json\/wp\/v2\/media?parent=214351"}],"wp:term":[{"taxonomy":"category","embeddable":true,"href":"https:\/\/www.webdo.tn\/fr\/wp-json\/wp\/v2\/categories?post=214351"},{"taxonomy":"post_tag","embeddable":true,"href":"https:\/\/www.webdo.tn\/fr\/wp-json\/wp\/v2\/tags?post=214351"}],"curies":[{"name":"wp","href":"https:\/\/api.w.org\/{rel}","templated":true}]}}