{"id":214342,"date":"2024-05-23T20:48:00","date_gmt":"2024-05-23T20:48:00","guid":{"rendered":"https:\/\/www.webdo.tn\/fr\/blog\/tunisie-houssem-hajlaoui-ecope-de-neuf-mois-de-prison-avec-sursis\/214342\/"},"modified":"2025-05-21T09:11:09","modified_gmt":"2025-05-21T09:11:09","slug":"tunisie-houssem-hajlaoui-ecope-de-neuf-mois-de-prison-avec-sursis","status":"publish","type":"post","link":"https:\/\/www.webdo.tn\/fr\/actualite\/national\/tunisie-houssem-hajlaoui-ecope-de-neuf-mois-de-prison-avec-sursis\/214342\/","title":{"rendered":"Tunisie : Houssem Hajlaoui \u00e9cope de neuf mois de prison avec sursis"},"content":{"rendered":"<p>La Chambre p\u00e9nale du Tribunal de premi\u00e8re instance de Tunis a condamn\u00e9, ce jeudi 23 mai 2024, l\u2019activiste Houssem Hajlaoui \u00e0 neuf mois de prison avec sursis.<\/p>\n<p>\t\t\t\t\t\t\t\t\tLe tribunal de premi\u00e8re instance de Tunis, a condamn\u00e9, ce jeudi 23 mai 2024, l\u2019activiste Houssem Hajlaoui, \u00e0 neuf mois de prison avec sursis, rapporte Mosaique fm.<\/p>\n<p>Arr\u00eat\u00e9 le 16 mai dernier, Houssem Hajlaoui a fait l\u2019objet d\u2019un mandat de d\u00e9p\u00f4t pour des publications sur les r\u00e9seaux sociaux.<\/p>\n","protected":false},"excerpt":{"rendered":"<p>La Chambre p\u00e9nale du Tribunal de premi\u00e8re instance de Tunis a condamn\u00e9, ce jeudi 23 mai 2024, l\u2019activiste Houssem Hajlaoui \u00e0 neuf mois de prison avec sursis.<\/p>\n","protected":false},"author":3169,"featured_media":247327,"comment_status":"open","ping_status":"closed","sticky":false,"template":"","format":"standard","meta":{"footnotes":""},"categories":[44],"tags":[6441,4585,2608],"class_list":["post-214342","post","type-post","status-publish","format-standard","has-post-thumbnail","hentry","category-national","tag-houssem-hajlaoui","tag-sursis","tag-tunisie"],"yoast_head":"<!-- This site is optimized with the Yoast SEO Premium plugin v27.5 (Yoast SEO v27.5) - https:\/\/yoast.com\/product\/yoast-seo-premium-wordpress\/ -->\n<title>Tunisie : Houssem Hajlaoui \u00e9cope de neuf mois de prison avec sursis<\/title>\n<meta name=\"description\" content=\"La Chambre p\u00e9nale du Tribunal de premi\u00e8re instance de Tunis a condamn\u00e9, ce jeudi 23 mai 2024, l\u2019activiste Houssem Hajlaoui \u00e0 neuf mois de prison avec sursis.\" \/>\n<link rel=\"canonical\" href=\"https:\/\/www.webdo.tn\/fr\/actualite\/national\/tunisie-houssem-hajlaoui-ecope-de-neuf-mois-de-prison-avec-sursis\/214342\/\" \/>\n<meta property=\"og:locale\" content=\"fr_FR\" \/>\n<meta property=\"og:type\" content=\"article\" \/>\n<meta property=\"og:title\" content=\"Tunisie : Houssem Hajlaoui \u00e9cope de neuf mois de prison avec sursis\" \/>\n<meta property=\"og:description\" content=\"La Chambre p\u00e9nale du Tribunal de premi\u00e8re instance de Tunis a condamn\u00e9, ce jeudi 23 mai 2024, l\u2019activiste Houssem Hajlaoui \u00e0 neuf mois de prison avec sursis.\" \/>\n<meta property=\"og:url\" content=\"https:\/\/www.webdo.tn\/fr\/actualite\/national\/tunisie-houssem-hajlaoui-ecope-de-neuf-mois-de-prison-avec-sursis\/214342\/\" \/>\n<meta property=\"og:site_name\" content=\"webdo\" \/>\n<meta property=\"article:publisher\" content=\"https:\/\/www.facebook.com\/webdotn\" \/>\n<meta property=\"article:published_time\" content=\"2024-05-23T20:48:00+00:00\" \/>\n<meta property=\"article:modified_time\" content=\"2025-05-21T09:11:09+00:00\" \/>\n<meta property=\"og:image\" content=\"https:\/\/www.webdo.tn\/fr\/wp-content\/uploads\/2024\/05\/f0e1b43257502ef72d310e9362b578a4.webp\" \/>\n\t<meta property=\"og:image:width\" content=\"750\" \/>\n\t<meta property=\"og:image:height\" content=\"400\" \/>\n\t<meta property=\"og:image:type\" content=\"image\/webp\" \/>\n<meta name=\"author\" content=\"Webdo\" \/>\n<meta name=\"twitter:card\" content=\"summary_large_image\" \/>\n<meta name=\"twitter:creator\" content=\"@webdo_tn\" \/>\n<meta name=\"twitter:site\" content=\"@webdo_tn\" \/>\n<meta name=\"twitter:label1\" content=\"\u00c9crit par\" \/>\n\t<meta name=\"twitter:data1\" content=\"Webdo\" \/>\n<script type=\"application\/ld+json\" class=\"yoast-schema-graph\">{\"@context\":\"https:\\\/\\\/schema.org\",\"@graph\":[{\"@type\":\"NewsArticle\",\"@id\":\"https:\\\/\\\/www.webdo.tn\\\/fr\\\/actualite\\\/national\\\/tunisie-houssem-hajlaoui-ecope-de-neuf-mois-de-prison-avec-sursis\\\/214342\\\/#article\",\"isPartOf\":{\"@id\":\"https:\\\/\\\/www.webdo.tn\\\/fr\\\/actualite\\\/national\\\/tunisie-houssem-hajlaoui-ecope-de-neuf-mois-de-prison-avec-sursis\\\/214342\\\/\"},\"author\":{\"name\":\"Webdo\",\"@id\":\"https:\\\/\\\/www.webdo.tn\\\/fr\\\/#\\\/schema\\\/person\\\/1f4e491e0907b413d61089e8eb573acc\"},\"headline\":\"Tunisie : Houssem Hajlaoui \u00e9cope de neuf mois de prison avec sursis\",\"datePublished\":\"2024-05-23T20:48:00+00:00\",\"dateModified\":\"2025-05-21T09:11:09+00:00\",\"mainEntityOfPage\":{\"@id\":\"https:\\\/\\\/www.webdo.tn\\\/fr\\\/actualite\\\/national\\\/tunisie-houssem-hajlaoui-ecope-de-neuf-mois-de-prison-avec-sursis\\\/214342\\\/\"},\"wordCount\":90,\"commentCount\":0,\"publisher\":{\"@id\":\"https:\\\/\\\/www.webdo.tn\\\/fr\\\/#organization\"},\"image\":{\"@id\":\"https:\\\/\\\/www.webdo.tn\\\/fr\\\/actualite\\\/national\\\/tunisie-houssem-hajlaoui-ecope-de-neuf-mois-de-prison-avec-sursis\\\/214342\\\/#primaryimage\"},\"thumbnailUrl\":\"https:\\\/\\\/www.webdo.tn\\\/fr\\\/wp-content\\\/uploads\\\/2024\\\/05\\\/f0e1b43257502ef72d310e9362b578a4.webp\",\"keywords\":[\"Houssem Hajlaoui\",\"sursis\",\"Tunisie\"],\"articleSection\":[\"National\"],\"inLanguage\":\"fr-FR\"},{\"@type\":\"WebPage\",\"@id\":\"https:\\\/\\\/www.webdo.tn\\\/fr\\\/actualite\\\/national\\\/tunisie-houssem-hajlaoui-ecope-de-neuf-mois-de-prison-avec-sursis\\\/214342\\\/\",\"url\":\"https:\\\/\\\/www.webdo.tn\\\/fr\\\/actualite\\\/national\\\/tunisie-houssem-hajlaoui-ecope-de-neuf-mois-de-prison-avec-sursis\\\/214342\\\/\",\"name\":\"Tunisie : Houssem Hajlaoui \u00e9cope de neuf mois de prison avec sursis\",\"isPartOf\":{\"@id\":\"https:\\\/\\\/www.webdo.tn\\\/fr\\\/#website\"},\"primaryImageOfPage\":{\"@id\":\"https:\\\/\\\/www.webdo.tn\\\/fr\\\/actualite\\\/national\\\/tunisie-houssem-hajlaoui-ecope-de-neuf-mois-de-prison-avec-sursis\\\/214342\\\/#primaryimage\"},\"image\":{\"@id\":\"https:\\\/\\\/www.webdo.tn\\\/fr\\\/actualite\\\/national\\\/tunisie-houssem-hajlaoui-ecope-de-neuf-mois-de-prison-avec-sursis\\\/214342\\\/#primaryimage\"},\"thumbnailUrl\":\"https:\\\/\\\/www.webdo.tn\\\/fr\\\/wp-content\\\/uploads\\\/2024\\\/05\\\/f0e1b43257502ef72d310e9362b578a4.webp\",\"datePublished\":\"2024-05-23T20:48:00+00:00\",\"dateModified\":\"2025-05-21T09:11:09+00:00\",\"description\":\"La Chambre p\u00e9nale du Tribunal de premi\u00e8re instance de Tunis a condamn\u00e9, ce jeudi 23 mai 2024, l\u2019activiste Houssem Hajlaoui \u00e0 neuf mois de prison avec sursis.\",\"breadcrumb\":{\"@id\":\"https:\\\/\\\/www.webdo.tn\\\/fr\\\/actualite\\\/national\\\/tunisie-houssem-hajlaoui-ecope-de-neuf-mois-de-prison-avec-sursis\\\/214342\\\/#breadcrumb\"},\"inLanguage\":\"fr-FR\",\"potentialAction\":[{\"@type\":\"ReadAction\",\"target\":[\"https:\\\/\\\/www.webdo.tn\\\/fr\\\/actualite\\\/national\\\/tunisie-houssem-hajlaoui-ecope-de-neuf-mois-de-prison-avec-sursis\\\/214342\\\/\"]}]},{\"@type\":\"ImageObject\",\"inLanguage\":\"fr-FR\",\"@id\":\"https:\\\/\\\/www.webdo.tn\\\/fr\\\/actualite\\\/national\\\/tunisie-houssem-hajlaoui-ecope-de-neuf-mois-de-prison-avec-sursis\\\/214342\\\/#primaryimage\",\"url\":\"https:\\\/\\\/www.webdo.tn\\\/fr\\\/wp-content\\\/uploads\\\/2024\\\/05\\\/f0e1b43257502ef72d310e9362b578a4.webp\",\"contentUrl\":\"https:\\\/\\\/www.webdo.tn\\\/fr\\\/wp-content\\\/uploads\\\/2024\\\/05\\\/f0e1b43257502ef72d310e9362b578a4.webp\",\"width\":750,\"height\":400,\"caption\":\"Tunisie : Houssem Hajlaoui \u00e9cope de neuf mois de prison avec sursis\"},{\"@type\":\"BreadcrumbList\",\"@id\":\"https:\\\/\\\/www.webdo.tn\\\/fr\\\/actualite\\\/national\\\/tunisie-houssem-hajlaoui-ecope-de-neuf-mois-de-prison-avec-sursis\\\/214342\\\/#breadcrumb\",\"itemListElement\":[{\"@type\":\"ListItem\",\"position\":1,\"name\":\"Accueil\",\"item\":\"https:\\\/\\\/www.webdo.tn\\\/fr\\\/\"},{\"@type\":\"ListItem\",\"position\":2,\"name\":\"Tunisie : Houssem Hajlaoui \u00e9cope de neuf mois de prison avec sursis\"}]},{\"@type\":\"WebSite\",\"@id\":\"https:\\\/\\\/www.webdo.tn\\\/fr\\\/#website\",\"url\":\"https:\\\/\\\/www.webdo.tn\\\/fr\\\/\",\"name\":\"webdo\",\"description\":\"Tunisie - News en Tunisie et \u00e0 l&#039;international sur Webdo.tn\",\"publisher\":{\"@id\":\"https:\\\/\\\/www.webdo.tn\\\/fr\\\/#organization\"},\"potentialAction\":[{\"@type\":\"SearchAction\",\"target\":{\"@type\":\"EntryPoint\",\"urlTemplate\":\"https:\\\/\\\/www.webdo.tn\\\/fr\\\/?s={search_term_string}\"},\"query-input\":{\"@type\":\"PropertyValueSpecification\",\"valueRequired\":true,\"valueName\":\"search_term_string\"}}],\"inLanguage\":\"fr-FR\"},{\"@type\":\"Organization\",\"@id\":\"https:\\\/\\\/www.webdo.tn\\\/fr\\\/#organization\",\"name\":\"Webdo\",\"alternateName\":\"Webdo.tn\",\"url\":\"https:\\\/\\\/www.webdo.tn\\\/fr\\\/\",\"logo\":{\"@type\":\"ImageObject\",\"inLanguage\":\"fr-FR\",\"@id\":\"https:\\\/\\\/www.webdo.tn\\\/fr\\\/#\\\/schema\\\/logo\\\/image\\\/\",\"url\":\"https:\\\/\\\/www.webdo.tn\\\/fr\\\/wp-content\\\/uploads\\\/2025\\\/06\\\/Webdo-Tunisie_168377.jpg\",\"contentUrl\":\"https:\\\/\\\/www.webdo.tn\\\/fr\\\/wp-content\\\/uploads\\\/2025\\\/06\\\/Webdo-Tunisie_168377.jpg\",\"width\":301,\"height\":301,\"caption\":\"Webdo\"},\"image\":{\"@id\":\"https:\\\/\\\/www.webdo.tn\\\/fr\\\/#\\\/schema\\\/logo\\\/image\\\/\"},\"sameAs\":[\"https:\\\/\\\/www.facebook.com\\\/webdotn\",\"https:\\\/\\\/x.com\\\/webdo_tn\"],\"description\":\"Webdo est un m\u00e9dia num\u00e9rique tunisien fond\u00e9 en 2010, sp\u00e9cialis\u00e9 dans l\u2019actualit\u00e9 nationale et internationale, l\u2019\u00e9conomie, la soci\u00e9t\u00e9 et les analyses politiques. Le site s\u2019adresse \u00e0 un large public francophone et couvre l\u2019information tunisienne en temps r\u00e9el.\",\"email\":\"redac@webdo.tn\",\"legalName\":\"YNJ SARL\",\"foundingDate\":\"2010-09-06\",\"numberOfEmployees\":{\"@type\":\"QuantitativeValue\",\"minValue\":\"11\",\"maxValue\":\"50\"}},{\"@type\":\"Person\",\"@id\":\"https:\\\/\\\/www.webdo.tn\\\/fr\\\/#\\\/schema\\\/person\\\/1f4e491e0907b413d61089e8eb573acc\",\"name\":\"Webdo\",\"image\":{\"@type\":\"ImageObject\",\"inLanguage\":\"fr-FR\",\"@id\":\"https:\\\/\\\/secure.gravatar.com\\\/avatar\\\/de97aeec1bb80978a9dbb127e47dfc88aaacb2f3c29aac907d8d3222e3495d49?s=96&d=mm&r=g\",\"url\":\"https:\\\/\\\/secure.gravatar.com\\\/avatar\\\/de97aeec1bb80978a9dbb127e47dfc88aaacb2f3c29aac907d8d3222e3495d49?s=96&d=mm&r=g\",\"contentUrl\":\"https:\\\/\\\/secure.gravatar.com\\\/avatar\\\/de97aeec1bb80978a9dbb127e47dfc88aaacb2f3c29aac907d8d3222e3495d49?s=96&d=mm&r=g\",\"caption\":\"Webdo\"},\"url\":\"https:\\\/\\\/www.webdo.tn\\\/fr\\\/actualite\\\/author\\\/webdo\\\/\"}]}<\/script>\n<!-- \/ Yoast SEO Premium plugin. -->","yoast_head_json":{"title":"Tunisie : Houssem Hajlaoui \u00e9cope de neuf mois de prison avec sursis","description":"La Chambre p\u00e9nale du Tribunal de premi\u00e8re instance de Tunis a condamn\u00e9, ce jeudi 23 mai 2024, l\u2019activiste Houssem Hajlaoui \u00e0 neuf mois de prison avec sursis.","canonical":"https:\/\/www.webdo.tn\/fr\/actualite\/national\/tunisie-houssem-hajlaoui-ecope-de-neuf-mois-de-prison-avec-sursis\/214342\/","og_locale":"fr_FR","og_type":"article","og_title":"Tunisie : Houssem Hajlaoui \u00e9cope de neuf mois de prison avec sursis","og_description":"La Chambre p\u00e9nale du Tribunal de premi\u00e8re instance de Tunis a condamn\u00e9, ce jeudi 23 mai 2024, l\u2019activiste Houssem Hajlaoui \u00e0 neuf mois de prison avec sursis.","og_url":"https:\/\/www.webdo.tn\/fr\/actualite\/national\/tunisie-houssem-hajlaoui-ecope-de-neuf-mois-de-prison-avec-sursis\/214342\/","og_site_name":"webdo","article_publisher":"https:\/\/www.facebook.com\/webdotn","article_published_time":"2024-05-23T20:48:00+00:00","article_modified_time":"2025-05-21T09:11:09+00:00","og_image":[{"width":750,"height":400,"url":"https:\/\/www.webdo.tn\/fr\/wp-content\/uploads\/2024\/05\/f0e1b43257502ef72d310e9362b578a4.webp","type":"image\/webp"}],"author":"Webdo","twitter_card":"summary_large_image","twitter_creator":"@webdo_tn","twitter_site":"@webdo_tn","twitter_misc":{"\u00c9crit par":"Webdo"},"schema":{"@context":"https:\/\/schema.org","@graph":[{"@type":"NewsArticle","@id":"https:\/\/www.webdo.tn\/fr\/actualite\/national\/tunisie-houssem-hajlaoui-ecope-de-neuf-mois-de-prison-avec-sursis\/214342\/#article","isPartOf":{"@id":"https:\/\/www.webdo.tn\/fr\/actualite\/national\/tunisie-houssem-hajlaoui-ecope-de-neuf-mois-de-prison-avec-sursis\/214342\/"},"author":{"name":"Webdo","@id":"https:\/\/www.webdo.tn\/fr\/#\/schema\/person\/1f4e491e0907b413d61089e8eb573acc"},"headline":"Tunisie : Houssem Hajlaoui \u00e9cope de neuf mois de prison avec sursis","datePublished":"2024-05-23T20:48:00+00:00","dateModified":"2025-05-21T09:11:09+00:00","mainEntityOfPage":{"@id":"https:\/\/www.webdo.tn\/fr\/actualite\/national\/tunisie-houssem-hajlaoui-ecope-de-neuf-mois-de-prison-avec-sursis\/214342\/"},"wordCount":90,"commentCount":0,"publisher":{"@id":"https:\/\/www.webdo.tn\/fr\/#organization"},"image":{"@id":"https:\/\/www.webdo.tn\/fr\/actualite\/national\/tunisie-houssem-hajlaoui-ecope-de-neuf-mois-de-prison-avec-sursis\/214342\/#primaryimage"},"thumbnailUrl":"https:\/\/www.webdo.tn\/fr\/wp-content\/uploads\/2024\/05\/f0e1b43257502ef72d310e9362b578a4.webp","keywords":["Houssem Hajlaoui","sursis","Tunisie"],"articleSection":["National"],"inLanguage":"fr-FR"},{"@type":"WebPage","@id":"https:\/\/www.webdo.tn\/fr\/actualite\/national\/tunisie-houssem-hajlaoui-ecope-de-neuf-mois-de-prison-avec-sursis\/214342\/","url":"https:\/\/www.webdo.tn\/fr\/actualite\/national\/tunisie-houssem-hajlaoui-ecope-de-neuf-mois-de-prison-avec-sursis\/214342\/","name":"Tunisie : Houssem Hajlaoui \u00e9cope de neuf mois de prison avec sursis","isPartOf":{"@id":"https:\/\/www.webdo.tn\/fr\/#website"},"primaryImageOfPage":{"@id":"https:\/\/www.webdo.tn\/fr\/actualite\/national\/tunisie-houssem-hajlaoui-ecope-de-neuf-mois-de-prison-avec-sursis\/214342\/#primaryimage"},"image":{"@id":"https:\/\/www.webdo.tn\/fr\/actualite\/national\/tunisie-houssem-hajlaoui-ecope-de-neuf-mois-de-prison-avec-sursis\/214342\/#primaryimage"},"thumbnailUrl":"https:\/\/www.webdo.tn\/fr\/wp-content\/uploads\/2024\/05\/f0e1b43257502ef72d310e9362b578a4.webp","datePublished":"2024-05-23T20:48:00+00:00","dateModified":"2025-05-21T09:11:09+00:00","description":"La Chambre p\u00e9nale du Tribunal de premi\u00e8re instance de Tunis a condamn\u00e9, ce jeudi 23 mai 2024, l\u2019activiste Houssem Hajlaoui \u00e0 neuf mois de prison avec sursis.","breadcrumb":{"@id":"https:\/\/www.webdo.tn\/fr\/actualite\/national\/tunisie-houssem-hajlaoui-ecope-de-neuf-mois-de-prison-avec-sursis\/214342\/#breadcrumb"},"inLanguage":"fr-FR","potentialAction":[{"@type":"ReadAction","target":["https:\/\/www.webdo.tn\/fr\/actualite\/national\/tunisie-houssem-hajlaoui-ecope-de-neuf-mois-de-prison-avec-sursis\/214342\/"]}]},{"@type":"ImageObject","inLanguage":"fr-FR","@id":"https:\/\/www.webdo.tn\/fr\/actualite\/national\/tunisie-houssem-hajlaoui-ecope-de-neuf-mois-de-prison-avec-sursis\/214342\/#primaryimage","url":"https:\/\/www.webdo.tn\/fr\/wp-content\/uploads\/2024\/05\/f0e1b43257502ef72d310e9362b578a4.webp","contentUrl":"https:\/\/www.webdo.tn\/fr\/wp-content\/uploads\/2024\/05\/f0e1b43257502ef72d310e9362b578a4.webp","width":750,"height":400,"caption":"Tunisie : Houssem Hajlaoui \u00e9cope de neuf mois de prison avec sursis"},{"@type":"BreadcrumbList","@id":"https:\/\/www.webdo.tn\/fr\/actualite\/national\/tunisie-houssem-hajlaoui-ecope-de-neuf-mois-de-prison-avec-sursis\/214342\/#breadcrumb","itemListElement":[{"@type":"ListItem","position":1,"name":"Accueil","item":"https:\/\/www.webdo.tn\/fr\/"},{"@type":"ListItem","position":2,"name":"Tunisie : Houssem Hajlaoui \u00e9cope de neuf mois de prison avec sursis"}]},{"@type":"WebSite","@id":"https:\/\/www.webdo.tn\/fr\/#website","url":"https:\/\/www.webdo.tn\/fr\/","name":"webdo","description":"Tunisie - News en Tunisie et \u00e0 l&#039;international sur Webdo.tn","publisher":{"@id":"https:\/\/www.webdo.tn\/fr\/#organization"},"potentialAction":[{"@type":"SearchAction","target":{"@type":"EntryPoint","urlTemplate":"https:\/\/www.webdo.tn\/fr\/?s={search_term_string}"},"query-input":{"@type":"PropertyValueSpecification","valueRequired":true,"valueName":"search_term_string"}}],"inLanguage":"fr-FR"},{"@type":"Organization","@id":"https:\/\/www.webdo.tn\/fr\/#organization","name":"Webdo","alternateName":"Webdo.tn","url":"https:\/\/www.webdo.tn\/fr\/","logo":{"@type":"ImageObject","inLanguage":"fr-FR","@id":"https:\/\/www.webdo.tn\/fr\/#\/schema\/logo\/image\/","url":"https:\/\/www.webdo.tn\/fr\/wp-content\/uploads\/2025\/06\/Webdo-Tunisie_168377.jpg","contentUrl":"https:\/\/www.webdo.tn\/fr\/wp-content\/uploads\/2025\/06\/Webdo-Tunisie_168377.jpg","width":301,"height":301,"caption":"Webdo"},"image":{"@id":"https:\/\/www.webdo.tn\/fr\/#\/schema\/logo\/image\/"},"sameAs":["https:\/\/www.facebook.com\/webdotn","https:\/\/x.com\/webdo_tn"],"description":"Webdo est un m\u00e9dia num\u00e9rique tunisien fond\u00e9 en 2010, sp\u00e9cialis\u00e9 dans l\u2019actualit\u00e9 nationale et internationale, l\u2019\u00e9conomie, la soci\u00e9t\u00e9 et les analyses politiques. Le site s\u2019adresse \u00e0 un large public francophone et couvre l\u2019information tunisienne en temps r\u00e9el.","email":"redac@webdo.tn","legalName":"YNJ SARL","foundingDate":"2010-09-06","numberOfEmployees":{"@type":"QuantitativeValue","minValue":"11","maxValue":"50"}},{"@type":"Person","@id":"https:\/\/www.webdo.tn\/fr\/#\/schema\/person\/1f4e491e0907b413d61089e8eb573acc","name":"Webdo","image":{"@type":"ImageObject","inLanguage":"fr-FR","@id":"https:\/\/secure.gravatar.com\/avatar\/de97aeec1bb80978a9dbb127e47dfc88aaacb2f3c29aac907d8d3222e3495d49?s=96&d=mm&r=g","url":"https:\/\/secure.gravatar.com\/avatar\/de97aeec1bb80978a9dbb127e47dfc88aaacb2f3c29aac907d8d3222e3495d49?s=96&d=mm&r=g","contentUrl":"https:\/\/secure.gravatar.com\/avatar\/de97aeec1bb80978a9dbb127e47dfc88aaacb2f3c29aac907d8d3222e3495d49?s=96&d=mm&r=g","caption":"Webdo"},"url":"https:\/\/www.webdo.tn\/fr\/actualite\/author\/webdo\/"}]}},"_links":{"self":[{"href":"https:\/\/www.webdo.tn\/fr\/wp-json\/wp\/v2\/posts\/214342","targetHints":{"allow":["GET"]}}],"collection":[{"href":"https:\/\/www.webdo.tn\/fr\/wp-json\/wp\/v2\/posts"}],"about":[{"href":"https:\/\/www.webdo.tn\/fr\/wp-json\/wp\/v2\/types\/post"}],"author":[{"embeddable":true,"href":"https:\/\/www.webdo.tn\/fr\/wp-json\/wp\/v2\/users\/3169"}],"replies":[{"embeddable":true,"href":"https:\/\/www.webdo.tn\/fr\/wp-json\/wp\/v2\/comments?post=214342"}],"version-history":[{"count":0,"href":"https:\/\/www.webdo.tn\/fr\/wp-json\/wp\/v2\/posts\/214342\/revisions"}],"wp:featuredmedia":[{"embeddable":true,"href":"https:\/\/www.webdo.tn\/fr\/wp-json\/wp\/v2\/media\/247327"}],"wp:attachment":[{"href":"https:\/\/www.webdo.tn\/fr\/wp-json\/wp\/v2\/media?parent=214342"}],"wp:term":[{"taxonomy":"category","embeddable":true,"href":"https:\/\/www.webdo.tn\/fr\/wp-json\/wp\/v2\/categories?post=214342"},{"taxonomy":"post_tag","embeddable":true,"href":"https:\/\/www.webdo.tn\/fr\/wp-json\/wp\/v2\/tags?post=214342"}],"curies":[{"name":"wp","href":"https:\/\/api.w.org\/{rel}","templated":true}]}}