{"id":214334,"date":"2024-05-23T13:14:00","date_gmt":"2024-05-23T13:14:00","guid":{"rendered":"https:\/\/www.webdo.tn\/fr\/blog\/tunisie-une-salle-de-classe-intelligente-a-l-islt\/214334\/"},"modified":"2025-05-20T21:50:25","modified_gmt":"2025-05-20T21:50:25","slug":"tunisie-une-salle-de-classe-intelligente-a-l-islt","status":"publish","type":"post","link":"https:\/\/www.webdo.tn\/fr\/actualite\/national\/tunisie-une-salle-de-classe-intelligente-a-l-islt\/214334\/","title":{"rendered":"Tunisie : Une salle de classe intelligente \u00e0 l\u2019ISLT"},"content":{"rendered":"<p>L\u2019Institut Sup\u00e9rieur des Langues de Tunis (ISLT) franchit un nouveau cap dans son parcours d&rsquo;innovation \u00e9ducative en inaugurant une salle de classe intelligente, en pr\u00e9sence de l&rsquo;ambassadeur de Chine en Tunisie, Wan Li.<\/p>\n<p>\t\t\t\t\t\t\t\t\tCe mardi 21 mai 2024, Houda Ben Hamadi, directrice de l\u2019Institut Sup\u00e9rieur des Langues de Tunis, a pr\u00e9sent\u00e9 la nouvelle salle de classe intelligente, inaugur\u00e9e hier \u00e0 l\u2019ISLT, mettant en avant ses nombreux avantages pour l\u2019apprentissage des langues.<\/p>\n<p>Elle a soulign\u00e9 l&rsquo;impact positif des technologies de pointe sur le processus d\u2019enseignement, offrant ainsi aux \u00e9tudiants un environnement d&rsquo;apprentissage stimulant et interactif.<\/p>\n<p>Cette salle de langues intelligente marque une avanc\u00e9e significative dans la modernisation de l\u2019\u00e9ducation, en proposant une plateforme moderne int\u00e9grant des outils interactifs ainsi que des fonctionnalit\u00e9s avanc\u00e9es de communication et de collaboration.<\/p>\n<p>Dans sa volont\u00e9 de favoriser son d\u00e9veloppement tout en am\u00e9liorant le quotidien des parties prenantes, l\u2019ISLT s&rsquo;engage \u00e0 mettre en place des solutions visant \u00e0 accro\u00eetre son agilit\u00e9, sa rapidit\u00e9 et son efficacit\u00e9.<\/p>\n<p>Parmi les solutions les plus innovantes du march\u00e9, l\u2019IdeaHub de Huawei se d\u00e9marque en am\u00e9liorant les \u00e9changes aussi bien en interne qu&rsquo;en externe.<\/p>\n","protected":false},"excerpt":{"rendered":"<p>Ce mardi 21 mai 2024, Houda Ben Hamadi, directrice de l\u2019Institut Sup\u00e9rieur des Langues de Tunis, a pr\u00e9sent\u00e9 la nouvelle salle de classe intelligente, inaugur\u00e9e&#8230;<\/p>\n","protected":false},"author":3162,"featured_media":247322,"comment_status":"open","ping_status":"closed","sticky":false,"template":"","format":"standard","meta":{"footnotes":""},"categories":[44],"tags":[2694,6436,6437,2608],"class_list":["post-214334","post","type-post","status-publish","format-standard","has-post-thumbnail","hentry","category-national","tag-chine","tag-classe-intelligente","tag-islt","tag-tunisie"],"yoast_head":"<!-- This site is optimized with the Yoast SEO Premium plugin v27.5 (Yoast SEO v27.5) - https:\/\/yoast.com\/product\/yoast-seo-premium-wordpress\/ -->\n<title>Tunisie : Une salle de classe intelligente \u00e0 l\u2019ISLT<\/title>\n<meta name=\"description\" content=\"Ce mardi 21 mai 2024, Houda Ben Hamadi, directrice de l\u2019Institut Sup\u00e9rieur des Langues de Tunis, a pr\u00e9sent\u00e9 la nouvelle salle de classe intelligente, inaugur\u00e9e...\" \/>\n<link rel=\"canonical\" href=\"https:\/\/www.webdo.tn\/fr\/actualite\/national\/tunisie-une-salle-de-classe-intelligente-a-l-islt\/214334\/\" \/>\n<meta property=\"og:locale\" content=\"fr_FR\" \/>\n<meta property=\"og:type\" content=\"article\" \/>\n<meta property=\"og:title\" content=\"Tunisie : Une salle de classe intelligente \u00e0 l\u2019ISLT\" \/>\n<meta property=\"og:description\" content=\"Ce mardi 21 mai 2024, Houda Ben Hamadi, directrice de l\u2019Institut Sup\u00e9rieur des Langues de Tunis, a pr\u00e9sent\u00e9 la nouvelle salle de classe intelligente, inaugur\u00e9e...\" \/>\n<meta property=\"og:url\" content=\"https:\/\/www.webdo.tn\/fr\/actualite\/national\/tunisie-une-salle-de-classe-intelligente-a-l-islt\/214334\/\" \/>\n<meta property=\"og:site_name\" content=\"webdo\" \/>\n<meta property=\"article:publisher\" content=\"https:\/\/www.facebook.com\/webdotn\" \/>\n<meta property=\"article:published_time\" content=\"2024-05-23T13:14:00+00:00\" \/>\n<meta property=\"article:modified_time\" content=\"2025-05-20T21:50:25+00:00\" \/>\n<meta property=\"og:image\" content=\"https:\/\/www.webdo.tn\/fr\/wp-content\/uploads\/2024\/05\/2fceeffabef281d34fc74ce3a35ddc2b.webp\" \/>\n\t<meta property=\"og:image:width\" content=\"750\" \/>\n\t<meta property=\"og:image:height\" content=\"400\" \/>\n\t<meta property=\"og:image:type\" content=\"image\/webp\" \/>\n<meta name=\"author\" content=\"MC\" \/>\n<meta name=\"twitter:card\" content=\"summary_large_image\" \/>\n<meta name=\"twitter:creator\" content=\"@webdo_tn\" \/>\n<meta name=\"twitter:site\" content=\"@webdo_tn\" \/>\n<meta name=\"twitter:label1\" content=\"\u00c9crit par\" \/>\n\t<meta name=\"twitter:data1\" content=\"MC\" \/>\n\t<meta name=\"twitter:label2\" content=\"Dur\u00e9e de lecture estim\u00e9e\" \/>\n\t<meta name=\"twitter:data2\" content=\"1 minute\" \/>\n<script type=\"application\/ld+json\" class=\"yoast-schema-graph\">{\"@context\":\"https:\\\/\\\/schema.org\",\"@graph\":[{\"@type\":\"NewsArticle\",\"@id\":\"https:\\\/\\\/www.webdo.tn\\\/fr\\\/actualite\\\/national\\\/tunisie-une-salle-de-classe-intelligente-a-l-islt\\\/214334\\\/#article\",\"isPartOf\":{\"@id\":\"https:\\\/\\\/www.webdo.tn\\\/fr\\\/actualite\\\/national\\\/tunisie-une-salle-de-classe-intelligente-a-l-islt\\\/214334\\\/\"},\"author\":{\"name\":\"MC\",\"@id\":\"https:\\\/\\\/www.webdo.tn\\\/fr\\\/#\\\/schema\\\/person\\\/2c4929cbf5a809e3bd38617c6ce150f6\"},\"headline\":\"Tunisie : Une salle de classe intelligente \u00e0 l\u2019ISLT\",\"datePublished\":\"2024-05-23T13:14:00+00:00\",\"dateModified\":\"2025-05-20T21:50:25+00:00\",\"mainEntityOfPage\":{\"@id\":\"https:\\\/\\\/www.webdo.tn\\\/fr\\\/actualite\\\/national\\\/tunisie-une-salle-de-classe-intelligente-a-l-islt\\\/214334\\\/\"},\"wordCount\":214,\"commentCount\":0,\"publisher\":{\"@id\":\"https:\\\/\\\/www.webdo.tn\\\/fr\\\/#organization\"},\"image\":{\"@id\":\"https:\\\/\\\/www.webdo.tn\\\/fr\\\/actualite\\\/national\\\/tunisie-une-salle-de-classe-intelligente-a-l-islt\\\/214334\\\/#primaryimage\"},\"thumbnailUrl\":\"https:\\\/\\\/www.webdo.tn\\\/fr\\\/wp-content\\\/uploads\\\/2024\\\/05\\\/2fceeffabef281d34fc74ce3a35ddc2b.webp\",\"keywords\":[\"chine\",\"classe intelligente\",\"ISLT\",\"Tunisie\"],\"articleSection\":[\"National\"],\"inLanguage\":\"fr-FR\"},{\"@type\":\"WebPage\",\"@id\":\"https:\\\/\\\/www.webdo.tn\\\/fr\\\/actualite\\\/national\\\/tunisie-une-salle-de-classe-intelligente-a-l-islt\\\/214334\\\/\",\"url\":\"https:\\\/\\\/www.webdo.tn\\\/fr\\\/actualite\\\/national\\\/tunisie-une-salle-de-classe-intelligente-a-l-islt\\\/214334\\\/\",\"name\":\"Tunisie : Une salle de classe intelligente \u00e0 l\u2019ISLT\",\"isPartOf\":{\"@id\":\"https:\\\/\\\/www.webdo.tn\\\/fr\\\/#website\"},\"primaryImageOfPage\":{\"@id\":\"https:\\\/\\\/www.webdo.tn\\\/fr\\\/actualite\\\/national\\\/tunisie-une-salle-de-classe-intelligente-a-l-islt\\\/214334\\\/#primaryimage\"},\"image\":{\"@id\":\"https:\\\/\\\/www.webdo.tn\\\/fr\\\/actualite\\\/national\\\/tunisie-une-salle-de-classe-intelligente-a-l-islt\\\/214334\\\/#primaryimage\"},\"thumbnailUrl\":\"https:\\\/\\\/www.webdo.tn\\\/fr\\\/wp-content\\\/uploads\\\/2024\\\/05\\\/2fceeffabef281d34fc74ce3a35ddc2b.webp\",\"datePublished\":\"2024-05-23T13:14:00+00:00\",\"dateModified\":\"2025-05-20T21:50:25+00:00\",\"description\":\"Ce mardi 21 mai 2024, Houda Ben Hamadi, directrice de l\u2019Institut Sup\u00e9rieur des Langues de Tunis, a pr\u00e9sent\u00e9 la nouvelle salle de classe intelligente, inaugur\u00e9e...\",\"breadcrumb\":{\"@id\":\"https:\\\/\\\/www.webdo.tn\\\/fr\\\/actualite\\\/national\\\/tunisie-une-salle-de-classe-intelligente-a-l-islt\\\/214334\\\/#breadcrumb\"},\"inLanguage\":\"fr-FR\",\"potentialAction\":[{\"@type\":\"ReadAction\",\"target\":[\"https:\\\/\\\/www.webdo.tn\\\/fr\\\/actualite\\\/national\\\/tunisie-une-salle-de-classe-intelligente-a-l-islt\\\/214334\\\/\"]}]},{\"@type\":\"ImageObject\",\"inLanguage\":\"fr-FR\",\"@id\":\"https:\\\/\\\/www.webdo.tn\\\/fr\\\/actualite\\\/national\\\/tunisie-une-salle-de-classe-intelligente-a-l-islt\\\/214334\\\/#primaryimage\",\"url\":\"https:\\\/\\\/www.webdo.tn\\\/fr\\\/wp-content\\\/uploads\\\/2024\\\/05\\\/2fceeffabef281d34fc74ce3a35ddc2b.webp\",\"contentUrl\":\"https:\\\/\\\/www.webdo.tn\\\/fr\\\/wp-content\\\/uploads\\\/2024\\\/05\\\/2fceeffabef281d34fc74ce3a35ddc2b.webp\",\"width\":750,\"height\":400,\"caption\":\"Tunisie : Une salle de classe intelligente \u00e0 l\u2019ISLT\"},{\"@type\":\"BreadcrumbList\",\"@id\":\"https:\\\/\\\/www.webdo.tn\\\/fr\\\/actualite\\\/national\\\/tunisie-une-salle-de-classe-intelligente-a-l-islt\\\/214334\\\/#breadcrumb\",\"itemListElement\":[{\"@type\":\"ListItem\",\"position\":1,\"name\":\"Accueil\",\"item\":\"https:\\\/\\\/www.webdo.tn\\\/fr\\\/\"},{\"@type\":\"ListItem\",\"position\":2,\"name\":\"Tunisie : Une salle de classe intelligente \u00e0 l\u2019ISLT\"}]},{\"@type\":\"WebSite\",\"@id\":\"https:\\\/\\\/www.webdo.tn\\\/fr\\\/#website\",\"url\":\"https:\\\/\\\/www.webdo.tn\\\/fr\\\/\",\"name\":\"webdo\",\"description\":\"Tunisie - News en Tunisie et \u00e0 l&#039;international sur Webdo.tn\",\"publisher\":{\"@id\":\"https:\\\/\\\/www.webdo.tn\\\/fr\\\/#organization\"},\"potentialAction\":[{\"@type\":\"SearchAction\",\"target\":{\"@type\":\"EntryPoint\",\"urlTemplate\":\"https:\\\/\\\/www.webdo.tn\\\/fr\\\/?s={search_term_string}\"},\"query-input\":{\"@type\":\"PropertyValueSpecification\",\"valueRequired\":true,\"valueName\":\"search_term_string\"}}],\"inLanguage\":\"fr-FR\"},{\"@type\":\"Organization\",\"@id\":\"https:\\\/\\\/www.webdo.tn\\\/fr\\\/#organization\",\"name\":\"Webdo\",\"alternateName\":\"Webdo.tn\",\"url\":\"https:\\\/\\\/www.webdo.tn\\\/fr\\\/\",\"logo\":{\"@type\":\"ImageObject\",\"inLanguage\":\"fr-FR\",\"@id\":\"https:\\\/\\\/www.webdo.tn\\\/fr\\\/#\\\/schema\\\/logo\\\/image\\\/\",\"url\":\"https:\\\/\\\/www.webdo.tn\\\/fr\\\/wp-content\\\/uploads\\\/2025\\\/06\\\/Webdo-Tunisie_168377.jpg\",\"contentUrl\":\"https:\\\/\\\/www.webdo.tn\\\/fr\\\/wp-content\\\/uploads\\\/2025\\\/06\\\/Webdo-Tunisie_168377.jpg\",\"width\":301,\"height\":301,\"caption\":\"Webdo\"},\"image\":{\"@id\":\"https:\\\/\\\/www.webdo.tn\\\/fr\\\/#\\\/schema\\\/logo\\\/image\\\/\"},\"sameAs\":[\"https:\\\/\\\/www.facebook.com\\\/webdotn\",\"https:\\\/\\\/x.com\\\/webdo_tn\"],\"description\":\"Webdo est un m\u00e9dia num\u00e9rique tunisien fond\u00e9 en 2010, sp\u00e9cialis\u00e9 dans l\u2019actualit\u00e9 nationale et internationale, l\u2019\u00e9conomie, la soci\u00e9t\u00e9 et les analyses politiques. Le site s\u2019adresse \u00e0 un large public francophone et couvre l\u2019information tunisienne en temps r\u00e9el.\",\"email\":\"redac@webdo.tn\",\"legalName\":\"YNJ SARL\",\"foundingDate\":\"2010-09-06\",\"numberOfEmployees\":{\"@type\":\"QuantitativeValue\",\"minValue\":\"11\",\"maxValue\":\"50\"}},{\"@type\":\"Person\",\"@id\":\"https:\\\/\\\/www.webdo.tn\\\/fr\\\/#\\\/schema\\\/person\\\/2c4929cbf5a809e3bd38617c6ce150f6\",\"name\":\"MC\",\"image\":{\"@type\":\"ImageObject\",\"inLanguage\":\"fr-FR\",\"@id\":\"https:\\\/\\\/secure.gravatar.com\\\/avatar\\\/a545bbb6f84efdd5553dbbc2895e3ca8f1d12c5215e00a041c9670b54aa9b18a?s=96&d=mm&r=g\",\"url\":\"https:\\\/\\\/secure.gravatar.com\\\/avatar\\\/a545bbb6f84efdd5553dbbc2895e3ca8f1d12c5215e00a041c9670b54aa9b18a?s=96&d=mm&r=g\",\"contentUrl\":\"https:\\\/\\\/secure.gravatar.com\\\/avatar\\\/a545bbb6f84efdd5553dbbc2895e3ca8f1d12c5215e00a041c9670b54aa9b18a?s=96&d=mm&r=g\",\"caption\":\"MC\"},\"url\":\"https:\\\/\\\/www.webdo.tn\\\/fr\\\/actualite\\\/author\\\/mc\\\/\"}]}<\/script>\n<!-- \/ Yoast SEO Premium plugin. -->","yoast_head_json":{"title":"Tunisie : Une salle de classe intelligente \u00e0 l\u2019ISLT","description":"Ce mardi 21 mai 2024, Houda Ben Hamadi, directrice de l\u2019Institut Sup\u00e9rieur des Langues de Tunis, a pr\u00e9sent\u00e9 la nouvelle salle de classe intelligente, inaugur\u00e9e...","canonical":"https:\/\/www.webdo.tn\/fr\/actualite\/national\/tunisie-une-salle-de-classe-intelligente-a-l-islt\/214334\/","og_locale":"fr_FR","og_type":"article","og_title":"Tunisie : Une salle de classe intelligente \u00e0 l\u2019ISLT","og_description":"Ce mardi 21 mai 2024, Houda Ben Hamadi, directrice de l\u2019Institut Sup\u00e9rieur des Langues de Tunis, a pr\u00e9sent\u00e9 la nouvelle salle de classe intelligente, inaugur\u00e9e...","og_url":"https:\/\/www.webdo.tn\/fr\/actualite\/national\/tunisie-une-salle-de-classe-intelligente-a-l-islt\/214334\/","og_site_name":"webdo","article_publisher":"https:\/\/www.facebook.com\/webdotn","article_published_time":"2024-05-23T13:14:00+00:00","article_modified_time":"2025-05-20T21:50:25+00:00","og_image":[{"width":750,"height":400,"url":"https:\/\/www.webdo.tn\/fr\/wp-content\/uploads\/2024\/05\/2fceeffabef281d34fc74ce3a35ddc2b.webp","type":"image\/webp"}],"author":"MC","twitter_card":"summary_large_image","twitter_creator":"@webdo_tn","twitter_site":"@webdo_tn","twitter_misc":{"\u00c9crit par":"MC","Dur\u00e9e de lecture estim\u00e9e":"1 minute"},"schema":{"@context":"https:\/\/schema.org","@graph":[{"@type":"NewsArticle","@id":"https:\/\/www.webdo.tn\/fr\/actualite\/national\/tunisie-une-salle-de-classe-intelligente-a-l-islt\/214334\/#article","isPartOf":{"@id":"https:\/\/www.webdo.tn\/fr\/actualite\/national\/tunisie-une-salle-de-classe-intelligente-a-l-islt\/214334\/"},"author":{"name":"MC","@id":"https:\/\/www.webdo.tn\/fr\/#\/schema\/person\/2c4929cbf5a809e3bd38617c6ce150f6"},"headline":"Tunisie : Une salle de classe intelligente \u00e0 l\u2019ISLT","datePublished":"2024-05-23T13:14:00+00:00","dateModified":"2025-05-20T21:50:25+00:00","mainEntityOfPage":{"@id":"https:\/\/www.webdo.tn\/fr\/actualite\/national\/tunisie-une-salle-de-classe-intelligente-a-l-islt\/214334\/"},"wordCount":214,"commentCount":0,"publisher":{"@id":"https:\/\/www.webdo.tn\/fr\/#organization"},"image":{"@id":"https:\/\/www.webdo.tn\/fr\/actualite\/national\/tunisie-une-salle-de-classe-intelligente-a-l-islt\/214334\/#primaryimage"},"thumbnailUrl":"https:\/\/www.webdo.tn\/fr\/wp-content\/uploads\/2024\/05\/2fceeffabef281d34fc74ce3a35ddc2b.webp","keywords":["chine","classe intelligente","ISLT","Tunisie"],"articleSection":["National"],"inLanguage":"fr-FR"},{"@type":"WebPage","@id":"https:\/\/www.webdo.tn\/fr\/actualite\/national\/tunisie-une-salle-de-classe-intelligente-a-l-islt\/214334\/","url":"https:\/\/www.webdo.tn\/fr\/actualite\/national\/tunisie-une-salle-de-classe-intelligente-a-l-islt\/214334\/","name":"Tunisie : Une salle de classe intelligente \u00e0 l\u2019ISLT","isPartOf":{"@id":"https:\/\/www.webdo.tn\/fr\/#website"},"primaryImageOfPage":{"@id":"https:\/\/www.webdo.tn\/fr\/actualite\/national\/tunisie-une-salle-de-classe-intelligente-a-l-islt\/214334\/#primaryimage"},"image":{"@id":"https:\/\/www.webdo.tn\/fr\/actualite\/national\/tunisie-une-salle-de-classe-intelligente-a-l-islt\/214334\/#primaryimage"},"thumbnailUrl":"https:\/\/www.webdo.tn\/fr\/wp-content\/uploads\/2024\/05\/2fceeffabef281d34fc74ce3a35ddc2b.webp","datePublished":"2024-05-23T13:14:00+00:00","dateModified":"2025-05-20T21:50:25+00:00","description":"Ce mardi 21 mai 2024, Houda Ben Hamadi, directrice de l\u2019Institut Sup\u00e9rieur des Langues de Tunis, a pr\u00e9sent\u00e9 la nouvelle salle de classe intelligente, inaugur\u00e9e...","breadcrumb":{"@id":"https:\/\/www.webdo.tn\/fr\/actualite\/national\/tunisie-une-salle-de-classe-intelligente-a-l-islt\/214334\/#breadcrumb"},"inLanguage":"fr-FR","potentialAction":[{"@type":"ReadAction","target":["https:\/\/www.webdo.tn\/fr\/actualite\/national\/tunisie-une-salle-de-classe-intelligente-a-l-islt\/214334\/"]}]},{"@type":"ImageObject","inLanguage":"fr-FR","@id":"https:\/\/www.webdo.tn\/fr\/actualite\/national\/tunisie-une-salle-de-classe-intelligente-a-l-islt\/214334\/#primaryimage","url":"https:\/\/www.webdo.tn\/fr\/wp-content\/uploads\/2024\/05\/2fceeffabef281d34fc74ce3a35ddc2b.webp","contentUrl":"https:\/\/www.webdo.tn\/fr\/wp-content\/uploads\/2024\/05\/2fceeffabef281d34fc74ce3a35ddc2b.webp","width":750,"height":400,"caption":"Tunisie : Une salle de classe intelligente \u00e0 l\u2019ISLT"},{"@type":"BreadcrumbList","@id":"https:\/\/www.webdo.tn\/fr\/actualite\/national\/tunisie-une-salle-de-classe-intelligente-a-l-islt\/214334\/#breadcrumb","itemListElement":[{"@type":"ListItem","position":1,"name":"Accueil","item":"https:\/\/www.webdo.tn\/fr\/"},{"@type":"ListItem","position":2,"name":"Tunisie : Une salle de classe intelligente \u00e0 l\u2019ISLT"}]},{"@type":"WebSite","@id":"https:\/\/www.webdo.tn\/fr\/#website","url":"https:\/\/www.webdo.tn\/fr\/","name":"webdo","description":"Tunisie - News en Tunisie et \u00e0 l&#039;international sur Webdo.tn","publisher":{"@id":"https:\/\/www.webdo.tn\/fr\/#organization"},"potentialAction":[{"@type":"SearchAction","target":{"@type":"EntryPoint","urlTemplate":"https:\/\/www.webdo.tn\/fr\/?s={search_term_string}"},"query-input":{"@type":"PropertyValueSpecification","valueRequired":true,"valueName":"search_term_string"}}],"inLanguage":"fr-FR"},{"@type":"Organization","@id":"https:\/\/www.webdo.tn\/fr\/#organization","name":"Webdo","alternateName":"Webdo.tn","url":"https:\/\/www.webdo.tn\/fr\/","logo":{"@type":"ImageObject","inLanguage":"fr-FR","@id":"https:\/\/www.webdo.tn\/fr\/#\/schema\/logo\/image\/","url":"https:\/\/www.webdo.tn\/fr\/wp-content\/uploads\/2025\/06\/Webdo-Tunisie_168377.jpg","contentUrl":"https:\/\/www.webdo.tn\/fr\/wp-content\/uploads\/2025\/06\/Webdo-Tunisie_168377.jpg","width":301,"height":301,"caption":"Webdo"},"image":{"@id":"https:\/\/www.webdo.tn\/fr\/#\/schema\/logo\/image\/"},"sameAs":["https:\/\/www.facebook.com\/webdotn","https:\/\/x.com\/webdo_tn"],"description":"Webdo est un m\u00e9dia num\u00e9rique tunisien fond\u00e9 en 2010, sp\u00e9cialis\u00e9 dans l\u2019actualit\u00e9 nationale et internationale, l\u2019\u00e9conomie, la soci\u00e9t\u00e9 et les analyses politiques. Le site s\u2019adresse \u00e0 un large public francophone et couvre l\u2019information tunisienne en temps r\u00e9el.","email":"redac@webdo.tn","legalName":"YNJ SARL","foundingDate":"2010-09-06","numberOfEmployees":{"@type":"QuantitativeValue","minValue":"11","maxValue":"50"}},{"@type":"Person","@id":"https:\/\/www.webdo.tn\/fr\/#\/schema\/person\/2c4929cbf5a809e3bd38617c6ce150f6","name":"MC","image":{"@type":"ImageObject","inLanguage":"fr-FR","@id":"https:\/\/secure.gravatar.com\/avatar\/a545bbb6f84efdd5553dbbc2895e3ca8f1d12c5215e00a041c9670b54aa9b18a?s=96&d=mm&r=g","url":"https:\/\/secure.gravatar.com\/avatar\/a545bbb6f84efdd5553dbbc2895e3ca8f1d12c5215e00a041c9670b54aa9b18a?s=96&d=mm&r=g","contentUrl":"https:\/\/secure.gravatar.com\/avatar\/a545bbb6f84efdd5553dbbc2895e3ca8f1d12c5215e00a041c9670b54aa9b18a?s=96&d=mm&r=g","caption":"MC"},"url":"https:\/\/www.webdo.tn\/fr\/actualite\/author\/mc\/"}]}},"_links":{"self":[{"href":"https:\/\/www.webdo.tn\/fr\/wp-json\/wp\/v2\/posts\/214334","targetHints":{"allow":["GET"]}}],"collection":[{"href":"https:\/\/www.webdo.tn\/fr\/wp-json\/wp\/v2\/posts"}],"about":[{"href":"https:\/\/www.webdo.tn\/fr\/wp-json\/wp\/v2\/types\/post"}],"author":[{"embeddable":true,"href":"https:\/\/www.webdo.tn\/fr\/wp-json\/wp\/v2\/users\/3162"}],"replies":[{"embeddable":true,"href":"https:\/\/www.webdo.tn\/fr\/wp-json\/wp\/v2\/comments?post=214334"}],"version-history":[{"count":0,"href":"https:\/\/www.webdo.tn\/fr\/wp-json\/wp\/v2\/posts\/214334\/revisions"}],"wp:featuredmedia":[{"embeddable":true,"href":"https:\/\/www.webdo.tn\/fr\/wp-json\/wp\/v2\/media\/247322"}],"wp:attachment":[{"href":"https:\/\/www.webdo.tn\/fr\/wp-json\/wp\/v2\/media?parent=214334"}],"wp:term":[{"taxonomy":"category","embeddable":true,"href":"https:\/\/www.webdo.tn\/fr\/wp-json\/wp\/v2\/categories?post=214334"},{"taxonomy":"post_tag","embeddable":true,"href":"https:\/\/www.webdo.tn\/fr\/wp-json\/wp\/v2\/tags?post=214334"}],"curies":[{"name":"wp","href":"https:\/\/api.w.org\/{rel}","templated":true}]}}