{"id":214327,"date":"2024-05-23T08:49:00","date_gmt":"2024-05-23T08:49:00","guid":{"rendered":"https:\/\/www.webdo.tn\/fr\/blog\/cannes-2024-marcello-mio\/214327\/"},"modified":"2025-05-21T08:55:44","modified_gmt":"2025-05-21T08:55:44","slug":"cannes-2024-marcello-mio","status":"publish","type":"post","link":"https:\/\/www.webdo.tn\/fr\/actualite\/culture\/cannes-2024-marcello-mio\/214327\/","title":{"rendered":"Cannes 2024 : \u00ab\u00a0Marcello Moi\u00a0\u00bb, entre hommage et qu\u00eate d&rsquo;identit\u00e9"},"content":{"rendered":"<div class=\"single-body entry-content typography-copy\" itemprop=\"articleBody\">\n<p style=\"font-weight: bold; text-align: justify\">\n\t\t\t\t\t\t\t\t\tCannes 2024 : \u00ab\u00a0Marcello Moi\u00a0\u00bb, entre Hommage et Qu\u00eate d&rsquo;Identit\u00e9\n\t\t\t\t\t\t\t\t<\/p>\n<div class=\"coprs\" style=\"text-align: center\"><\/div>\n<div class=\"coprs\" style=\"text-align: justify\">\n<p><span><span>Pr\u00e9sent\u00e9 en comp\u00e9tition au Festival de Cannes 2024, <em>Marcello Moi<\/em> de Christophe Honor\u00e9 est un film de fiction qui allie com\u00e9die et r\u00e9flexion introspective. L&rsquo;histoire se concentre sur Chiara Mastroianni, fille des l\u00e9gendaires Marcello Mastroianni et Catherine Deneuve, qui un matin, en se regardant dans le miroir, voit non pas son propre reflet, mais celui de son p\u00e8re. Elle traverse alors une crise existentielle en se glissant dans la peau de son p\u00e8re d\u00e9c\u00e9d\u00e9. Actrice en pleine tourmente, Chiara d\u00e9cide de passer un \u00e9t\u00e9 \u00e0 vivre comme Marcello Mastroianni, adoptant ses v\u00eatements, son langage et ses habitudes, au point que son entourage finit par la consid\u00e9rer comme Marcello.<\/span><\/span><\/p>\n<p>\u00a0<\/p>\n<p><img decoding=\"async\" alt=\"\" height=\"1023\" src=\"\/assets\/uploads\/images\/\/Neila\/Cannes%202024%20Aff%20marcello-mio.jpeg\" width=\"754\"><\/p>\n<p>\u00a0<\/p>\n<p><span><span>Le film aborde la crise de la cinquantaine de Chiara, une p\u00e9riode de remise en question profonde o\u00f9 elle cherche \u00e0 red\u00e9finir son identit\u00e9. \u00catre la fille de deux ic\u00f4nes du cin\u00e9ma n&rsquo;est pas une t\u00e2che facile, et Chiara se d\u00e9bat avec le poids de cet h\u00e9ritage. Christophe Honor\u00e9 illustre ce dilemme \u00e0 travers des sc\u00e8nes symboliques, telles que l&rsquo;audition o\u00f9 la r\u00e9alisatrice Nicole Garcia, jouant son propre r\u00f4le, demande \u00e0 Chiara d&rsquo;\u00eatre \u00ab\u00a0<em>un peu moins Catherine et un peu plus Marcello<\/em>\u00ab\u00a0. Cette demande r\u00e9v\u00e8le les attentes contradictoires et souvent irr\u00e9alistes plac\u00e9es sur elle.<\/span><\/span><\/p>\n<p><span><span>En parall\u00e8le, le film explore avec finesse les d\u00e9fis li\u00e9s \u00e0 \u00eatre la \u00ab\u00a0fille de\u00a0\u00bb. Chiara est constamment compar\u00e9e \u00e0 ses parents, compliquant sa qu\u00eate d&rsquo;une identit\u00e9 propre. La question centrale demeure : peut-elle trouver sa propre voie ou est-elle condamn\u00e9e \u00e0 vivre dans l&rsquo;ombre de ses parents c\u00e9l\u00e8bres ?<\/span><\/span><\/p>\n<p><span><span>Lors de la conf\u00e9rence de presse qui a suivi la projection du film, Catherine Deneuve a insist\u00e9 sur le fait que sa fille Chiara a toujours \u00e9t\u00e9 tr\u00e8s patiente et a su r\u00e9pondre aimablement aux questions et aux remarques par rapport \u00e0 ses parents c\u00e9l\u00e8bres.<\/span><\/span><\/p>\n<p>\u00a0<\/p>\n<p><img decoding=\"async\" alt=\"\" height=\"538\" src=\"\/assets\/uploads\/images\/\/Neila\/Cannes%202024%20Marcello-Mio.jpeg\" width=\"808\"><\/p>\n<p>\u00a0<\/p>\n<p><span><span><em>Marcello Moi<\/em> n&rsquo;est pas seulement un voyage introspectif pour Chiara, mais aussi un hommage \u00e0 Marcello Mastroianni, dont on c\u00e9l\u00e8bre cette ann\u00e9e le centenaire. Le film utilise ce contexte pour explorer le th\u00e8me de la transmission entre g\u00e9n\u00e9rations et la mani\u00e8re dont les enfants de c\u00e9l\u00e9brit\u00e9s peuvent ou doivent porter l&rsquo;h\u00e9ritage de leurs parents. Honor\u00e9 tisse une r\u00e9flexion plus large sur la c\u00e9l\u00e9brit\u00e9, l&rsquo;h\u00e9ritage culturel et l&rsquo;importance de se reconnecter avec le pass\u00e9 pour mieux comprendre le pr\u00e9sent.<\/span><\/span><\/p>\n<p><span><span>Le film rend un hommage d\u00e9licat \u00e0 Marcello Mastroianni. Chiara s&rsquo;habille d\u2019ailleurs comme son p\u00e8re dans son r\u00f4le dans <em>Huit et demi<\/em> de Federico Fellini. Ce film, pr\u00e9sent\u00e9 \u00e0 Cannes en 1963, racontait l&rsquo;histoire d&rsquo;un r\u00e9alisateur d\u00e9pressif fuyant le monde du cin\u00e9ma pour se r\u00e9fugier dans un univers peupl\u00e9 de fantasmes. Le festival de Cannes a d\u2019ailleurs rendu hommage \u00e0 ce film en 2014 en le choisissant pour figurer sur l\u2019affiche de sa 67\u00e8me \u00e9dition.<\/span><\/span><\/p>\n<p>\u00a0<\/p>\n<p><img decoding=\"async\" alt=\"\" height=\"818\" src=\"\/assets\/uploads\/images\/\/Neila\/Cannes%202024%20Marcello%20Mio%20Affiche%20Cannes%202014.jpeg\" width=\"600\"><\/p>\n<p>\u00a0<\/p>\n<p><span><span>L\u2019\u0153uvre de Christophe Honor\u00e9 parvient \u00e0 cr\u00e9er une atmosph\u00e8re o\u00f9 r\u00e9alit\u00e9 et fiction se confondent. Les sc\u00e8nes o\u00f9 Chiara incarne Marcello sont habilement entrelac\u00e9es avec des \u00e9l\u00e9ments de sa propre vie, brouillant les fronti\u00e8res entre r\u00e9el et imaginaire. Le r\u00e9alisateur utilise des s\u00e9quences oniriques et des r\u00e9f\u00e9rences cin\u00e9matographiques pour enrichir la narrative, tout en rendant hommage \u00e0 l&rsquo;h\u00e9ritage de Marcello Mastroianni. Cependant, cette approche artistique peut parfois sembler superficielle, laissant le spectateur en qu\u00eate d&rsquo;une r\u00e9flexion plus profonde.<\/span><\/span><\/p>\n<p><span><span>Malgr\u00e9 l&rsquo;attente suscit\u00e9e par ce film, certains critiques, y compris moi-m\u00eame, ont exprim\u00e9 une d\u00e9ception, esp\u00e9rant une approche plus s\u00e9rieuse et plus coh\u00e9rente. La com\u00e9die plaisante du film manque de profondeur et de consistance. Bien que les performances soient remarquables, en particulier celle de Chiara Mastroianni, qui dans le film est devenue un v\u00e9ritable sosie de son papa, la l\u00e9g\u00e8ret\u00e9 du ton emp\u00eache une exploration plus pouss\u00e9e des th\u00e8mes abord\u00e9s.<\/span><\/span><\/p>\n<p><span><span><em>Marcello Moi<\/em> est un film qui ne laisse pas indiff\u00e9rent. En explorant les th\u00e8mes de la crise existentielle, du poids de l&rsquo;h\u00e9ritage et de la transmission, Christophe Honor\u00e9 offre une \u0153uvre riche en \u00e9motions et en r\u00e9flexions, mais qui manque malheureusement de profondeur. Chiara Mastroianni, par sa performance sinc\u00e8re et intense, nous entra\u00eene dans un voyage introspectif fascinant, rendant hommage \u00e0 son p\u00e8re tout en cherchant \u00e0 se lib\u00e9rer de son ombre. Un film \u00e0 voir et \u00e0 m\u00e9diter, malgr\u00e9 ses lacunes, par les admirateurs et les nostalgiques de Marcello Mastroianni, comme moi\u00a0!<\/span><\/span><\/p>\n<p><span><span><strong><span>Ne\u00efla Driss<\/span><\/strong><\/span><\/span><\/p>\n<p><img decoding=\"async\" alt=\"\" height=\"320\" src=\"\/assets\/uploads\/images\/\/Neila\/CANNES%202024_SIGNATURES_WEB_800X160_1.jpeg\" width=\"1600\"><\/p>\n<p>\u00a0<\/p>\n<\/p><\/div>\n<div class=\"coprs\" style=\"text-align: center\"><\/div><\/div>\n","protected":false},"excerpt":{"rendered":"<p>Cannes 2024 :  Marcello Moi , entre Hommage et Qu\u00eate d&rsquo;Identit\u00e9<\/p>\n","protected":false},"author":3164,"featured_media":247319,"comment_status":"open","ping_status":"closed","sticky":false,"template":"","format":"standard","meta":{"footnotes":""},"categories":[2594],"tags":[4180,2628,2627,2655,6433],"class_list":["post-214327","post","type-post","status-publish","format-standard","has-post-thumbnail","hentry","category-culture","tag-cannes-2024","tag-festival","tag-festival-de-cannes","tag-film","tag-marcello-mio"],"yoast_head":"<!-- This site is optimized with the Yoast SEO Premium plugin v27.4 (Yoast SEO v27.4) - https:\/\/yoast.com\/product\/yoast-seo-premium-wordpress\/ -->\n<title>Cannes 2024 : Marcello Moi , entre hommage et qu\u00eate d&#039;identit\u00e9<\/title>\n<meta name=\"description\" content=\"Cannes 2024 : Marcello Moi , entre Hommage et Qu\u00eate d&#039;Identit\u00e9\" \/>\n<link rel=\"canonical\" href=\"https:\/\/www.webdo.tn\/fr\/actualite\/culture\/cannes-2024-marcello-mio\/214327\/\" \/>\n<meta property=\"og:locale\" content=\"fr_FR\" \/>\n<meta property=\"og:type\" content=\"article\" \/>\n<meta property=\"og:title\" content=\"Cannes 2024 : &quot;Marcello Moi&quot;, entre hommage et qu\u00eate d&#039;identit\u00e9\" \/>\n<meta property=\"og:description\" content=\"Cannes 2024 : Marcello Moi , entre Hommage et Qu\u00eate d&#039;Identit\u00e9\" \/>\n<meta property=\"og:url\" content=\"https:\/\/www.webdo.tn\/fr\/actualite\/culture\/cannes-2024-marcello-mio\/214327\/\" \/>\n<meta property=\"og:site_name\" content=\"webdo\" \/>\n<meta property=\"article:publisher\" content=\"https:\/\/www.facebook.com\/webdotn\" \/>\n<meta property=\"article:author\" content=\"https:\/\/www.facebook.com\/massir.destiniii\/\" \/>\n<meta property=\"article:published_time\" content=\"2024-05-23T08:49:00+00:00\" \/>\n<meta property=\"article:modified_time\" content=\"2025-05-21T08:55:44+00:00\" \/>\n<meta property=\"og:image\" content=\"https:\/\/www.webdo.tn\/fr\/wp-content\/uploads\/2024\/05\/1908faf4bfcf2cd9f99b0f52b187a8e4.webp\" \/>\n\t<meta property=\"og:image:width\" content=\"750\" \/>\n\t<meta property=\"og:image:height\" content=\"400\" \/>\n\t<meta property=\"og:image:type\" content=\"image\/webp\" \/>\n<meta name=\"author\" content=\"Ne\u00efla DRISS\" \/>\n<meta name=\"twitter:card\" content=\"summary_large_image\" \/>\n<meta name=\"twitter:creator\" content=\"@https:\/\/x.com\/MassirDestin\" \/>\n<meta name=\"twitter:site\" content=\"@webdo_tn\" \/>\n<meta name=\"twitter:label1\" content=\"\u00c9crit par\" \/>\n\t<meta name=\"twitter:data1\" content=\"Ne\u00efla DRISS\" \/>\n\t<meta name=\"twitter:label2\" content=\"Dur\u00e9e de lecture estim\u00e9e\" \/>\n\t<meta name=\"twitter:data2\" content=\"4 minutes\" \/>\n<script type=\"application\/ld+json\" class=\"yoast-schema-graph\">{\"@context\":\"https:\\\/\\\/schema.org\",\"@graph\":[{\"@type\":\"NewsArticle\",\"@id\":\"https:\\\/\\\/www.webdo.tn\\\/fr\\\/actualite\\\/culture\\\/cannes-2024-marcello-mio\\\/214327\\\/#article\",\"isPartOf\":{\"@id\":\"https:\\\/\\\/www.webdo.tn\\\/fr\\\/actualite\\\/culture\\\/cannes-2024-marcello-mio\\\/214327\\\/\"},\"author\":{\"name\":\"Ne\u00efla DRISS\",\"@id\":\"https:\\\/\\\/www.webdo.tn\\\/fr\\\/#\\\/schema\\\/person\\\/60d5ba619ed3f58783b0dc82b7dada80\"},\"headline\":\"Cannes 2024 : \u00ab\u00a0Marcello Moi\u00a0\u00bb, entre hommage et qu\u00eate d&rsquo;identit\u00e9\",\"datePublished\":\"2024-05-23T08:49:00+00:00\",\"dateModified\":\"2025-05-21T08:55:44+00:00\",\"mainEntityOfPage\":{\"@id\":\"https:\\\/\\\/www.webdo.tn\\\/fr\\\/actualite\\\/culture\\\/cannes-2024-marcello-mio\\\/214327\\\/\"},\"wordCount\":814,\"commentCount\":0,\"publisher\":{\"@id\":\"https:\\\/\\\/www.webdo.tn\\\/fr\\\/#organization\"},\"image\":{\"@id\":\"https:\\\/\\\/www.webdo.tn\\\/fr\\\/actualite\\\/culture\\\/cannes-2024-marcello-mio\\\/214327\\\/#primaryimage\"},\"thumbnailUrl\":\"https:\\\/\\\/www.webdo.tn\\\/fr\\\/wp-content\\\/uploads\\\/2024\\\/05\\\/1908faf4bfcf2cd9f99b0f52b187a8e4.webp\",\"keywords\":[\"Cannes 2024\",\"Festival\",\"Festival de Cannes\",\"Film\",\"Marcello Mio\"],\"articleSection\":[\"Culture\"],\"inLanguage\":\"fr-FR\"},{\"@type\":\"WebPage\",\"@id\":\"https:\\\/\\\/www.webdo.tn\\\/fr\\\/actualite\\\/culture\\\/cannes-2024-marcello-mio\\\/214327\\\/\",\"url\":\"https:\\\/\\\/www.webdo.tn\\\/fr\\\/actualite\\\/culture\\\/cannes-2024-marcello-mio\\\/214327\\\/\",\"name\":\"Cannes 2024 : Marcello Moi , entre hommage et qu\u00eate d'identit\u00e9\",\"isPartOf\":{\"@id\":\"https:\\\/\\\/www.webdo.tn\\\/fr\\\/#website\"},\"primaryImageOfPage\":{\"@id\":\"https:\\\/\\\/www.webdo.tn\\\/fr\\\/actualite\\\/culture\\\/cannes-2024-marcello-mio\\\/214327\\\/#primaryimage\"},\"image\":{\"@id\":\"https:\\\/\\\/www.webdo.tn\\\/fr\\\/actualite\\\/culture\\\/cannes-2024-marcello-mio\\\/214327\\\/#primaryimage\"},\"thumbnailUrl\":\"https:\\\/\\\/www.webdo.tn\\\/fr\\\/wp-content\\\/uploads\\\/2024\\\/05\\\/1908faf4bfcf2cd9f99b0f52b187a8e4.webp\",\"datePublished\":\"2024-05-23T08:49:00+00:00\",\"dateModified\":\"2025-05-21T08:55:44+00:00\",\"description\":\"Cannes 2024 : Marcello Moi , entre Hommage et Qu\u00eate d'Identit\u00e9\",\"breadcrumb\":{\"@id\":\"https:\\\/\\\/www.webdo.tn\\\/fr\\\/actualite\\\/culture\\\/cannes-2024-marcello-mio\\\/214327\\\/#breadcrumb\"},\"inLanguage\":\"fr-FR\",\"potentialAction\":[{\"@type\":\"ReadAction\",\"target\":[\"https:\\\/\\\/www.webdo.tn\\\/fr\\\/actualite\\\/culture\\\/cannes-2024-marcello-mio\\\/214327\\\/\"]}]},{\"@type\":\"ImageObject\",\"inLanguage\":\"fr-FR\",\"@id\":\"https:\\\/\\\/www.webdo.tn\\\/fr\\\/actualite\\\/culture\\\/cannes-2024-marcello-mio\\\/214327\\\/#primaryimage\",\"url\":\"https:\\\/\\\/www.webdo.tn\\\/fr\\\/wp-content\\\/uploads\\\/2024\\\/05\\\/1908faf4bfcf2cd9f99b0f52b187a8e4.webp\",\"contentUrl\":\"https:\\\/\\\/www.webdo.tn\\\/fr\\\/wp-content\\\/uploads\\\/2024\\\/05\\\/1908faf4bfcf2cd9f99b0f52b187a8e4.webp\",\"width\":750,\"height\":400,\"caption\":\"Cannes 2024 : \\\"Marcello Moi\\\", entre hommage et qu\u00eate d'identit\u00e9\"},{\"@type\":\"BreadcrumbList\",\"@id\":\"https:\\\/\\\/www.webdo.tn\\\/fr\\\/actualite\\\/culture\\\/cannes-2024-marcello-mio\\\/214327\\\/#breadcrumb\",\"itemListElement\":[{\"@type\":\"ListItem\",\"position\":1,\"name\":\"Accueil\",\"item\":\"https:\\\/\\\/www.webdo.tn\\\/fr\\\/\"},{\"@type\":\"ListItem\",\"position\":2,\"name\":\"Cannes 2024 : \u00ab\u00a0Marcello Moi\u00a0\u00bb, entre hommage et qu\u00eate d&rsquo;identit\u00e9\"}]},{\"@type\":\"WebSite\",\"@id\":\"https:\\\/\\\/www.webdo.tn\\\/fr\\\/#website\",\"url\":\"https:\\\/\\\/www.webdo.tn\\\/fr\\\/\",\"name\":\"webdo\",\"description\":\"Tunisie - News en Tunisie et \u00e0 l&#039;international sur Webdo.tn\",\"publisher\":{\"@id\":\"https:\\\/\\\/www.webdo.tn\\\/fr\\\/#organization\"},\"potentialAction\":[{\"@type\":\"SearchAction\",\"target\":{\"@type\":\"EntryPoint\",\"urlTemplate\":\"https:\\\/\\\/www.webdo.tn\\\/fr\\\/?s={search_term_string}\"},\"query-input\":{\"@type\":\"PropertyValueSpecification\",\"valueRequired\":true,\"valueName\":\"search_term_string\"}}],\"inLanguage\":\"fr-FR\"},{\"@type\":\"Organization\",\"@id\":\"https:\\\/\\\/www.webdo.tn\\\/fr\\\/#organization\",\"name\":\"Webdo\",\"alternateName\":\"Webdo.tn\",\"url\":\"https:\\\/\\\/www.webdo.tn\\\/fr\\\/\",\"logo\":{\"@type\":\"ImageObject\",\"inLanguage\":\"fr-FR\",\"@id\":\"https:\\\/\\\/www.webdo.tn\\\/fr\\\/#\\\/schema\\\/logo\\\/image\\\/\",\"url\":\"https:\\\/\\\/www.webdo.tn\\\/fr\\\/wp-content\\\/uploads\\\/2025\\\/06\\\/Webdo-Tunisie_168377.jpg\",\"contentUrl\":\"https:\\\/\\\/www.webdo.tn\\\/fr\\\/wp-content\\\/uploads\\\/2025\\\/06\\\/Webdo-Tunisie_168377.jpg\",\"width\":301,\"height\":301,\"caption\":\"Webdo\"},\"image\":{\"@id\":\"https:\\\/\\\/www.webdo.tn\\\/fr\\\/#\\\/schema\\\/logo\\\/image\\\/\"},\"sameAs\":[\"https:\\\/\\\/www.facebook.com\\\/webdotn\",\"https:\\\/\\\/x.com\\\/webdo_tn\"],\"description\":\"Webdo est un m\u00e9dia num\u00e9rique tunisien fond\u00e9 en 2010, sp\u00e9cialis\u00e9 dans l\u2019actualit\u00e9 nationale et internationale, l\u2019\u00e9conomie, la soci\u00e9t\u00e9 et les analyses politiques. Le site s\u2019adresse \u00e0 un large public francophone et couvre l\u2019information tunisienne en temps r\u00e9el.\",\"email\":\"redac@webdo.tn\",\"legalName\":\"YNJ SARL\",\"foundingDate\":\"2010-09-06\",\"numberOfEmployees\":{\"@type\":\"QuantitativeValue\",\"minValue\":\"11\",\"maxValue\":\"50\"}},{\"@type\":\"Person\",\"@id\":\"https:\\\/\\\/www.webdo.tn\\\/fr\\\/#\\\/schema\\\/person\\\/60d5ba619ed3f58783b0dc82b7dada80\",\"name\":\"Ne\u00efla DRISS\",\"image\":{\"@type\":\"ImageObject\",\"inLanguage\":\"fr-FR\",\"@id\":\"https:\\\/\\\/www.webdo.tn\\\/fr\\\/wp-content\\\/uploads\\\/2026\\\/04\\\/neila-driss_avatar-96x96.jpg\",\"url\":\"https:\\\/\\\/www.webdo.tn\\\/fr\\\/wp-content\\\/uploads\\\/2026\\\/04\\\/neila-driss_avatar-96x96.jpg\",\"contentUrl\":\"https:\\\/\\\/www.webdo.tn\\\/fr\\\/wp-content\\\/uploads\\\/2026\\\/04\\\/neila-driss_avatar-96x96.jpg\",\"caption\":\"Ne\u00efla DRISS\"},\"description\":\"Ne\u00efla Driss est juriste, journaliste culturelle et critique de cin\u00e9ma tunisienne. Titulaire d\u2019un DEA en droit priv\u00e9 de l\u2019Universit\u00e9 Paris II et d\u2019un DESS de l\u2019IHEC Carthage, elle d\u00e9bute sa carri\u00e8re comme juriste sp\u00e9cialis\u00e9e en gestion de patrimoine immobilier. Elle s\u2019oriente ensuite vers l\u2019\u00e9criture en ligne, o\u00f9 elle se distingue d\u00e8s 2006 aux Tunisia Blog Awards, avant de se consacrer au journalisme culturel, avec une sp\u00e9cialisation dans la critique cin\u00e9matographique. Elle couvre r\u00e9guli\u00e8rement les grands festivals internationaux, notamment le Festival de Cannes, les Journ\u00e9es Cin\u00e9matographiques de Carthage et le Festival du film du Caire. Membre de l\u2019ATPCC et de la FIPRESCI, elle participe \u00e0 des jurys et initiatives internationales de critique. Depuis 2024, elle est \u00e9lectrice internationale aux Golden Globes. Facebook : https:\\\/\\\/www.facebook.com\\\/massir.destiniii\\\/ X : https:\\\/\\\/x.com\\\/MassirDestin\",\"sameAs\":[\"https:\\\/\\\/www.facebook.com\\\/massir.destiniii\\\/\",\"https:\\\/\\\/www.instagram.com\\\/neila.driss\\\/?hl=fr\",\"https:\\\/\\\/www.linkedin.com\\\/in\\\/neila-driss-22606a80\\\/\",\"https:\\\/\\\/x.com\\\/https:\\\/\\\/x.com\\\/MassirDestin\"],\"knowsAbout\":[\"Cin\u00e9ma international\",\"critique cin\u00e9matographique\",\"festivals de cin\u00e9ma\",\"journalisme culturel\"],\"knowsLanguage\":[\"Fran\u00e7ais\",\"Arabe\",\"Anglais\"],\"jobTitle\":\"Journaliste culturelle et critique de cin\u00e9ma\",\"worksFor\":\"Webdo\",\"url\":\"https:\\\/\\\/www.webdo.tn\\\/fr\\\/actualite\\\/author\\\/neila-driss\\\/\"}]}<\/script>\n<!-- \/ Yoast SEO Premium plugin. -->","yoast_head_json":{"title":"Cannes 2024 : Marcello Moi , entre hommage et qu\u00eate d'identit\u00e9","description":"Cannes 2024 : Marcello Moi , entre Hommage et Qu\u00eate d'Identit\u00e9","canonical":"https:\/\/www.webdo.tn\/fr\/actualite\/culture\/cannes-2024-marcello-mio\/214327\/","og_locale":"fr_FR","og_type":"article","og_title":"Cannes 2024 : \"Marcello Moi\", entre hommage et qu\u00eate d'identit\u00e9","og_description":"Cannes 2024 : Marcello Moi , entre Hommage et Qu\u00eate d'Identit\u00e9","og_url":"https:\/\/www.webdo.tn\/fr\/actualite\/culture\/cannes-2024-marcello-mio\/214327\/","og_site_name":"webdo","article_publisher":"https:\/\/www.facebook.com\/webdotn","article_author":"https:\/\/www.facebook.com\/massir.destiniii\/","article_published_time":"2024-05-23T08:49:00+00:00","article_modified_time":"2025-05-21T08:55:44+00:00","og_image":[{"width":750,"height":400,"url":"https:\/\/www.webdo.tn\/fr\/wp-content\/uploads\/2024\/05\/1908faf4bfcf2cd9f99b0f52b187a8e4.webp","type":"image\/webp"}],"author":"Ne\u00efla DRISS","twitter_card":"summary_large_image","twitter_creator":"@https:\/\/x.com\/MassirDestin","twitter_site":"@webdo_tn","twitter_misc":{"\u00c9crit par":"Ne\u00efla DRISS","Dur\u00e9e de lecture estim\u00e9e":"4 minutes"},"schema":{"@context":"https:\/\/schema.org","@graph":[{"@type":"NewsArticle","@id":"https:\/\/www.webdo.tn\/fr\/actualite\/culture\/cannes-2024-marcello-mio\/214327\/#article","isPartOf":{"@id":"https:\/\/www.webdo.tn\/fr\/actualite\/culture\/cannes-2024-marcello-mio\/214327\/"},"author":{"name":"Ne\u00efla DRISS","@id":"https:\/\/www.webdo.tn\/fr\/#\/schema\/person\/60d5ba619ed3f58783b0dc82b7dada80"},"headline":"Cannes 2024 : \u00ab\u00a0Marcello Moi\u00a0\u00bb, entre hommage et qu\u00eate d&rsquo;identit\u00e9","datePublished":"2024-05-23T08:49:00+00:00","dateModified":"2025-05-21T08:55:44+00:00","mainEntityOfPage":{"@id":"https:\/\/www.webdo.tn\/fr\/actualite\/culture\/cannes-2024-marcello-mio\/214327\/"},"wordCount":814,"commentCount":0,"publisher":{"@id":"https:\/\/www.webdo.tn\/fr\/#organization"},"image":{"@id":"https:\/\/www.webdo.tn\/fr\/actualite\/culture\/cannes-2024-marcello-mio\/214327\/#primaryimage"},"thumbnailUrl":"https:\/\/www.webdo.tn\/fr\/wp-content\/uploads\/2024\/05\/1908faf4bfcf2cd9f99b0f52b187a8e4.webp","keywords":["Cannes 2024","Festival","Festival de Cannes","Film","Marcello Mio"],"articleSection":["Culture"],"inLanguage":"fr-FR"},{"@type":"WebPage","@id":"https:\/\/www.webdo.tn\/fr\/actualite\/culture\/cannes-2024-marcello-mio\/214327\/","url":"https:\/\/www.webdo.tn\/fr\/actualite\/culture\/cannes-2024-marcello-mio\/214327\/","name":"Cannes 2024 : Marcello Moi , entre hommage et qu\u00eate d'identit\u00e9","isPartOf":{"@id":"https:\/\/www.webdo.tn\/fr\/#website"},"primaryImageOfPage":{"@id":"https:\/\/www.webdo.tn\/fr\/actualite\/culture\/cannes-2024-marcello-mio\/214327\/#primaryimage"},"image":{"@id":"https:\/\/www.webdo.tn\/fr\/actualite\/culture\/cannes-2024-marcello-mio\/214327\/#primaryimage"},"thumbnailUrl":"https:\/\/www.webdo.tn\/fr\/wp-content\/uploads\/2024\/05\/1908faf4bfcf2cd9f99b0f52b187a8e4.webp","datePublished":"2024-05-23T08:49:00+00:00","dateModified":"2025-05-21T08:55:44+00:00","description":"Cannes 2024 : Marcello Moi , entre Hommage et Qu\u00eate d'Identit\u00e9","breadcrumb":{"@id":"https:\/\/www.webdo.tn\/fr\/actualite\/culture\/cannes-2024-marcello-mio\/214327\/#breadcrumb"},"inLanguage":"fr-FR","potentialAction":[{"@type":"ReadAction","target":["https:\/\/www.webdo.tn\/fr\/actualite\/culture\/cannes-2024-marcello-mio\/214327\/"]}]},{"@type":"ImageObject","inLanguage":"fr-FR","@id":"https:\/\/www.webdo.tn\/fr\/actualite\/culture\/cannes-2024-marcello-mio\/214327\/#primaryimage","url":"https:\/\/www.webdo.tn\/fr\/wp-content\/uploads\/2024\/05\/1908faf4bfcf2cd9f99b0f52b187a8e4.webp","contentUrl":"https:\/\/www.webdo.tn\/fr\/wp-content\/uploads\/2024\/05\/1908faf4bfcf2cd9f99b0f52b187a8e4.webp","width":750,"height":400,"caption":"Cannes 2024 : \"Marcello Moi\", entre hommage et qu\u00eate d'identit\u00e9"},{"@type":"BreadcrumbList","@id":"https:\/\/www.webdo.tn\/fr\/actualite\/culture\/cannes-2024-marcello-mio\/214327\/#breadcrumb","itemListElement":[{"@type":"ListItem","position":1,"name":"Accueil","item":"https:\/\/www.webdo.tn\/fr\/"},{"@type":"ListItem","position":2,"name":"Cannes 2024 : \u00ab\u00a0Marcello Moi\u00a0\u00bb, entre hommage et qu\u00eate d&rsquo;identit\u00e9"}]},{"@type":"WebSite","@id":"https:\/\/www.webdo.tn\/fr\/#website","url":"https:\/\/www.webdo.tn\/fr\/","name":"webdo","description":"Tunisie - News en Tunisie et \u00e0 l&#039;international sur Webdo.tn","publisher":{"@id":"https:\/\/www.webdo.tn\/fr\/#organization"},"potentialAction":[{"@type":"SearchAction","target":{"@type":"EntryPoint","urlTemplate":"https:\/\/www.webdo.tn\/fr\/?s={search_term_string}"},"query-input":{"@type":"PropertyValueSpecification","valueRequired":true,"valueName":"search_term_string"}}],"inLanguage":"fr-FR"},{"@type":"Organization","@id":"https:\/\/www.webdo.tn\/fr\/#organization","name":"Webdo","alternateName":"Webdo.tn","url":"https:\/\/www.webdo.tn\/fr\/","logo":{"@type":"ImageObject","inLanguage":"fr-FR","@id":"https:\/\/www.webdo.tn\/fr\/#\/schema\/logo\/image\/","url":"https:\/\/www.webdo.tn\/fr\/wp-content\/uploads\/2025\/06\/Webdo-Tunisie_168377.jpg","contentUrl":"https:\/\/www.webdo.tn\/fr\/wp-content\/uploads\/2025\/06\/Webdo-Tunisie_168377.jpg","width":301,"height":301,"caption":"Webdo"},"image":{"@id":"https:\/\/www.webdo.tn\/fr\/#\/schema\/logo\/image\/"},"sameAs":["https:\/\/www.facebook.com\/webdotn","https:\/\/x.com\/webdo_tn"],"description":"Webdo est un m\u00e9dia num\u00e9rique tunisien fond\u00e9 en 2010, sp\u00e9cialis\u00e9 dans l\u2019actualit\u00e9 nationale et internationale, l\u2019\u00e9conomie, la soci\u00e9t\u00e9 et les analyses politiques. Le site s\u2019adresse \u00e0 un large public francophone et couvre l\u2019information tunisienne en temps r\u00e9el.","email":"redac@webdo.tn","legalName":"YNJ SARL","foundingDate":"2010-09-06","numberOfEmployees":{"@type":"QuantitativeValue","minValue":"11","maxValue":"50"}},{"@type":"Person","@id":"https:\/\/www.webdo.tn\/fr\/#\/schema\/person\/60d5ba619ed3f58783b0dc82b7dada80","name":"Ne\u00efla DRISS","image":{"@type":"ImageObject","inLanguage":"fr-FR","@id":"https:\/\/www.webdo.tn\/fr\/wp-content\/uploads\/2026\/04\/neila-driss_avatar-96x96.jpg","url":"https:\/\/www.webdo.tn\/fr\/wp-content\/uploads\/2026\/04\/neila-driss_avatar-96x96.jpg","contentUrl":"https:\/\/www.webdo.tn\/fr\/wp-content\/uploads\/2026\/04\/neila-driss_avatar-96x96.jpg","caption":"Ne\u00efla DRISS"},"description":"Ne\u00efla Driss est juriste, journaliste culturelle et critique de cin\u00e9ma tunisienne. Titulaire d\u2019un DEA en droit priv\u00e9 de l\u2019Universit\u00e9 Paris II et d\u2019un DESS de l\u2019IHEC Carthage, elle d\u00e9bute sa carri\u00e8re comme juriste sp\u00e9cialis\u00e9e en gestion de patrimoine immobilier. Elle s\u2019oriente ensuite vers l\u2019\u00e9criture en ligne, o\u00f9 elle se distingue d\u00e8s 2006 aux Tunisia Blog Awards, avant de se consacrer au journalisme culturel, avec une sp\u00e9cialisation dans la critique cin\u00e9matographique. Elle couvre r\u00e9guli\u00e8rement les grands festivals internationaux, notamment le Festival de Cannes, les Journ\u00e9es Cin\u00e9matographiques de Carthage et le Festival du film du Caire. Membre de l\u2019ATPCC et de la FIPRESCI, elle participe \u00e0 des jurys et initiatives internationales de critique. Depuis 2024, elle est \u00e9lectrice internationale aux Golden Globes. Facebook : https:\/\/www.facebook.com\/massir.destiniii\/ X : https:\/\/x.com\/MassirDestin","sameAs":["https:\/\/www.facebook.com\/massir.destiniii\/","https:\/\/www.instagram.com\/neila.driss\/?hl=fr","https:\/\/www.linkedin.com\/in\/neila-driss-22606a80\/","https:\/\/x.com\/https:\/\/x.com\/MassirDestin"],"knowsAbout":["Cin\u00e9ma international","critique cin\u00e9matographique","festivals de cin\u00e9ma","journalisme culturel"],"knowsLanguage":["Fran\u00e7ais","Arabe","Anglais"],"jobTitle":"Journaliste culturelle et critique de cin\u00e9ma","worksFor":"Webdo","url":"https:\/\/www.webdo.tn\/fr\/actualite\/author\/neila-driss\/"}]}},"_links":{"self":[{"href":"https:\/\/www.webdo.tn\/fr\/wp-json\/wp\/v2\/posts\/214327","targetHints":{"allow":["GET"]}}],"collection":[{"href":"https:\/\/www.webdo.tn\/fr\/wp-json\/wp\/v2\/posts"}],"about":[{"href":"https:\/\/www.webdo.tn\/fr\/wp-json\/wp\/v2\/types\/post"}],"author":[{"embeddable":true,"href":"https:\/\/www.webdo.tn\/fr\/wp-json\/wp\/v2\/users\/3164"}],"replies":[{"embeddable":true,"href":"https:\/\/www.webdo.tn\/fr\/wp-json\/wp\/v2\/comments?post=214327"}],"version-history":[{"count":0,"href":"https:\/\/www.webdo.tn\/fr\/wp-json\/wp\/v2\/posts\/214327\/revisions"}],"wp:featuredmedia":[{"embeddable":true,"href":"https:\/\/www.webdo.tn\/fr\/wp-json\/wp\/v2\/media\/247319"}],"wp:attachment":[{"href":"https:\/\/www.webdo.tn\/fr\/wp-json\/wp\/v2\/media?parent=214327"}],"wp:term":[{"taxonomy":"category","embeddable":true,"href":"https:\/\/www.webdo.tn\/fr\/wp-json\/wp\/v2\/categories?post=214327"},{"taxonomy":"post_tag","embeddable":true,"href":"https:\/\/www.webdo.tn\/fr\/wp-json\/wp\/v2\/tags?post=214327"}],"curies":[{"name":"wp","href":"https:\/\/api.w.org\/{rel}","templated":true}]}}