{"id":214319,"date":"2024-05-22T15:27:00","date_gmt":"2024-05-22T15:27:00","guid":{"rendered":"https:\/\/www.webdo.tn\/fr\/blog\/affaires-borhen-bssaies-et-mourad-zeghidi-en-delibere\/214319\/"},"modified":"2025-05-20T22:13:29","modified_gmt":"2025-05-20T22:13:29","slug":"affaires-borhen-bssaies-et-mourad-zeghidi-en-delibere","status":"publish","type":"post","link":"https:\/\/www.webdo.tn\/fr\/actualite\/national\/affaires-borhen-bssaies-et-mourad-zeghidi-en-delibere\/214319\/","title":{"rendered":"Affaires Borhen Bssaies et Mourad Zeghidi : Deux journalistes emprisonn\u00e9s un an"},"content":{"rendered":"<p>Mise \u00e0 Jour: La Chambre correctionnelle aupr\u00e8s du Tribunal de premi\u00e8re instance de Tunis a inflig\u00e9 des peines de prison ferme \u00e0 deux journalistes tunisiens pour des d\u00e9clarations jug\u00e9es offensantes envers le pr\u00e9sident de la R\u00e9publique.<\/p>\n<p>\t\t\t\t\t\t\t\t\tBorhen Bsa\u00efes et Mourad Zeghidi ont \u00e9cop\u00e9 chacun de six mois de prison ferme lors de deux proc\u00e8s distincts, portant leur peine cumul\u00e9e \u00e0 un an de d\u00e9tention. Cette d\u00e9cision fait suite \u00e0 leur interrogatoire par le procureur le 13 mai dernier, dans le cadre d&rsquo;une enqu\u00eate visant certaines de leurs prises de position m\u00e9diatiques et publications sur les r\u00e9seaux sociaux, remontant pour certaines jusqu&rsquo;\u00e0 2020.<br \/>\nIls sont poursuivis pour avoir port\u00e9 atteinte \u00e0 la personne du chef de l&rsquo;\u00c9tat par leurs d\u00e9clarations.\u00a0<\/p>\n<p>Cette affaire soul\u00e8ve des interrogations sur la libert\u00e9 d&rsquo;expression et de la presse en Tunisie, pays consid\u00e9r\u00e9 comme une d\u00e9mocratie \u00e9mergente depuis la r\u00e9volution de 2011.<\/p>\n<p>______________________________________________________<\/p>\n<p>Les journalistes Borhen Bssaies et Mourad Zeghidi ont comparu, ce mercredi 22 mai 2024 devant la justice. Arr\u00eat\u00e9s le 11 mai dernier, on leur reproche des d\u00e9clarations m\u00e9diatiques et des statuts sur les r\u00e9seaux sociaux, tombant sous le coup de la loi.<\/p>\n<p>Les journalistes Borhen Bssaies et Mourad Zeghidi ont comparu, aujourd\u2019hui, mercredi 22 mai 2024 devant la justice pour des accusations port\u00e9es contre eux\u00a0 en vertu du D\u00e9cret-loi 54.<\/p>\n<p>Arr\u00eat\u00e9s le 11 mai dernier en marge de l\u2019arrestation de l\u2019avocate Sonia Dahmani, le juge d&rsquo;instruction du tribunal de premi\u00e8re instance de Tunis 1 a \u00e9mis, le 15 mai dernier, des mandats de d\u00e9p\u00f4t \u00e0 leur encontre concernant des d\u00e9clarations m\u00e9diatiques et des statuts sur les r\u00e9seaux sociaux.<\/p>\n<p>La huiti\u00e8me Chambre criminelle du Tribunal de premi\u00e8re instance de Tunis a d\u00e9cid\u00e9 de mettre en d\u00e9lib\u00e9r\u00e9 les dossiers des deux affaires intent\u00e9es contre les deux journalistes pour n\u00e9gociation et d&rsquo;annoncer le verdict \u00e0 l&rsquo;issue de la s\u00e9ance, annonce Mosaique fm sachant que leurs d\u00e9clarations ont \u00e9t\u00e9 entendues et les avocats les d\u00e9fendant ont plaid\u00e9.<\/p>\n<p>Il est \u00e0 signaler que Borhen Bsaies et Mourad Zeghidi ont comparu, ce mercredi 22 mai 2024, devant la huiti\u00e8me Chambre criminelle, en \u00e9tat d&rsquo;arrestation. Leurs d\u00e9clarations ont \u00e9t\u00e9 entendues avant de c\u00e9der la place \u00e0 un nombre important d&rsquo;avocats pour plaider en leur faveur.<\/p>\n","protected":false},"excerpt":{"rendered":"<p>Les journalistes Borhen Bssaies et Mourad Zeghidi ont comparu, aujourd\u2019hui, mercredi 22 mai 2024 devant la justice pour des accusations port\u00e9es contre eux  en v&#8230;<\/p>\n","protected":false},"author":3162,"featured_media":290626,"comment_status":"open","ping_status":"closed","sticky":false,"template":"","format":"standard","meta":{"footnotes":""},"categories":[44],"tags":[10197,6449,2619,4868,2608],"class_list":["post-214319","post","type-post","status-publish","format-standard","has-post-thumbnail","hentry","category-national","tag-delibere","tag-borhen-bssaies","tag-justice","tag-mourad-zeghidi","tag-tunisie"],"yoast_head":"<!-- This site is optimized with the Yoast SEO Premium plugin v27.5 (Yoast SEO v27.5) - https:\/\/yoast.com\/product\/yoast-seo-premium-wordpress\/ -->\n<title>Affaires Borhen Bssaies et Mourad Zeghidi : Deux journalistes emprisonn\u00e9s un an<\/title>\n<meta name=\"description\" content=\"Les journalistes Borhen Bssaies et Mourad Zeghidi ont comparu, aujourd\u2019hui, mercredi 22 mai 2024 devant la justice pour des accusations port\u00e9es contre eux en v...\" \/>\n<link rel=\"canonical\" href=\"https:\/\/www.webdo.tn\/fr\/actualite\/national\/affaires-borhen-bssaies-et-mourad-zeghidi-en-delibere\/214319\/\" \/>\n<meta property=\"og:locale\" content=\"fr_FR\" \/>\n<meta property=\"og:type\" content=\"article\" \/>\n<meta property=\"og:title\" content=\"Affaires Borhen Bssaies et Mourad Zeghidi : Deux journalistes emprisonn\u00e9s un an\" \/>\n<meta property=\"og:description\" content=\"Les journalistes Borhen Bssaies et Mourad Zeghidi ont comparu, aujourd\u2019hui, mercredi 22 mai 2024 devant la justice pour des accusations port\u00e9es contre eux en v...\" \/>\n<meta property=\"og:url\" content=\"https:\/\/www.webdo.tn\/fr\/actualite\/national\/affaires-borhen-bssaies-et-mourad-zeghidi-en-delibere\/214319\/\" \/>\n<meta property=\"og:site_name\" content=\"webdo\" \/>\n<meta property=\"article:publisher\" content=\"https:\/\/www.facebook.com\/webdotn\" \/>\n<meta property=\"article:published_time\" content=\"2024-05-22T15:27:00+00:00\" \/>\n<meta property=\"article:modified_time\" content=\"2025-05-20T22:13:29+00:00\" \/>\n<meta property=\"og:image\" content=\"https:\/\/www.webdo.tn\/fr\/wp-content\/uploads\/2024\/05\/3f5045ea358f1409c25e9c229c02bfec.webp\" \/>\n\t<meta property=\"og:image:width\" content=\"750\" \/>\n\t<meta property=\"og:image:height\" content=\"400\" \/>\n\t<meta property=\"og:image:type\" content=\"image\/webp\" \/>\n<meta name=\"author\" content=\"MC\" \/>\n<meta name=\"twitter:card\" content=\"summary_large_image\" \/>\n<meta name=\"twitter:creator\" content=\"@webdo_tn\" \/>\n<meta name=\"twitter:site\" content=\"@webdo_tn\" \/>\n<meta name=\"twitter:label1\" content=\"\u00c9crit par\" \/>\n\t<meta name=\"twitter:data1\" content=\"MC\" \/>\n\t<meta name=\"twitter:label2\" content=\"Dur\u00e9e de lecture estim\u00e9e\" \/>\n\t<meta name=\"twitter:data2\" content=\"2 minutes\" \/>\n<script type=\"application\/ld+json\" class=\"yoast-schema-graph\">{\"@context\":\"https:\\\/\\\/schema.org\",\"@graph\":[{\"@type\":\"NewsArticle\",\"@id\":\"https:\\\/\\\/www.webdo.tn\\\/fr\\\/actualite\\\/national\\\/affaires-borhen-bssaies-et-mourad-zeghidi-en-delibere\\\/214319\\\/#article\",\"isPartOf\":{\"@id\":\"https:\\\/\\\/www.webdo.tn\\\/fr\\\/actualite\\\/national\\\/affaires-borhen-bssaies-et-mourad-zeghidi-en-delibere\\\/214319\\\/\"},\"author\":{\"name\":\"MC\",\"@id\":\"https:\\\/\\\/www.webdo.tn\\\/fr\\\/#\\\/schema\\\/person\\\/2c4929cbf5a809e3bd38617c6ce150f6\"},\"headline\":\"Affaires Borhen Bssaies et Mourad Zeghidi : Deux journalistes emprisonn\u00e9s un an\",\"datePublished\":\"2024-05-22T15:27:00+00:00\",\"dateModified\":\"2025-05-20T22:13:29+00:00\",\"mainEntityOfPage\":{\"@id\":\"https:\\\/\\\/www.webdo.tn\\\/fr\\\/actualite\\\/national\\\/affaires-borhen-bssaies-et-mourad-zeghidi-en-delibere\\\/214319\\\/\"},\"wordCount\":410,\"commentCount\":0,\"publisher\":{\"@id\":\"https:\\\/\\\/www.webdo.tn\\\/fr\\\/#organization\"},\"image\":{\"@id\":\"https:\\\/\\\/www.webdo.tn\\\/fr\\\/actualite\\\/national\\\/affaires-borhen-bssaies-et-mourad-zeghidi-en-delibere\\\/214319\\\/#primaryimage\"},\"thumbnailUrl\":\"https:\\\/\\\/www.webdo.tn\\\/fr\\\/wp-content\\\/uploads\\\/2024\\\/05\\\/3f5045ea358f1409c25e9c229c02bfec.webp\",\"keywords\":[\"'d\u00e9lib\u00e9r\u00e9']\",\"borhen bssaies\",\"justice\",\"Mourad Zeghidi\",\"Tunisie\"],\"articleSection\":[\"National\"],\"inLanguage\":\"fr-FR\"},{\"@type\":\"WebPage\",\"@id\":\"https:\\\/\\\/www.webdo.tn\\\/fr\\\/actualite\\\/national\\\/affaires-borhen-bssaies-et-mourad-zeghidi-en-delibere\\\/214319\\\/\",\"url\":\"https:\\\/\\\/www.webdo.tn\\\/fr\\\/actualite\\\/national\\\/affaires-borhen-bssaies-et-mourad-zeghidi-en-delibere\\\/214319\\\/\",\"name\":\"Affaires Borhen Bssaies et Mourad Zeghidi : Deux journalistes emprisonn\u00e9s un an\",\"isPartOf\":{\"@id\":\"https:\\\/\\\/www.webdo.tn\\\/fr\\\/#website\"},\"primaryImageOfPage\":{\"@id\":\"https:\\\/\\\/www.webdo.tn\\\/fr\\\/actualite\\\/national\\\/affaires-borhen-bssaies-et-mourad-zeghidi-en-delibere\\\/214319\\\/#primaryimage\"},\"image\":{\"@id\":\"https:\\\/\\\/www.webdo.tn\\\/fr\\\/actualite\\\/national\\\/affaires-borhen-bssaies-et-mourad-zeghidi-en-delibere\\\/214319\\\/#primaryimage\"},\"thumbnailUrl\":\"https:\\\/\\\/www.webdo.tn\\\/fr\\\/wp-content\\\/uploads\\\/2024\\\/05\\\/3f5045ea358f1409c25e9c229c02bfec.webp\",\"datePublished\":\"2024-05-22T15:27:00+00:00\",\"dateModified\":\"2025-05-20T22:13:29+00:00\",\"description\":\"Les journalistes Borhen Bssaies et Mourad Zeghidi ont comparu, aujourd\u2019hui, mercredi 22 mai 2024 devant la justice pour des accusations port\u00e9es contre eux en v...\",\"breadcrumb\":{\"@id\":\"https:\\\/\\\/www.webdo.tn\\\/fr\\\/actualite\\\/national\\\/affaires-borhen-bssaies-et-mourad-zeghidi-en-delibere\\\/214319\\\/#breadcrumb\"},\"inLanguage\":\"fr-FR\",\"potentialAction\":[{\"@type\":\"ReadAction\",\"target\":[\"https:\\\/\\\/www.webdo.tn\\\/fr\\\/actualite\\\/national\\\/affaires-borhen-bssaies-et-mourad-zeghidi-en-delibere\\\/214319\\\/\"]}]},{\"@type\":\"ImageObject\",\"inLanguage\":\"fr-FR\",\"@id\":\"https:\\\/\\\/www.webdo.tn\\\/fr\\\/actualite\\\/national\\\/affaires-borhen-bssaies-et-mourad-zeghidi-en-delibere\\\/214319\\\/#primaryimage\",\"url\":\"https:\\\/\\\/www.webdo.tn\\\/fr\\\/wp-content\\\/uploads\\\/2024\\\/05\\\/3f5045ea358f1409c25e9c229c02bfec.webp\",\"contentUrl\":\"https:\\\/\\\/www.webdo.tn\\\/fr\\\/wp-content\\\/uploads\\\/2024\\\/05\\\/3f5045ea358f1409c25e9c229c02bfec.webp\",\"width\":750,\"height\":400,\"caption\":\"Affaires Borhen Bssaies et Mourad Zeghidi : Deux journalistes emprisonn\u00e9s un an\"},{\"@type\":\"BreadcrumbList\",\"@id\":\"https:\\\/\\\/www.webdo.tn\\\/fr\\\/actualite\\\/national\\\/affaires-borhen-bssaies-et-mourad-zeghidi-en-delibere\\\/214319\\\/#breadcrumb\",\"itemListElement\":[{\"@type\":\"ListItem\",\"position\":1,\"name\":\"Accueil\",\"item\":\"https:\\\/\\\/www.webdo.tn\\\/fr\\\/\"},{\"@type\":\"ListItem\",\"position\":2,\"name\":\"Affaires Borhen Bssaies et Mourad Zeghidi : Deux journalistes emprisonn\u00e9s un an\"}]},{\"@type\":\"WebSite\",\"@id\":\"https:\\\/\\\/www.webdo.tn\\\/fr\\\/#website\",\"url\":\"https:\\\/\\\/www.webdo.tn\\\/fr\\\/\",\"name\":\"webdo\",\"description\":\"Tunisie - News en Tunisie et \u00e0 l&#039;international sur Webdo.tn\",\"publisher\":{\"@id\":\"https:\\\/\\\/www.webdo.tn\\\/fr\\\/#organization\"},\"potentialAction\":[{\"@type\":\"SearchAction\",\"target\":{\"@type\":\"EntryPoint\",\"urlTemplate\":\"https:\\\/\\\/www.webdo.tn\\\/fr\\\/?s={search_term_string}\"},\"query-input\":{\"@type\":\"PropertyValueSpecification\",\"valueRequired\":true,\"valueName\":\"search_term_string\"}}],\"inLanguage\":\"fr-FR\"},{\"@type\":\"Organization\",\"@id\":\"https:\\\/\\\/www.webdo.tn\\\/fr\\\/#organization\",\"name\":\"Webdo\",\"alternateName\":\"Webdo.tn\",\"url\":\"https:\\\/\\\/www.webdo.tn\\\/fr\\\/\",\"logo\":{\"@type\":\"ImageObject\",\"inLanguage\":\"fr-FR\",\"@id\":\"https:\\\/\\\/www.webdo.tn\\\/fr\\\/#\\\/schema\\\/logo\\\/image\\\/\",\"url\":\"https:\\\/\\\/www.webdo.tn\\\/fr\\\/wp-content\\\/uploads\\\/2025\\\/06\\\/Webdo-Tunisie_168377.jpg\",\"contentUrl\":\"https:\\\/\\\/www.webdo.tn\\\/fr\\\/wp-content\\\/uploads\\\/2025\\\/06\\\/Webdo-Tunisie_168377.jpg\",\"width\":301,\"height\":301,\"caption\":\"Webdo\"},\"image\":{\"@id\":\"https:\\\/\\\/www.webdo.tn\\\/fr\\\/#\\\/schema\\\/logo\\\/image\\\/\"},\"sameAs\":[\"https:\\\/\\\/www.facebook.com\\\/webdotn\",\"https:\\\/\\\/x.com\\\/webdo_tn\"],\"description\":\"Webdo est un m\u00e9dia num\u00e9rique tunisien fond\u00e9 en 2010, sp\u00e9cialis\u00e9 dans l\u2019actualit\u00e9 nationale et internationale, l\u2019\u00e9conomie, la soci\u00e9t\u00e9 et les analyses politiques. Le site s\u2019adresse \u00e0 un large public francophone et couvre l\u2019information tunisienne en temps r\u00e9el.\",\"email\":\"redac@webdo.tn\",\"legalName\":\"YNJ SARL\",\"foundingDate\":\"2010-09-06\",\"numberOfEmployees\":{\"@type\":\"QuantitativeValue\",\"minValue\":\"11\",\"maxValue\":\"50\"}},{\"@type\":\"Person\",\"@id\":\"https:\\\/\\\/www.webdo.tn\\\/fr\\\/#\\\/schema\\\/person\\\/2c4929cbf5a809e3bd38617c6ce150f6\",\"name\":\"MC\",\"image\":{\"@type\":\"ImageObject\",\"inLanguage\":\"fr-FR\",\"@id\":\"https:\\\/\\\/secure.gravatar.com\\\/avatar\\\/a545bbb6f84efdd5553dbbc2895e3ca8f1d12c5215e00a041c9670b54aa9b18a?s=96&d=mm&r=g\",\"url\":\"https:\\\/\\\/secure.gravatar.com\\\/avatar\\\/a545bbb6f84efdd5553dbbc2895e3ca8f1d12c5215e00a041c9670b54aa9b18a?s=96&d=mm&r=g\",\"contentUrl\":\"https:\\\/\\\/secure.gravatar.com\\\/avatar\\\/a545bbb6f84efdd5553dbbc2895e3ca8f1d12c5215e00a041c9670b54aa9b18a?s=96&d=mm&r=g\",\"caption\":\"MC\"},\"url\":\"https:\\\/\\\/www.webdo.tn\\\/fr\\\/actualite\\\/author\\\/mc\\\/\"}]}<\/script>\n<!-- \/ Yoast SEO Premium plugin. -->","yoast_head_json":{"title":"Affaires Borhen Bssaies et Mourad Zeghidi : Deux journalistes emprisonn\u00e9s un an","description":"Les journalistes Borhen Bssaies et Mourad Zeghidi ont comparu, aujourd\u2019hui, mercredi 22 mai 2024 devant la justice pour des accusations port\u00e9es contre eux en v...","canonical":"https:\/\/www.webdo.tn\/fr\/actualite\/national\/affaires-borhen-bssaies-et-mourad-zeghidi-en-delibere\/214319\/","og_locale":"fr_FR","og_type":"article","og_title":"Affaires Borhen Bssaies et Mourad Zeghidi : Deux journalistes emprisonn\u00e9s un an","og_description":"Les journalistes Borhen Bssaies et Mourad Zeghidi ont comparu, aujourd\u2019hui, mercredi 22 mai 2024 devant la justice pour des accusations port\u00e9es contre eux en v...","og_url":"https:\/\/www.webdo.tn\/fr\/actualite\/national\/affaires-borhen-bssaies-et-mourad-zeghidi-en-delibere\/214319\/","og_site_name":"webdo","article_publisher":"https:\/\/www.facebook.com\/webdotn","article_published_time":"2024-05-22T15:27:00+00:00","article_modified_time":"2025-05-20T22:13:29+00:00","og_image":[{"width":750,"height":400,"url":"https:\/\/www.webdo.tn\/fr\/wp-content\/uploads\/2024\/05\/3f5045ea358f1409c25e9c229c02bfec.webp","type":"image\/webp"}],"author":"MC","twitter_card":"summary_large_image","twitter_creator":"@webdo_tn","twitter_site":"@webdo_tn","twitter_misc":{"\u00c9crit par":"MC","Dur\u00e9e de lecture estim\u00e9e":"2 minutes"},"schema":{"@context":"https:\/\/schema.org","@graph":[{"@type":"NewsArticle","@id":"https:\/\/www.webdo.tn\/fr\/actualite\/national\/affaires-borhen-bssaies-et-mourad-zeghidi-en-delibere\/214319\/#article","isPartOf":{"@id":"https:\/\/www.webdo.tn\/fr\/actualite\/national\/affaires-borhen-bssaies-et-mourad-zeghidi-en-delibere\/214319\/"},"author":{"name":"MC","@id":"https:\/\/www.webdo.tn\/fr\/#\/schema\/person\/2c4929cbf5a809e3bd38617c6ce150f6"},"headline":"Affaires Borhen Bssaies et Mourad Zeghidi : Deux journalistes emprisonn\u00e9s un an","datePublished":"2024-05-22T15:27:00+00:00","dateModified":"2025-05-20T22:13:29+00:00","mainEntityOfPage":{"@id":"https:\/\/www.webdo.tn\/fr\/actualite\/national\/affaires-borhen-bssaies-et-mourad-zeghidi-en-delibere\/214319\/"},"wordCount":410,"commentCount":0,"publisher":{"@id":"https:\/\/www.webdo.tn\/fr\/#organization"},"image":{"@id":"https:\/\/www.webdo.tn\/fr\/actualite\/national\/affaires-borhen-bssaies-et-mourad-zeghidi-en-delibere\/214319\/#primaryimage"},"thumbnailUrl":"https:\/\/www.webdo.tn\/fr\/wp-content\/uploads\/2024\/05\/3f5045ea358f1409c25e9c229c02bfec.webp","keywords":["'d\u00e9lib\u00e9r\u00e9']","borhen bssaies","justice","Mourad Zeghidi","Tunisie"],"articleSection":["National"],"inLanguage":"fr-FR"},{"@type":"WebPage","@id":"https:\/\/www.webdo.tn\/fr\/actualite\/national\/affaires-borhen-bssaies-et-mourad-zeghidi-en-delibere\/214319\/","url":"https:\/\/www.webdo.tn\/fr\/actualite\/national\/affaires-borhen-bssaies-et-mourad-zeghidi-en-delibere\/214319\/","name":"Affaires Borhen Bssaies et Mourad Zeghidi : Deux journalistes emprisonn\u00e9s un an","isPartOf":{"@id":"https:\/\/www.webdo.tn\/fr\/#website"},"primaryImageOfPage":{"@id":"https:\/\/www.webdo.tn\/fr\/actualite\/national\/affaires-borhen-bssaies-et-mourad-zeghidi-en-delibere\/214319\/#primaryimage"},"image":{"@id":"https:\/\/www.webdo.tn\/fr\/actualite\/national\/affaires-borhen-bssaies-et-mourad-zeghidi-en-delibere\/214319\/#primaryimage"},"thumbnailUrl":"https:\/\/www.webdo.tn\/fr\/wp-content\/uploads\/2024\/05\/3f5045ea358f1409c25e9c229c02bfec.webp","datePublished":"2024-05-22T15:27:00+00:00","dateModified":"2025-05-20T22:13:29+00:00","description":"Les journalistes Borhen Bssaies et Mourad Zeghidi ont comparu, aujourd\u2019hui, mercredi 22 mai 2024 devant la justice pour des accusations port\u00e9es contre eux en v...","breadcrumb":{"@id":"https:\/\/www.webdo.tn\/fr\/actualite\/national\/affaires-borhen-bssaies-et-mourad-zeghidi-en-delibere\/214319\/#breadcrumb"},"inLanguage":"fr-FR","potentialAction":[{"@type":"ReadAction","target":["https:\/\/www.webdo.tn\/fr\/actualite\/national\/affaires-borhen-bssaies-et-mourad-zeghidi-en-delibere\/214319\/"]}]},{"@type":"ImageObject","inLanguage":"fr-FR","@id":"https:\/\/www.webdo.tn\/fr\/actualite\/national\/affaires-borhen-bssaies-et-mourad-zeghidi-en-delibere\/214319\/#primaryimage","url":"https:\/\/www.webdo.tn\/fr\/wp-content\/uploads\/2024\/05\/3f5045ea358f1409c25e9c229c02bfec.webp","contentUrl":"https:\/\/www.webdo.tn\/fr\/wp-content\/uploads\/2024\/05\/3f5045ea358f1409c25e9c229c02bfec.webp","width":750,"height":400,"caption":"Affaires Borhen Bssaies et Mourad Zeghidi : Deux journalistes emprisonn\u00e9s un an"},{"@type":"BreadcrumbList","@id":"https:\/\/www.webdo.tn\/fr\/actualite\/national\/affaires-borhen-bssaies-et-mourad-zeghidi-en-delibere\/214319\/#breadcrumb","itemListElement":[{"@type":"ListItem","position":1,"name":"Accueil","item":"https:\/\/www.webdo.tn\/fr\/"},{"@type":"ListItem","position":2,"name":"Affaires Borhen Bssaies et Mourad Zeghidi : Deux journalistes emprisonn\u00e9s un an"}]},{"@type":"WebSite","@id":"https:\/\/www.webdo.tn\/fr\/#website","url":"https:\/\/www.webdo.tn\/fr\/","name":"webdo","description":"Tunisie - News en Tunisie et \u00e0 l&#039;international sur Webdo.tn","publisher":{"@id":"https:\/\/www.webdo.tn\/fr\/#organization"},"potentialAction":[{"@type":"SearchAction","target":{"@type":"EntryPoint","urlTemplate":"https:\/\/www.webdo.tn\/fr\/?s={search_term_string}"},"query-input":{"@type":"PropertyValueSpecification","valueRequired":true,"valueName":"search_term_string"}}],"inLanguage":"fr-FR"},{"@type":"Organization","@id":"https:\/\/www.webdo.tn\/fr\/#organization","name":"Webdo","alternateName":"Webdo.tn","url":"https:\/\/www.webdo.tn\/fr\/","logo":{"@type":"ImageObject","inLanguage":"fr-FR","@id":"https:\/\/www.webdo.tn\/fr\/#\/schema\/logo\/image\/","url":"https:\/\/www.webdo.tn\/fr\/wp-content\/uploads\/2025\/06\/Webdo-Tunisie_168377.jpg","contentUrl":"https:\/\/www.webdo.tn\/fr\/wp-content\/uploads\/2025\/06\/Webdo-Tunisie_168377.jpg","width":301,"height":301,"caption":"Webdo"},"image":{"@id":"https:\/\/www.webdo.tn\/fr\/#\/schema\/logo\/image\/"},"sameAs":["https:\/\/www.facebook.com\/webdotn","https:\/\/x.com\/webdo_tn"],"description":"Webdo est un m\u00e9dia num\u00e9rique tunisien fond\u00e9 en 2010, sp\u00e9cialis\u00e9 dans l\u2019actualit\u00e9 nationale et internationale, l\u2019\u00e9conomie, la soci\u00e9t\u00e9 et les analyses politiques. Le site s\u2019adresse \u00e0 un large public francophone et couvre l\u2019information tunisienne en temps r\u00e9el.","email":"redac@webdo.tn","legalName":"YNJ SARL","foundingDate":"2010-09-06","numberOfEmployees":{"@type":"QuantitativeValue","minValue":"11","maxValue":"50"}},{"@type":"Person","@id":"https:\/\/www.webdo.tn\/fr\/#\/schema\/person\/2c4929cbf5a809e3bd38617c6ce150f6","name":"MC","image":{"@type":"ImageObject","inLanguage":"fr-FR","@id":"https:\/\/secure.gravatar.com\/avatar\/a545bbb6f84efdd5553dbbc2895e3ca8f1d12c5215e00a041c9670b54aa9b18a?s=96&d=mm&r=g","url":"https:\/\/secure.gravatar.com\/avatar\/a545bbb6f84efdd5553dbbc2895e3ca8f1d12c5215e00a041c9670b54aa9b18a?s=96&d=mm&r=g","contentUrl":"https:\/\/secure.gravatar.com\/avatar\/a545bbb6f84efdd5553dbbc2895e3ca8f1d12c5215e00a041c9670b54aa9b18a?s=96&d=mm&r=g","caption":"MC"},"url":"https:\/\/www.webdo.tn\/fr\/actualite\/author\/mc\/"}]}},"_links":{"self":[{"href":"https:\/\/www.webdo.tn\/fr\/wp-json\/wp\/v2\/posts\/214319","targetHints":{"allow":["GET"]}}],"collection":[{"href":"https:\/\/www.webdo.tn\/fr\/wp-json\/wp\/v2\/posts"}],"about":[{"href":"https:\/\/www.webdo.tn\/fr\/wp-json\/wp\/v2\/types\/post"}],"author":[{"embeddable":true,"href":"https:\/\/www.webdo.tn\/fr\/wp-json\/wp\/v2\/users\/3162"}],"replies":[{"embeddable":true,"href":"https:\/\/www.webdo.tn\/fr\/wp-json\/wp\/v2\/comments?post=214319"}],"version-history":[{"count":0,"href":"https:\/\/www.webdo.tn\/fr\/wp-json\/wp\/v2\/posts\/214319\/revisions"}],"wp:featuredmedia":[{"embeddable":true,"href":"https:\/\/www.webdo.tn\/fr\/wp-json\/wp\/v2\/media\/290626"}],"wp:attachment":[{"href":"https:\/\/www.webdo.tn\/fr\/wp-json\/wp\/v2\/media?parent=214319"}],"wp:term":[{"taxonomy":"category","embeddable":true,"href":"https:\/\/www.webdo.tn\/fr\/wp-json\/wp\/v2\/categories?post=214319"},{"taxonomy":"post_tag","embeddable":true,"href":"https:\/\/www.webdo.tn\/fr\/wp-json\/wp\/v2\/tags?post=214319"}],"curies":[{"name":"wp","href":"https:\/\/api.w.org\/{rel}","templated":true}]}}